{"id":27824,"date":"2023-09-08T14:32:42","date_gmt":"2023-09-08T14:32:42","guid":{"rendered":"https:\/\/cvinoticias.com\/v3\/?p=27824"},"modified":"2023-09-08T14:32:42","modified_gmt":"2023-09-08T14:32:42","slug":"septiembre-es-el-mes-nacional-de-concientizacion-sobre-la-prevencion-del-suicidio","status":"publish","type":"post","link":"https:\/\/cvinoticias.com\/v3\/septiembre-es-el-mes-nacional-de-concientizacion-sobre-la-prevencion-del-suicidio\/","title":{"rendered":"Septiembre es el Mes Nacional de Concientizaci\u00f3n sobre la Prevenci\u00f3n del Suicidio."},"content":{"rendered":"\n<p><strong><em>Durante todo el mes, los defensores de la salud mental, las organizaciones de prevenci\u00f3n, los sobrevivientes, los aliados y los miembros de la comunidad se unen para promover la conciencia sobre la prevenci\u00f3n del suicidio.<\/em><\/strong><\/p>\n\n\n\n<p>En el marco de la celebraci\u00f3n del D\u00eda Mundial para la Prevenci\u00f3n del Suicidio, el 13 de septiembre a las 10 hs se realizar\u00e1 una Campa\u00f1a Trinacional denominada \u00abHablemos del Suicidio: hablar es la mejor soluci\u00f3n\u00bb, en los salones del ITUREM<\/p>\n\n\n\n<p>Este mes es un buen momento para compartir recursos y herramientas para que pueda ofrecer apoyo a quienes est\u00e1n en crisis, cambiar la conversaci\u00f3n del suicidio a la prevenci\u00f3n del suicidio y promover la curaci\u00f3n, la ayuda y la esperanza.<\/p>\n\n\n\n<p>El suicidio se puede prevenir<\/p>\n\n\n\n<p>La mayor\u00eda de las personas que piensan en el suicidio no quieren realmente terminar con su vida. Solo quieren alivio del intenso dolor emocional que est\u00e1n experimentando y no ven alternativas viables para resolver el problema o la cuesti\u00f3n. La mayor\u00eda de la gente NO quiere realmente morir. Simplemente quieren acabar con el dolor.<\/p>\n\n\n\n<p>Aprenda a identificar los factores de riesgo y las se\u00f1ales de advertencia<\/p>\n\n\n\n<ul class=\"wp-block-list\">\n<li>Sentirse deprimido \/ desesperado<\/li>\n\n\n\n<li>Sentirse desamparado<\/li>\n\n\n\n<li>Historia de la depresi\u00f3n<\/li>\n\n\n\n<li>Energ\u00eda baja<\/li>\n\n\n\n<li>Dificultad para concentrarse<\/li>\n\n\n\n<li>P\u00e9rdida de inter\u00e9s en actividades.<\/li>\n\n\n\n<li>Deslizamiento de calificaciones o trabajo<\/li>\n\n\n\n<li>Trabajo o p\u00e9rdida financiera<\/li>\n\n\n\n<li>P\u00e9rdida de una relaci\u00f3n importante<\/li>\n\n\n\n<li>Enfermedad f\u00edsica mayor<\/li>\n\n\n\n<li>Intento de suicidio previo<\/li>\n\n\n\n<li>Sentimientos de aislamiento y \/ o retraimiento.<\/li>\n\n\n\n<li>Falta de apoyo<\/li>\n\n\n\n<li>Mejora inexplicable del estado de \u00e1nimo<\/li>\n\n\n\n<li>Tristeza \/ llanto<\/li>\n\n\n\n<li>Cambio en el apetito, durmiendo<\/li>\n\n\n\n<li>Sentirse enojado o irritable<\/li>\n\n\n\n<li>Uso de alcohol o drogas.<\/li>\n\n\n\n<li>Sentirse culpable sin motivo<\/li>\n\n\n\n<li>Hablar o bromear sobre el suicidio o la muerte.<\/li>\n\n\n\n<li>Regalar posesiones<\/li>\n\n\n\n<li>Comportamiento descuidado y de alto riesgo<\/li>\n<\/ul>\n","protected":false},"excerpt":{"rendered":"<p>Durante todo el mes, los defensores de la salud mental, las organizaciones de prevenci\u00f3n, los sobrevivientes, los aliados y los miembros de la comunidad se unen para promover la conciencia sobre la prevenci\u00f3n del suicidio. En el marco de la celebraci\u00f3n del D\u00eda Mundial para la Prevenci\u00f3n del Suicidio, el 13 de septiembre a las [&hellip;]<\/p>\n","protected":false},"author":2,"featured_media":27825,"comment_status":"open","ping_status":"open","sticky":false,"template":"","format":"standard","meta":{"footnotes":""},"categories":[29],"tags":[],"class_list":["post-27824","post","type-post","status-publish","format-standard","has-post-thumbnail","hentry","category-locales"],"yoast_head":"<!-- This site is optimized with the Yoast SEO plugin v27.5 - https:\/\/yoast.com\/product\/yoast-seo-wordpress\/ -->\n<title>Septiembre es el Mes Nacional de Concientizaci\u00f3n sobre la Prevenci\u00f3n del Suicidio. | CVI NOTICIAS<\/title>\n<meta name=\"robots\" content=\"index, follow, max-snippet:-1, max-image-preview:large, max-video-preview:-1\" \/>\n<link rel=\"canonical\" href=\"https:\/\/cvinoticias.com\/v3\/septiembre-es-el-mes-nacional-de-concientizacion-sobre-la-prevencion-del-suicidio\/\" \/>\n<meta property=\"og:locale\" content=\"es_ES\" \/>\n<meta property=\"og:type\" content=\"article\" \/>\n<meta property=\"og:title\" content=\"Septiembre es el Mes Nacional de Concientizaci\u00f3n sobre la Prevenci\u00f3n del Suicidio. | CVI NOTICIAS\" \/>\n<meta property=\"og:description\" content=\"Durante todo el mes, los defensores de la salud mental, las organizaciones de prevenci\u00f3n, los sobrevivientes, los aliados y los miembros de la comunidad se unen para promover la conciencia sobre la prevenci\u00f3n del suicidio. En el marco de la celebraci\u00f3n del D\u00eda Mundial para la Prevenci\u00f3n del Suicidio, el 13 de septiembre a las [&hellip;]\" \/>\n<meta property=\"og:url\" content=\"https:\/\/cvinoticias.com\/v3\/septiembre-es-el-mes-nacional-de-concientizacion-sobre-la-prevencion-del-suicidio\/\" \/>\n<meta property=\"og:site_name\" content=\"CVI NOTICIAS\" \/>\n<meta property=\"article:publisher\" content=\"https:\/\/www.facebook.com\/cvinoticias\" \/>\n<meta property=\"article:published_time\" content=\"2023-09-08T14:32:42+00:00\" \/>\n<meta property=\"og:image\" content=\"https:\/\/cvinoticias.com\/wp-content\/uploads\/2023\/09\/IMG-20230908-WA0108.jpg\" \/>\n\t<meta property=\"og:image:width\" content=\"1080\" \/>\n\t<meta property=\"og:image:height\" content=\"1080\" \/>\n\t<meta property=\"og:image:type\" content=\"image\/jpeg\" \/>\n<meta name=\"author\" content=\"f1000024\" \/>\n<meta name=\"twitter:card\" content=\"summary_large_image\" \/>\n<meta name=\"twitter:label1\" content=\"Escrito por\" \/>\n\t<meta name=\"twitter:data1\" content=\"f1000024\" \/>\n\t<meta name=\"twitter:label2\" content=\"Tiempo de lectura\" \/>\n\t<meta name=\"twitter:data2\" content=\"2 minutos\" \/>\n<script type=\"application\/ld+json\" class=\"yoast-schema-graph\">{\"@context\":\"https:\\\/\\\/schema.org\",\"@graph\":[{\"@type\":\"Article\",\"@id\":\"https:\\\/\\\/cvinoticias.com\\\/v3\\\/septiembre-es-el-mes-nacional-de-concientizacion-sobre-la-prevencion-del-suicidio\\\/#article\",\"isPartOf\":{\"@id\":\"https:\\\/\\\/cvinoticias.com\\\/v3\\\/septiembre-es-el-mes-nacional-de-concientizacion-sobre-la-prevencion-del-suicidio\\\/\"},\"author\":{\"name\":\"f1000024\",\"@id\":\"https:\\\/\\\/cvinoticias.com\\\/v3\\\/#\\\/schema\\\/person\\\/2db77e3c6bc03c538495d7b2b8be9b66\"},\"headline\":\"Septiembre es el Mes Nacional de Concientizaci\u00f3n sobre la Prevenci\u00f3n del Suicidio.\",\"datePublished\":\"2023-09-08T14:32:42+00:00\",\"mainEntityOfPage\":{\"@id\":\"https:\\\/\\\/cvinoticias.com\\\/v3\\\/septiembre-es-el-mes-nacional-de-concientizacion-sobre-la-prevencion-del-suicidio\\\/\"},\"wordCount\":315,\"commentCount\":0,\"publisher\":{\"@id\":\"https:\\\/\\\/cvinoticias.com\\\/v3\\\/#organization\"},\"image\":{\"@id\":\"https:\\\/\\\/cvinoticias.com\\\/v3\\\/septiembre-es-el-mes-nacional-de-concientizacion-sobre-la-prevencion-del-suicidio\\\/#primaryimage\"},\"thumbnailUrl\":\"https:\\\/\\\/cvinoticias.com\\\/wp-content\\\/uploads\\\/2023\\\/09\\\/IMG-20230908-WA0108.jpg\",\"articleSection\":[\"Locales\"],\"inLanguage\":\"es\",\"potentialAction\":[{\"@type\":\"CommentAction\",\"name\":\"Comment\",\"target\":[\"https:\\\/\\\/cvinoticias.com\\\/v3\\\/septiembre-es-el-mes-nacional-de-concientizacion-sobre-la-prevencion-del-suicidio\\\/#respond\"]}]},{\"@type\":\"WebPage\",\"@id\":\"https:\\\/\\\/cvinoticias.com\\\/v3\\\/septiembre-es-el-mes-nacional-de-concientizacion-sobre-la-prevencion-del-suicidio\\\/\",\"url\":\"https:\\\/\\\/cvinoticias.com\\\/v3\\\/septiembre-es-el-mes-nacional-de-concientizacion-sobre-la-prevencion-del-suicidio\\\/\",\"name\":\"Septiembre es el Mes Nacional de Concientizaci\u00f3n sobre la Prevenci\u00f3n del Suicidio. | CVI NOTICIAS\",\"isPartOf\":{\"@id\":\"https:\\\/\\\/cvinoticias.com\\\/v3\\\/#website\"},\"primaryImageOfPage\":{\"@id\":\"https:\\\/\\\/cvinoticias.com\\\/v3\\\/septiembre-es-el-mes-nacional-de-concientizacion-sobre-la-prevencion-del-suicidio\\\/#primaryimage\"},\"image\":{\"@id\":\"https:\\\/\\\/cvinoticias.com\\\/v3\\\/septiembre-es-el-mes-nacional-de-concientizacion-sobre-la-prevencion-del-suicidio\\\/#primaryimage\"},\"thumbnailUrl\":\"https:\\\/\\\/cvinoticias.com\\\/wp-content\\\/uploads\\\/2023\\\/09\\\/IMG-20230908-WA0108.jpg\",\"datePublished\":\"2023-09-08T14:32:42+00:00\",\"breadcrumb\":{\"@id\":\"https:\\\/\\\/cvinoticias.com\\\/v3\\\/septiembre-es-el-mes-nacional-de-concientizacion-sobre-la-prevencion-del-suicidio\\\/#breadcrumb\"},\"inLanguage\":\"es\",\"potentialAction\":[{\"@type\":\"ReadAction\",\"target\":[\"https:\\\/\\\/cvinoticias.com\\\/v3\\\/septiembre-es-el-mes-nacional-de-concientizacion-sobre-la-prevencion-del-suicidio\\\/\"]}]},{\"@type\":\"ImageObject\",\"inLanguage\":\"es\",\"@id\":\"https:\\\/\\\/cvinoticias.com\\\/v3\\\/septiembre-es-el-mes-nacional-de-concientizacion-sobre-la-prevencion-del-suicidio\\\/#primaryimage\",\"url\":\"https:\\\/\\\/cvinoticias.com\\\/wp-content\\\/uploads\\\/2023\\\/09\\\/IMG-20230908-WA0108.jpg\",\"contentUrl\":\"https:\\\/\\\/cvinoticias.com\\\/wp-content\\\/uploads\\\/2023\\\/09\\\/IMG-20230908-WA0108.jpg\",\"width\":1080,\"height\":1080},{\"@type\":\"BreadcrumbList\",\"@id\":\"https:\\\/\\\/cvinoticias.com\\\/v3\\\/septiembre-es-el-mes-nacional-de-concientizacion-sobre-la-prevencion-del-suicidio\\\/#breadcrumb\",\"itemListElement\":[{\"@type\":\"ListItem\",\"position\":1,\"name\":\"Portada\",\"item\":\"https:\\\/\\\/cvinoticias.com\\\/v3\\\/\"},{\"@type\":\"ListItem\",\"position\":2,\"name\":\"Septiembre es el Mes Nacional de Concientizaci\u00f3n sobre la Prevenci\u00f3n del Suicidio.\"}]},{\"@type\":\"WebSite\",\"@id\":\"https:\\\/\\\/cvinoticias.com\\\/v3\\\/#website\",\"url\":\"https:\\\/\\\/cvinoticias.com\\\/v3\\\/\",\"name\":\"CVI NOTICIAS\",\"description\":\"\",\"publisher\":{\"@id\":\"https:\\\/\\\/cvinoticias.com\\\/v3\\\/#organization\"},\"alternateName\":\"CVI\",\"potentialAction\":[{\"@type\":\"SearchAction\",\"target\":{\"@type\":\"EntryPoint\",\"urlTemplate\":\"https:\\\/\\\/cvinoticias.com\\\/v3\\\/?s={search_term_string}\"},\"query-input\":{\"@type\":\"PropertyValueSpecification\",\"valueRequired\":true,\"valueName\":\"search_term_string\"}}],\"inLanguage\":\"es\"},{\"@type\":\"Organization\",\"@id\":\"https:\\\/\\\/cvinoticias.com\\\/v3\\\/#organization\",\"name\":\"CVI NOTICIAS\",\"url\":\"https:\\\/\\\/cvinoticias.com\\\/v3\\\/\",\"logo\":{\"@type\":\"ImageObject\",\"inLanguage\":\"es\",\"@id\":\"https:\\\/\\\/cvinoticias.com\\\/v3\\\/#\\\/schema\\\/logo\\\/image\\\/\",\"url\":\"https:\\\/\\\/cvinoticias.com\\\/wp-content\\\/uploads\\\/2023\\\/04\\\/cropped-cropped-cropped-cropped-cropped-3-1.png\",\"contentUrl\":\"https:\\\/\\\/cvinoticias.com\\\/wp-content\\\/uploads\\\/2023\\\/04\\\/cropped-cropped-cropped-cropped-cropped-3-1.png\",\"width\":95,\"height\":122,\"caption\":\"CVI NOTICIAS\"},\"image\":{\"@id\":\"https:\\\/\\\/cvinoticias.com\\\/v3\\\/#\\\/schema\\\/logo\\\/image\\\/\"},\"sameAs\":[\"https:\\\/\\\/www.facebook.com\\\/cvinoticias\",\"https:\\\/\\\/www.instagram.com\\\/cvinoticias\\\/\",\"https:\\\/\\\/www.youtube.com\\\/@CVINOTICIAS\"]},{\"@type\":\"Person\",\"@id\":\"https:\\\/\\\/cvinoticias.com\\\/v3\\\/#\\\/schema\\\/person\\\/2db77e3c6bc03c538495d7b2b8be9b66\",\"name\":\"f1000024\",\"image\":{\"@type\":\"ImageObject\",\"inLanguage\":\"es\",\"@id\":\"https:\\\/\\\/secure.gravatar.com\\\/avatar\\\/d4fe7459cfc51ff5129ce1a732bbef5928568b8092d412ef95611616376bbeed?s=96&d=mm&r=g\",\"url\":\"https:\\\/\\\/secure.gravatar.com\\\/avatar\\\/d4fe7459cfc51ff5129ce1a732bbef5928568b8092d412ef95611616376bbeed?s=96&d=mm&r=g\",\"contentUrl\":\"https:\\\/\\\/secure.gravatar.com\\\/avatar\\\/d4fe7459cfc51ff5129ce1a732bbef5928568b8092d412ef95611616376bbeed?s=96&d=mm&r=g\",\"caption\":\"f1000024\"},\"url\":\"https:\\\/\\\/cvinoticias.com\\\/v3\\\/author\\\/f1000024\\\/\"}]}<\/script>\n<!-- \/ Yoast SEO plugin. -->","yoast_head_json":{"title":"Septiembre es el Mes Nacional de Concientizaci\u00f3n sobre la Prevenci\u00f3n del Suicidio. | CVI NOTICIAS","robots":{"index":"index","follow":"follow","max-snippet":"max-snippet:-1","max-image-preview":"max-image-preview:large","max-video-preview":"max-video-preview:-1"},"canonical":"https:\/\/cvinoticias.com\/v3\/septiembre-es-el-mes-nacional-de-concientizacion-sobre-la-prevencion-del-suicidio\/","og_locale":"es_ES","og_type":"article","og_title":"Septiembre es el Mes Nacional de Concientizaci\u00f3n sobre la Prevenci\u00f3n del Suicidio. | CVI NOTICIAS","og_description":"Durante todo el mes, los defensores de la salud mental, las organizaciones de prevenci\u00f3n, los sobrevivientes, los aliados y los miembros de la comunidad se unen para promover la conciencia sobre la prevenci\u00f3n del suicidio. En el marco de la celebraci\u00f3n del D\u00eda Mundial para la Prevenci\u00f3n del Suicidio, el 13 de septiembre a las [&hellip;]","og_url":"https:\/\/cvinoticias.com\/v3\/septiembre-es-el-mes-nacional-de-concientizacion-sobre-la-prevencion-del-suicidio\/","og_site_name":"CVI NOTICIAS","article_publisher":"https:\/\/www.facebook.com\/cvinoticias","article_published_time":"2023-09-08T14:32:42+00:00","og_image":[{"width":1080,"height":1080,"url":"https:\/\/cvinoticias.com\/wp-content\/uploads\/2023\/09\/IMG-20230908-WA0108.jpg","type":"image\/jpeg"}],"author":"f1000024","twitter_card":"summary_large_image","twitter_misc":{"Escrito por":"f1000024","Tiempo de lectura":"2 minutos"},"schema":{"@context":"https:\/\/schema.org","@graph":[{"@type":"Article","@id":"https:\/\/cvinoticias.com\/v3\/septiembre-es-el-mes-nacional-de-concientizacion-sobre-la-prevencion-del-suicidio\/#article","isPartOf":{"@id":"https:\/\/cvinoticias.com\/v3\/septiembre-es-el-mes-nacional-de-concientizacion-sobre-la-prevencion-del-suicidio\/"},"author":{"name":"f1000024","@id":"https:\/\/cvinoticias.com\/v3\/#\/schema\/person\/2db77e3c6bc03c538495d7b2b8be9b66"},"headline":"Septiembre es el Mes Nacional de Concientizaci\u00f3n sobre la Prevenci\u00f3n del Suicidio.","datePublished":"2023-09-08T14:32:42+00:00","mainEntityOfPage":{"@id":"https:\/\/cvinoticias.com\/v3\/septiembre-es-el-mes-nacional-de-concientizacion-sobre-la-prevencion-del-suicidio\/"},"wordCount":315,"commentCount":0,"publisher":{"@id":"https:\/\/cvinoticias.com\/v3\/#organization"},"image":{"@id":"https:\/\/cvinoticias.com\/v3\/septiembre-es-el-mes-nacional-de-concientizacion-sobre-la-prevencion-del-suicidio\/#primaryimage"},"thumbnailUrl":"https:\/\/cvinoticias.com\/wp-content\/uploads\/2023\/09\/IMG-20230908-WA0108.jpg","articleSection":["Locales"],"inLanguage":"es","potentialAction":[{"@type":"CommentAction","name":"Comment","target":["https:\/\/cvinoticias.com\/v3\/septiembre-es-el-mes-nacional-de-concientizacion-sobre-la-prevencion-del-suicidio\/#respond"]}]},{"@type":"WebPage","@id":"https:\/\/cvinoticias.com\/v3\/septiembre-es-el-mes-nacional-de-concientizacion-sobre-la-prevencion-del-suicidio\/","url":"https:\/\/cvinoticias.com\/v3\/septiembre-es-el-mes-nacional-de-concientizacion-sobre-la-prevencion-del-suicidio\/","name":"Septiembre es el Mes Nacional de Concientizaci\u00f3n sobre la Prevenci\u00f3n del Suicidio. | CVI NOTICIAS","isPartOf":{"@id":"https:\/\/cvinoticias.com\/v3\/#website"},"primaryImageOfPage":{"@id":"https:\/\/cvinoticias.com\/v3\/septiembre-es-el-mes-nacional-de-concientizacion-sobre-la-prevencion-del-suicidio\/#primaryimage"},"image":{"@id":"https:\/\/cvinoticias.com\/v3\/septiembre-es-el-mes-nacional-de-concientizacion-sobre-la-prevencion-del-suicidio\/#primaryimage"},"thumbnailUrl":"https:\/\/cvinoticias.com\/wp-content\/uploads\/2023\/09\/IMG-20230908-WA0108.jpg","datePublished":"2023-09-08T14:32:42+00:00","breadcrumb":{"@id":"https:\/\/cvinoticias.com\/v3\/septiembre-es-el-mes-nacional-de-concientizacion-sobre-la-prevencion-del-suicidio\/#breadcrumb"},"inLanguage":"es","potentialAction":[{"@type":"ReadAction","target":["https:\/\/cvinoticias.com\/v3\/septiembre-es-el-mes-nacional-de-concientizacion-sobre-la-prevencion-del-suicidio\/"]}]},{"@type":"ImageObject","inLanguage":"es","@id":"https:\/\/cvinoticias.com\/v3\/septiembre-es-el-mes-nacional-de-concientizacion-sobre-la-prevencion-del-suicidio\/#primaryimage","url":"https:\/\/cvinoticias.com\/wp-content\/uploads\/2023\/09\/IMG-20230908-WA0108.jpg","contentUrl":"https:\/\/cvinoticias.com\/wp-content\/uploads\/2023\/09\/IMG-20230908-WA0108.jpg","width":1080,"height":1080},{"@type":"BreadcrumbList","@id":"https:\/\/cvinoticias.com\/v3\/septiembre-es-el-mes-nacional-de-concientizacion-sobre-la-prevencion-del-suicidio\/#breadcrumb","itemListElement":[{"@type":"ListItem","position":1,"name":"Portada","item":"https:\/\/cvinoticias.com\/v3\/"},{"@type":"ListItem","position":2,"name":"Septiembre es el Mes Nacional de Concientizaci\u00f3n sobre la Prevenci\u00f3n del Suicidio."}]},{"@type":"WebSite","@id":"https:\/\/cvinoticias.com\/v3\/#website","url":"https:\/\/cvinoticias.com\/v3\/","name":"CVI NOTICIAS","description":"","publisher":{"@id":"https:\/\/cvinoticias.com\/v3\/#organization"},"alternateName":"CVI","potentialAction":[{"@type":"SearchAction","target":{"@type":"EntryPoint","urlTemplate":"https:\/\/cvinoticias.com\/v3\/?s={search_term_string}"},"query-input":{"@type":"PropertyValueSpecification","valueRequired":true,"valueName":"search_term_string"}}],"inLanguage":"es"},{"@type":"Organization","@id":"https:\/\/cvinoticias.com\/v3\/#organization","name":"CVI NOTICIAS","url":"https:\/\/cvinoticias.com\/v3\/","logo":{"@type":"ImageObject","inLanguage":"es","@id":"https:\/\/cvinoticias.com\/v3\/#\/schema\/logo\/image\/","url":"https:\/\/cvinoticias.com\/wp-content\/uploads\/2023\/04\/cropped-cropped-cropped-cropped-cropped-3-1.png","contentUrl":"https:\/\/cvinoticias.com\/wp-content\/uploads\/2023\/04\/cropped-cropped-cropped-cropped-cropped-3-1.png","width":95,"height":122,"caption":"CVI NOTICIAS"},"image":{"@id":"https:\/\/cvinoticias.com\/v3\/#\/schema\/logo\/image\/"},"sameAs":["https:\/\/www.facebook.com\/cvinoticias","https:\/\/www.instagram.com\/cvinoticias\/","https:\/\/www.youtube.com\/@CVINOTICIAS"]},{"@type":"Person","@id":"https:\/\/cvinoticias.com\/v3\/#\/schema\/person\/2db77e3c6bc03c538495d7b2b8be9b66","name":"f1000024","image":{"@type":"ImageObject","inLanguage":"es","@id":"https:\/\/secure.gravatar.com\/avatar\/d4fe7459cfc51ff5129ce1a732bbef5928568b8092d412ef95611616376bbeed?s=96&d=mm&r=g","url":"https:\/\/secure.gravatar.com\/avatar\/d4fe7459cfc51ff5129ce1a732bbef5928568b8092d412ef95611616376bbeed?s=96&d=mm&r=g","contentUrl":"https:\/\/secure.gravatar.com\/avatar\/d4fe7459cfc51ff5129ce1a732bbef5928568b8092d412ef95611616376bbeed?s=96&d=mm&r=g","caption":"f1000024"},"url":"https:\/\/cvinoticias.com\/v3\/author\/f1000024\/"}]}},"_links":{"self":[{"href":"https:\/\/cvinoticias.com\/v3\/wp-json\/wp\/v2\/posts\/27824","targetHints":{"allow":["GET"]}}],"collection":[{"href":"https:\/\/cvinoticias.com\/v3\/wp-json\/wp\/v2\/posts"}],"about":[{"href":"https:\/\/cvinoticias.com\/v3\/wp-json\/wp\/v2\/types\/post"}],"author":[{"embeddable":true,"href":"https:\/\/cvinoticias.com\/v3\/wp-json\/wp\/v2\/users\/2"}],"replies":[{"embeddable":true,"href":"https:\/\/cvinoticias.com\/v3\/wp-json\/wp\/v2\/comments?post=27824"}],"version-history":[{"count":1,"href":"https:\/\/cvinoticias.com\/v3\/wp-json\/wp\/v2\/posts\/27824\/revisions"}],"predecessor-version":[{"id":27826,"href":"https:\/\/cvinoticias.com\/v3\/wp-json\/wp\/v2\/posts\/27824\/revisions\/27826"}],"wp:featuredmedia":[{"embeddable":true,"href":"https:\/\/cvinoticias.com\/v3\/wp-json\/wp\/v2\/media\/27825"}],"wp:attachment":[{"href":"https:\/\/cvinoticias.com\/v3\/wp-json\/wp\/v2\/media?parent=27824"}],"wp:term":[{"taxonomy":"category","embeddable":true,"href":"https:\/\/cvinoticias.com\/v3\/wp-json\/wp\/v2\/categories?post=27824"},{"taxonomy":"post_tag","embeddable":true,"href":"https:\/\/cvinoticias.com\/v3\/wp-json\/wp\/v2\/tags?post=27824"}],"curies":[{"name":"wp","href":"https:\/\/api.w.org\/{rel}","templated":true}]}}