{"id":27788,"date":"2023-09-07T13:13:15","date_gmt":"2023-09-07T13:13:15","guid":{"rendered":"https:\/\/cvinoticias.com\/v3\/?p=27788"},"modified":"2023-09-07T13:13:15","modified_gmt":"2023-09-07T13:13:15","slug":"curas-villeros-defendieron-al-papa-y-le-contestaron-a-milei-la-justicia-social-no-es-una-mierda","status":"publish","type":"post","link":"https:\/\/cvinoticias.com\/v3\/curas-villeros-defendieron-al-papa-y-le-contestaron-a-milei-la-justicia-social-no-es-una-mierda\/","title":{"rendered":"Curas villeros defendieron al Papa y le contestaron a Milei: \u00abLa justicia social no es una mierda\u00bb"},"content":{"rendered":"\n<p><em><strong>Curas villeros, organizaciones sociales y referentes pol\u00edticos llevaron a cabo una misa en Barracas para manifestarle su apoyo al Papa Francisco, tras las descalificaciones de Javier Milei al sumo pont\u00edfice.<\/strong><\/em><\/p>\n\n\n\n<p>La misa, organizada por el equipo de Curas de villas y barrios populares de Buenos Aires y Gran Buenos Aires, se desarroll\u00f3 en las puertas de la parroquia Virgen de los Milagros de Caacup\u00e9, en la villa 21-24 del barrio de Barracas, con el objetivo de reivindicar la figura del Papa y rechazar \u00abtodo tipo de injurias, mentiras e insultos que se est\u00e1n manifestando en esta campa\u00f1a electoral\u00bb por parte de Javier Milei.<\/p>\n\n\n\n<p>El candidato presidencial de La Libertad Avanza se refiri\u00f3 al sumo pont\u00edfice como \u00abel imb\u00e9cil que est\u00e1 en Roma que defiende la Justicia Social\u00bb, a quien habr\u00eda que informarle que eso \u00abes un robo y va contra los mandamientos\u00bb. Asimismo, lo catalog\u00f3 como \u00abel representante del maligno en la Tierra\u00bb.<\/p>\n\n\n\n<p>El Padre Pepe di Paola, uno de los oradores del acto, se\u00f1al\u00f3: \u00abLa misi\u00f3n y el pensamiento de Francisco nos ilumina, no s\u00f3lo a los cat\u00f3licos sino a todo el mundo entero, frente a las indignas palabras del candidato presidencial Javier Milei\u00bb. Y a\u00f1adi\u00f3: \u00abLa Justicia Social no es una mierda, no nace de la envidia y del rencor, sino del amor y del bien com\u00fan, de una libertad no individualista sino de una que piensa en el otro y en la felicidad de la comunidad. La mejor pol\u00edtica es la que se pone al servicio de la fraternidad y del encuentro. No hay libertad sin fraternidad\u00bb, defini\u00f3.<\/p>\n\n\n\n<figure class=\"wp-block-image size-large\"><a href=\"https:\/\/cvinoticias.com\/wp-content\/uploads\/2023\/09\/valdes-y-padre-pepe-1068x493-1.jpeg\"><img decoding=\"async\" width=\"1024\" height=\"473\" data-src=\"https:\/\/cvinoticias.com\/wp-content\/uploads\/2023\/09\/valdes-y-padre-pepe-1068x493-1-1024x473.jpeg\" alt=\"\" class=\"wp-image-27789 lazyload\" data-srcset=\"https:\/\/cvinoticias.com\/wp-content\/uploads\/2023\/09\/valdes-y-padre-pepe-1068x493-1-1024x473.jpeg 1024w, https:\/\/cvinoticias.com\/wp-content\/uploads\/2023\/09\/valdes-y-padre-pepe-1068x493-1-300x138.jpeg 300w, https:\/\/cvinoticias.com\/wp-content\/uploads\/2023\/09\/valdes-y-padre-pepe-1068x493-1-768x355.jpeg 768w, https:\/\/cvinoticias.com\/wp-content\/uploads\/2023\/09\/valdes-y-padre-pepe-1068x493-1.jpeg 1068w\" data-sizes=\"(max-width: 1024px) 100vw, 1024px\" src=\"data:image\/svg+xml;base64,PHN2ZyB3aWR0aD0iMSIgaGVpZ2h0PSIxIiB4bWxucz0iaHR0cDovL3d3dy53My5vcmcvMjAwMC9zdmciPjwvc3ZnPg==\" style=\"--smush-placeholder-width: 1024px; --smush-placeholder-aspect-ratio: 1024\/473;\" \/><\/a><\/figure>\n\n\n\n<p>En tanto, el diputado nacional Eduardo Vald\u00e9s y ex embajador ante el Vaticano afirm\u00f3: \u00abFrente al lenguaje del odio oponemos la palabra de Francisco, que predica amor hacia los pueblos. No nos va a ganar el odio, va a ganar el amor, la fraternidad y la cultura del encuentro\u00bb, pronunci\u00f3.<\/p>\n","protected":false},"excerpt":{"rendered":"<p>Curas villeros, organizaciones sociales y referentes pol\u00edticos llevaron a cabo una misa en Barracas para manifestarle su apoyo al Papa Francisco, tras las descalificaciones de Javier Milei al sumo pont\u00edfice. La misa, organizada por el equipo de Curas de villas y barrios populares de Buenos Aires y Gran Buenos Aires, se desarroll\u00f3 en las puertas [&hellip;]<\/p>\n","protected":false},"author":2,"featured_media":27790,"comment_status":"open","ping_status":"open","sticky":false,"template":"","format":"standard","meta":{"footnotes":""},"categories":[44],"tags":[],"class_list":["post-27788","post","type-post","status-publish","format-standard","has-post-thumbnail","hentry","category-religion"],"yoast_head":"<!-- This site is optimized with the Yoast SEO plugin v27.5 - https:\/\/yoast.com\/product\/yoast-seo-wordpress\/ -->\n<title>Curas villeros defendieron al Papa y le contestaron a Milei: \u00abLa justicia social no es una mierda\u00bb | CVI NOTICIAS<\/title>\n<meta name=\"robots\" content=\"index, follow, max-snippet:-1, max-image-preview:large, max-video-preview:-1\" \/>\n<link rel=\"canonical\" href=\"https:\/\/cvinoticias.com\/v3\/curas-villeros-defendieron-al-papa-y-le-contestaron-a-milei-la-justicia-social-no-es-una-mierda\/\" \/>\n<meta property=\"og:locale\" content=\"es_ES\" \/>\n<meta property=\"og:type\" content=\"article\" \/>\n<meta property=\"og:title\" content=\"Curas villeros defendieron al Papa y le contestaron a Milei: \u00abLa justicia social no es una mierda\u00bb | CVI NOTICIAS\" \/>\n<meta property=\"og:description\" content=\"Curas villeros, organizaciones sociales y referentes pol\u00edticos llevaron a cabo una misa en Barracas para manifestarle su apoyo al Papa Francisco, tras las descalificaciones de Javier Milei al sumo pont\u00edfice. La misa, organizada por el equipo de Curas de villas y barrios populares de Buenos Aires y Gran Buenos Aires, se desarroll\u00f3 en las puertas [&hellip;]\" \/>\n<meta property=\"og:url\" content=\"https:\/\/cvinoticias.com\/v3\/curas-villeros-defendieron-al-papa-y-le-contestaron-a-milei-la-justicia-social-no-es-una-mierda\/\" \/>\n<meta property=\"og:site_name\" content=\"CVI NOTICIAS\" \/>\n<meta property=\"article:publisher\" content=\"https:\/\/www.facebook.com\/cvinoticias\" \/>\n<meta property=\"article:published_time\" content=\"2023-09-07T13:13:15+00:00\" \/>\n<meta property=\"og:image\" content=\"https:\/\/cvinoticias.com\/wp-content\/uploads\/2023\/09\/valdes-nota-1068x493-1.jpeg\" \/>\n\t<meta property=\"og:image:width\" content=\"1068\" \/>\n\t<meta property=\"og:image:height\" content=\"493\" \/>\n\t<meta property=\"og:image:type\" content=\"image\/jpeg\" \/>\n<meta name=\"author\" content=\"f1000024\" \/>\n<meta name=\"twitter:card\" content=\"summary_large_image\" \/>\n<meta name=\"twitter:label1\" content=\"Escrito por\" \/>\n\t<meta name=\"twitter:data1\" content=\"f1000024\" \/>\n\t<meta name=\"twitter:label2\" content=\"Tiempo de lectura\" \/>\n\t<meta name=\"twitter:data2\" content=\"2 minutos\" \/>\n<script type=\"application\/ld+json\" class=\"yoast-schema-graph\">{\"@context\":\"https:\\\/\\\/schema.org\",\"@graph\":[{\"@type\":\"Article\",\"@id\":\"https:\\\/\\\/cvinoticias.com\\\/v3\\\/curas-villeros-defendieron-al-papa-y-le-contestaron-a-milei-la-justicia-social-no-es-una-mierda\\\/#article\",\"isPartOf\":{\"@id\":\"https:\\\/\\\/cvinoticias.com\\\/v3\\\/curas-villeros-defendieron-al-papa-y-le-contestaron-a-milei-la-justicia-social-no-es-una-mierda\\\/\"},\"author\":{\"name\":\"f1000024\",\"@id\":\"https:\\\/\\\/cvinoticias.com\\\/v3\\\/#\\\/schema\\\/person\\\/2db77e3c6bc03c538495d7b2b8be9b66\"},\"headline\":\"Curas villeros defendieron al Papa y le contestaron a Milei: \u00abLa justicia social no es una mierda\u00bb\",\"datePublished\":\"2023-09-07T13:13:15+00:00\",\"mainEntityOfPage\":{\"@id\":\"https:\\\/\\\/cvinoticias.com\\\/v3\\\/curas-villeros-defendieron-al-papa-y-le-contestaron-a-milei-la-justicia-social-no-es-una-mierda\\\/\"},\"wordCount\":343,\"commentCount\":0,\"publisher\":{\"@id\":\"https:\\\/\\\/cvinoticias.com\\\/v3\\\/#organization\"},\"image\":{\"@id\":\"https:\\\/\\\/cvinoticias.com\\\/v3\\\/curas-villeros-defendieron-al-papa-y-le-contestaron-a-milei-la-justicia-social-no-es-una-mierda\\\/#primaryimage\"},\"thumbnailUrl\":\"https:\\\/\\\/cvinoticias.com\\\/wp-content\\\/uploads\\\/2023\\\/09\\\/valdes-nota-1068x493-1.jpeg\",\"articleSection\":[\"Religi\u00f3n\"],\"inLanguage\":\"es\",\"potentialAction\":[{\"@type\":\"CommentAction\",\"name\":\"Comment\",\"target\":[\"https:\\\/\\\/cvinoticias.com\\\/v3\\\/curas-villeros-defendieron-al-papa-y-le-contestaron-a-milei-la-justicia-social-no-es-una-mierda\\\/#respond\"]}]},{\"@type\":\"WebPage\",\"@id\":\"https:\\\/\\\/cvinoticias.com\\\/v3\\\/curas-villeros-defendieron-al-papa-y-le-contestaron-a-milei-la-justicia-social-no-es-una-mierda\\\/\",\"url\":\"https:\\\/\\\/cvinoticias.com\\\/v3\\\/curas-villeros-defendieron-al-papa-y-le-contestaron-a-milei-la-justicia-social-no-es-una-mierda\\\/\",\"name\":\"Curas villeros defendieron al Papa y le contestaron a Milei: \u00abLa justicia social no es una mierda\u00bb | CVI NOTICIAS\",\"isPartOf\":{\"@id\":\"https:\\\/\\\/cvinoticias.com\\\/v3\\\/#website\"},\"primaryImageOfPage\":{\"@id\":\"https:\\\/\\\/cvinoticias.com\\\/v3\\\/curas-villeros-defendieron-al-papa-y-le-contestaron-a-milei-la-justicia-social-no-es-una-mierda\\\/#primaryimage\"},\"image\":{\"@id\":\"https:\\\/\\\/cvinoticias.com\\\/v3\\\/curas-villeros-defendieron-al-papa-y-le-contestaron-a-milei-la-justicia-social-no-es-una-mierda\\\/#primaryimage\"},\"thumbnailUrl\":\"https:\\\/\\\/cvinoticias.com\\\/wp-content\\\/uploads\\\/2023\\\/09\\\/valdes-nota-1068x493-1.jpeg\",\"datePublished\":\"2023-09-07T13:13:15+00:00\",\"breadcrumb\":{\"@id\":\"https:\\\/\\\/cvinoticias.com\\\/v3\\\/curas-villeros-defendieron-al-papa-y-le-contestaron-a-milei-la-justicia-social-no-es-una-mierda\\\/#breadcrumb\"},\"inLanguage\":\"es\",\"potentialAction\":[{\"@type\":\"ReadAction\",\"target\":[\"https:\\\/\\\/cvinoticias.com\\\/v3\\\/curas-villeros-defendieron-al-papa-y-le-contestaron-a-milei-la-justicia-social-no-es-una-mierda\\\/\"]}]},{\"@type\":\"ImageObject\",\"inLanguage\":\"es\",\"@id\":\"https:\\\/\\\/cvinoticias.com\\\/v3\\\/curas-villeros-defendieron-al-papa-y-le-contestaron-a-milei-la-justicia-social-no-es-una-mierda\\\/#primaryimage\",\"url\":\"https:\\\/\\\/cvinoticias.com\\\/wp-content\\\/uploads\\\/2023\\\/09\\\/valdes-nota-1068x493-1.jpeg\",\"contentUrl\":\"https:\\\/\\\/cvinoticias.com\\\/wp-content\\\/uploads\\\/2023\\\/09\\\/valdes-nota-1068x493-1.jpeg\",\"width\":1068,\"height\":493},{\"@type\":\"BreadcrumbList\",\"@id\":\"https:\\\/\\\/cvinoticias.com\\\/v3\\\/curas-villeros-defendieron-al-papa-y-le-contestaron-a-milei-la-justicia-social-no-es-una-mierda\\\/#breadcrumb\",\"itemListElement\":[{\"@type\":\"ListItem\",\"position\":1,\"name\":\"Portada\",\"item\":\"https:\\\/\\\/cvinoticias.com\\\/v3\\\/\"},{\"@type\":\"ListItem\",\"position\":2,\"name\":\"Curas villeros defendieron al Papa y le contestaron a Milei: \u00abLa justicia social no es una mierda\u00bb\"}]},{\"@type\":\"WebSite\",\"@id\":\"https:\\\/\\\/cvinoticias.com\\\/v3\\\/#website\",\"url\":\"https:\\\/\\\/cvinoticias.com\\\/v3\\\/\",\"name\":\"CVI NOTICIAS\",\"description\":\"\",\"publisher\":{\"@id\":\"https:\\\/\\\/cvinoticias.com\\\/v3\\\/#organization\"},\"alternateName\":\"CVI\",\"potentialAction\":[{\"@type\":\"SearchAction\",\"target\":{\"@type\":\"EntryPoint\",\"urlTemplate\":\"https:\\\/\\\/cvinoticias.com\\\/v3\\\/?s={search_term_string}\"},\"query-input\":{\"@type\":\"PropertyValueSpecification\",\"valueRequired\":true,\"valueName\":\"search_term_string\"}}],\"inLanguage\":\"es\"},{\"@type\":\"Organization\",\"@id\":\"https:\\\/\\\/cvinoticias.com\\\/v3\\\/#organization\",\"name\":\"CVI NOTICIAS\",\"url\":\"https:\\\/\\\/cvinoticias.com\\\/v3\\\/\",\"logo\":{\"@type\":\"ImageObject\",\"inLanguage\":\"es\",\"@id\":\"https:\\\/\\\/cvinoticias.com\\\/v3\\\/#\\\/schema\\\/logo\\\/image\\\/\",\"url\":\"https:\\\/\\\/cvinoticias.com\\\/wp-content\\\/uploads\\\/2023\\\/04\\\/cropped-cropped-cropped-cropped-cropped-3-1.png\",\"contentUrl\":\"https:\\\/\\\/cvinoticias.com\\\/wp-content\\\/uploads\\\/2023\\\/04\\\/cropped-cropped-cropped-cropped-cropped-3-1.png\",\"width\":95,\"height\":122,\"caption\":\"CVI NOTICIAS\"},\"image\":{\"@id\":\"https:\\\/\\\/cvinoticias.com\\\/v3\\\/#\\\/schema\\\/logo\\\/image\\\/\"},\"sameAs\":[\"https:\\\/\\\/www.facebook.com\\\/cvinoticias\",\"https:\\\/\\\/www.instagram.com\\\/cvinoticias\\\/\",\"https:\\\/\\\/www.youtube.com\\\/@CVINOTICIAS\"]},{\"@type\":\"Person\",\"@id\":\"https:\\\/\\\/cvinoticias.com\\\/v3\\\/#\\\/schema\\\/person\\\/2db77e3c6bc03c538495d7b2b8be9b66\",\"name\":\"f1000024\",\"image\":{\"@type\":\"ImageObject\",\"inLanguage\":\"es\",\"@id\":\"https:\\\/\\\/secure.gravatar.com\\\/avatar\\\/d4fe7459cfc51ff5129ce1a732bbef5928568b8092d412ef95611616376bbeed?s=96&d=mm&r=g\",\"url\":\"https:\\\/\\\/secure.gravatar.com\\\/avatar\\\/d4fe7459cfc51ff5129ce1a732bbef5928568b8092d412ef95611616376bbeed?s=96&d=mm&r=g\",\"contentUrl\":\"https:\\\/\\\/secure.gravatar.com\\\/avatar\\\/d4fe7459cfc51ff5129ce1a732bbef5928568b8092d412ef95611616376bbeed?s=96&d=mm&r=g\",\"caption\":\"f1000024\"},\"url\":\"https:\\\/\\\/cvinoticias.com\\\/v3\\\/author\\\/f1000024\\\/\"}]}<\/script>\n<!-- \/ Yoast SEO plugin. -->","yoast_head_json":{"title":"Curas villeros defendieron al Papa y le contestaron a Milei: \u00abLa justicia social no es una mierda\u00bb | CVI NOTICIAS","robots":{"index":"index","follow":"follow","max-snippet":"max-snippet:-1","max-image-preview":"max-image-preview:large","max-video-preview":"max-video-preview:-1"},"canonical":"https:\/\/cvinoticias.com\/v3\/curas-villeros-defendieron-al-papa-y-le-contestaron-a-milei-la-justicia-social-no-es-una-mierda\/","og_locale":"es_ES","og_type":"article","og_title":"Curas villeros defendieron al Papa y le contestaron a Milei: \u00abLa justicia social no es una mierda\u00bb | CVI NOTICIAS","og_description":"Curas villeros, organizaciones sociales y referentes pol\u00edticos llevaron a cabo una misa en Barracas para manifestarle su apoyo al Papa Francisco, tras las descalificaciones de Javier Milei al sumo pont\u00edfice. La misa, organizada por el equipo de Curas de villas y barrios populares de Buenos Aires y Gran Buenos Aires, se desarroll\u00f3 en las puertas [&hellip;]","og_url":"https:\/\/cvinoticias.com\/v3\/curas-villeros-defendieron-al-papa-y-le-contestaron-a-milei-la-justicia-social-no-es-una-mierda\/","og_site_name":"CVI NOTICIAS","article_publisher":"https:\/\/www.facebook.com\/cvinoticias","article_published_time":"2023-09-07T13:13:15+00:00","og_image":[{"width":1068,"height":493,"url":"https:\/\/cvinoticias.com\/wp-content\/uploads\/2023\/09\/valdes-nota-1068x493-1.jpeg","type":"image\/jpeg"}],"author":"f1000024","twitter_card":"summary_large_image","twitter_misc":{"Escrito por":"f1000024","Tiempo de lectura":"2 minutos"},"schema":{"@context":"https:\/\/schema.org","@graph":[{"@type":"Article","@id":"https:\/\/cvinoticias.com\/v3\/curas-villeros-defendieron-al-papa-y-le-contestaron-a-milei-la-justicia-social-no-es-una-mierda\/#article","isPartOf":{"@id":"https:\/\/cvinoticias.com\/v3\/curas-villeros-defendieron-al-papa-y-le-contestaron-a-milei-la-justicia-social-no-es-una-mierda\/"},"author":{"name":"f1000024","@id":"https:\/\/cvinoticias.com\/v3\/#\/schema\/person\/2db77e3c6bc03c538495d7b2b8be9b66"},"headline":"Curas villeros defendieron al Papa y le contestaron a Milei: \u00abLa justicia social no es una mierda\u00bb","datePublished":"2023-09-07T13:13:15+00:00","mainEntityOfPage":{"@id":"https:\/\/cvinoticias.com\/v3\/curas-villeros-defendieron-al-papa-y-le-contestaron-a-milei-la-justicia-social-no-es-una-mierda\/"},"wordCount":343,"commentCount":0,"publisher":{"@id":"https:\/\/cvinoticias.com\/v3\/#organization"},"image":{"@id":"https:\/\/cvinoticias.com\/v3\/curas-villeros-defendieron-al-papa-y-le-contestaron-a-milei-la-justicia-social-no-es-una-mierda\/#primaryimage"},"thumbnailUrl":"https:\/\/cvinoticias.com\/wp-content\/uploads\/2023\/09\/valdes-nota-1068x493-1.jpeg","articleSection":["Religi\u00f3n"],"inLanguage":"es","potentialAction":[{"@type":"CommentAction","name":"Comment","target":["https:\/\/cvinoticias.com\/v3\/curas-villeros-defendieron-al-papa-y-le-contestaron-a-milei-la-justicia-social-no-es-una-mierda\/#respond"]}]},{"@type":"WebPage","@id":"https:\/\/cvinoticias.com\/v3\/curas-villeros-defendieron-al-papa-y-le-contestaron-a-milei-la-justicia-social-no-es-una-mierda\/","url":"https:\/\/cvinoticias.com\/v3\/curas-villeros-defendieron-al-papa-y-le-contestaron-a-milei-la-justicia-social-no-es-una-mierda\/","name":"Curas villeros defendieron al Papa y le contestaron a Milei: \u00abLa justicia social no es una mierda\u00bb | CVI NOTICIAS","isPartOf":{"@id":"https:\/\/cvinoticias.com\/v3\/#website"},"primaryImageOfPage":{"@id":"https:\/\/cvinoticias.com\/v3\/curas-villeros-defendieron-al-papa-y-le-contestaron-a-milei-la-justicia-social-no-es-una-mierda\/#primaryimage"},"image":{"@id":"https:\/\/cvinoticias.com\/v3\/curas-villeros-defendieron-al-papa-y-le-contestaron-a-milei-la-justicia-social-no-es-una-mierda\/#primaryimage"},"thumbnailUrl":"https:\/\/cvinoticias.com\/wp-content\/uploads\/2023\/09\/valdes-nota-1068x493-1.jpeg","datePublished":"2023-09-07T13:13:15+00:00","breadcrumb":{"@id":"https:\/\/cvinoticias.com\/v3\/curas-villeros-defendieron-al-papa-y-le-contestaron-a-milei-la-justicia-social-no-es-una-mierda\/#breadcrumb"},"inLanguage":"es","potentialAction":[{"@type":"ReadAction","target":["https:\/\/cvinoticias.com\/v3\/curas-villeros-defendieron-al-papa-y-le-contestaron-a-milei-la-justicia-social-no-es-una-mierda\/"]}]},{"@type":"ImageObject","inLanguage":"es","@id":"https:\/\/cvinoticias.com\/v3\/curas-villeros-defendieron-al-papa-y-le-contestaron-a-milei-la-justicia-social-no-es-una-mierda\/#primaryimage","url":"https:\/\/cvinoticias.com\/wp-content\/uploads\/2023\/09\/valdes-nota-1068x493-1.jpeg","contentUrl":"https:\/\/cvinoticias.com\/wp-content\/uploads\/2023\/09\/valdes-nota-1068x493-1.jpeg","width":1068,"height":493},{"@type":"BreadcrumbList","@id":"https:\/\/cvinoticias.com\/v3\/curas-villeros-defendieron-al-papa-y-le-contestaron-a-milei-la-justicia-social-no-es-una-mierda\/#breadcrumb","itemListElement":[{"@type":"ListItem","position":1,"name":"Portada","item":"https:\/\/cvinoticias.com\/v3\/"},{"@type":"ListItem","position":2,"name":"Curas villeros defendieron al Papa y le contestaron a Milei: \u00abLa justicia social no es una mierda\u00bb"}]},{"@type":"WebSite","@id":"https:\/\/cvinoticias.com\/v3\/#website","url":"https:\/\/cvinoticias.com\/v3\/","name":"CVI NOTICIAS","description":"","publisher":{"@id":"https:\/\/cvinoticias.com\/v3\/#organization"},"alternateName":"CVI","potentialAction":[{"@type":"SearchAction","target":{"@type":"EntryPoint","urlTemplate":"https:\/\/cvinoticias.com\/v3\/?s={search_term_string}"},"query-input":{"@type":"PropertyValueSpecification","valueRequired":true,"valueName":"search_term_string"}}],"inLanguage":"es"},{"@type":"Organization","@id":"https:\/\/cvinoticias.com\/v3\/#organization","name":"CVI NOTICIAS","url":"https:\/\/cvinoticias.com\/v3\/","logo":{"@type":"ImageObject","inLanguage":"es","@id":"https:\/\/cvinoticias.com\/v3\/#\/schema\/logo\/image\/","url":"https:\/\/cvinoticias.com\/wp-content\/uploads\/2023\/04\/cropped-cropped-cropped-cropped-cropped-3-1.png","contentUrl":"https:\/\/cvinoticias.com\/wp-content\/uploads\/2023\/04\/cropped-cropped-cropped-cropped-cropped-3-1.png","width":95,"height":122,"caption":"CVI NOTICIAS"},"image":{"@id":"https:\/\/cvinoticias.com\/v3\/#\/schema\/logo\/image\/"},"sameAs":["https:\/\/www.facebook.com\/cvinoticias","https:\/\/www.instagram.com\/cvinoticias\/","https:\/\/www.youtube.com\/@CVINOTICIAS"]},{"@type":"Person","@id":"https:\/\/cvinoticias.com\/v3\/#\/schema\/person\/2db77e3c6bc03c538495d7b2b8be9b66","name":"f1000024","image":{"@type":"ImageObject","inLanguage":"es","@id":"https:\/\/secure.gravatar.com\/avatar\/d4fe7459cfc51ff5129ce1a732bbef5928568b8092d412ef95611616376bbeed?s=96&d=mm&r=g","url":"https:\/\/secure.gravatar.com\/avatar\/d4fe7459cfc51ff5129ce1a732bbef5928568b8092d412ef95611616376bbeed?s=96&d=mm&r=g","contentUrl":"https:\/\/secure.gravatar.com\/avatar\/d4fe7459cfc51ff5129ce1a732bbef5928568b8092d412ef95611616376bbeed?s=96&d=mm&r=g","caption":"f1000024"},"url":"https:\/\/cvinoticias.com\/v3\/author\/f1000024\/"}]}},"_links":{"self":[{"href":"https:\/\/cvinoticias.com\/v3\/wp-json\/wp\/v2\/posts\/27788","targetHints":{"allow":["GET"]}}],"collection":[{"href":"https:\/\/cvinoticias.com\/v3\/wp-json\/wp\/v2\/posts"}],"about":[{"href":"https:\/\/cvinoticias.com\/v3\/wp-json\/wp\/v2\/types\/post"}],"author":[{"embeddable":true,"href":"https:\/\/cvinoticias.com\/v3\/wp-json\/wp\/v2\/users\/2"}],"replies":[{"embeddable":true,"href":"https:\/\/cvinoticias.com\/v3\/wp-json\/wp\/v2\/comments?post=27788"}],"version-history":[{"count":1,"href":"https:\/\/cvinoticias.com\/v3\/wp-json\/wp\/v2\/posts\/27788\/revisions"}],"predecessor-version":[{"id":27791,"href":"https:\/\/cvinoticias.com\/v3\/wp-json\/wp\/v2\/posts\/27788\/revisions\/27791"}],"wp:featuredmedia":[{"embeddable":true,"href":"https:\/\/cvinoticias.com\/v3\/wp-json\/wp\/v2\/media\/27790"}],"wp:attachment":[{"href":"https:\/\/cvinoticias.com\/v3\/wp-json\/wp\/v2\/media?parent=27788"}],"wp:term":[{"taxonomy":"category","embeddable":true,"href":"https:\/\/cvinoticias.com\/v3\/wp-json\/wp\/v2\/categories?post=27788"},{"taxonomy":"post_tag","embeddable":true,"href":"https:\/\/cvinoticias.com\/v3\/wp-json\/wp\/v2\/tags?post=27788"}],"curies":[{"name":"wp","href":"https:\/\/api.w.org\/{rel}","templated":true}]}}