{"id":27757,"date":"2023-09-07T01:26:22","date_gmt":"2023-09-07T01:26:22","guid":{"rendered":"https:\/\/cvinoticias.com\/v3\/?p=27757"},"modified":"2023-09-07T01:26:22","modified_gmt":"2023-09-07T01:26:22","slug":"misiones-es-la-primera-provincia-en-sumarse-al-programa-garrahan-federal","status":"publish","type":"post","link":"https:\/\/cvinoticias.com\/v3\/misiones-es-la-primera-provincia-en-sumarse-al-programa-garrahan-federal\/","title":{"rendered":"Misiones es la primera provincia en sumarse al Programa Garrahan Federal"},"content":{"rendered":"\n<p><strong><em>Misiones se sum\u00f3 hoy al Programa Garrahan Federal con el objetivo de profundizar el trabajo de la red de salud pedi\u00e1trica y de esta manera tambi\u00e9n pasa a ser la primera provincia en integrarse a esta propuesta, informaron hoy desde el Ministerio de Salud provincial.<\/em><\/strong><\/p>\n\n\n\n<p>El Gobierno de Misiones a trav\u00e9s de la firma de un convenio con las autoridades del Hospital Garrahan consolidaron las \u00abredes de atenci\u00f3n sanitaria\u00bb para los ni\u00f1os, ni\u00f1as y adolescentes de la provincias, precisaron este mi\u00e9rcoles desde la cartera sanitaria local.<\/p>\n\n\n\n<p>De esta manera Misiones se convirti\u00f3 en la primera provincia en adherirse al Programa Garrahan Federal, una l\u00ednea de trabajo destinada a fortalecer la red nacional de salud pedi\u00e1trica y la potenciaci\u00f3n del talento humano.<\/p>\n\n\n\n<p>La r\u00fabrica estuvo a cargo del ministro de Salud P\u00fablica, Oscar Alarc\u00f3n, y de la presidenta del Consejo de Administraci\u00f3n del Hospital de Pediatr\u00eda Garrahan, Gabriela Bauer, en el marco de una reuni\u00f3n de trabajo en la sede ministerial.<br>\u00abLa firma de este convenio es importante porque no s\u00f3lo fortalecer\u00e1 las capacidades ya instaladas sino tambi\u00e9n al recurso humano y a los servicios desde la innovaci\u00f3n y la tecnolog\u00eda\u00bb, sostuvo Alarc\u00f3n.<\/p>\n\n\n\n<p>En ese mismo sentido, Bauer asegur\u00f3 que el \u00abGarrahan Federal es una iniciativa para profundizar el trabajo conjunto que desde hace muchos a\u00f1os nos une con los hospitales pedi\u00e1tricos de todo el pa\u00eds. Este primer convenio con Misiones implica ratificar el federalismo de una pol\u00edtica p\u00fablica que busca ampliar el acceso y la atenci\u00f3n de calidad para los ni\u00f1os, ni\u00f1as y adolescentes de la Argentina\u00bb.<\/p>\n\n\n\n<p>El Programa Garrahan Federal tiene como objetivo promover la cooperaci\u00f3n entre efectores de todas las jurisdicciones del pa\u00eds, en coordinaci\u00f3n con los ministerios de Salud y los hospitales de mayor complejidad de referencia pedi\u00e1trica con el objetivo de facilitar el acceso a la salud de forma equitativa, garantizando el cumplimiento de derechos de las ni\u00f1eces y adolescencias, detallaron.<\/p>\n\n\n\n<p>En cuanto a los objetivos del convenio explicaron que \u00abbusca establecer una cooperaci\u00f3n estrat\u00e9gica para fortalecer las capacidades de ambas instituciones mediante la integraci\u00f3n del trabajo en red, telesalud y las acciones en terreno. Adem\u00e1s, dise\u00f1ar e implementar proyectos y programas para la asistencia cient\u00edfico-t\u00e9cnica orientados a la organizaci\u00f3n y gesti\u00f3n hospitalaria, a la capacitaci\u00f3n y desarrollo del talento humano en salud y a la promoci\u00f3n de la participaci\u00f3n comunitaria\u00bb.<\/p>\n\n\n\n<p>De la reuni\u00f3n de trabajo participaron la directora m\u00e9dica ejecutiva del Garrahan, Patricia Garc\u00eda Arrigoni; la coordinadora de Relaciones Institucionales, Virginia Fano; el coordinador de Redes y Comunicaci\u00f3n a Distancia, Antonio Luna; la jefa de Comunicaci\u00f3n y Prensa, Yael Letoile y la vicepresidenta de Fundaci\u00f3n Garrahan, Mar\u00eda Teresa Garc\u00eda de D\u00e1vila.<\/p>\n\n\n\n<p>Por Misiones, estuvieron los subsecretarios de Salud, H\u00e9ctor Proeza; de Recursos Humanos y Planificaci\u00f3n, Rodolfo Fern\u00e1ndez Sosa; el director de Recursos Humanos, Daniel Mattivi; el coordinador de Gabinete, Eduardo Ram\u00edrez; la directora de Asuntos Jur\u00eddicos, Mar\u00eda Agustina Chi\u00f3falo; la coordinadora provincial del Nodo de Calidad de Servicios en Salud, Sabrina Morinigo y la coordinadora de Derivaciones, Alicia Yunis.<\/p>\n","protected":false},"excerpt":{"rendered":"<p>Misiones se sum\u00f3 hoy al Programa Garrahan Federal con el objetivo de profundizar el trabajo de la red de salud pedi\u00e1trica y de esta manera tambi\u00e9n pasa a ser la primera provincia en integrarse a esta propuesta, informaron hoy desde el Ministerio de Salud provincial. El Gobierno de Misiones a trav\u00e9s de la firma de [&hellip;]<\/p>\n","protected":false},"author":2,"featured_media":27758,"comment_status":"open","ping_status":"open","sticky":false,"template":"","format":"standard","meta":{"footnotes":""},"categories":[22],"tags":[],"class_list":["post-27757","post","type-post","status-publish","format-standard","has-post-thumbnail","hentry","category-salud"],"yoast_head":"<!-- This site is optimized with the Yoast SEO plugin v27.4 - https:\/\/yoast.com\/product\/yoast-seo-wordpress\/ -->\n<title>Misiones es la primera provincia en sumarse al Programa Garrahan Federal | CVI NOTICIAS<\/title>\n<meta name=\"robots\" content=\"index, follow, max-snippet:-1, max-image-preview:large, max-video-preview:-1\" \/>\n<link rel=\"canonical\" href=\"https:\/\/cvinoticias.com\/v3\/misiones-es-la-primera-provincia-en-sumarse-al-programa-garrahan-federal\/\" \/>\n<meta property=\"og:locale\" content=\"es_ES\" \/>\n<meta property=\"og:type\" content=\"article\" \/>\n<meta property=\"og:title\" content=\"Misiones es la primera provincia en sumarse al Programa Garrahan Federal | CVI NOTICIAS\" \/>\n<meta property=\"og:description\" content=\"Misiones se sum\u00f3 hoy al Programa Garrahan Federal con el objetivo de profundizar el trabajo de la red de salud pedi\u00e1trica y de esta manera tambi\u00e9n pasa a ser la primera provincia en integrarse a esta propuesta, informaron hoy desde el Ministerio de Salud provincial. El Gobierno de Misiones a trav\u00e9s de la firma de [&hellip;]\" \/>\n<meta property=\"og:url\" content=\"https:\/\/cvinoticias.com\/v3\/misiones-es-la-primera-provincia-en-sumarse-al-programa-garrahan-federal\/\" \/>\n<meta property=\"og:site_name\" content=\"CVI NOTICIAS\" \/>\n<meta property=\"article:publisher\" content=\"https:\/\/www.facebook.com\/cvinoticias\" \/>\n<meta property=\"article:published_time\" content=\"2023-09-07T01:26:22+00:00\" \/>\n<meta property=\"og:image\" content=\"https:\/\/cvinoticias.com\/wp-content\/uploads\/2023\/09\/24-3.jpg\" \/>\n\t<meta property=\"og:image:width\" content=\"800\" \/>\n\t<meta property=\"og:image:height\" content=\"600\" \/>\n\t<meta property=\"og:image:type\" content=\"image\/jpeg\" \/>\n<meta name=\"author\" content=\"f1000024\" \/>\n<meta name=\"twitter:card\" content=\"summary_large_image\" \/>\n<meta name=\"twitter:label1\" content=\"Escrito por\" \/>\n\t<meta name=\"twitter:data1\" content=\"f1000024\" \/>\n\t<meta name=\"twitter:label2\" content=\"Tiempo de lectura\" \/>\n\t<meta name=\"twitter:data2\" content=\"3 minutos\" \/>\n<script type=\"application\/ld+json\" class=\"yoast-schema-graph\">{\"@context\":\"https:\\\/\\\/schema.org\",\"@graph\":[{\"@type\":\"Article\",\"@id\":\"https:\\\/\\\/cvinoticias.com\\\/v3\\\/misiones-es-la-primera-provincia-en-sumarse-al-programa-garrahan-federal\\\/#article\",\"isPartOf\":{\"@id\":\"https:\\\/\\\/cvinoticias.com\\\/v3\\\/misiones-es-la-primera-provincia-en-sumarse-al-programa-garrahan-federal\\\/\"},\"author\":{\"name\":\"f1000024\",\"@id\":\"https:\\\/\\\/cvinoticias.com\\\/v3\\\/#\\\/schema\\\/person\\\/2db77e3c6bc03c538495d7b2b8be9b66\"},\"headline\":\"Misiones es la primera provincia en sumarse al Programa Garrahan Federal\",\"datePublished\":\"2023-09-07T01:26:22+00:00\",\"mainEntityOfPage\":{\"@id\":\"https:\\\/\\\/cvinoticias.com\\\/v3\\\/misiones-es-la-primera-provincia-en-sumarse-al-programa-garrahan-federal\\\/\"},\"wordCount\":567,\"commentCount\":0,\"publisher\":{\"@id\":\"https:\\\/\\\/cvinoticias.com\\\/v3\\\/#organization\"},\"image\":{\"@id\":\"https:\\\/\\\/cvinoticias.com\\\/v3\\\/misiones-es-la-primera-provincia-en-sumarse-al-programa-garrahan-federal\\\/#primaryimage\"},\"thumbnailUrl\":\"https:\\\/\\\/cvinoticias.com\\\/wp-content\\\/uploads\\\/2023\\\/09\\\/24-3.jpg\",\"articleSection\":[\"Salud\"],\"inLanguage\":\"es\",\"potentialAction\":[{\"@type\":\"CommentAction\",\"name\":\"Comment\",\"target\":[\"https:\\\/\\\/cvinoticias.com\\\/v3\\\/misiones-es-la-primera-provincia-en-sumarse-al-programa-garrahan-federal\\\/#respond\"]}]},{\"@type\":\"WebPage\",\"@id\":\"https:\\\/\\\/cvinoticias.com\\\/v3\\\/misiones-es-la-primera-provincia-en-sumarse-al-programa-garrahan-federal\\\/\",\"url\":\"https:\\\/\\\/cvinoticias.com\\\/v3\\\/misiones-es-la-primera-provincia-en-sumarse-al-programa-garrahan-federal\\\/\",\"name\":\"Misiones es la primera provincia en sumarse al Programa Garrahan Federal | CVI NOTICIAS\",\"isPartOf\":{\"@id\":\"https:\\\/\\\/cvinoticias.com\\\/v3\\\/#website\"},\"primaryImageOfPage\":{\"@id\":\"https:\\\/\\\/cvinoticias.com\\\/v3\\\/misiones-es-la-primera-provincia-en-sumarse-al-programa-garrahan-federal\\\/#primaryimage\"},\"image\":{\"@id\":\"https:\\\/\\\/cvinoticias.com\\\/v3\\\/misiones-es-la-primera-provincia-en-sumarse-al-programa-garrahan-federal\\\/#primaryimage\"},\"thumbnailUrl\":\"https:\\\/\\\/cvinoticias.com\\\/wp-content\\\/uploads\\\/2023\\\/09\\\/24-3.jpg\",\"datePublished\":\"2023-09-07T01:26:22+00:00\",\"breadcrumb\":{\"@id\":\"https:\\\/\\\/cvinoticias.com\\\/v3\\\/misiones-es-la-primera-provincia-en-sumarse-al-programa-garrahan-federal\\\/#breadcrumb\"},\"inLanguage\":\"es\",\"potentialAction\":[{\"@type\":\"ReadAction\",\"target\":[\"https:\\\/\\\/cvinoticias.com\\\/v3\\\/misiones-es-la-primera-provincia-en-sumarse-al-programa-garrahan-federal\\\/\"]}]},{\"@type\":\"ImageObject\",\"inLanguage\":\"es\",\"@id\":\"https:\\\/\\\/cvinoticias.com\\\/v3\\\/misiones-es-la-primera-provincia-en-sumarse-al-programa-garrahan-federal\\\/#primaryimage\",\"url\":\"https:\\\/\\\/cvinoticias.com\\\/wp-content\\\/uploads\\\/2023\\\/09\\\/24-3.jpg\",\"contentUrl\":\"https:\\\/\\\/cvinoticias.com\\\/wp-content\\\/uploads\\\/2023\\\/09\\\/24-3.jpg\",\"width\":800,\"height\":600},{\"@type\":\"BreadcrumbList\",\"@id\":\"https:\\\/\\\/cvinoticias.com\\\/v3\\\/misiones-es-la-primera-provincia-en-sumarse-al-programa-garrahan-federal\\\/#breadcrumb\",\"itemListElement\":[{\"@type\":\"ListItem\",\"position\":1,\"name\":\"Portada\",\"item\":\"https:\\\/\\\/cvinoticias.com\\\/v3\\\/\"},{\"@type\":\"ListItem\",\"position\":2,\"name\":\"Misiones es la primera provincia en sumarse al Programa Garrahan Federal\"}]},{\"@type\":\"WebSite\",\"@id\":\"https:\\\/\\\/cvinoticias.com\\\/v3\\\/#website\",\"url\":\"https:\\\/\\\/cvinoticias.com\\\/v3\\\/\",\"name\":\"CVI NOTICIAS\",\"description\":\"\",\"publisher\":{\"@id\":\"https:\\\/\\\/cvinoticias.com\\\/v3\\\/#organization\"},\"alternateName\":\"CVI\",\"potentialAction\":[{\"@type\":\"SearchAction\",\"target\":{\"@type\":\"EntryPoint\",\"urlTemplate\":\"https:\\\/\\\/cvinoticias.com\\\/v3\\\/?s={search_term_string}\"},\"query-input\":{\"@type\":\"PropertyValueSpecification\",\"valueRequired\":true,\"valueName\":\"search_term_string\"}}],\"inLanguage\":\"es\"},{\"@type\":\"Organization\",\"@id\":\"https:\\\/\\\/cvinoticias.com\\\/v3\\\/#organization\",\"name\":\"CVI NOTICIAS\",\"url\":\"https:\\\/\\\/cvinoticias.com\\\/v3\\\/\",\"logo\":{\"@type\":\"ImageObject\",\"inLanguage\":\"es\",\"@id\":\"https:\\\/\\\/cvinoticias.com\\\/v3\\\/#\\\/schema\\\/logo\\\/image\\\/\",\"url\":\"https:\\\/\\\/cvinoticias.com\\\/wp-content\\\/uploads\\\/2023\\\/04\\\/cropped-cropped-cropped-cropped-cropped-3-1.png\",\"contentUrl\":\"https:\\\/\\\/cvinoticias.com\\\/wp-content\\\/uploads\\\/2023\\\/04\\\/cropped-cropped-cropped-cropped-cropped-3-1.png\",\"width\":95,\"height\":122,\"caption\":\"CVI NOTICIAS\"},\"image\":{\"@id\":\"https:\\\/\\\/cvinoticias.com\\\/v3\\\/#\\\/schema\\\/logo\\\/image\\\/\"},\"sameAs\":[\"https:\\\/\\\/www.facebook.com\\\/cvinoticias\",\"https:\\\/\\\/www.instagram.com\\\/cvinoticias\\\/\",\"https:\\\/\\\/www.youtube.com\\\/@CVINOTICIAS\"]},{\"@type\":\"Person\",\"@id\":\"https:\\\/\\\/cvinoticias.com\\\/v3\\\/#\\\/schema\\\/person\\\/2db77e3c6bc03c538495d7b2b8be9b66\",\"name\":\"f1000024\",\"image\":{\"@type\":\"ImageObject\",\"inLanguage\":\"es\",\"@id\":\"https:\\\/\\\/secure.gravatar.com\\\/avatar\\\/d4fe7459cfc51ff5129ce1a732bbef5928568b8092d412ef95611616376bbeed?s=96&d=mm&r=g\",\"url\":\"https:\\\/\\\/secure.gravatar.com\\\/avatar\\\/d4fe7459cfc51ff5129ce1a732bbef5928568b8092d412ef95611616376bbeed?s=96&d=mm&r=g\",\"contentUrl\":\"https:\\\/\\\/secure.gravatar.com\\\/avatar\\\/d4fe7459cfc51ff5129ce1a732bbef5928568b8092d412ef95611616376bbeed?s=96&d=mm&r=g\",\"caption\":\"f1000024\"},\"url\":\"https:\\\/\\\/cvinoticias.com\\\/v3\\\/author\\\/f1000024\\\/\"}]}<\/script>\n<!-- \/ Yoast SEO plugin. -->","yoast_head_json":{"title":"Misiones es la primera provincia en sumarse al Programa Garrahan Federal | CVI NOTICIAS","robots":{"index":"index","follow":"follow","max-snippet":"max-snippet:-1","max-image-preview":"max-image-preview:large","max-video-preview":"max-video-preview:-1"},"canonical":"https:\/\/cvinoticias.com\/v3\/misiones-es-la-primera-provincia-en-sumarse-al-programa-garrahan-federal\/","og_locale":"es_ES","og_type":"article","og_title":"Misiones es la primera provincia en sumarse al Programa Garrahan Federal | CVI NOTICIAS","og_description":"Misiones se sum\u00f3 hoy al Programa Garrahan Federal con el objetivo de profundizar el trabajo de la red de salud pedi\u00e1trica y de esta manera tambi\u00e9n pasa a ser la primera provincia en integrarse a esta propuesta, informaron hoy desde el Ministerio de Salud provincial. El Gobierno de Misiones a trav\u00e9s de la firma de [&hellip;]","og_url":"https:\/\/cvinoticias.com\/v3\/misiones-es-la-primera-provincia-en-sumarse-al-programa-garrahan-federal\/","og_site_name":"CVI NOTICIAS","article_publisher":"https:\/\/www.facebook.com\/cvinoticias","article_published_time":"2023-09-07T01:26:22+00:00","og_image":[{"width":800,"height":600,"url":"https:\/\/cvinoticias.com\/wp-content\/uploads\/2023\/09\/24-3.jpg","type":"image\/jpeg"}],"author":"f1000024","twitter_card":"summary_large_image","twitter_misc":{"Escrito por":"f1000024","Tiempo de lectura":"3 minutos"},"schema":{"@context":"https:\/\/schema.org","@graph":[{"@type":"Article","@id":"https:\/\/cvinoticias.com\/v3\/misiones-es-la-primera-provincia-en-sumarse-al-programa-garrahan-federal\/#article","isPartOf":{"@id":"https:\/\/cvinoticias.com\/v3\/misiones-es-la-primera-provincia-en-sumarse-al-programa-garrahan-federal\/"},"author":{"name":"f1000024","@id":"https:\/\/cvinoticias.com\/v3\/#\/schema\/person\/2db77e3c6bc03c538495d7b2b8be9b66"},"headline":"Misiones es la primera provincia en sumarse al Programa Garrahan Federal","datePublished":"2023-09-07T01:26:22+00:00","mainEntityOfPage":{"@id":"https:\/\/cvinoticias.com\/v3\/misiones-es-la-primera-provincia-en-sumarse-al-programa-garrahan-federal\/"},"wordCount":567,"commentCount":0,"publisher":{"@id":"https:\/\/cvinoticias.com\/v3\/#organization"},"image":{"@id":"https:\/\/cvinoticias.com\/v3\/misiones-es-la-primera-provincia-en-sumarse-al-programa-garrahan-federal\/#primaryimage"},"thumbnailUrl":"https:\/\/cvinoticias.com\/wp-content\/uploads\/2023\/09\/24-3.jpg","articleSection":["Salud"],"inLanguage":"es","potentialAction":[{"@type":"CommentAction","name":"Comment","target":["https:\/\/cvinoticias.com\/v3\/misiones-es-la-primera-provincia-en-sumarse-al-programa-garrahan-federal\/#respond"]}]},{"@type":"WebPage","@id":"https:\/\/cvinoticias.com\/v3\/misiones-es-la-primera-provincia-en-sumarse-al-programa-garrahan-federal\/","url":"https:\/\/cvinoticias.com\/v3\/misiones-es-la-primera-provincia-en-sumarse-al-programa-garrahan-federal\/","name":"Misiones es la primera provincia en sumarse al Programa Garrahan Federal | CVI NOTICIAS","isPartOf":{"@id":"https:\/\/cvinoticias.com\/v3\/#website"},"primaryImageOfPage":{"@id":"https:\/\/cvinoticias.com\/v3\/misiones-es-la-primera-provincia-en-sumarse-al-programa-garrahan-federal\/#primaryimage"},"image":{"@id":"https:\/\/cvinoticias.com\/v3\/misiones-es-la-primera-provincia-en-sumarse-al-programa-garrahan-federal\/#primaryimage"},"thumbnailUrl":"https:\/\/cvinoticias.com\/wp-content\/uploads\/2023\/09\/24-3.jpg","datePublished":"2023-09-07T01:26:22+00:00","breadcrumb":{"@id":"https:\/\/cvinoticias.com\/v3\/misiones-es-la-primera-provincia-en-sumarse-al-programa-garrahan-federal\/#breadcrumb"},"inLanguage":"es","potentialAction":[{"@type":"ReadAction","target":["https:\/\/cvinoticias.com\/v3\/misiones-es-la-primera-provincia-en-sumarse-al-programa-garrahan-federal\/"]}]},{"@type":"ImageObject","inLanguage":"es","@id":"https:\/\/cvinoticias.com\/v3\/misiones-es-la-primera-provincia-en-sumarse-al-programa-garrahan-federal\/#primaryimage","url":"https:\/\/cvinoticias.com\/wp-content\/uploads\/2023\/09\/24-3.jpg","contentUrl":"https:\/\/cvinoticias.com\/wp-content\/uploads\/2023\/09\/24-3.jpg","width":800,"height":600},{"@type":"BreadcrumbList","@id":"https:\/\/cvinoticias.com\/v3\/misiones-es-la-primera-provincia-en-sumarse-al-programa-garrahan-federal\/#breadcrumb","itemListElement":[{"@type":"ListItem","position":1,"name":"Portada","item":"https:\/\/cvinoticias.com\/v3\/"},{"@type":"ListItem","position":2,"name":"Misiones es la primera provincia en sumarse al Programa Garrahan Federal"}]},{"@type":"WebSite","@id":"https:\/\/cvinoticias.com\/v3\/#website","url":"https:\/\/cvinoticias.com\/v3\/","name":"CVI NOTICIAS","description":"","publisher":{"@id":"https:\/\/cvinoticias.com\/v3\/#organization"},"alternateName":"CVI","potentialAction":[{"@type":"SearchAction","target":{"@type":"EntryPoint","urlTemplate":"https:\/\/cvinoticias.com\/v3\/?s={search_term_string}"},"query-input":{"@type":"PropertyValueSpecification","valueRequired":true,"valueName":"search_term_string"}}],"inLanguage":"es"},{"@type":"Organization","@id":"https:\/\/cvinoticias.com\/v3\/#organization","name":"CVI NOTICIAS","url":"https:\/\/cvinoticias.com\/v3\/","logo":{"@type":"ImageObject","inLanguage":"es","@id":"https:\/\/cvinoticias.com\/v3\/#\/schema\/logo\/image\/","url":"https:\/\/cvinoticias.com\/wp-content\/uploads\/2023\/04\/cropped-cropped-cropped-cropped-cropped-3-1.png","contentUrl":"https:\/\/cvinoticias.com\/wp-content\/uploads\/2023\/04\/cropped-cropped-cropped-cropped-cropped-3-1.png","width":95,"height":122,"caption":"CVI NOTICIAS"},"image":{"@id":"https:\/\/cvinoticias.com\/v3\/#\/schema\/logo\/image\/"},"sameAs":["https:\/\/www.facebook.com\/cvinoticias","https:\/\/www.instagram.com\/cvinoticias\/","https:\/\/www.youtube.com\/@CVINOTICIAS"]},{"@type":"Person","@id":"https:\/\/cvinoticias.com\/v3\/#\/schema\/person\/2db77e3c6bc03c538495d7b2b8be9b66","name":"f1000024","image":{"@type":"ImageObject","inLanguage":"es","@id":"https:\/\/secure.gravatar.com\/avatar\/d4fe7459cfc51ff5129ce1a732bbef5928568b8092d412ef95611616376bbeed?s=96&d=mm&r=g","url":"https:\/\/secure.gravatar.com\/avatar\/d4fe7459cfc51ff5129ce1a732bbef5928568b8092d412ef95611616376bbeed?s=96&d=mm&r=g","contentUrl":"https:\/\/secure.gravatar.com\/avatar\/d4fe7459cfc51ff5129ce1a732bbef5928568b8092d412ef95611616376bbeed?s=96&d=mm&r=g","caption":"f1000024"},"url":"https:\/\/cvinoticias.com\/v3\/author\/f1000024\/"}]}},"_links":{"self":[{"href":"https:\/\/cvinoticias.com\/v3\/wp-json\/wp\/v2\/posts\/27757","targetHints":{"allow":["GET"]}}],"collection":[{"href":"https:\/\/cvinoticias.com\/v3\/wp-json\/wp\/v2\/posts"}],"about":[{"href":"https:\/\/cvinoticias.com\/v3\/wp-json\/wp\/v2\/types\/post"}],"author":[{"embeddable":true,"href":"https:\/\/cvinoticias.com\/v3\/wp-json\/wp\/v2\/users\/2"}],"replies":[{"embeddable":true,"href":"https:\/\/cvinoticias.com\/v3\/wp-json\/wp\/v2\/comments?post=27757"}],"version-history":[{"count":1,"href":"https:\/\/cvinoticias.com\/v3\/wp-json\/wp\/v2\/posts\/27757\/revisions"}],"predecessor-version":[{"id":27759,"href":"https:\/\/cvinoticias.com\/v3\/wp-json\/wp\/v2\/posts\/27757\/revisions\/27759"}],"wp:featuredmedia":[{"embeddable":true,"href":"https:\/\/cvinoticias.com\/v3\/wp-json\/wp\/v2\/media\/27758"}],"wp:attachment":[{"href":"https:\/\/cvinoticias.com\/v3\/wp-json\/wp\/v2\/media?parent=27757"}],"wp:term":[{"taxonomy":"category","embeddable":true,"href":"https:\/\/cvinoticias.com\/v3\/wp-json\/wp\/v2\/categories?post=27757"},{"taxonomy":"post_tag","embeddable":true,"href":"https:\/\/cvinoticias.com\/v3\/wp-json\/wp\/v2\/tags?post=27757"}],"curies":[{"name":"wp","href":"https:\/\/api.w.org\/{rel}","templated":true}]}}