{"id":27754,"date":"2023-09-06T18:22:56","date_gmt":"2023-09-06T18:22:56","guid":{"rendered":"https:\/\/cvinoticias.com\/v3\/?p=27754"},"modified":"2023-09-06T18:22:56","modified_gmt":"2023-09-06T18:22:56","slug":"fallecio-un-motociclista-en-un-siniestro-vial-en-comandante-andresito","status":"publish","type":"post","link":"https:\/\/cvinoticias.com\/v3\/fallecio-un-motociclista-en-un-siniestro-vial-en-comandante-andresito\/","title":{"rendered":"Falleci\u00f3 un motociclista en un siniestro vial en Comandante Andresito"},"content":{"rendered":"\n<p><strong><em>Un hombre identificado como Esteban D. de 18 a\u00f1os, falleci\u00f3 esta ma\u00f1ana luego de impactar contra un colectivo sobre la Ruta Provincial Nro. 19, al momento en que conduc\u00eda su motocicleta.<\/em><\/strong><\/p>\n\n\n\n<p>Ocurri\u00f3 cerca de las 6:40 horas de hoy, y seg\u00fan las primeras averiguaciones, el colectivero conduc\u00eda por la mencionada carretera en sentido rotonda-Ruta Nacional Nro. 101, hacia la zona centro del pueblo de Comandante Andresito, cuando una motocicleta Honda Tit\u00e1n ingres\u00f3 a la arteria en sentido contrario, momento en el que se produjo el impacto que le provoc\u00f3 la muerte a Esteban.<\/p>\n\n\n\n<p>Trabajaron en el lugar la comisar\u00eda local, Polic\u00eda Cient\u00edfica, bioqu\u00edmico y m\u00e9dico policial. Interviene el Juzgado Nro. 3 de Puerto Iguaz\u00fa.<\/p>\n","protected":false},"excerpt":{"rendered":"<p>Un hombre identificado como Esteban D. de 18 a\u00f1os, falleci\u00f3 esta ma\u00f1ana luego de impactar contra un colectivo sobre la Ruta Provincial Nro. 19, al momento en que conduc\u00eda su motocicleta. Ocurri\u00f3 cerca de las 6:40 horas de hoy, y seg\u00fan las primeras averiguaciones, el colectivero conduc\u00eda por la mencionada carretera en sentido rotonda-Ruta Nacional [&hellip;]<\/p>\n","protected":false},"author":2,"featured_media":27755,"comment_status":"open","ping_status":"open","sticky":false,"template":"","format":"standard","meta":{"footnotes":""},"categories":[41],"tags":[],"class_list":["post-27754","post","type-post","status-publish","format-standard","has-post-thumbnail","hentry","category-policiales"],"yoast_head":"<!-- This site is optimized with the Yoast SEO plugin v27.5 - https:\/\/yoast.com\/product\/yoast-seo-wordpress\/ -->\n<title>Falleci\u00f3 un motociclista en un siniestro vial en Comandante Andresito | CVI NOTICIAS<\/title>\n<meta name=\"robots\" content=\"index, follow, max-snippet:-1, max-image-preview:large, max-video-preview:-1\" \/>\n<link rel=\"canonical\" href=\"https:\/\/cvinoticias.com\/v3\/fallecio-un-motociclista-en-un-siniestro-vial-en-comandante-andresito\/\" \/>\n<meta property=\"og:locale\" content=\"es_ES\" \/>\n<meta property=\"og:type\" content=\"article\" \/>\n<meta property=\"og:title\" content=\"Falleci\u00f3 un motociclista en un siniestro vial en Comandante Andresito | CVI NOTICIAS\" \/>\n<meta property=\"og:description\" content=\"Un hombre identificado como Esteban D. de 18 a\u00f1os, falleci\u00f3 esta ma\u00f1ana luego de impactar contra un colectivo sobre la Ruta Provincial Nro. 19, al momento en que conduc\u00eda su motocicleta. Ocurri\u00f3 cerca de las 6:40 horas de hoy, y seg\u00fan las primeras averiguaciones, el colectivero conduc\u00eda por la mencionada carretera en sentido rotonda-Ruta Nacional [&hellip;]\" \/>\n<meta property=\"og:url\" content=\"https:\/\/cvinoticias.com\/v3\/fallecio-un-motociclista-en-un-siniestro-vial-en-comandante-andresito\/\" \/>\n<meta property=\"og:site_name\" content=\"CVI NOTICIAS\" \/>\n<meta property=\"article:publisher\" content=\"https:\/\/www.facebook.com\/cvinoticias\" \/>\n<meta property=\"article:published_time\" content=\"2023-09-06T18:22:56+00:00\" \/>\n<meta property=\"og:image\" content=\"https:\/\/cvinoticias.com\/wp-content\/uploads\/2023\/09\/FB_IMG_1694024435987.jpg\" \/>\n\t<meta property=\"og:image:width\" content=\"1080\" \/>\n\t<meta property=\"og:image:height\" content=\"810\" \/>\n\t<meta property=\"og:image:type\" content=\"image\/jpeg\" \/>\n<meta name=\"author\" content=\"f1000024\" \/>\n<meta name=\"twitter:card\" content=\"summary_large_image\" \/>\n<meta name=\"twitter:label1\" content=\"Escrito por\" \/>\n\t<meta name=\"twitter:data1\" content=\"f1000024\" \/>\n\t<meta name=\"twitter:label2\" content=\"Tiempo de lectura\" \/>\n\t<meta name=\"twitter:data2\" content=\"1 minuto\" \/>\n<script type=\"application\/ld+json\" class=\"yoast-schema-graph\">{\"@context\":\"https:\\\/\\\/schema.org\",\"@graph\":[{\"@type\":\"Article\",\"@id\":\"https:\\\/\\\/cvinoticias.com\\\/v3\\\/fallecio-un-motociclista-en-un-siniestro-vial-en-comandante-andresito\\\/#article\",\"isPartOf\":{\"@id\":\"https:\\\/\\\/cvinoticias.com\\\/v3\\\/fallecio-un-motociclista-en-un-siniestro-vial-en-comandante-andresito\\\/\"},\"author\":{\"name\":\"f1000024\",\"@id\":\"https:\\\/\\\/cvinoticias.com\\\/v3\\\/#\\\/schema\\\/person\\\/2db77e3c6bc03c538495d7b2b8be9b66\"},\"headline\":\"Falleci\u00f3 un motociclista en un siniestro vial en Comandante Andresito\",\"datePublished\":\"2023-09-06T18:22:56+00:00\",\"mainEntityOfPage\":{\"@id\":\"https:\\\/\\\/cvinoticias.com\\\/v3\\\/fallecio-un-motociclista-en-un-siniestro-vial-en-comandante-andresito\\\/\"},\"wordCount\":130,\"commentCount\":0,\"publisher\":{\"@id\":\"https:\\\/\\\/cvinoticias.com\\\/v3\\\/#organization\"},\"image\":{\"@id\":\"https:\\\/\\\/cvinoticias.com\\\/v3\\\/fallecio-un-motociclista-en-un-siniestro-vial-en-comandante-andresito\\\/#primaryimage\"},\"thumbnailUrl\":\"https:\\\/\\\/cvinoticias.com\\\/wp-content\\\/uploads\\\/2023\\\/09\\\/FB_IMG_1694024435987.jpg\",\"articleSection\":[\"Policiales\"],\"inLanguage\":\"es\",\"potentialAction\":[{\"@type\":\"CommentAction\",\"name\":\"Comment\",\"target\":[\"https:\\\/\\\/cvinoticias.com\\\/v3\\\/fallecio-un-motociclista-en-un-siniestro-vial-en-comandante-andresito\\\/#respond\"]}]},{\"@type\":\"WebPage\",\"@id\":\"https:\\\/\\\/cvinoticias.com\\\/v3\\\/fallecio-un-motociclista-en-un-siniestro-vial-en-comandante-andresito\\\/\",\"url\":\"https:\\\/\\\/cvinoticias.com\\\/v3\\\/fallecio-un-motociclista-en-un-siniestro-vial-en-comandante-andresito\\\/\",\"name\":\"Falleci\u00f3 un motociclista en un siniestro vial en Comandante Andresito | CVI NOTICIAS\",\"isPartOf\":{\"@id\":\"https:\\\/\\\/cvinoticias.com\\\/v3\\\/#website\"},\"primaryImageOfPage\":{\"@id\":\"https:\\\/\\\/cvinoticias.com\\\/v3\\\/fallecio-un-motociclista-en-un-siniestro-vial-en-comandante-andresito\\\/#primaryimage\"},\"image\":{\"@id\":\"https:\\\/\\\/cvinoticias.com\\\/v3\\\/fallecio-un-motociclista-en-un-siniestro-vial-en-comandante-andresito\\\/#primaryimage\"},\"thumbnailUrl\":\"https:\\\/\\\/cvinoticias.com\\\/wp-content\\\/uploads\\\/2023\\\/09\\\/FB_IMG_1694024435987.jpg\",\"datePublished\":\"2023-09-06T18:22:56+00:00\",\"breadcrumb\":{\"@id\":\"https:\\\/\\\/cvinoticias.com\\\/v3\\\/fallecio-un-motociclista-en-un-siniestro-vial-en-comandante-andresito\\\/#breadcrumb\"},\"inLanguage\":\"es\",\"potentialAction\":[{\"@type\":\"ReadAction\",\"target\":[\"https:\\\/\\\/cvinoticias.com\\\/v3\\\/fallecio-un-motociclista-en-un-siniestro-vial-en-comandante-andresito\\\/\"]}]},{\"@type\":\"ImageObject\",\"inLanguage\":\"es\",\"@id\":\"https:\\\/\\\/cvinoticias.com\\\/v3\\\/fallecio-un-motociclista-en-un-siniestro-vial-en-comandante-andresito\\\/#primaryimage\",\"url\":\"https:\\\/\\\/cvinoticias.com\\\/wp-content\\\/uploads\\\/2023\\\/09\\\/FB_IMG_1694024435987.jpg\",\"contentUrl\":\"https:\\\/\\\/cvinoticias.com\\\/wp-content\\\/uploads\\\/2023\\\/09\\\/FB_IMG_1694024435987.jpg\",\"width\":1080,\"height\":810},{\"@type\":\"BreadcrumbList\",\"@id\":\"https:\\\/\\\/cvinoticias.com\\\/v3\\\/fallecio-un-motociclista-en-un-siniestro-vial-en-comandante-andresito\\\/#breadcrumb\",\"itemListElement\":[{\"@type\":\"ListItem\",\"position\":1,\"name\":\"Portada\",\"item\":\"https:\\\/\\\/cvinoticias.com\\\/v3\\\/\"},{\"@type\":\"ListItem\",\"position\":2,\"name\":\"Falleci\u00f3 un motociclista en un siniestro vial en Comandante Andresito\"}]},{\"@type\":\"WebSite\",\"@id\":\"https:\\\/\\\/cvinoticias.com\\\/v3\\\/#website\",\"url\":\"https:\\\/\\\/cvinoticias.com\\\/v3\\\/\",\"name\":\"CVI NOTICIAS\",\"description\":\"\",\"publisher\":{\"@id\":\"https:\\\/\\\/cvinoticias.com\\\/v3\\\/#organization\"},\"alternateName\":\"CVI\",\"potentialAction\":[{\"@type\":\"SearchAction\",\"target\":{\"@type\":\"EntryPoint\",\"urlTemplate\":\"https:\\\/\\\/cvinoticias.com\\\/v3\\\/?s={search_term_string}\"},\"query-input\":{\"@type\":\"PropertyValueSpecification\",\"valueRequired\":true,\"valueName\":\"search_term_string\"}}],\"inLanguage\":\"es\"},{\"@type\":\"Organization\",\"@id\":\"https:\\\/\\\/cvinoticias.com\\\/v3\\\/#organization\",\"name\":\"CVI NOTICIAS\",\"url\":\"https:\\\/\\\/cvinoticias.com\\\/v3\\\/\",\"logo\":{\"@type\":\"ImageObject\",\"inLanguage\":\"es\",\"@id\":\"https:\\\/\\\/cvinoticias.com\\\/v3\\\/#\\\/schema\\\/logo\\\/image\\\/\",\"url\":\"https:\\\/\\\/cvinoticias.com\\\/wp-content\\\/uploads\\\/2023\\\/04\\\/cropped-cropped-cropped-cropped-cropped-3-1.png\",\"contentUrl\":\"https:\\\/\\\/cvinoticias.com\\\/wp-content\\\/uploads\\\/2023\\\/04\\\/cropped-cropped-cropped-cropped-cropped-3-1.png\",\"width\":95,\"height\":122,\"caption\":\"CVI NOTICIAS\"},\"image\":{\"@id\":\"https:\\\/\\\/cvinoticias.com\\\/v3\\\/#\\\/schema\\\/logo\\\/image\\\/\"},\"sameAs\":[\"https:\\\/\\\/www.facebook.com\\\/cvinoticias\",\"https:\\\/\\\/www.instagram.com\\\/cvinoticias\\\/\",\"https:\\\/\\\/www.youtube.com\\\/@CVINOTICIAS\"]},{\"@type\":\"Person\",\"@id\":\"https:\\\/\\\/cvinoticias.com\\\/v3\\\/#\\\/schema\\\/person\\\/2db77e3c6bc03c538495d7b2b8be9b66\",\"name\":\"f1000024\",\"image\":{\"@type\":\"ImageObject\",\"inLanguage\":\"es\",\"@id\":\"https:\\\/\\\/secure.gravatar.com\\\/avatar\\\/d4fe7459cfc51ff5129ce1a732bbef5928568b8092d412ef95611616376bbeed?s=96&d=mm&r=g\",\"url\":\"https:\\\/\\\/secure.gravatar.com\\\/avatar\\\/d4fe7459cfc51ff5129ce1a732bbef5928568b8092d412ef95611616376bbeed?s=96&d=mm&r=g\",\"contentUrl\":\"https:\\\/\\\/secure.gravatar.com\\\/avatar\\\/d4fe7459cfc51ff5129ce1a732bbef5928568b8092d412ef95611616376bbeed?s=96&d=mm&r=g\",\"caption\":\"f1000024\"},\"url\":\"https:\\\/\\\/cvinoticias.com\\\/v3\\\/author\\\/f1000024\\\/\"}]}<\/script>\n<!-- \/ Yoast SEO plugin. -->","yoast_head_json":{"title":"Falleci\u00f3 un motociclista en un siniestro vial en Comandante Andresito | CVI NOTICIAS","robots":{"index":"index","follow":"follow","max-snippet":"max-snippet:-1","max-image-preview":"max-image-preview:large","max-video-preview":"max-video-preview:-1"},"canonical":"https:\/\/cvinoticias.com\/v3\/fallecio-un-motociclista-en-un-siniestro-vial-en-comandante-andresito\/","og_locale":"es_ES","og_type":"article","og_title":"Falleci\u00f3 un motociclista en un siniestro vial en Comandante Andresito | CVI NOTICIAS","og_description":"Un hombre identificado como Esteban D. de 18 a\u00f1os, falleci\u00f3 esta ma\u00f1ana luego de impactar contra un colectivo sobre la Ruta Provincial Nro. 19, al momento en que conduc\u00eda su motocicleta. Ocurri\u00f3 cerca de las 6:40 horas de hoy, y seg\u00fan las primeras averiguaciones, el colectivero conduc\u00eda por la mencionada carretera en sentido rotonda-Ruta Nacional [&hellip;]","og_url":"https:\/\/cvinoticias.com\/v3\/fallecio-un-motociclista-en-un-siniestro-vial-en-comandante-andresito\/","og_site_name":"CVI NOTICIAS","article_publisher":"https:\/\/www.facebook.com\/cvinoticias","article_published_time":"2023-09-06T18:22:56+00:00","og_image":[{"width":1080,"height":810,"url":"https:\/\/cvinoticias.com\/wp-content\/uploads\/2023\/09\/FB_IMG_1694024435987.jpg","type":"image\/jpeg"}],"author":"f1000024","twitter_card":"summary_large_image","twitter_misc":{"Escrito por":"f1000024","Tiempo de lectura":"1 minuto"},"schema":{"@context":"https:\/\/schema.org","@graph":[{"@type":"Article","@id":"https:\/\/cvinoticias.com\/v3\/fallecio-un-motociclista-en-un-siniestro-vial-en-comandante-andresito\/#article","isPartOf":{"@id":"https:\/\/cvinoticias.com\/v3\/fallecio-un-motociclista-en-un-siniestro-vial-en-comandante-andresito\/"},"author":{"name":"f1000024","@id":"https:\/\/cvinoticias.com\/v3\/#\/schema\/person\/2db77e3c6bc03c538495d7b2b8be9b66"},"headline":"Falleci\u00f3 un motociclista en un siniestro vial en Comandante Andresito","datePublished":"2023-09-06T18:22:56+00:00","mainEntityOfPage":{"@id":"https:\/\/cvinoticias.com\/v3\/fallecio-un-motociclista-en-un-siniestro-vial-en-comandante-andresito\/"},"wordCount":130,"commentCount":0,"publisher":{"@id":"https:\/\/cvinoticias.com\/v3\/#organization"},"image":{"@id":"https:\/\/cvinoticias.com\/v3\/fallecio-un-motociclista-en-un-siniestro-vial-en-comandante-andresito\/#primaryimage"},"thumbnailUrl":"https:\/\/cvinoticias.com\/wp-content\/uploads\/2023\/09\/FB_IMG_1694024435987.jpg","articleSection":["Policiales"],"inLanguage":"es","potentialAction":[{"@type":"CommentAction","name":"Comment","target":["https:\/\/cvinoticias.com\/v3\/fallecio-un-motociclista-en-un-siniestro-vial-en-comandante-andresito\/#respond"]}]},{"@type":"WebPage","@id":"https:\/\/cvinoticias.com\/v3\/fallecio-un-motociclista-en-un-siniestro-vial-en-comandante-andresito\/","url":"https:\/\/cvinoticias.com\/v3\/fallecio-un-motociclista-en-un-siniestro-vial-en-comandante-andresito\/","name":"Falleci\u00f3 un motociclista en un siniestro vial en Comandante Andresito | CVI NOTICIAS","isPartOf":{"@id":"https:\/\/cvinoticias.com\/v3\/#website"},"primaryImageOfPage":{"@id":"https:\/\/cvinoticias.com\/v3\/fallecio-un-motociclista-en-un-siniestro-vial-en-comandante-andresito\/#primaryimage"},"image":{"@id":"https:\/\/cvinoticias.com\/v3\/fallecio-un-motociclista-en-un-siniestro-vial-en-comandante-andresito\/#primaryimage"},"thumbnailUrl":"https:\/\/cvinoticias.com\/wp-content\/uploads\/2023\/09\/FB_IMG_1694024435987.jpg","datePublished":"2023-09-06T18:22:56+00:00","breadcrumb":{"@id":"https:\/\/cvinoticias.com\/v3\/fallecio-un-motociclista-en-un-siniestro-vial-en-comandante-andresito\/#breadcrumb"},"inLanguage":"es","potentialAction":[{"@type":"ReadAction","target":["https:\/\/cvinoticias.com\/v3\/fallecio-un-motociclista-en-un-siniestro-vial-en-comandante-andresito\/"]}]},{"@type":"ImageObject","inLanguage":"es","@id":"https:\/\/cvinoticias.com\/v3\/fallecio-un-motociclista-en-un-siniestro-vial-en-comandante-andresito\/#primaryimage","url":"https:\/\/cvinoticias.com\/wp-content\/uploads\/2023\/09\/FB_IMG_1694024435987.jpg","contentUrl":"https:\/\/cvinoticias.com\/wp-content\/uploads\/2023\/09\/FB_IMG_1694024435987.jpg","width":1080,"height":810},{"@type":"BreadcrumbList","@id":"https:\/\/cvinoticias.com\/v3\/fallecio-un-motociclista-en-un-siniestro-vial-en-comandante-andresito\/#breadcrumb","itemListElement":[{"@type":"ListItem","position":1,"name":"Portada","item":"https:\/\/cvinoticias.com\/v3\/"},{"@type":"ListItem","position":2,"name":"Falleci\u00f3 un motociclista en un siniestro vial en Comandante Andresito"}]},{"@type":"WebSite","@id":"https:\/\/cvinoticias.com\/v3\/#website","url":"https:\/\/cvinoticias.com\/v3\/","name":"CVI NOTICIAS","description":"","publisher":{"@id":"https:\/\/cvinoticias.com\/v3\/#organization"},"alternateName":"CVI","potentialAction":[{"@type":"SearchAction","target":{"@type":"EntryPoint","urlTemplate":"https:\/\/cvinoticias.com\/v3\/?s={search_term_string}"},"query-input":{"@type":"PropertyValueSpecification","valueRequired":true,"valueName":"search_term_string"}}],"inLanguage":"es"},{"@type":"Organization","@id":"https:\/\/cvinoticias.com\/v3\/#organization","name":"CVI NOTICIAS","url":"https:\/\/cvinoticias.com\/v3\/","logo":{"@type":"ImageObject","inLanguage":"es","@id":"https:\/\/cvinoticias.com\/v3\/#\/schema\/logo\/image\/","url":"https:\/\/cvinoticias.com\/wp-content\/uploads\/2023\/04\/cropped-cropped-cropped-cropped-cropped-3-1.png","contentUrl":"https:\/\/cvinoticias.com\/wp-content\/uploads\/2023\/04\/cropped-cropped-cropped-cropped-cropped-3-1.png","width":95,"height":122,"caption":"CVI NOTICIAS"},"image":{"@id":"https:\/\/cvinoticias.com\/v3\/#\/schema\/logo\/image\/"},"sameAs":["https:\/\/www.facebook.com\/cvinoticias","https:\/\/www.instagram.com\/cvinoticias\/","https:\/\/www.youtube.com\/@CVINOTICIAS"]},{"@type":"Person","@id":"https:\/\/cvinoticias.com\/v3\/#\/schema\/person\/2db77e3c6bc03c538495d7b2b8be9b66","name":"f1000024","image":{"@type":"ImageObject","inLanguage":"es","@id":"https:\/\/secure.gravatar.com\/avatar\/d4fe7459cfc51ff5129ce1a732bbef5928568b8092d412ef95611616376bbeed?s=96&d=mm&r=g","url":"https:\/\/secure.gravatar.com\/avatar\/d4fe7459cfc51ff5129ce1a732bbef5928568b8092d412ef95611616376bbeed?s=96&d=mm&r=g","contentUrl":"https:\/\/secure.gravatar.com\/avatar\/d4fe7459cfc51ff5129ce1a732bbef5928568b8092d412ef95611616376bbeed?s=96&d=mm&r=g","caption":"f1000024"},"url":"https:\/\/cvinoticias.com\/v3\/author\/f1000024\/"}]}},"_links":{"self":[{"href":"https:\/\/cvinoticias.com\/v3\/wp-json\/wp\/v2\/posts\/27754","targetHints":{"allow":["GET"]}}],"collection":[{"href":"https:\/\/cvinoticias.com\/v3\/wp-json\/wp\/v2\/posts"}],"about":[{"href":"https:\/\/cvinoticias.com\/v3\/wp-json\/wp\/v2\/types\/post"}],"author":[{"embeddable":true,"href":"https:\/\/cvinoticias.com\/v3\/wp-json\/wp\/v2\/users\/2"}],"replies":[{"embeddable":true,"href":"https:\/\/cvinoticias.com\/v3\/wp-json\/wp\/v2\/comments?post=27754"}],"version-history":[{"count":1,"href":"https:\/\/cvinoticias.com\/v3\/wp-json\/wp\/v2\/posts\/27754\/revisions"}],"predecessor-version":[{"id":27756,"href":"https:\/\/cvinoticias.com\/v3\/wp-json\/wp\/v2\/posts\/27754\/revisions\/27756"}],"wp:featuredmedia":[{"embeddable":true,"href":"https:\/\/cvinoticias.com\/v3\/wp-json\/wp\/v2\/media\/27755"}],"wp:attachment":[{"href":"https:\/\/cvinoticias.com\/v3\/wp-json\/wp\/v2\/media?parent=27754"}],"wp:term":[{"taxonomy":"category","embeddable":true,"href":"https:\/\/cvinoticias.com\/v3\/wp-json\/wp\/v2\/categories?post=27754"},{"taxonomy":"post_tag","embeddable":true,"href":"https:\/\/cvinoticias.com\/v3\/wp-json\/wp\/v2\/tags?post=27754"}],"curies":[{"name":"wp","href":"https:\/\/api.w.org\/{rel}","templated":true}]}}