{"id":27742,"date":"2023-09-06T12:01:01","date_gmt":"2023-09-06T12:01:01","guid":{"rendered":"https:\/\/cvinoticias.com\/v3\/?p=27742"},"modified":"2023-09-06T12:01:01","modified_gmt":"2023-09-06T12:01:01","slug":"inicio-el-encuentro-nacional-de-salud-mental","status":"publish","type":"post","link":"https:\/\/cvinoticias.com\/v3\/inicio-el-encuentro-nacional-de-salud-mental\/","title":{"rendered":"Inici\u00f3 el Encuentro Nacional de Salud Mental"},"content":{"rendered":"\n<p><strong><em>El Presidente abog\u00f3 por \u00abcambiar el abordaje\u00bb del tema en Argentina. Lo hizo en el al abrir el espacio que re\u00fanen autoridades, especialistas, referentes y trabajadores de todo el pa\u00eds para avanzar en la plena implementaci\u00f3n de la Ley Nacional 26.657.<\/em><\/strong><\/p>\n\n\n\n<p>Al encabezar la jornada inaugural del Primer Encuentro Nacional de Salud Mental (ENSM) en Tecn\u00f3polis, el presidente Alberto Fern\u00e1ndez sostuvo este martes que \u00abla crisis de salud mental atraviesa un momento \u00fanico no s\u00f3lo en Argentina sino en el mundo\u00ab, lo cual \u00abobliga\u00bb a los gobiernos a \u00abprestarle una mayor atenci\u00f3n\u00bb, a la vez que destac\u00f3 las acciones puestas en marcha por el Ministerio de Salud de la Naci\u00f3n y las diversas jurisdicciones para abordar esa problem\u00e1tica sanitaria, en especial a partir de la pandemia de coronavirus.<\/p>\n\n\n\n<p>El jefe de Estado se\u00f1al\u00f3 que el foco puesto por el Gobierno argentino fue reforzado en 2022, a partir de la implementaci\u00f3n de la Estrategia Federal de Abordaje Integral de la Salud Mental (Estrategia), con el prop\u00f3sito de \u00abcambiar el tratamiento que (en materia de) la salud mental ven\u00eda dando (el sistema sanitario) hasta ahora a los argentinos\u00bb y de \u00absalir de esa l\u00f3gica manicomial de encierro y atender al enfermo mental como un enfermo que se puede recuperar, que puede volver a la convivencia social\u00bb.<\/p>\n\n\n\n<p>El Encuentro Nacional de Salud Mental<\/p>\n\n\n\n<p>Fern\u00e1ndez habl\u00f3 este martes al encabezar junto con la ministra de Salud, Carla Vizzotti, la jornada inaugural del ENSM, que durante dos d\u00edas reunir\u00e1 a autoridades, especialistas, referentes, organizaciones de la sociedad civil, profesionales y dem\u00e1s trabajadores del campo de la salud mental de todo el pa\u00eds, con la intenci\u00f3n de aunar un abordaje federal e intersectorial y avanzar en la plena implementaci\u00f3n de la Ley Nacional N\u00b0 26.657, a trece a\u00f1os de su sanci\u00f3n y a diez a\u00f1os de su promulgaci\u00f3n.<\/p>\n\n\n\n<p>El objetivo del encuentro -informaron los organizadores- es promover el di\u00e1logo, la reflexi\u00f3n colectiva y la construcci\u00f3n de consensos entre todos los actores del campo de la salud mental, y evaluar el camino recorrido en materia de transformaci\u00f3n de las pr\u00e1cticas desde el modelo manicomial hacia uno de base comunitaria y con respeto a los derechos humanos de los pacientes, en particular aquellos que padecen trastornos severos.<\/p>\n\n\n\n<p>El Presidente record\u00f3 que, durante la vigencia del anterior paradigma en salud mental, \u00abconstruimos, en tanto sociedad, lugares espantosos como la Colonia Montes de Oca, que eran lugares de olvido, de abandono de personas enfermas psiqui\u00e1tricamente hablando, donde los arrumb\u00e1bamos en grandes galpones, donde todos dorm\u00edan, no eran due\u00f1os de su intimidad (y eran) medicados para tenerlos tranquilos\u00bb.<\/p>\n\n\n\n<p>Precisamente, a mediados de julio pasado, el jefe de Estado encabez\u00f3 el acto en el cual fue anunciada la construcci\u00f3n de un barrio de 50 casas, destinadas a 260 pacientes de la hasta entonces Colonia Montes de Oca, que en esa ocasi\u00f3n pas\u00f3 a denominarse Hospital Nacional y Comunidad Ram\u00f3n Carrillo y a reforzar una perspectiva polivalente -es decir, ya no solo atenci\u00f3n neuropsiqui\u00e1trica-, con base en la comunidad del partido bonaerense de Luj\u00e1n, donde se encuentra.<\/p>\n\n\n\n<p>Este martes desde Tecn\u00f3polis y tras abogar por un \u00abcambio de abordaje\u00bb sanitario y \u00abhablar\u00bb en lo p\u00fablico sobre la salud mental, Fern\u00e1ndez insisti\u00f3 en calificar de \u00abcat\u00e1strofe\u00bb a la pandemia de la Covid-19.<\/p>\n\n\n\n<p>\u00abLo primero que tenemos que hacer es darnos cuenta de c\u00f3mo actuamos, lo mal que hicimos\u00bb bajo el paradigma manicomial y asilar que rigi\u00f3 hasta la sanci\u00f3n de la Ley Nacional N\u00b0 26.657, y \u00ablo segundo es tener conciencia de que nos pas\u00f3 una cat\u00e1strofe, que fue una pandemia que alter\u00f3 la salud mental de todos y a todos nos puso en alerta y a todos nos ha sensibilizado mucho m\u00e1s, todos sentimos que el riesgo se ha potenciado y que nuestra inseguridad es mucho m\u00e1s alta\u00ab, apunt\u00f3 el Presidente.<\/p>\n\n\n\n<p>Fue en ese pasaje de su disertaci\u00f3n en el cual Fern\u00e1ndez advirti\u00f3 sobre el riesgo que implica cierto \u00abrenacer del nazismo y de las pol\u00edticas negacionistas\u00bb, record\u00f3 que la pandemia \u00abse llev\u00f3 10 millones de personas en el mundo\u00bb y se\u00f1al\u00f3 que \u00abhay quienes aprovechan\u00bb esos momentos de vulnerabilidad en la poblaci\u00f3n global para tratar de \u00abvolver al totalitarismo\u00bb.<\/p>\n\n\n\n<p>\u00abLo hacen porque nos ven d\u00e9biles, y claro que lo estamos. Si somos sobrevivientes\u00bb, observ\u00f3 el jefe de Estado al referirse al impacto del Covid-19 en las sociedades, y subray\u00f3 que \u00abel Gobierno tiene la obligaci\u00f3n de sacarles esa sensaci\u00f3n de inseguridad para que sean due\u00f1os de su libertad\u00bb.<\/p>\n\n\n\n<p>Fern\u00e1ndez opin\u00f3 que estas manifestaciones \u00abaprovechan la inseguridad de todos ustedes para hacerles creer que detr\u00e1s de esas pol\u00edticas hay en verdad un acto de protecci\u00f3n, aprovechan ese momento de alteraci\u00f3n psicol\u00f3gica que vive el mundo, y esto no pasa s\u00f3lo en Argentina, pasa en todo el mundo, en cualquier rinc\u00f3n de Europa, est\u00e1 pasando en Am\u00e9rica Latina\u00bb.<\/p>\n\n\n\n<p>En contraposici\u00f3n a ello, el Presidente dijo que \u00abel deber que tenemos como sociedad y como Gobierno es sacar (a la poblaci\u00f3n) esa sensaci\u00f3n de debilidad y desprotecci\u00f3n y devolverle seguridad, firmeza, confianza, tranquilidad, para que sean due\u00f1os de su libertad, para que la puedan ejercer a pleno y se hagan due\u00f1os de su vida\u00bb, en una tarea \u00abque tenemos que asumir como comunidad\u00bb.<\/p>\n\n\n\n<p>Como secuela de esa situaci\u00f3n, el Presidente se\u00f1al\u00f3 que en un reciente informe de la Confederaci\u00f3n Farmac\u00e9utica Argentina se indica que \u00ablos sedantes en el \u00faltimo a\u00f1o en la Argentina aumentaron un 10% sus ventas\u00bb, pero que desde \u00abla pandemia hasta hoy tambi\u00e9n aumentaron sus ventas los antidepresivos los antipsic\u00f3ticos, los hipn\u00f3ticos y los sedantes\u00bb, y aludi\u00f3 a las adicciones que afectan de modo directo a la juventud.<\/p>\n\n\n\n<p>Pidi\u00f3 en ese punto hacer \u00abuna lectura correcta de lo que vivimos\u00bb y exhort\u00f3 a ser capaces \u00abde encontrar la soluci\u00f3n para nuestra sociedad, no ocultando nada asumiendo los problemas y actuando en consecuencia\u00bb, y si bien reconoci\u00f3 que \u00abhay muchos motivos para estar desanimado\u00bb, sostuvo que \u00abpara salir el des\u00e1nimo hay que ponerse de pie levantarse caminar y tener un estado que lo ayude a hacerlo\u00bb.<\/p>\n\n\n\n<p>La ministra de Salud, Carla Vizzotti, precis\u00f3 que \u00abel trabajo intersectorial es muy importante\u00bb y destac\u00f3 \u00abtodo lo que avanzamos en este tema, con un proceso muy concreto de resultados palpables\u00bb, que si bien tienen \u00abuna complejidad tan grande\u00bb se ha abordado \u00abprimero como un derecho y despu\u00e9s como una mirada integral\u00bb pero \u00ablo m\u00e1s importante es que se empez\u00f3, con una ley que es un orgullo para nosotros\u00bb.<\/p>\n\n\n\n<p>A su vez la representante de la Organizaci\u00f3n Mundial de la Salud y de la Organizaci\u00f3n Panamericana de la Salud en la Argentina, Eva Jan\u00e9 Llopis, celebr\u00f3 que el congreso se realice por primera vez en la Argentina y dijo: \u00abEstamos frente a un cambio de paradigma\u00bb en el tratamiento de la salud mental, cuyos problemas se agravaron \u00abpor la pandemia, donde la depresi\u00f3n aument\u00f3 en un 35 por ciento\u00bb.<\/p>\n","protected":false},"excerpt":{"rendered":"<p>El Presidente abog\u00f3 por \u00abcambiar el abordaje\u00bb del tema en Argentina. Lo hizo en el al abrir el espacio que re\u00fanen autoridades, especialistas, referentes y trabajadores de todo el pa\u00eds para avanzar en la plena implementaci\u00f3n de la Ley Nacional 26.657. Al encabezar la jornada inaugural del Primer Encuentro Nacional de Salud Mental (ENSM) en [&hellip;]<\/p>\n","protected":false},"author":2,"featured_media":27743,"comment_status":"open","ping_status":"open","sticky":false,"template":"","format":"standard","meta":{"footnotes":""},"categories":[22],"tags":[],"class_list":["post-27742","post","type-post","status-publish","format-standard","has-post-thumbnail","hentry","category-salud"],"yoast_head":"<!-- This site is optimized with the Yoast SEO plugin v27.4 - https:\/\/yoast.com\/product\/yoast-seo-wordpress\/ -->\n<title>Inici\u00f3 el Encuentro Nacional de Salud Mental | CVI NOTICIAS<\/title>\n<meta name=\"robots\" content=\"index, follow, max-snippet:-1, max-image-preview:large, max-video-preview:-1\" \/>\n<link rel=\"canonical\" href=\"https:\/\/cvinoticias.com\/v3\/inicio-el-encuentro-nacional-de-salud-mental\/\" \/>\n<meta property=\"og:locale\" content=\"es_ES\" \/>\n<meta property=\"og:type\" content=\"article\" \/>\n<meta property=\"og:title\" content=\"Inici\u00f3 el Encuentro Nacional de Salud Mental | CVI NOTICIAS\" \/>\n<meta property=\"og:description\" content=\"El Presidente abog\u00f3 por \u00abcambiar el abordaje\u00bb del tema en Argentina. Lo hizo en el al abrir el espacio que re\u00fanen autoridades, especialistas, referentes y trabajadores de todo el pa\u00eds para avanzar en la plena implementaci\u00f3n de la Ley Nacional 26.657. Al encabezar la jornada inaugural del Primer Encuentro Nacional de Salud Mental (ENSM) en [&hellip;]\" \/>\n<meta property=\"og:url\" content=\"https:\/\/cvinoticias.com\/v3\/inicio-el-encuentro-nacional-de-salud-mental\/\" \/>\n<meta property=\"og:site_name\" content=\"CVI NOTICIAS\" \/>\n<meta property=\"article:publisher\" content=\"https:\/\/www.facebook.com\/cvinoticias\" \/>\n<meta property=\"article:published_time\" content=\"2023-09-06T12:01:01+00:00\" \/>\n<meta property=\"og:image\" content=\"https:\/\/cvinoticias.com\/wp-content\/uploads\/2023\/09\/21-3.jpg\" \/>\n\t<meta property=\"og:image:width\" content=\"1024\" \/>\n\t<meta property=\"og:image:height\" content=\"576\" \/>\n\t<meta property=\"og:image:type\" content=\"image\/jpeg\" \/>\n<meta name=\"author\" content=\"f1000024\" \/>\n<meta name=\"twitter:card\" content=\"summary_large_image\" \/>\n<meta name=\"twitter:label1\" content=\"Escrito por\" \/>\n\t<meta name=\"twitter:data1\" content=\"f1000024\" \/>\n\t<meta name=\"twitter:label2\" content=\"Tiempo de lectura\" \/>\n\t<meta name=\"twitter:data2\" content=\"6 minutos\" \/>\n<script type=\"application\/ld+json\" class=\"yoast-schema-graph\">{\"@context\":\"https:\\\/\\\/schema.org\",\"@graph\":[{\"@type\":\"Article\",\"@id\":\"https:\\\/\\\/cvinoticias.com\\\/v3\\\/inicio-el-encuentro-nacional-de-salud-mental\\\/#article\",\"isPartOf\":{\"@id\":\"https:\\\/\\\/cvinoticias.com\\\/v3\\\/inicio-el-encuentro-nacional-de-salud-mental\\\/\"},\"author\":{\"name\":\"f1000024\",\"@id\":\"https:\\\/\\\/cvinoticias.com\\\/v3\\\/#\\\/schema\\\/person\\\/2db77e3c6bc03c538495d7b2b8be9b66\"},\"headline\":\"Inici\u00f3 el Encuentro Nacional de Salud Mental\",\"datePublished\":\"2023-09-06T12:01:01+00:00\",\"mainEntityOfPage\":{\"@id\":\"https:\\\/\\\/cvinoticias.com\\\/v3\\\/inicio-el-encuentro-nacional-de-salud-mental\\\/\"},\"wordCount\":1217,\"commentCount\":0,\"publisher\":{\"@id\":\"https:\\\/\\\/cvinoticias.com\\\/v3\\\/#organization\"},\"image\":{\"@id\":\"https:\\\/\\\/cvinoticias.com\\\/v3\\\/inicio-el-encuentro-nacional-de-salud-mental\\\/#primaryimage\"},\"thumbnailUrl\":\"https:\\\/\\\/cvinoticias.com\\\/wp-content\\\/uploads\\\/2023\\\/09\\\/21-3.jpg\",\"articleSection\":[\"Salud\"],\"inLanguage\":\"es\",\"potentialAction\":[{\"@type\":\"CommentAction\",\"name\":\"Comment\",\"target\":[\"https:\\\/\\\/cvinoticias.com\\\/v3\\\/inicio-el-encuentro-nacional-de-salud-mental\\\/#respond\"]}]},{\"@type\":\"WebPage\",\"@id\":\"https:\\\/\\\/cvinoticias.com\\\/v3\\\/inicio-el-encuentro-nacional-de-salud-mental\\\/\",\"url\":\"https:\\\/\\\/cvinoticias.com\\\/v3\\\/inicio-el-encuentro-nacional-de-salud-mental\\\/\",\"name\":\"Inici\u00f3 el Encuentro Nacional de Salud Mental | CVI NOTICIAS\",\"isPartOf\":{\"@id\":\"https:\\\/\\\/cvinoticias.com\\\/v3\\\/#website\"},\"primaryImageOfPage\":{\"@id\":\"https:\\\/\\\/cvinoticias.com\\\/v3\\\/inicio-el-encuentro-nacional-de-salud-mental\\\/#primaryimage\"},\"image\":{\"@id\":\"https:\\\/\\\/cvinoticias.com\\\/v3\\\/inicio-el-encuentro-nacional-de-salud-mental\\\/#primaryimage\"},\"thumbnailUrl\":\"https:\\\/\\\/cvinoticias.com\\\/wp-content\\\/uploads\\\/2023\\\/09\\\/21-3.jpg\",\"datePublished\":\"2023-09-06T12:01:01+00:00\",\"breadcrumb\":{\"@id\":\"https:\\\/\\\/cvinoticias.com\\\/v3\\\/inicio-el-encuentro-nacional-de-salud-mental\\\/#breadcrumb\"},\"inLanguage\":\"es\",\"potentialAction\":[{\"@type\":\"ReadAction\",\"target\":[\"https:\\\/\\\/cvinoticias.com\\\/v3\\\/inicio-el-encuentro-nacional-de-salud-mental\\\/\"]}]},{\"@type\":\"ImageObject\",\"inLanguage\":\"es\",\"@id\":\"https:\\\/\\\/cvinoticias.com\\\/v3\\\/inicio-el-encuentro-nacional-de-salud-mental\\\/#primaryimage\",\"url\":\"https:\\\/\\\/cvinoticias.com\\\/wp-content\\\/uploads\\\/2023\\\/09\\\/21-3.jpg\",\"contentUrl\":\"https:\\\/\\\/cvinoticias.com\\\/wp-content\\\/uploads\\\/2023\\\/09\\\/21-3.jpg\",\"width\":1024,\"height\":576},{\"@type\":\"BreadcrumbList\",\"@id\":\"https:\\\/\\\/cvinoticias.com\\\/v3\\\/inicio-el-encuentro-nacional-de-salud-mental\\\/#breadcrumb\",\"itemListElement\":[{\"@type\":\"ListItem\",\"position\":1,\"name\":\"Portada\",\"item\":\"https:\\\/\\\/cvinoticias.com\\\/v3\\\/\"},{\"@type\":\"ListItem\",\"position\":2,\"name\":\"Inici\u00f3 el Encuentro Nacional de Salud Mental\"}]},{\"@type\":\"WebSite\",\"@id\":\"https:\\\/\\\/cvinoticias.com\\\/v3\\\/#website\",\"url\":\"https:\\\/\\\/cvinoticias.com\\\/v3\\\/\",\"name\":\"CVI NOTICIAS\",\"description\":\"\",\"publisher\":{\"@id\":\"https:\\\/\\\/cvinoticias.com\\\/v3\\\/#organization\"},\"alternateName\":\"CVI\",\"potentialAction\":[{\"@type\":\"SearchAction\",\"target\":{\"@type\":\"EntryPoint\",\"urlTemplate\":\"https:\\\/\\\/cvinoticias.com\\\/v3\\\/?s={search_term_string}\"},\"query-input\":{\"@type\":\"PropertyValueSpecification\",\"valueRequired\":true,\"valueName\":\"search_term_string\"}}],\"inLanguage\":\"es\"},{\"@type\":\"Organization\",\"@id\":\"https:\\\/\\\/cvinoticias.com\\\/v3\\\/#organization\",\"name\":\"CVI NOTICIAS\",\"url\":\"https:\\\/\\\/cvinoticias.com\\\/v3\\\/\",\"logo\":{\"@type\":\"ImageObject\",\"inLanguage\":\"es\",\"@id\":\"https:\\\/\\\/cvinoticias.com\\\/v3\\\/#\\\/schema\\\/logo\\\/image\\\/\",\"url\":\"https:\\\/\\\/cvinoticias.com\\\/wp-content\\\/uploads\\\/2023\\\/04\\\/cropped-cropped-cropped-cropped-cropped-3-1.png\",\"contentUrl\":\"https:\\\/\\\/cvinoticias.com\\\/wp-content\\\/uploads\\\/2023\\\/04\\\/cropped-cropped-cropped-cropped-cropped-3-1.png\",\"width\":95,\"height\":122,\"caption\":\"CVI NOTICIAS\"},\"image\":{\"@id\":\"https:\\\/\\\/cvinoticias.com\\\/v3\\\/#\\\/schema\\\/logo\\\/image\\\/\"},\"sameAs\":[\"https:\\\/\\\/www.facebook.com\\\/cvinoticias\",\"https:\\\/\\\/www.instagram.com\\\/cvinoticias\\\/\",\"https:\\\/\\\/www.youtube.com\\\/@CVINOTICIAS\"]},{\"@type\":\"Person\",\"@id\":\"https:\\\/\\\/cvinoticias.com\\\/v3\\\/#\\\/schema\\\/person\\\/2db77e3c6bc03c538495d7b2b8be9b66\",\"name\":\"f1000024\",\"image\":{\"@type\":\"ImageObject\",\"inLanguage\":\"es\",\"@id\":\"https:\\\/\\\/secure.gravatar.com\\\/avatar\\\/d4fe7459cfc51ff5129ce1a732bbef5928568b8092d412ef95611616376bbeed?s=96&d=mm&r=g\",\"url\":\"https:\\\/\\\/secure.gravatar.com\\\/avatar\\\/d4fe7459cfc51ff5129ce1a732bbef5928568b8092d412ef95611616376bbeed?s=96&d=mm&r=g\",\"contentUrl\":\"https:\\\/\\\/secure.gravatar.com\\\/avatar\\\/d4fe7459cfc51ff5129ce1a732bbef5928568b8092d412ef95611616376bbeed?s=96&d=mm&r=g\",\"caption\":\"f1000024\"},\"url\":\"https:\\\/\\\/cvinoticias.com\\\/v3\\\/author\\\/f1000024\\\/\"}]}<\/script>\n<!-- \/ Yoast SEO plugin. -->","yoast_head_json":{"title":"Inici\u00f3 el Encuentro Nacional de Salud Mental | CVI NOTICIAS","robots":{"index":"index","follow":"follow","max-snippet":"max-snippet:-1","max-image-preview":"max-image-preview:large","max-video-preview":"max-video-preview:-1"},"canonical":"https:\/\/cvinoticias.com\/v3\/inicio-el-encuentro-nacional-de-salud-mental\/","og_locale":"es_ES","og_type":"article","og_title":"Inici\u00f3 el Encuentro Nacional de Salud Mental | CVI NOTICIAS","og_description":"El Presidente abog\u00f3 por \u00abcambiar el abordaje\u00bb del tema en Argentina. Lo hizo en el al abrir el espacio que re\u00fanen autoridades, especialistas, referentes y trabajadores de todo el pa\u00eds para avanzar en la plena implementaci\u00f3n de la Ley Nacional 26.657. Al encabezar la jornada inaugural del Primer Encuentro Nacional de Salud Mental (ENSM) en [&hellip;]","og_url":"https:\/\/cvinoticias.com\/v3\/inicio-el-encuentro-nacional-de-salud-mental\/","og_site_name":"CVI NOTICIAS","article_publisher":"https:\/\/www.facebook.com\/cvinoticias","article_published_time":"2023-09-06T12:01:01+00:00","og_image":[{"width":1024,"height":576,"url":"https:\/\/cvinoticias.com\/wp-content\/uploads\/2023\/09\/21-3.jpg","type":"image\/jpeg"}],"author":"f1000024","twitter_card":"summary_large_image","twitter_misc":{"Escrito por":"f1000024","Tiempo de lectura":"6 minutos"},"schema":{"@context":"https:\/\/schema.org","@graph":[{"@type":"Article","@id":"https:\/\/cvinoticias.com\/v3\/inicio-el-encuentro-nacional-de-salud-mental\/#article","isPartOf":{"@id":"https:\/\/cvinoticias.com\/v3\/inicio-el-encuentro-nacional-de-salud-mental\/"},"author":{"name":"f1000024","@id":"https:\/\/cvinoticias.com\/v3\/#\/schema\/person\/2db77e3c6bc03c538495d7b2b8be9b66"},"headline":"Inici\u00f3 el Encuentro Nacional de Salud Mental","datePublished":"2023-09-06T12:01:01+00:00","mainEntityOfPage":{"@id":"https:\/\/cvinoticias.com\/v3\/inicio-el-encuentro-nacional-de-salud-mental\/"},"wordCount":1217,"commentCount":0,"publisher":{"@id":"https:\/\/cvinoticias.com\/v3\/#organization"},"image":{"@id":"https:\/\/cvinoticias.com\/v3\/inicio-el-encuentro-nacional-de-salud-mental\/#primaryimage"},"thumbnailUrl":"https:\/\/cvinoticias.com\/wp-content\/uploads\/2023\/09\/21-3.jpg","articleSection":["Salud"],"inLanguage":"es","potentialAction":[{"@type":"CommentAction","name":"Comment","target":["https:\/\/cvinoticias.com\/v3\/inicio-el-encuentro-nacional-de-salud-mental\/#respond"]}]},{"@type":"WebPage","@id":"https:\/\/cvinoticias.com\/v3\/inicio-el-encuentro-nacional-de-salud-mental\/","url":"https:\/\/cvinoticias.com\/v3\/inicio-el-encuentro-nacional-de-salud-mental\/","name":"Inici\u00f3 el Encuentro Nacional de Salud Mental | CVI NOTICIAS","isPartOf":{"@id":"https:\/\/cvinoticias.com\/v3\/#website"},"primaryImageOfPage":{"@id":"https:\/\/cvinoticias.com\/v3\/inicio-el-encuentro-nacional-de-salud-mental\/#primaryimage"},"image":{"@id":"https:\/\/cvinoticias.com\/v3\/inicio-el-encuentro-nacional-de-salud-mental\/#primaryimage"},"thumbnailUrl":"https:\/\/cvinoticias.com\/wp-content\/uploads\/2023\/09\/21-3.jpg","datePublished":"2023-09-06T12:01:01+00:00","breadcrumb":{"@id":"https:\/\/cvinoticias.com\/v3\/inicio-el-encuentro-nacional-de-salud-mental\/#breadcrumb"},"inLanguage":"es","potentialAction":[{"@type":"ReadAction","target":["https:\/\/cvinoticias.com\/v3\/inicio-el-encuentro-nacional-de-salud-mental\/"]}]},{"@type":"ImageObject","inLanguage":"es","@id":"https:\/\/cvinoticias.com\/v3\/inicio-el-encuentro-nacional-de-salud-mental\/#primaryimage","url":"https:\/\/cvinoticias.com\/wp-content\/uploads\/2023\/09\/21-3.jpg","contentUrl":"https:\/\/cvinoticias.com\/wp-content\/uploads\/2023\/09\/21-3.jpg","width":1024,"height":576},{"@type":"BreadcrumbList","@id":"https:\/\/cvinoticias.com\/v3\/inicio-el-encuentro-nacional-de-salud-mental\/#breadcrumb","itemListElement":[{"@type":"ListItem","position":1,"name":"Portada","item":"https:\/\/cvinoticias.com\/v3\/"},{"@type":"ListItem","position":2,"name":"Inici\u00f3 el Encuentro Nacional de Salud Mental"}]},{"@type":"WebSite","@id":"https:\/\/cvinoticias.com\/v3\/#website","url":"https:\/\/cvinoticias.com\/v3\/","name":"CVI NOTICIAS","description":"","publisher":{"@id":"https:\/\/cvinoticias.com\/v3\/#organization"},"alternateName":"CVI","potentialAction":[{"@type":"SearchAction","target":{"@type":"EntryPoint","urlTemplate":"https:\/\/cvinoticias.com\/v3\/?s={search_term_string}"},"query-input":{"@type":"PropertyValueSpecification","valueRequired":true,"valueName":"search_term_string"}}],"inLanguage":"es"},{"@type":"Organization","@id":"https:\/\/cvinoticias.com\/v3\/#organization","name":"CVI NOTICIAS","url":"https:\/\/cvinoticias.com\/v3\/","logo":{"@type":"ImageObject","inLanguage":"es","@id":"https:\/\/cvinoticias.com\/v3\/#\/schema\/logo\/image\/","url":"https:\/\/cvinoticias.com\/wp-content\/uploads\/2023\/04\/cropped-cropped-cropped-cropped-cropped-3-1.png","contentUrl":"https:\/\/cvinoticias.com\/wp-content\/uploads\/2023\/04\/cropped-cropped-cropped-cropped-cropped-3-1.png","width":95,"height":122,"caption":"CVI NOTICIAS"},"image":{"@id":"https:\/\/cvinoticias.com\/v3\/#\/schema\/logo\/image\/"},"sameAs":["https:\/\/www.facebook.com\/cvinoticias","https:\/\/www.instagram.com\/cvinoticias\/","https:\/\/www.youtube.com\/@CVINOTICIAS"]},{"@type":"Person","@id":"https:\/\/cvinoticias.com\/v3\/#\/schema\/person\/2db77e3c6bc03c538495d7b2b8be9b66","name":"f1000024","image":{"@type":"ImageObject","inLanguage":"es","@id":"https:\/\/secure.gravatar.com\/avatar\/d4fe7459cfc51ff5129ce1a732bbef5928568b8092d412ef95611616376bbeed?s=96&d=mm&r=g","url":"https:\/\/secure.gravatar.com\/avatar\/d4fe7459cfc51ff5129ce1a732bbef5928568b8092d412ef95611616376bbeed?s=96&d=mm&r=g","contentUrl":"https:\/\/secure.gravatar.com\/avatar\/d4fe7459cfc51ff5129ce1a732bbef5928568b8092d412ef95611616376bbeed?s=96&d=mm&r=g","caption":"f1000024"},"url":"https:\/\/cvinoticias.com\/v3\/author\/f1000024\/"}]}},"_links":{"self":[{"href":"https:\/\/cvinoticias.com\/v3\/wp-json\/wp\/v2\/posts\/27742","targetHints":{"allow":["GET"]}}],"collection":[{"href":"https:\/\/cvinoticias.com\/v3\/wp-json\/wp\/v2\/posts"}],"about":[{"href":"https:\/\/cvinoticias.com\/v3\/wp-json\/wp\/v2\/types\/post"}],"author":[{"embeddable":true,"href":"https:\/\/cvinoticias.com\/v3\/wp-json\/wp\/v2\/users\/2"}],"replies":[{"embeddable":true,"href":"https:\/\/cvinoticias.com\/v3\/wp-json\/wp\/v2\/comments?post=27742"}],"version-history":[{"count":1,"href":"https:\/\/cvinoticias.com\/v3\/wp-json\/wp\/v2\/posts\/27742\/revisions"}],"predecessor-version":[{"id":27744,"href":"https:\/\/cvinoticias.com\/v3\/wp-json\/wp\/v2\/posts\/27742\/revisions\/27744"}],"wp:featuredmedia":[{"embeddable":true,"href":"https:\/\/cvinoticias.com\/v3\/wp-json\/wp\/v2\/media\/27743"}],"wp:attachment":[{"href":"https:\/\/cvinoticias.com\/v3\/wp-json\/wp\/v2\/media?parent=27742"}],"wp:term":[{"taxonomy":"category","embeddable":true,"href":"https:\/\/cvinoticias.com\/v3\/wp-json\/wp\/v2\/categories?post=27742"},{"taxonomy":"post_tag","embeddable":true,"href":"https:\/\/cvinoticias.com\/v3\/wp-json\/wp\/v2\/tags?post=27742"}],"curies":[{"name":"wp","href":"https:\/\/api.w.org\/{rel}","templated":true}]}}