{"id":27708,"date":"2023-09-05T04:28:07","date_gmt":"2023-09-05T04:28:07","guid":{"rendered":"https:\/\/cvinoticias.com\/v3\/?p=27708"},"modified":"2023-09-05T04:28:07","modified_gmt":"2023-09-05T04:28:07","slug":"mas-de-200-comunidades-originarias-fueron-acompanadas-en-la-prevencion-y-abordaje-integral-de-las-violencias-de-genero","status":"publish","type":"post","link":"https:\/\/cvinoticias.com\/v3\/mas-de-200-comunidades-originarias-fueron-acompanadas-en-la-prevencion-y-abordaje-integral-de-las-violencias-de-genero\/","title":{"rendered":"M\u00e1s de 200 comunidades originarias fueron acompa\u00f1adas en la prevenci\u00f3n y abordaje integral de las violencias de g\u00e9nero"},"content":{"rendered":"\n<p><strong><em>La Coordinaci\u00f3n de Abordaje de la Violencia por razones de G\u00e9nero del Ministerio de la Mujer de la Naci\u00f3n, es la responsable de brindar respuestas en materia de pol\u00edticas p\u00fablicas a las problem\u00e1ticas espec\u00edficas, desde un abordaje intersectorial, intercultural, territorial y federal.<\/em><\/strong><\/p>\n\n\n\n<p>El Ministerio de las Mujeres, G\u00e9neros y Diversidad (MMGyD) acompa\u00f1\u00f3 a 233 comunidades originarias con pol\u00edticas de prevenci\u00f3n y abordaje de las violencias por motivos de g\u00e9nero, se inform\u00f3 oficialmente hoy, en el marco del D\u00eda Mundial de la Mujer Ind\u00edgena que se conmemora hoy . Seg\u00fan indicaron, el Programa Acercar Derechos (PAD) asisti\u00f3 a m\u00e1s de 25.200 mujeres y LGBTI+ en situaci\u00f3n de violencia de g\u00e9nero, de las cuales el 2,3% pertenece a pueblos ind\u00edgenas.<\/p>\n\n\n\n<p>Adem\u00e1s, por medio del Programa Producir, se fortalecieron o crearon 29 proyectos productivos de comunidades ind\u00edgenas. La Coordinaci\u00f3n de Abordaje de la Violencia por Razones de G\u00e9nero contra Integrantes de Pueblos Ind\u00edgenas es la unidad encargada de visualizar los desaf\u00edos y necesidades que surgen en los diversos territorios.<\/p>\n\n\n\n<p>Tambi\u00e9n de implementar acciones que den respuesta a las diversas problem\u00e1ticas de las mujeres y LGBTI+ originarias que ameritan una intervenci\u00f3n estatal, as\u00ed como de reconocer rol fundamental que tienen en sus comunidades como transmisoras de conocimiento, lenguas y tradiciones.<\/p>\n\n\n\n<p>El MMGyD, adem\u00e1s, lleva adelante capacitaciones y sensibilizaciones en materia de g\u00e9nero y diversidad desde una perspectiva intercultural destinadas a equipos t\u00e9cnicos de diversos organismos estatales y a integrantes de pueblos originarios.<\/p>\n\n\n\n<p>En 1983, durante el II Encuentro de Organizaciones y Movimientos de Am\u00e9rica en Tiahuanacu, Bolivia, se defini\u00f3 el 5 de septiembre como el D\u00eda Internacional de las Mujeres Ind\u00edgenas en homenaje a Bartolina Sisa, una mujer aymara asesinada en 1782 tras liderar una sublevaci\u00f3n ind\u00edgena contra la Corona espa\u00f1ola. El reconocimiento a su figura reivindica la lucha de las mujeres ind\u00edgenas contra todo tipo de opresi\u00f3n.<\/p>\n\n\n\n<p>Las acciones desarrolladas por el MMGyD contemplan las diferentes expresiones culturales presentes, como por ejemplo las lenguas propias de cada comunidad o las condiciones geogr\u00e1ficas de pertenencia, destacaron. En esta l\u00ednea, subrayaron que la folleter\u00eda y los diversos materiales de divulgaci\u00f3n de las pol\u00edticas y programas del MMGyD se encuentran disponibles en lenguas originarias.<\/p>\n\n\n\n<p>El MMGyD tambi\u00e9n lleva adelante capacitaciones y sensibilizaciones en materia de g\u00e9nero y diversidad desde una perspectiva intercultural destinadas a equipos t\u00e9cnicos de diversos organismos estatales y a integrantes de pueblos originarios.<\/p>\n\n\n\n<p>En este sentido, hace hincapi\u00e9 en que la violencia ejercida contra integrantes de comunidades ind\u00edgenas est\u00e1 atravesada por el proceso de colonizaci\u00f3n ya que, sobre esta base, se construy\u00f3 una pr\u00e1ctica de vulneraci\u00f3n de derechos sistem\u00e1tica sobre los cuerpos de las mujeres y ni\u00f1as ind\u00edgenas.<\/p>\n\n\n\n<p>En los encuentros y capacitaciones se brindan herramientas para la detecci\u00f3n temprana de situaciones de trata y explotaci\u00f3n y de violencias de g\u00e9nero de mujeres y LGBTI+ ind\u00edgenas, y se dan a conocer los recursos que ofrece el Estado Nacional frente a estos casos, subrayaron.<\/p>\n\n\n\n<p>Hasta la fecha fueron realizados m\u00e1s de 40 encuentros de formaci\u00f3n con m\u00e1s de 50 comunidades de todo el pa\u00eds; tambi\u00e9n, se realizaron jornadas para conocer las necesidades particulares de 62 comunidades ind\u00edgenas en relaci\u00f3n con el ingreso a los Programas Acompa\u00f1ar, Producir y Acercar Derechos.<\/p>\n\n\n\n<p>Por otra parte, en el marco de la Campa\u00f1a Nacional de Prevenci\u00f3n contra las Violencias por Motivos de G\u00e9nero, el ciclo \u201cDi\u00e1logo intercultural sobre violencias, racismo y abordaje integral como pol\u00edtica p\u00fablica\u201d reuni\u00f3 a m\u00e1s de 400 personas y 55 comunidades ind\u00edgenas de todo el pa\u00eds.<\/p>\n\n\n\n<p>Asimismo, se suscribieron convenios con la Facultad de Agronom\u00eda, de la Universidad de Buenos Aires, a fin de traducir a lenguas ind\u00edgenas (seis de los idiomas m\u00e1s hablados en la Argentina) la informaci\u00f3n de los programas del MMGyD, las piezas de comunicaci\u00f3n y textos de la Editorial Mingeneros.<\/p>\n","protected":false},"excerpt":{"rendered":"<p>La Coordinaci\u00f3n de Abordaje de la Violencia por razones de G\u00e9nero del Ministerio de la Mujer de la Naci\u00f3n, es la responsable de brindar respuestas en materia de pol\u00edticas p\u00fablicas a las problem\u00e1ticas espec\u00edficas, desde un abordaje intersectorial, intercultural, territorial y federal. El Ministerio de las Mujeres, G\u00e9neros y Diversidad (MMGyD) acompa\u00f1\u00f3 a 233 comunidades [&hellip;]<\/p>\n","protected":false},"author":2,"featured_media":27709,"comment_status":"open","ping_status":"open","sticky":false,"template":"","format":"standard","meta":{"footnotes":""},"categories":[35],"tags":[],"class_list":["post-27708","post","type-post","status-publish","format-standard","has-post-thumbnail","hentry","category-informacion-general"],"yoast_head":"<!-- This site is optimized with the Yoast SEO plugin v27.4 - https:\/\/yoast.com\/product\/yoast-seo-wordpress\/ -->\n<title>M\u00e1s de 200 comunidades originarias fueron acompa\u00f1adas en la prevenci\u00f3n y abordaje integral de las violencias de g\u00e9nero | CVI NOTICIAS<\/title>\n<meta name=\"robots\" content=\"index, follow, max-snippet:-1, max-image-preview:large, max-video-preview:-1\" \/>\n<link rel=\"canonical\" href=\"https:\/\/cvinoticias.com\/v3\/mas-de-200-comunidades-originarias-fueron-acompanadas-en-la-prevencion-y-abordaje-integral-de-las-violencias-de-genero\/\" \/>\n<meta property=\"og:locale\" content=\"es_ES\" \/>\n<meta property=\"og:type\" content=\"article\" \/>\n<meta property=\"og:title\" content=\"M\u00e1s de 200 comunidades originarias fueron acompa\u00f1adas en la prevenci\u00f3n y abordaje integral de las violencias de g\u00e9nero | CVI NOTICIAS\" \/>\n<meta property=\"og:description\" content=\"La Coordinaci\u00f3n de Abordaje de la Violencia por razones de G\u00e9nero del Ministerio de la Mujer de la Naci\u00f3n, es la responsable de brindar respuestas en materia de pol\u00edticas p\u00fablicas a las problem\u00e1ticas espec\u00edficas, desde un abordaje intersectorial, intercultural, territorial y federal. El Ministerio de las Mujeres, G\u00e9neros y Diversidad (MMGyD) acompa\u00f1\u00f3 a 233 comunidades [&hellip;]\" \/>\n<meta property=\"og:url\" content=\"https:\/\/cvinoticias.com\/v3\/mas-de-200-comunidades-originarias-fueron-acompanadas-en-la-prevencion-y-abordaje-integral-de-las-violencias-de-genero\/\" \/>\n<meta property=\"og:site_name\" content=\"CVI NOTICIAS\" \/>\n<meta property=\"article:publisher\" content=\"https:\/\/www.facebook.com\/cvinoticias\" \/>\n<meta property=\"article:published_time\" content=\"2023-09-05T04:28:07+00:00\" \/>\n<meta property=\"og:image\" content=\"https:\/\/cvinoticias.com\/wp-content\/uploads\/2023\/09\/29-2.jpeg\" \/>\n\t<meta property=\"og:image:width\" content=\"820\" \/>\n\t<meta property=\"og:image:height\" content=\"480\" \/>\n\t<meta property=\"og:image:type\" content=\"image\/jpeg\" \/>\n<meta name=\"author\" content=\"f1000024\" \/>\n<meta name=\"twitter:card\" content=\"summary_large_image\" \/>\n<meta name=\"twitter:label1\" content=\"Escrito por\" \/>\n\t<meta name=\"twitter:data1\" content=\"f1000024\" \/>\n\t<meta name=\"twitter:label2\" content=\"Tiempo de lectura\" \/>\n\t<meta name=\"twitter:data2\" content=\"3 minutos\" \/>\n<script type=\"application\/ld+json\" class=\"yoast-schema-graph\">{\"@context\":\"https:\\\/\\\/schema.org\",\"@graph\":[{\"@type\":\"Article\",\"@id\":\"https:\\\/\\\/cvinoticias.com\\\/v3\\\/mas-de-200-comunidades-originarias-fueron-acompanadas-en-la-prevencion-y-abordaje-integral-de-las-violencias-de-genero\\\/#article\",\"isPartOf\":{\"@id\":\"https:\\\/\\\/cvinoticias.com\\\/v3\\\/mas-de-200-comunidades-originarias-fueron-acompanadas-en-la-prevencion-y-abordaje-integral-de-las-violencias-de-genero\\\/\"},\"author\":{\"name\":\"f1000024\",\"@id\":\"https:\\\/\\\/cvinoticias.com\\\/v3\\\/#\\\/schema\\\/person\\\/2db77e3c6bc03c538495d7b2b8be9b66\"},\"headline\":\"M\u00e1s de 200 comunidades originarias fueron acompa\u00f1adas en la prevenci\u00f3n y abordaje integral de las violencias de g\u00e9nero\",\"datePublished\":\"2023-09-05T04:28:07+00:00\",\"mainEntityOfPage\":{\"@id\":\"https:\\\/\\\/cvinoticias.com\\\/v3\\\/mas-de-200-comunidades-originarias-fueron-acompanadas-en-la-prevencion-y-abordaje-integral-de-las-violencias-de-genero\\\/\"},\"wordCount\":707,\"commentCount\":0,\"publisher\":{\"@id\":\"https:\\\/\\\/cvinoticias.com\\\/v3\\\/#organization\"},\"image\":{\"@id\":\"https:\\\/\\\/cvinoticias.com\\\/v3\\\/mas-de-200-comunidades-originarias-fueron-acompanadas-en-la-prevencion-y-abordaje-integral-de-las-violencias-de-genero\\\/#primaryimage\"},\"thumbnailUrl\":\"https:\\\/\\\/cvinoticias.com\\\/wp-content\\\/uploads\\\/2023\\\/09\\\/29-2.jpeg\",\"articleSection\":[\"Informaci\u00f3n General\"],\"inLanguage\":\"es\",\"potentialAction\":[{\"@type\":\"CommentAction\",\"name\":\"Comment\",\"target\":[\"https:\\\/\\\/cvinoticias.com\\\/v3\\\/mas-de-200-comunidades-originarias-fueron-acompanadas-en-la-prevencion-y-abordaje-integral-de-las-violencias-de-genero\\\/#respond\"]}]},{\"@type\":\"WebPage\",\"@id\":\"https:\\\/\\\/cvinoticias.com\\\/v3\\\/mas-de-200-comunidades-originarias-fueron-acompanadas-en-la-prevencion-y-abordaje-integral-de-las-violencias-de-genero\\\/\",\"url\":\"https:\\\/\\\/cvinoticias.com\\\/v3\\\/mas-de-200-comunidades-originarias-fueron-acompanadas-en-la-prevencion-y-abordaje-integral-de-las-violencias-de-genero\\\/\",\"name\":\"M\u00e1s de 200 comunidades originarias fueron acompa\u00f1adas en la prevenci\u00f3n y abordaje integral de las violencias de g\u00e9nero | CVI NOTICIAS\",\"isPartOf\":{\"@id\":\"https:\\\/\\\/cvinoticias.com\\\/v3\\\/#website\"},\"primaryImageOfPage\":{\"@id\":\"https:\\\/\\\/cvinoticias.com\\\/v3\\\/mas-de-200-comunidades-originarias-fueron-acompanadas-en-la-prevencion-y-abordaje-integral-de-las-violencias-de-genero\\\/#primaryimage\"},\"image\":{\"@id\":\"https:\\\/\\\/cvinoticias.com\\\/v3\\\/mas-de-200-comunidades-originarias-fueron-acompanadas-en-la-prevencion-y-abordaje-integral-de-las-violencias-de-genero\\\/#primaryimage\"},\"thumbnailUrl\":\"https:\\\/\\\/cvinoticias.com\\\/wp-content\\\/uploads\\\/2023\\\/09\\\/29-2.jpeg\",\"datePublished\":\"2023-09-05T04:28:07+00:00\",\"breadcrumb\":{\"@id\":\"https:\\\/\\\/cvinoticias.com\\\/v3\\\/mas-de-200-comunidades-originarias-fueron-acompanadas-en-la-prevencion-y-abordaje-integral-de-las-violencias-de-genero\\\/#breadcrumb\"},\"inLanguage\":\"es\",\"potentialAction\":[{\"@type\":\"ReadAction\",\"target\":[\"https:\\\/\\\/cvinoticias.com\\\/v3\\\/mas-de-200-comunidades-originarias-fueron-acompanadas-en-la-prevencion-y-abordaje-integral-de-las-violencias-de-genero\\\/\"]}]},{\"@type\":\"ImageObject\",\"inLanguage\":\"es\",\"@id\":\"https:\\\/\\\/cvinoticias.com\\\/v3\\\/mas-de-200-comunidades-originarias-fueron-acompanadas-en-la-prevencion-y-abordaje-integral-de-las-violencias-de-genero\\\/#primaryimage\",\"url\":\"https:\\\/\\\/cvinoticias.com\\\/wp-content\\\/uploads\\\/2023\\\/09\\\/29-2.jpeg\",\"contentUrl\":\"https:\\\/\\\/cvinoticias.com\\\/wp-content\\\/uploads\\\/2023\\\/09\\\/29-2.jpeg\",\"width\":820,\"height\":480},{\"@type\":\"BreadcrumbList\",\"@id\":\"https:\\\/\\\/cvinoticias.com\\\/v3\\\/mas-de-200-comunidades-originarias-fueron-acompanadas-en-la-prevencion-y-abordaje-integral-de-las-violencias-de-genero\\\/#breadcrumb\",\"itemListElement\":[{\"@type\":\"ListItem\",\"position\":1,\"name\":\"Portada\",\"item\":\"https:\\\/\\\/cvinoticias.com\\\/v3\\\/\"},{\"@type\":\"ListItem\",\"position\":2,\"name\":\"M\u00e1s de 200 comunidades originarias fueron acompa\u00f1adas en la prevenci\u00f3n y abordaje integral de las violencias de g\u00e9nero\"}]},{\"@type\":\"WebSite\",\"@id\":\"https:\\\/\\\/cvinoticias.com\\\/v3\\\/#website\",\"url\":\"https:\\\/\\\/cvinoticias.com\\\/v3\\\/\",\"name\":\"CVI NOTICIAS\",\"description\":\"\",\"publisher\":{\"@id\":\"https:\\\/\\\/cvinoticias.com\\\/v3\\\/#organization\"},\"alternateName\":\"CVI\",\"potentialAction\":[{\"@type\":\"SearchAction\",\"target\":{\"@type\":\"EntryPoint\",\"urlTemplate\":\"https:\\\/\\\/cvinoticias.com\\\/v3\\\/?s={search_term_string}\"},\"query-input\":{\"@type\":\"PropertyValueSpecification\",\"valueRequired\":true,\"valueName\":\"search_term_string\"}}],\"inLanguage\":\"es\"},{\"@type\":\"Organization\",\"@id\":\"https:\\\/\\\/cvinoticias.com\\\/v3\\\/#organization\",\"name\":\"CVI NOTICIAS\",\"url\":\"https:\\\/\\\/cvinoticias.com\\\/v3\\\/\",\"logo\":{\"@type\":\"ImageObject\",\"inLanguage\":\"es\",\"@id\":\"https:\\\/\\\/cvinoticias.com\\\/v3\\\/#\\\/schema\\\/logo\\\/image\\\/\",\"url\":\"https:\\\/\\\/cvinoticias.com\\\/wp-content\\\/uploads\\\/2023\\\/04\\\/cropped-cropped-cropped-cropped-cropped-3-1.png\",\"contentUrl\":\"https:\\\/\\\/cvinoticias.com\\\/wp-content\\\/uploads\\\/2023\\\/04\\\/cropped-cropped-cropped-cropped-cropped-3-1.png\",\"width\":95,\"height\":122,\"caption\":\"CVI NOTICIAS\"},\"image\":{\"@id\":\"https:\\\/\\\/cvinoticias.com\\\/v3\\\/#\\\/schema\\\/logo\\\/image\\\/\"},\"sameAs\":[\"https:\\\/\\\/www.facebook.com\\\/cvinoticias\",\"https:\\\/\\\/www.instagram.com\\\/cvinoticias\\\/\",\"https:\\\/\\\/www.youtube.com\\\/@CVINOTICIAS\"]},{\"@type\":\"Person\",\"@id\":\"https:\\\/\\\/cvinoticias.com\\\/v3\\\/#\\\/schema\\\/person\\\/2db77e3c6bc03c538495d7b2b8be9b66\",\"name\":\"f1000024\",\"image\":{\"@type\":\"ImageObject\",\"inLanguage\":\"es\",\"@id\":\"https:\\\/\\\/secure.gravatar.com\\\/avatar\\\/d4fe7459cfc51ff5129ce1a732bbef5928568b8092d412ef95611616376bbeed?s=96&d=mm&r=g\",\"url\":\"https:\\\/\\\/secure.gravatar.com\\\/avatar\\\/d4fe7459cfc51ff5129ce1a732bbef5928568b8092d412ef95611616376bbeed?s=96&d=mm&r=g\",\"contentUrl\":\"https:\\\/\\\/secure.gravatar.com\\\/avatar\\\/d4fe7459cfc51ff5129ce1a732bbef5928568b8092d412ef95611616376bbeed?s=96&d=mm&r=g\",\"caption\":\"f1000024\"},\"url\":\"https:\\\/\\\/cvinoticias.com\\\/v3\\\/author\\\/f1000024\\\/\"}]}<\/script>\n<!-- \/ Yoast SEO plugin. -->","yoast_head_json":{"title":"M\u00e1s de 200 comunidades originarias fueron acompa\u00f1adas en la prevenci\u00f3n y abordaje integral de las violencias de g\u00e9nero | CVI NOTICIAS","robots":{"index":"index","follow":"follow","max-snippet":"max-snippet:-1","max-image-preview":"max-image-preview:large","max-video-preview":"max-video-preview:-1"},"canonical":"https:\/\/cvinoticias.com\/v3\/mas-de-200-comunidades-originarias-fueron-acompanadas-en-la-prevencion-y-abordaje-integral-de-las-violencias-de-genero\/","og_locale":"es_ES","og_type":"article","og_title":"M\u00e1s de 200 comunidades originarias fueron acompa\u00f1adas en la prevenci\u00f3n y abordaje integral de las violencias de g\u00e9nero | CVI NOTICIAS","og_description":"La Coordinaci\u00f3n de Abordaje de la Violencia por razones de G\u00e9nero del Ministerio de la Mujer de la Naci\u00f3n, es la responsable de brindar respuestas en materia de pol\u00edticas p\u00fablicas a las problem\u00e1ticas espec\u00edficas, desde un abordaje intersectorial, intercultural, territorial y federal. El Ministerio de las Mujeres, G\u00e9neros y Diversidad (MMGyD) acompa\u00f1\u00f3 a 233 comunidades [&hellip;]","og_url":"https:\/\/cvinoticias.com\/v3\/mas-de-200-comunidades-originarias-fueron-acompanadas-en-la-prevencion-y-abordaje-integral-de-las-violencias-de-genero\/","og_site_name":"CVI NOTICIAS","article_publisher":"https:\/\/www.facebook.com\/cvinoticias","article_published_time":"2023-09-05T04:28:07+00:00","og_image":[{"width":820,"height":480,"url":"https:\/\/cvinoticias.com\/wp-content\/uploads\/2023\/09\/29-2.jpeg","type":"image\/jpeg"}],"author":"f1000024","twitter_card":"summary_large_image","twitter_misc":{"Escrito por":"f1000024","Tiempo de lectura":"3 minutos"},"schema":{"@context":"https:\/\/schema.org","@graph":[{"@type":"Article","@id":"https:\/\/cvinoticias.com\/v3\/mas-de-200-comunidades-originarias-fueron-acompanadas-en-la-prevencion-y-abordaje-integral-de-las-violencias-de-genero\/#article","isPartOf":{"@id":"https:\/\/cvinoticias.com\/v3\/mas-de-200-comunidades-originarias-fueron-acompanadas-en-la-prevencion-y-abordaje-integral-de-las-violencias-de-genero\/"},"author":{"name":"f1000024","@id":"https:\/\/cvinoticias.com\/v3\/#\/schema\/person\/2db77e3c6bc03c538495d7b2b8be9b66"},"headline":"M\u00e1s de 200 comunidades originarias fueron acompa\u00f1adas en la prevenci\u00f3n y abordaje integral de las violencias de g\u00e9nero","datePublished":"2023-09-05T04:28:07+00:00","mainEntityOfPage":{"@id":"https:\/\/cvinoticias.com\/v3\/mas-de-200-comunidades-originarias-fueron-acompanadas-en-la-prevencion-y-abordaje-integral-de-las-violencias-de-genero\/"},"wordCount":707,"commentCount":0,"publisher":{"@id":"https:\/\/cvinoticias.com\/v3\/#organization"},"image":{"@id":"https:\/\/cvinoticias.com\/v3\/mas-de-200-comunidades-originarias-fueron-acompanadas-en-la-prevencion-y-abordaje-integral-de-las-violencias-de-genero\/#primaryimage"},"thumbnailUrl":"https:\/\/cvinoticias.com\/wp-content\/uploads\/2023\/09\/29-2.jpeg","articleSection":["Informaci\u00f3n General"],"inLanguage":"es","potentialAction":[{"@type":"CommentAction","name":"Comment","target":["https:\/\/cvinoticias.com\/v3\/mas-de-200-comunidades-originarias-fueron-acompanadas-en-la-prevencion-y-abordaje-integral-de-las-violencias-de-genero\/#respond"]}]},{"@type":"WebPage","@id":"https:\/\/cvinoticias.com\/v3\/mas-de-200-comunidades-originarias-fueron-acompanadas-en-la-prevencion-y-abordaje-integral-de-las-violencias-de-genero\/","url":"https:\/\/cvinoticias.com\/v3\/mas-de-200-comunidades-originarias-fueron-acompanadas-en-la-prevencion-y-abordaje-integral-de-las-violencias-de-genero\/","name":"M\u00e1s de 200 comunidades originarias fueron acompa\u00f1adas en la prevenci\u00f3n y abordaje integral de las violencias de g\u00e9nero | CVI NOTICIAS","isPartOf":{"@id":"https:\/\/cvinoticias.com\/v3\/#website"},"primaryImageOfPage":{"@id":"https:\/\/cvinoticias.com\/v3\/mas-de-200-comunidades-originarias-fueron-acompanadas-en-la-prevencion-y-abordaje-integral-de-las-violencias-de-genero\/#primaryimage"},"image":{"@id":"https:\/\/cvinoticias.com\/v3\/mas-de-200-comunidades-originarias-fueron-acompanadas-en-la-prevencion-y-abordaje-integral-de-las-violencias-de-genero\/#primaryimage"},"thumbnailUrl":"https:\/\/cvinoticias.com\/wp-content\/uploads\/2023\/09\/29-2.jpeg","datePublished":"2023-09-05T04:28:07+00:00","breadcrumb":{"@id":"https:\/\/cvinoticias.com\/v3\/mas-de-200-comunidades-originarias-fueron-acompanadas-en-la-prevencion-y-abordaje-integral-de-las-violencias-de-genero\/#breadcrumb"},"inLanguage":"es","potentialAction":[{"@type":"ReadAction","target":["https:\/\/cvinoticias.com\/v3\/mas-de-200-comunidades-originarias-fueron-acompanadas-en-la-prevencion-y-abordaje-integral-de-las-violencias-de-genero\/"]}]},{"@type":"ImageObject","inLanguage":"es","@id":"https:\/\/cvinoticias.com\/v3\/mas-de-200-comunidades-originarias-fueron-acompanadas-en-la-prevencion-y-abordaje-integral-de-las-violencias-de-genero\/#primaryimage","url":"https:\/\/cvinoticias.com\/wp-content\/uploads\/2023\/09\/29-2.jpeg","contentUrl":"https:\/\/cvinoticias.com\/wp-content\/uploads\/2023\/09\/29-2.jpeg","width":820,"height":480},{"@type":"BreadcrumbList","@id":"https:\/\/cvinoticias.com\/v3\/mas-de-200-comunidades-originarias-fueron-acompanadas-en-la-prevencion-y-abordaje-integral-de-las-violencias-de-genero\/#breadcrumb","itemListElement":[{"@type":"ListItem","position":1,"name":"Portada","item":"https:\/\/cvinoticias.com\/v3\/"},{"@type":"ListItem","position":2,"name":"M\u00e1s de 200 comunidades originarias fueron acompa\u00f1adas en la prevenci\u00f3n y abordaje integral de las violencias de g\u00e9nero"}]},{"@type":"WebSite","@id":"https:\/\/cvinoticias.com\/v3\/#website","url":"https:\/\/cvinoticias.com\/v3\/","name":"CVI NOTICIAS","description":"","publisher":{"@id":"https:\/\/cvinoticias.com\/v3\/#organization"},"alternateName":"CVI","potentialAction":[{"@type":"SearchAction","target":{"@type":"EntryPoint","urlTemplate":"https:\/\/cvinoticias.com\/v3\/?s={search_term_string}"},"query-input":{"@type":"PropertyValueSpecification","valueRequired":true,"valueName":"search_term_string"}}],"inLanguage":"es"},{"@type":"Organization","@id":"https:\/\/cvinoticias.com\/v3\/#organization","name":"CVI NOTICIAS","url":"https:\/\/cvinoticias.com\/v3\/","logo":{"@type":"ImageObject","inLanguage":"es","@id":"https:\/\/cvinoticias.com\/v3\/#\/schema\/logo\/image\/","url":"https:\/\/cvinoticias.com\/wp-content\/uploads\/2023\/04\/cropped-cropped-cropped-cropped-cropped-3-1.png","contentUrl":"https:\/\/cvinoticias.com\/wp-content\/uploads\/2023\/04\/cropped-cropped-cropped-cropped-cropped-3-1.png","width":95,"height":122,"caption":"CVI NOTICIAS"},"image":{"@id":"https:\/\/cvinoticias.com\/v3\/#\/schema\/logo\/image\/"},"sameAs":["https:\/\/www.facebook.com\/cvinoticias","https:\/\/www.instagram.com\/cvinoticias\/","https:\/\/www.youtube.com\/@CVINOTICIAS"]},{"@type":"Person","@id":"https:\/\/cvinoticias.com\/v3\/#\/schema\/person\/2db77e3c6bc03c538495d7b2b8be9b66","name":"f1000024","image":{"@type":"ImageObject","inLanguage":"es","@id":"https:\/\/secure.gravatar.com\/avatar\/d4fe7459cfc51ff5129ce1a732bbef5928568b8092d412ef95611616376bbeed?s=96&d=mm&r=g","url":"https:\/\/secure.gravatar.com\/avatar\/d4fe7459cfc51ff5129ce1a732bbef5928568b8092d412ef95611616376bbeed?s=96&d=mm&r=g","contentUrl":"https:\/\/secure.gravatar.com\/avatar\/d4fe7459cfc51ff5129ce1a732bbef5928568b8092d412ef95611616376bbeed?s=96&d=mm&r=g","caption":"f1000024"},"url":"https:\/\/cvinoticias.com\/v3\/author\/f1000024\/"}]}},"_links":{"self":[{"href":"https:\/\/cvinoticias.com\/v3\/wp-json\/wp\/v2\/posts\/27708","targetHints":{"allow":["GET"]}}],"collection":[{"href":"https:\/\/cvinoticias.com\/v3\/wp-json\/wp\/v2\/posts"}],"about":[{"href":"https:\/\/cvinoticias.com\/v3\/wp-json\/wp\/v2\/types\/post"}],"author":[{"embeddable":true,"href":"https:\/\/cvinoticias.com\/v3\/wp-json\/wp\/v2\/users\/2"}],"replies":[{"embeddable":true,"href":"https:\/\/cvinoticias.com\/v3\/wp-json\/wp\/v2\/comments?post=27708"}],"version-history":[{"count":1,"href":"https:\/\/cvinoticias.com\/v3\/wp-json\/wp\/v2\/posts\/27708\/revisions"}],"predecessor-version":[{"id":27710,"href":"https:\/\/cvinoticias.com\/v3\/wp-json\/wp\/v2\/posts\/27708\/revisions\/27710"}],"wp:featuredmedia":[{"embeddable":true,"href":"https:\/\/cvinoticias.com\/v3\/wp-json\/wp\/v2\/media\/27709"}],"wp:attachment":[{"href":"https:\/\/cvinoticias.com\/v3\/wp-json\/wp\/v2\/media?parent=27708"}],"wp:term":[{"taxonomy":"category","embeddable":true,"href":"https:\/\/cvinoticias.com\/v3\/wp-json\/wp\/v2\/categories?post=27708"},{"taxonomy":"post_tag","embeddable":true,"href":"https:\/\/cvinoticias.com\/v3\/wp-json\/wp\/v2\/tags?post=27708"}],"curies":[{"name":"wp","href":"https:\/\/api.w.org\/{rel}","templated":true}]}}