{"id":2749,"date":"2021-02-19T13:33:41","date_gmt":"2021-02-19T13:33:41","guid":{"rendered":"https:\/\/cvinoticias.com\/v3\/?p=2749"},"modified":"2021-02-19T13:33:41","modified_gmt":"2021-02-19T13:33:41","slug":"hospitalizaron-a-dos-integrantes-de-ecologia-que-fueron-atacados-a-tiros-presuntamente-por-cazadores-hay-tres-detenidos","status":"publish","type":"post","link":"https:\/\/cvinoticias.com\/v3\/hospitalizaron-a-dos-integrantes-de-ecologia-que-fueron-atacados-a-tiros-presuntamente-por-cazadores-hay-tres-detenidos\/","title":{"rendered":"Hospitalizaron a dos integrantes de Ecolog\u00eda que fueron atacados a tiros presuntamente por cazadores: hay tres detenidos"},"content":{"rendered":"\n<p><strong><em>Todo sucedi\u00f3 anoche, alrededor de las 23 hs, cuando integrantes del Ministerio de Ecolog\u00eda en conjunto con la Divisi\u00f3n Lacustre y Divisi\u00f3n Defensa del Medio Ambiente de la Unidad Regional V, realizaban operativos de prevenci\u00f3n en un sector denominado \u201cIsla del Sol\u201d de Puerto Libertad. En esas circunstancias, interceptaron una embarcaci\u00f3n con presuntos cazadores furtivos quienes efectuaron disparos para para evitar ser identificados.<\/em><\/strong><\/p>\n\n\n\n<p>Como consecuencia, dos Guardaparques del Ministerio de Ecolog\u00eda resultaron heridos y fueron trasladados al Samic de Eldorado, donde el m\u00e9dico de turno diagnostic\u00f3 para uno de ellos lesi\u00f3n puntiformes en la regi\u00f3n del cuello y se\u00f1al\u00f3 que el segundo herido presenta lesi\u00f3n puntiforme en el brazo y pierna izquierda, heridas que les demandar\u00e1n 15 d\u00edas de curaci\u00f3n.<\/p>\n\n\n\n<p>Minutos despu\u00e9s, a ra\u00edz de un operativo cerrojo por la zona, fueron detenidos dos de los causantes de la agresi\u00f3n, identificados como Diego F. de 22 a\u00f1os, quien tambi\u00e9n result\u00f3 con heridas en la espalda y piernas, y Luis M., que registraba pedido de arresto por un hecho de da\u00f1os y resistencia a la autoridad. Adem\u00e1s, en su poder se incautaron 5 cartuchos calibre N\u00b012.<\/p>\n\n\n\n<p>Posteriormente, los efectivos tomaron conocimiento que en el Samic de Puerto Iguaz\u00fa, ingres\u00f3 un joven con una herida de arma de fuego en su pierna, quien al ser examinado por un m\u00e9dico diagnostic\u00f3 que se encuentra fuera de peligro, por lo que fue demorado por guardar relaci\u00f3n al hecho que se investiga.<\/p>\n\n\n\n<p>Los detenidos fueron trasladados y alojados en sede policial a disposici\u00f3n del Juzgado de Instrucci\u00f3n N\u00b03 de Puerto Iguaz\u00fa.<\/p>\n\n\n\n<p>Trabajaron en el procedimiento las comisar\u00edas de Puerto Libertad, Wanda y Esperanza, como as\u00ed tambi\u00e9n el personal de Infanter\u00eda Zona Norte.<\/p>\n","protected":false},"excerpt":{"rendered":"<p>Todo sucedi\u00f3 anoche, alrededor de las 23 hs, cuando integrantes del Ministerio de Ecolog\u00eda en conjunto con la Divisi\u00f3n Lacustre y Divisi\u00f3n Defensa del Medio Ambiente de la Unidad Regional V, realizaban operativos de prevenci\u00f3n en un sector denominado \u201cIsla del Sol\u201d de Puerto Libertad. En esas circunstancias, interceptaron una embarcaci\u00f3n con presuntos cazadores furtivos [&hellip;]<\/p>\n","protected":false},"author":2,"featured_media":2750,"comment_status":"open","ping_status":"open","sticky":false,"template":"","format":"standard","meta":{"footnotes":""},"categories":[41],"tags":[],"class_list":["post-2749","post","type-post","status-publish","format-standard","has-post-thumbnail","hentry","category-policiales"],"yoast_head":"<!-- This site is optimized with the Yoast SEO plugin v27.5 - https:\/\/yoast.com\/product\/yoast-seo-wordpress\/ -->\n<title>Hospitalizaron a dos integrantes de Ecolog\u00eda que fueron atacados a tiros presuntamente por cazadores: hay tres detenidos | CVI NOTICIAS<\/title>\n<meta name=\"robots\" content=\"index, follow, max-snippet:-1, max-image-preview:large, max-video-preview:-1\" \/>\n<link rel=\"canonical\" href=\"https:\/\/cvinoticias.com\/v3\/hospitalizaron-a-dos-integrantes-de-ecologia-que-fueron-atacados-a-tiros-presuntamente-por-cazadores-hay-tres-detenidos\/\" \/>\n<meta property=\"og:locale\" content=\"es_ES\" \/>\n<meta property=\"og:type\" content=\"article\" \/>\n<meta property=\"og:title\" content=\"Hospitalizaron a dos integrantes de Ecolog\u00eda que fueron atacados a tiros presuntamente por cazadores: hay tres detenidos | CVI NOTICIAS\" \/>\n<meta property=\"og:description\" content=\"Todo sucedi\u00f3 anoche, alrededor de las 23 hs, cuando integrantes del Ministerio de Ecolog\u00eda en conjunto con la Divisi\u00f3n Lacustre y Divisi\u00f3n Defensa del Medio Ambiente de la Unidad Regional V, realizaban operativos de prevenci\u00f3n en un sector denominado \u201cIsla del Sol\u201d de Puerto Libertad. En esas circunstancias, interceptaron una embarcaci\u00f3n con presuntos cazadores furtivos [&hellip;]\" \/>\n<meta property=\"og:url\" content=\"https:\/\/cvinoticias.com\/v3\/hospitalizaron-a-dos-integrantes-de-ecologia-que-fueron-atacados-a-tiros-presuntamente-por-cazadores-hay-tres-detenidos\/\" \/>\n<meta property=\"og:site_name\" content=\"CVI NOTICIAS\" \/>\n<meta property=\"article:publisher\" content=\"https:\/\/www.facebook.com\/cvinoticias\" \/>\n<meta property=\"article:published_time\" content=\"2021-02-19T13:33:41+00:00\" \/>\n<meta property=\"og:image\" content=\"https:\/\/cvinoticias.com\/wp-content\/uploads\/2021\/02\/FB_IMG_1613741335775.jpg\" \/>\n\t<meta property=\"og:image:width\" content=\"530\" \/>\n\t<meta property=\"og:image:height\" content=\"529\" \/>\n\t<meta property=\"og:image:type\" content=\"image\/jpeg\" \/>\n<meta name=\"author\" content=\"f1000024\" \/>\n<meta name=\"twitter:card\" content=\"summary_large_image\" \/>\n<meta name=\"twitter:label1\" content=\"Escrito por\" \/>\n\t<meta name=\"twitter:data1\" content=\"f1000024\" \/>\n\t<meta name=\"twitter:label2\" content=\"Tiempo de lectura\" \/>\n\t<meta name=\"twitter:data2\" content=\"2 minutos\" \/>\n<script type=\"application\/ld+json\" class=\"yoast-schema-graph\">{\"@context\":\"https:\\\/\\\/schema.org\",\"@graph\":[{\"@type\":\"Article\",\"@id\":\"https:\\\/\\\/cvinoticias.com\\\/v3\\\/hospitalizaron-a-dos-integrantes-de-ecologia-que-fueron-atacados-a-tiros-presuntamente-por-cazadores-hay-tres-detenidos\\\/#article\",\"isPartOf\":{\"@id\":\"https:\\\/\\\/cvinoticias.com\\\/v3\\\/hospitalizaron-a-dos-integrantes-de-ecologia-que-fueron-atacados-a-tiros-presuntamente-por-cazadores-hay-tres-detenidos\\\/\"},\"author\":{\"name\":\"f1000024\",\"@id\":\"https:\\\/\\\/cvinoticias.com\\\/v3\\\/#\\\/schema\\\/person\\\/2db77e3c6bc03c538495d7b2b8be9b66\"},\"headline\":\"Hospitalizaron a dos integrantes de Ecolog\u00eda que fueron atacados a tiros presuntamente por cazadores: hay tres detenidos\",\"datePublished\":\"2021-02-19T13:33:41+00:00\",\"mainEntityOfPage\":{\"@id\":\"https:\\\/\\\/cvinoticias.com\\\/v3\\\/hospitalizaron-a-dos-integrantes-de-ecologia-que-fueron-atacados-a-tiros-presuntamente-por-cazadores-hay-tres-detenidos\\\/\"},\"wordCount\":319,\"commentCount\":0,\"publisher\":{\"@id\":\"https:\\\/\\\/cvinoticias.com\\\/v3\\\/#organization\"},\"image\":{\"@id\":\"https:\\\/\\\/cvinoticias.com\\\/v3\\\/hospitalizaron-a-dos-integrantes-de-ecologia-que-fueron-atacados-a-tiros-presuntamente-por-cazadores-hay-tres-detenidos\\\/#primaryimage\"},\"thumbnailUrl\":\"https:\\\/\\\/cvinoticias.com\\\/wp-content\\\/uploads\\\/2021\\\/02\\\/FB_IMG_1613741335775.jpg\",\"articleSection\":[\"Policiales\"],\"inLanguage\":\"es\",\"potentialAction\":[{\"@type\":\"CommentAction\",\"name\":\"Comment\",\"target\":[\"https:\\\/\\\/cvinoticias.com\\\/v3\\\/hospitalizaron-a-dos-integrantes-de-ecologia-que-fueron-atacados-a-tiros-presuntamente-por-cazadores-hay-tres-detenidos\\\/#respond\"]}]},{\"@type\":\"WebPage\",\"@id\":\"https:\\\/\\\/cvinoticias.com\\\/v3\\\/hospitalizaron-a-dos-integrantes-de-ecologia-que-fueron-atacados-a-tiros-presuntamente-por-cazadores-hay-tres-detenidos\\\/\",\"url\":\"https:\\\/\\\/cvinoticias.com\\\/v3\\\/hospitalizaron-a-dos-integrantes-de-ecologia-que-fueron-atacados-a-tiros-presuntamente-por-cazadores-hay-tres-detenidos\\\/\",\"name\":\"Hospitalizaron a dos integrantes de Ecolog\u00eda que fueron atacados a tiros presuntamente por cazadores: hay tres detenidos | CVI NOTICIAS\",\"isPartOf\":{\"@id\":\"https:\\\/\\\/cvinoticias.com\\\/v3\\\/#website\"},\"primaryImageOfPage\":{\"@id\":\"https:\\\/\\\/cvinoticias.com\\\/v3\\\/hospitalizaron-a-dos-integrantes-de-ecologia-que-fueron-atacados-a-tiros-presuntamente-por-cazadores-hay-tres-detenidos\\\/#primaryimage\"},\"image\":{\"@id\":\"https:\\\/\\\/cvinoticias.com\\\/v3\\\/hospitalizaron-a-dos-integrantes-de-ecologia-que-fueron-atacados-a-tiros-presuntamente-por-cazadores-hay-tres-detenidos\\\/#primaryimage\"},\"thumbnailUrl\":\"https:\\\/\\\/cvinoticias.com\\\/wp-content\\\/uploads\\\/2021\\\/02\\\/FB_IMG_1613741335775.jpg\",\"datePublished\":\"2021-02-19T13:33:41+00:00\",\"breadcrumb\":{\"@id\":\"https:\\\/\\\/cvinoticias.com\\\/v3\\\/hospitalizaron-a-dos-integrantes-de-ecologia-que-fueron-atacados-a-tiros-presuntamente-por-cazadores-hay-tres-detenidos\\\/#breadcrumb\"},\"inLanguage\":\"es\",\"potentialAction\":[{\"@type\":\"ReadAction\",\"target\":[\"https:\\\/\\\/cvinoticias.com\\\/v3\\\/hospitalizaron-a-dos-integrantes-de-ecologia-que-fueron-atacados-a-tiros-presuntamente-por-cazadores-hay-tres-detenidos\\\/\"]}]},{\"@type\":\"ImageObject\",\"inLanguage\":\"es\",\"@id\":\"https:\\\/\\\/cvinoticias.com\\\/v3\\\/hospitalizaron-a-dos-integrantes-de-ecologia-que-fueron-atacados-a-tiros-presuntamente-por-cazadores-hay-tres-detenidos\\\/#primaryimage\",\"url\":\"https:\\\/\\\/cvinoticias.com\\\/wp-content\\\/uploads\\\/2021\\\/02\\\/FB_IMG_1613741335775.jpg\",\"contentUrl\":\"https:\\\/\\\/cvinoticias.com\\\/wp-content\\\/uploads\\\/2021\\\/02\\\/FB_IMG_1613741335775.jpg\",\"width\":530,\"height\":529},{\"@type\":\"BreadcrumbList\",\"@id\":\"https:\\\/\\\/cvinoticias.com\\\/v3\\\/hospitalizaron-a-dos-integrantes-de-ecologia-que-fueron-atacados-a-tiros-presuntamente-por-cazadores-hay-tres-detenidos\\\/#breadcrumb\",\"itemListElement\":[{\"@type\":\"ListItem\",\"position\":1,\"name\":\"Portada\",\"item\":\"https:\\\/\\\/cvinoticias.com\\\/v3\\\/\"},{\"@type\":\"ListItem\",\"position\":2,\"name\":\"Hospitalizaron a dos integrantes de Ecolog\u00eda que fueron atacados a tiros presuntamente por cazadores: hay tres detenidos\"}]},{\"@type\":\"WebSite\",\"@id\":\"https:\\\/\\\/cvinoticias.com\\\/v3\\\/#website\",\"url\":\"https:\\\/\\\/cvinoticias.com\\\/v3\\\/\",\"name\":\"CVI NOTICIAS\",\"description\":\"\",\"publisher\":{\"@id\":\"https:\\\/\\\/cvinoticias.com\\\/v3\\\/#organization\"},\"alternateName\":\"CVI\",\"potentialAction\":[{\"@type\":\"SearchAction\",\"target\":{\"@type\":\"EntryPoint\",\"urlTemplate\":\"https:\\\/\\\/cvinoticias.com\\\/v3\\\/?s={search_term_string}\"},\"query-input\":{\"@type\":\"PropertyValueSpecification\",\"valueRequired\":true,\"valueName\":\"search_term_string\"}}],\"inLanguage\":\"es\"},{\"@type\":\"Organization\",\"@id\":\"https:\\\/\\\/cvinoticias.com\\\/v3\\\/#organization\",\"name\":\"CVI NOTICIAS\",\"url\":\"https:\\\/\\\/cvinoticias.com\\\/v3\\\/\",\"logo\":{\"@type\":\"ImageObject\",\"inLanguage\":\"es\",\"@id\":\"https:\\\/\\\/cvinoticias.com\\\/v3\\\/#\\\/schema\\\/logo\\\/image\\\/\",\"url\":\"https:\\\/\\\/cvinoticias.com\\\/wp-content\\\/uploads\\\/2023\\\/04\\\/cropped-cropped-cropped-cropped-cropped-3-1.png\",\"contentUrl\":\"https:\\\/\\\/cvinoticias.com\\\/wp-content\\\/uploads\\\/2023\\\/04\\\/cropped-cropped-cropped-cropped-cropped-3-1.png\",\"width\":95,\"height\":122,\"caption\":\"CVI NOTICIAS\"},\"image\":{\"@id\":\"https:\\\/\\\/cvinoticias.com\\\/v3\\\/#\\\/schema\\\/logo\\\/image\\\/\"},\"sameAs\":[\"https:\\\/\\\/www.facebook.com\\\/cvinoticias\",\"https:\\\/\\\/www.instagram.com\\\/cvinoticias\\\/\",\"https:\\\/\\\/www.youtube.com\\\/@CVINOTICIAS\"]},{\"@type\":\"Person\",\"@id\":\"https:\\\/\\\/cvinoticias.com\\\/v3\\\/#\\\/schema\\\/person\\\/2db77e3c6bc03c538495d7b2b8be9b66\",\"name\":\"f1000024\",\"image\":{\"@type\":\"ImageObject\",\"inLanguage\":\"es\",\"@id\":\"https:\\\/\\\/secure.gravatar.com\\\/avatar\\\/d4fe7459cfc51ff5129ce1a732bbef5928568b8092d412ef95611616376bbeed?s=96&d=mm&r=g\",\"url\":\"https:\\\/\\\/secure.gravatar.com\\\/avatar\\\/d4fe7459cfc51ff5129ce1a732bbef5928568b8092d412ef95611616376bbeed?s=96&d=mm&r=g\",\"contentUrl\":\"https:\\\/\\\/secure.gravatar.com\\\/avatar\\\/d4fe7459cfc51ff5129ce1a732bbef5928568b8092d412ef95611616376bbeed?s=96&d=mm&r=g\",\"caption\":\"f1000024\"},\"url\":\"https:\\\/\\\/cvinoticias.com\\\/v3\\\/author\\\/f1000024\\\/\"}]}<\/script>\n<!-- \/ Yoast SEO plugin. -->","yoast_head_json":{"title":"Hospitalizaron a dos integrantes de Ecolog\u00eda que fueron atacados a tiros presuntamente por cazadores: hay tres detenidos | CVI NOTICIAS","robots":{"index":"index","follow":"follow","max-snippet":"max-snippet:-1","max-image-preview":"max-image-preview:large","max-video-preview":"max-video-preview:-1"},"canonical":"https:\/\/cvinoticias.com\/v3\/hospitalizaron-a-dos-integrantes-de-ecologia-que-fueron-atacados-a-tiros-presuntamente-por-cazadores-hay-tres-detenidos\/","og_locale":"es_ES","og_type":"article","og_title":"Hospitalizaron a dos integrantes de Ecolog\u00eda que fueron atacados a tiros presuntamente por cazadores: hay tres detenidos | CVI NOTICIAS","og_description":"Todo sucedi\u00f3 anoche, alrededor de las 23 hs, cuando integrantes del Ministerio de Ecolog\u00eda en conjunto con la Divisi\u00f3n Lacustre y Divisi\u00f3n Defensa del Medio Ambiente de la Unidad Regional V, realizaban operativos de prevenci\u00f3n en un sector denominado \u201cIsla del Sol\u201d de Puerto Libertad. En esas circunstancias, interceptaron una embarcaci\u00f3n con presuntos cazadores furtivos [&hellip;]","og_url":"https:\/\/cvinoticias.com\/v3\/hospitalizaron-a-dos-integrantes-de-ecologia-que-fueron-atacados-a-tiros-presuntamente-por-cazadores-hay-tres-detenidos\/","og_site_name":"CVI NOTICIAS","article_publisher":"https:\/\/www.facebook.com\/cvinoticias","article_published_time":"2021-02-19T13:33:41+00:00","og_image":[{"width":530,"height":529,"url":"https:\/\/cvinoticias.com\/wp-content\/uploads\/2021\/02\/FB_IMG_1613741335775.jpg","type":"image\/jpeg"}],"author":"f1000024","twitter_card":"summary_large_image","twitter_misc":{"Escrito por":"f1000024","Tiempo de lectura":"2 minutos"},"schema":{"@context":"https:\/\/schema.org","@graph":[{"@type":"Article","@id":"https:\/\/cvinoticias.com\/v3\/hospitalizaron-a-dos-integrantes-de-ecologia-que-fueron-atacados-a-tiros-presuntamente-por-cazadores-hay-tres-detenidos\/#article","isPartOf":{"@id":"https:\/\/cvinoticias.com\/v3\/hospitalizaron-a-dos-integrantes-de-ecologia-que-fueron-atacados-a-tiros-presuntamente-por-cazadores-hay-tres-detenidos\/"},"author":{"name":"f1000024","@id":"https:\/\/cvinoticias.com\/v3\/#\/schema\/person\/2db77e3c6bc03c538495d7b2b8be9b66"},"headline":"Hospitalizaron a dos integrantes de Ecolog\u00eda que fueron atacados a tiros presuntamente por cazadores: hay tres detenidos","datePublished":"2021-02-19T13:33:41+00:00","mainEntityOfPage":{"@id":"https:\/\/cvinoticias.com\/v3\/hospitalizaron-a-dos-integrantes-de-ecologia-que-fueron-atacados-a-tiros-presuntamente-por-cazadores-hay-tres-detenidos\/"},"wordCount":319,"commentCount":0,"publisher":{"@id":"https:\/\/cvinoticias.com\/v3\/#organization"},"image":{"@id":"https:\/\/cvinoticias.com\/v3\/hospitalizaron-a-dos-integrantes-de-ecologia-que-fueron-atacados-a-tiros-presuntamente-por-cazadores-hay-tres-detenidos\/#primaryimage"},"thumbnailUrl":"https:\/\/cvinoticias.com\/wp-content\/uploads\/2021\/02\/FB_IMG_1613741335775.jpg","articleSection":["Policiales"],"inLanguage":"es","potentialAction":[{"@type":"CommentAction","name":"Comment","target":["https:\/\/cvinoticias.com\/v3\/hospitalizaron-a-dos-integrantes-de-ecologia-que-fueron-atacados-a-tiros-presuntamente-por-cazadores-hay-tres-detenidos\/#respond"]}]},{"@type":"WebPage","@id":"https:\/\/cvinoticias.com\/v3\/hospitalizaron-a-dos-integrantes-de-ecologia-que-fueron-atacados-a-tiros-presuntamente-por-cazadores-hay-tres-detenidos\/","url":"https:\/\/cvinoticias.com\/v3\/hospitalizaron-a-dos-integrantes-de-ecologia-que-fueron-atacados-a-tiros-presuntamente-por-cazadores-hay-tres-detenidos\/","name":"Hospitalizaron a dos integrantes de Ecolog\u00eda que fueron atacados a tiros presuntamente por cazadores: hay tres detenidos | CVI NOTICIAS","isPartOf":{"@id":"https:\/\/cvinoticias.com\/v3\/#website"},"primaryImageOfPage":{"@id":"https:\/\/cvinoticias.com\/v3\/hospitalizaron-a-dos-integrantes-de-ecologia-que-fueron-atacados-a-tiros-presuntamente-por-cazadores-hay-tres-detenidos\/#primaryimage"},"image":{"@id":"https:\/\/cvinoticias.com\/v3\/hospitalizaron-a-dos-integrantes-de-ecologia-que-fueron-atacados-a-tiros-presuntamente-por-cazadores-hay-tres-detenidos\/#primaryimage"},"thumbnailUrl":"https:\/\/cvinoticias.com\/wp-content\/uploads\/2021\/02\/FB_IMG_1613741335775.jpg","datePublished":"2021-02-19T13:33:41+00:00","breadcrumb":{"@id":"https:\/\/cvinoticias.com\/v3\/hospitalizaron-a-dos-integrantes-de-ecologia-que-fueron-atacados-a-tiros-presuntamente-por-cazadores-hay-tres-detenidos\/#breadcrumb"},"inLanguage":"es","potentialAction":[{"@type":"ReadAction","target":["https:\/\/cvinoticias.com\/v3\/hospitalizaron-a-dos-integrantes-de-ecologia-que-fueron-atacados-a-tiros-presuntamente-por-cazadores-hay-tres-detenidos\/"]}]},{"@type":"ImageObject","inLanguage":"es","@id":"https:\/\/cvinoticias.com\/v3\/hospitalizaron-a-dos-integrantes-de-ecologia-que-fueron-atacados-a-tiros-presuntamente-por-cazadores-hay-tres-detenidos\/#primaryimage","url":"https:\/\/cvinoticias.com\/wp-content\/uploads\/2021\/02\/FB_IMG_1613741335775.jpg","contentUrl":"https:\/\/cvinoticias.com\/wp-content\/uploads\/2021\/02\/FB_IMG_1613741335775.jpg","width":530,"height":529},{"@type":"BreadcrumbList","@id":"https:\/\/cvinoticias.com\/v3\/hospitalizaron-a-dos-integrantes-de-ecologia-que-fueron-atacados-a-tiros-presuntamente-por-cazadores-hay-tres-detenidos\/#breadcrumb","itemListElement":[{"@type":"ListItem","position":1,"name":"Portada","item":"https:\/\/cvinoticias.com\/v3\/"},{"@type":"ListItem","position":2,"name":"Hospitalizaron a dos integrantes de Ecolog\u00eda que fueron atacados a tiros presuntamente por cazadores: hay tres detenidos"}]},{"@type":"WebSite","@id":"https:\/\/cvinoticias.com\/v3\/#website","url":"https:\/\/cvinoticias.com\/v3\/","name":"CVI NOTICIAS","description":"","publisher":{"@id":"https:\/\/cvinoticias.com\/v3\/#organization"},"alternateName":"CVI","potentialAction":[{"@type":"SearchAction","target":{"@type":"EntryPoint","urlTemplate":"https:\/\/cvinoticias.com\/v3\/?s={search_term_string}"},"query-input":{"@type":"PropertyValueSpecification","valueRequired":true,"valueName":"search_term_string"}}],"inLanguage":"es"},{"@type":"Organization","@id":"https:\/\/cvinoticias.com\/v3\/#organization","name":"CVI NOTICIAS","url":"https:\/\/cvinoticias.com\/v3\/","logo":{"@type":"ImageObject","inLanguage":"es","@id":"https:\/\/cvinoticias.com\/v3\/#\/schema\/logo\/image\/","url":"https:\/\/cvinoticias.com\/wp-content\/uploads\/2023\/04\/cropped-cropped-cropped-cropped-cropped-3-1.png","contentUrl":"https:\/\/cvinoticias.com\/wp-content\/uploads\/2023\/04\/cropped-cropped-cropped-cropped-cropped-3-1.png","width":95,"height":122,"caption":"CVI NOTICIAS"},"image":{"@id":"https:\/\/cvinoticias.com\/v3\/#\/schema\/logo\/image\/"},"sameAs":["https:\/\/www.facebook.com\/cvinoticias","https:\/\/www.instagram.com\/cvinoticias\/","https:\/\/www.youtube.com\/@CVINOTICIAS"]},{"@type":"Person","@id":"https:\/\/cvinoticias.com\/v3\/#\/schema\/person\/2db77e3c6bc03c538495d7b2b8be9b66","name":"f1000024","image":{"@type":"ImageObject","inLanguage":"es","@id":"https:\/\/secure.gravatar.com\/avatar\/d4fe7459cfc51ff5129ce1a732bbef5928568b8092d412ef95611616376bbeed?s=96&d=mm&r=g","url":"https:\/\/secure.gravatar.com\/avatar\/d4fe7459cfc51ff5129ce1a732bbef5928568b8092d412ef95611616376bbeed?s=96&d=mm&r=g","contentUrl":"https:\/\/secure.gravatar.com\/avatar\/d4fe7459cfc51ff5129ce1a732bbef5928568b8092d412ef95611616376bbeed?s=96&d=mm&r=g","caption":"f1000024"},"url":"https:\/\/cvinoticias.com\/v3\/author\/f1000024\/"}]}},"_links":{"self":[{"href":"https:\/\/cvinoticias.com\/v3\/wp-json\/wp\/v2\/posts\/2749","targetHints":{"allow":["GET"]}}],"collection":[{"href":"https:\/\/cvinoticias.com\/v3\/wp-json\/wp\/v2\/posts"}],"about":[{"href":"https:\/\/cvinoticias.com\/v3\/wp-json\/wp\/v2\/types\/post"}],"author":[{"embeddable":true,"href":"https:\/\/cvinoticias.com\/v3\/wp-json\/wp\/v2\/users\/2"}],"replies":[{"embeddable":true,"href":"https:\/\/cvinoticias.com\/v3\/wp-json\/wp\/v2\/comments?post=2749"}],"version-history":[{"count":1,"href":"https:\/\/cvinoticias.com\/v3\/wp-json\/wp\/v2\/posts\/2749\/revisions"}],"predecessor-version":[{"id":2751,"href":"https:\/\/cvinoticias.com\/v3\/wp-json\/wp\/v2\/posts\/2749\/revisions\/2751"}],"wp:featuredmedia":[{"embeddable":true,"href":"https:\/\/cvinoticias.com\/v3\/wp-json\/wp\/v2\/media\/2750"}],"wp:attachment":[{"href":"https:\/\/cvinoticias.com\/v3\/wp-json\/wp\/v2\/media?parent=2749"}],"wp:term":[{"taxonomy":"category","embeddable":true,"href":"https:\/\/cvinoticias.com\/v3\/wp-json\/wp\/v2\/categories?post=2749"},{"taxonomy":"post_tag","embeddable":true,"href":"https:\/\/cvinoticias.com\/v3\/wp-json\/wp\/v2\/tags?post=2749"}],"curies":[{"name":"wp","href":"https:\/\/api.w.org\/{rel}","templated":true}]}}