{"id":27326,"date":"2023-08-22T11:39:05","date_gmt":"2023-08-22T11:39:05","guid":{"rendered":"https:\/\/cvinoticias.com\/v3\/?p=27326"},"modified":"2023-08-22T11:39:05","modified_gmt":"2023-08-22T11:39:05","slug":"un-peaton-fallecio-tras-ser-embestido-por-un-camion-en-wanda","status":"publish","type":"post","link":"https:\/\/cvinoticias.com\/v3\/un-peaton-fallecio-tras-ser-embestido-por-un-camion-en-wanda\/","title":{"rendered":"Un peat\u00f3n falleci\u00f3 tras ser embestido por un cami\u00f3n en Wanda"},"content":{"rendered":"\n<p><strong><em>Un hombre identificado como Ram\u00f3n Esp\u00ednola, de 65 a\u00f1os, perdi\u00f3 la vida anoche luego de ser impactado por un cami\u00f3n Mercedes Benz en la Ruta Nacional N.\u00ba 12, kil\u00f3metro 1591, en la localidad de Wanda.<\/em><\/strong><\/p>\n\n\n\n<p>Seg\u00fan las primeras investigaciones, el hecho ocurri\u00f3 alrededor de las 19 horas. El conductor del cami\u00f3n, un hombre de 51 a\u00f1os que circulaba en direcci\u00f3n Sur-norte (Posadas-Iguaz\u00fa), sinti\u00f3 un impacto en la parte frontal izquierda de su veh\u00edculo. Al detenerse, not\u00f3 que hab\u00eda golpeado a un peat\u00f3n, quien fue r\u00e1pidamente trasladado al hospital local, pero falleci\u00f3 debido a las graves lesiones sufridas.<\/p>\n\n\n\n<p>En el lugar del accidente trabajaron la Comisar\u00eda jurisdiccional, la Polic\u00eda Cient\u00edfica y el m\u00e9dico policial, quien examin\u00f3 el cuerpo de la v\u00edctima y determin\u00f3 que presentaba politraumatismos y varias excoriaciones como resultado del accidente de tr\u00e1nsito.<\/p>\n\n\n\n<p>El Juzgado de Instrucci\u00f3n Nro. 5 de Iguaz\u00fa orden\u00f3 la entrega del cuerpo a los familiares y notific\u00f3 al conductor del cami\u00f3n sobre la instrucci\u00f3n de la causa. Adem\u00e1s, el veh\u00edculo fue incautado como parte de la intervenci\u00f3n.<\/p>\n","protected":false},"excerpt":{"rendered":"<p>Un hombre identificado como Ram\u00f3n Esp\u00ednola, de 65 a\u00f1os, perdi\u00f3 la vida anoche luego de ser impactado por un cami\u00f3n Mercedes Benz en la Ruta Nacional N.\u00ba 12, kil\u00f3metro 1591, en la localidad de Wanda. Seg\u00fan las primeras investigaciones, el hecho ocurri\u00f3 alrededor de las 19 horas. El conductor del cami\u00f3n, un hombre de 51 [&hellip;]<\/p>\n","protected":false},"author":2,"featured_media":27327,"comment_status":"open","ping_status":"open","sticky":false,"template":"","format":"standard","meta":{"footnotes":""},"categories":[41],"tags":[],"class_list":["post-27326","post","type-post","status-publish","format-standard","has-post-thumbnail","hentry","category-policiales"],"yoast_head":"<!-- This site is optimized with the Yoast SEO plugin v27.4 - https:\/\/yoast.com\/product\/yoast-seo-wordpress\/ -->\n<title>Un peat\u00f3n falleci\u00f3 tras ser embestido por un cami\u00f3n en Wanda | CVI NOTICIAS<\/title>\n<meta name=\"robots\" content=\"index, follow, max-snippet:-1, max-image-preview:large, max-video-preview:-1\" \/>\n<link rel=\"canonical\" href=\"https:\/\/cvinoticias.com\/v3\/un-peaton-fallecio-tras-ser-embestido-por-un-camion-en-wanda\/\" \/>\n<meta property=\"og:locale\" content=\"es_ES\" \/>\n<meta property=\"og:type\" content=\"article\" \/>\n<meta property=\"og:title\" content=\"Un peat\u00f3n falleci\u00f3 tras ser embestido por un cami\u00f3n en Wanda | CVI NOTICIAS\" \/>\n<meta property=\"og:description\" content=\"Un hombre identificado como Ram\u00f3n Esp\u00ednola, de 65 a\u00f1os, perdi\u00f3 la vida anoche luego de ser impactado por un cami\u00f3n Mercedes Benz en la Ruta Nacional N.\u00ba 12, kil\u00f3metro 1591, en la localidad de Wanda. Seg\u00fan las primeras investigaciones, el hecho ocurri\u00f3 alrededor de las 19 horas. El conductor del cami\u00f3n, un hombre de 51 [&hellip;]\" \/>\n<meta property=\"og:url\" content=\"https:\/\/cvinoticias.com\/v3\/un-peaton-fallecio-tras-ser-embestido-por-un-camion-en-wanda\/\" \/>\n<meta property=\"og:site_name\" content=\"CVI NOTICIAS\" \/>\n<meta property=\"article:publisher\" content=\"https:\/\/www.facebook.com\/cvinoticias\" \/>\n<meta property=\"article:published_time\" content=\"2023-08-22T11:39:05+00:00\" \/>\n<meta property=\"og:image\" content=\"https:\/\/cvinoticias.com\/wp-content\/uploads\/2023\/08\/IMG-20230822-WA0029.jpg\" \/>\n\t<meta property=\"og:image:width\" content=\"1156\" \/>\n\t<meta property=\"og:image:height\" content=\"866\" \/>\n\t<meta property=\"og:image:type\" content=\"image\/jpeg\" \/>\n<meta name=\"author\" content=\"f1000024\" \/>\n<meta name=\"twitter:card\" content=\"summary_large_image\" \/>\n<meta name=\"twitter:label1\" content=\"Escrito por\" \/>\n\t<meta name=\"twitter:data1\" content=\"f1000024\" \/>\n\t<meta name=\"twitter:label2\" content=\"Tiempo de lectura\" \/>\n\t<meta name=\"twitter:data2\" content=\"1 minuto\" \/>\n<script type=\"application\/ld+json\" class=\"yoast-schema-graph\">{\"@context\":\"https:\\\/\\\/schema.org\",\"@graph\":[{\"@type\":\"Article\",\"@id\":\"https:\\\/\\\/cvinoticias.com\\\/v3\\\/un-peaton-fallecio-tras-ser-embestido-por-un-camion-en-wanda\\\/#article\",\"isPartOf\":{\"@id\":\"https:\\\/\\\/cvinoticias.com\\\/v3\\\/un-peaton-fallecio-tras-ser-embestido-por-un-camion-en-wanda\\\/\"},\"author\":{\"name\":\"f1000024\",\"@id\":\"https:\\\/\\\/cvinoticias.com\\\/v3\\\/#\\\/schema\\\/person\\\/2db77e3c6bc03c538495d7b2b8be9b66\"},\"headline\":\"Un peat\u00f3n falleci\u00f3 tras ser embestido por un cami\u00f3n en Wanda\",\"datePublished\":\"2023-08-22T11:39:05+00:00\",\"mainEntityOfPage\":{\"@id\":\"https:\\\/\\\/cvinoticias.com\\\/v3\\\/un-peaton-fallecio-tras-ser-embestido-por-un-camion-en-wanda\\\/\"},\"wordCount\":204,\"commentCount\":0,\"publisher\":{\"@id\":\"https:\\\/\\\/cvinoticias.com\\\/v3\\\/#organization\"},\"image\":{\"@id\":\"https:\\\/\\\/cvinoticias.com\\\/v3\\\/un-peaton-fallecio-tras-ser-embestido-por-un-camion-en-wanda\\\/#primaryimage\"},\"thumbnailUrl\":\"https:\\\/\\\/cvinoticias.com\\\/wp-content\\\/uploads\\\/2023\\\/08\\\/IMG-20230822-WA0029.jpg\",\"articleSection\":[\"Policiales\"],\"inLanguage\":\"es\",\"potentialAction\":[{\"@type\":\"CommentAction\",\"name\":\"Comment\",\"target\":[\"https:\\\/\\\/cvinoticias.com\\\/v3\\\/un-peaton-fallecio-tras-ser-embestido-por-un-camion-en-wanda\\\/#respond\"]}]},{\"@type\":\"WebPage\",\"@id\":\"https:\\\/\\\/cvinoticias.com\\\/v3\\\/un-peaton-fallecio-tras-ser-embestido-por-un-camion-en-wanda\\\/\",\"url\":\"https:\\\/\\\/cvinoticias.com\\\/v3\\\/un-peaton-fallecio-tras-ser-embestido-por-un-camion-en-wanda\\\/\",\"name\":\"Un peat\u00f3n falleci\u00f3 tras ser embestido por un cami\u00f3n en Wanda | CVI NOTICIAS\",\"isPartOf\":{\"@id\":\"https:\\\/\\\/cvinoticias.com\\\/v3\\\/#website\"},\"primaryImageOfPage\":{\"@id\":\"https:\\\/\\\/cvinoticias.com\\\/v3\\\/un-peaton-fallecio-tras-ser-embestido-por-un-camion-en-wanda\\\/#primaryimage\"},\"image\":{\"@id\":\"https:\\\/\\\/cvinoticias.com\\\/v3\\\/un-peaton-fallecio-tras-ser-embestido-por-un-camion-en-wanda\\\/#primaryimage\"},\"thumbnailUrl\":\"https:\\\/\\\/cvinoticias.com\\\/wp-content\\\/uploads\\\/2023\\\/08\\\/IMG-20230822-WA0029.jpg\",\"datePublished\":\"2023-08-22T11:39:05+00:00\",\"breadcrumb\":{\"@id\":\"https:\\\/\\\/cvinoticias.com\\\/v3\\\/un-peaton-fallecio-tras-ser-embestido-por-un-camion-en-wanda\\\/#breadcrumb\"},\"inLanguage\":\"es\",\"potentialAction\":[{\"@type\":\"ReadAction\",\"target\":[\"https:\\\/\\\/cvinoticias.com\\\/v3\\\/un-peaton-fallecio-tras-ser-embestido-por-un-camion-en-wanda\\\/\"]}]},{\"@type\":\"ImageObject\",\"inLanguage\":\"es\",\"@id\":\"https:\\\/\\\/cvinoticias.com\\\/v3\\\/un-peaton-fallecio-tras-ser-embestido-por-un-camion-en-wanda\\\/#primaryimage\",\"url\":\"https:\\\/\\\/cvinoticias.com\\\/wp-content\\\/uploads\\\/2023\\\/08\\\/IMG-20230822-WA0029.jpg\",\"contentUrl\":\"https:\\\/\\\/cvinoticias.com\\\/wp-content\\\/uploads\\\/2023\\\/08\\\/IMG-20230822-WA0029.jpg\",\"width\":1156,\"height\":866},{\"@type\":\"BreadcrumbList\",\"@id\":\"https:\\\/\\\/cvinoticias.com\\\/v3\\\/un-peaton-fallecio-tras-ser-embestido-por-un-camion-en-wanda\\\/#breadcrumb\",\"itemListElement\":[{\"@type\":\"ListItem\",\"position\":1,\"name\":\"Portada\",\"item\":\"https:\\\/\\\/cvinoticias.com\\\/v3\\\/\"},{\"@type\":\"ListItem\",\"position\":2,\"name\":\"Un peat\u00f3n falleci\u00f3 tras ser embestido por un cami\u00f3n en Wanda\"}]},{\"@type\":\"WebSite\",\"@id\":\"https:\\\/\\\/cvinoticias.com\\\/v3\\\/#website\",\"url\":\"https:\\\/\\\/cvinoticias.com\\\/v3\\\/\",\"name\":\"CVI NOTICIAS\",\"description\":\"\",\"publisher\":{\"@id\":\"https:\\\/\\\/cvinoticias.com\\\/v3\\\/#organization\"},\"alternateName\":\"CVI\",\"potentialAction\":[{\"@type\":\"SearchAction\",\"target\":{\"@type\":\"EntryPoint\",\"urlTemplate\":\"https:\\\/\\\/cvinoticias.com\\\/v3\\\/?s={search_term_string}\"},\"query-input\":{\"@type\":\"PropertyValueSpecification\",\"valueRequired\":true,\"valueName\":\"search_term_string\"}}],\"inLanguage\":\"es\"},{\"@type\":\"Organization\",\"@id\":\"https:\\\/\\\/cvinoticias.com\\\/v3\\\/#organization\",\"name\":\"CVI NOTICIAS\",\"url\":\"https:\\\/\\\/cvinoticias.com\\\/v3\\\/\",\"logo\":{\"@type\":\"ImageObject\",\"inLanguage\":\"es\",\"@id\":\"https:\\\/\\\/cvinoticias.com\\\/v3\\\/#\\\/schema\\\/logo\\\/image\\\/\",\"url\":\"https:\\\/\\\/cvinoticias.com\\\/wp-content\\\/uploads\\\/2023\\\/04\\\/cropped-cropped-cropped-cropped-cropped-3-1.png\",\"contentUrl\":\"https:\\\/\\\/cvinoticias.com\\\/wp-content\\\/uploads\\\/2023\\\/04\\\/cropped-cropped-cropped-cropped-cropped-3-1.png\",\"width\":95,\"height\":122,\"caption\":\"CVI NOTICIAS\"},\"image\":{\"@id\":\"https:\\\/\\\/cvinoticias.com\\\/v3\\\/#\\\/schema\\\/logo\\\/image\\\/\"},\"sameAs\":[\"https:\\\/\\\/www.facebook.com\\\/cvinoticias\",\"https:\\\/\\\/www.instagram.com\\\/cvinoticias\\\/\",\"https:\\\/\\\/www.youtube.com\\\/@CVINOTICIAS\"]},{\"@type\":\"Person\",\"@id\":\"https:\\\/\\\/cvinoticias.com\\\/v3\\\/#\\\/schema\\\/person\\\/2db77e3c6bc03c538495d7b2b8be9b66\",\"name\":\"f1000024\",\"image\":{\"@type\":\"ImageObject\",\"inLanguage\":\"es\",\"@id\":\"https:\\\/\\\/secure.gravatar.com\\\/avatar\\\/d4fe7459cfc51ff5129ce1a732bbef5928568b8092d412ef95611616376bbeed?s=96&d=mm&r=g\",\"url\":\"https:\\\/\\\/secure.gravatar.com\\\/avatar\\\/d4fe7459cfc51ff5129ce1a732bbef5928568b8092d412ef95611616376bbeed?s=96&d=mm&r=g\",\"contentUrl\":\"https:\\\/\\\/secure.gravatar.com\\\/avatar\\\/d4fe7459cfc51ff5129ce1a732bbef5928568b8092d412ef95611616376bbeed?s=96&d=mm&r=g\",\"caption\":\"f1000024\"},\"url\":\"https:\\\/\\\/cvinoticias.com\\\/v3\\\/author\\\/f1000024\\\/\"}]}<\/script>\n<!-- \/ Yoast SEO plugin. -->","yoast_head_json":{"title":"Un peat\u00f3n falleci\u00f3 tras ser embestido por un cami\u00f3n en Wanda | CVI NOTICIAS","robots":{"index":"index","follow":"follow","max-snippet":"max-snippet:-1","max-image-preview":"max-image-preview:large","max-video-preview":"max-video-preview:-1"},"canonical":"https:\/\/cvinoticias.com\/v3\/un-peaton-fallecio-tras-ser-embestido-por-un-camion-en-wanda\/","og_locale":"es_ES","og_type":"article","og_title":"Un peat\u00f3n falleci\u00f3 tras ser embestido por un cami\u00f3n en Wanda | CVI NOTICIAS","og_description":"Un hombre identificado como Ram\u00f3n Esp\u00ednola, de 65 a\u00f1os, perdi\u00f3 la vida anoche luego de ser impactado por un cami\u00f3n Mercedes Benz en la Ruta Nacional N.\u00ba 12, kil\u00f3metro 1591, en la localidad de Wanda. Seg\u00fan las primeras investigaciones, el hecho ocurri\u00f3 alrededor de las 19 horas. El conductor del cami\u00f3n, un hombre de 51 [&hellip;]","og_url":"https:\/\/cvinoticias.com\/v3\/un-peaton-fallecio-tras-ser-embestido-por-un-camion-en-wanda\/","og_site_name":"CVI NOTICIAS","article_publisher":"https:\/\/www.facebook.com\/cvinoticias","article_published_time":"2023-08-22T11:39:05+00:00","og_image":[{"width":1156,"height":866,"url":"https:\/\/cvinoticias.com\/wp-content\/uploads\/2023\/08\/IMG-20230822-WA0029.jpg","type":"image\/jpeg"}],"author":"f1000024","twitter_card":"summary_large_image","twitter_misc":{"Escrito por":"f1000024","Tiempo de lectura":"1 minuto"},"schema":{"@context":"https:\/\/schema.org","@graph":[{"@type":"Article","@id":"https:\/\/cvinoticias.com\/v3\/un-peaton-fallecio-tras-ser-embestido-por-un-camion-en-wanda\/#article","isPartOf":{"@id":"https:\/\/cvinoticias.com\/v3\/un-peaton-fallecio-tras-ser-embestido-por-un-camion-en-wanda\/"},"author":{"name":"f1000024","@id":"https:\/\/cvinoticias.com\/v3\/#\/schema\/person\/2db77e3c6bc03c538495d7b2b8be9b66"},"headline":"Un peat\u00f3n falleci\u00f3 tras ser embestido por un cami\u00f3n en Wanda","datePublished":"2023-08-22T11:39:05+00:00","mainEntityOfPage":{"@id":"https:\/\/cvinoticias.com\/v3\/un-peaton-fallecio-tras-ser-embestido-por-un-camion-en-wanda\/"},"wordCount":204,"commentCount":0,"publisher":{"@id":"https:\/\/cvinoticias.com\/v3\/#organization"},"image":{"@id":"https:\/\/cvinoticias.com\/v3\/un-peaton-fallecio-tras-ser-embestido-por-un-camion-en-wanda\/#primaryimage"},"thumbnailUrl":"https:\/\/cvinoticias.com\/wp-content\/uploads\/2023\/08\/IMG-20230822-WA0029.jpg","articleSection":["Policiales"],"inLanguage":"es","potentialAction":[{"@type":"CommentAction","name":"Comment","target":["https:\/\/cvinoticias.com\/v3\/un-peaton-fallecio-tras-ser-embestido-por-un-camion-en-wanda\/#respond"]}]},{"@type":"WebPage","@id":"https:\/\/cvinoticias.com\/v3\/un-peaton-fallecio-tras-ser-embestido-por-un-camion-en-wanda\/","url":"https:\/\/cvinoticias.com\/v3\/un-peaton-fallecio-tras-ser-embestido-por-un-camion-en-wanda\/","name":"Un peat\u00f3n falleci\u00f3 tras ser embestido por un cami\u00f3n en Wanda | CVI NOTICIAS","isPartOf":{"@id":"https:\/\/cvinoticias.com\/v3\/#website"},"primaryImageOfPage":{"@id":"https:\/\/cvinoticias.com\/v3\/un-peaton-fallecio-tras-ser-embestido-por-un-camion-en-wanda\/#primaryimage"},"image":{"@id":"https:\/\/cvinoticias.com\/v3\/un-peaton-fallecio-tras-ser-embestido-por-un-camion-en-wanda\/#primaryimage"},"thumbnailUrl":"https:\/\/cvinoticias.com\/wp-content\/uploads\/2023\/08\/IMG-20230822-WA0029.jpg","datePublished":"2023-08-22T11:39:05+00:00","breadcrumb":{"@id":"https:\/\/cvinoticias.com\/v3\/un-peaton-fallecio-tras-ser-embestido-por-un-camion-en-wanda\/#breadcrumb"},"inLanguage":"es","potentialAction":[{"@type":"ReadAction","target":["https:\/\/cvinoticias.com\/v3\/un-peaton-fallecio-tras-ser-embestido-por-un-camion-en-wanda\/"]}]},{"@type":"ImageObject","inLanguage":"es","@id":"https:\/\/cvinoticias.com\/v3\/un-peaton-fallecio-tras-ser-embestido-por-un-camion-en-wanda\/#primaryimage","url":"https:\/\/cvinoticias.com\/wp-content\/uploads\/2023\/08\/IMG-20230822-WA0029.jpg","contentUrl":"https:\/\/cvinoticias.com\/wp-content\/uploads\/2023\/08\/IMG-20230822-WA0029.jpg","width":1156,"height":866},{"@type":"BreadcrumbList","@id":"https:\/\/cvinoticias.com\/v3\/un-peaton-fallecio-tras-ser-embestido-por-un-camion-en-wanda\/#breadcrumb","itemListElement":[{"@type":"ListItem","position":1,"name":"Portada","item":"https:\/\/cvinoticias.com\/v3\/"},{"@type":"ListItem","position":2,"name":"Un peat\u00f3n falleci\u00f3 tras ser embestido por un cami\u00f3n en Wanda"}]},{"@type":"WebSite","@id":"https:\/\/cvinoticias.com\/v3\/#website","url":"https:\/\/cvinoticias.com\/v3\/","name":"CVI NOTICIAS","description":"","publisher":{"@id":"https:\/\/cvinoticias.com\/v3\/#organization"},"alternateName":"CVI","potentialAction":[{"@type":"SearchAction","target":{"@type":"EntryPoint","urlTemplate":"https:\/\/cvinoticias.com\/v3\/?s={search_term_string}"},"query-input":{"@type":"PropertyValueSpecification","valueRequired":true,"valueName":"search_term_string"}}],"inLanguage":"es"},{"@type":"Organization","@id":"https:\/\/cvinoticias.com\/v3\/#organization","name":"CVI NOTICIAS","url":"https:\/\/cvinoticias.com\/v3\/","logo":{"@type":"ImageObject","inLanguage":"es","@id":"https:\/\/cvinoticias.com\/v3\/#\/schema\/logo\/image\/","url":"https:\/\/cvinoticias.com\/wp-content\/uploads\/2023\/04\/cropped-cropped-cropped-cropped-cropped-3-1.png","contentUrl":"https:\/\/cvinoticias.com\/wp-content\/uploads\/2023\/04\/cropped-cropped-cropped-cropped-cropped-3-1.png","width":95,"height":122,"caption":"CVI NOTICIAS"},"image":{"@id":"https:\/\/cvinoticias.com\/v3\/#\/schema\/logo\/image\/"},"sameAs":["https:\/\/www.facebook.com\/cvinoticias","https:\/\/www.instagram.com\/cvinoticias\/","https:\/\/www.youtube.com\/@CVINOTICIAS"]},{"@type":"Person","@id":"https:\/\/cvinoticias.com\/v3\/#\/schema\/person\/2db77e3c6bc03c538495d7b2b8be9b66","name":"f1000024","image":{"@type":"ImageObject","inLanguage":"es","@id":"https:\/\/secure.gravatar.com\/avatar\/d4fe7459cfc51ff5129ce1a732bbef5928568b8092d412ef95611616376bbeed?s=96&d=mm&r=g","url":"https:\/\/secure.gravatar.com\/avatar\/d4fe7459cfc51ff5129ce1a732bbef5928568b8092d412ef95611616376bbeed?s=96&d=mm&r=g","contentUrl":"https:\/\/secure.gravatar.com\/avatar\/d4fe7459cfc51ff5129ce1a732bbef5928568b8092d412ef95611616376bbeed?s=96&d=mm&r=g","caption":"f1000024"},"url":"https:\/\/cvinoticias.com\/v3\/author\/f1000024\/"}]}},"_links":{"self":[{"href":"https:\/\/cvinoticias.com\/v3\/wp-json\/wp\/v2\/posts\/27326","targetHints":{"allow":["GET"]}}],"collection":[{"href":"https:\/\/cvinoticias.com\/v3\/wp-json\/wp\/v2\/posts"}],"about":[{"href":"https:\/\/cvinoticias.com\/v3\/wp-json\/wp\/v2\/types\/post"}],"author":[{"embeddable":true,"href":"https:\/\/cvinoticias.com\/v3\/wp-json\/wp\/v2\/users\/2"}],"replies":[{"embeddable":true,"href":"https:\/\/cvinoticias.com\/v3\/wp-json\/wp\/v2\/comments?post=27326"}],"version-history":[{"count":1,"href":"https:\/\/cvinoticias.com\/v3\/wp-json\/wp\/v2\/posts\/27326\/revisions"}],"predecessor-version":[{"id":27328,"href":"https:\/\/cvinoticias.com\/v3\/wp-json\/wp\/v2\/posts\/27326\/revisions\/27328"}],"wp:featuredmedia":[{"embeddable":true,"href":"https:\/\/cvinoticias.com\/v3\/wp-json\/wp\/v2\/media\/27327"}],"wp:attachment":[{"href":"https:\/\/cvinoticias.com\/v3\/wp-json\/wp\/v2\/media?parent=27326"}],"wp:term":[{"taxonomy":"category","embeddable":true,"href":"https:\/\/cvinoticias.com\/v3\/wp-json\/wp\/v2\/categories?post=27326"},{"taxonomy":"post_tag","embeddable":true,"href":"https:\/\/cvinoticias.com\/v3\/wp-json\/wp\/v2\/tags?post=27326"}],"curies":[{"name":"wp","href":"https:\/\/api.w.org\/{rel}","templated":true}]}}