{"id":27322,"date":"2023-08-22T11:26:22","date_gmt":"2023-08-22T11:26:22","guid":{"rendered":"https:\/\/cvinoticias.com\/v3\/?p=27322"},"modified":"2023-08-22T11:26:22","modified_gmt":"2023-08-22T11:26:22","slug":"montecarlo-sera-sede-de-un-multitudinario-evento-de-los-testigos-dejehova","status":"publish","type":"post","link":"https:\/\/cvinoticias.com\/v3\/montecarlo-sera-sede-de-un-multitudinario-evento-de-los-testigos-dejehova\/","title":{"rendered":"Montecarlo ser\u00e1 sede de un multitudinario evento de los testigos deJehov\u00e1"},"content":{"rendered":"\n<p><em><strong>Los testigos de Jehov\u00e1 volver\u00e1n a celebrar un evento multitudinario en Montecarlo. Se llevar\u00e1 a cabo en el Polideportivo Municipal de Montecarlo los d\u00edas 8,9 y 10 de septiembre del 2023 y el tema ser\u00e1 \u201cTengan Paciencia\u201d. Esta ser\u00e1 la primera convocatoria de gran magnitud despu\u00e9s de la pandemia.<\/strong><\/em><\/p>\n\n\n\n<p>Estas convenciones son parte de la historia de esta organizaci\u00f3n religiosa internacional que lleva realiz\u00e1ndolas desde 1897. Para este evento se espera una concurrencia de 3000 personas provenientes de localidades de la regi\u00f3n. Cientos de voluntarios locales colaborar\u00e1n durante los d\u00edas previos en la preparaci\u00f3n de las instalaciones para recibir a los visitantes.<\/p>\n\n\n\n<p>Durante ese fin de semana se podr\u00e1 ver a los asistentes visitando comercios, restaurantes y lugares de inter\u00e9s de la ciudad.<\/p>\n\n\n\n<p>En 2023 se realizar\u00e1n unas 6.000 convenciones en todo el mundo bajo el t\u00edtulo \u00abTengan Paciencia\u00bb.<\/p>\n\n\n\n<figure class=\"wp-block-image size-large\"><a href=\"https:\/\/cvinoticias.com\/wp-content\/uploads\/2023\/08\/IMG-20230822-WA0025.jpg\"><img decoding=\"async\" width=\"1024\" height=\"768\" data-src=\"https:\/\/cvinoticias.com\/wp-content\/uploads\/2023\/08\/IMG-20230822-WA0025-1024x768.jpg\" alt=\"\" class=\"wp-image-27323 lazyload\" data-srcset=\"https:\/\/cvinoticias.com\/wp-content\/uploads\/2023\/08\/IMG-20230822-WA0025-1024x768.jpg 1024w, https:\/\/cvinoticias.com\/wp-content\/uploads\/2023\/08\/IMG-20230822-WA0025-300x225.jpg 300w, https:\/\/cvinoticias.com\/wp-content\/uploads\/2023\/08\/IMG-20230822-WA0025-768x576.jpg 768w, https:\/\/cvinoticias.com\/wp-content\/uploads\/2023\/08\/IMG-20230822-WA0025.jpg 1280w\" data-sizes=\"(max-width: 1024px) 100vw, 1024px\" src=\"data:image\/svg+xml;base64,PHN2ZyB3aWR0aD0iMSIgaGVpZ2h0PSIxIiB4bWxucz0iaHR0cDovL3d3dy53My5vcmcvMjAwMC9zdmciPjwvc3ZnPg==\" style=\"--smush-placeholder-width: 1024px; --smush-placeholder-aspect-ratio: 1024\/768;\" \/><\/a><\/figure>\n\n\n\n<p>Del viernes al domingo se hablar\u00e1 sobre la paciencia y su importancia en la actualidad. A trav\u00e9s de discursos, videos y entrevistas se resaltar\u00e1 este tema. Uno de los mayores atractivos ser\u00e1 el bautismo en vivo, que tendr\u00e1 lugar el s\u00e1bado al mediod\u00eda.<\/p>\n\n\n\n<p>Otro aspecto destacado del programa ser\u00e1 la producci\u00f3n audiovisual en dos partes que se proyectar\u00e1 durante la tarde del s\u00e1bado y del domingo.<\/p>\n\n\n\n<p>\u00abLa paciencia es una cualidad que todos los cristianos deseamos mostrar en nuestra vida diaria\u00bb, dice Marcos Donad\u00edo, portavoz de los Testigos de Jehov\u00e1. \u00abA pesar de las buenas intenciones, mantener la paciencia frente a los muchos problemas de la vida puede ser todo un desaf\u00edo. Pasar tres d\u00edas explorando aspectos de esta cualidad ser\u00e1 muy oportuno para todos\u00bb.<\/p>\n\n\n\n<p>La entrada es libre y gratuita, no se hacen colectas y no es necesario ser testigo de Jehov\u00e1 para asistir. Para conocer m\u00e1s sobre estos eventos, visite el sitio oficial de los testigos de Jehov\u00e1 jw.org.<\/p>\n","protected":false},"excerpt":{"rendered":"<p>Los testigos de Jehov\u00e1 volver\u00e1n a celebrar un evento multitudinario en Montecarlo. Se llevar\u00e1 a cabo en el Polideportivo Municipal de Montecarlo los d\u00edas 8,9 y 10 de septiembre del 2023 y el tema ser\u00e1 \u201cTengan Paciencia\u201d. Esta ser\u00e1 la primera convocatoria de gran magnitud despu\u00e9s de la pandemia. Estas convenciones son parte de la [&hellip;]<\/p>\n","protected":false},"author":2,"featured_media":27324,"comment_status":"open","ping_status":"open","sticky":false,"template":"","format":"standard","meta":{"footnotes":""},"categories":[44],"tags":[],"class_list":["post-27322","post","type-post","status-publish","format-standard","has-post-thumbnail","hentry","category-religion"],"yoast_head":"<!-- This site is optimized with the Yoast SEO plugin v27.5 - https:\/\/yoast.com\/product\/yoast-seo-wordpress\/ -->\n<title>Montecarlo ser\u00e1 sede de un multitudinario evento de los testigos deJehov\u00e1 | CVI NOTICIAS<\/title>\n<meta name=\"robots\" content=\"index, follow, max-snippet:-1, max-image-preview:large, max-video-preview:-1\" \/>\n<link rel=\"canonical\" href=\"https:\/\/cvinoticias.com\/v3\/montecarlo-sera-sede-de-un-multitudinario-evento-de-los-testigos-dejehova\/\" \/>\n<meta property=\"og:locale\" content=\"es_ES\" \/>\n<meta property=\"og:type\" content=\"article\" \/>\n<meta property=\"og:title\" content=\"Montecarlo ser\u00e1 sede de un multitudinario evento de los testigos deJehov\u00e1 | CVI NOTICIAS\" \/>\n<meta property=\"og:description\" content=\"Los testigos de Jehov\u00e1 volver\u00e1n a celebrar un evento multitudinario en Montecarlo. Se llevar\u00e1 a cabo en el Polideportivo Municipal de Montecarlo los d\u00edas 8,9 y 10 de septiembre del 2023 y el tema ser\u00e1 \u201cTengan Paciencia\u201d. Esta ser\u00e1 la primera convocatoria de gran magnitud despu\u00e9s de la pandemia. Estas convenciones son parte de la [&hellip;]\" \/>\n<meta property=\"og:url\" content=\"https:\/\/cvinoticias.com\/v3\/montecarlo-sera-sede-de-un-multitudinario-evento-de-los-testigos-dejehova\/\" \/>\n<meta property=\"og:site_name\" content=\"CVI NOTICIAS\" \/>\n<meta property=\"article:publisher\" content=\"https:\/\/www.facebook.com\/cvinoticias\" \/>\n<meta property=\"article:published_time\" content=\"2023-08-22T11:26:22+00:00\" \/>\n<meta property=\"og:image\" content=\"https:\/\/cvinoticias.com\/wp-content\/uploads\/2023\/08\/IMG-20230822-WA0026.jpg\" \/>\n\t<meta property=\"og:image:width\" content=\"1280\" \/>\n\t<meta property=\"og:image:height\" content=\"960\" \/>\n\t<meta property=\"og:image:type\" content=\"image\/jpeg\" \/>\n<meta name=\"author\" content=\"f1000024\" \/>\n<meta name=\"twitter:card\" content=\"summary_large_image\" \/>\n<meta name=\"twitter:label1\" content=\"Escrito por\" \/>\n\t<meta name=\"twitter:data1\" content=\"f1000024\" \/>\n\t<meta name=\"twitter:label2\" content=\"Tiempo de lectura\" \/>\n\t<meta name=\"twitter:data2\" content=\"2 minutos\" \/>\n<script type=\"application\/ld+json\" class=\"yoast-schema-graph\">{\"@context\":\"https:\\\/\\\/schema.org\",\"@graph\":[{\"@type\":\"Article\",\"@id\":\"https:\\\/\\\/cvinoticias.com\\\/v3\\\/montecarlo-sera-sede-de-un-multitudinario-evento-de-los-testigos-dejehova\\\/#article\",\"isPartOf\":{\"@id\":\"https:\\\/\\\/cvinoticias.com\\\/v3\\\/montecarlo-sera-sede-de-un-multitudinario-evento-de-los-testigos-dejehova\\\/\"},\"author\":{\"name\":\"f1000024\",\"@id\":\"https:\\\/\\\/cvinoticias.com\\\/v3\\\/#\\\/schema\\\/person\\\/2db77e3c6bc03c538495d7b2b8be9b66\"},\"headline\":\"Montecarlo ser\u00e1 sede de un multitudinario evento de los testigos deJehov\u00e1\",\"datePublished\":\"2023-08-22T11:26:22+00:00\",\"mainEntityOfPage\":{\"@id\":\"https:\\\/\\\/cvinoticias.com\\\/v3\\\/montecarlo-sera-sede-de-un-multitudinario-evento-de-los-testigos-dejehova\\\/\"},\"wordCount\":326,\"commentCount\":0,\"publisher\":{\"@id\":\"https:\\\/\\\/cvinoticias.com\\\/v3\\\/#organization\"},\"image\":{\"@id\":\"https:\\\/\\\/cvinoticias.com\\\/v3\\\/montecarlo-sera-sede-de-un-multitudinario-evento-de-los-testigos-dejehova\\\/#primaryimage\"},\"thumbnailUrl\":\"https:\\\/\\\/cvinoticias.com\\\/wp-content\\\/uploads\\\/2023\\\/08\\\/IMG-20230822-WA0026.jpg\",\"articleSection\":[\"Religi\u00f3n\"],\"inLanguage\":\"es\",\"potentialAction\":[{\"@type\":\"CommentAction\",\"name\":\"Comment\",\"target\":[\"https:\\\/\\\/cvinoticias.com\\\/v3\\\/montecarlo-sera-sede-de-un-multitudinario-evento-de-los-testigos-dejehova\\\/#respond\"]}]},{\"@type\":\"WebPage\",\"@id\":\"https:\\\/\\\/cvinoticias.com\\\/v3\\\/montecarlo-sera-sede-de-un-multitudinario-evento-de-los-testigos-dejehova\\\/\",\"url\":\"https:\\\/\\\/cvinoticias.com\\\/v3\\\/montecarlo-sera-sede-de-un-multitudinario-evento-de-los-testigos-dejehova\\\/\",\"name\":\"Montecarlo ser\u00e1 sede de un multitudinario evento de los testigos deJehov\u00e1 | CVI NOTICIAS\",\"isPartOf\":{\"@id\":\"https:\\\/\\\/cvinoticias.com\\\/v3\\\/#website\"},\"primaryImageOfPage\":{\"@id\":\"https:\\\/\\\/cvinoticias.com\\\/v3\\\/montecarlo-sera-sede-de-un-multitudinario-evento-de-los-testigos-dejehova\\\/#primaryimage\"},\"image\":{\"@id\":\"https:\\\/\\\/cvinoticias.com\\\/v3\\\/montecarlo-sera-sede-de-un-multitudinario-evento-de-los-testigos-dejehova\\\/#primaryimage\"},\"thumbnailUrl\":\"https:\\\/\\\/cvinoticias.com\\\/wp-content\\\/uploads\\\/2023\\\/08\\\/IMG-20230822-WA0026.jpg\",\"datePublished\":\"2023-08-22T11:26:22+00:00\",\"breadcrumb\":{\"@id\":\"https:\\\/\\\/cvinoticias.com\\\/v3\\\/montecarlo-sera-sede-de-un-multitudinario-evento-de-los-testigos-dejehova\\\/#breadcrumb\"},\"inLanguage\":\"es\",\"potentialAction\":[{\"@type\":\"ReadAction\",\"target\":[\"https:\\\/\\\/cvinoticias.com\\\/v3\\\/montecarlo-sera-sede-de-un-multitudinario-evento-de-los-testigos-dejehova\\\/\"]}]},{\"@type\":\"ImageObject\",\"inLanguage\":\"es\",\"@id\":\"https:\\\/\\\/cvinoticias.com\\\/v3\\\/montecarlo-sera-sede-de-un-multitudinario-evento-de-los-testigos-dejehova\\\/#primaryimage\",\"url\":\"https:\\\/\\\/cvinoticias.com\\\/wp-content\\\/uploads\\\/2023\\\/08\\\/IMG-20230822-WA0026.jpg\",\"contentUrl\":\"https:\\\/\\\/cvinoticias.com\\\/wp-content\\\/uploads\\\/2023\\\/08\\\/IMG-20230822-WA0026.jpg\",\"width\":1280,\"height\":960},{\"@type\":\"BreadcrumbList\",\"@id\":\"https:\\\/\\\/cvinoticias.com\\\/v3\\\/montecarlo-sera-sede-de-un-multitudinario-evento-de-los-testigos-dejehova\\\/#breadcrumb\",\"itemListElement\":[{\"@type\":\"ListItem\",\"position\":1,\"name\":\"Portada\",\"item\":\"https:\\\/\\\/cvinoticias.com\\\/v3\\\/\"},{\"@type\":\"ListItem\",\"position\":2,\"name\":\"Montecarlo ser\u00e1 sede de un multitudinario evento de los testigos deJehov\u00e1\"}]},{\"@type\":\"WebSite\",\"@id\":\"https:\\\/\\\/cvinoticias.com\\\/v3\\\/#website\",\"url\":\"https:\\\/\\\/cvinoticias.com\\\/v3\\\/\",\"name\":\"CVI NOTICIAS\",\"description\":\"\",\"publisher\":{\"@id\":\"https:\\\/\\\/cvinoticias.com\\\/v3\\\/#organization\"},\"alternateName\":\"CVI\",\"potentialAction\":[{\"@type\":\"SearchAction\",\"target\":{\"@type\":\"EntryPoint\",\"urlTemplate\":\"https:\\\/\\\/cvinoticias.com\\\/v3\\\/?s={search_term_string}\"},\"query-input\":{\"@type\":\"PropertyValueSpecification\",\"valueRequired\":true,\"valueName\":\"search_term_string\"}}],\"inLanguage\":\"es\"},{\"@type\":\"Organization\",\"@id\":\"https:\\\/\\\/cvinoticias.com\\\/v3\\\/#organization\",\"name\":\"CVI NOTICIAS\",\"url\":\"https:\\\/\\\/cvinoticias.com\\\/v3\\\/\",\"logo\":{\"@type\":\"ImageObject\",\"inLanguage\":\"es\",\"@id\":\"https:\\\/\\\/cvinoticias.com\\\/v3\\\/#\\\/schema\\\/logo\\\/image\\\/\",\"url\":\"https:\\\/\\\/cvinoticias.com\\\/wp-content\\\/uploads\\\/2023\\\/04\\\/cropped-cropped-cropped-cropped-cropped-3-1.png\",\"contentUrl\":\"https:\\\/\\\/cvinoticias.com\\\/wp-content\\\/uploads\\\/2023\\\/04\\\/cropped-cropped-cropped-cropped-cropped-3-1.png\",\"width\":95,\"height\":122,\"caption\":\"CVI NOTICIAS\"},\"image\":{\"@id\":\"https:\\\/\\\/cvinoticias.com\\\/v3\\\/#\\\/schema\\\/logo\\\/image\\\/\"},\"sameAs\":[\"https:\\\/\\\/www.facebook.com\\\/cvinoticias\",\"https:\\\/\\\/www.instagram.com\\\/cvinoticias\\\/\",\"https:\\\/\\\/www.youtube.com\\\/@CVINOTICIAS\"]},{\"@type\":\"Person\",\"@id\":\"https:\\\/\\\/cvinoticias.com\\\/v3\\\/#\\\/schema\\\/person\\\/2db77e3c6bc03c538495d7b2b8be9b66\",\"name\":\"f1000024\",\"image\":{\"@type\":\"ImageObject\",\"inLanguage\":\"es\",\"@id\":\"https:\\\/\\\/secure.gravatar.com\\\/avatar\\\/d4fe7459cfc51ff5129ce1a732bbef5928568b8092d412ef95611616376bbeed?s=96&d=mm&r=g\",\"url\":\"https:\\\/\\\/secure.gravatar.com\\\/avatar\\\/d4fe7459cfc51ff5129ce1a732bbef5928568b8092d412ef95611616376bbeed?s=96&d=mm&r=g\",\"contentUrl\":\"https:\\\/\\\/secure.gravatar.com\\\/avatar\\\/d4fe7459cfc51ff5129ce1a732bbef5928568b8092d412ef95611616376bbeed?s=96&d=mm&r=g\",\"caption\":\"f1000024\"},\"url\":\"https:\\\/\\\/cvinoticias.com\\\/v3\\\/author\\\/f1000024\\\/\"}]}<\/script>\n<!-- \/ Yoast SEO plugin. -->","yoast_head_json":{"title":"Montecarlo ser\u00e1 sede de un multitudinario evento de los testigos deJehov\u00e1 | CVI NOTICIAS","robots":{"index":"index","follow":"follow","max-snippet":"max-snippet:-1","max-image-preview":"max-image-preview:large","max-video-preview":"max-video-preview:-1"},"canonical":"https:\/\/cvinoticias.com\/v3\/montecarlo-sera-sede-de-un-multitudinario-evento-de-los-testigos-dejehova\/","og_locale":"es_ES","og_type":"article","og_title":"Montecarlo ser\u00e1 sede de un multitudinario evento de los testigos deJehov\u00e1 | CVI NOTICIAS","og_description":"Los testigos de Jehov\u00e1 volver\u00e1n a celebrar un evento multitudinario en Montecarlo. Se llevar\u00e1 a cabo en el Polideportivo Municipal de Montecarlo los d\u00edas 8,9 y 10 de septiembre del 2023 y el tema ser\u00e1 \u201cTengan Paciencia\u201d. Esta ser\u00e1 la primera convocatoria de gran magnitud despu\u00e9s de la pandemia. Estas convenciones son parte de la [&hellip;]","og_url":"https:\/\/cvinoticias.com\/v3\/montecarlo-sera-sede-de-un-multitudinario-evento-de-los-testigos-dejehova\/","og_site_name":"CVI NOTICIAS","article_publisher":"https:\/\/www.facebook.com\/cvinoticias","article_published_time":"2023-08-22T11:26:22+00:00","og_image":[{"width":1280,"height":960,"url":"https:\/\/cvinoticias.com\/wp-content\/uploads\/2023\/08\/IMG-20230822-WA0026.jpg","type":"image\/jpeg"}],"author":"f1000024","twitter_card":"summary_large_image","twitter_misc":{"Escrito por":"f1000024","Tiempo de lectura":"2 minutos"},"schema":{"@context":"https:\/\/schema.org","@graph":[{"@type":"Article","@id":"https:\/\/cvinoticias.com\/v3\/montecarlo-sera-sede-de-un-multitudinario-evento-de-los-testigos-dejehova\/#article","isPartOf":{"@id":"https:\/\/cvinoticias.com\/v3\/montecarlo-sera-sede-de-un-multitudinario-evento-de-los-testigos-dejehova\/"},"author":{"name":"f1000024","@id":"https:\/\/cvinoticias.com\/v3\/#\/schema\/person\/2db77e3c6bc03c538495d7b2b8be9b66"},"headline":"Montecarlo ser\u00e1 sede de un multitudinario evento de los testigos deJehov\u00e1","datePublished":"2023-08-22T11:26:22+00:00","mainEntityOfPage":{"@id":"https:\/\/cvinoticias.com\/v3\/montecarlo-sera-sede-de-un-multitudinario-evento-de-los-testigos-dejehova\/"},"wordCount":326,"commentCount":0,"publisher":{"@id":"https:\/\/cvinoticias.com\/v3\/#organization"},"image":{"@id":"https:\/\/cvinoticias.com\/v3\/montecarlo-sera-sede-de-un-multitudinario-evento-de-los-testigos-dejehova\/#primaryimage"},"thumbnailUrl":"https:\/\/cvinoticias.com\/wp-content\/uploads\/2023\/08\/IMG-20230822-WA0026.jpg","articleSection":["Religi\u00f3n"],"inLanguage":"es","potentialAction":[{"@type":"CommentAction","name":"Comment","target":["https:\/\/cvinoticias.com\/v3\/montecarlo-sera-sede-de-un-multitudinario-evento-de-los-testigos-dejehova\/#respond"]}]},{"@type":"WebPage","@id":"https:\/\/cvinoticias.com\/v3\/montecarlo-sera-sede-de-un-multitudinario-evento-de-los-testigos-dejehova\/","url":"https:\/\/cvinoticias.com\/v3\/montecarlo-sera-sede-de-un-multitudinario-evento-de-los-testigos-dejehova\/","name":"Montecarlo ser\u00e1 sede de un multitudinario evento de los testigos deJehov\u00e1 | CVI NOTICIAS","isPartOf":{"@id":"https:\/\/cvinoticias.com\/v3\/#website"},"primaryImageOfPage":{"@id":"https:\/\/cvinoticias.com\/v3\/montecarlo-sera-sede-de-un-multitudinario-evento-de-los-testigos-dejehova\/#primaryimage"},"image":{"@id":"https:\/\/cvinoticias.com\/v3\/montecarlo-sera-sede-de-un-multitudinario-evento-de-los-testigos-dejehova\/#primaryimage"},"thumbnailUrl":"https:\/\/cvinoticias.com\/wp-content\/uploads\/2023\/08\/IMG-20230822-WA0026.jpg","datePublished":"2023-08-22T11:26:22+00:00","breadcrumb":{"@id":"https:\/\/cvinoticias.com\/v3\/montecarlo-sera-sede-de-un-multitudinario-evento-de-los-testigos-dejehova\/#breadcrumb"},"inLanguage":"es","potentialAction":[{"@type":"ReadAction","target":["https:\/\/cvinoticias.com\/v3\/montecarlo-sera-sede-de-un-multitudinario-evento-de-los-testigos-dejehova\/"]}]},{"@type":"ImageObject","inLanguage":"es","@id":"https:\/\/cvinoticias.com\/v3\/montecarlo-sera-sede-de-un-multitudinario-evento-de-los-testigos-dejehova\/#primaryimage","url":"https:\/\/cvinoticias.com\/wp-content\/uploads\/2023\/08\/IMG-20230822-WA0026.jpg","contentUrl":"https:\/\/cvinoticias.com\/wp-content\/uploads\/2023\/08\/IMG-20230822-WA0026.jpg","width":1280,"height":960},{"@type":"BreadcrumbList","@id":"https:\/\/cvinoticias.com\/v3\/montecarlo-sera-sede-de-un-multitudinario-evento-de-los-testigos-dejehova\/#breadcrumb","itemListElement":[{"@type":"ListItem","position":1,"name":"Portada","item":"https:\/\/cvinoticias.com\/v3\/"},{"@type":"ListItem","position":2,"name":"Montecarlo ser\u00e1 sede de un multitudinario evento de los testigos deJehov\u00e1"}]},{"@type":"WebSite","@id":"https:\/\/cvinoticias.com\/v3\/#website","url":"https:\/\/cvinoticias.com\/v3\/","name":"CVI NOTICIAS","description":"","publisher":{"@id":"https:\/\/cvinoticias.com\/v3\/#organization"},"alternateName":"CVI","potentialAction":[{"@type":"SearchAction","target":{"@type":"EntryPoint","urlTemplate":"https:\/\/cvinoticias.com\/v3\/?s={search_term_string}"},"query-input":{"@type":"PropertyValueSpecification","valueRequired":true,"valueName":"search_term_string"}}],"inLanguage":"es"},{"@type":"Organization","@id":"https:\/\/cvinoticias.com\/v3\/#organization","name":"CVI NOTICIAS","url":"https:\/\/cvinoticias.com\/v3\/","logo":{"@type":"ImageObject","inLanguage":"es","@id":"https:\/\/cvinoticias.com\/v3\/#\/schema\/logo\/image\/","url":"https:\/\/cvinoticias.com\/wp-content\/uploads\/2023\/04\/cropped-cropped-cropped-cropped-cropped-3-1.png","contentUrl":"https:\/\/cvinoticias.com\/wp-content\/uploads\/2023\/04\/cropped-cropped-cropped-cropped-cropped-3-1.png","width":95,"height":122,"caption":"CVI NOTICIAS"},"image":{"@id":"https:\/\/cvinoticias.com\/v3\/#\/schema\/logo\/image\/"},"sameAs":["https:\/\/www.facebook.com\/cvinoticias","https:\/\/www.instagram.com\/cvinoticias\/","https:\/\/www.youtube.com\/@CVINOTICIAS"]},{"@type":"Person","@id":"https:\/\/cvinoticias.com\/v3\/#\/schema\/person\/2db77e3c6bc03c538495d7b2b8be9b66","name":"f1000024","image":{"@type":"ImageObject","inLanguage":"es","@id":"https:\/\/secure.gravatar.com\/avatar\/d4fe7459cfc51ff5129ce1a732bbef5928568b8092d412ef95611616376bbeed?s=96&d=mm&r=g","url":"https:\/\/secure.gravatar.com\/avatar\/d4fe7459cfc51ff5129ce1a732bbef5928568b8092d412ef95611616376bbeed?s=96&d=mm&r=g","contentUrl":"https:\/\/secure.gravatar.com\/avatar\/d4fe7459cfc51ff5129ce1a732bbef5928568b8092d412ef95611616376bbeed?s=96&d=mm&r=g","caption":"f1000024"},"url":"https:\/\/cvinoticias.com\/v3\/author\/f1000024\/"}]}},"_links":{"self":[{"href":"https:\/\/cvinoticias.com\/v3\/wp-json\/wp\/v2\/posts\/27322","targetHints":{"allow":["GET"]}}],"collection":[{"href":"https:\/\/cvinoticias.com\/v3\/wp-json\/wp\/v2\/posts"}],"about":[{"href":"https:\/\/cvinoticias.com\/v3\/wp-json\/wp\/v2\/types\/post"}],"author":[{"embeddable":true,"href":"https:\/\/cvinoticias.com\/v3\/wp-json\/wp\/v2\/users\/2"}],"replies":[{"embeddable":true,"href":"https:\/\/cvinoticias.com\/v3\/wp-json\/wp\/v2\/comments?post=27322"}],"version-history":[{"count":1,"href":"https:\/\/cvinoticias.com\/v3\/wp-json\/wp\/v2\/posts\/27322\/revisions"}],"predecessor-version":[{"id":27325,"href":"https:\/\/cvinoticias.com\/v3\/wp-json\/wp\/v2\/posts\/27322\/revisions\/27325"}],"wp:featuredmedia":[{"embeddable":true,"href":"https:\/\/cvinoticias.com\/v3\/wp-json\/wp\/v2\/media\/27324"}],"wp:attachment":[{"href":"https:\/\/cvinoticias.com\/v3\/wp-json\/wp\/v2\/media?parent=27322"}],"wp:term":[{"taxonomy":"category","embeddable":true,"href":"https:\/\/cvinoticias.com\/v3\/wp-json\/wp\/v2\/categories?post=27322"},{"taxonomy":"post_tag","embeddable":true,"href":"https:\/\/cvinoticias.com\/v3\/wp-json\/wp\/v2\/tags?post=27322"}],"curies":[{"name":"wp","href":"https:\/\/api.w.org\/{rel}","templated":true}]}}