{"id":27305,"date":"2023-08-20T20:03:23","date_gmt":"2023-08-20T20:03:23","guid":{"rendered":"https:\/\/cvinoticias.com\/v3\/?p=27305"},"modified":"2023-08-20T20:03:23","modified_gmt":"2023-08-20T20:03:23","slug":"cuatro-hombres-detenidos-involucrados-en-distintos-hechos-en-puerto-iguazu","status":"publish","type":"post","link":"https:\/\/cvinoticias.com\/v3\/cuatro-hombres-detenidos-involucrados-en-distintos-hechos-en-puerto-iguazu\/","title":{"rendered":"Cuatro hombres detenidos involucrados en distintos hechos en Puerto Iguaz\u00fa"},"content":{"rendered":"\n<p><em><strong>Pasado el mediod\u00eda de hoy, los efectivos de la Divisi\u00f3n Comando Radioel\u00e9ctrico URV, detuvieron a tres hombres de 28, 30 y 38 a\u00f1os, quienes estan involucrados en ocasionar da\u00f1os en el portal lateral de acceso al dep\u00f3sito del Anfiteatro \u00abRam\u00f3n Ayala\u00bb de esta ciudad.<\/strong><\/em><\/p>\n\n\n\n<p>Los polic\u00edas conocieron el hecho tras un alerta a la l\u00ednea de emergencias, donde informaron que se hab\u00edan activado las alarmas del lugar. Arribados la comisi\u00f3n policial se entrevist\u00f3 con la encargada del predio quien manifest\u00f3 que desconocidos ingresaron al sector con fines delictivos no logrando sustraer elemento alguna en raz\u00f3n de haberse activado las alarmas; ya con los datos aportados se mont\u00f3 un amplio operativo en la zona donde los efectivos lograron identificar y detener a los sospechosos sobre la avenida Tres Fronteras.<\/p>\n\n\n\n<p>Finalmente, los sindicados quedaron alojados en sede policial a disposici\u00f3n de la justicia, se invit\u00f3 a la encargada a formalizar la denuncia respecto del hecho.<\/p>\n\n\n\n<figure class=\"wp-block-image size-large\"><a href=\"https:\/\/cvinoticias.com\/wp-content\/uploads\/2023\/08\/FB_IMG_1692561607054.jpg\"><img decoding=\"async\" width=\"1024\" height=\"960\" data-src=\"https:\/\/cvinoticias.com\/wp-content\/uploads\/2023\/08\/FB_IMG_1692561607054-1024x960.jpg\" alt=\"\" class=\"wp-image-27307 lazyload\" data-srcset=\"https:\/\/cvinoticias.com\/wp-content\/uploads\/2023\/08\/FB_IMG_1692561607054-1024x960.jpg 1024w, https:\/\/cvinoticias.com\/wp-content\/uploads\/2023\/08\/FB_IMG_1692561607054-300x281.jpg 300w, https:\/\/cvinoticias.com\/wp-content\/uploads\/2023\/08\/FB_IMG_1692561607054-768x720.jpg 768w, https:\/\/cvinoticias.com\/wp-content\/uploads\/2023\/08\/FB_IMG_1692561607054.jpg 1080w\" data-sizes=\"(max-width: 1024px) 100vw, 1024px\" src=\"data:image\/svg+xml;base64,PHN2ZyB3aWR0aD0iMSIgaGVpZ2h0PSIxIiB4bWxucz0iaHR0cDovL3d3dy53My5vcmcvMjAwMC9zdmciPjwvc3ZnPg==\" style=\"--smush-placeholder-width: 1024px; --smush-placeholder-aspect-ratio: 1024\/960;\" \/><\/a><\/figure>\n\n\n\n<p>En tanto en el barrio Villa Alta, sobre la avenida Felipe Varela, efectivos de la comisar\u00eda seccional segunda URV, detuvieron a \u00abBraian\u00bbC. De 21 a\u00f1os, el joven hab\u00eda sido registrado por las c\u00e1maras de seguridad de un comercio lindante al lugar del hecho.<\/p>\n\n\n\n<p>En las \u00faltimas horas un hombre alert\u00f3 a las autoridades que momentos antes habr\u00edan ingresado al local de comidas propiedad de la familia y constat\u00f3 la sustracci\u00f3n de varios elementos del lugar, tras el registro f\u00edlmico de locales lindantes logr\u00f3 observar al desconocido alejarse del comercio por la parte posterior con los objetos sustra\u00eddos. Fue as\u00ed que con el aporte del registro f\u00edlmico se logr\u00f3 identificar a Braian quien fue detenido en inmediaciones al lugar y puesto inmediatamente a disposici\u00f3n de la justicia.<\/p>\n\n\n\n<figure class=\"wp-block-image size-large\"><a href=\"https:\/\/cvinoticias.com\/wp-content\/uploads\/2023\/08\/FB_IMG_1692561604422.jpg\"><img decoding=\"async\" width=\"768\" height=\"1024\" data-src=\"https:\/\/cvinoticias.com\/wp-content\/uploads\/2023\/08\/FB_IMG_1692561604422-768x1024.jpg\" alt=\"\" class=\"wp-image-27308 lazyload\" data-srcset=\"https:\/\/cvinoticias.com\/wp-content\/uploads\/2023\/08\/FB_IMG_1692561604422-768x1024.jpg 768w, https:\/\/cvinoticias.com\/wp-content\/uploads\/2023\/08\/FB_IMG_1692561604422-225x300.jpg 225w, https:\/\/cvinoticias.com\/wp-content\/uploads\/2023\/08\/FB_IMG_1692561604422.jpg 780w\" data-sizes=\"(max-width: 768px) 100vw, 768px\" src=\"data:image\/svg+xml;base64,PHN2ZyB3aWR0aD0iMSIgaGVpZ2h0PSIxIiB4bWxucz0iaHR0cDovL3d3dy53My5vcmcvMjAwMC9zdmciPjwvc3ZnPg==\" style=\"--smush-placeholder-width: 768px; --smush-placeholder-aspect-ratio: 768\/1024;\" \/><\/a><\/figure>\n","protected":false},"excerpt":{"rendered":"<p>Pasado el mediod\u00eda de hoy, los efectivos de la Divisi\u00f3n Comando Radioel\u00e9ctrico URV, detuvieron a tres hombres de 28, 30 y 38 a\u00f1os, quienes estan involucrados en ocasionar da\u00f1os en el portal lateral de acceso al dep\u00f3sito del Anfiteatro \u00abRam\u00f3n Ayala\u00bb de esta ciudad. Los polic\u00edas conocieron el hecho tras un alerta a la l\u00ednea [&hellip;]<\/p>\n","protected":false},"author":2,"featured_media":27306,"comment_status":"closed","ping_status":"open","sticky":false,"template":"","format":"standard","meta":{"footnotes":""},"categories":[41],"tags":[],"class_list":["post-27305","post","type-post","status-publish","format-standard","has-post-thumbnail","hentry","category-policiales"],"yoast_head":"<!-- This site is optimized with the Yoast SEO plugin v27.5 - https:\/\/yoast.com\/product\/yoast-seo-wordpress\/ -->\n<title>Cuatro hombres detenidos involucrados en distintos hechos en Puerto Iguaz\u00fa | CVI NOTICIAS<\/title>\n<meta name=\"robots\" content=\"index, follow, max-snippet:-1, max-image-preview:large, max-video-preview:-1\" \/>\n<link rel=\"canonical\" href=\"https:\/\/cvinoticias.com\/v3\/cuatro-hombres-detenidos-involucrados-en-distintos-hechos-en-puerto-iguazu\/\" \/>\n<meta property=\"og:locale\" content=\"es_ES\" \/>\n<meta property=\"og:type\" content=\"article\" \/>\n<meta property=\"og:title\" content=\"Cuatro hombres detenidos involucrados en distintos hechos en Puerto Iguaz\u00fa | CVI NOTICIAS\" \/>\n<meta property=\"og:description\" content=\"Pasado el mediod\u00eda de hoy, los efectivos de la Divisi\u00f3n Comando Radioel\u00e9ctrico URV, detuvieron a tres hombres de 28, 30 y 38 a\u00f1os, quienes estan involucrados en ocasionar da\u00f1os en el portal lateral de acceso al dep\u00f3sito del Anfiteatro \u00abRam\u00f3n Ayala\u00bb de esta ciudad. Los polic\u00edas conocieron el hecho tras un alerta a la l\u00ednea [&hellip;]\" \/>\n<meta property=\"og:url\" content=\"https:\/\/cvinoticias.com\/v3\/cuatro-hombres-detenidos-involucrados-en-distintos-hechos-en-puerto-iguazu\/\" \/>\n<meta property=\"og:site_name\" content=\"CVI NOTICIAS\" \/>\n<meta property=\"article:publisher\" content=\"https:\/\/www.facebook.com\/cvinoticias\" \/>\n<meta property=\"article:published_time\" content=\"2023-08-20T20:03:23+00:00\" \/>\n<meta property=\"og:image\" content=\"https:\/\/cvinoticias.com\/wp-content\/uploads\/2023\/08\/FB_IMG_1692561598816.jpg\" \/>\n\t<meta property=\"og:image:width\" content=\"1080\" \/>\n\t<meta property=\"og:image:height\" content=\"810\" \/>\n\t<meta property=\"og:image:type\" content=\"image\/jpeg\" \/>\n<meta name=\"author\" content=\"f1000024\" \/>\n<meta name=\"twitter:card\" content=\"summary_large_image\" \/>\n<meta name=\"twitter:label1\" content=\"Escrito por\" \/>\n\t<meta name=\"twitter:data1\" content=\"f1000024\" \/>\n\t<meta name=\"twitter:label2\" content=\"Tiempo de lectura\" \/>\n\t<meta name=\"twitter:data2\" content=\"1 minuto\" \/>\n<script type=\"application\/ld+json\" class=\"yoast-schema-graph\">{\"@context\":\"https:\\\/\\\/schema.org\",\"@graph\":[{\"@type\":\"Article\",\"@id\":\"https:\\\/\\\/cvinoticias.com\\\/v3\\\/cuatro-hombres-detenidos-involucrados-en-distintos-hechos-en-puerto-iguazu\\\/#article\",\"isPartOf\":{\"@id\":\"https:\\\/\\\/cvinoticias.com\\\/v3\\\/cuatro-hombres-detenidos-involucrados-en-distintos-hechos-en-puerto-iguazu\\\/\"},\"author\":{\"name\":\"f1000024\",\"@id\":\"https:\\\/\\\/cvinoticias.com\\\/v3\\\/#\\\/schema\\\/person\\\/2db77e3c6bc03c538495d7b2b8be9b66\"},\"headline\":\"Cuatro hombres detenidos involucrados en distintos hechos en Puerto Iguaz\u00fa\",\"datePublished\":\"2023-08-20T20:03:23+00:00\",\"mainEntityOfPage\":{\"@id\":\"https:\\\/\\\/cvinoticias.com\\\/v3\\\/cuatro-hombres-detenidos-involucrados-en-distintos-hechos-en-puerto-iguazu\\\/\"},\"wordCount\":309,\"publisher\":{\"@id\":\"https:\\\/\\\/cvinoticias.com\\\/v3\\\/#organization\"},\"image\":{\"@id\":\"https:\\\/\\\/cvinoticias.com\\\/v3\\\/cuatro-hombres-detenidos-involucrados-en-distintos-hechos-en-puerto-iguazu\\\/#primaryimage\"},\"thumbnailUrl\":\"https:\\\/\\\/cvinoticias.com\\\/wp-content\\\/uploads\\\/2023\\\/08\\\/FB_IMG_1692561598816.jpg\",\"articleSection\":[\"Policiales\"],\"inLanguage\":\"es\"},{\"@type\":\"WebPage\",\"@id\":\"https:\\\/\\\/cvinoticias.com\\\/v3\\\/cuatro-hombres-detenidos-involucrados-en-distintos-hechos-en-puerto-iguazu\\\/\",\"url\":\"https:\\\/\\\/cvinoticias.com\\\/v3\\\/cuatro-hombres-detenidos-involucrados-en-distintos-hechos-en-puerto-iguazu\\\/\",\"name\":\"Cuatro hombres detenidos involucrados en distintos hechos en Puerto Iguaz\u00fa | CVI NOTICIAS\",\"isPartOf\":{\"@id\":\"https:\\\/\\\/cvinoticias.com\\\/v3\\\/#website\"},\"primaryImageOfPage\":{\"@id\":\"https:\\\/\\\/cvinoticias.com\\\/v3\\\/cuatro-hombres-detenidos-involucrados-en-distintos-hechos-en-puerto-iguazu\\\/#primaryimage\"},\"image\":{\"@id\":\"https:\\\/\\\/cvinoticias.com\\\/v3\\\/cuatro-hombres-detenidos-involucrados-en-distintos-hechos-en-puerto-iguazu\\\/#primaryimage\"},\"thumbnailUrl\":\"https:\\\/\\\/cvinoticias.com\\\/wp-content\\\/uploads\\\/2023\\\/08\\\/FB_IMG_1692561598816.jpg\",\"datePublished\":\"2023-08-20T20:03:23+00:00\",\"breadcrumb\":{\"@id\":\"https:\\\/\\\/cvinoticias.com\\\/v3\\\/cuatro-hombres-detenidos-involucrados-en-distintos-hechos-en-puerto-iguazu\\\/#breadcrumb\"},\"inLanguage\":\"es\",\"potentialAction\":[{\"@type\":\"ReadAction\",\"target\":[\"https:\\\/\\\/cvinoticias.com\\\/v3\\\/cuatro-hombres-detenidos-involucrados-en-distintos-hechos-en-puerto-iguazu\\\/\"]}]},{\"@type\":\"ImageObject\",\"inLanguage\":\"es\",\"@id\":\"https:\\\/\\\/cvinoticias.com\\\/v3\\\/cuatro-hombres-detenidos-involucrados-en-distintos-hechos-en-puerto-iguazu\\\/#primaryimage\",\"url\":\"https:\\\/\\\/cvinoticias.com\\\/wp-content\\\/uploads\\\/2023\\\/08\\\/FB_IMG_1692561598816.jpg\",\"contentUrl\":\"https:\\\/\\\/cvinoticias.com\\\/wp-content\\\/uploads\\\/2023\\\/08\\\/FB_IMG_1692561598816.jpg\",\"width\":1080,\"height\":810},{\"@type\":\"BreadcrumbList\",\"@id\":\"https:\\\/\\\/cvinoticias.com\\\/v3\\\/cuatro-hombres-detenidos-involucrados-en-distintos-hechos-en-puerto-iguazu\\\/#breadcrumb\",\"itemListElement\":[{\"@type\":\"ListItem\",\"position\":1,\"name\":\"Portada\",\"item\":\"https:\\\/\\\/cvinoticias.com\\\/v3\\\/\"},{\"@type\":\"ListItem\",\"position\":2,\"name\":\"Cuatro hombres detenidos involucrados en distintos hechos en Puerto Iguaz\u00fa\"}]},{\"@type\":\"WebSite\",\"@id\":\"https:\\\/\\\/cvinoticias.com\\\/v3\\\/#website\",\"url\":\"https:\\\/\\\/cvinoticias.com\\\/v3\\\/\",\"name\":\"CVI NOTICIAS\",\"description\":\"\",\"publisher\":{\"@id\":\"https:\\\/\\\/cvinoticias.com\\\/v3\\\/#organization\"},\"alternateName\":\"CVI\",\"potentialAction\":[{\"@type\":\"SearchAction\",\"target\":{\"@type\":\"EntryPoint\",\"urlTemplate\":\"https:\\\/\\\/cvinoticias.com\\\/v3\\\/?s={search_term_string}\"},\"query-input\":{\"@type\":\"PropertyValueSpecification\",\"valueRequired\":true,\"valueName\":\"search_term_string\"}}],\"inLanguage\":\"es\"},{\"@type\":\"Organization\",\"@id\":\"https:\\\/\\\/cvinoticias.com\\\/v3\\\/#organization\",\"name\":\"CVI NOTICIAS\",\"url\":\"https:\\\/\\\/cvinoticias.com\\\/v3\\\/\",\"logo\":{\"@type\":\"ImageObject\",\"inLanguage\":\"es\",\"@id\":\"https:\\\/\\\/cvinoticias.com\\\/v3\\\/#\\\/schema\\\/logo\\\/image\\\/\",\"url\":\"https:\\\/\\\/cvinoticias.com\\\/wp-content\\\/uploads\\\/2023\\\/04\\\/cropped-cropped-cropped-cropped-cropped-3-1.png\",\"contentUrl\":\"https:\\\/\\\/cvinoticias.com\\\/wp-content\\\/uploads\\\/2023\\\/04\\\/cropped-cropped-cropped-cropped-cropped-3-1.png\",\"width\":95,\"height\":122,\"caption\":\"CVI NOTICIAS\"},\"image\":{\"@id\":\"https:\\\/\\\/cvinoticias.com\\\/v3\\\/#\\\/schema\\\/logo\\\/image\\\/\"},\"sameAs\":[\"https:\\\/\\\/www.facebook.com\\\/cvinoticias\",\"https:\\\/\\\/www.instagram.com\\\/cvinoticias\\\/\",\"https:\\\/\\\/www.youtube.com\\\/@CVINOTICIAS\"]},{\"@type\":\"Person\",\"@id\":\"https:\\\/\\\/cvinoticias.com\\\/v3\\\/#\\\/schema\\\/person\\\/2db77e3c6bc03c538495d7b2b8be9b66\",\"name\":\"f1000024\",\"image\":{\"@type\":\"ImageObject\",\"inLanguage\":\"es\",\"@id\":\"https:\\\/\\\/secure.gravatar.com\\\/avatar\\\/d4fe7459cfc51ff5129ce1a732bbef5928568b8092d412ef95611616376bbeed?s=96&d=mm&r=g\",\"url\":\"https:\\\/\\\/secure.gravatar.com\\\/avatar\\\/d4fe7459cfc51ff5129ce1a732bbef5928568b8092d412ef95611616376bbeed?s=96&d=mm&r=g\",\"contentUrl\":\"https:\\\/\\\/secure.gravatar.com\\\/avatar\\\/d4fe7459cfc51ff5129ce1a732bbef5928568b8092d412ef95611616376bbeed?s=96&d=mm&r=g\",\"caption\":\"f1000024\"},\"url\":\"https:\\\/\\\/cvinoticias.com\\\/v3\\\/author\\\/f1000024\\\/\"}]}<\/script>\n<!-- \/ Yoast SEO plugin. -->","yoast_head_json":{"title":"Cuatro hombres detenidos involucrados en distintos hechos en Puerto Iguaz\u00fa | CVI NOTICIAS","robots":{"index":"index","follow":"follow","max-snippet":"max-snippet:-1","max-image-preview":"max-image-preview:large","max-video-preview":"max-video-preview:-1"},"canonical":"https:\/\/cvinoticias.com\/v3\/cuatro-hombres-detenidos-involucrados-en-distintos-hechos-en-puerto-iguazu\/","og_locale":"es_ES","og_type":"article","og_title":"Cuatro hombres detenidos involucrados en distintos hechos en Puerto Iguaz\u00fa | CVI NOTICIAS","og_description":"Pasado el mediod\u00eda de hoy, los efectivos de la Divisi\u00f3n Comando Radioel\u00e9ctrico URV, detuvieron a tres hombres de 28, 30 y 38 a\u00f1os, quienes estan involucrados en ocasionar da\u00f1os en el portal lateral de acceso al dep\u00f3sito del Anfiteatro \u00abRam\u00f3n Ayala\u00bb de esta ciudad. Los polic\u00edas conocieron el hecho tras un alerta a la l\u00ednea [&hellip;]","og_url":"https:\/\/cvinoticias.com\/v3\/cuatro-hombres-detenidos-involucrados-en-distintos-hechos-en-puerto-iguazu\/","og_site_name":"CVI NOTICIAS","article_publisher":"https:\/\/www.facebook.com\/cvinoticias","article_published_time":"2023-08-20T20:03:23+00:00","og_image":[{"width":1080,"height":810,"url":"https:\/\/cvinoticias.com\/wp-content\/uploads\/2023\/08\/FB_IMG_1692561598816.jpg","type":"image\/jpeg"}],"author":"f1000024","twitter_card":"summary_large_image","twitter_misc":{"Escrito por":"f1000024","Tiempo de lectura":"1 minuto"},"schema":{"@context":"https:\/\/schema.org","@graph":[{"@type":"Article","@id":"https:\/\/cvinoticias.com\/v3\/cuatro-hombres-detenidos-involucrados-en-distintos-hechos-en-puerto-iguazu\/#article","isPartOf":{"@id":"https:\/\/cvinoticias.com\/v3\/cuatro-hombres-detenidos-involucrados-en-distintos-hechos-en-puerto-iguazu\/"},"author":{"name":"f1000024","@id":"https:\/\/cvinoticias.com\/v3\/#\/schema\/person\/2db77e3c6bc03c538495d7b2b8be9b66"},"headline":"Cuatro hombres detenidos involucrados en distintos hechos en Puerto Iguaz\u00fa","datePublished":"2023-08-20T20:03:23+00:00","mainEntityOfPage":{"@id":"https:\/\/cvinoticias.com\/v3\/cuatro-hombres-detenidos-involucrados-en-distintos-hechos-en-puerto-iguazu\/"},"wordCount":309,"publisher":{"@id":"https:\/\/cvinoticias.com\/v3\/#organization"},"image":{"@id":"https:\/\/cvinoticias.com\/v3\/cuatro-hombres-detenidos-involucrados-en-distintos-hechos-en-puerto-iguazu\/#primaryimage"},"thumbnailUrl":"https:\/\/cvinoticias.com\/wp-content\/uploads\/2023\/08\/FB_IMG_1692561598816.jpg","articleSection":["Policiales"],"inLanguage":"es"},{"@type":"WebPage","@id":"https:\/\/cvinoticias.com\/v3\/cuatro-hombres-detenidos-involucrados-en-distintos-hechos-en-puerto-iguazu\/","url":"https:\/\/cvinoticias.com\/v3\/cuatro-hombres-detenidos-involucrados-en-distintos-hechos-en-puerto-iguazu\/","name":"Cuatro hombres detenidos involucrados en distintos hechos en Puerto Iguaz\u00fa | CVI NOTICIAS","isPartOf":{"@id":"https:\/\/cvinoticias.com\/v3\/#website"},"primaryImageOfPage":{"@id":"https:\/\/cvinoticias.com\/v3\/cuatro-hombres-detenidos-involucrados-en-distintos-hechos-en-puerto-iguazu\/#primaryimage"},"image":{"@id":"https:\/\/cvinoticias.com\/v3\/cuatro-hombres-detenidos-involucrados-en-distintos-hechos-en-puerto-iguazu\/#primaryimage"},"thumbnailUrl":"https:\/\/cvinoticias.com\/wp-content\/uploads\/2023\/08\/FB_IMG_1692561598816.jpg","datePublished":"2023-08-20T20:03:23+00:00","breadcrumb":{"@id":"https:\/\/cvinoticias.com\/v3\/cuatro-hombres-detenidos-involucrados-en-distintos-hechos-en-puerto-iguazu\/#breadcrumb"},"inLanguage":"es","potentialAction":[{"@type":"ReadAction","target":["https:\/\/cvinoticias.com\/v3\/cuatro-hombres-detenidos-involucrados-en-distintos-hechos-en-puerto-iguazu\/"]}]},{"@type":"ImageObject","inLanguage":"es","@id":"https:\/\/cvinoticias.com\/v3\/cuatro-hombres-detenidos-involucrados-en-distintos-hechos-en-puerto-iguazu\/#primaryimage","url":"https:\/\/cvinoticias.com\/wp-content\/uploads\/2023\/08\/FB_IMG_1692561598816.jpg","contentUrl":"https:\/\/cvinoticias.com\/wp-content\/uploads\/2023\/08\/FB_IMG_1692561598816.jpg","width":1080,"height":810},{"@type":"BreadcrumbList","@id":"https:\/\/cvinoticias.com\/v3\/cuatro-hombres-detenidos-involucrados-en-distintos-hechos-en-puerto-iguazu\/#breadcrumb","itemListElement":[{"@type":"ListItem","position":1,"name":"Portada","item":"https:\/\/cvinoticias.com\/v3\/"},{"@type":"ListItem","position":2,"name":"Cuatro hombres detenidos involucrados en distintos hechos en Puerto Iguaz\u00fa"}]},{"@type":"WebSite","@id":"https:\/\/cvinoticias.com\/v3\/#website","url":"https:\/\/cvinoticias.com\/v3\/","name":"CVI NOTICIAS","description":"","publisher":{"@id":"https:\/\/cvinoticias.com\/v3\/#organization"},"alternateName":"CVI","potentialAction":[{"@type":"SearchAction","target":{"@type":"EntryPoint","urlTemplate":"https:\/\/cvinoticias.com\/v3\/?s={search_term_string}"},"query-input":{"@type":"PropertyValueSpecification","valueRequired":true,"valueName":"search_term_string"}}],"inLanguage":"es"},{"@type":"Organization","@id":"https:\/\/cvinoticias.com\/v3\/#organization","name":"CVI NOTICIAS","url":"https:\/\/cvinoticias.com\/v3\/","logo":{"@type":"ImageObject","inLanguage":"es","@id":"https:\/\/cvinoticias.com\/v3\/#\/schema\/logo\/image\/","url":"https:\/\/cvinoticias.com\/wp-content\/uploads\/2023\/04\/cropped-cropped-cropped-cropped-cropped-3-1.png","contentUrl":"https:\/\/cvinoticias.com\/wp-content\/uploads\/2023\/04\/cropped-cropped-cropped-cropped-cropped-3-1.png","width":95,"height":122,"caption":"CVI NOTICIAS"},"image":{"@id":"https:\/\/cvinoticias.com\/v3\/#\/schema\/logo\/image\/"},"sameAs":["https:\/\/www.facebook.com\/cvinoticias","https:\/\/www.instagram.com\/cvinoticias\/","https:\/\/www.youtube.com\/@CVINOTICIAS"]},{"@type":"Person","@id":"https:\/\/cvinoticias.com\/v3\/#\/schema\/person\/2db77e3c6bc03c538495d7b2b8be9b66","name":"f1000024","image":{"@type":"ImageObject","inLanguage":"es","@id":"https:\/\/secure.gravatar.com\/avatar\/d4fe7459cfc51ff5129ce1a732bbef5928568b8092d412ef95611616376bbeed?s=96&d=mm&r=g","url":"https:\/\/secure.gravatar.com\/avatar\/d4fe7459cfc51ff5129ce1a732bbef5928568b8092d412ef95611616376bbeed?s=96&d=mm&r=g","contentUrl":"https:\/\/secure.gravatar.com\/avatar\/d4fe7459cfc51ff5129ce1a732bbef5928568b8092d412ef95611616376bbeed?s=96&d=mm&r=g","caption":"f1000024"},"url":"https:\/\/cvinoticias.com\/v3\/author\/f1000024\/"}]}},"_links":{"self":[{"href":"https:\/\/cvinoticias.com\/v3\/wp-json\/wp\/v2\/posts\/27305","targetHints":{"allow":["GET"]}}],"collection":[{"href":"https:\/\/cvinoticias.com\/v3\/wp-json\/wp\/v2\/posts"}],"about":[{"href":"https:\/\/cvinoticias.com\/v3\/wp-json\/wp\/v2\/types\/post"}],"author":[{"embeddable":true,"href":"https:\/\/cvinoticias.com\/v3\/wp-json\/wp\/v2\/users\/2"}],"replies":[{"embeddable":true,"href":"https:\/\/cvinoticias.com\/v3\/wp-json\/wp\/v2\/comments?post=27305"}],"version-history":[{"count":1,"href":"https:\/\/cvinoticias.com\/v3\/wp-json\/wp\/v2\/posts\/27305\/revisions"}],"predecessor-version":[{"id":27309,"href":"https:\/\/cvinoticias.com\/v3\/wp-json\/wp\/v2\/posts\/27305\/revisions\/27309"}],"wp:featuredmedia":[{"embeddable":true,"href":"https:\/\/cvinoticias.com\/v3\/wp-json\/wp\/v2\/media\/27306"}],"wp:attachment":[{"href":"https:\/\/cvinoticias.com\/v3\/wp-json\/wp\/v2\/media?parent=27305"}],"wp:term":[{"taxonomy":"category","embeddable":true,"href":"https:\/\/cvinoticias.com\/v3\/wp-json\/wp\/v2\/categories?post=27305"},{"taxonomy":"post_tag","embeddable":true,"href":"https:\/\/cvinoticias.com\/v3\/wp-json\/wp\/v2\/tags?post=27305"}],"curies":[{"name":"wp","href":"https:\/\/api.w.org\/{rel}","templated":true}]}}