{"id":27256,"date":"2023-08-18T22:44:10","date_gmt":"2023-08-18T22:44:10","guid":{"rendered":"https:\/\/cvinoticias.com\/v3\/?p=27256"},"modified":"2023-08-18T22:44:10","modified_gmt":"2023-08-18T22:44:10","slug":"policias-restituyeron-una-imagen-religiosa-robada-a-la-iglesia-sagrado-corazon-de-eldorado","status":"publish","type":"post","link":"https:\/\/cvinoticias.com\/v3\/policias-restituyeron-una-imagen-religiosa-robada-a-la-iglesia-sagrado-corazon-de-eldorado\/","title":{"rendered":"Polic\u00edas restituyeron una imagen religiosa robada a la Iglesia Sagrado Coraz\u00f3n de Eldorado"},"content":{"rendered":"\n<p><strong><em>En una r\u00e1pida intervenci\u00f3n policial, ayer detuvieron a Mat\u00edas de 29 a\u00f1os, responsable de ingresar y robar una imagen de la virgen de la Iglesia Sagrado Coraz\u00f3n de Mar\u00eda en Eldorado.<\/em><\/strong><\/p>\n\n\n\n<p>Luego de una serie de trabajos de inteligencia efectuados por los agentes, entrevistaron a un ciudadano que reside cerca del lugar del robo, quien aleg\u00f3 que hab\u00eda adquirido dicha imagen al compr\u00e1rsela a un sospechoso. Luego de que los polic\u00edas explicaran la procedencia del objeto, el se\u00f1or la entreg\u00f3 voluntariamente a las autoridades, colaborando as\u00ed con la investigaci\u00f3n en curso.<\/p>\n\n\n\n<p>Continuando con los rastrillajes, los uniformados llegaron hasta el barrio Avanti, precisamente por la calle \u00d1emiti. Continuando con la diligencia de inspecci\u00f3n, se ampli\u00f3 el patrullaje en la zona. Pocos metros m\u00e1s adelante, se llev\u00f3 a cabo la identificaci\u00f3n y detenci\u00f3n de un sospechoso, quien intent\u00f3 agazaparse en una zona de malezas al percatarse de la presencia policial.<\/p>\n\n\n\n<p>El detenido fue alojado en la Comisar\u00eda Seccional 4ta., quedando a disposici\u00f3n de la Justicia. En cuanto a la Virgen, fue restituida a la iglesia.<\/p>\n\n\n\n<figure class=\"wp-block-image size-full\"><a href=\"https:\/\/cvinoticias.com\/wp-content\/uploads\/2023\/08\/IMG-20230818-WA0150.jpg\"><img decoding=\"async\" width=\"721\" height=\"721\" data-src=\"https:\/\/cvinoticias.com\/wp-content\/uploads\/2023\/08\/IMG-20230818-WA0150.jpg\" alt=\"\" class=\"wp-image-27258 lazyload\" data-srcset=\"https:\/\/cvinoticias.com\/wp-content\/uploads\/2023\/08\/IMG-20230818-WA0150.jpg 721w, https:\/\/cvinoticias.com\/wp-content\/uploads\/2023\/08\/IMG-20230818-WA0150-300x300.jpg 300w, https:\/\/cvinoticias.com\/wp-content\/uploads\/2023\/08\/IMG-20230818-WA0150-150x150.jpg 150w\" data-sizes=\"(max-width: 721px) 100vw, 721px\" src=\"data:image\/svg+xml;base64,PHN2ZyB3aWR0aD0iMSIgaGVpZ2h0PSIxIiB4bWxucz0iaHR0cDovL3d3dy53My5vcmcvMjAwMC9zdmciPjwvc3ZnPg==\" style=\"--smush-placeholder-width: 721px; --smush-placeholder-aspect-ratio: 721\/721;\" \/><\/a><\/figure>\n","protected":false},"excerpt":{"rendered":"<p>En una r\u00e1pida intervenci\u00f3n policial, ayer detuvieron a Mat\u00edas de 29 a\u00f1os, responsable de ingresar y robar una imagen de la virgen de la Iglesia Sagrado Coraz\u00f3n de Mar\u00eda en Eldorado. Luego de una serie de trabajos de inteligencia efectuados por los agentes, entrevistaron a un ciudadano que reside cerca del lugar del robo, quien [&hellip;]<\/p>\n","protected":false},"author":2,"featured_media":27257,"comment_status":"open","ping_status":"open","sticky":false,"template":"","format":"standard","meta":{"footnotes":""},"categories":[41],"tags":[],"class_list":["post-27256","post","type-post","status-publish","format-standard","has-post-thumbnail","hentry","category-policiales"],"yoast_head":"<!-- This site is optimized with the Yoast SEO plugin v27.5 - https:\/\/yoast.com\/product\/yoast-seo-wordpress\/ -->\n<title>Polic\u00edas restituyeron una imagen religiosa robada a la Iglesia Sagrado Coraz\u00f3n de Eldorado | CVI NOTICIAS<\/title>\n<meta name=\"robots\" content=\"index, follow, max-snippet:-1, max-image-preview:large, max-video-preview:-1\" \/>\n<link rel=\"canonical\" href=\"https:\/\/cvinoticias.com\/v3\/policias-restituyeron-una-imagen-religiosa-robada-a-la-iglesia-sagrado-corazon-de-eldorado\/\" \/>\n<meta property=\"og:locale\" content=\"es_ES\" \/>\n<meta property=\"og:type\" content=\"article\" \/>\n<meta property=\"og:title\" content=\"Polic\u00edas restituyeron una imagen religiosa robada a la Iglesia Sagrado Coraz\u00f3n de Eldorado | CVI NOTICIAS\" \/>\n<meta property=\"og:description\" content=\"En una r\u00e1pida intervenci\u00f3n policial, ayer detuvieron a Mat\u00edas de 29 a\u00f1os, responsable de ingresar y robar una imagen de la virgen de la Iglesia Sagrado Coraz\u00f3n de Mar\u00eda en Eldorado. Luego de una serie de trabajos de inteligencia efectuados por los agentes, entrevistaron a un ciudadano que reside cerca del lugar del robo, quien [&hellip;]\" \/>\n<meta property=\"og:url\" content=\"https:\/\/cvinoticias.com\/v3\/policias-restituyeron-una-imagen-religiosa-robada-a-la-iglesia-sagrado-corazon-de-eldorado\/\" \/>\n<meta property=\"og:site_name\" content=\"CVI NOTICIAS\" \/>\n<meta property=\"article:publisher\" content=\"https:\/\/www.facebook.com\/cvinoticias\" \/>\n<meta property=\"article:published_time\" content=\"2023-08-18T22:44:10+00:00\" \/>\n<meta property=\"og:image\" content=\"https:\/\/cvinoticias.com\/wp-content\/uploads\/2023\/08\/IMG-20230818-WA0149.jpg\" \/>\n\t<meta property=\"og:image:width\" content=\"718\" \/>\n\t<meta property=\"og:image:height\" content=\"718\" \/>\n\t<meta property=\"og:image:type\" content=\"image\/jpeg\" \/>\n<meta name=\"author\" content=\"f1000024\" \/>\n<meta name=\"twitter:card\" content=\"summary_large_image\" \/>\n<meta name=\"twitter:label1\" content=\"Escrito por\" \/>\n\t<meta name=\"twitter:data1\" content=\"f1000024\" \/>\n\t<meta name=\"twitter:label2\" content=\"Tiempo de lectura\" \/>\n\t<meta name=\"twitter:data2\" content=\"1 minuto\" \/>\n<script type=\"application\/ld+json\" class=\"yoast-schema-graph\">{\"@context\":\"https:\\\/\\\/schema.org\",\"@graph\":[{\"@type\":\"Article\",\"@id\":\"https:\\\/\\\/cvinoticias.com\\\/v3\\\/policias-restituyeron-una-imagen-religiosa-robada-a-la-iglesia-sagrado-corazon-de-eldorado\\\/#article\",\"isPartOf\":{\"@id\":\"https:\\\/\\\/cvinoticias.com\\\/v3\\\/policias-restituyeron-una-imagen-religiosa-robada-a-la-iglesia-sagrado-corazon-de-eldorado\\\/\"},\"author\":{\"name\":\"f1000024\",\"@id\":\"https:\\\/\\\/cvinoticias.com\\\/v3\\\/#\\\/schema\\\/person\\\/2db77e3c6bc03c538495d7b2b8be9b66\"},\"headline\":\"Polic\u00edas restituyeron una imagen religiosa robada a la Iglesia Sagrado Coraz\u00f3n de Eldorado\",\"datePublished\":\"2023-08-18T22:44:10+00:00\",\"mainEntityOfPage\":{\"@id\":\"https:\\\/\\\/cvinoticias.com\\\/v3\\\/policias-restituyeron-una-imagen-religiosa-robada-a-la-iglesia-sagrado-corazon-de-eldorado\\\/\"},\"wordCount\":205,\"commentCount\":0,\"publisher\":{\"@id\":\"https:\\\/\\\/cvinoticias.com\\\/v3\\\/#organization\"},\"image\":{\"@id\":\"https:\\\/\\\/cvinoticias.com\\\/v3\\\/policias-restituyeron-una-imagen-religiosa-robada-a-la-iglesia-sagrado-corazon-de-eldorado\\\/#primaryimage\"},\"thumbnailUrl\":\"https:\\\/\\\/cvinoticias.com\\\/wp-content\\\/uploads\\\/2023\\\/08\\\/IMG-20230818-WA0149.jpg\",\"articleSection\":[\"Policiales\"],\"inLanguage\":\"es\",\"potentialAction\":[{\"@type\":\"CommentAction\",\"name\":\"Comment\",\"target\":[\"https:\\\/\\\/cvinoticias.com\\\/v3\\\/policias-restituyeron-una-imagen-religiosa-robada-a-la-iglesia-sagrado-corazon-de-eldorado\\\/#respond\"]}]},{\"@type\":\"WebPage\",\"@id\":\"https:\\\/\\\/cvinoticias.com\\\/v3\\\/policias-restituyeron-una-imagen-religiosa-robada-a-la-iglesia-sagrado-corazon-de-eldorado\\\/\",\"url\":\"https:\\\/\\\/cvinoticias.com\\\/v3\\\/policias-restituyeron-una-imagen-religiosa-robada-a-la-iglesia-sagrado-corazon-de-eldorado\\\/\",\"name\":\"Polic\u00edas restituyeron una imagen religiosa robada a la Iglesia Sagrado Coraz\u00f3n de Eldorado | CVI NOTICIAS\",\"isPartOf\":{\"@id\":\"https:\\\/\\\/cvinoticias.com\\\/v3\\\/#website\"},\"primaryImageOfPage\":{\"@id\":\"https:\\\/\\\/cvinoticias.com\\\/v3\\\/policias-restituyeron-una-imagen-religiosa-robada-a-la-iglesia-sagrado-corazon-de-eldorado\\\/#primaryimage\"},\"image\":{\"@id\":\"https:\\\/\\\/cvinoticias.com\\\/v3\\\/policias-restituyeron-una-imagen-religiosa-robada-a-la-iglesia-sagrado-corazon-de-eldorado\\\/#primaryimage\"},\"thumbnailUrl\":\"https:\\\/\\\/cvinoticias.com\\\/wp-content\\\/uploads\\\/2023\\\/08\\\/IMG-20230818-WA0149.jpg\",\"datePublished\":\"2023-08-18T22:44:10+00:00\",\"breadcrumb\":{\"@id\":\"https:\\\/\\\/cvinoticias.com\\\/v3\\\/policias-restituyeron-una-imagen-religiosa-robada-a-la-iglesia-sagrado-corazon-de-eldorado\\\/#breadcrumb\"},\"inLanguage\":\"es\",\"potentialAction\":[{\"@type\":\"ReadAction\",\"target\":[\"https:\\\/\\\/cvinoticias.com\\\/v3\\\/policias-restituyeron-una-imagen-religiosa-robada-a-la-iglesia-sagrado-corazon-de-eldorado\\\/\"]}]},{\"@type\":\"ImageObject\",\"inLanguage\":\"es\",\"@id\":\"https:\\\/\\\/cvinoticias.com\\\/v3\\\/policias-restituyeron-una-imagen-religiosa-robada-a-la-iglesia-sagrado-corazon-de-eldorado\\\/#primaryimage\",\"url\":\"https:\\\/\\\/cvinoticias.com\\\/wp-content\\\/uploads\\\/2023\\\/08\\\/IMG-20230818-WA0149.jpg\",\"contentUrl\":\"https:\\\/\\\/cvinoticias.com\\\/wp-content\\\/uploads\\\/2023\\\/08\\\/IMG-20230818-WA0149.jpg\",\"width\":718,\"height\":718},{\"@type\":\"BreadcrumbList\",\"@id\":\"https:\\\/\\\/cvinoticias.com\\\/v3\\\/policias-restituyeron-una-imagen-religiosa-robada-a-la-iglesia-sagrado-corazon-de-eldorado\\\/#breadcrumb\",\"itemListElement\":[{\"@type\":\"ListItem\",\"position\":1,\"name\":\"Portada\",\"item\":\"https:\\\/\\\/cvinoticias.com\\\/v3\\\/\"},{\"@type\":\"ListItem\",\"position\":2,\"name\":\"Polic\u00edas restituyeron una imagen religiosa robada a la Iglesia Sagrado Coraz\u00f3n de Eldorado\"}]},{\"@type\":\"WebSite\",\"@id\":\"https:\\\/\\\/cvinoticias.com\\\/v3\\\/#website\",\"url\":\"https:\\\/\\\/cvinoticias.com\\\/v3\\\/\",\"name\":\"CVI NOTICIAS\",\"description\":\"\",\"publisher\":{\"@id\":\"https:\\\/\\\/cvinoticias.com\\\/v3\\\/#organization\"},\"alternateName\":\"CVI\",\"potentialAction\":[{\"@type\":\"SearchAction\",\"target\":{\"@type\":\"EntryPoint\",\"urlTemplate\":\"https:\\\/\\\/cvinoticias.com\\\/v3\\\/?s={search_term_string}\"},\"query-input\":{\"@type\":\"PropertyValueSpecification\",\"valueRequired\":true,\"valueName\":\"search_term_string\"}}],\"inLanguage\":\"es\"},{\"@type\":\"Organization\",\"@id\":\"https:\\\/\\\/cvinoticias.com\\\/v3\\\/#organization\",\"name\":\"CVI NOTICIAS\",\"url\":\"https:\\\/\\\/cvinoticias.com\\\/v3\\\/\",\"logo\":{\"@type\":\"ImageObject\",\"inLanguage\":\"es\",\"@id\":\"https:\\\/\\\/cvinoticias.com\\\/v3\\\/#\\\/schema\\\/logo\\\/image\\\/\",\"url\":\"https:\\\/\\\/cvinoticias.com\\\/wp-content\\\/uploads\\\/2023\\\/04\\\/cropped-cropped-cropped-cropped-cropped-3-1.png\",\"contentUrl\":\"https:\\\/\\\/cvinoticias.com\\\/wp-content\\\/uploads\\\/2023\\\/04\\\/cropped-cropped-cropped-cropped-cropped-3-1.png\",\"width\":95,\"height\":122,\"caption\":\"CVI NOTICIAS\"},\"image\":{\"@id\":\"https:\\\/\\\/cvinoticias.com\\\/v3\\\/#\\\/schema\\\/logo\\\/image\\\/\"},\"sameAs\":[\"https:\\\/\\\/www.facebook.com\\\/cvinoticias\",\"https:\\\/\\\/www.instagram.com\\\/cvinoticias\\\/\",\"https:\\\/\\\/www.youtube.com\\\/@CVINOTICIAS\"]},{\"@type\":\"Person\",\"@id\":\"https:\\\/\\\/cvinoticias.com\\\/v3\\\/#\\\/schema\\\/person\\\/2db77e3c6bc03c538495d7b2b8be9b66\",\"name\":\"f1000024\",\"image\":{\"@type\":\"ImageObject\",\"inLanguage\":\"es\",\"@id\":\"https:\\\/\\\/secure.gravatar.com\\\/avatar\\\/d4fe7459cfc51ff5129ce1a732bbef5928568b8092d412ef95611616376bbeed?s=96&d=mm&r=g\",\"url\":\"https:\\\/\\\/secure.gravatar.com\\\/avatar\\\/d4fe7459cfc51ff5129ce1a732bbef5928568b8092d412ef95611616376bbeed?s=96&d=mm&r=g\",\"contentUrl\":\"https:\\\/\\\/secure.gravatar.com\\\/avatar\\\/d4fe7459cfc51ff5129ce1a732bbef5928568b8092d412ef95611616376bbeed?s=96&d=mm&r=g\",\"caption\":\"f1000024\"},\"url\":\"https:\\\/\\\/cvinoticias.com\\\/v3\\\/author\\\/f1000024\\\/\"}]}<\/script>\n<!-- \/ Yoast SEO plugin. -->","yoast_head_json":{"title":"Polic\u00edas restituyeron una imagen religiosa robada a la Iglesia Sagrado Coraz\u00f3n de Eldorado | CVI NOTICIAS","robots":{"index":"index","follow":"follow","max-snippet":"max-snippet:-1","max-image-preview":"max-image-preview:large","max-video-preview":"max-video-preview:-1"},"canonical":"https:\/\/cvinoticias.com\/v3\/policias-restituyeron-una-imagen-religiosa-robada-a-la-iglesia-sagrado-corazon-de-eldorado\/","og_locale":"es_ES","og_type":"article","og_title":"Polic\u00edas restituyeron una imagen religiosa robada a la Iglesia Sagrado Coraz\u00f3n de Eldorado | CVI NOTICIAS","og_description":"En una r\u00e1pida intervenci\u00f3n policial, ayer detuvieron a Mat\u00edas de 29 a\u00f1os, responsable de ingresar y robar una imagen de la virgen de la Iglesia Sagrado Coraz\u00f3n de Mar\u00eda en Eldorado. Luego de una serie de trabajos de inteligencia efectuados por los agentes, entrevistaron a un ciudadano que reside cerca del lugar del robo, quien [&hellip;]","og_url":"https:\/\/cvinoticias.com\/v3\/policias-restituyeron-una-imagen-religiosa-robada-a-la-iglesia-sagrado-corazon-de-eldorado\/","og_site_name":"CVI NOTICIAS","article_publisher":"https:\/\/www.facebook.com\/cvinoticias","article_published_time":"2023-08-18T22:44:10+00:00","og_image":[{"width":718,"height":718,"url":"https:\/\/cvinoticias.com\/wp-content\/uploads\/2023\/08\/IMG-20230818-WA0149.jpg","type":"image\/jpeg"}],"author":"f1000024","twitter_card":"summary_large_image","twitter_misc":{"Escrito por":"f1000024","Tiempo de lectura":"1 minuto"},"schema":{"@context":"https:\/\/schema.org","@graph":[{"@type":"Article","@id":"https:\/\/cvinoticias.com\/v3\/policias-restituyeron-una-imagen-religiosa-robada-a-la-iglesia-sagrado-corazon-de-eldorado\/#article","isPartOf":{"@id":"https:\/\/cvinoticias.com\/v3\/policias-restituyeron-una-imagen-religiosa-robada-a-la-iglesia-sagrado-corazon-de-eldorado\/"},"author":{"name":"f1000024","@id":"https:\/\/cvinoticias.com\/v3\/#\/schema\/person\/2db77e3c6bc03c538495d7b2b8be9b66"},"headline":"Polic\u00edas restituyeron una imagen religiosa robada a la Iglesia Sagrado Coraz\u00f3n de Eldorado","datePublished":"2023-08-18T22:44:10+00:00","mainEntityOfPage":{"@id":"https:\/\/cvinoticias.com\/v3\/policias-restituyeron-una-imagen-religiosa-robada-a-la-iglesia-sagrado-corazon-de-eldorado\/"},"wordCount":205,"commentCount":0,"publisher":{"@id":"https:\/\/cvinoticias.com\/v3\/#organization"},"image":{"@id":"https:\/\/cvinoticias.com\/v3\/policias-restituyeron-una-imagen-religiosa-robada-a-la-iglesia-sagrado-corazon-de-eldorado\/#primaryimage"},"thumbnailUrl":"https:\/\/cvinoticias.com\/wp-content\/uploads\/2023\/08\/IMG-20230818-WA0149.jpg","articleSection":["Policiales"],"inLanguage":"es","potentialAction":[{"@type":"CommentAction","name":"Comment","target":["https:\/\/cvinoticias.com\/v3\/policias-restituyeron-una-imagen-religiosa-robada-a-la-iglesia-sagrado-corazon-de-eldorado\/#respond"]}]},{"@type":"WebPage","@id":"https:\/\/cvinoticias.com\/v3\/policias-restituyeron-una-imagen-religiosa-robada-a-la-iglesia-sagrado-corazon-de-eldorado\/","url":"https:\/\/cvinoticias.com\/v3\/policias-restituyeron-una-imagen-religiosa-robada-a-la-iglesia-sagrado-corazon-de-eldorado\/","name":"Polic\u00edas restituyeron una imagen religiosa robada a la Iglesia Sagrado Coraz\u00f3n de Eldorado | CVI NOTICIAS","isPartOf":{"@id":"https:\/\/cvinoticias.com\/v3\/#website"},"primaryImageOfPage":{"@id":"https:\/\/cvinoticias.com\/v3\/policias-restituyeron-una-imagen-religiosa-robada-a-la-iglesia-sagrado-corazon-de-eldorado\/#primaryimage"},"image":{"@id":"https:\/\/cvinoticias.com\/v3\/policias-restituyeron-una-imagen-religiosa-robada-a-la-iglesia-sagrado-corazon-de-eldorado\/#primaryimage"},"thumbnailUrl":"https:\/\/cvinoticias.com\/wp-content\/uploads\/2023\/08\/IMG-20230818-WA0149.jpg","datePublished":"2023-08-18T22:44:10+00:00","breadcrumb":{"@id":"https:\/\/cvinoticias.com\/v3\/policias-restituyeron-una-imagen-religiosa-robada-a-la-iglesia-sagrado-corazon-de-eldorado\/#breadcrumb"},"inLanguage":"es","potentialAction":[{"@type":"ReadAction","target":["https:\/\/cvinoticias.com\/v3\/policias-restituyeron-una-imagen-religiosa-robada-a-la-iglesia-sagrado-corazon-de-eldorado\/"]}]},{"@type":"ImageObject","inLanguage":"es","@id":"https:\/\/cvinoticias.com\/v3\/policias-restituyeron-una-imagen-religiosa-robada-a-la-iglesia-sagrado-corazon-de-eldorado\/#primaryimage","url":"https:\/\/cvinoticias.com\/wp-content\/uploads\/2023\/08\/IMG-20230818-WA0149.jpg","contentUrl":"https:\/\/cvinoticias.com\/wp-content\/uploads\/2023\/08\/IMG-20230818-WA0149.jpg","width":718,"height":718},{"@type":"BreadcrumbList","@id":"https:\/\/cvinoticias.com\/v3\/policias-restituyeron-una-imagen-religiosa-robada-a-la-iglesia-sagrado-corazon-de-eldorado\/#breadcrumb","itemListElement":[{"@type":"ListItem","position":1,"name":"Portada","item":"https:\/\/cvinoticias.com\/v3\/"},{"@type":"ListItem","position":2,"name":"Polic\u00edas restituyeron una imagen religiosa robada a la Iglesia Sagrado Coraz\u00f3n de Eldorado"}]},{"@type":"WebSite","@id":"https:\/\/cvinoticias.com\/v3\/#website","url":"https:\/\/cvinoticias.com\/v3\/","name":"CVI NOTICIAS","description":"","publisher":{"@id":"https:\/\/cvinoticias.com\/v3\/#organization"},"alternateName":"CVI","potentialAction":[{"@type":"SearchAction","target":{"@type":"EntryPoint","urlTemplate":"https:\/\/cvinoticias.com\/v3\/?s={search_term_string}"},"query-input":{"@type":"PropertyValueSpecification","valueRequired":true,"valueName":"search_term_string"}}],"inLanguage":"es"},{"@type":"Organization","@id":"https:\/\/cvinoticias.com\/v3\/#organization","name":"CVI NOTICIAS","url":"https:\/\/cvinoticias.com\/v3\/","logo":{"@type":"ImageObject","inLanguage":"es","@id":"https:\/\/cvinoticias.com\/v3\/#\/schema\/logo\/image\/","url":"https:\/\/cvinoticias.com\/wp-content\/uploads\/2023\/04\/cropped-cropped-cropped-cropped-cropped-3-1.png","contentUrl":"https:\/\/cvinoticias.com\/wp-content\/uploads\/2023\/04\/cropped-cropped-cropped-cropped-cropped-3-1.png","width":95,"height":122,"caption":"CVI NOTICIAS"},"image":{"@id":"https:\/\/cvinoticias.com\/v3\/#\/schema\/logo\/image\/"},"sameAs":["https:\/\/www.facebook.com\/cvinoticias","https:\/\/www.instagram.com\/cvinoticias\/","https:\/\/www.youtube.com\/@CVINOTICIAS"]},{"@type":"Person","@id":"https:\/\/cvinoticias.com\/v3\/#\/schema\/person\/2db77e3c6bc03c538495d7b2b8be9b66","name":"f1000024","image":{"@type":"ImageObject","inLanguage":"es","@id":"https:\/\/secure.gravatar.com\/avatar\/d4fe7459cfc51ff5129ce1a732bbef5928568b8092d412ef95611616376bbeed?s=96&d=mm&r=g","url":"https:\/\/secure.gravatar.com\/avatar\/d4fe7459cfc51ff5129ce1a732bbef5928568b8092d412ef95611616376bbeed?s=96&d=mm&r=g","contentUrl":"https:\/\/secure.gravatar.com\/avatar\/d4fe7459cfc51ff5129ce1a732bbef5928568b8092d412ef95611616376bbeed?s=96&d=mm&r=g","caption":"f1000024"},"url":"https:\/\/cvinoticias.com\/v3\/author\/f1000024\/"}]}},"_links":{"self":[{"href":"https:\/\/cvinoticias.com\/v3\/wp-json\/wp\/v2\/posts\/27256","targetHints":{"allow":["GET"]}}],"collection":[{"href":"https:\/\/cvinoticias.com\/v3\/wp-json\/wp\/v2\/posts"}],"about":[{"href":"https:\/\/cvinoticias.com\/v3\/wp-json\/wp\/v2\/types\/post"}],"author":[{"embeddable":true,"href":"https:\/\/cvinoticias.com\/v3\/wp-json\/wp\/v2\/users\/2"}],"replies":[{"embeddable":true,"href":"https:\/\/cvinoticias.com\/v3\/wp-json\/wp\/v2\/comments?post=27256"}],"version-history":[{"count":1,"href":"https:\/\/cvinoticias.com\/v3\/wp-json\/wp\/v2\/posts\/27256\/revisions"}],"predecessor-version":[{"id":27259,"href":"https:\/\/cvinoticias.com\/v3\/wp-json\/wp\/v2\/posts\/27256\/revisions\/27259"}],"wp:featuredmedia":[{"embeddable":true,"href":"https:\/\/cvinoticias.com\/v3\/wp-json\/wp\/v2\/media\/27257"}],"wp:attachment":[{"href":"https:\/\/cvinoticias.com\/v3\/wp-json\/wp\/v2\/media?parent=27256"}],"wp:term":[{"taxonomy":"category","embeddable":true,"href":"https:\/\/cvinoticias.com\/v3\/wp-json\/wp\/v2\/categories?post=27256"},{"taxonomy":"post_tag","embeddable":true,"href":"https:\/\/cvinoticias.com\/v3\/wp-json\/wp\/v2\/tags?post=27256"}],"curies":[{"name":"wp","href":"https:\/\/api.w.org\/{rel}","templated":true}]}}