{"id":27241,"date":"2023-08-18T12:23:30","date_gmt":"2023-08-18T12:23:30","guid":{"rendered":"https:\/\/cvinoticias.com\/v3\/?p=27241"},"modified":"2023-08-18T12:23:30","modified_gmt":"2023-08-18T12:23:30","slug":"la-dura-respuesta-de-las-fuerzas-armadas-a-la-amenaza-que-un-ministro-hizo-sobre-el-personal-de-la-antartida-que-voto-a-milei","status":"publish","type":"post","link":"https:\/\/cvinoticias.com\/v3\/la-dura-respuesta-de-las-fuerzas-armadas-a-la-amenaza-que-un-ministro-hizo-sobre-el-personal-de-la-antartida-que-voto-a-milei\/","title":{"rendered":"La dura respuesta de las Fuerzas Armadas a la amenaza que un ministro hizo sobre el personal de la Ant\u00e1rtida que vot\u00f3 a Milei"},"content":{"rendered":"\n<p><strong><em>Las Fuerzas Armadas respondieron a la advertencia realizada por el ministro de Trabajo de la Provincia de Buenos Aires, Walter Correa. El funcionario amenaz\u00f3 al personal que trabaja en las bases de la Ant\u00e1rtida tras haber ganado Javier Milei en ese distrito electoral.<\/em><\/strong><\/p>\n\n\n\n<p>\u201cSi gana, se van a tener que quedar all\u00e1\u201d, hab\u00eda dicho el titular de la cartera de trabajo. \u201cQuiero decirles que el Almirante Irizar lo mantiene el estado nacional, o sea que si gana Milei se van a tener que quedar en Ant\u00e1rtida y no van a poder regresar\u201d, afirm\u00f3.<\/p>\n\n\n\n<p>Es por eso que el Jefe del Estado Mayor Conjunto, Juan Mart\u00edn Paleo, rechaz\u00f3 las declaraciones y asegur\u00f3 que no se puede \u201ccondicionar de modo alguno el voto del personal militar\u201d.<\/p>\n\n\n\n<p>A trav\u00e9s de su cuenta oficial de Twitter, las Fuerzas Armadas compartieron una serie de declaraciones de Paleo sobre la pol\u00e9mica advertencia de Correa. \u201cRechazo en forma absoluta las expresiones del se\u00f1or Walter Correa relacionadas con el personal militar desplegado en el sector ant\u00e1rtico\u201d, comenz\u00f3 el comunicado.<\/p>\n\n\n\n<figure class=\"wp-block-image size-full is-resized\"><a href=\"https:\/\/cvinoticias.com\/wp-content\/uploads\/2023\/08\/F5O33W7WZBCKRL3NLH3MFXUU3A.jpg\"><img decoding=\"async\" data-src=\"https:\/\/cvinoticias.com\/wp-content\/uploads\/2023\/08\/F5O33W7WZBCKRL3NLH3MFXUU3A.jpg\" alt=\"\" class=\"wp-image-27242 lazyload\" style=\"--smush-placeholder-width: 702px; --smush-placeholder-aspect-ratio: 702\/533;width:702px;height:533px\" width=\"702\" height=\"533\" data-srcset=\"https:\/\/cvinoticias.com\/wp-content\/uploads\/2023\/08\/F5O33W7WZBCKRL3NLH3MFXUU3A.jpg 390w, https:\/\/cvinoticias.com\/wp-content\/uploads\/2023\/08\/F5O33W7WZBCKRL3NLH3MFXUU3A-300x228.jpg 300w\" data-sizes=\"(max-width: 702px) 100vw, 702px\" src=\"data:image\/svg+xml;base64,PHN2ZyB3aWR0aD0iMSIgaGVpZ2h0PSIxIiB4bWxucz0iaHR0cDovL3d3dy53My5vcmcvMjAwMC9zdmciPjwvc3ZnPg==\" \/><\/a><\/figure>\n\n\n\n<p>En esa l\u00ednea, el Teniente General respondi\u00f3: \u201cEn ning\u00fan momento, ni el comandante en jefe de las Fuerzas Armadas, ni el Ministro de Defensa o los jefes de Estados Mayores de la actual gesti\u00f3n, han sugerido o condicionado de modo alguno el voto del personal militar\u201d.<\/p>\n\n\n\n<p>\u201cLas Fuerzas Armadas son instituciones de la rep\u00fablica, defensoras de la Constituci\u00f3n Nacional y respetuosas de los derechos individuales de sus integrantes, como es el sufragio\u201d, le record\u00f3 Paleo al tambi\u00e9n secretario general del Sindicato de Obreros Curtidores de la Rep\u00fablica Argentina (SOCRA).<\/p>\n\n\n\n<p>El mi\u00e9rcoles Correa hab\u00eda insinuado que \u201clos efectivos que est\u00e1n en la Ant\u00e1rtida no tienen la problem\u00e1tica que tienen los trabajadores y las trabajadoras de nuestro pueblo, ellos tienen un salario, aguinaldo y vacaciones\u201d.<\/p>\n\n\n\n<p><strong>C\u00f3mo fue la elecci\u00f3n en la Ant\u00e1rtida<\/strong><\/p>\n\n\n\n<p>El l\u00edder de La Libertad Avanza, Javier Milei, se impuso en las elecciones Primarias Abiertas, Simult\u00e1neas y Obligatorias (PASO) realizadas en el continente blanco. All\u00ed cosech\u00f3 el 63,13% del total de los votos v\u00e1lidos emitidos en las siete bases nacionales donde se realizaron los comicios.<\/p>\n\n\n\n<p>Milei obtuvo 125 votos de los 201 emitidos, contra 60 (el 30,30%) de Juntos por el Cambio (JxC).<\/p>\n\n\n\n<p>En la interna de JxC se impuso Patricia Bullrich, quien logr\u00f3 46 votos contra 14 del jefe de Gobierno porte\u00f1o, Horacio Rodr\u00edguez Larreta.<\/p>\n\n\n\n<p>Por su parte, el oficialismo nucleado en Uni\u00f3n Por la Patria (UxP) obtuvo 6 votos (el 3,03%), de los que 5 fueron para el precandidato presidencial y ministro de Econom\u00eda Sergio Massa y 1 para el dirigente Juan Grabois.<\/p>\n\n\n\n<p>En tanto, la lista Hacemos por nuestro pa\u00eds que postulaba al cordob\u00e9s Juan Schiaretti consigui\u00f3 2 votos (el 1,01%), mientras que el Frente de Izquierda y de Trabajadores con Myriam Bregman cosech\u00f3 1 sufragio al igual que Eliodoro Mart\u00ednez de Principios y Valores.<\/p>\n\n\n\n<p>De acuerdo a los datos oficiales, en la Ant\u00e1rtida votaron 25 personas en la base Orcadas, 23 en la San Mart\u00edn, 44 en Esperanza, 23 en Belgrano II, 40 en Marambio, 26 en Carlini y 20 en Petrel.<\/p>\n\n\n\n<p>El nivel de participaci\u00f3n de los electores en el Continente Blanco fue del 69,2%, y hubo 3 votos en blanco y dos nulos.<\/p>\n","protected":false},"excerpt":{"rendered":"<p>Las Fuerzas Armadas respondieron a la advertencia realizada por el ministro de Trabajo de la Provincia de Buenos Aires, Walter Correa. El funcionario amenaz\u00f3 al personal que trabaja en las bases de la Ant\u00e1rtida tras haber ganado Javier Milei en ese distrito electoral. \u201cSi gana, se van a tener que quedar all\u00e1\u201d, hab\u00eda dicho el [&hellip;]<\/p>\n","protected":false},"author":2,"featured_media":27243,"comment_status":"open","ping_status":"open","sticky":false,"template":"","format":"standard","meta":{"footnotes":""},"categories":[35],"tags":[],"class_list":["post-27241","post","type-post","status-publish","format-standard","has-post-thumbnail","hentry","category-informacion-general"],"yoast_head":"<!-- This site is optimized with the Yoast SEO plugin v27.5 - https:\/\/yoast.com\/product\/yoast-seo-wordpress\/ -->\n<title>La dura respuesta de las Fuerzas Armadas a la amenaza que un ministro hizo sobre el personal de la Ant\u00e1rtida que vot\u00f3 a Milei | CVI NOTICIAS<\/title>\n<meta name=\"robots\" content=\"index, follow, max-snippet:-1, max-image-preview:large, max-video-preview:-1\" \/>\n<link rel=\"canonical\" href=\"https:\/\/cvinoticias.com\/v3\/la-dura-respuesta-de-las-fuerzas-armadas-a-la-amenaza-que-un-ministro-hizo-sobre-el-personal-de-la-antartida-que-voto-a-milei\/\" \/>\n<meta property=\"og:locale\" content=\"es_ES\" \/>\n<meta property=\"og:type\" content=\"article\" \/>\n<meta property=\"og:title\" content=\"La dura respuesta de las Fuerzas Armadas a la amenaza que un ministro hizo sobre el personal de la Ant\u00e1rtida que vot\u00f3 a Milei | CVI NOTICIAS\" \/>\n<meta property=\"og:description\" content=\"Las Fuerzas Armadas respondieron a la advertencia realizada por el ministro de Trabajo de la Provincia de Buenos Aires, Walter Correa. El funcionario amenaz\u00f3 al personal que trabaja en las bases de la Ant\u00e1rtida tras haber ganado Javier Milei en ese distrito electoral. \u201cSi gana, se van a tener que quedar all\u00e1\u201d, hab\u00eda dicho el [&hellip;]\" \/>\n<meta property=\"og:url\" content=\"https:\/\/cvinoticias.com\/v3\/la-dura-respuesta-de-las-fuerzas-armadas-a-la-amenaza-que-un-ministro-hizo-sobre-el-personal-de-la-antartida-que-voto-a-milei\/\" \/>\n<meta property=\"og:site_name\" content=\"CVI NOTICIAS\" \/>\n<meta property=\"article:publisher\" content=\"https:\/\/www.facebook.com\/cvinoticias\" \/>\n<meta property=\"article:published_time\" content=\"2023-08-18T12:23:30+00:00\" \/>\n<meta property=\"og:image\" content=\"https:\/\/cvinoticias.com\/wp-content\/uploads\/2023\/08\/7YUPPVGQA5FWJPHIR46UGX3MVQ.jpg\" \/>\n\t<meta property=\"og:image:width\" content=\"980\" \/>\n\t<meta property=\"og:image:height\" content=\"640\" \/>\n\t<meta property=\"og:image:type\" content=\"image\/jpeg\" \/>\n<meta name=\"author\" content=\"f1000024\" \/>\n<meta name=\"twitter:card\" content=\"summary_large_image\" \/>\n<meta name=\"twitter:label1\" content=\"Escrito por\" \/>\n\t<meta name=\"twitter:data1\" content=\"f1000024\" \/>\n\t<meta name=\"twitter:label2\" content=\"Tiempo de lectura\" \/>\n\t<meta name=\"twitter:data2\" content=\"3 minutos\" \/>\n<script type=\"application\/ld+json\" class=\"yoast-schema-graph\">{\"@context\":\"https:\\\/\\\/schema.org\",\"@graph\":[{\"@type\":\"Article\",\"@id\":\"https:\\\/\\\/cvinoticias.com\\\/v3\\\/la-dura-respuesta-de-las-fuerzas-armadas-a-la-amenaza-que-un-ministro-hizo-sobre-el-personal-de-la-antartida-que-voto-a-milei\\\/#article\",\"isPartOf\":{\"@id\":\"https:\\\/\\\/cvinoticias.com\\\/v3\\\/la-dura-respuesta-de-las-fuerzas-armadas-a-la-amenaza-que-un-ministro-hizo-sobre-el-personal-de-la-antartida-que-voto-a-milei\\\/\"},\"author\":{\"name\":\"f1000024\",\"@id\":\"https:\\\/\\\/cvinoticias.com\\\/v3\\\/#\\\/schema\\\/person\\\/2db77e3c6bc03c538495d7b2b8be9b66\"},\"headline\":\"La dura respuesta de las Fuerzas Armadas a la amenaza que un ministro hizo sobre el personal de la Ant\u00e1rtida que vot\u00f3 a Milei\",\"datePublished\":\"2023-08-18T12:23:30+00:00\",\"mainEntityOfPage\":{\"@id\":\"https:\\\/\\\/cvinoticias.com\\\/v3\\\/la-dura-respuesta-de-las-fuerzas-armadas-a-la-amenaza-que-un-ministro-hizo-sobre-el-personal-de-la-antartida-que-voto-a-milei\\\/\"},\"wordCount\":568,\"commentCount\":0,\"publisher\":{\"@id\":\"https:\\\/\\\/cvinoticias.com\\\/v3\\\/#organization\"},\"image\":{\"@id\":\"https:\\\/\\\/cvinoticias.com\\\/v3\\\/la-dura-respuesta-de-las-fuerzas-armadas-a-la-amenaza-que-un-ministro-hizo-sobre-el-personal-de-la-antartida-que-voto-a-milei\\\/#primaryimage\"},\"thumbnailUrl\":\"https:\\\/\\\/cvinoticias.com\\\/wp-content\\\/uploads\\\/2023\\\/08\\\/7YUPPVGQA5FWJPHIR46UGX3MVQ.jpg\",\"articleSection\":[\"Informaci\u00f3n General\"],\"inLanguage\":\"es\",\"potentialAction\":[{\"@type\":\"CommentAction\",\"name\":\"Comment\",\"target\":[\"https:\\\/\\\/cvinoticias.com\\\/v3\\\/la-dura-respuesta-de-las-fuerzas-armadas-a-la-amenaza-que-un-ministro-hizo-sobre-el-personal-de-la-antartida-que-voto-a-milei\\\/#respond\"]}]},{\"@type\":\"WebPage\",\"@id\":\"https:\\\/\\\/cvinoticias.com\\\/v3\\\/la-dura-respuesta-de-las-fuerzas-armadas-a-la-amenaza-que-un-ministro-hizo-sobre-el-personal-de-la-antartida-que-voto-a-milei\\\/\",\"url\":\"https:\\\/\\\/cvinoticias.com\\\/v3\\\/la-dura-respuesta-de-las-fuerzas-armadas-a-la-amenaza-que-un-ministro-hizo-sobre-el-personal-de-la-antartida-que-voto-a-milei\\\/\",\"name\":\"La dura respuesta de las Fuerzas Armadas a la amenaza que un ministro hizo sobre el personal de la Ant\u00e1rtida que vot\u00f3 a Milei | CVI NOTICIAS\",\"isPartOf\":{\"@id\":\"https:\\\/\\\/cvinoticias.com\\\/v3\\\/#website\"},\"primaryImageOfPage\":{\"@id\":\"https:\\\/\\\/cvinoticias.com\\\/v3\\\/la-dura-respuesta-de-las-fuerzas-armadas-a-la-amenaza-que-un-ministro-hizo-sobre-el-personal-de-la-antartida-que-voto-a-milei\\\/#primaryimage\"},\"image\":{\"@id\":\"https:\\\/\\\/cvinoticias.com\\\/v3\\\/la-dura-respuesta-de-las-fuerzas-armadas-a-la-amenaza-que-un-ministro-hizo-sobre-el-personal-de-la-antartida-que-voto-a-milei\\\/#primaryimage\"},\"thumbnailUrl\":\"https:\\\/\\\/cvinoticias.com\\\/wp-content\\\/uploads\\\/2023\\\/08\\\/7YUPPVGQA5FWJPHIR46UGX3MVQ.jpg\",\"datePublished\":\"2023-08-18T12:23:30+00:00\",\"breadcrumb\":{\"@id\":\"https:\\\/\\\/cvinoticias.com\\\/v3\\\/la-dura-respuesta-de-las-fuerzas-armadas-a-la-amenaza-que-un-ministro-hizo-sobre-el-personal-de-la-antartida-que-voto-a-milei\\\/#breadcrumb\"},\"inLanguage\":\"es\",\"potentialAction\":[{\"@type\":\"ReadAction\",\"target\":[\"https:\\\/\\\/cvinoticias.com\\\/v3\\\/la-dura-respuesta-de-las-fuerzas-armadas-a-la-amenaza-que-un-ministro-hizo-sobre-el-personal-de-la-antartida-que-voto-a-milei\\\/\"]}]},{\"@type\":\"ImageObject\",\"inLanguage\":\"es\",\"@id\":\"https:\\\/\\\/cvinoticias.com\\\/v3\\\/la-dura-respuesta-de-las-fuerzas-armadas-a-la-amenaza-que-un-ministro-hizo-sobre-el-personal-de-la-antartida-que-voto-a-milei\\\/#primaryimage\",\"url\":\"https:\\\/\\\/cvinoticias.com\\\/wp-content\\\/uploads\\\/2023\\\/08\\\/7YUPPVGQA5FWJPHIR46UGX3MVQ.jpg\",\"contentUrl\":\"https:\\\/\\\/cvinoticias.com\\\/wp-content\\\/uploads\\\/2023\\\/08\\\/7YUPPVGQA5FWJPHIR46UGX3MVQ.jpg\",\"width\":980,\"height\":640},{\"@type\":\"BreadcrumbList\",\"@id\":\"https:\\\/\\\/cvinoticias.com\\\/v3\\\/la-dura-respuesta-de-las-fuerzas-armadas-a-la-amenaza-que-un-ministro-hizo-sobre-el-personal-de-la-antartida-que-voto-a-milei\\\/#breadcrumb\",\"itemListElement\":[{\"@type\":\"ListItem\",\"position\":1,\"name\":\"Portada\",\"item\":\"https:\\\/\\\/cvinoticias.com\\\/v3\\\/\"},{\"@type\":\"ListItem\",\"position\":2,\"name\":\"La dura respuesta de las Fuerzas Armadas a la amenaza que un ministro hizo sobre el personal de la Ant\u00e1rtida que vot\u00f3 a Milei\"}]},{\"@type\":\"WebSite\",\"@id\":\"https:\\\/\\\/cvinoticias.com\\\/v3\\\/#website\",\"url\":\"https:\\\/\\\/cvinoticias.com\\\/v3\\\/\",\"name\":\"CVI NOTICIAS\",\"description\":\"\",\"publisher\":{\"@id\":\"https:\\\/\\\/cvinoticias.com\\\/v3\\\/#organization\"},\"alternateName\":\"CVI\",\"potentialAction\":[{\"@type\":\"SearchAction\",\"target\":{\"@type\":\"EntryPoint\",\"urlTemplate\":\"https:\\\/\\\/cvinoticias.com\\\/v3\\\/?s={search_term_string}\"},\"query-input\":{\"@type\":\"PropertyValueSpecification\",\"valueRequired\":true,\"valueName\":\"search_term_string\"}}],\"inLanguage\":\"es\"},{\"@type\":\"Organization\",\"@id\":\"https:\\\/\\\/cvinoticias.com\\\/v3\\\/#organization\",\"name\":\"CVI NOTICIAS\",\"url\":\"https:\\\/\\\/cvinoticias.com\\\/v3\\\/\",\"logo\":{\"@type\":\"ImageObject\",\"inLanguage\":\"es\",\"@id\":\"https:\\\/\\\/cvinoticias.com\\\/v3\\\/#\\\/schema\\\/logo\\\/image\\\/\",\"url\":\"https:\\\/\\\/cvinoticias.com\\\/wp-content\\\/uploads\\\/2023\\\/04\\\/cropped-cropped-cropped-cropped-cropped-3-1.png\",\"contentUrl\":\"https:\\\/\\\/cvinoticias.com\\\/wp-content\\\/uploads\\\/2023\\\/04\\\/cropped-cropped-cropped-cropped-cropped-3-1.png\",\"width\":95,\"height\":122,\"caption\":\"CVI NOTICIAS\"},\"image\":{\"@id\":\"https:\\\/\\\/cvinoticias.com\\\/v3\\\/#\\\/schema\\\/logo\\\/image\\\/\"},\"sameAs\":[\"https:\\\/\\\/www.facebook.com\\\/cvinoticias\",\"https:\\\/\\\/www.instagram.com\\\/cvinoticias\\\/\",\"https:\\\/\\\/www.youtube.com\\\/@CVINOTICIAS\"]},{\"@type\":\"Person\",\"@id\":\"https:\\\/\\\/cvinoticias.com\\\/v3\\\/#\\\/schema\\\/person\\\/2db77e3c6bc03c538495d7b2b8be9b66\",\"name\":\"f1000024\",\"image\":{\"@type\":\"ImageObject\",\"inLanguage\":\"es\",\"@id\":\"https:\\\/\\\/secure.gravatar.com\\\/avatar\\\/d4fe7459cfc51ff5129ce1a732bbef5928568b8092d412ef95611616376bbeed?s=96&d=mm&r=g\",\"url\":\"https:\\\/\\\/secure.gravatar.com\\\/avatar\\\/d4fe7459cfc51ff5129ce1a732bbef5928568b8092d412ef95611616376bbeed?s=96&d=mm&r=g\",\"contentUrl\":\"https:\\\/\\\/secure.gravatar.com\\\/avatar\\\/d4fe7459cfc51ff5129ce1a732bbef5928568b8092d412ef95611616376bbeed?s=96&d=mm&r=g\",\"caption\":\"f1000024\"},\"url\":\"https:\\\/\\\/cvinoticias.com\\\/v3\\\/author\\\/f1000024\\\/\"}]}<\/script>\n<!-- \/ Yoast SEO plugin. -->","yoast_head_json":{"title":"La dura respuesta de las Fuerzas Armadas a la amenaza que un ministro hizo sobre el personal de la Ant\u00e1rtida que vot\u00f3 a Milei | CVI NOTICIAS","robots":{"index":"index","follow":"follow","max-snippet":"max-snippet:-1","max-image-preview":"max-image-preview:large","max-video-preview":"max-video-preview:-1"},"canonical":"https:\/\/cvinoticias.com\/v3\/la-dura-respuesta-de-las-fuerzas-armadas-a-la-amenaza-que-un-ministro-hizo-sobre-el-personal-de-la-antartida-que-voto-a-milei\/","og_locale":"es_ES","og_type":"article","og_title":"La dura respuesta de las Fuerzas Armadas a la amenaza que un ministro hizo sobre el personal de la Ant\u00e1rtida que vot\u00f3 a Milei | CVI NOTICIAS","og_description":"Las Fuerzas Armadas respondieron a la advertencia realizada por el ministro de Trabajo de la Provincia de Buenos Aires, Walter Correa. El funcionario amenaz\u00f3 al personal que trabaja en las bases de la Ant\u00e1rtida tras haber ganado Javier Milei en ese distrito electoral. \u201cSi gana, se van a tener que quedar all\u00e1\u201d, hab\u00eda dicho el [&hellip;]","og_url":"https:\/\/cvinoticias.com\/v3\/la-dura-respuesta-de-las-fuerzas-armadas-a-la-amenaza-que-un-ministro-hizo-sobre-el-personal-de-la-antartida-que-voto-a-milei\/","og_site_name":"CVI NOTICIAS","article_publisher":"https:\/\/www.facebook.com\/cvinoticias","article_published_time":"2023-08-18T12:23:30+00:00","og_image":[{"width":980,"height":640,"url":"https:\/\/cvinoticias.com\/wp-content\/uploads\/2023\/08\/7YUPPVGQA5FWJPHIR46UGX3MVQ.jpg","type":"image\/jpeg"}],"author":"f1000024","twitter_card":"summary_large_image","twitter_misc":{"Escrito por":"f1000024","Tiempo de lectura":"3 minutos"},"schema":{"@context":"https:\/\/schema.org","@graph":[{"@type":"Article","@id":"https:\/\/cvinoticias.com\/v3\/la-dura-respuesta-de-las-fuerzas-armadas-a-la-amenaza-que-un-ministro-hizo-sobre-el-personal-de-la-antartida-que-voto-a-milei\/#article","isPartOf":{"@id":"https:\/\/cvinoticias.com\/v3\/la-dura-respuesta-de-las-fuerzas-armadas-a-la-amenaza-que-un-ministro-hizo-sobre-el-personal-de-la-antartida-que-voto-a-milei\/"},"author":{"name":"f1000024","@id":"https:\/\/cvinoticias.com\/v3\/#\/schema\/person\/2db77e3c6bc03c538495d7b2b8be9b66"},"headline":"La dura respuesta de las Fuerzas Armadas a la amenaza que un ministro hizo sobre el personal de la Ant\u00e1rtida que vot\u00f3 a Milei","datePublished":"2023-08-18T12:23:30+00:00","mainEntityOfPage":{"@id":"https:\/\/cvinoticias.com\/v3\/la-dura-respuesta-de-las-fuerzas-armadas-a-la-amenaza-que-un-ministro-hizo-sobre-el-personal-de-la-antartida-que-voto-a-milei\/"},"wordCount":568,"commentCount":0,"publisher":{"@id":"https:\/\/cvinoticias.com\/v3\/#organization"},"image":{"@id":"https:\/\/cvinoticias.com\/v3\/la-dura-respuesta-de-las-fuerzas-armadas-a-la-amenaza-que-un-ministro-hizo-sobre-el-personal-de-la-antartida-que-voto-a-milei\/#primaryimage"},"thumbnailUrl":"https:\/\/cvinoticias.com\/wp-content\/uploads\/2023\/08\/7YUPPVGQA5FWJPHIR46UGX3MVQ.jpg","articleSection":["Informaci\u00f3n General"],"inLanguage":"es","potentialAction":[{"@type":"CommentAction","name":"Comment","target":["https:\/\/cvinoticias.com\/v3\/la-dura-respuesta-de-las-fuerzas-armadas-a-la-amenaza-que-un-ministro-hizo-sobre-el-personal-de-la-antartida-que-voto-a-milei\/#respond"]}]},{"@type":"WebPage","@id":"https:\/\/cvinoticias.com\/v3\/la-dura-respuesta-de-las-fuerzas-armadas-a-la-amenaza-que-un-ministro-hizo-sobre-el-personal-de-la-antartida-que-voto-a-milei\/","url":"https:\/\/cvinoticias.com\/v3\/la-dura-respuesta-de-las-fuerzas-armadas-a-la-amenaza-que-un-ministro-hizo-sobre-el-personal-de-la-antartida-que-voto-a-milei\/","name":"La dura respuesta de las Fuerzas Armadas a la amenaza que un ministro hizo sobre el personal de la Ant\u00e1rtida que vot\u00f3 a Milei | CVI NOTICIAS","isPartOf":{"@id":"https:\/\/cvinoticias.com\/v3\/#website"},"primaryImageOfPage":{"@id":"https:\/\/cvinoticias.com\/v3\/la-dura-respuesta-de-las-fuerzas-armadas-a-la-amenaza-que-un-ministro-hizo-sobre-el-personal-de-la-antartida-que-voto-a-milei\/#primaryimage"},"image":{"@id":"https:\/\/cvinoticias.com\/v3\/la-dura-respuesta-de-las-fuerzas-armadas-a-la-amenaza-que-un-ministro-hizo-sobre-el-personal-de-la-antartida-que-voto-a-milei\/#primaryimage"},"thumbnailUrl":"https:\/\/cvinoticias.com\/wp-content\/uploads\/2023\/08\/7YUPPVGQA5FWJPHIR46UGX3MVQ.jpg","datePublished":"2023-08-18T12:23:30+00:00","breadcrumb":{"@id":"https:\/\/cvinoticias.com\/v3\/la-dura-respuesta-de-las-fuerzas-armadas-a-la-amenaza-que-un-ministro-hizo-sobre-el-personal-de-la-antartida-que-voto-a-milei\/#breadcrumb"},"inLanguage":"es","potentialAction":[{"@type":"ReadAction","target":["https:\/\/cvinoticias.com\/v3\/la-dura-respuesta-de-las-fuerzas-armadas-a-la-amenaza-que-un-ministro-hizo-sobre-el-personal-de-la-antartida-que-voto-a-milei\/"]}]},{"@type":"ImageObject","inLanguage":"es","@id":"https:\/\/cvinoticias.com\/v3\/la-dura-respuesta-de-las-fuerzas-armadas-a-la-amenaza-que-un-ministro-hizo-sobre-el-personal-de-la-antartida-que-voto-a-milei\/#primaryimage","url":"https:\/\/cvinoticias.com\/wp-content\/uploads\/2023\/08\/7YUPPVGQA5FWJPHIR46UGX3MVQ.jpg","contentUrl":"https:\/\/cvinoticias.com\/wp-content\/uploads\/2023\/08\/7YUPPVGQA5FWJPHIR46UGX3MVQ.jpg","width":980,"height":640},{"@type":"BreadcrumbList","@id":"https:\/\/cvinoticias.com\/v3\/la-dura-respuesta-de-las-fuerzas-armadas-a-la-amenaza-que-un-ministro-hizo-sobre-el-personal-de-la-antartida-que-voto-a-milei\/#breadcrumb","itemListElement":[{"@type":"ListItem","position":1,"name":"Portada","item":"https:\/\/cvinoticias.com\/v3\/"},{"@type":"ListItem","position":2,"name":"La dura respuesta de las Fuerzas Armadas a la amenaza que un ministro hizo sobre el personal de la Ant\u00e1rtida que vot\u00f3 a Milei"}]},{"@type":"WebSite","@id":"https:\/\/cvinoticias.com\/v3\/#website","url":"https:\/\/cvinoticias.com\/v3\/","name":"CVI NOTICIAS","description":"","publisher":{"@id":"https:\/\/cvinoticias.com\/v3\/#organization"},"alternateName":"CVI","potentialAction":[{"@type":"SearchAction","target":{"@type":"EntryPoint","urlTemplate":"https:\/\/cvinoticias.com\/v3\/?s={search_term_string}"},"query-input":{"@type":"PropertyValueSpecification","valueRequired":true,"valueName":"search_term_string"}}],"inLanguage":"es"},{"@type":"Organization","@id":"https:\/\/cvinoticias.com\/v3\/#organization","name":"CVI NOTICIAS","url":"https:\/\/cvinoticias.com\/v3\/","logo":{"@type":"ImageObject","inLanguage":"es","@id":"https:\/\/cvinoticias.com\/v3\/#\/schema\/logo\/image\/","url":"https:\/\/cvinoticias.com\/wp-content\/uploads\/2023\/04\/cropped-cropped-cropped-cropped-cropped-3-1.png","contentUrl":"https:\/\/cvinoticias.com\/wp-content\/uploads\/2023\/04\/cropped-cropped-cropped-cropped-cropped-3-1.png","width":95,"height":122,"caption":"CVI NOTICIAS"},"image":{"@id":"https:\/\/cvinoticias.com\/v3\/#\/schema\/logo\/image\/"},"sameAs":["https:\/\/www.facebook.com\/cvinoticias","https:\/\/www.instagram.com\/cvinoticias\/","https:\/\/www.youtube.com\/@CVINOTICIAS"]},{"@type":"Person","@id":"https:\/\/cvinoticias.com\/v3\/#\/schema\/person\/2db77e3c6bc03c538495d7b2b8be9b66","name":"f1000024","image":{"@type":"ImageObject","inLanguage":"es","@id":"https:\/\/secure.gravatar.com\/avatar\/d4fe7459cfc51ff5129ce1a732bbef5928568b8092d412ef95611616376bbeed?s=96&d=mm&r=g","url":"https:\/\/secure.gravatar.com\/avatar\/d4fe7459cfc51ff5129ce1a732bbef5928568b8092d412ef95611616376bbeed?s=96&d=mm&r=g","contentUrl":"https:\/\/secure.gravatar.com\/avatar\/d4fe7459cfc51ff5129ce1a732bbef5928568b8092d412ef95611616376bbeed?s=96&d=mm&r=g","caption":"f1000024"},"url":"https:\/\/cvinoticias.com\/v3\/author\/f1000024\/"}]}},"_links":{"self":[{"href":"https:\/\/cvinoticias.com\/v3\/wp-json\/wp\/v2\/posts\/27241","targetHints":{"allow":["GET"]}}],"collection":[{"href":"https:\/\/cvinoticias.com\/v3\/wp-json\/wp\/v2\/posts"}],"about":[{"href":"https:\/\/cvinoticias.com\/v3\/wp-json\/wp\/v2\/types\/post"}],"author":[{"embeddable":true,"href":"https:\/\/cvinoticias.com\/v3\/wp-json\/wp\/v2\/users\/2"}],"replies":[{"embeddable":true,"href":"https:\/\/cvinoticias.com\/v3\/wp-json\/wp\/v2\/comments?post=27241"}],"version-history":[{"count":1,"href":"https:\/\/cvinoticias.com\/v3\/wp-json\/wp\/v2\/posts\/27241\/revisions"}],"predecessor-version":[{"id":27244,"href":"https:\/\/cvinoticias.com\/v3\/wp-json\/wp\/v2\/posts\/27241\/revisions\/27244"}],"wp:featuredmedia":[{"embeddable":true,"href":"https:\/\/cvinoticias.com\/v3\/wp-json\/wp\/v2\/media\/27243"}],"wp:attachment":[{"href":"https:\/\/cvinoticias.com\/v3\/wp-json\/wp\/v2\/media?parent=27241"}],"wp:term":[{"taxonomy":"category","embeddable":true,"href":"https:\/\/cvinoticias.com\/v3\/wp-json\/wp\/v2\/categories?post=27241"},{"taxonomy":"post_tag","embeddable":true,"href":"https:\/\/cvinoticias.com\/v3\/wp-json\/wp\/v2\/tags?post=27241"}],"curies":[{"name":"wp","href":"https:\/\/api.w.org\/{rel}","templated":true}]}}