{"id":27205,"date":"2023-08-17T12:06:56","date_gmt":"2023-08-17T12:06:56","guid":{"rendered":"https:\/\/cvinoticias.com\/v3\/?p=27205"},"modified":"2023-08-17T12:06:56","modified_gmt":"2023-08-17T12:06:56","slug":"este-viernes-aumenta-la-carne-otro-25-sinceramente-es-una-locura-casi-50-en-menos-de-una-semana","status":"publish","type":"post","link":"https:\/\/cvinoticias.com\/v3\/este-viernes-aumenta-la-carne-otro-25-sinceramente-es-una-locura-casi-50-en-menos-de-una-semana\/","title":{"rendered":"Este viernes aumenta la carne otro 25%: \u201cSinceramente es una locura, casi 50% en menos de una semana\u00bb"},"content":{"rendered":"\n<p><strong><em>As\u00ed lo asegur\u00f3 el empresario supermercadista Nelson Lukoski. A su vez dijo que la devaluaci\u00f3n \u201cera un hecho, pero esperaron a que pasen las PASO\u201d.<\/em><\/strong><\/p>\n\n\n\n<p>Ante un nuevo golpe de la inflaci\u00f3n, esta semana hay remarcaci\u00f3n de precios o algunos negocios optaron por no abrir las puertas de su local, en la ciudad. Varios rubros se ven golpeados ante los cambios de precios, uno de los principales es la carne.<\/p>\n\n\n\n<p>El empresario supermercadista Nelson Lukoski afirm\u00f3 que aparte del 25% que subi\u00f3 la semana pasada la carne, este viernes sube un 25% m\u00e1s: \u201cSinceramente es una locura. Nosotros a veces perdemos un poco, porque no podemos matar al cliente. Esta semana reci\u00e9n el lunes aumentamos el precio de la semana pasada y hoy ya tenemos un nuevo precio de lo que nos va a llegar ma\u00f1ana\u201d, manifest\u00f3.<\/p>\n\n\n\n<p>A su vez, asegur\u00f3 que desde febrero no sub\u00eda la carne: \u201cHubo cuatro meses sin aumento, se recuper\u00f3 el consumo, pero con esto vuelve a ser un producto inalcanzable para algunos sectores\u201d.<\/p>\n\n\n\n<p>Por otro lado el referente de los supermercados, analiz\u00f3 que la devaluaci\u00f3n \u201cten\u00eda que hacerse en marzo, Massa lo sab\u00eda, pero esperaron que pasen las elecciones. En el caso de los supermercados no se puede remarcar todo el tiempo y no podemos dejar al cliente sin mercader\u00eda\u201d, se\u00f1al\u00f3.<\/p>\n\n\n\n<p>Para terminar, Lukoski indic\u00f3 que la situaci\u00f3n de los supermercados es grave: \u201cLos proveedores tienen suspendida la venta, los pedidos se toman con nuevos precio. Todos van a estar especulando esta semana y seguramente ser\u00e1 as\u00ed al menos lo que reste de agosto\u201d, concluy\u00f3.<\/p>\n","protected":false},"excerpt":{"rendered":"<p>As\u00ed lo asegur\u00f3 el empresario supermercadista Nelson Lukoski. A su vez dijo que la devaluaci\u00f3n \u201cera un hecho, pero esperaron a que pasen las PASO\u201d. Ante un nuevo golpe de la inflaci\u00f3n, esta semana hay remarcaci\u00f3n de precios o algunos negocios optaron por no abrir las puertas de su local, en la ciudad. Varios rubros [&hellip;]<\/p>\n","protected":false},"author":2,"featured_media":27206,"comment_status":"open","ping_status":"open","sticky":false,"template":"","format":"standard","meta":{"footnotes":""},"categories":[32],"tags":[],"class_list":["post-27205","post","type-post","status-publish","format-standard","has-post-thumbnail","hentry","category-economia"],"yoast_head":"<!-- This site is optimized with the Yoast SEO plugin v27.5 - https:\/\/yoast.com\/product\/yoast-seo-wordpress\/ -->\n<title>Este viernes aumenta la carne otro 25%: \u201cSinceramente es una locura, casi 50% en menos de una semana&quot; | CVI NOTICIAS<\/title>\n<meta name=\"robots\" content=\"index, follow, max-snippet:-1, max-image-preview:large, max-video-preview:-1\" \/>\n<link rel=\"canonical\" href=\"https:\/\/cvinoticias.com\/v3\/este-viernes-aumenta-la-carne-otro-25-sinceramente-es-una-locura-casi-50-en-menos-de-una-semana\/\" \/>\n<meta property=\"og:locale\" content=\"es_ES\" \/>\n<meta property=\"og:type\" content=\"article\" \/>\n<meta property=\"og:title\" content=\"Este viernes aumenta la carne otro 25%: \u201cSinceramente es una locura, casi 50% en menos de una semana&quot; | CVI NOTICIAS\" \/>\n<meta property=\"og:description\" content=\"As\u00ed lo asegur\u00f3 el empresario supermercadista Nelson Lukoski. A su vez dijo que la devaluaci\u00f3n \u201cera un hecho, pero esperaron a que pasen las PASO\u201d. Ante un nuevo golpe de la inflaci\u00f3n, esta semana hay remarcaci\u00f3n de precios o algunos negocios optaron por no abrir las puertas de su local, en la ciudad. Varios rubros [&hellip;]\" \/>\n<meta property=\"og:url\" content=\"https:\/\/cvinoticias.com\/v3\/este-viernes-aumenta-la-carne-otro-25-sinceramente-es-una-locura-casi-50-en-menos-de-una-semana\/\" \/>\n<meta property=\"og:site_name\" content=\"CVI NOTICIAS\" \/>\n<meta property=\"article:publisher\" content=\"https:\/\/www.facebook.com\/cvinoticias\" \/>\n<meta property=\"article:published_time\" content=\"2023-08-17T12:06:56+00:00\" \/>\n<meta property=\"og:image\" content=\"https:\/\/cvinoticias.com\/wp-content\/uploads\/2023\/08\/XA6NOZDPQ5HSJNO72HCIRJREDE.jpg\" \/>\n\t<meta property=\"og:image:width\" content=\"980\" \/>\n\t<meta property=\"og:image:height\" content=\"640\" \/>\n\t<meta property=\"og:image:type\" content=\"image\/jpeg\" \/>\n<meta name=\"author\" content=\"f1000024\" \/>\n<meta name=\"twitter:card\" content=\"summary_large_image\" \/>\n<meta name=\"twitter:label1\" content=\"Escrito por\" \/>\n\t<meta name=\"twitter:data1\" content=\"f1000024\" \/>\n\t<meta name=\"twitter:label2\" content=\"Tiempo de lectura\" \/>\n\t<meta name=\"twitter:data2\" content=\"1 minuto\" \/>\n<script type=\"application\/ld+json\" class=\"yoast-schema-graph\">{\"@context\":\"https:\\\/\\\/schema.org\",\"@graph\":[{\"@type\":\"Article\",\"@id\":\"https:\\\/\\\/cvinoticias.com\\\/v3\\\/este-viernes-aumenta-la-carne-otro-25-sinceramente-es-una-locura-casi-50-en-menos-de-una-semana\\\/#article\",\"isPartOf\":{\"@id\":\"https:\\\/\\\/cvinoticias.com\\\/v3\\\/este-viernes-aumenta-la-carne-otro-25-sinceramente-es-una-locura-casi-50-en-menos-de-una-semana\\\/\"},\"author\":{\"name\":\"f1000024\",\"@id\":\"https:\\\/\\\/cvinoticias.com\\\/v3\\\/#\\\/schema\\\/person\\\/2db77e3c6bc03c538495d7b2b8be9b66\"},\"headline\":\"Este viernes aumenta la carne otro 25%: \u201cSinceramente es una locura, casi 50% en menos de una semana\u00bb\",\"datePublished\":\"2023-08-17T12:06:56+00:00\",\"mainEntityOfPage\":{\"@id\":\"https:\\\/\\\/cvinoticias.com\\\/v3\\\/este-viernes-aumenta-la-carne-otro-25-sinceramente-es-una-locura-casi-50-en-menos-de-una-semana\\\/\"},\"wordCount\":288,\"commentCount\":0,\"publisher\":{\"@id\":\"https:\\\/\\\/cvinoticias.com\\\/v3\\\/#organization\"},\"image\":{\"@id\":\"https:\\\/\\\/cvinoticias.com\\\/v3\\\/este-viernes-aumenta-la-carne-otro-25-sinceramente-es-una-locura-casi-50-en-menos-de-una-semana\\\/#primaryimage\"},\"thumbnailUrl\":\"https:\\\/\\\/cvinoticias.com\\\/wp-content\\\/uploads\\\/2023\\\/08\\\/XA6NOZDPQ5HSJNO72HCIRJREDE.jpg\",\"articleSection\":[\"Econom\u00eda\"],\"inLanguage\":\"es\",\"potentialAction\":[{\"@type\":\"CommentAction\",\"name\":\"Comment\",\"target\":[\"https:\\\/\\\/cvinoticias.com\\\/v3\\\/este-viernes-aumenta-la-carne-otro-25-sinceramente-es-una-locura-casi-50-en-menos-de-una-semana\\\/#respond\"]}]},{\"@type\":\"WebPage\",\"@id\":\"https:\\\/\\\/cvinoticias.com\\\/v3\\\/este-viernes-aumenta-la-carne-otro-25-sinceramente-es-una-locura-casi-50-en-menos-de-una-semana\\\/\",\"url\":\"https:\\\/\\\/cvinoticias.com\\\/v3\\\/este-viernes-aumenta-la-carne-otro-25-sinceramente-es-una-locura-casi-50-en-menos-de-una-semana\\\/\",\"name\":\"Este viernes aumenta la carne otro 25%: \u201cSinceramente es una locura, casi 50% en menos de una semana\\\" | CVI NOTICIAS\",\"isPartOf\":{\"@id\":\"https:\\\/\\\/cvinoticias.com\\\/v3\\\/#website\"},\"primaryImageOfPage\":{\"@id\":\"https:\\\/\\\/cvinoticias.com\\\/v3\\\/este-viernes-aumenta-la-carne-otro-25-sinceramente-es-una-locura-casi-50-en-menos-de-una-semana\\\/#primaryimage\"},\"image\":{\"@id\":\"https:\\\/\\\/cvinoticias.com\\\/v3\\\/este-viernes-aumenta-la-carne-otro-25-sinceramente-es-una-locura-casi-50-en-menos-de-una-semana\\\/#primaryimage\"},\"thumbnailUrl\":\"https:\\\/\\\/cvinoticias.com\\\/wp-content\\\/uploads\\\/2023\\\/08\\\/XA6NOZDPQ5HSJNO72HCIRJREDE.jpg\",\"datePublished\":\"2023-08-17T12:06:56+00:00\",\"breadcrumb\":{\"@id\":\"https:\\\/\\\/cvinoticias.com\\\/v3\\\/este-viernes-aumenta-la-carne-otro-25-sinceramente-es-una-locura-casi-50-en-menos-de-una-semana\\\/#breadcrumb\"},\"inLanguage\":\"es\",\"potentialAction\":[{\"@type\":\"ReadAction\",\"target\":[\"https:\\\/\\\/cvinoticias.com\\\/v3\\\/este-viernes-aumenta-la-carne-otro-25-sinceramente-es-una-locura-casi-50-en-menos-de-una-semana\\\/\"]}]},{\"@type\":\"ImageObject\",\"inLanguage\":\"es\",\"@id\":\"https:\\\/\\\/cvinoticias.com\\\/v3\\\/este-viernes-aumenta-la-carne-otro-25-sinceramente-es-una-locura-casi-50-en-menos-de-una-semana\\\/#primaryimage\",\"url\":\"https:\\\/\\\/cvinoticias.com\\\/wp-content\\\/uploads\\\/2023\\\/08\\\/XA6NOZDPQ5HSJNO72HCIRJREDE.jpg\",\"contentUrl\":\"https:\\\/\\\/cvinoticias.com\\\/wp-content\\\/uploads\\\/2023\\\/08\\\/XA6NOZDPQ5HSJNO72HCIRJREDE.jpg\",\"width\":980,\"height\":640},{\"@type\":\"BreadcrumbList\",\"@id\":\"https:\\\/\\\/cvinoticias.com\\\/v3\\\/este-viernes-aumenta-la-carne-otro-25-sinceramente-es-una-locura-casi-50-en-menos-de-una-semana\\\/#breadcrumb\",\"itemListElement\":[{\"@type\":\"ListItem\",\"position\":1,\"name\":\"Portada\",\"item\":\"https:\\\/\\\/cvinoticias.com\\\/v3\\\/\"},{\"@type\":\"ListItem\",\"position\":2,\"name\":\"Este viernes aumenta la carne otro 25%: \u201cSinceramente es una locura, casi 50% en menos de una semana\u00bb\"}]},{\"@type\":\"WebSite\",\"@id\":\"https:\\\/\\\/cvinoticias.com\\\/v3\\\/#website\",\"url\":\"https:\\\/\\\/cvinoticias.com\\\/v3\\\/\",\"name\":\"CVI NOTICIAS\",\"description\":\"\",\"publisher\":{\"@id\":\"https:\\\/\\\/cvinoticias.com\\\/v3\\\/#organization\"},\"alternateName\":\"CVI\",\"potentialAction\":[{\"@type\":\"SearchAction\",\"target\":{\"@type\":\"EntryPoint\",\"urlTemplate\":\"https:\\\/\\\/cvinoticias.com\\\/v3\\\/?s={search_term_string}\"},\"query-input\":{\"@type\":\"PropertyValueSpecification\",\"valueRequired\":true,\"valueName\":\"search_term_string\"}}],\"inLanguage\":\"es\"},{\"@type\":\"Organization\",\"@id\":\"https:\\\/\\\/cvinoticias.com\\\/v3\\\/#organization\",\"name\":\"CVI NOTICIAS\",\"url\":\"https:\\\/\\\/cvinoticias.com\\\/v3\\\/\",\"logo\":{\"@type\":\"ImageObject\",\"inLanguage\":\"es\",\"@id\":\"https:\\\/\\\/cvinoticias.com\\\/v3\\\/#\\\/schema\\\/logo\\\/image\\\/\",\"url\":\"https:\\\/\\\/cvinoticias.com\\\/wp-content\\\/uploads\\\/2023\\\/04\\\/cropped-cropped-cropped-cropped-cropped-3-1.png\",\"contentUrl\":\"https:\\\/\\\/cvinoticias.com\\\/wp-content\\\/uploads\\\/2023\\\/04\\\/cropped-cropped-cropped-cropped-cropped-3-1.png\",\"width\":95,\"height\":122,\"caption\":\"CVI NOTICIAS\"},\"image\":{\"@id\":\"https:\\\/\\\/cvinoticias.com\\\/v3\\\/#\\\/schema\\\/logo\\\/image\\\/\"},\"sameAs\":[\"https:\\\/\\\/www.facebook.com\\\/cvinoticias\",\"https:\\\/\\\/www.instagram.com\\\/cvinoticias\\\/\",\"https:\\\/\\\/www.youtube.com\\\/@CVINOTICIAS\"]},{\"@type\":\"Person\",\"@id\":\"https:\\\/\\\/cvinoticias.com\\\/v3\\\/#\\\/schema\\\/person\\\/2db77e3c6bc03c538495d7b2b8be9b66\",\"name\":\"f1000024\",\"image\":{\"@type\":\"ImageObject\",\"inLanguage\":\"es\",\"@id\":\"https:\\\/\\\/secure.gravatar.com\\\/avatar\\\/d4fe7459cfc51ff5129ce1a732bbef5928568b8092d412ef95611616376bbeed?s=96&d=mm&r=g\",\"url\":\"https:\\\/\\\/secure.gravatar.com\\\/avatar\\\/d4fe7459cfc51ff5129ce1a732bbef5928568b8092d412ef95611616376bbeed?s=96&d=mm&r=g\",\"contentUrl\":\"https:\\\/\\\/secure.gravatar.com\\\/avatar\\\/d4fe7459cfc51ff5129ce1a732bbef5928568b8092d412ef95611616376bbeed?s=96&d=mm&r=g\",\"caption\":\"f1000024\"},\"url\":\"https:\\\/\\\/cvinoticias.com\\\/v3\\\/author\\\/f1000024\\\/\"}]}<\/script>\n<!-- \/ Yoast SEO plugin. -->","yoast_head_json":{"title":"Este viernes aumenta la carne otro 25%: \u201cSinceramente es una locura, casi 50% en menos de una semana\" | CVI NOTICIAS","robots":{"index":"index","follow":"follow","max-snippet":"max-snippet:-1","max-image-preview":"max-image-preview:large","max-video-preview":"max-video-preview:-1"},"canonical":"https:\/\/cvinoticias.com\/v3\/este-viernes-aumenta-la-carne-otro-25-sinceramente-es-una-locura-casi-50-en-menos-de-una-semana\/","og_locale":"es_ES","og_type":"article","og_title":"Este viernes aumenta la carne otro 25%: \u201cSinceramente es una locura, casi 50% en menos de una semana\" | CVI NOTICIAS","og_description":"As\u00ed lo asegur\u00f3 el empresario supermercadista Nelson Lukoski. A su vez dijo que la devaluaci\u00f3n \u201cera un hecho, pero esperaron a que pasen las PASO\u201d. Ante un nuevo golpe de la inflaci\u00f3n, esta semana hay remarcaci\u00f3n de precios o algunos negocios optaron por no abrir las puertas de su local, en la ciudad. Varios rubros [&hellip;]","og_url":"https:\/\/cvinoticias.com\/v3\/este-viernes-aumenta-la-carne-otro-25-sinceramente-es-una-locura-casi-50-en-menos-de-una-semana\/","og_site_name":"CVI NOTICIAS","article_publisher":"https:\/\/www.facebook.com\/cvinoticias","article_published_time":"2023-08-17T12:06:56+00:00","og_image":[{"width":980,"height":640,"url":"https:\/\/cvinoticias.com\/wp-content\/uploads\/2023\/08\/XA6NOZDPQ5HSJNO72HCIRJREDE.jpg","type":"image\/jpeg"}],"author":"f1000024","twitter_card":"summary_large_image","twitter_misc":{"Escrito por":"f1000024","Tiempo de lectura":"1 minuto"},"schema":{"@context":"https:\/\/schema.org","@graph":[{"@type":"Article","@id":"https:\/\/cvinoticias.com\/v3\/este-viernes-aumenta-la-carne-otro-25-sinceramente-es-una-locura-casi-50-en-menos-de-una-semana\/#article","isPartOf":{"@id":"https:\/\/cvinoticias.com\/v3\/este-viernes-aumenta-la-carne-otro-25-sinceramente-es-una-locura-casi-50-en-menos-de-una-semana\/"},"author":{"name":"f1000024","@id":"https:\/\/cvinoticias.com\/v3\/#\/schema\/person\/2db77e3c6bc03c538495d7b2b8be9b66"},"headline":"Este viernes aumenta la carne otro 25%: \u201cSinceramente es una locura, casi 50% en menos de una semana\u00bb","datePublished":"2023-08-17T12:06:56+00:00","mainEntityOfPage":{"@id":"https:\/\/cvinoticias.com\/v3\/este-viernes-aumenta-la-carne-otro-25-sinceramente-es-una-locura-casi-50-en-menos-de-una-semana\/"},"wordCount":288,"commentCount":0,"publisher":{"@id":"https:\/\/cvinoticias.com\/v3\/#organization"},"image":{"@id":"https:\/\/cvinoticias.com\/v3\/este-viernes-aumenta-la-carne-otro-25-sinceramente-es-una-locura-casi-50-en-menos-de-una-semana\/#primaryimage"},"thumbnailUrl":"https:\/\/cvinoticias.com\/wp-content\/uploads\/2023\/08\/XA6NOZDPQ5HSJNO72HCIRJREDE.jpg","articleSection":["Econom\u00eda"],"inLanguage":"es","potentialAction":[{"@type":"CommentAction","name":"Comment","target":["https:\/\/cvinoticias.com\/v3\/este-viernes-aumenta-la-carne-otro-25-sinceramente-es-una-locura-casi-50-en-menos-de-una-semana\/#respond"]}]},{"@type":"WebPage","@id":"https:\/\/cvinoticias.com\/v3\/este-viernes-aumenta-la-carne-otro-25-sinceramente-es-una-locura-casi-50-en-menos-de-una-semana\/","url":"https:\/\/cvinoticias.com\/v3\/este-viernes-aumenta-la-carne-otro-25-sinceramente-es-una-locura-casi-50-en-menos-de-una-semana\/","name":"Este viernes aumenta la carne otro 25%: \u201cSinceramente es una locura, casi 50% en menos de una semana\" | CVI NOTICIAS","isPartOf":{"@id":"https:\/\/cvinoticias.com\/v3\/#website"},"primaryImageOfPage":{"@id":"https:\/\/cvinoticias.com\/v3\/este-viernes-aumenta-la-carne-otro-25-sinceramente-es-una-locura-casi-50-en-menos-de-una-semana\/#primaryimage"},"image":{"@id":"https:\/\/cvinoticias.com\/v3\/este-viernes-aumenta-la-carne-otro-25-sinceramente-es-una-locura-casi-50-en-menos-de-una-semana\/#primaryimage"},"thumbnailUrl":"https:\/\/cvinoticias.com\/wp-content\/uploads\/2023\/08\/XA6NOZDPQ5HSJNO72HCIRJREDE.jpg","datePublished":"2023-08-17T12:06:56+00:00","breadcrumb":{"@id":"https:\/\/cvinoticias.com\/v3\/este-viernes-aumenta-la-carne-otro-25-sinceramente-es-una-locura-casi-50-en-menos-de-una-semana\/#breadcrumb"},"inLanguage":"es","potentialAction":[{"@type":"ReadAction","target":["https:\/\/cvinoticias.com\/v3\/este-viernes-aumenta-la-carne-otro-25-sinceramente-es-una-locura-casi-50-en-menos-de-una-semana\/"]}]},{"@type":"ImageObject","inLanguage":"es","@id":"https:\/\/cvinoticias.com\/v3\/este-viernes-aumenta-la-carne-otro-25-sinceramente-es-una-locura-casi-50-en-menos-de-una-semana\/#primaryimage","url":"https:\/\/cvinoticias.com\/wp-content\/uploads\/2023\/08\/XA6NOZDPQ5HSJNO72HCIRJREDE.jpg","contentUrl":"https:\/\/cvinoticias.com\/wp-content\/uploads\/2023\/08\/XA6NOZDPQ5HSJNO72HCIRJREDE.jpg","width":980,"height":640},{"@type":"BreadcrumbList","@id":"https:\/\/cvinoticias.com\/v3\/este-viernes-aumenta-la-carne-otro-25-sinceramente-es-una-locura-casi-50-en-menos-de-una-semana\/#breadcrumb","itemListElement":[{"@type":"ListItem","position":1,"name":"Portada","item":"https:\/\/cvinoticias.com\/v3\/"},{"@type":"ListItem","position":2,"name":"Este viernes aumenta la carne otro 25%: \u201cSinceramente es una locura, casi 50% en menos de una semana\u00bb"}]},{"@type":"WebSite","@id":"https:\/\/cvinoticias.com\/v3\/#website","url":"https:\/\/cvinoticias.com\/v3\/","name":"CVI NOTICIAS","description":"","publisher":{"@id":"https:\/\/cvinoticias.com\/v3\/#organization"},"alternateName":"CVI","potentialAction":[{"@type":"SearchAction","target":{"@type":"EntryPoint","urlTemplate":"https:\/\/cvinoticias.com\/v3\/?s={search_term_string}"},"query-input":{"@type":"PropertyValueSpecification","valueRequired":true,"valueName":"search_term_string"}}],"inLanguage":"es"},{"@type":"Organization","@id":"https:\/\/cvinoticias.com\/v3\/#organization","name":"CVI NOTICIAS","url":"https:\/\/cvinoticias.com\/v3\/","logo":{"@type":"ImageObject","inLanguage":"es","@id":"https:\/\/cvinoticias.com\/v3\/#\/schema\/logo\/image\/","url":"https:\/\/cvinoticias.com\/wp-content\/uploads\/2023\/04\/cropped-cropped-cropped-cropped-cropped-3-1.png","contentUrl":"https:\/\/cvinoticias.com\/wp-content\/uploads\/2023\/04\/cropped-cropped-cropped-cropped-cropped-3-1.png","width":95,"height":122,"caption":"CVI NOTICIAS"},"image":{"@id":"https:\/\/cvinoticias.com\/v3\/#\/schema\/logo\/image\/"},"sameAs":["https:\/\/www.facebook.com\/cvinoticias","https:\/\/www.instagram.com\/cvinoticias\/","https:\/\/www.youtube.com\/@CVINOTICIAS"]},{"@type":"Person","@id":"https:\/\/cvinoticias.com\/v3\/#\/schema\/person\/2db77e3c6bc03c538495d7b2b8be9b66","name":"f1000024","image":{"@type":"ImageObject","inLanguage":"es","@id":"https:\/\/secure.gravatar.com\/avatar\/d4fe7459cfc51ff5129ce1a732bbef5928568b8092d412ef95611616376bbeed?s=96&d=mm&r=g","url":"https:\/\/secure.gravatar.com\/avatar\/d4fe7459cfc51ff5129ce1a732bbef5928568b8092d412ef95611616376bbeed?s=96&d=mm&r=g","contentUrl":"https:\/\/secure.gravatar.com\/avatar\/d4fe7459cfc51ff5129ce1a732bbef5928568b8092d412ef95611616376bbeed?s=96&d=mm&r=g","caption":"f1000024"},"url":"https:\/\/cvinoticias.com\/v3\/author\/f1000024\/"}]}},"_links":{"self":[{"href":"https:\/\/cvinoticias.com\/v3\/wp-json\/wp\/v2\/posts\/27205","targetHints":{"allow":["GET"]}}],"collection":[{"href":"https:\/\/cvinoticias.com\/v3\/wp-json\/wp\/v2\/posts"}],"about":[{"href":"https:\/\/cvinoticias.com\/v3\/wp-json\/wp\/v2\/types\/post"}],"author":[{"embeddable":true,"href":"https:\/\/cvinoticias.com\/v3\/wp-json\/wp\/v2\/users\/2"}],"replies":[{"embeddable":true,"href":"https:\/\/cvinoticias.com\/v3\/wp-json\/wp\/v2\/comments?post=27205"}],"version-history":[{"count":1,"href":"https:\/\/cvinoticias.com\/v3\/wp-json\/wp\/v2\/posts\/27205\/revisions"}],"predecessor-version":[{"id":27207,"href":"https:\/\/cvinoticias.com\/v3\/wp-json\/wp\/v2\/posts\/27205\/revisions\/27207"}],"wp:featuredmedia":[{"embeddable":true,"href":"https:\/\/cvinoticias.com\/v3\/wp-json\/wp\/v2\/media\/27206"}],"wp:attachment":[{"href":"https:\/\/cvinoticias.com\/v3\/wp-json\/wp\/v2\/media?parent=27205"}],"wp:term":[{"taxonomy":"category","embeddable":true,"href":"https:\/\/cvinoticias.com\/v3\/wp-json\/wp\/v2\/categories?post=27205"},{"taxonomy":"post_tag","embeddable":true,"href":"https:\/\/cvinoticias.com\/v3\/wp-json\/wp\/v2\/tags?post=27205"}],"curies":[{"name":"wp","href":"https:\/\/api.w.org\/{rel}","templated":true}]}}