{"id":27202,"date":"2023-08-17T11:57:21","date_gmt":"2023-08-17T11:57:21","guid":{"rendered":"https:\/\/cvinoticias.com\/v3\/?p=27202"},"modified":"2023-08-17T11:57:21","modified_gmt":"2023-08-17T11:57:21","slug":"los-lugares-de-atencion-de-sedronar-crecieron-120-desde-diciembre-de-2019","status":"publish","type":"post","link":"https:\/\/cvinoticias.com\/v3\/los-lugares-de-atencion-de-sedronar-crecieron-120-desde-diciembre-de-2019\/","title":{"rendered":"Los lugares de atenci\u00f3n de Sedronar crecieron 120% desde diciembre de 2019"},"content":{"rendered":"\n<p><strong><em>\u00abDesde que comenzamos esta gesti\u00f3n en diciembre de 2019 en adelante, crecimos el 120% en lugares de atenci\u00f3n en Sedronar\u00bb, detall\u00f3 la secretaria de Pol\u00edticas Integrales sobre Drogas de la Naci\u00f3n Argentina (Sedronar), Gabriela Torres.<\/em><\/strong><\/p>\n\n\n\n<p>La secretaria de Pol\u00edticas Integrales sobre Drogas de la Naci\u00f3n Argentina (Sedronar), Gabriela Torres, dijo este mi\u00e9rcoles que desde diciembre de 2019 crecieron 120 por ciento los lugares de atenci\u00f3n del organismo, en el marco de la 21\u00aa Conferencia Nacional sobre Pol\u00edticas de Drogas, organizada por la Asociaci\u00f3n Civil Intercambios.<\/p>\n\n\n\n<p>\u00abDesde que comenzamos esta gesti\u00f3n en diciembre de 2019 en adelante, crecimos el 120% en lugares de atenci\u00f3n en Sedronar\u00bb, detall\u00f3 Torres en el Sal\u00f3n Auditorio del Edificio Anexo de la C\u00e1mara de Diputados de la Naci\u00f3n.<\/p>\n\n\n\n<p>Adem\u00e1s, la funcionaria destac\u00f3 que desde la Secretar\u00eda \u00ablos dos grandes ejes de trabajo son la accesibilidad y los cuidados\u00bb y resalt\u00f3 que \u00abno hay accesibilidad y cuidado sin el rol del Estado\u00bb.<\/p>\n\n\n\n<p>En ese sentido, Torres explic\u00f3 que se han implementado pol\u00edticas que se complementen con los cuidados en lugares comunitarios, lugares espec\u00edficos ambulatorios y lugares de internaci\u00f3n, donde el sistema de salud \u00abtiene que estar, aunque tenemos que seguir trabajando con urgencia, tenemos que estar todos de un modo articulado\u00bb.<\/p>\n\n\n\n<p>\u00abTenemos que seguir trabajando en c\u00f3mo interpelar las pr\u00e1cticas de consumo. Seguimos teniendo en la representaci\u00f3n del problema un mont\u00f3n de personas que creen que es malo en s\u00ed mismo el que consume, hay cierta oscuridad puesta ah\u00ed, hay discriminaci\u00f3n. Es la l\u00f3gica de una sociedad, que por supuesto culpa a los j\u00f3venes, a las mujeres j\u00f3venes y si son pobres, ni les digo\u00bb, a\u00f1adi\u00f3.<\/p>\n\n\n\n<p>\u00abSiempre la discriminaci\u00f3n est\u00e1 puesta ah\u00ed. Entonces tenemos que seguir trabajando por la igualdad. En los 40 a\u00f1os de democracia me parece que el gran acuerdo es por la igualdad\u00bb, expuso Torres.<\/p>\n\n\n\n<p>La XXI Conferencia Nacional sobre Pol\u00edticas de Drogas busc\u00f3 propiciar un debate social informado para repensar los modelos regulatorios y sus efectos en la salud y en los derechos humanos; generar un intercambio entre tomadores de decisi\u00f3n, planificadores de pol\u00edticas, investigadores y miembros de la sociedad civil, con miras a impulsar pol\u00edticas que respondan de manera eficaz a los diversos problemas asociados con las drogas, detallaron desde la Jefatura de Gabinete de Ministros.<\/p>\n","protected":false},"excerpt":{"rendered":"<p>\u00abDesde que comenzamos esta gesti\u00f3n en diciembre de 2019 en adelante, crecimos el 120% en lugares de atenci\u00f3n en Sedronar\u00bb, detall\u00f3 la secretaria de Pol\u00edticas Integrales sobre Drogas de la Naci\u00f3n Argentina (Sedronar), Gabriela Torres. La secretaria de Pol\u00edticas Integrales sobre Drogas de la Naci\u00f3n Argentina (Sedronar), Gabriela Torres, dijo este mi\u00e9rcoles que desde diciembre [&hellip;]<\/p>\n","protected":false},"author":2,"featured_media":27203,"comment_status":"open","ping_status":"open","sticky":false,"template":"","format":"standard","meta":{"footnotes":""},"categories":[35],"tags":[],"class_list":["post-27202","post","type-post","status-publish","format-standard","has-post-thumbnail","hentry","category-informacion-general"],"yoast_head":"<!-- This site is optimized with the Yoast SEO plugin v27.5 - https:\/\/yoast.com\/product\/yoast-seo-wordpress\/ -->\n<title>Los lugares de atenci\u00f3n de Sedronar crecieron 120% desde diciembre de 2019 | CVI NOTICIAS<\/title>\n<meta name=\"robots\" content=\"index, follow, max-snippet:-1, max-image-preview:large, max-video-preview:-1\" \/>\n<link rel=\"canonical\" href=\"https:\/\/cvinoticias.com\/v3\/los-lugares-de-atencion-de-sedronar-crecieron-120-desde-diciembre-de-2019\/\" \/>\n<meta property=\"og:locale\" content=\"es_ES\" \/>\n<meta property=\"og:type\" content=\"article\" \/>\n<meta property=\"og:title\" content=\"Los lugares de atenci\u00f3n de Sedronar crecieron 120% desde diciembre de 2019 | CVI NOTICIAS\" \/>\n<meta property=\"og:description\" content=\"\u00abDesde que comenzamos esta gesti\u00f3n en diciembre de 2019 en adelante, crecimos el 120% en lugares de atenci\u00f3n en Sedronar\u00bb, detall\u00f3 la secretaria de Pol\u00edticas Integrales sobre Drogas de la Naci\u00f3n Argentina (Sedronar), Gabriela Torres. La secretaria de Pol\u00edticas Integrales sobre Drogas de la Naci\u00f3n Argentina (Sedronar), Gabriela Torres, dijo este mi\u00e9rcoles que desde diciembre [&hellip;]\" \/>\n<meta property=\"og:url\" content=\"https:\/\/cvinoticias.com\/v3\/los-lugares-de-atencion-de-sedronar-crecieron-120-desde-diciembre-de-2019\/\" \/>\n<meta property=\"og:site_name\" content=\"CVI NOTICIAS\" \/>\n<meta property=\"article:publisher\" content=\"https:\/\/www.facebook.com\/cvinoticias\" \/>\n<meta property=\"article:published_time\" content=\"2023-08-17T11:57:21+00:00\" \/>\n<meta property=\"og:image\" content=\"https:\/\/cvinoticias.com\/wp-content\/uploads\/2023\/08\/64dd65310fdcd639204894.jpg\" \/>\n\t<meta property=\"og:image:width\" content=\"887\" \/>\n\t<meta property=\"og:image:height\" content=\"554\" \/>\n\t<meta property=\"og:image:type\" content=\"image\/jpeg\" \/>\n<meta name=\"author\" content=\"f1000024\" \/>\n<meta name=\"twitter:card\" content=\"summary_large_image\" \/>\n<meta name=\"twitter:label1\" content=\"Escrito por\" \/>\n\t<meta name=\"twitter:data1\" content=\"f1000024\" \/>\n\t<meta name=\"twitter:label2\" content=\"Tiempo de lectura\" \/>\n\t<meta name=\"twitter:data2\" content=\"2 minutos\" \/>\n<script type=\"application\/ld+json\" class=\"yoast-schema-graph\">{\"@context\":\"https:\\\/\\\/schema.org\",\"@graph\":[{\"@type\":\"Article\",\"@id\":\"https:\\\/\\\/cvinoticias.com\\\/v3\\\/los-lugares-de-atencion-de-sedronar-crecieron-120-desde-diciembre-de-2019\\\/#article\",\"isPartOf\":{\"@id\":\"https:\\\/\\\/cvinoticias.com\\\/v3\\\/los-lugares-de-atencion-de-sedronar-crecieron-120-desde-diciembre-de-2019\\\/\"},\"author\":{\"name\":\"f1000024\",\"@id\":\"https:\\\/\\\/cvinoticias.com\\\/v3\\\/#\\\/schema\\\/person\\\/2db77e3c6bc03c538495d7b2b8be9b66\"},\"headline\":\"Los lugares de atenci\u00f3n de Sedronar crecieron 120% desde diciembre de 2019\",\"datePublished\":\"2023-08-17T11:57:21+00:00\",\"mainEntityOfPage\":{\"@id\":\"https:\\\/\\\/cvinoticias.com\\\/v3\\\/los-lugares-de-atencion-de-sedronar-crecieron-120-desde-diciembre-de-2019\\\/\"},\"wordCount\":412,\"commentCount\":0,\"publisher\":{\"@id\":\"https:\\\/\\\/cvinoticias.com\\\/v3\\\/#organization\"},\"image\":{\"@id\":\"https:\\\/\\\/cvinoticias.com\\\/v3\\\/los-lugares-de-atencion-de-sedronar-crecieron-120-desde-diciembre-de-2019\\\/#primaryimage\"},\"thumbnailUrl\":\"https:\\\/\\\/cvinoticias.com\\\/wp-content\\\/uploads\\\/2023\\\/08\\\/64dd65310fdcd639204894.jpg\",\"articleSection\":[\"Informaci\u00f3n General\"],\"inLanguage\":\"es\",\"potentialAction\":[{\"@type\":\"CommentAction\",\"name\":\"Comment\",\"target\":[\"https:\\\/\\\/cvinoticias.com\\\/v3\\\/los-lugares-de-atencion-de-sedronar-crecieron-120-desde-diciembre-de-2019\\\/#respond\"]}]},{\"@type\":\"WebPage\",\"@id\":\"https:\\\/\\\/cvinoticias.com\\\/v3\\\/los-lugares-de-atencion-de-sedronar-crecieron-120-desde-diciembre-de-2019\\\/\",\"url\":\"https:\\\/\\\/cvinoticias.com\\\/v3\\\/los-lugares-de-atencion-de-sedronar-crecieron-120-desde-diciembre-de-2019\\\/\",\"name\":\"Los lugares de atenci\u00f3n de Sedronar crecieron 120% desde diciembre de 2019 | CVI NOTICIAS\",\"isPartOf\":{\"@id\":\"https:\\\/\\\/cvinoticias.com\\\/v3\\\/#website\"},\"primaryImageOfPage\":{\"@id\":\"https:\\\/\\\/cvinoticias.com\\\/v3\\\/los-lugares-de-atencion-de-sedronar-crecieron-120-desde-diciembre-de-2019\\\/#primaryimage\"},\"image\":{\"@id\":\"https:\\\/\\\/cvinoticias.com\\\/v3\\\/los-lugares-de-atencion-de-sedronar-crecieron-120-desde-diciembre-de-2019\\\/#primaryimage\"},\"thumbnailUrl\":\"https:\\\/\\\/cvinoticias.com\\\/wp-content\\\/uploads\\\/2023\\\/08\\\/64dd65310fdcd639204894.jpg\",\"datePublished\":\"2023-08-17T11:57:21+00:00\",\"breadcrumb\":{\"@id\":\"https:\\\/\\\/cvinoticias.com\\\/v3\\\/los-lugares-de-atencion-de-sedronar-crecieron-120-desde-diciembre-de-2019\\\/#breadcrumb\"},\"inLanguage\":\"es\",\"potentialAction\":[{\"@type\":\"ReadAction\",\"target\":[\"https:\\\/\\\/cvinoticias.com\\\/v3\\\/los-lugares-de-atencion-de-sedronar-crecieron-120-desde-diciembre-de-2019\\\/\"]}]},{\"@type\":\"ImageObject\",\"inLanguage\":\"es\",\"@id\":\"https:\\\/\\\/cvinoticias.com\\\/v3\\\/los-lugares-de-atencion-de-sedronar-crecieron-120-desde-diciembre-de-2019\\\/#primaryimage\",\"url\":\"https:\\\/\\\/cvinoticias.com\\\/wp-content\\\/uploads\\\/2023\\\/08\\\/64dd65310fdcd639204894.jpg\",\"contentUrl\":\"https:\\\/\\\/cvinoticias.com\\\/wp-content\\\/uploads\\\/2023\\\/08\\\/64dd65310fdcd639204894.jpg\",\"width\":887,\"height\":554},{\"@type\":\"BreadcrumbList\",\"@id\":\"https:\\\/\\\/cvinoticias.com\\\/v3\\\/los-lugares-de-atencion-de-sedronar-crecieron-120-desde-diciembre-de-2019\\\/#breadcrumb\",\"itemListElement\":[{\"@type\":\"ListItem\",\"position\":1,\"name\":\"Portada\",\"item\":\"https:\\\/\\\/cvinoticias.com\\\/v3\\\/\"},{\"@type\":\"ListItem\",\"position\":2,\"name\":\"Los lugares de atenci\u00f3n de Sedronar crecieron 120% desde diciembre de 2019\"}]},{\"@type\":\"WebSite\",\"@id\":\"https:\\\/\\\/cvinoticias.com\\\/v3\\\/#website\",\"url\":\"https:\\\/\\\/cvinoticias.com\\\/v3\\\/\",\"name\":\"CVI NOTICIAS\",\"description\":\"\",\"publisher\":{\"@id\":\"https:\\\/\\\/cvinoticias.com\\\/v3\\\/#organization\"},\"alternateName\":\"CVI\",\"potentialAction\":[{\"@type\":\"SearchAction\",\"target\":{\"@type\":\"EntryPoint\",\"urlTemplate\":\"https:\\\/\\\/cvinoticias.com\\\/v3\\\/?s={search_term_string}\"},\"query-input\":{\"@type\":\"PropertyValueSpecification\",\"valueRequired\":true,\"valueName\":\"search_term_string\"}}],\"inLanguage\":\"es\"},{\"@type\":\"Organization\",\"@id\":\"https:\\\/\\\/cvinoticias.com\\\/v3\\\/#organization\",\"name\":\"CVI NOTICIAS\",\"url\":\"https:\\\/\\\/cvinoticias.com\\\/v3\\\/\",\"logo\":{\"@type\":\"ImageObject\",\"inLanguage\":\"es\",\"@id\":\"https:\\\/\\\/cvinoticias.com\\\/v3\\\/#\\\/schema\\\/logo\\\/image\\\/\",\"url\":\"https:\\\/\\\/cvinoticias.com\\\/wp-content\\\/uploads\\\/2023\\\/04\\\/cropped-cropped-cropped-cropped-cropped-3-1.png\",\"contentUrl\":\"https:\\\/\\\/cvinoticias.com\\\/wp-content\\\/uploads\\\/2023\\\/04\\\/cropped-cropped-cropped-cropped-cropped-3-1.png\",\"width\":95,\"height\":122,\"caption\":\"CVI NOTICIAS\"},\"image\":{\"@id\":\"https:\\\/\\\/cvinoticias.com\\\/v3\\\/#\\\/schema\\\/logo\\\/image\\\/\"},\"sameAs\":[\"https:\\\/\\\/www.facebook.com\\\/cvinoticias\",\"https:\\\/\\\/www.instagram.com\\\/cvinoticias\\\/\",\"https:\\\/\\\/www.youtube.com\\\/@CVINOTICIAS\"]},{\"@type\":\"Person\",\"@id\":\"https:\\\/\\\/cvinoticias.com\\\/v3\\\/#\\\/schema\\\/person\\\/2db77e3c6bc03c538495d7b2b8be9b66\",\"name\":\"f1000024\",\"image\":{\"@type\":\"ImageObject\",\"inLanguage\":\"es\",\"@id\":\"https:\\\/\\\/secure.gravatar.com\\\/avatar\\\/d4fe7459cfc51ff5129ce1a732bbef5928568b8092d412ef95611616376bbeed?s=96&d=mm&r=g\",\"url\":\"https:\\\/\\\/secure.gravatar.com\\\/avatar\\\/d4fe7459cfc51ff5129ce1a732bbef5928568b8092d412ef95611616376bbeed?s=96&d=mm&r=g\",\"contentUrl\":\"https:\\\/\\\/secure.gravatar.com\\\/avatar\\\/d4fe7459cfc51ff5129ce1a732bbef5928568b8092d412ef95611616376bbeed?s=96&d=mm&r=g\",\"caption\":\"f1000024\"},\"url\":\"https:\\\/\\\/cvinoticias.com\\\/v3\\\/author\\\/f1000024\\\/\"}]}<\/script>\n<!-- \/ Yoast SEO plugin. -->","yoast_head_json":{"title":"Los lugares de atenci\u00f3n de Sedronar crecieron 120% desde diciembre de 2019 | CVI NOTICIAS","robots":{"index":"index","follow":"follow","max-snippet":"max-snippet:-1","max-image-preview":"max-image-preview:large","max-video-preview":"max-video-preview:-1"},"canonical":"https:\/\/cvinoticias.com\/v3\/los-lugares-de-atencion-de-sedronar-crecieron-120-desde-diciembre-de-2019\/","og_locale":"es_ES","og_type":"article","og_title":"Los lugares de atenci\u00f3n de Sedronar crecieron 120% desde diciembre de 2019 | CVI NOTICIAS","og_description":"\u00abDesde que comenzamos esta gesti\u00f3n en diciembre de 2019 en adelante, crecimos el 120% en lugares de atenci\u00f3n en Sedronar\u00bb, detall\u00f3 la secretaria de Pol\u00edticas Integrales sobre Drogas de la Naci\u00f3n Argentina (Sedronar), Gabriela Torres. La secretaria de Pol\u00edticas Integrales sobre Drogas de la Naci\u00f3n Argentina (Sedronar), Gabriela Torres, dijo este mi\u00e9rcoles que desde diciembre [&hellip;]","og_url":"https:\/\/cvinoticias.com\/v3\/los-lugares-de-atencion-de-sedronar-crecieron-120-desde-diciembre-de-2019\/","og_site_name":"CVI NOTICIAS","article_publisher":"https:\/\/www.facebook.com\/cvinoticias","article_published_time":"2023-08-17T11:57:21+00:00","og_image":[{"width":887,"height":554,"url":"https:\/\/cvinoticias.com\/wp-content\/uploads\/2023\/08\/64dd65310fdcd639204894.jpg","type":"image\/jpeg"}],"author":"f1000024","twitter_card":"summary_large_image","twitter_misc":{"Escrito por":"f1000024","Tiempo de lectura":"2 minutos"},"schema":{"@context":"https:\/\/schema.org","@graph":[{"@type":"Article","@id":"https:\/\/cvinoticias.com\/v3\/los-lugares-de-atencion-de-sedronar-crecieron-120-desde-diciembre-de-2019\/#article","isPartOf":{"@id":"https:\/\/cvinoticias.com\/v3\/los-lugares-de-atencion-de-sedronar-crecieron-120-desde-diciembre-de-2019\/"},"author":{"name":"f1000024","@id":"https:\/\/cvinoticias.com\/v3\/#\/schema\/person\/2db77e3c6bc03c538495d7b2b8be9b66"},"headline":"Los lugares de atenci\u00f3n de Sedronar crecieron 120% desde diciembre de 2019","datePublished":"2023-08-17T11:57:21+00:00","mainEntityOfPage":{"@id":"https:\/\/cvinoticias.com\/v3\/los-lugares-de-atencion-de-sedronar-crecieron-120-desde-diciembre-de-2019\/"},"wordCount":412,"commentCount":0,"publisher":{"@id":"https:\/\/cvinoticias.com\/v3\/#organization"},"image":{"@id":"https:\/\/cvinoticias.com\/v3\/los-lugares-de-atencion-de-sedronar-crecieron-120-desde-diciembre-de-2019\/#primaryimage"},"thumbnailUrl":"https:\/\/cvinoticias.com\/wp-content\/uploads\/2023\/08\/64dd65310fdcd639204894.jpg","articleSection":["Informaci\u00f3n General"],"inLanguage":"es","potentialAction":[{"@type":"CommentAction","name":"Comment","target":["https:\/\/cvinoticias.com\/v3\/los-lugares-de-atencion-de-sedronar-crecieron-120-desde-diciembre-de-2019\/#respond"]}]},{"@type":"WebPage","@id":"https:\/\/cvinoticias.com\/v3\/los-lugares-de-atencion-de-sedronar-crecieron-120-desde-diciembre-de-2019\/","url":"https:\/\/cvinoticias.com\/v3\/los-lugares-de-atencion-de-sedronar-crecieron-120-desde-diciembre-de-2019\/","name":"Los lugares de atenci\u00f3n de Sedronar crecieron 120% desde diciembre de 2019 | CVI NOTICIAS","isPartOf":{"@id":"https:\/\/cvinoticias.com\/v3\/#website"},"primaryImageOfPage":{"@id":"https:\/\/cvinoticias.com\/v3\/los-lugares-de-atencion-de-sedronar-crecieron-120-desde-diciembre-de-2019\/#primaryimage"},"image":{"@id":"https:\/\/cvinoticias.com\/v3\/los-lugares-de-atencion-de-sedronar-crecieron-120-desde-diciembre-de-2019\/#primaryimage"},"thumbnailUrl":"https:\/\/cvinoticias.com\/wp-content\/uploads\/2023\/08\/64dd65310fdcd639204894.jpg","datePublished":"2023-08-17T11:57:21+00:00","breadcrumb":{"@id":"https:\/\/cvinoticias.com\/v3\/los-lugares-de-atencion-de-sedronar-crecieron-120-desde-diciembre-de-2019\/#breadcrumb"},"inLanguage":"es","potentialAction":[{"@type":"ReadAction","target":["https:\/\/cvinoticias.com\/v3\/los-lugares-de-atencion-de-sedronar-crecieron-120-desde-diciembre-de-2019\/"]}]},{"@type":"ImageObject","inLanguage":"es","@id":"https:\/\/cvinoticias.com\/v3\/los-lugares-de-atencion-de-sedronar-crecieron-120-desde-diciembre-de-2019\/#primaryimage","url":"https:\/\/cvinoticias.com\/wp-content\/uploads\/2023\/08\/64dd65310fdcd639204894.jpg","contentUrl":"https:\/\/cvinoticias.com\/wp-content\/uploads\/2023\/08\/64dd65310fdcd639204894.jpg","width":887,"height":554},{"@type":"BreadcrumbList","@id":"https:\/\/cvinoticias.com\/v3\/los-lugares-de-atencion-de-sedronar-crecieron-120-desde-diciembre-de-2019\/#breadcrumb","itemListElement":[{"@type":"ListItem","position":1,"name":"Portada","item":"https:\/\/cvinoticias.com\/v3\/"},{"@type":"ListItem","position":2,"name":"Los lugares de atenci\u00f3n de Sedronar crecieron 120% desde diciembre de 2019"}]},{"@type":"WebSite","@id":"https:\/\/cvinoticias.com\/v3\/#website","url":"https:\/\/cvinoticias.com\/v3\/","name":"CVI NOTICIAS","description":"","publisher":{"@id":"https:\/\/cvinoticias.com\/v3\/#organization"},"alternateName":"CVI","potentialAction":[{"@type":"SearchAction","target":{"@type":"EntryPoint","urlTemplate":"https:\/\/cvinoticias.com\/v3\/?s={search_term_string}"},"query-input":{"@type":"PropertyValueSpecification","valueRequired":true,"valueName":"search_term_string"}}],"inLanguage":"es"},{"@type":"Organization","@id":"https:\/\/cvinoticias.com\/v3\/#organization","name":"CVI NOTICIAS","url":"https:\/\/cvinoticias.com\/v3\/","logo":{"@type":"ImageObject","inLanguage":"es","@id":"https:\/\/cvinoticias.com\/v3\/#\/schema\/logo\/image\/","url":"https:\/\/cvinoticias.com\/wp-content\/uploads\/2023\/04\/cropped-cropped-cropped-cropped-cropped-3-1.png","contentUrl":"https:\/\/cvinoticias.com\/wp-content\/uploads\/2023\/04\/cropped-cropped-cropped-cropped-cropped-3-1.png","width":95,"height":122,"caption":"CVI NOTICIAS"},"image":{"@id":"https:\/\/cvinoticias.com\/v3\/#\/schema\/logo\/image\/"},"sameAs":["https:\/\/www.facebook.com\/cvinoticias","https:\/\/www.instagram.com\/cvinoticias\/","https:\/\/www.youtube.com\/@CVINOTICIAS"]},{"@type":"Person","@id":"https:\/\/cvinoticias.com\/v3\/#\/schema\/person\/2db77e3c6bc03c538495d7b2b8be9b66","name":"f1000024","image":{"@type":"ImageObject","inLanguage":"es","@id":"https:\/\/secure.gravatar.com\/avatar\/d4fe7459cfc51ff5129ce1a732bbef5928568b8092d412ef95611616376bbeed?s=96&d=mm&r=g","url":"https:\/\/secure.gravatar.com\/avatar\/d4fe7459cfc51ff5129ce1a732bbef5928568b8092d412ef95611616376bbeed?s=96&d=mm&r=g","contentUrl":"https:\/\/secure.gravatar.com\/avatar\/d4fe7459cfc51ff5129ce1a732bbef5928568b8092d412ef95611616376bbeed?s=96&d=mm&r=g","caption":"f1000024"},"url":"https:\/\/cvinoticias.com\/v3\/author\/f1000024\/"}]}},"_links":{"self":[{"href":"https:\/\/cvinoticias.com\/v3\/wp-json\/wp\/v2\/posts\/27202","targetHints":{"allow":["GET"]}}],"collection":[{"href":"https:\/\/cvinoticias.com\/v3\/wp-json\/wp\/v2\/posts"}],"about":[{"href":"https:\/\/cvinoticias.com\/v3\/wp-json\/wp\/v2\/types\/post"}],"author":[{"embeddable":true,"href":"https:\/\/cvinoticias.com\/v3\/wp-json\/wp\/v2\/users\/2"}],"replies":[{"embeddable":true,"href":"https:\/\/cvinoticias.com\/v3\/wp-json\/wp\/v2\/comments?post=27202"}],"version-history":[{"count":1,"href":"https:\/\/cvinoticias.com\/v3\/wp-json\/wp\/v2\/posts\/27202\/revisions"}],"predecessor-version":[{"id":27204,"href":"https:\/\/cvinoticias.com\/v3\/wp-json\/wp\/v2\/posts\/27202\/revisions\/27204"}],"wp:featuredmedia":[{"embeddable":true,"href":"https:\/\/cvinoticias.com\/v3\/wp-json\/wp\/v2\/media\/27203"}],"wp:attachment":[{"href":"https:\/\/cvinoticias.com\/v3\/wp-json\/wp\/v2\/media?parent=27202"}],"wp:term":[{"taxonomy":"category","embeddable":true,"href":"https:\/\/cvinoticias.com\/v3\/wp-json\/wp\/v2\/categories?post=27202"},{"taxonomy":"post_tag","embeddable":true,"href":"https:\/\/cvinoticias.com\/v3\/wp-json\/wp\/v2\/tags?post=27202"}],"curies":[{"name":"wp","href":"https:\/\/api.w.org\/{rel}","templated":true}]}}