{"id":27188,"date":"2023-08-16T20:57:42","date_gmt":"2023-08-16T20:57:42","guid":{"rendered":"https:\/\/cvinoticias.com\/v3\/?p=27188"},"modified":"2023-08-16T20:57:42","modified_gmt":"2023-08-16T20:57:42","slug":"cosspra-exitosa-jornada-en-iguazu-sobre-enfermedades-cronicas-no-transmisibles","status":"publish","type":"post","link":"https:\/\/cvinoticias.com\/v3\/cosspra-exitosa-jornada-en-iguazu-sobre-enfermedades-cronicas-no-transmisibles\/","title":{"rendered":"COSSPRA: Exitosa jornada en Iguaz\u00fa sobre Enfermedades Cr\u00f3nicas No Transmisibles"},"content":{"rendered":"\n<p><strong><em>Con la presencia de referentes del INCUCAI y del Ministerio de Salud de la Naci\u00f3n, la Escuela de Gobierno del COSSPRA, de la mano de su coordinador Mart\u00edn Baccaro y de la referente de Calidad de la organizaci\u00f3n, Milagro Rold\u00e1n, llev\u00f3 a cabo este Taller que convoc\u00f3 a los equipos t\u00e9cnicos de 19 obras sociales provinciales<\/em><\/strong>.<\/p>\n\n\n\n<p>Baccaro abri\u00f3 el encuentro dando la bienvenida a los presentes y cont\u00f3 la din\u00e1mica que tendr\u00eda el Taller de Enfermedades Cr\u00f3nicas No Transmisibles (ECNT). Luego present\u00f3 al Dr. Guillermo Rosa Diez, asesor del INCUCAI, y primer disertante del d\u00eda.<\/p>\n\n\n\n<p>Rosa Diez habl\u00f3 sobre \u201cPrevenci\u00f3n de la Enfermedad Renal y Di\u00e1lisis\u201d. Cont\u00f3 que en Argentina en 2020, la prevalencia es de 1 cada 8 personas. El 12,7% de los argentinos tiene un grado de enfermedad renal cr\u00f3nica y profundiz\u00f3 en las causas que llevan a un paciente a di\u00e1lisis: diabetes e hipertensi\u00f3n; mientras que la tercera causa no est\u00e1 diagnosticada. El profesional defini\u00f3 a la Enfermedad Renal Cr\u00f3nica (ERC) como la presencia de anormalidades en la estructura o funci\u00f3n renal que persisten por al menos 3 meses y cont\u00f3 sobre un estudio que demuestra que los pacientes de menores ingresos tienen m\u00e1s riesgos de Enfermedad Renal.<\/p>\n\n\n\n<figure class=\"wp-block-image size-large\"><a href=\"https:\/\/cvinoticias.com\/wp-content\/uploads\/2023\/08\/IMG-20230816-WA0022.jpg\"><img decoding=\"async\" width=\"1024\" height=\"768\" data-src=\"https:\/\/cvinoticias.com\/wp-content\/uploads\/2023\/08\/IMG-20230816-WA0022-1024x768.jpg\" alt=\"\" class=\"wp-image-27190 lazyload\" data-srcset=\"https:\/\/cvinoticias.com\/wp-content\/uploads\/2023\/08\/IMG-20230816-WA0022-1024x768.jpg 1024w, https:\/\/cvinoticias.com\/wp-content\/uploads\/2023\/08\/IMG-20230816-WA0022-300x225.jpg 300w, https:\/\/cvinoticias.com\/wp-content\/uploads\/2023\/08\/IMG-20230816-WA0022-768x576.jpg 768w, https:\/\/cvinoticias.com\/wp-content\/uploads\/2023\/08\/IMG-20230816-WA0022-1536x1152.jpg 1536w, https:\/\/cvinoticias.com\/wp-content\/uploads\/2023\/08\/IMG-20230816-WA0022.jpg 1600w\" data-sizes=\"(max-width: 1024px) 100vw, 1024px\" src=\"data:image\/svg+xml;base64,PHN2ZyB3aWR0aD0iMSIgaGVpZ2h0PSIxIiB4bWxucz0iaHR0cDovL3d3dy53My5vcmcvMjAwMC9zdmciPjwvc3ZnPg==\" style=\"--smush-placeholder-width: 1024px; --smush-placeholder-aspect-ratio: 1024\/768;\" \/><\/a><\/figure>\n\n\n\n<p>V\u00eda zoom, los doctores Nicol\u00e1s Haeberer e Hilario Bielsa expusieron el \u201cPlan de Abordaje Integral de ENT, Estrategias Hearts\u201d. Mostraron por qu\u00e9 deber\u00edamos dejar de hacer el abordaje por enfermedad. \u201cLo que empezamos a pensar es, estrat\u00e9gicamente y en materia de costo beneficio, cu\u00e1l es la punta de lanza. Como estrategia creemos que lo mejor es comenzar por la hipertensi\u00f3n\u201d, se\u00f1alaron.<\/p>\n\n\n\n<p>Explicaron la Estrategia Nacional de Entornos Saludables y el Plan de Abordaje Integral de Enfermedades no Transmisibles, para finalmente explicar de qu\u00e9 se trata la estrategia Hearts, que tiene como objetivo disminuir el impacto de las HTA en la morbi mortalidad por enfermedades cardio y cerebrovasculares, entendiendo que su implementaci\u00f3n es en el primer nivel de atenci\u00f3n. Ubicaron a las Obras Sociales Provinciales como aliadas estrat\u00e9gicas.<\/p>\n\n\n\n<p>Los especialistas graficaron la brecha que existe entre las personas que tienen cobertura p\u00fablica exclusiva y las que tienen otro seguro de salud. Hablaron de los PBS como vectores de integraci\u00f3n para decidir qu\u00e9 se prioriza y qui\u00e9nes lo necesitan para maximizar los resultados de salud con los recursos disponibles. Mostraron 5 problem\u00e1ticas del PMO<\/p>\n\n\n\n<p>M\u00e1s tarde, la Dra. Liliana Bisigniano, directora Cient\u00edfica T\u00e9cnica del INCUCAI disert\u00f3 sobre los \u201cResultados del Trasplante Renal en Argentina 2006 \u2013 2022. Informe 2023\u201d.<\/p>\n\n\n\n<p>La especialista destac\u00f3 que el trasplante es la mejor opci\u00f3n de tratamiento, desde el punto de vista terap\u00e9utico. Del total de los pacientes que est\u00e1n en di\u00e1lisis actualmente, un porcentaje mayor deber\u00eda estar en lista de espera. Tambi\u00e9n habl\u00f3 de la sobrevida postrasplante, comparada con la sobrevida de los pacientes en di\u00e1lisis, y de los muy buenos resultados obtenidos. Bisigniano mostr\u00f3 el costo anual de las Obras Sociales Provinciales en relaci\u00f3n al total de pacientes en di\u00e1lisis versus el costo del m\u00f3dulo anual de trasplante renal por paciente.<\/p>\n\n\n\n<p>Esta charla fue la \u00faltima de la ma\u00f1ana, y como balance Baccaro present\u00f3 el desaf\u00edo de que, en un a\u00f1o, los equipos t\u00e9cnicos midan los resultados. Tambi\u00e9n agradeci\u00f3 a Carlos Soratti, director del INCUCAI por propiciar la participaci\u00f3n de sus especialistas en la jornada. \u201cLa idea es que en el taller podamos aplicar las charlas de la ma\u00f1ana desde la perspectiva del financiador, motivarlo para que concrete esto en la pr\u00e1ctica diaria y se mejore la vida de las personas, que es en definitiva lo que buscamos\u201d, destac\u00f3 el referente de la Escuela de Gobierno.<\/p>\n\n\n\n<p>Por su parte, Fernando Avellaneda, presidente del COSSPRA e interventor del IPSS Tucum\u00e1n, cont\u00f3 a los equipos t\u00e9cnicos de las OSP el objetivo que el COSSPRA persigue con los encuentros que viene llevando a cabo, en general, y en este caso en particular.<\/p>\n\n\n\n<p>\u201cEl desaf\u00edo, como dijo hoy el gobernador Herrera Ahuad, es saber cu\u00e1les son los resultados de nuestros programas en materia de ECNT, tener una estad\u00edstica de la sobrevida que generan y poder compararla con la media provincial y nacional. Buscar estos datos es el objetivo. Parte de la eficiencia es buscar programas que tengan una adecuada pesquisa y en claro a qu\u00e9 poblaci\u00f3n seleccionada se aplicar\u00e1. Los resultados no los vamos a ver pronto, pero s\u00ed tenemos que poder ver cu\u00e1nto se adecu\u00f3 cada obra social a las diez recomendaciones principales que hicimos en cada Taller y qu\u00e9 impacto tuvo\u201d, destac\u00f3 el referente nacional.<\/p>\n\n\n\n<p>Luego del receso del mediod\u00eda, los equipos t\u00e9cnicos debatieron sobre los consensos a alcanzar. Al respecto y luego de escuchar el debate, Rold\u00e1n, destac\u00f3: \u201cComo obras sociales nos est\u00e1 faltando la voz del pacientes, ya sea a trav\u00e9s de entrevistas o encuestas que nos devuelvan un resultado relacionado con la efectividad o el impacto de nuestros programas\u201d.<\/p>\n\n\n\n<p>Baccaro, cerr\u00f3 la jornada agradeciendo el compromiso de los participantes: \u201cTodos los que estamos ac\u00e1 creemos en el sistema solidario de salud y para defenderlo tenemos que seguir trabajando, siendo cada vez m\u00e1s eficiente y proveyendo acceso a las y los afiliados, cada vez, a mejores tratamientos\u201d.<\/p>\n","protected":false},"excerpt":{"rendered":"<p>Con la presencia de referentes del INCUCAI y del Ministerio de Salud de la Naci\u00f3n, la Escuela de Gobierno del COSSPRA, de la mano de su coordinador Mart\u00edn Baccaro y de la referente de Calidad de la organizaci\u00f3n, Milagro Rold\u00e1n, llev\u00f3 a cabo este Taller que convoc\u00f3 a los equipos t\u00e9cnicos de 19 obras sociales [&hellip;]<\/p>\n","protected":false},"author":2,"featured_media":27189,"comment_status":"open","ping_status":"open","sticky":false,"template":"","format":"standard","meta":{"footnotes":""},"categories":[22],"tags":[],"class_list":["post-27188","post","type-post","status-publish","format-standard","has-post-thumbnail","hentry","category-salud"],"yoast_head":"<!-- This site is optimized with the Yoast SEO plugin v27.5 - https:\/\/yoast.com\/product\/yoast-seo-wordpress\/ -->\n<title>COSSPRA: Exitosa jornada en Iguaz\u00fa sobre Enfermedades Cr\u00f3nicas No Transmisibles | CVI NOTICIAS<\/title>\n<meta name=\"robots\" content=\"index, follow, max-snippet:-1, max-image-preview:large, max-video-preview:-1\" \/>\n<link rel=\"canonical\" href=\"https:\/\/cvinoticias.com\/v3\/cosspra-exitosa-jornada-en-iguazu-sobre-enfermedades-cronicas-no-transmisibles\/\" \/>\n<meta property=\"og:locale\" content=\"es_ES\" \/>\n<meta property=\"og:type\" content=\"article\" \/>\n<meta property=\"og:title\" content=\"COSSPRA: Exitosa jornada en Iguaz\u00fa sobre Enfermedades Cr\u00f3nicas No Transmisibles | CVI NOTICIAS\" \/>\n<meta property=\"og:description\" content=\"Con la presencia de referentes del INCUCAI y del Ministerio de Salud de la Naci\u00f3n, la Escuela de Gobierno del COSSPRA, de la mano de su coordinador Mart\u00edn Baccaro y de la referente de Calidad de la organizaci\u00f3n, Milagro Rold\u00e1n, llev\u00f3 a cabo este Taller que convoc\u00f3 a los equipos t\u00e9cnicos de 19 obras sociales [&hellip;]\" \/>\n<meta property=\"og:url\" content=\"https:\/\/cvinoticias.com\/v3\/cosspra-exitosa-jornada-en-iguazu-sobre-enfermedades-cronicas-no-transmisibles\/\" \/>\n<meta property=\"og:site_name\" content=\"CVI NOTICIAS\" \/>\n<meta property=\"article:publisher\" content=\"https:\/\/www.facebook.com\/cvinoticias\" \/>\n<meta property=\"article:published_time\" content=\"2023-08-16T20:57:42+00:00\" \/>\n<meta property=\"og:image\" content=\"https:\/\/cvinoticias.com\/wp-content\/uploads\/2023\/08\/WhatsApp-Image-2023-08-16-at-15.28.04-1024x768-1.jpeg\" \/>\n\t<meta property=\"og:image:width\" content=\"1024\" \/>\n\t<meta property=\"og:image:height\" content=\"768\" \/>\n\t<meta property=\"og:image:type\" content=\"image\/jpeg\" \/>\n<meta name=\"author\" content=\"f1000024\" \/>\n<meta name=\"twitter:card\" content=\"summary_large_image\" \/>\n<meta name=\"twitter:label1\" content=\"Escrito por\" \/>\n\t<meta name=\"twitter:data1\" content=\"f1000024\" \/>\n\t<meta name=\"twitter:label2\" content=\"Tiempo de lectura\" \/>\n\t<meta name=\"twitter:data2\" content=\"4 minutos\" \/>\n<script type=\"application\/ld+json\" class=\"yoast-schema-graph\">{\"@context\":\"https:\\\/\\\/schema.org\",\"@graph\":[{\"@type\":\"Article\",\"@id\":\"https:\\\/\\\/cvinoticias.com\\\/v3\\\/cosspra-exitosa-jornada-en-iguazu-sobre-enfermedades-cronicas-no-transmisibles\\\/#article\",\"isPartOf\":{\"@id\":\"https:\\\/\\\/cvinoticias.com\\\/v3\\\/cosspra-exitosa-jornada-en-iguazu-sobre-enfermedades-cronicas-no-transmisibles\\\/\"},\"author\":{\"name\":\"f1000024\",\"@id\":\"https:\\\/\\\/cvinoticias.com\\\/v3\\\/#\\\/schema\\\/person\\\/2db77e3c6bc03c538495d7b2b8be9b66\"},\"headline\":\"COSSPRA: Exitosa jornada en Iguaz\u00fa sobre Enfermedades Cr\u00f3nicas No Transmisibles\",\"datePublished\":\"2023-08-16T20:57:42+00:00\",\"mainEntityOfPage\":{\"@id\":\"https:\\\/\\\/cvinoticias.com\\\/v3\\\/cosspra-exitosa-jornada-en-iguazu-sobre-enfermedades-cronicas-no-transmisibles\\\/\"},\"wordCount\":906,\"commentCount\":0,\"publisher\":{\"@id\":\"https:\\\/\\\/cvinoticias.com\\\/v3\\\/#organization\"},\"image\":{\"@id\":\"https:\\\/\\\/cvinoticias.com\\\/v3\\\/cosspra-exitosa-jornada-en-iguazu-sobre-enfermedades-cronicas-no-transmisibles\\\/#primaryimage\"},\"thumbnailUrl\":\"https:\\\/\\\/cvinoticias.com\\\/wp-content\\\/uploads\\\/2023\\\/08\\\/WhatsApp-Image-2023-08-16-at-15.28.04-1024x768-1.jpeg\",\"articleSection\":[\"Salud\"],\"inLanguage\":\"es\",\"potentialAction\":[{\"@type\":\"CommentAction\",\"name\":\"Comment\",\"target\":[\"https:\\\/\\\/cvinoticias.com\\\/v3\\\/cosspra-exitosa-jornada-en-iguazu-sobre-enfermedades-cronicas-no-transmisibles\\\/#respond\"]}]},{\"@type\":\"WebPage\",\"@id\":\"https:\\\/\\\/cvinoticias.com\\\/v3\\\/cosspra-exitosa-jornada-en-iguazu-sobre-enfermedades-cronicas-no-transmisibles\\\/\",\"url\":\"https:\\\/\\\/cvinoticias.com\\\/v3\\\/cosspra-exitosa-jornada-en-iguazu-sobre-enfermedades-cronicas-no-transmisibles\\\/\",\"name\":\"COSSPRA: Exitosa jornada en Iguaz\u00fa sobre Enfermedades Cr\u00f3nicas No Transmisibles | CVI NOTICIAS\",\"isPartOf\":{\"@id\":\"https:\\\/\\\/cvinoticias.com\\\/v3\\\/#website\"},\"primaryImageOfPage\":{\"@id\":\"https:\\\/\\\/cvinoticias.com\\\/v3\\\/cosspra-exitosa-jornada-en-iguazu-sobre-enfermedades-cronicas-no-transmisibles\\\/#primaryimage\"},\"image\":{\"@id\":\"https:\\\/\\\/cvinoticias.com\\\/v3\\\/cosspra-exitosa-jornada-en-iguazu-sobre-enfermedades-cronicas-no-transmisibles\\\/#primaryimage\"},\"thumbnailUrl\":\"https:\\\/\\\/cvinoticias.com\\\/wp-content\\\/uploads\\\/2023\\\/08\\\/WhatsApp-Image-2023-08-16-at-15.28.04-1024x768-1.jpeg\",\"datePublished\":\"2023-08-16T20:57:42+00:00\",\"breadcrumb\":{\"@id\":\"https:\\\/\\\/cvinoticias.com\\\/v3\\\/cosspra-exitosa-jornada-en-iguazu-sobre-enfermedades-cronicas-no-transmisibles\\\/#breadcrumb\"},\"inLanguage\":\"es\",\"potentialAction\":[{\"@type\":\"ReadAction\",\"target\":[\"https:\\\/\\\/cvinoticias.com\\\/v3\\\/cosspra-exitosa-jornada-en-iguazu-sobre-enfermedades-cronicas-no-transmisibles\\\/\"]}]},{\"@type\":\"ImageObject\",\"inLanguage\":\"es\",\"@id\":\"https:\\\/\\\/cvinoticias.com\\\/v3\\\/cosspra-exitosa-jornada-en-iguazu-sobre-enfermedades-cronicas-no-transmisibles\\\/#primaryimage\",\"url\":\"https:\\\/\\\/cvinoticias.com\\\/wp-content\\\/uploads\\\/2023\\\/08\\\/WhatsApp-Image-2023-08-16-at-15.28.04-1024x768-1.jpeg\",\"contentUrl\":\"https:\\\/\\\/cvinoticias.com\\\/wp-content\\\/uploads\\\/2023\\\/08\\\/WhatsApp-Image-2023-08-16-at-15.28.04-1024x768-1.jpeg\",\"width\":1024,\"height\":768},{\"@type\":\"BreadcrumbList\",\"@id\":\"https:\\\/\\\/cvinoticias.com\\\/v3\\\/cosspra-exitosa-jornada-en-iguazu-sobre-enfermedades-cronicas-no-transmisibles\\\/#breadcrumb\",\"itemListElement\":[{\"@type\":\"ListItem\",\"position\":1,\"name\":\"Portada\",\"item\":\"https:\\\/\\\/cvinoticias.com\\\/v3\\\/\"},{\"@type\":\"ListItem\",\"position\":2,\"name\":\"COSSPRA: Exitosa jornada en Iguaz\u00fa sobre Enfermedades Cr\u00f3nicas No Transmisibles\"}]},{\"@type\":\"WebSite\",\"@id\":\"https:\\\/\\\/cvinoticias.com\\\/v3\\\/#website\",\"url\":\"https:\\\/\\\/cvinoticias.com\\\/v3\\\/\",\"name\":\"CVI NOTICIAS\",\"description\":\"\",\"publisher\":{\"@id\":\"https:\\\/\\\/cvinoticias.com\\\/v3\\\/#organization\"},\"alternateName\":\"CVI\",\"potentialAction\":[{\"@type\":\"SearchAction\",\"target\":{\"@type\":\"EntryPoint\",\"urlTemplate\":\"https:\\\/\\\/cvinoticias.com\\\/v3\\\/?s={search_term_string}\"},\"query-input\":{\"@type\":\"PropertyValueSpecification\",\"valueRequired\":true,\"valueName\":\"search_term_string\"}}],\"inLanguage\":\"es\"},{\"@type\":\"Organization\",\"@id\":\"https:\\\/\\\/cvinoticias.com\\\/v3\\\/#organization\",\"name\":\"CVI NOTICIAS\",\"url\":\"https:\\\/\\\/cvinoticias.com\\\/v3\\\/\",\"logo\":{\"@type\":\"ImageObject\",\"inLanguage\":\"es\",\"@id\":\"https:\\\/\\\/cvinoticias.com\\\/v3\\\/#\\\/schema\\\/logo\\\/image\\\/\",\"url\":\"https:\\\/\\\/cvinoticias.com\\\/wp-content\\\/uploads\\\/2023\\\/04\\\/cropped-cropped-cropped-cropped-cropped-3-1.png\",\"contentUrl\":\"https:\\\/\\\/cvinoticias.com\\\/wp-content\\\/uploads\\\/2023\\\/04\\\/cropped-cropped-cropped-cropped-cropped-3-1.png\",\"width\":95,\"height\":122,\"caption\":\"CVI NOTICIAS\"},\"image\":{\"@id\":\"https:\\\/\\\/cvinoticias.com\\\/v3\\\/#\\\/schema\\\/logo\\\/image\\\/\"},\"sameAs\":[\"https:\\\/\\\/www.facebook.com\\\/cvinoticias\",\"https:\\\/\\\/www.instagram.com\\\/cvinoticias\\\/\",\"https:\\\/\\\/www.youtube.com\\\/@CVINOTICIAS\"]},{\"@type\":\"Person\",\"@id\":\"https:\\\/\\\/cvinoticias.com\\\/v3\\\/#\\\/schema\\\/person\\\/2db77e3c6bc03c538495d7b2b8be9b66\",\"name\":\"f1000024\",\"image\":{\"@type\":\"ImageObject\",\"inLanguage\":\"es\",\"@id\":\"https:\\\/\\\/secure.gravatar.com\\\/avatar\\\/d4fe7459cfc51ff5129ce1a732bbef5928568b8092d412ef95611616376bbeed?s=96&d=mm&r=g\",\"url\":\"https:\\\/\\\/secure.gravatar.com\\\/avatar\\\/d4fe7459cfc51ff5129ce1a732bbef5928568b8092d412ef95611616376bbeed?s=96&d=mm&r=g\",\"contentUrl\":\"https:\\\/\\\/secure.gravatar.com\\\/avatar\\\/d4fe7459cfc51ff5129ce1a732bbef5928568b8092d412ef95611616376bbeed?s=96&d=mm&r=g\",\"caption\":\"f1000024\"},\"url\":\"https:\\\/\\\/cvinoticias.com\\\/v3\\\/author\\\/f1000024\\\/\"}]}<\/script>\n<!-- \/ Yoast SEO plugin. -->","yoast_head_json":{"title":"COSSPRA: Exitosa jornada en Iguaz\u00fa sobre Enfermedades Cr\u00f3nicas No Transmisibles | CVI NOTICIAS","robots":{"index":"index","follow":"follow","max-snippet":"max-snippet:-1","max-image-preview":"max-image-preview:large","max-video-preview":"max-video-preview:-1"},"canonical":"https:\/\/cvinoticias.com\/v3\/cosspra-exitosa-jornada-en-iguazu-sobre-enfermedades-cronicas-no-transmisibles\/","og_locale":"es_ES","og_type":"article","og_title":"COSSPRA: Exitosa jornada en Iguaz\u00fa sobre Enfermedades Cr\u00f3nicas No Transmisibles | CVI NOTICIAS","og_description":"Con la presencia de referentes del INCUCAI y del Ministerio de Salud de la Naci\u00f3n, la Escuela de Gobierno del COSSPRA, de la mano de su coordinador Mart\u00edn Baccaro y de la referente de Calidad de la organizaci\u00f3n, Milagro Rold\u00e1n, llev\u00f3 a cabo este Taller que convoc\u00f3 a los equipos t\u00e9cnicos de 19 obras sociales [&hellip;]","og_url":"https:\/\/cvinoticias.com\/v3\/cosspra-exitosa-jornada-en-iguazu-sobre-enfermedades-cronicas-no-transmisibles\/","og_site_name":"CVI NOTICIAS","article_publisher":"https:\/\/www.facebook.com\/cvinoticias","article_published_time":"2023-08-16T20:57:42+00:00","og_image":[{"width":1024,"height":768,"url":"https:\/\/cvinoticias.com\/wp-content\/uploads\/2023\/08\/WhatsApp-Image-2023-08-16-at-15.28.04-1024x768-1.jpeg","type":"image\/jpeg"}],"author":"f1000024","twitter_card":"summary_large_image","twitter_misc":{"Escrito por":"f1000024","Tiempo de lectura":"4 minutos"},"schema":{"@context":"https:\/\/schema.org","@graph":[{"@type":"Article","@id":"https:\/\/cvinoticias.com\/v3\/cosspra-exitosa-jornada-en-iguazu-sobre-enfermedades-cronicas-no-transmisibles\/#article","isPartOf":{"@id":"https:\/\/cvinoticias.com\/v3\/cosspra-exitosa-jornada-en-iguazu-sobre-enfermedades-cronicas-no-transmisibles\/"},"author":{"name":"f1000024","@id":"https:\/\/cvinoticias.com\/v3\/#\/schema\/person\/2db77e3c6bc03c538495d7b2b8be9b66"},"headline":"COSSPRA: Exitosa jornada en Iguaz\u00fa sobre Enfermedades Cr\u00f3nicas No Transmisibles","datePublished":"2023-08-16T20:57:42+00:00","mainEntityOfPage":{"@id":"https:\/\/cvinoticias.com\/v3\/cosspra-exitosa-jornada-en-iguazu-sobre-enfermedades-cronicas-no-transmisibles\/"},"wordCount":906,"commentCount":0,"publisher":{"@id":"https:\/\/cvinoticias.com\/v3\/#organization"},"image":{"@id":"https:\/\/cvinoticias.com\/v3\/cosspra-exitosa-jornada-en-iguazu-sobre-enfermedades-cronicas-no-transmisibles\/#primaryimage"},"thumbnailUrl":"https:\/\/cvinoticias.com\/wp-content\/uploads\/2023\/08\/WhatsApp-Image-2023-08-16-at-15.28.04-1024x768-1.jpeg","articleSection":["Salud"],"inLanguage":"es","potentialAction":[{"@type":"CommentAction","name":"Comment","target":["https:\/\/cvinoticias.com\/v3\/cosspra-exitosa-jornada-en-iguazu-sobre-enfermedades-cronicas-no-transmisibles\/#respond"]}]},{"@type":"WebPage","@id":"https:\/\/cvinoticias.com\/v3\/cosspra-exitosa-jornada-en-iguazu-sobre-enfermedades-cronicas-no-transmisibles\/","url":"https:\/\/cvinoticias.com\/v3\/cosspra-exitosa-jornada-en-iguazu-sobre-enfermedades-cronicas-no-transmisibles\/","name":"COSSPRA: Exitosa jornada en Iguaz\u00fa sobre Enfermedades Cr\u00f3nicas No Transmisibles | CVI NOTICIAS","isPartOf":{"@id":"https:\/\/cvinoticias.com\/v3\/#website"},"primaryImageOfPage":{"@id":"https:\/\/cvinoticias.com\/v3\/cosspra-exitosa-jornada-en-iguazu-sobre-enfermedades-cronicas-no-transmisibles\/#primaryimage"},"image":{"@id":"https:\/\/cvinoticias.com\/v3\/cosspra-exitosa-jornada-en-iguazu-sobre-enfermedades-cronicas-no-transmisibles\/#primaryimage"},"thumbnailUrl":"https:\/\/cvinoticias.com\/wp-content\/uploads\/2023\/08\/WhatsApp-Image-2023-08-16-at-15.28.04-1024x768-1.jpeg","datePublished":"2023-08-16T20:57:42+00:00","breadcrumb":{"@id":"https:\/\/cvinoticias.com\/v3\/cosspra-exitosa-jornada-en-iguazu-sobre-enfermedades-cronicas-no-transmisibles\/#breadcrumb"},"inLanguage":"es","potentialAction":[{"@type":"ReadAction","target":["https:\/\/cvinoticias.com\/v3\/cosspra-exitosa-jornada-en-iguazu-sobre-enfermedades-cronicas-no-transmisibles\/"]}]},{"@type":"ImageObject","inLanguage":"es","@id":"https:\/\/cvinoticias.com\/v3\/cosspra-exitosa-jornada-en-iguazu-sobre-enfermedades-cronicas-no-transmisibles\/#primaryimage","url":"https:\/\/cvinoticias.com\/wp-content\/uploads\/2023\/08\/WhatsApp-Image-2023-08-16-at-15.28.04-1024x768-1.jpeg","contentUrl":"https:\/\/cvinoticias.com\/wp-content\/uploads\/2023\/08\/WhatsApp-Image-2023-08-16-at-15.28.04-1024x768-1.jpeg","width":1024,"height":768},{"@type":"BreadcrumbList","@id":"https:\/\/cvinoticias.com\/v3\/cosspra-exitosa-jornada-en-iguazu-sobre-enfermedades-cronicas-no-transmisibles\/#breadcrumb","itemListElement":[{"@type":"ListItem","position":1,"name":"Portada","item":"https:\/\/cvinoticias.com\/v3\/"},{"@type":"ListItem","position":2,"name":"COSSPRA: Exitosa jornada en Iguaz\u00fa sobre Enfermedades Cr\u00f3nicas No Transmisibles"}]},{"@type":"WebSite","@id":"https:\/\/cvinoticias.com\/v3\/#website","url":"https:\/\/cvinoticias.com\/v3\/","name":"CVI NOTICIAS","description":"","publisher":{"@id":"https:\/\/cvinoticias.com\/v3\/#organization"},"alternateName":"CVI","potentialAction":[{"@type":"SearchAction","target":{"@type":"EntryPoint","urlTemplate":"https:\/\/cvinoticias.com\/v3\/?s={search_term_string}"},"query-input":{"@type":"PropertyValueSpecification","valueRequired":true,"valueName":"search_term_string"}}],"inLanguage":"es"},{"@type":"Organization","@id":"https:\/\/cvinoticias.com\/v3\/#organization","name":"CVI NOTICIAS","url":"https:\/\/cvinoticias.com\/v3\/","logo":{"@type":"ImageObject","inLanguage":"es","@id":"https:\/\/cvinoticias.com\/v3\/#\/schema\/logo\/image\/","url":"https:\/\/cvinoticias.com\/wp-content\/uploads\/2023\/04\/cropped-cropped-cropped-cropped-cropped-3-1.png","contentUrl":"https:\/\/cvinoticias.com\/wp-content\/uploads\/2023\/04\/cropped-cropped-cropped-cropped-cropped-3-1.png","width":95,"height":122,"caption":"CVI NOTICIAS"},"image":{"@id":"https:\/\/cvinoticias.com\/v3\/#\/schema\/logo\/image\/"},"sameAs":["https:\/\/www.facebook.com\/cvinoticias","https:\/\/www.instagram.com\/cvinoticias\/","https:\/\/www.youtube.com\/@CVINOTICIAS"]},{"@type":"Person","@id":"https:\/\/cvinoticias.com\/v3\/#\/schema\/person\/2db77e3c6bc03c538495d7b2b8be9b66","name":"f1000024","image":{"@type":"ImageObject","inLanguage":"es","@id":"https:\/\/secure.gravatar.com\/avatar\/d4fe7459cfc51ff5129ce1a732bbef5928568b8092d412ef95611616376bbeed?s=96&d=mm&r=g","url":"https:\/\/secure.gravatar.com\/avatar\/d4fe7459cfc51ff5129ce1a732bbef5928568b8092d412ef95611616376bbeed?s=96&d=mm&r=g","contentUrl":"https:\/\/secure.gravatar.com\/avatar\/d4fe7459cfc51ff5129ce1a732bbef5928568b8092d412ef95611616376bbeed?s=96&d=mm&r=g","caption":"f1000024"},"url":"https:\/\/cvinoticias.com\/v3\/author\/f1000024\/"}]}},"_links":{"self":[{"href":"https:\/\/cvinoticias.com\/v3\/wp-json\/wp\/v2\/posts\/27188","targetHints":{"allow":["GET"]}}],"collection":[{"href":"https:\/\/cvinoticias.com\/v3\/wp-json\/wp\/v2\/posts"}],"about":[{"href":"https:\/\/cvinoticias.com\/v3\/wp-json\/wp\/v2\/types\/post"}],"author":[{"embeddable":true,"href":"https:\/\/cvinoticias.com\/v3\/wp-json\/wp\/v2\/users\/2"}],"replies":[{"embeddable":true,"href":"https:\/\/cvinoticias.com\/v3\/wp-json\/wp\/v2\/comments?post=27188"}],"version-history":[{"count":1,"href":"https:\/\/cvinoticias.com\/v3\/wp-json\/wp\/v2\/posts\/27188\/revisions"}],"predecessor-version":[{"id":27191,"href":"https:\/\/cvinoticias.com\/v3\/wp-json\/wp\/v2\/posts\/27188\/revisions\/27191"}],"wp:featuredmedia":[{"embeddable":true,"href":"https:\/\/cvinoticias.com\/v3\/wp-json\/wp\/v2\/media\/27189"}],"wp:attachment":[{"href":"https:\/\/cvinoticias.com\/v3\/wp-json\/wp\/v2\/media?parent=27188"}],"wp:term":[{"taxonomy":"category","embeddable":true,"href":"https:\/\/cvinoticias.com\/v3\/wp-json\/wp\/v2\/categories?post=27188"},{"taxonomy":"post_tag","embeddable":true,"href":"https:\/\/cvinoticias.com\/v3\/wp-json\/wp\/v2\/tags?post=27188"}],"curies":[{"name":"wp","href":"https:\/\/api.w.org\/{rel}","templated":true}]}}