{"id":27170,"date":"2023-08-16T12:07:56","date_gmt":"2023-08-16T12:07:56","guid":{"rendered":"https:\/\/cvinoticias.com\/v3\/?p=27170"},"modified":"2023-08-16T12:07:56","modified_gmt":"2023-08-16T12:07:56","slug":"tres-amenazas-de-bomba-en-simultaneo-en-cronica-hd-c5n-y-canal-13","status":"publish","type":"post","link":"https:\/\/cvinoticias.com\/v3\/tres-amenazas-de-bomba-en-simultaneo-en-cronica-hd-c5n-y-canal-13\/","title":{"rendered":"Tres amenazas de bomba en simult\u00e1neo en Cr\u00f3nica HD, C5N y Canal 13"},"content":{"rendered":"\n<p><strong><em>Tres amenazas de bombas en simult\u00e1neo se registraron el martes 15 de agosto en los edificios de Cr\u00f3nica HD, C5N y Canal 13, aunque en todas ellas el resultado fue negativo.<\/em><\/strong><\/p>\n\n\n\n<p>En los tres casos, una voz masculina se\u00f1alaba que hab\u00eda un hombre encapuchado con una bomba en el interior de los edificios donde funcionan esos medios televisivos.<\/p>\n\n\n\n<p>Fuentes policiales remarcaron que todo se inici\u00f3 alrededor de las 16:40 mediante tres llamados al 911.<\/p>\n\n\n\n<p>En el primero de ellos una voz masculina se\u00f1alaba que hab\u00eda un hombre encapuchado con una bomba en el interior de Cr\u00f3nica HD, en el barrio porte\u00f1o de San Telmo, mientras que en una segunda comunicaci\u00f3n id\u00e9ntica voz se\u00f1alaba lo mismo, pero adentro del edificio de C5N en Chacarita.<\/p>\n\n\n\n<p>En tanto, una tercera llamada similar relataba lo mismo, pero con un masculino encapuchado dentro del edificio de Artear, donde funciona Canal 13 y Todo Noticias (TN), en el barrio porte\u00f1o de Constituci\u00f3n.<\/p>\n\n\n\n<p><strong>Tras las inspecciones, se descart\u00f3 la presencia de materiales explosivos<\/strong><\/p>\n\n\n\n<p>Ante esta situaci\u00f3n, personal de las comisar\u00edas vecinales 1F, 1C y 15A, con jurisdicci\u00f3n en los lugares correspondientes, arribaron a los canales de TV y dieron aviso al Escuadr\u00f3n Antibomba y la Divisi\u00f3.<\/p>\n\n\n\n<p>Ambos equipos trabajaron en los respectivos lugares de manera conjunta, pero finalmente se\u00f1alaron que las tres inspecciones arrojaron resultado negativo.<\/p>\n\n\n\n<p>Interviene en los hechos el Juzgado Nacional en lo Criminal y Correccional Federal n\u00famero 4, a cargo de Ariel Lijo, Secretar\u00eda n\u00famero 8 de Mart\u00edn Canero.<\/p>\n","protected":false},"excerpt":{"rendered":"<p>Tres amenazas de bombas en simult\u00e1neo se registraron el martes 15 de agosto en los edificios de Cr\u00f3nica HD, C5N y Canal 13, aunque en todas ellas el resultado fue negativo. En los tres casos, una voz masculina se\u00f1alaba que hab\u00eda un hombre encapuchado con una bomba en el interior de los edificios donde funcionan [&hellip;]<\/p>\n","protected":false},"author":2,"featured_media":27171,"comment_status":"open","ping_status":"open","sticky":false,"template":"","format":"standard","meta":{"footnotes":""},"categories":[39],"tags":[],"class_list":["post-27170","post","type-post","status-publish","format-standard","has-post-thumbnail","hentry","category-nacionales"],"yoast_head":"<!-- This site is optimized with the Yoast SEO plugin v27.4 - https:\/\/yoast.com\/product\/yoast-seo-wordpress\/ -->\n<title>Tres amenazas de bomba en simult\u00e1neo en Cr\u00f3nica HD, C5N y Canal 13 | CVI NOTICIAS<\/title>\n<meta name=\"robots\" content=\"index, follow, max-snippet:-1, max-image-preview:large, max-video-preview:-1\" \/>\n<link rel=\"canonical\" href=\"https:\/\/cvinoticias.com\/v3\/tres-amenazas-de-bomba-en-simultaneo-en-cronica-hd-c5n-y-canal-13\/\" \/>\n<meta property=\"og:locale\" content=\"es_ES\" \/>\n<meta property=\"og:type\" content=\"article\" \/>\n<meta property=\"og:title\" content=\"Tres amenazas de bomba en simult\u00e1neo en Cr\u00f3nica HD, C5N y Canal 13 | CVI NOTICIAS\" \/>\n<meta property=\"og:description\" content=\"Tres amenazas de bombas en simult\u00e1neo se registraron el martes 15 de agosto en los edificios de Cr\u00f3nica HD, C5N y Canal 13, aunque en todas ellas el resultado fue negativo. En los tres casos, una voz masculina se\u00f1alaba que hab\u00eda un hombre encapuchado con una bomba en el interior de los edificios donde funcionan [&hellip;]\" \/>\n<meta property=\"og:url\" content=\"https:\/\/cvinoticias.com\/v3\/tres-amenazas-de-bomba-en-simultaneo-en-cronica-hd-c5n-y-canal-13\/\" \/>\n<meta property=\"og:site_name\" content=\"CVI NOTICIAS\" \/>\n<meta property=\"article:publisher\" content=\"https:\/\/www.facebook.com\/cvinoticias\" \/>\n<meta property=\"article:published_time\" content=\"2023-08-16T12:07:56+00:00\" \/>\n<meta property=\"og:image\" content=\"https:\/\/cvinoticias.com\/wp-content\/uploads\/2023\/08\/Screenshot_20230816_090632_Facebook.jpg\" \/>\n\t<meta property=\"og:image:width\" content=\"1080\" \/>\n\t<meta property=\"og:image:height\" content=\"532\" \/>\n\t<meta property=\"og:image:type\" content=\"image\/jpeg\" \/>\n<meta name=\"author\" content=\"f1000024\" \/>\n<meta name=\"twitter:card\" content=\"summary_large_image\" \/>\n<meta name=\"twitter:label1\" content=\"Escrito por\" \/>\n\t<meta name=\"twitter:data1\" content=\"f1000024\" \/>\n\t<meta name=\"twitter:label2\" content=\"Tiempo de lectura\" \/>\n\t<meta name=\"twitter:data2\" content=\"1 minuto\" \/>\n<script type=\"application\/ld+json\" class=\"yoast-schema-graph\">{\"@context\":\"https:\\\/\\\/schema.org\",\"@graph\":[{\"@type\":\"Article\",\"@id\":\"https:\\\/\\\/cvinoticias.com\\\/v3\\\/tres-amenazas-de-bomba-en-simultaneo-en-cronica-hd-c5n-y-canal-13\\\/#article\",\"isPartOf\":{\"@id\":\"https:\\\/\\\/cvinoticias.com\\\/v3\\\/tres-amenazas-de-bomba-en-simultaneo-en-cronica-hd-c5n-y-canal-13\\\/\"},\"author\":{\"name\":\"f1000024\",\"@id\":\"https:\\\/\\\/cvinoticias.com\\\/v3\\\/#\\\/schema\\\/person\\\/2db77e3c6bc03c538495d7b2b8be9b66\"},\"headline\":\"Tres amenazas de bomba en simult\u00e1neo en Cr\u00f3nica HD, C5N y Canal 13\",\"datePublished\":\"2023-08-16T12:07:56+00:00\",\"mainEntityOfPage\":{\"@id\":\"https:\\\/\\\/cvinoticias.com\\\/v3\\\/tres-amenazas-de-bomba-en-simultaneo-en-cronica-hd-c5n-y-canal-13\\\/\"},\"wordCount\":277,\"commentCount\":0,\"publisher\":{\"@id\":\"https:\\\/\\\/cvinoticias.com\\\/v3\\\/#organization\"},\"image\":{\"@id\":\"https:\\\/\\\/cvinoticias.com\\\/v3\\\/tres-amenazas-de-bomba-en-simultaneo-en-cronica-hd-c5n-y-canal-13\\\/#primaryimage\"},\"thumbnailUrl\":\"https:\\\/\\\/cvinoticias.com\\\/wp-content\\\/uploads\\\/2023\\\/08\\\/Screenshot_20230816_090632_Facebook.jpg\",\"articleSection\":[\"Nacionales\"],\"inLanguage\":\"es\",\"potentialAction\":[{\"@type\":\"CommentAction\",\"name\":\"Comment\",\"target\":[\"https:\\\/\\\/cvinoticias.com\\\/v3\\\/tres-amenazas-de-bomba-en-simultaneo-en-cronica-hd-c5n-y-canal-13\\\/#respond\"]}]},{\"@type\":\"WebPage\",\"@id\":\"https:\\\/\\\/cvinoticias.com\\\/v3\\\/tres-amenazas-de-bomba-en-simultaneo-en-cronica-hd-c5n-y-canal-13\\\/\",\"url\":\"https:\\\/\\\/cvinoticias.com\\\/v3\\\/tres-amenazas-de-bomba-en-simultaneo-en-cronica-hd-c5n-y-canal-13\\\/\",\"name\":\"Tres amenazas de bomba en simult\u00e1neo en Cr\u00f3nica HD, C5N y Canal 13 | CVI NOTICIAS\",\"isPartOf\":{\"@id\":\"https:\\\/\\\/cvinoticias.com\\\/v3\\\/#website\"},\"primaryImageOfPage\":{\"@id\":\"https:\\\/\\\/cvinoticias.com\\\/v3\\\/tres-amenazas-de-bomba-en-simultaneo-en-cronica-hd-c5n-y-canal-13\\\/#primaryimage\"},\"image\":{\"@id\":\"https:\\\/\\\/cvinoticias.com\\\/v3\\\/tres-amenazas-de-bomba-en-simultaneo-en-cronica-hd-c5n-y-canal-13\\\/#primaryimage\"},\"thumbnailUrl\":\"https:\\\/\\\/cvinoticias.com\\\/wp-content\\\/uploads\\\/2023\\\/08\\\/Screenshot_20230816_090632_Facebook.jpg\",\"datePublished\":\"2023-08-16T12:07:56+00:00\",\"breadcrumb\":{\"@id\":\"https:\\\/\\\/cvinoticias.com\\\/v3\\\/tres-amenazas-de-bomba-en-simultaneo-en-cronica-hd-c5n-y-canal-13\\\/#breadcrumb\"},\"inLanguage\":\"es\",\"potentialAction\":[{\"@type\":\"ReadAction\",\"target\":[\"https:\\\/\\\/cvinoticias.com\\\/v3\\\/tres-amenazas-de-bomba-en-simultaneo-en-cronica-hd-c5n-y-canal-13\\\/\"]}]},{\"@type\":\"ImageObject\",\"inLanguage\":\"es\",\"@id\":\"https:\\\/\\\/cvinoticias.com\\\/v3\\\/tres-amenazas-de-bomba-en-simultaneo-en-cronica-hd-c5n-y-canal-13\\\/#primaryimage\",\"url\":\"https:\\\/\\\/cvinoticias.com\\\/wp-content\\\/uploads\\\/2023\\\/08\\\/Screenshot_20230816_090632_Facebook.jpg\",\"contentUrl\":\"https:\\\/\\\/cvinoticias.com\\\/wp-content\\\/uploads\\\/2023\\\/08\\\/Screenshot_20230816_090632_Facebook.jpg\",\"width\":1080,\"height\":532},{\"@type\":\"BreadcrumbList\",\"@id\":\"https:\\\/\\\/cvinoticias.com\\\/v3\\\/tres-amenazas-de-bomba-en-simultaneo-en-cronica-hd-c5n-y-canal-13\\\/#breadcrumb\",\"itemListElement\":[{\"@type\":\"ListItem\",\"position\":1,\"name\":\"Portada\",\"item\":\"https:\\\/\\\/cvinoticias.com\\\/v3\\\/\"},{\"@type\":\"ListItem\",\"position\":2,\"name\":\"Tres amenazas de bomba en simult\u00e1neo en Cr\u00f3nica HD, C5N y Canal 13\"}]},{\"@type\":\"WebSite\",\"@id\":\"https:\\\/\\\/cvinoticias.com\\\/v3\\\/#website\",\"url\":\"https:\\\/\\\/cvinoticias.com\\\/v3\\\/\",\"name\":\"CVI NOTICIAS\",\"description\":\"\",\"publisher\":{\"@id\":\"https:\\\/\\\/cvinoticias.com\\\/v3\\\/#organization\"},\"alternateName\":\"CVI\",\"potentialAction\":[{\"@type\":\"SearchAction\",\"target\":{\"@type\":\"EntryPoint\",\"urlTemplate\":\"https:\\\/\\\/cvinoticias.com\\\/v3\\\/?s={search_term_string}\"},\"query-input\":{\"@type\":\"PropertyValueSpecification\",\"valueRequired\":true,\"valueName\":\"search_term_string\"}}],\"inLanguage\":\"es\"},{\"@type\":\"Organization\",\"@id\":\"https:\\\/\\\/cvinoticias.com\\\/v3\\\/#organization\",\"name\":\"CVI NOTICIAS\",\"url\":\"https:\\\/\\\/cvinoticias.com\\\/v3\\\/\",\"logo\":{\"@type\":\"ImageObject\",\"inLanguage\":\"es\",\"@id\":\"https:\\\/\\\/cvinoticias.com\\\/v3\\\/#\\\/schema\\\/logo\\\/image\\\/\",\"url\":\"https:\\\/\\\/cvinoticias.com\\\/wp-content\\\/uploads\\\/2023\\\/04\\\/cropped-cropped-cropped-cropped-cropped-3-1.png\",\"contentUrl\":\"https:\\\/\\\/cvinoticias.com\\\/wp-content\\\/uploads\\\/2023\\\/04\\\/cropped-cropped-cropped-cropped-cropped-3-1.png\",\"width\":95,\"height\":122,\"caption\":\"CVI NOTICIAS\"},\"image\":{\"@id\":\"https:\\\/\\\/cvinoticias.com\\\/v3\\\/#\\\/schema\\\/logo\\\/image\\\/\"},\"sameAs\":[\"https:\\\/\\\/www.facebook.com\\\/cvinoticias\",\"https:\\\/\\\/www.instagram.com\\\/cvinoticias\\\/\",\"https:\\\/\\\/www.youtube.com\\\/@CVINOTICIAS\"]},{\"@type\":\"Person\",\"@id\":\"https:\\\/\\\/cvinoticias.com\\\/v3\\\/#\\\/schema\\\/person\\\/2db77e3c6bc03c538495d7b2b8be9b66\",\"name\":\"f1000024\",\"image\":{\"@type\":\"ImageObject\",\"inLanguage\":\"es\",\"@id\":\"https:\\\/\\\/secure.gravatar.com\\\/avatar\\\/d4fe7459cfc51ff5129ce1a732bbef5928568b8092d412ef95611616376bbeed?s=96&d=mm&r=g\",\"url\":\"https:\\\/\\\/secure.gravatar.com\\\/avatar\\\/d4fe7459cfc51ff5129ce1a732bbef5928568b8092d412ef95611616376bbeed?s=96&d=mm&r=g\",\"contentUrl\":\"https:\\\/\\\/secure.gravatar.com\\\/avatar\\\/d4fe7459cfc51ff5129ce1a732bbef5928568b8092d412ef95611616376bbeed?s=96&d=mm&r=g\",\"caption\":\"f1000024\"},\"url\":\"https:\\\/\\\/cvinoticias.com\\\/v3\\\/author\\\/f1000024\\\/\"}]}<\/script>\n<!-- \/ Yoast SEO plugin. -->","yoast_head_json":{"title":"Tres amenazas de bomba en simult\u00e1neo en Cr\u00f3nica HD, C5N y Canal 13 | CVI NOTICIAS","robots":{"index":"index","follow":"follow","max-snippet":"max-snippet:-1","max-image-preview":"max-image-preview:large","max-video-preview":"max-video-preview:-1"},"canonical":"https:\/\/cvinoticias.com\/v3\/tres-amenazas-de-bomba-en-simultaneo-en-cronica-hd-c5n-y-canal-13\/","og_locale":"es_ES","og_type":"article","og_title":"Tres amenazas de bomba en simult\u00e1neo en Cr\u00f3nica HD, C5N y Canal 13 | CVI NOTICIAS","og_description":"Tres amenazas de bombas en simult\u00e1neo se registraron el martes 15 de agosto en los edificios de Cr\u00f3nica HD, C5N y Canal 13, aunque en todas ellas el resultado fue negativo. En los tres casos, una voz masculina se\u00f1alaba que hab\u00eda un hombre encapuchado con una bomba en el interior de los edificios donde funcionan [&hellip;]","og_url":"https:\/\/cvinoticias.com\/v3\/tres-amenazas-de-bomba-en-simultaneo-en-cronica-hd-c5n-y-canal-13\/","og_site_name":"CVI NOTICIAS","article_publisher":"https:\/\/www.facebook.com\/cvinoticias","article_published_time":"2023-08-16T12:07:56+00:00","og_image":[{"width":1080,"height":532,"url":"https:\/\/cvinoticias.com\/wp-content\/uploads\/2023\/08\/Screenshot_20230816_090632_Facebook.jpg","type":"image\/jpeg"}],"author":"f1000024","twitter_card":"summary_large_image","twitter_misc":{"Escrito por":"f1000024","Tiempo de lectura":"1 minuto"},"schema":{"@context":"https:\/\/schema.org","@graph":[{"@type":"Article","@id":"https:\/\/cvinoticias.com\/v3\/tres-amenazas-de-bomba-en-simultaneo-en-cronica-hd-c5n-y-canal-13\/#article","isPartOf":{"@id":"https:\/\/cvinoticias.com\/v3\/tres-amenazas-de-bomba-en-simultaneo-en-cronica-hd-c5n-y-canal-13\/"},"author":{"name":"f1000024","@id":"https:\/\/cvinoticias.com\/v3\/#\/schema\/person\/2db77e3c6bc03c538495d7b2b8be9b66"},"headline":"Tres amenazas de bomba en simult\u00e1neo en Cr\u00f3nica HD, C5N y Canal 13","datePublished":"2023-08-16T12:07:56+00:00","mainEntityOfPage":{"@id":"https:\/\/cvinoticias.com\/v3\/tres-amenazas-de-bomba-en-simultaneo-en-cronica-hd-c5n-y-canal-13\/"},"wordCount":277,"commentCount":0,"publisher":{"@id":"https:\/\/cvinoticias.com\/v3\/#organization"},"image":{"@id":"https:\/\/cvinoticias.com\/v3\/tres-amenazas-de-bomba-en-simultaneo-en-cronica-hd-c5n-y-canal-13\/#primaryimage"},"thumbnailUrl":"https:\/\/cvinoticias.com\/wp-content\/uploads\/2023\/08\/Screenshot_20230816_090632_Facebook.jpg","articleSection":["Nacionales"],"inLanguage":"es","potentialAction":[{"@type":"CommentAction","name":"Comment","target":["https:\/\/cvinoticias.com\/v3\/tres-amenazas-de-bomba-en-simultaneo-en-cronica-hd-c5n-y-canal-13\/#respond"]}]},{"@type":"WebPage","@id":"https:\/\/cvinoticias.com\/v3\/tres-amenazas-de-bomba-en-simultaneo-en-cronica-hd-c5n-y-canal-13\/","url":"https:\/\/cvinoticias.com\/v3\/tres-amenazas-de-bomba-en-simultaneo-en-cronica-hd-c5n-y-canal-13\/","name":"Tres amenazas de bomba en simult\u00e1neo en Cr\u00f3nica HD, C5N y Canal 13 | CVI NOTICIAS","isPartOf":{"@id":"https:\/\/cvinoticias.com\/v3\/#website"},"primaryImageOfPage":{"@id":"https:\/\/cvinoticias.com\/v3\/tres-amenazas-de-bomba-en-simultaneo-en-cronica-hd-c5n-y-canal-13\/#primaryimage"},"image":{"@id":"https:\/\/cvinoticias.com\/v3\/tres-amenazas-de-bomba-en-simultaneo-en-cronica-hd-c5n-y-canal-13\/#primaryimage"},"thumbnailUrl":"https:\/\/cvinoticias.com\/wp-content\/uploads\/2023\/08\/Screenshot_20230816_090632_Facebook.jpg","datePublished":"2023-08-16T12:07:56+00:00","breadcrumb":{"@id":"https:\/\/cvinoticias.com\/v3\/tres-amenazas-de-bomba-en-simultaneo-en-cronica-hd-c5n-y-canal-13\/#breadcrumb"},"inLanguage":"es","potentialAction":[{"@type":"ReadAction","target":["https:\/\/cvinoticias.com\/v3\/tres-amenazas-de-bomba-en-simultaneo-en-cronica-hd-c5n-y-canal-13\/"]}]},{"@type":"ImageObject","inLanguage":"es","@id":"https:\/\/cvinoticias.com\/v3\/tres-amenazas-de-bomba-en-simultaneo-en-cronica-hd-c5n-y-canal-13\/#primaryimage","url":"https:\/\/cvinoticias.com\/wp-content\/uploads\/2023\/08\/Screenshot_20230816_090632_Facebook.jpg","contentUrl":"https:\/\/cvinoticias.com\/wp-content\/uploads\/2023\/08\/Screenshot_20230816_090632_Facebook.jpg","width":1080,"height":532},{"@type":"BreadcrumbList","@id":"https:\/\/cvinoticias.com\/v3\/tres-amenazas-de-bomba-en-simultaneo-en-cronica-hd-c5n-y-canal-13\/#breadcrumb","itemListElement":[{"@type":"ListItem","position":1,"name":"Portada","item":"https:\/\/cvinoticias.com\/v3\/"},{"@type":"ListItem","position":2,"name":"Tres amenazas de bomba en simult\u00e1neo en Cr\u00f3nica HD, C5N y Canal 13"}]},{"@type":"WebSite","@id":"https:\/\/cvinoticias.com\/v3\/#website","url":"https:\/\/cvinoticias.com\/v3\/","name":"CVI NOTICIAS","description":"","publisher":{"@id":"https:\/\/cvinoticias.com\/v3\/#organization"},"alternateName":"CVI","potentialAction":[{"@type":"SearchAction","target":{"@type":"EntryPoint","urlTemplate":"https:\/\/cvinoticias.com\/v3\/?s={search_term_string}"},"query-input":{"@type":"PropertyValueSpecification","valueRequired":true,"valueName":"search_term_string"}}],"inLanguage":"es"},{"@type":"Organization","@id":"https:\/\/cvinoticias.com\/v3\/#organization","name":"CVI NOTICIAS","url":"https:\/\/cvinoticias.com\/v3\/","logo":{"@type":"ImageObject","inLanguage":"es","@id":"https:\/\/cvinoticias.com\/v3\/#\/schema\/logo\/image\/","url":"https:\/\/cvinoticias.com\/wp-content\/uploads\/2023\/04\/cropped-cropped-cropped-cropped-cropped-3-1.png","contentUrl":"https:\/\/cvinoticias.com\/wp-content\/uploads\/2023\/04\/cropped-cropped-cropped-cropped-cropped-3-1.png","width":95,"height":122,"caption":"CVI NOTICIAS"},"image":{"@id":"https:\/\/cvinoticias.com\/v3\/#\/schema\/logo\/image\/"},"sameAs":["https:\/\/www.facebook.com\/cvinoticias","https:\/\/www.instagram.com\/cvinoticias\/","https:\/\/www.youtube.com\/@CVINOTICIAS"]},{"@type":"Person","@id":"https:\/\/cvinoticias.com\/v3\/#\/schema\/person\/2db77e3c6bc03c538495d7b2b8be9b66","name":"f1000024","image":{"@type":"ImageObject","inLanguage":"es","@id":"https:\/\/secure.gravatar.com\/avatar\/d4fe7459cfc51ff5129ce1a732bbef5928568b8092d412ef95611616376bbeed?s=96&d=mm&r=g","url":"https:\/\/secure.gravatar.com\/avatar\/d4fe7459cfc51ff5129ce1a732bbef5928568b8092d412ef95611616376bbeed?s=96&d=mm&r=g","contentUrl":"https:\/\/secure.gravatar.com\/avatar\/d4fe7459cfc51ff5129ce1a732bbef5928568b8092d412ef95611616376bbeed?s=96&d=mm&r=g","caption":"f1000024"},"url":"https:\/\/cvinoticias.com\/v3\/author\/f1000024\/"}]}},"_links":{"self":[{"href":"https:\/\/cvinoticias.com\/v3\/wp-json\/wp\/v2\/posts\/27170","targetHints":{"allow":["GET"]}}],"collection":[{"href":"https:\/\/cvinoticias.com\/v3\/wp-json\/wp\/v2\/posts"}],"about":[{"href":"https:\/\/cvinoticias.com\/v3\/wp-json\/wp\/v2\/types\/post"}],"author":[{"embeddable":true,"href":"https:\/\/cvinoticias.com\/v3\/wp-json\/wp\/v2\/users\/2"}],"replies":[{"embeddable":true,"href":"https:\/\/cvinoticias.com\/v3\/wp-json\/wp\/v2\/comments?post=27170"}],"version-history":[{"count":1,"href":"https:\/\/cvinoticias.com\/v3\/wp-json\/wp\/v2\/posts\/27170\/revisions"}],"predecessor-version":[{"id":27172,"href":"https:\/\/cvinoticias.com\/v3\/wp-json\/wp\/v2\/posts\/27170\/revisions\/27172"}],"wp:featuredmedia":[{"embeddable":true,"href":"https:\/\/cvinoticias.com\/v3\/wp-json\/wp\/v2\/media\/27171"}],"wp:attachment":[{"href":"https:\/\/cvinoticias.com\/v3\/wp-json\/wp\/v2\/media?parent=27170"}],"wp:term":[{"taxonomy":"category","embeddable":true,"href":"https:\/\/cvinoticias.com\/v3\/wp-json\/wp\/v2\/categories?post=27170"},{"taxonomy":"post_tag","embeddable":true,"href":"https:\/\/cvinoticias.com\/v3\/wp-json\/wp\/v2\/tags?post=27170"}],"curies":[{"name":"wp","href":"https:\/\/api.w.org\/{rel}","templated":true}]}}