{"id":27150,"date":"2023-08-15T15:22:11","date_gmt":"2023-08-15T15:22:11","guid":{"rendered":"https:\/\/cvinoticias.com\/v3\/?p=27150"},"modified":"2023-08-15T15:23:20","modified_gmt":"2023-08-15T15:23:20","slug":"se-realizo-la-presentacion-del-primer-diccionario-mbya-guarani-espanol","status":"publish","type":"post","link":"https:\/\/cvinoticias.com\/v3\/se-realizo-la-presentacion-del-primer-diccionario-mbya-guarani-espanol\/","title":{"rendered":"Iguaz\u00fa: Se realiz\u00f3 la presentaci\u00f3n del primer diccionario mbya guaran\u00ed espa\u00f1ol"},"content":{"rendered":"\n<p><em><strong>El primer diccionario mbya Ayvu\/Espa\u00f1ol anexo pentatraductor Mbya\/Espa\u00f1ol\/Guaran\u00ed\/Portugu\u00e9s\/Ingl\u00e9s, fue presentado por el profesor y director de la Escuela Yasy Por\u00e1, Javier Rodas, en la ma\u00f1ana de hoy martes 15 de agosto en el establecimiento educativo Bop N\u00b0 117, de la Aldea Yryap\u00fa.<\/strong><\/em><\/p>\n\n\n\n<p>Dicho diccionario represent\u00f3 a Misiones en la Feria Internacional del Libro de Buenos Aires y fue elegido por la Secretar\u00eda de Cultura de la Provincia entre los 10 libros m\u00e1s importantes del per\u00edodo 2020\/2022 (\u00e9poca de pandemia).<\/p>\n\n\n\n<figure class=\"wp-block-image size-large\"><a href=\"https:\/\/cvinoticias.com\/wp-content\/uploads\/2023\/08\/IMG-20230815-WA0016.jpg\"><img decoding=\"async\" width=\"1024\" height=\"859\" data-src=\"https:\/\/cvinoticias.com\/wp-content\/uploads\/2023\/08\/IMG-20230815-WA0016-1024x859.jpg\" alt=\"\" class=\"wp-image-27151 lazyload\" data-srcset=\"https:\/\/cvinoticias.com\/wp-content\/uploads\/2023\/08\/IMG-20230815-WA0016-1024x859.jpg 1024w, https:\/\/cvinoticias.com\/wp-content\/uploads\/2023\/08\/IMG-20230815-WA0016-300x252.jpg 300w, https:\/\/cvinoticias.com\/wp-content\/uploads\/2023\/08\/IMG-20230815-WA0016-768x644.jpg 768w, https:\/\/cvinoticias.com\/wp-content\/uploads\/2023\/08\/IMG-20230815-WA0016.jpg 1430w\" data-sizes=\"(max-width: 1024px) 100vw, 1024px\" src=\"data:image\/svg+xml;base64,PHN2ZyB3aWR0aD0iMSIgaGVpZ2h0PSIxIiB4bWxucz0iaHR0cDovL3d3dy53My5vcmcvMjAwMC9zdmciPjwvc3ZnPg==\" style=\"--smush-placeholder-width: 1024px; --smush-placeholder-aspect-ratio: 1024\/859;\" \/><\/a><\/figure>\n\n\n\n<p>El mismo cuenta con 420 p\u00e1ginas y esta dividido en tres secciones siendo la primera mbya guaran\u00ed espa\u00f1ol con su traducci\u00f3n, la segunda guaran\u00ed paraguayo con el espa\u00f1ol con su respectiva traducci\u00f3n y la tercera son fragmentos con diferentes traducciones en portugu\u00e9s, ingl\u00e9s, guaran\u00ed y espa\u00f1ol.<\/p>\n\n\n\n<p>Rodas se ocup\u00f3 de la creaci\u00f3n y la escritura del primer diccionario mbya guaran\u00ed espa\u00f1ol que tiene un pentatraductor biling\u00fce en lenguas: guaran\u00ed, mbya guaran\u00ed, castellano, portugu\u00e9s e ingl\u00e9s.<\/p>\n\n\n\n<figure class=\"wp-block-image size-large\"><a href=\"https:\/\/cvinoticias.com\/wp-content\/uploads\/2023\/08\/IMG-20230815-WA0015.jpg\"><img decoding=\"async\" width=\"1024\" height=\"886\" data-src=\"https:\/\/cvinoticias.com\/wp-content\/uploads\/2023\/08\/IMG-20230815-WA0015-1024x886.jpg\" alt=\"\" class=\"wp-image-27152 lazyload\" data-srcset=\"https:\/\/cvinoticias.com\/wp-content\/uploads\/2023\/08\/IMG-20230815-WA0015-1024x886.jpg 1024w, https:\/\/cvinoticias.com\/wp-content\/uploads\/2023\/08\/IMG-20230815-WA0015-300x260.jpg 300w, https:\/\/cvinoticias.com\/wp-content\/uploads\/2023\/08\/IMG-20230815-WA0015-768x664.jpg 768w, https:\/\/cvinoticias.com\/wp-content\/uploads\/2023\/08\/IMG-20230815-WA0015.jpg 1387w\" data-sizes=\"(max-width: 1024px) 100vw, 1024px\" src=\"data:image\/svg+xml;base64,PHN2ZyB3aWR0aD0iMSIgaGVpZ2h0PSIxIiB4bWxucz0iaHR0cDovL3d3dy53My5vcmcvMjAwMC9zdmciPjwvc3ZnPg==\" style=\"--smush-placeholder-width: 1024px; --smush-placeholder-aspect-ratio: 1024\/886;\" \/><\/a><\/figure>\n","protected":false},"excerpt":{"rendered":"<p>El primer diccionario mbya Ayvu\/Espa\u00f1ol anexo pentatraductor Mbya\/Espa\u00f1ol\/Guaran\u00ed\/Portugu\u00e9s\/Ingl\u00e9s, fue presentado por el profesor y director de la Escuela Yasy Por\u00e1, Javier Rodas, en la ma\u00f1ana de hoy martes 15 de agosto en el establecimiento educativo Bop N\u00b0 117, de la Aldea Yryap\u00fa. Dicho diccionario represent\u00f3 a Misiones en la Feria Internacional del Libro de Buenos [&hellip;]<\/p>\n","protected":false},"author":2,"featured_media":27153,"comment_status":"open","ping_status":"open","sticky":false,"template":"","format":"standard","meta":{"footnotes":""},"categories":[29],"tags":[],"class_list":["post-27150","post","type-post","status-publish","format-standard","has-post-thumbnail","hentry","category-locales"],"yoast_head":"<!-- This site is optimized with the Yoast SEO plugin v27.5 - https:\/\/yoast.com\/product\/yoast-seo-wordpress\/ -->\n<title>Iguaz\u00fa: Se realiz\u00f3 la presentaci\u00f3n del primer diccionario mbya guaran\u00ed espa\u00f1ol | CVI NOTICIAS<\/title>\n<meta name=\"robots\" content=\"index, follow, max-snippet:-1, max-image-preview:large, max-video-preview:-1\" \/>\n<link rel=\"canonical\" href=\"https:\/\/cvinoticias.com\/v3\/se-realizo-la-presentacion-del-primer-diccionario-mbya-guarani-espanol\/\" \/>\n<meta property=\"og:locale\" content=\"es_ES\" \/>\n<meta property=\"og:type\" content=\"article\" \/>\n<meta property=\"og:title\" content=\"Iguaz\u00fa: Se realiz\u00f3 la presentaci\u00f3n del primer diccionario mbya guaran\u00ed espa\u00f1ol | CVI NOTICIAS\" \/>\n<meta property=\"og:description\" content=\"El primer diccionario mbya Ayvu\/Espa\u00f1ol anexo pentatraductor Mbya\/Espa\u00f1ol\/Guaran\u00ed\/Portugu\u00e9s\/Ingl\u00e9s, fue presentado por el profesor y director de la Escuela Yasy Por\u00e1, Javier Rodas, en la ma\u00f1ana de hoy martes 15 de agosto en el establecimiento educativo Bop N\u00b0 117, de la Aldea Yryap\u00fa. Dicho diccionario represent\u00f3 a Misiones en la Feria Internacional del Libro de Buenos [&hellip;]\" \/>\n<meta property=\"og:url\" content=\"https:\/\/cvinoticias.com\/v3\/se-realizo-la-presentacion-del-primer-diccionario-mbya-guarani-espanol\/\" \/>\n<meta property=\"og:site_name\" content=\"CVI NOTICIAS\" \/>\n<meta property=\"article:publisher\" content=\"https:\/\/www.facebook.com\/cvinoticias\" \/>\n<meta property=\"article:published_time\" content=\"2023-08-15T15:22:11+00:00\" \/>\n<meta property=\"article:modified_time\" content=\"2023-08-15T15:23:20+00:00\" \/>\n<meta property=\"og:image\" content=\"https:\/\/cvinoticias.com\/wp-content\/uploads\/2023\/08\/IMG-20230815-WA0012.jpg\" \/>\n\t<meta property=\"og:image:width\" content=\"833\" \/>\n\t<meta property=\"og:image:height\" content=\"829\" \/>\n\t<meta property=\"og:image:type\" content=\"image\/jpeg\" \/>\n<meta name=\"author\" content=\"f1000024\" \/>\n<meta name=\"twitter:card\" content=\"summary_large_image\" \/>\n<meta name=\"twitter:label1\" content=\"Escrito por\" \/>\n\t<meta name=\"twitter:data1\" content=\"f1000024\" \/>\n\t<meta name=\"twitter:label2\" content=\"Tiempo de lectura\" \/>\n\t<meta name=\"twitter:data2\" content=\"1 minuto\" \/>\n<script type=\"application\/ld+json\" class=\"yoast-schema-graph\">{\"@context\":\"https:\\\/\\\/schema.org\",\"@graph\":[{\"@type\":\"Article\",\"@id\":\"https:\\\/\\\/cvinoticias.com\\\/v3\\\/se-realizo-la-presentacion-del-primer-diccionario-mbya-guarani-espanol\\\/#article\",\"isPartOf\":{\"@id\":\"https:\\\/\\\/cvinoticias.com\\\/v3\\\/se-realizo-la-presentacion-del-primer-diccionario-mbya-guarani-espanol\\\/\"},\"author\":{\"name\":\"f1000024\",\"@id\":\"https:\\\/\\\/cvinoticias.com\\\/v3\\\/#\\\/schema\\\/person\\\/2db77e3c6bc03c538495d7b2b8be9b66\"},\"headline\":\"Iguaz\u00fa: Se realiz\u00f3 la presentaci\u00f3n del primer diccionario mbya guaran\u00ed espa\u00f1ol\",\"datePublished\":\"2023-08-15T15:22:11+00:00\",\"dateModified\":\"2023-08-15T15:23:20+00:00\",\"mainEntityOfPage\":{\"@id\":\"https:\\\/\\\/cvinoticias.com\\\/v3\\\/se-realizo-la-presentacion-del-primer-diccionario-mbya-guarani-espanol\\\/\"},\"wordCount\":188,\"commentCount\":0,\"publisher\":{\"@id\":\"https:\\\/\\\/cvinoticias.com\\\/v3\\\/#organization\"},\"image\":{\"@id\":\"https:\\\/\\\/cvinoticias.com\\\/v3\\\/se-realizo-la-presentacion-del-primer-diccionario-mbya-guarani-espanol\\\/#primaryimage\"},\"thumbnailUrl\":\"https:\\\/\\\/cvinoticias.com\\\/wp-content\\\/uploads\\\/2023\\\/08\\\/IMG-20230815-WA0012.jpg\",\"articleSection\":[\"Locales\"],\"inLanguage\":\"es\",\"potentialAction\":[{\"@type\":\"CommentAction\",\"name\":\"Comment\",\"target\":[\"https:\\\/\\\/cvinoticias.com\\\/v3\\\/se-realizo-la-presentacion-del-primer-diccionario-mbya-guarani-espanol\\\/#respond\"]}]},{\"@type\":\"WebPage\",\"@id\":\"https:\\\/\\\/cvinoticias.com\\\/v3\\\/se-realizo-la-presentacion-del-primer-diccionario-mbya-guarani-espanol\\\/\",\"url\":\"https:\\\/\\\/cvinoticias.com\\\/v3\\\/se-realizo-la-presentacion-del-primer-diccionario-mbya-guarani-espanol\\\/\",\"name\":\"Iguaz\u00fa: Se realiz\u00f3 la presentaci\u00f3n del primer diccionario mbya guaran\u00ed espa\u00f1ol | CVI NOTICIAS\",\"isPartOf\":{\"@id\":\"https:\\\/\\\/cvinoticias.com\\\/v3\\\/#website\"},\"primaryImageOfPage\":{\"@id\":\"https:\\\/\\\/cvinoticias.com\\\/v3\\\/se-realizo-la-presentacion-del-primer-diccionario-mbya-guarani-espanol\\\/#primaryimage\"},\"image\":{\"@id\":\"https:\\\/\\\/cvinoticias.com\\\/v3\\\/se-realizo-la-presentacion-del-primer-diccionario-mbya-guarani-espanol\\\/#primaryimage\"},\"thumbnailUrl\":\"https:\\\/\\\/cvinoticias.com\\\/wp-content\\\/uploads\\\/2023\\\/08\\\/IMG-20230815-WA0012.jpg\",\"datePublished\":\"2023-08-15T15:22:11+00:00\",\"dateModified\":\"2023-08-15T15:23:20+00:00\",\"breadcrumb\":{\"@id\":\"https:\\\/\\\/cvinoticias.com\\\/v3\\\/se-realizo-la-presentacion-del-primer-diccionario-mbya-guarani-espanol\\\/#breadcrumb\"},\"inLanguage\":\"es\",\"potentialAction\":[{\"@type\":\"ReadAction\",\"target\":[\"https:\\\/\\\/cvinoticias.com\\\/v3\\\/se-realizo-la-presentacion-del-primer-diccionario-mbya-guarani-espanol\\\/\"]}]},{\"@type\":\"ImageObject\",\"inLanguage\":\"es\",\"@id\":\"https:\\\/\\\/cvinoticias.com\\\/v3\\\/se-realizo-la-presentacion-del-primer-diccionario-mbya-guarani-espanol\\\/#primaryimage\",\"url\":\"https:\\\/\\\/cvinoticias.com\\\/wp-content\\\/uploads\\\/2023\\\/08\\\/IMG-20230815-WA0012.jpg\",\"contentUrl\":\"https:\\\/\\\/cvinoticias.com\\\/wp-content\\\/uploads\\\/2023\\\/08\\\/IMG-20230815-WA0012.jpg\",\"width\":833,\"height\":829},{\"@type\":\"BreadcrumbList\",\"@id\":\"https:\\\/\\\/cvinoticias.com\\\/v3\\\/se-realizo-la-presentacion-del-primer-diccionario-mbya-guarani-espanol\\\/#breadcrumb\",\"itemListElement\":[{\"@type\":\"ListItem\",\"position\":1,\"name\":\"Portada\",\"item\":\"https:\\\/\\\/cvinoticias.com\\\/v3\\\/\"},{\"@type\":\"ListItem\",\"position\":2,\"name\":\"Iguaz\u00fa: Se realiz\u00f3 la presentaci\u00f3n del primer diccionario mbya guaran\u00ed espa\u00f1ol\"}]},{\"@type\":\"WebSite\",\"@id\":\"https:\\\/\\\/cvinoticias.com\\\/v3\\\/#website\",\"url\":\"https:\\\/\\\/cvinoticias.com\\\/v3\\\/\",\"name\":\"CVI NOTICIAS\",\"description\":\"\",\"publisher\":{\"@id\":\"https:\\\/\\\/cvinoticias.com\\\/v3\\\/#organization\"},\"alternateName\":\"CVI\",\"potentialAction\":[{\"@type\":\"SearchAction\",\"target\":{\"@type\":\"EntryPoint\",\"urlTemplate\":\"https:\\\/\\\/cvinoticias.com\\\/v3\\\/?s={search_term_string}\"},\"query-input\":{\"@type\":\"PropertyValueSpecification\",\"valueRequired\":true,\"valueName\":\"search_term_string\"}}],\"inLanguage\":\"es\"},{\"@type\":\"Organization\",\"@id\":\"https:\\\/\\\/cvinoticias.com\\\/v3\\\/#organization\",\"name\":\"CVI NOTICIAS\",\"url\":\"https:\\\/\\\/cvinoticias.com\\\/v3\\\/\",\"logo\":{\"@type\":\"ImageObject\",\"inLanguage\":\"es\",\"@id\":\"https:\\\/\\\/cvinoticias.com\\\/v3\\\/#\\\/schema\\\/logo\\\/image\\\/\",\"url\":\"https:\\\/\\\/cvinoticias.com\\\/wp-content\\\/uploads\\\/2023\\\/04\\\/cropped-cropped-cropped-cropped-cropped-3-1.png\",\"contentUrl\":\"https:\\\/\\\/cvinoticias.com\\\/wp-content\\\/uploads\\\/2023\\\/04\\\/cropped-cropped-cropped-cropped-cropped-3-1.png\",\"width\":95,\"height\":122,\"caption\":\"CVI NOTICIAS\"},\"image\":{\"@id\":\"https:\\\/\\\/cvinoticias.com\\\/v3\\\/#\\\/schema\\\/logo\\\/image\\\/\"},\"sameAs\":[\"https:\\\/\\\/www.facebook.com\\\/cvinoticias\",\"https:\\\/\\\/www.instagram.com\\\/cvinoticias\\\/\",\"https:\\\/\\\/www.youtube.com\\\/@CVINOTICIAS\"]},{\"@type\":\"Person\",\"@id\":\"https:\\\/\\\/cvinoticias.com\\\/v3\\\/#\\\/schema\\\/person\\\/2db77e3c6bc03c538495d7b2b8be9b66\",\"name\":\"f1000024\",\"image\":{\"@type\":\"ImageObject\",\"inLanguage\":\"es\",\"@id\":\"https:\\\/\\\/secure.gravatar.com\\\/avatar\\\/d4fe7459cfc51ff5129ce1a732bbef5928568b8092d412ef95611616376bbeed?s=96&d=mm&r=g\",\"url\":\"https:\\\/\\\/secure.gravatar.com\\\/avatar\\\/d4fe7459cfc51ff5129ce1a732bbef5928568b8092d412ef95611616376bbeed?s=96&d=mm&r=g\",\"contentUrl\":\"https:\\\/\\\/secure.gravatar.com\\\/avatar\\\/d4fe7459cfc51ff5129ce1a732bbef5928568b8092d412ef95611616376bbeed?s=96&d=mm&r=g\",\"caption\":\"f1000024\"},\"url\":\"https:\\\/\\\/cvinoticias.com\\\/v3\\\/author\\\/f1000024\\\/\"}]}<\/script>\n<!-- \/ Yoast SEO plugin. -->","yoast_head_json":{"title":"Iguaz\u00fa: Se realiz\u00f3 la presentaci\u00f3n del primer diccionario mbya guaran\u00ed espa\u00f1ol | CVI NOTICIAS","robots":{"index":"index","follow":"follow","max-snippet":"max-snippet:-1","max-image-preview":"max-image-preview:large","max-video-preview":"max-video-preview:-1"},"canonical":"https:\/\/cvinoticias.com\/v3\/se-realizo-la-presentacion-del-primer-diccionario-mbya-guarani-espanol\/","og_locale":"es_ES","og_type":"article","og_title":"Iguaz\u00fa: Se realiz\u00f3 la presentaci\u00f3n del primer diccionario mbya guaran\u00ed espa\u00f1ol | CVI NOTICIAS","og_description":"El primer diccionario mbya Ayvu\/Espa\u00f1ol anexo pentatraductor Mbya\/Espa\u00f1ol\/Guaran\u00ed\/Portugu\u00e9s\/Ingl\u00e9s, fue presentado por el profesor y director de la Escuela Yasy Por\u00e1, Javier Rodas, en la ma\u00f1ana de hoy martes 15 de agosto en el establecimiento educativo Bop N\u00b0 117, de la Aldea Yryap\u00fa. Dicho diccionario represent\u00f3 a Misiones en la Feria Internacional del Libro de Buenos [&hellip;]","og_url":"https:\/\/cvinoticias.com\/v3\/se-realizo-la-presentacion-del-primer-diccionario-mbya-guarani-espanol\/","og_site_name":"CVI NOTICIAS","article_publisher":"https:\/\/www.facebook.com\/cvinoticias","article_published_time":"2023-08-15T15:22:11+00:00","article_modified_time":"2023-08-15T15:23:20+00:00","og_image":[{"width":833,"height":829,"url":"https:\/\/cvinoticias.com\/wp-content\/uploads\/2023\/08\/IMG-20230815-WA0012.jpg","type":"image\/jpeg"}],"author":"f1000024","twitter_card":"summary_large_image","twitter_misc":{"Escrito por":"f1000024","Tiempo de lectura":"1 minuto"},"schema":{"@context":"https:\/\/schema.org","@graph":[{"@type":"Article","@id":"https:\/\/cvinoticias.com\/v3\/se-realizo-la-presentacion-del-primer-diccionario-mbya-guarani-espanol\/#article","isPartOf":{"@id":"https:\/\/cvinoticias.com\/v3\/se-realizo-la-presentacion-del-primer-diccionario-mbya-guarani-espanol\/"},"author":{"name":"f1000024","@id":"https:\/\/cvinoticias.com\/v3\/#\/schema\/person\/2db77e3c6bc03c538495d7b2b8be9b66"},"headline":"Iguaz\u00fa: Se realiz\u00f3 la presentaci\u00f3n del primer diccionario mbya guaran\u00ed espa\u00f1ol","datePublished":"2023-08-15T15:22:11+00:00","dateModified":"2023-08-15T15:23:20+00:00","mainEntityOfPage":{"@id":"https:\/\/cvinoticias.com\/v3\/se-realizo-la-presentacion-del-primer-diccionario-mbya-guarani-espanol\/"},"wordCount":188,"commentCount":0,"publisher":{"@id":"https:\/\/cvinoticias.com\/v3\/#organization"},"image":{"@id":"https:\/\/cvinoticias.com\/v3\/se-realizo-la-presentacion-del-primer-diccionario-mbya-guarani-espanol\/#primaryimage"},"thumbnailUrl":"https:\/\/cvinoticias.com\/wp-content\/uploads\/2023\/08\/IMG-20230815-WA0012.jpg","articleSection":["Locales"],"inLanguage":"es","potentialAction":[{"@type":"CommentAction","name":"Comment","target":["https:\/\/cvinoticias.com\/v3\/se-realizo-la-presentacion-del-primer-diccionario-mbya-guarani-espanol\/#respond"]}]},{"@type":"WebPage","@id":"https:\/\/cvinoticias.com\/v3\/se-realizo-la-presentacion-del-primer-diccionario-mbya-guarani-espanol\/","url":"https:\/\/cvinoticias.com\/v3\/se-realizo-la-presentacion-del-primer-diccionario-mbya-guarani-espanol\/","name":"Iguaz\u00fa: Se realiz\u00f3 la presentaci\u00f3n del primer diccionario mbya guaran\u00ed espa\u00f1ol | CVI NOTICIAS","isPartOf":{"@id":"https:\/\/cvinoticias.com\/v3\/#website"},"primaryImageOfPage":{"@id":"https:\/\/cvinoticias.com\/v3\/se-realizo-la-presentacion-del-primer-diccionario-mbya-guarani-espanol\/#primaryimage"},"image":{"@id":"https:\/\/cvinoticias.com\/v3\/se-realizo-la-presentacion-del-primer-diccionario-mbya-guarani-espanol\/#primaryimage"},"thumbnailUrl":"https:\/\/cvinoticias.com\/wp-content\/uploads\/2023\/08\/IMG-20230815-WA0012.jpg","datePublished":"2023-08-15T15:22:11+00:00","dateModified":"2023-08-15T15:23:20+00:00","breadcrumb":{"@id":"https:\/\/cvinoticias.com\/v3\/se-realizo-la-presentacion-del-primer-diccionario-mbya-guarani-espanol\/#breadcrumb"},"inLanguage":"es","potentialAction":[{"@type":"ReadAction","target":["https:\/\/cvinoticias.com\/v3\/se-realizo-la-presentacion-del-primer-diccionario-mbya-guarani-espanol\/"]}]},{"@type":"ImageObject","inLanguage":"es","@id":"https:\/\/cvinoticias.com\/v3\/se-realizo-la-presentacion-del-primer-diccionario-mbya-guarani-espanol\/#primaryimage","url":"https:\/\/cvinoticias.com\/wp-content\/uploads\/2023\/08\/IMG-20230815-WA0012.jpg","contentUrl":"https:\/\/cvinoticias.com\/wp-content\/uploads\/2023\/08\/IMG-20230815-WA0012.jpg","width":833,"height":829},{"@type":"BreadcrumbList","@id":"https:\/\/cvinoticias.com\/v3\/se-realizo-la-presentacion-del-primer-diccionario-mbya-guarani-espanol\/#breadcrumb","itemListElement":[{"@type":"ListItem","position":1,"name":"Portada","item":"https:\/\/cvinoticias.com\/v3\/"},{"@type":"ListItem","position":2,"name":"Iguaz\u00fa: Se realiz\u00f3 la presentaci\u00f3n del primer diccionario mbya guaran\u00ed espa\u00f1ol"}]},{"@type":"WebSite","@id":"https:\/\/cvinoticias.com\/v3\/#website","url":"https:\/\/cvinoticias.com\/v3\/","name":"CVI NOTICIAS","description":"","publisher":{"@id":"https:\/\/cvinoticias.com\/v3\/#organization"},"alternateName":"CVI","potentialAction":[{"@type":"SearchAction","target":{"@type":"EntryPoint","urlTemplate":"https:\/\/cvinoticias.com\/v3\/?s={search_term_string}"},"query-input":{"@type":"PropertyValueSpecification","valueRequired":true,"valueName":"search_term_string"}}],"inLanguage":"es"},{"@type":"Organization","@id":"https:\/\/cvinoticias.com\/v3\/#organization","name":"CVI NOTICIAS","url":"https:\/\/cvinoticias.com\/v3\/","logo":{"@type":"ImageObject","inLanguage":"es","@id":"https:\/\/cvinoticias.com\/v3\/#\/schema\/logo\/image\/","url":"https:\/\/cvinoticias.com\/wp-content\/uploads\/2023\/04\/cropped-cropped-cropped-cropped-cropped-3-1.png","contentUrl":"https:\/\/cvinoticias.com\/wp-content\/uploads\/2023\/04\/cropped-cropped-cropped-cropped-cropped-3-1.png","width":95,"height":122,"caption":"CVI NOTICIAS"},"image":{"@id":"https:\/\/cvinoticias.com\/v3\/#\/schema\/logo\/image\/"},"sameAs":["https:\/\/www.facebook.com\/cvinoticias","https:\/\/www.instagram.com\/cvinoticias\/","https:\/\/www.youtube.com\/@CVINOTICIAS"]},{"@type":"Person","@id":"https:\/\/cvinoticias.com\/v3\/#\/schema\/person\/2db77e3c6bc03c538495d7b2b8be9b66","name":"f1000024","image":{"@type":"ImageObject","inLanguage":"es","@id":"https:\/\/secure.gravatar.com\/avatar\/d4fe7459cfc51ff5129ce1a732bbef5928568b8092d412ef95611616376bbeed?s=96&d=mm&r=g","url":"https:\/\/secure.gravatar.com\/avatar\/d4fe7459cfc51ff5129ce1a732bbef5928568b8092d412ef95611616376bbeed?s=96&d=mm&r=g","contentUrl":"https:\/\/secure.gravatar.com\/avatar\/d4fe7459cfc51ff5129ce1a732bbef5928568b8092d412ef95611616376bbeed?s=96&d=mm&r=g","caption":"f1000024"},"url":"https:\/\/cvinoticias.com\/v3\/author\/f1000024\/"}]}},"_links":{"self":[{"href":"https:\/\/cvinoticias.com\/v3\/wp-json\/wp\/v2\/posts\/27150","targetHints":{"allow":["GET"]}}],"collection":[{"href":"https:\/\/cvinoticias.com\/v3\/wp-json\/wp\/v2\/posts"}],"about":[{"href":"https:\/\/cvinoticias.com\/v3\/wp-json\/wp\/v2\/types\/post"}],"author":[{"embeddable":true,"href":"https:\/\/cvinoticias.com\/v3\/wp-json\/wp\/v2\/users\/2"}],"replies":[{"embeddable":true,"href":"https:\/\/cvinoticias.com\/v3\/wp-json\/wp\/v2\/comments?post=27150"}],"version-history":[{"count":2,"href":"https:\/\/cvinoticias.com\/v3\/wp-json\/wp\/v2\/posts\/27150\/revisions"}],"predecessor-version":[{"id":27156,"href":"https:\/\/cvinoticias.com\/v3\/wp-json\/wp\/v2\/posts\/27150\/revisions\/27156"}],"wp:featuredmedia":[{"embeddable":true,"href":"https:\/\/cvinoticias.com\/v3\/wp-json\/wp\/v2\/media\/27153"}],"wp:attachment":[{"href":"https:\/\/cvinoticias.com\/v3\/wp-json\/wp\/v2\/media?parent=27150"}],"wp:term":[{"taxonomy":"category","embeddable":true,"href":"https:\/\/cvinoticias.com\/v3\/wp-json\/wp\/v2\/categories?post=27150"},{"taxonomy":"post_tag","embeddable":true,"href":"https:\/\/cvinoticias.com\/v3\/wp-json\/wp\/v2\/tags?post=27150"}],"curies":[{"name":"wp","href":"https:\/\/api.w.org\/{rel}","templated":true}]}}