{"id":27147,"date":"2023-08-16T08:46:00","date_gmt":"2023-08-16T08:46:00","guid":{"rendered":"https:\/\/cvinoticias.com\/v3\/?p=27147"},"modified":"2023-08-16T12:38:14","modified_gmt":"2023-08-16T12:38:14","slug":"el-ministerio-de-desarrollo-social-lanzo-un-nuevo-programa-de-pago-mensual-a-quienes-les-corresponde","status":"publish","type":"post","link":"https:\/\/cvinoticias.com\/v3\/el-ministerio-de-desarrollo-social-lanzo-un-nuevo-programa-de-pago-mensual-a-quienes-les-corresponde\/","title":{"rendered":"El Ministerio de Desarrollo Social lanz\u00f3 un nuevo programa de pago mensual: \u00bfa qui\u00e9nes les corresponde?"},"content":{"rendered":"\n<p><strong><em>La cartera conducida por Victoria Tolosa Paz oficializ\u00f3 la creaci\u00f3n de la iniciativa Nacional Cuid\u00e1donos. Estar\u00e1 destinado a personas con consumos problem\u00e1ticos que est\u00e1n atravesando la \u00faltima etapa de un proceso de acompa\u00f1amiento.<\/em><\/strong><\/p>\n\n\n\n<p>El Ministerio de Desarrollo Social oficializ\u00f3 este martes la creaci\u00f3n del Programa Nacional Cuid\u00e1ndonos orientado a personas con consumos problem\u00e1ticos que atraviesen la \u00faltima etapa del proceso de acompa\u00f1amiento de la red federal Sedronar.<\/p>\n\n\n\n<p>A trav\u00e9s de la Resoluci\u00f3n 1612, la iniciativa prev\u00e9 la liquidaci\u00f3n de una prestaci\u00f3n econ\u00f3mica espec\u00edfica y de al menos 6 meses de duraci\u00f3n.<\/p>\n\n\n\n<p>\u00abEl Programa Nacional Cuid\u00e1ndonos tiene como objeto el acompa\u00f1amiento de las personas que est\u00e9n transitando la salida de un tratamiento por consumos problem\u00e1ticos para que puedan construir un proyecto de vida saludable, dentro de su comunidad, sus relaciones afectivas y sus familias; a trav\u00e9s de la formaci\u00f3n para el trabajo y la terminalidad educativa\u00bb, especifica el documento adjunto.<\/p>\n\n\n\n<p>\u00bfC\u00f3mo es el nuevo programa del Ministerio de Desarrollo Social?<\/p>\n\n\n\n<p>La cartera conducida por Victoria Tolosa Paz prev\u00e9 la implementaci\u00f3n del nuevo Programa Nacional Cuid\u00e1ndonos mediante una prestaci\u00f3n econ\u00f3mica individual, no reintegrable, de percepci\u00f3n peri\u00f3dica y duraci\u00f3n determinada.<\/p>\n\n\n\n<p>\u00abEl monto inicial de la prestaci\u00f3n corresponde al 50% del Salario M\u00ednimo Vital y M\u00f3vil (SMVM) establecido por el Consejo del Salario M\u00ednimo Vital y M\u00f3vil vigente a la fecha de creaci\u00f3n del presente programa, que podr\u00e1 ser modificada o actualizada por el Ministerio de Desarrollo Social y conforme las pautas que en cada caso establezca. El pago de la prestaci\u00f3n se realizar\u00e1 con periodicidad mensual\u00bb, ampl\u00eda el inciso 2.<\/p>\n\n\n\n<p>Su activaci\u00f3n estar\u00e1 dada mediante los dispositivos que, en todo el pa\u00eds, actuar\u00e1n como referencia para las personas que ingresen al programa. Mediante la figura del \u00abAcompa\u00f1ante Par\u00bb, que deber\u00e1 acompa\u00f1ar a 10 personas que est\u00e9n atravesando un tratamiento en materia de consumos problem\u00e1ticos de sustancias desde una perspectiva de abordaje integral, territorial y comunitaria.<\/p>\n\n\n\n<p>El padr\u00f3n, en tanto, se constituir\u00e1 a partir de la integraci\u00f3n de los titulares y Acompa\u00f1antes Pares y del ingreso de nuevas postulaciones conforme se establezca en el convenio que se suscriba oportunamente entre la Sedronar y la cartera nacional.<\/p>\n\n\n\n<p>\u00abHasta tanto se concluya el convenio en el marco del presente programa, a fin de garantizar la continuidad de las pol\u00edticas p\u00fablicas implementadas, mantendr\u00e1 su vigencia y conforme sus cl\u00e1usulas los convenios en vigor entre la Sedronar y el Ministerio de Desarrollo Social\u00bb, advierte el texto.<\/p>\n","protected":false},"excerpt":{"rendered":"<p>La cartera conducida por Victoria Tolosa Paz oficializ\u00f3 la creaci\u00f3n de la iniciativa Nacional Cuid\u00e1donos. Estar\u00e1 destinado a personas con consumos problem\u00e1ticos que est\u00e1n atravesando la \u00faltima etapa de un proceso de acompa\u00f1amiento. El Ministerio de Desarrollo Social oficializ\u00f3 este martes la creaci\u00f3n del Programa Nacional Cuid\u00e1ndonos orientado a personas con consumos problem\u00e1ticos que atraviesen [&hellip;]<\/p>\n","protected":false},"author":2,"featured_media":27148,"comment_status":"open","ping_status":"open","sticky":false,"template":"","format":"standard","meta":{"footnotes":""},"categories":[35],"tags":[],"class_list":["post-27147","post","type-post","status-publish","format-standard","has-post-thumbnail","hentry","category-informacion-general"],"yoast_head":"<!-- This site is optimized with the Yoast SEO plugin v27.5 - https:\/\/yoast.com\/product\/yoast-seo-wordpress\/ -->\n<title>El Ministerio de Desarrollo Social lanz\u00f3 un nuevo programa de pago mensual: \u00bfa qui\u00e9nes les corresponde? | CVI NOTICIAS<\/title>\n<meta name=\"robots\" content=\"index, follow, max-snippet:-1, max-image-preview:large, max-video-preview:-1\" \/>\n<link rel=\"canonical\" href=\"https:\/\/cvinoticias.com\/v3\/el-ministerio-de-desarrollo-social-lanzo-un-nuevo-programa-de-pago-mensual-a-quienes-les-corresponde\/\" \/>\n<meta property=\"og:locale\" content=\"es_ES\" \/>\n<meta property=\"og:type\" content=\"article\" \/>\n<meta property=\"og:title\" content=\"El Ministerio de Desarrollo Social lanz\u00f3 un nuevo programa de pago mensual: \u00bfa qui\u00e9nes les corresponde? | CVI NOTICIAS\" \/>\n<meta property=\"og:description\" content=\"La cartera conducida por Victoria Tolosa Paz oficializ\u00f3 la creaci\u00f3n de la iniciativa Nacional Cuid\u00e1donos. Estar\u00e1 destinado a personas con consumos problem\u00e1ticos que est\u00e1n atravesando la \u00faltima etapa de un proceso de acompa\u00f1amiento. El Ministerio de Desarrollo Social oficializ\u00f3 este martes la creaci\u00f3n del Programa Nacional Cuid\u00e1ndonos orientado a personas con consumos problem\u00e1ticos que atraviesen [&hellip;]\" \/>\n<meta property=\"og:url\" content=\"https:\/\/cvinoticias.com\/v3\/el-ministerio-de-desarrollo-social-lanzo-un-nuevo-programa-de-pago-mensual-a-quienes-les-corresponde\/\" \/>\n<meta property=\"og:site_name\" content=\"CVI NOTICIAS\" \/>\n<meta property=\"article:publisher\" content=\"https:\/\/www.facebook.com\/cvinoticias\" \/>\n<meta property=\"article:published_time\" content=\"2023-08-16T08:46:00+00:00\" \/>\n<meta property=\"article:modified_time\" content=\"2023-08-16T12:38:14+00:00\" \/>\n<meta property=\"og:image\" content=\"https:\/\/cvinoticias.com\/wp-content\/uploads\/2023\/08\/Screenshot_20230815_104619_Facebook.jpg\" \/>\n\t<meta property=\"og:image:width\" content=\"1078\" \/>\n\t<meta property=\"og:image:height\" content=\"581\" \/>\n\t<meta property=\"og:image:type\" content=\"image\/jpeg\" \/>\n<meta name=\"author\" content=\"f1000024\" \/>\n<meta name=\"twitter:card\" content=\"summary_large_image\" \/>\n<meta name=\"twitter:label1\" content=\"Escrito por\" \/>\n\t<meta name=\"twitter:data1\" content=\"f1000024\" \/>\n\t<meta name=\"twitter:label2\" content=\"Tiempo de lectura\" \/>\n\t<meta name=\"twitter:data2\" content=\"2 minutos\" \/>\n<script type=\"application\/ld+json\" class=\"yoast-schema-graph\">{\"@context\":\"https:\\\/\\\/schema.org\",\"@graph\":[{\"@type\":\"Article\",\"@id\":\"https:\\\/\\\/cvinoticias.com\\\/v3\\\/el-ministerio-de-desarrollo-social-lanzo-un-nuevo-programa-de-pago-mensual-a-quienes-les-corresponde\\\/#article\",\"isPartOf\":{\"@id\":\"https:\\\/\\\/cvinoticias.com\\\/v3\\\/el-ministerio-de-desarrollo-social-lanzo-un-nuevo-programa-de-pago-mensual-a-quienes-les-corresponde\\\/\"},\"author\":{\"name\":\"f1000024\",\"@id\":\"https:\\\/\\\/cvinoticias.com\\\/v3\\\/#\\\/schema\\\/person\\\/2db77e3c6bc03c538495d7b2b8be9b66\"},\"headline\":\"El Ministerio de Desarrollo Social lanz\u00f3 un nuevo programa de pago mensual: \u00bfa qui\u00e9nes les corresponde?\",\"datePublished\":\"2023-08-16T08:46:00+00:00\",\"dateModified\":\"2023-08-16T12:38:14+00:00\",\"mainEntityOfPage\":{\"@id\":\"https:\\\/\\\/cvinoticias.com\\\/v3\\\/el-ministerio-de-desarrollo-social-lanzo-un-nuevo-programa-de-pago-mensual-a-quienes-les-corresponde\\\/\"},\"wordCount\":461,\"commentCount\":0,\"publisher\":{\"@id\":\"https:\\\/\\\/cvinoticias.com\\\/v3\\\/#organization\"},\"image\":{\"@id\":\"https:\\\/\\\/cvinoticias.com\\\/v3\\\/el-ministerio-de-desarrollo-social-lanzo-un-nuevo-programa-de-pago-mensual-a-quienes-les-corresponde\\\/#primaryimage\"},\"thumbnailUrl\":\"https:\\\/\\\/cvinoticias.com\\\/wp-content\\\/uploads\\\/2023\\\/08\\\/Screenshot_20230815_104619_Facebook.jpg\",\"articleSection\":[\"Informaci\u00f3n General\"],\"inLanguage\":\"es\",\"potentialAction\":[{\"@type\":\"CommentAction\",\"name\":\"Comment\",\"target\":[\"https:\\\/\\\/cvinoticias.com\\\/v3\\\/el-ministerio-de-desarrollo-social-lanzo-un-nuevo-programa-de-pago-mensual-a-quienes-les-corresponde\\\/#respond\"]}]},{\"@type\":\"WebPage\",\"@id\":\"https:\\\/\\\/cvinoticias.com\\\/v3\\\/el-ministerio-de-desarrollo-social-lanzo-un-nuevo-programa-de-pago-mensual-a-quienes-les-corresponde\\\/\",\"url\":\"https:\\\/\\\/cvinoticias.com\\\/v3\\\/el-ministerio-de-desarrollo-social-lanzo-un-nuevo-programa-de-pago-mensual-a-quienes-les-corresponde\\\/\",\"name\":\"El Ministerio de Desarrollo Social lanz\u00f3 un nuevo programa de pago mensual: \u00bfa qui\u00e9nes les corresponde? | CVI NOTICIAS\",\"isPartOf\":{\"@id\":\"https:\\\/\\\/cvinoticias.com\\\/v3\\\/#website\"},\"primaryImageOfPage\":{\"@id\":\"https:\\\/\\\/cvinoticias.com\\\/v3\\\/el-ministerio-de-desarrollo-social-lanzo-un-nuevo-programa-de-pago-mensual-a-quienes-les-corresponde\\\/#primaryimage\"},\"image\":{\"@id\":\"https:\\\/\\\/cvinoticias.com\\\/v3\\\/el-ministerio-de-desarrollo-social-lanzo-un-nuevo-programa-de-pago-mensual-a-quienes-les-corresponde\\\/#primaryimage\"},\"thumbnailUrl\":\"https:\\\/\\\/cvinoticias.com\\\/wp-content\\\/uploads\\\/2023\\\/08\\\/Screenshot_20230815_104619_Facebook.jpg\",\"datePublished\":\"2023-08-16T08:46:00+00:00\",\"dateModified\":\"2023-08-16T12:38:14+00:00\",\"breadcrumb\":{\"@id\":\"https:\\\/\\\/cvinoticias.com\\\/v3\\\/el-ministerio-de-desarrollo-social-lanzo-un-nuevo-programa-de-pago-mensual-a-quienes-les-corresponde\\\/#breadcrumb\"},\"inLanguage\":\"es\",\"potentialAction\":[{\"@type\":\"ReadAction\",\"target\":[\"https:\\\/\\\/cvinoticias.com\\\/v3\\\/el-ministerio-de-desarrollo-social-lanzo-un-nuevo-programa-de-pago-mensual-a-quienes-les-corresponde\\\/\"]}]},{\"@type\":\"ImageObject\",\"inLanguage\":\"es\",\"@id\":\"https:\\\/\\\/cvinoticias.com\\\/v3\\\/el-ministerio-de-desarrollo-social-lanzo-un-nuevo-programa-de-pago-mensual-a-quienes-les-corresponde\\\/#primaryimage\",\"url\":\"https:\\\/\\\/cvinoticias.com\\\/wp-content\\\/uploads\\\/2023\\\/08\\\/Screenshot_20230815_104619_Facebook.jpg\",\"contentUrl\":\"https:\\\/\\\/cvinoticias.com\\\/wp-content\\\/uploads\\\/2023\\\/08\\\/Screenshot_20230815_104619_Facebook.jpg\",\"width\":1078,\"height\":581},{\"@type\":\"BreadcrumbList\",\"@id\":\"https:\\\/\\\/cvinoticias.com\\\/v3\\\/el-ministerio-de-desarrollo-social-lanzo-un-nuevo-programa-de-pago-mensual-a-quienes-les-corresponde\\\/#breadcrumb\",\"itemListElement\":[{\"@type\":\"ListItem\",\"position\":1,\"name\":\"Portada\",\"item\":\"https:\\\/\\\/cvinoticias.com\\\/v3\\\/\"},{\"@type\":\"ListItem\",\"position\":2,\"name\":\"El Ministerio de Desarrollo Social lanz\u00f3 un nuevo programa de pago mensual: \u00bfa qui\u00e9nes les corresponde?\"}]},{\"@type\":\"WebSite\",\"@id\":\"https:\\\/\\\/cvinoticias.com\\\/v3\\\/#website\",\"url\":\"https:\\\/\\\/cvinoticias.com\\\/v3\\\/\",\"name\":\"CVI NOTICIAS\",\"description\":\"\",\"publisher\":{\"@id\":\"https:\\\/\\\/cvinoticias.com\\\/v3\\\/#organization\"},\"alternateName\":\"CVI\",\"potentialAction\":[{\"@type\":\"SearchAction\",\"target\":{\"@type\":\"EntryPoint\",\"urlTemplate\":\"https:\\\/\\\/cvinoticias.com\\\/v3\\\/?s={search_term_string}\"},\"query-input\":{\"@type\":\"PropertyValueSpecification\",\"valueRequired\":true,\"valueName\":\"search_term_string\"}}],\"inLanguage\":\"es\"},{\"@type\":\"Organization\",\"@id\":\"https:\\\/\\\/cvinoticias.com\\\/v3\\\/#organization\",\"name\":\"CVI NOTICIAS\",\"url\":\"https:\\\/\\\/cvinoticias.com\\\/v3\\\/\",\"logo\":{\"@type\":\"ImageObject\",\"inLanguage\":\"es\",\"@id\":\"https:\\\/\\\/cvinoticias.com\\\/v3\\\/#\\\/schema\\\/logo\\\/image\\\/\",\"url\":\"https:\\\/\\\/cvinoticias.com\\\/wp-content\\\/uploads\\\/2023\\\/04\\\/cropped-cropped-cropped-cropped-cropped-3-1.png\",\"contentUrl\":\"https:\\\/\\\/cvinoticias.com\\\/wp-content\\\/uploads\\\/2023\\\/04\\\/cropped-cropped-cropped-cropped-cropped-3-1.png\",\"width\":95,\"height\":122,\"caption\":\"CVI NOTICIAS\"},\"image\":{\"@id\":\"https:\\\/\\\/cvinoticias.com\\\/v3\\\/#\\\/schema\\\/logo\\\/image\\\/\"},\"sameAs\":[\"https:\\\/\\\/www.facebook.com\\\/cvinoticias\",\"https:\\\/\\\/www.instagram.com\\\/cvinoticias\\\/\",\"https:\\\/\\\/www.youtube.com\\\/@CVINOTICIAS\"]},{\"@type\":\"Person\",\"@id\":\"https:\\\/\\\/cvinoticias.com\\\/v3\\\/#\\\/schema\\\/person\\\/2db77e3c6bc03c538495d7b2b8be9b66\",\"name\":\"f1000024\",\"image\":{\"@type\":\"ImageObject\",\"inLanguage\":\"es\",\"@id\":\"https:\\\/\\\/secure.gravatar.com\\\/avatar\\\/d4fe7459cfc51ff5129ce1a732bbef5928568b8092d412ef95611616376bbeed?s=96&d=mm&r=g\",\"url\":\"https:\\\/\\\/secure.gravatar.com\\\/avatar\\\/d4fe7459cfc51ff5129ce1a732bbef5928568b8092d412ef95611616376bbeed?s=96&d=mm&r=g\",\"contentUrl\":\"https:\\\/\\\/secure.gravatar.com\\\/avatar\\\/d4fe7459cfc51ff5129ce1a732bbef5928568b8092d412ef95611616376bbeed?s=96&d=mm&r=g\",\"caption\":\"f1000024\"},\"url\":\"https:\\\/\\\/cvinoticias.com\\\/v3\\\/author\\\/f1000024\\\/\"}]}<\/script>\n<!-- \/ Yoast SEO plugin. -->","yoast_head_json":{"title":"El Ministerio de Desarrollo Social lanz\u00f3 un nuevo programa de pago mensual: \u00bfa qui\u00e9nes les corresponde? | CVI NOTICIAS","robots":{"index":"index","follow":"follow","max-snippet":"max-snippet:-1","max-image-preview":"max-image-preview:large","max-video-preview":"max-video-preview:-1"},"canonical":"https:\/\/cvinoticias.com\/v3\/el-ministerio-de-desarrollo-social-lanzo-un-nuevo-programa-de-pago-mensual-a-quienes-les-corresponde\/","og_locale":"es_ES","og_type":"article","og_title":"El Ministerio de Desarrollo Social lanz\u00f3 un nuevo programa de pago mensual: \u00bfa qui\u00e9nes les corresponde? | CVI NOTICIAS","og_description":"La cartera conducida por Victoria Tolosa Paz oficializ\u00f3 la creaci\u00f3n de la iniciativa Nacional Cuid\u00e1donos. Estar\u00e1 destinado a personas con consumos problem\u00e1ticos que est\u00e1n atravesando la \u00faltima etapa de un proceso de acompa\u00f1amiento. El Ministerio de Desarrollo Social oficializ\u00f3 este martes la creaci\u00f3n del Programa Nacional Cuid\u00e1ndonos orientado a personas con consumos problem\u00e1ticos que atraviesen [&hellip;]","og_url":"https:\/\/cvinoticias.com\/v3\/el-ministerio-de-desarrollo-social-lanzo-un-nuevo-programa-de-pago-mensual-a-quienes-les-corresponde\/","og_site_name":"CVI NOTICIAS","article_publisher":"https:\/\/www.facebook.com\/cvinoticias","article_published_time":"2023-08-16T08:46:00+00:00","article_modified_time":"2023-08-16T12:38:14+00:00","og_image":[{"width":1078,"height":581,"url":"https:\/\/cvinoticias.com\/wp-content\/uploads\/2023\/08\/Screenshot_20230815_104619_Facebook.jpg","type":"image\/jpeg"}],"author":"f1000024","twitter_card":"summary_large_image","twitter_misc":{"Escrito por":"f1000024","Tiempo de lectura":"2 minutos"},"schema":{"@context":"https:\/\/schema.org","@graph":[{"@type":"Article","@id":"https:\/\/cvinoticias.com\/v3\/el-ministerio-de-desarrollo-social-lanzo-un-nuevo-programa-de-pago-mensual-a-quienes-les-corresponde\/#article","isPartOf":{"@id":"https:\/\/cvinoticias.com\/v3\/el-ministerio-de-desarrollo-social-lanzo-un-nuevo-programa-de-pago-mensual-a-quienes-les-corresponde\/"},"author":{"name":"f1000024","@id":"https:\/\/cvinoticias.com\/v3\/#\/schema\/person\/2db77e3c6bc03c538495d7b2b8be9b66"},"headline":"El Ministerio de Desarrollo Social lanz\u00f3 un nuevo programa de pago mensual: \u00bfa qui\u00e9nes les corresponde?","datePublished":"2023-08-16T08:46:00+00:00","dateModified":"2023-08-16T12:38:14+00:00","mainEntityOfPage":{"@id":"https:\/\/cvinoticias.com\/v3\/el-ministerio-de-desarrollo-social-lanzo-un-nuevo-programa-de-pago-mensual-a-quienes-les-corresponde\/"},"wordCount":461,"commentCount":0,"publisher":{"@id":"https:\/\/cvinoticias.com\/v3\/#organization"},"image":{"@id":"https:\/\/cvinoticias.com\/v3\/el-ministerio-de-desarrollo-social-lanzo-un-nuevo-programa-de-pago-mensual-a-quienes-les-corresponde\/#primaryimage"},"thumbnailUrl":"https:\/\/cvinoticias.com\/wp-content\/uploads\/2023\/08\/Screenshot_20230815_104619_Facebook.jpg","articleSection":["Informaci\u00f3n General"],"inLanguage":"es","potentialAction":[{"@type":"CommentAction","name":"Comment","target":["https:\/\/cvinoticias.com\/v3\/el-ministerio-de-desarrollo-social-lanzo-un-nuevo-programa-de-pago-mensual-a-quienes-les-corresponde\/#respond"]}]},{"@type":"WebPage","@id":"https:\/\/cvinoticias.com\/v3\/el-ministerio-de-desarrollo-social-lanzo-un-nuevo-programa-de-pago-mensual-a-quienes-les-corresponde\/","url":"https:\/\/cvinoticias.com\/v3\/el-ministerio-de-desarrollo-social-lanzo-un-nuevo-programa-de-pago-mensual-a-quienes-les-corresponde\/","name":"El Ministerio de Desarrollo Social lanz\u00f3 un nuevo programa de pago mensual: \u00bfa qui\u00e9nes les corresponde? | CVI NOTICIAS","isPartOf":{"@id":"https:\/\/cvinoticias.com\/v3\/#website"},"primaryImageOfPage":{"@id":"https:\/\/cvinoticias.com\/v3\/el-ministerio-de-desarrollo-social-lanzo-un-nuevo-programa-de-pago-mensual-a-quienes-les-corresponde\/#primaryimage"},"image":{"@id":"https:\/\/cvinoticias.com\/v3\/el-ministerio-de-desarrollo-social-lanzo-un-nuevo-programa-de-pago-mensual-a-quienes-les-corresponde\/#primaryimage"},"thumbnailUrl":"https:\/\/cvinoticias.com\/wp-content\/uploads\/2023\/08\/Screenshot_20230815_104619_Facebook.jpg","datePublished":"2023-08-16T08:46:00+00:00","dateModified":"2023-08-16T12:38:14+00:00","breadcrumb":{"@id":"https:\/\/cvinoticias.com\/v3\/el-ministerio-de-desarrollo-social-lanzo-un-nuevo-programa-de-pago-mensual-a-quienes-les-corresponde\/#breadcrumb"},"inLanguage":"es","potentialAction":[{"@type":"ReadAction","target":["https:\/\/cvinoticias.com\/v3\/el-ministerio-de-desarrollo-social-lanzo-un-nuevo-programa-de-pago-mensual-a-quienes-les-corresponde\/"]}]},{"@type":"ImageObject","inLanguage":"es","@id":"https:\/\/cvinoticias.com\/v3\/el-ministerio-de-desarrollo-social-lanzo-un-nuevo-programa-de-pago-mensual-a-quienes-les-corresponde\/#primaryimage","url":"https:\/\/cvinoticias.com\/wp-content\/uploads\/2023\/08\/Screenshot_20230815_104619_Facebook.jpg","contentUrl":"https:\/\/cvinoticias.com\/wp-content\/uploads\/2023\/08\/Screenshot_20230815_104619_Facebook.jpg","width":1078,"height":581},{"@type":"BreadcrumbList","@id":"https:\/\/cvinoticias.com\/v3\/el-ministerio-de-desarrollo-social-lanzo-un-nuevo-programa-de-pago-mensual-a-quienes-les-corresponde\/#breadcrumb","itemListElement":[{"@type":"ListItem","position":1,"name":"Portada","item":"https:\/\/cvinoticias.com\/v3\/"},{"@type":"ListItem","position":2,"name":"El Ministerio de Desarrollo Social lanz\u00f3 un nuevo programa de pago mensual: \u00bfa qui\u00e9nes les corresponde?"}]},{"@type":"WebSite","@id":"https:\/\/cvinoticias.com\/v3\/#website","url":"https:\/\/cvinoticias.com\/v3\/","name":"CVI NOTICIAS","description":"","publisher":{"@id":"https:\/\/cvinoticias.com\/v3\/#organization"},"alternateName":"CVI","potentialAction":[{"@type":"SearchAction","target":{"@type":"EntryPoint","urlTemplate":"https:\/\/cvinoticias.com\/v3\/?s={search_term_string}"},"query-input":{"@type":"PropertyValueSpecification","valueRequired":true,"valueName":"search_term_string"}}],"inLanguage":"es"},{"@type":"Organization","@id":"https:\/\/cvinoticias.com\/v3\/#organization","name":"CVI NOTICIAS","url":"https:\/\/cvinoticias.com\/v3\/","logo":{"@type":"ImageObject","inLanguage":"es","@id":"https:\/\/cvinoticias.com\/v3\/#\/schema\/logo\/image\/","url":"https:\/\/cvinoticias.com\/wp-content\/uploads\/2023\/04\/cropped-cropped-cropped-cropped-cropped-3-1.png","contentUrl":"https:\/\/cvinoticias.com\/wp-content\/uploads\/2023\/04\/cropped-cropped-cropped-cropped-cropped-3-1.png","width":95,"height":122,"caption":"CVI NOTICIAS"},"image":{"@id":"https:\/\/cvinoticias.com\/v3\/#\/schema\/logo\/image\/"},"sameAs":["https:\/\/www.facebook.com\/cvinoticias","https:\/\/www.instagram.com\/cvinoticias\/","https:\/\/www.youtube.com\/@CVINOTICIAS"]},{"@type":"Person","@id":"https:\/\/cvinoticias.com\/v3\/#\/schema\/person\/2db77e3c6bc03c538495d7b2b8be9b66","name":"f1000024","image":{"@type":"ImageObject","inLanguage":"es","@id":"https:\/\/secure.gravatar.com\/avatar\/d4fe7459cfc51ff5129ce1a732bbef5928568b8092d412ef95611616376bbeed?s=96&d=mm&r=g","url":"https:\/\/secure.gravatar.com\/avatar\/d4fe7459cfc51ff5129ce1a732bbef5928568b8092d412ef95611616376bbeed?s=96&d=mm&r=g","contentUrl":"https:\/\/secure.gravatar.com\/avatar\/d4fe7459cfc51ff5129ce1a732bbef5928568b8092d412ef95611616376bbeed?s=96&d=mm&r=g","caption":"f1000024"},"url":"https:\/\/cvinoticias.com\/v3\/author\/f1000024\/"}]}},"_links":{"self":[{"href":"https:\/\/cvinoticias.com\/v3\/wp-json\/wp\/v2\/posts\/27147","targetHints":{"allow":["GET"]}}],"collection":[{"href":"https:\/\/cvinoticias.com\/v3\/wp-json\/wp\/v2\/posts"}],"about":[{"href":"https:\/\/cvinoticias.com\/v3\/wp-json\/wp\/v2\/types\/post"}],"author":[{"embeddable":true,"href":"https:\/\/cvinoticias.com\/v3\/wp-json\/wp\/v2\/users\/2"}],"replies":[{"embeddable":true,"href":"https:\/\/cvinoticias.com\/v3\/wp-json\/wp\/v2\/comments?post=27147"}],"version-history":[{"count":2,"href":"https:\/\/cvinoticias.com\/v3\/wp-json\/wp\/v2\/posts\/27147\/revisions"}],"predecessor-version":[{"id":27182,"href":"https:\/\/cvinoticias.com\/v3\/wp-json\/wp\/v2\/posts\/27147\/revisions\/27182"}],"wp:featuredmedia":[{"embeddable":true,"href":"https:\/\/cvinoticias.com\/v3\/wp-json\/wp\/v2\/media\/27148"}],"wp:attachment":[{"href":"https:\/\/cvinoticias.com\/v3\/wp-json\/wp\/v2\/media?parent=27147"}],"wp:term":[{"taxonomy":"category","embeddable":true,"href":"https:\/\/cvinoticias.com\/v3\/wp-json\/wp\/v2\/categories?post=27147"},{"taxonomy":"post_tag","embeddable":true,"href":"https:\/\/cvinoticias.com\/v3\/wp-json\/wp\/v2\/tags?post=27147"}],"curies":[{"name":"wp","href":"https:\/\/api.w.org\/{rel}","templated":true}]}}