{"id":27141,"date":"2023-08-15T11:53:35","date_gmt":"2023-08-15T11:53:35","guid":{"rendered":"https:\/\/cvinoticias.com\/v3\/?p=27141"},"modified":"2023-08-15T11:53:35","modified_gmt":"2023-08-15T11:53:35","slug":"circula-una-nueva-variante-de-coronavirus-ya-se-registraron-dos-casos-en-el-pais","status":"publish","type":"post","link":"https:\/\/cvinoticias.com\/v3\/circula-una-nueva-variante-de-coronavirus-ya-se-registraron-dos-casos-en-el-pais\/","title":{"rendered":"Circula una nueva variante de coronavirus: ya se registraron dos casos en el pa\u00eds"},"content":{"rendered":"\n<p><strong><em>Expertos afirman que no presenta riesgos mayores en comparaci\u00f3n con otras variantes y explican su situaci\u00f3n en el contexto internacional<\/em><\/strong><\/p>\n\n\n\n<p>La variante de coronavirus denominada EG.5 hizo su aparici\u00f3n en Argentina, siendo detectados dos casos de esta cepa en el pa\u00eds. Aunque fue considerada Variante de Inter\u00e9s por la Organizaci\u00f3n Mundial de la Salud (OMS), expertos se\u00f1alan que no presenta propiedades biol\u00f3gicas que generen un riesgo mayor en comparaci\u00f3n con otras sublinajes ya existentes.<\/p>\n\n\n\n<p>De acuerdo con el Bolet\u00edn Epidemiol\u00f3gico del Ministerio de Salud, estos dos casos aislados de la variante EG.5 fueron identificados recientemente. Uno de los casos fue detectado a trav\u00e9s de la vigilancia de virus respiratorios en las Unidades de Monitoreo Ambulatorio (UMAs) en C\u00f3rdoba, mientras que el otro caso tiene residencia en la Ciudad de Buenos Aires. Estos casos fueron identificados gracias a la vigilancia gen\u00f3mica realizada por la Red Federal de Gen\u00f3mica y Bioinform\u00e1tica.<\/p>\n\n\n\n<p>La OMS design\u00f3 a la variante EG.5 como Variante de Inter\u00e9s el pasado 9 de agosto debido al aumento de su prevalencia en diversos pa\u00edses, incluyendo China, Estados Unidos, Corea, Jap\u00f3n, Reino Unido, Francia, Portugal y Espa\u00f1a.<\/p>\n\n\n\n<p>A pesar de su designaci\u00f3n como Variante de Inter\u00e9s, el vir\u00f3logo Humberto Debat del INTA explic\u00f3 que el aumento en la frecuencia de esta variante est\u00e1 relacionado con factores de inmunidad poblacional, m\u00e1s que con su mayor peligrosidad. Debat enfatiz\u00f3 que esta variante no es m\u00e1s evasiva en t\u00e9rminos de inmunidad que otros sublinajes de \u00d3micron, y los experimentos in vitro demostraron que no es m\u00e1s infectiva ni presenta mayores riesgos biol\u00f3gicos que otras variantes existentes en la actualidad.<\/p>\n\n\n\n<p>La situaci\u00f3n de las variantes en Argentina se caracteriza actualmente por la circulaci\u00f3n exclusiva de la variante \u00d3micron. En relaci\u00f3n con los linajes de \u00d3micron, se observ\u00f3 la predominancia de las variantes BQ.1* y XBB* desde finales de noviembre de 2022.<\/p>\n\n\n\n<p>A nivel mundial, la variante XBB.1.16 sigue siendo la Variante de Inter\u00e9s m\u00e1s frecuente, presente en 101 pa\u00edses desde su aparici\u00f3n. Su prevalencia aument\u00f3 del 22,2% en la semana epidemiol\u00f3gica 25 al 25,2% en la semana epidemiol\u00f3gica 29.<\/p>\n","protected":false},"excerpt":{"rendered":"<p>Expertos afirman que no presenta riesgos mayores en comparaci\u00f3n con otras variantes y explican su situaci\u00f3n en el contexto internacional La variante de coronavirus denominada EG.5 hizo su aparici\u00f3n en Argentina, siendo detectados dos casos de esta cepa en el pa\u00eds. Aunque fue considerada Variante de Inter\u00e9s por la Organizaci\u00f3n Mundial de la Salud (OMS), [&hellip;]<\/p>\n","protected":false},"author":2,"featured_media":27142,"comment_status":"open","ping_status":"open","sticky":false,"template":"","format":"standard","meta":{"footnotes":""},"categories":[22],"tags":[],"class_list":["post-27141","post","type-post","status-publish","format-standard","has-post-thumbnail","hentry","category-salud"],"yoast_head":"<!-- This site is optimized with the Yoast SEO plugin v27.5 - https:\/\/yoast.com\/product\/yoast-seo-wordpress\/ -->\n<title>Circula una nueva variante de coronavirus: ya se registraron dos casos en el pa\u00eds | CVI NOTICIAS<\/title>\n<meta name=\"robots\" content=\"index, follow, max-snippet:-1, max-image-preview:large, max-video-preview:-1\" \/>\n<link rel=\"canonical\" href=\"https:\/\/cvinoticias.com\/v3\/circula-una-nueva-variante-de-coronavirus-ya-se-registraron-dos-casos-en-el-pais\/\" \/>\n<meta property=\"og:locale\" content=\"es_ES\" \/>\n<meta property=\"og:type\" content=\"article\" \/>\n<meta property=\"og:title\" content=\"Circula una nueva variante de coronavirus: ya se registraron dos casos en el pa\u00eds | CVI NOTICIAS\" \/>\n<meta property=\"og:description\" content=\"Expertos afirman que no presenta riesgos mayores en comparaci\u00f3n con otras variantes y explican su situaci\u00f3n en el contexto internacional La variante de coronavirus denominada EG.5 hizo su aparici\u00f3n en Argentina, siendo detectados dos casos de esta cepa en el pa\u00eds. Aunque fue considerada Variante de Inter\u00e9s por la Organizaci\u00f3n Mundial de la Salud (OMS), [&hellip;]\" \/>\n<meta property=\"og:url\" content=\"https:\/\/cvinoticias.com\/v3\/circula-una-nueva-variante-de-coronavirus-ya-se-registraron-dos-casos-en-el-pais\/\" \/>\n<meta property=\"og:site_name\" content=\"CVI NOTICIAS\" \/>\n<meta property=\"article:publisher\" content=\"https:\/\/www.facebook.com\/cvinoticias\" \/>\n<meta property=\"article:published_time\" content=\"2023-08-15T11:53:35+00:00\" \/>\n<meta property=\"og:image\" content=\"https:\/\/cvinoticias.com\/wp-content\/uploads\/2023\/08\/Screenshot_20230815_085319_Facebook.jpg\" \/>\n\t<meta property=\"og:image:width\" content=\"1080\" \/>\n\t<meta property=\"og:image:height\" content=\"660\" \/>\n\t<meta property=\"og:image:type\" content=\"image\/jpeg\" \/>\n<meta name=\"author\" content=\"f1000024\" \/>\n<meta name=\"twitter:card\" content=\"summary_large_image\" \/>\n<meta name=\"twitter:label1\" content=\"Escrito por\" \/>\n\t<meta name=\"twitter:data1\" content=\"f1000024\" \/>\n\t<meta name=\"twitter:label2\" content=\"Tiempo de lectura\" \/>\n\t<meta name=\"twitter:data2\" content=\"2 minutos\" \/>\n<script type=\"application\/ld+json\" class=\"yoast-schema-graph\">{\"@context\":\"https:\\\/\\\/schema.org\",\"@graph\":[{\"@type\":\"Article\",\"@id\":\"https:\\\/\\\/cvinoticias.com\\\/v3\\\/circula-una-nueva-variante-de-coronavirus-ya-se-registraron-dos-casos-en-el-pais\\\/#article\",\"isPartOf\":{\"@id\":\"https:\\\/\\\/cvinoticias.com\\\/v3\\\/circula-una-nueva-variante-de-coronavirus-ya-se-registraron-dos-casos-en-el-pais\\\/\"},\"author\":{\"name\":\"f1000024\",\"@id\":\"https:\\\/\\\/cvinoticias.com\\\/v3\\\/#\\\/schema\\\/person\\\/2db77e3c6bc03c538495d7b2b8be9b66\"},\"headline\":\"Circula una nueva variante de coronavirus: ya se registraron dos casos en el pa\u00eds\",\"datePublished\":\"2023-08-15T11:53:35+00:00\",\"mainEntityOfPage\":{\"@id\":\"https:\\\/\\\/cvinoticias.com\\\/v3\\\/circula-una-nueva-variante-de-coronavirus-ya-se-registraron-dos-casos-en-el-pais\\\/\"},\"wordCount\":389,\"commentCount\":0,\"publisher\":{\"@id\":\"https:\\\/\\\/cvinoticias.com\\\/v3\\\/#organization\"},\"image\":{\"@id\":\"https:\\\/\\\/cvinoticias.com\\\/v3\\\/circula-una-nueva-variante-de-coronavirus-ya-se-registraron-dos-casos-en-el-pais\\\/#primaryimage\"},\"thumbnailUrl\":\"https:\\\/\\\/cvinoticias.com\\\/wp-content\\\/uploads\\\/2023\\\/08\\\/Screenshot_20230815_085319_Facebook.jpg\",\"articleSection\":[\"Salud\"],\"inLanguage\":\"es\",\"potentialAction\":[{\"@type\":\"CommentAction\",\"name\":\"Comment\",\"target\":[\"https:\\\/\\\/cvinoticias.com\\\/v3\\\/circula-una-nueva-variante-de-coronavirus-ya-se-registraron-dos-casos-en-el-pais\\\/#respond\"]}]},{\"@type\":\"WebPage\",\"@id\":\"https:\\\/\\\/cvinoticias.com\\\/v3\\\/circula-una-nueva-variante-de-coronavirus-ya-se-registraron-dos-casos-en-el-pais\\\/\",\"url\":\"https:\\\/\\\/cvinoticias.com\\\/v3\\\/circula-una-nueva-variante-de-coronavirus-ya-se-registraron-dos-casos-en-el-pais\\\/\",\"name\":\"Circula una nueva variante de coronavirus: ya se registraron dos casos en el pa\u00eds | CVI NOTICIAS\",\"isPartOf\":{\"@id\":\"https:\\\/\\\/cvinoticias.com\\\/v3\\\/#website\"},\"primaryImageOfPage\":{\"@id\":\"https:\\\/\\\/cvinoticias.com\\\/v3\\\/circula-una-nueva-variante-de-coronavirus-ya-se-registraron-dos-casos-en-el-pais\\\/#primaryimage\"},\"image\":{\"@id\":\"https:\\\/\\\/cvinoticias.com\\\/v3\\\/circula-una-nueva-variante-de-coronavirus-ya-se-registraron-dos-casos-en-el-pais\\\/#primaryimage\"},\"thumbnailUrl\":\"https:\\\/\\\/cvinoticias.com\\\/wp-content\\\/uploads\\\/2023\\\/08\\\/Screenshot_20230815_085319_Facebook.jpg\",\"datePublished\":\"2023-08-15T11:53:35+00:00\",\"breadcrumb\":{\"@id\":\"https:\\\/\\\/cvinoticias.com\\\/v3\\\/circula-una-nueva-variante-de-coronavirus-ya-se-registraron-dos-casos-en-el-pais\\\/#breadcrumb\"},\"inLanguage\":\"es\",\"potentialAction\":[{\"@type\":\"ReadAction\",\"target\":[\"https:\\\/\\\/cvinoticias.com\\\/v3\\\/circula-una-nueva-variante-de-coronavirus-ya-se-registraron-dos-casos-en-el-pais\\\/\"]}]},{\"@type\":\"ImageObject\",\"inLanguage\":\"es\",\"@id\":\"https:\\\/\\\/cvinoticias.com\\\/v3\\\/circula-una-nueva-variante-de-coronavirus-ya-se-registraron-dos-casos-en-el-pais\\\/#primaryimage\",\"url\":\"https:\\\/\\\/cvinoticias.com\\\/wp-content\\\/uploads\\\/2023\\\/08\\\/Screenshot_20230815_085319_Facebook.jpg\",\"contentUrl\":\"https:\\\/\\\/cvinoticias.com\\\/wp-content\\\/uploads\\\/2023\\\/08\\\/Screenshot_20230815_085319_Facebook.jpg\",\"width\":1080,\"height\":660},{\"@type\":\"BreadcrumbList\",\"@id\":\"https:\\\/\\\/cvinoticias.com\\\/v3\\\/circula-una-nueva-variante-de-coronavirus-ya-se-registraron-dos-casos-en-el-pais\\\/#breadcrumb\",\"itemListElement\":[{\"@type\":\"ListItem\",\"position\":1,\"name\":\"Portada\",\"item\":\"https:\\\/\\\/cvinoticias.com\\\/v3\\\/\"},{\"@type\":\"ListItem\",\"position\":2,\"name\":\"Circula una nueva variante de coronavirus: ya se registraron dos casos en el pa\u00eds\"}]},{\"@type\":\"WebSite\",\"@id\":\"https:\\\/\\\/cvinoticias.com\\\/v3\\\/#website\",\"url\":\"https:\\\/\\\/cvinoticias.com\\\/v3\\\/\",\"name\":\"CVI NOTICIAS\",\"description\":\"\",\"publisher\":{\"@id\":\"https:\\\/\\\/cvinoticias.com\\\/v3\\\/#organization\"},\"alternateName\":\"CVI\",\"potentialAction\":[{\"@type\":\"SearchAction\",\"target\":{\"@type\":\"EntryPoint\",\"urlTemplate\":\"https:\\\/\\\/cvinoticias.com\\\/v3\\\/?s={search_term_string}\"},\"query-input\":{\"@type\":\"PropertyValueSpecification\",\"valueRequired\":true,\"valueName\":\"search_term_string\"}}],\"inLanguage\":\"es\"},{\"@type\":\"Organization\",\"@id\":\"https:\\\/\\\/cvinoticias.com\\\/v3\\\/#organization\",\"name\":\"CVI NOTICIAS\",\"url\":\"https:\\\/\\\/cvinoticias.com\\\/v3\\\/\",\"logo\":{\"@type\":\"ImageObject\",\"inLanguage\":\"es\",\"@id\":\"https:\\\/\\\/cvinoticias.com\\\/v3\\\/#\\\/schema\\\/logo\\\/image\\\/\",\"url\":\"https:\\\/\\\/cvinoticias.com\\\/wp-content\\\/uploads\\\/2023\\\/04\\\/cropped-cropped-cropped-cropped-cropped-3-1.png\",\"contentUrl\":\"https:\\\/\\\/cvinoticias.com\\\/wp-content\\\/uploads\\\/2023\\\/04\\\/cropped-cropped-cropped-cropped-cropped-3-1.png\",\"width\":95,\"height\":122,\"caption\":\"CVI NOTICIAS\"},\"image\":{\"@id\":\"https:\\\/\\\/cvinoticias.com\\\/v3\\\/#\\\/schema\\\/logo\\\/image\\\/\"},\"sameAs\":[\"https:\\\/\\\/www.facebook.com\\\/cvinoticias\",\"https:\\\/\\\/www.instagram.com\\\/cvinoticias\\\/\",\"https:\\\/\\\/www.youtube.com\\\/@CVINOTICIAS\"]},{\"@type\":\"Person\",\"@id\":\"https:\\\/\\\/cvinoticias.com\\\/v3\\\/#\\\/schema\\\/person\\\/2db77e3c6bc03c538495d7b2b8be9b66\",\"name\":\"f1000024\",\"image\":{\"@type\":\"ImageObject\",\"inLanguage\":\"es\",\"@id\":\"https:\\\/\\\/secure.gravatar.com\\\/avatar\\\/d4fe7459cfc51ff5129ce1a732bbef5928568b8092d412ef95611616376bbeed?s=96&d=mm&r=g\",\"url\":\"https:\\\/\\\/secure.gravatar.com\\\/avatar\\\/d4fe7459cfc51ff5129ce1a732bbef5928568b8092d412ef95611616376bbeed?s=96&d=mm&r=g\",\"contentUrl\":\"https:\\\/\\\/secure.gravatar.com\\\/avatar\\\/d4fe7459cfc51ff5129ce1a732bbef5928568b8092d412ef95611616376bbeed?s=96&d=mm&r=g\",\"caption\":\"f1000024\"},\"url\":\"https:\\\/\\\/cvinoticias.com\\\/v3\\\/author\\\/f1000024\\\/\"}]}<\/script>\n<!-- \/ Yoast SEO plugin. -->","yoast_head_json":{"title":"Circula una nueva variante de coronavirus: ya se registraron dos casos en el pa\u00eds | CVI NOTICIAS","robots":{"index":"index","follow":"follow","max-snippet":"max-snippet:-1","max-image-preview":"max-image-preview:large","max-video-preview":"max-video-preview:-1"},"canonical":"https:\/\/cvinoticias.com\/v3\/circula-una-nueva-variante-de-coronavirus-ya-se-registraron-dos-casos-en-el-pais\/","og_locale":"es_ES","og_type":"article","og_title":"Circula una nueva variante de coronavirus: ya se registraron dos casos en el pa\u00eds | CVI NOTICIAS","og_description":"Expertos afirman que no presenta riesgos mayores en comparaci\u00f3n con otras variantes y explican su situaci\u00f3n en el contexto internacional La variante de coronavirus denominada EG.5 hizo su aparici\u00f3n en Argentina, siendo detectados dos casos de esta cepa en el pa\u00eds. Aunque fue considerada Variante de Inter\u00e9s por la Organizaci\u00f3n Mundial de la Salud (OMS), [&hellip;]","og_url":"https:\/\/cvinoticias.com\/v3\/circula-una-nueva-variante-de-coronavirus-ya-se-registraron-dos-casos-en-el-pais\/","og_site_name":"CVI NOTICIAS","article_publisher":"https:\/\/www.facebook.com\/cvinoticias","article_published_time":"2023-08-15T11:53:35+00:00","og_image":[{"width":1080,"height":660,"url":"https:\/\/cvinoticias.com\/wp-content\/uploads\/2023\/08\/Screenshot_20230815_085319_Facebook.jpg","type":"image\/jpeg"}],"author":"f1000024","twitter_card":"summary_large_image","twitter_misc":{"Escrito por":"f1000024","Tiempo de lectura":"2 minutos"},"schema":{"@context":"https:\/\/schema.org","@graph":[{"@type":"Article","@id":"https:\/\/cvinoticias.com\/v3\/circula-una-nueva-variante-de-coronavirus-ya-se-registraron-dos-casos-en-el-pais\/#article","isPartOf":{"@id":"https:\/\/cvinoticias.com\/v3\/circula-una-nueva-variante-de-coronavirus-ya-se-registraron-dos-casos-en-el-pais\/"},"author":{"name":"f1000024","@id":"https:\/\/cvinoticias.com\/v3\/#\/schema\/person\/2db77e3c6bc03c538495d7b2b8be9b66"},"headline":"Circula una nueva variante de coronavirus: ya se registraron dos casos en el pa\u00eds","datePublished":"2023-08-15T11:53:35+00:00","mainEntityOfPage":{"@id":"https:\/\/cvinoticias.com\/v3\/circula-una-nueva-variante-de-coronavirus-ya-se-registraron-dos-casos-en-el-pais\/"},"wordCount":389,"commentCount":0,"publisher":{"@id":"https:\/\/cvinoticias.com\/v3\/#organization"},"image":{"@id":"https:\/\/cvinoticias.com\/v3\/circula-una-nueva-variante-de-coronavirus-ya-se-registraron-dos-casos-en-el-pais\/#primaryimage"},"thumbnailUrl":"https:\/\/cvinoticias.com\/wp-content\/uploads\/2023\/08\/Screenshot_20230815_085319_Facebook.jpg","articleSection":["Salud"],"inLanguage":"es","potentialAction":[{"@type":"CommentAction","name":"Comment","target":["https:\/\/cvinoticias.com\/v3\/circula-una-nueva-variante-de-coronavirus-ya-se-registraron-dos-casos-en-el-pais\/#respond"]}]},{"@type":"WebPage","@id":"https:\/\/cvinoticias.com\/v3\/circula-una-nueva-variante-de-coronavirus-ya-se-registraron-dos-casos-en-el-pais\/","url":"https:\/\/cvinoticias.com\/v3\/circula-una-nueva-variante-de-coronavirus-ya-se-registraron-dos-casos-en-el-pais\/","name":"Circula una nueva variante de coronavirus: ya se registraron dos casos en el pa\u00eds | CVI NOTICIAS","isPartOf":{"@id":"https:\/\/cvinoticias.com\/v3\/#website"},"primaryImageOfPage":{"@id":"https:\/\/cvinoticias.com\/v3\/circula-una-nueva-variante-de-coronavirus-ya-se-registraron-dos-casos-en-el-pais\/#primaryimage"},"image":{"@id":"https:\/\/cvinoticias.com\/v3\/circula-una-nueva-variante-de-coronavirus-ya-se-registraron-dos-casos-en-el-pais\/#primaryimage"},"thumbnailUrl":"https:\/\/cvinoticias.com\/wp-content\/uploads\/2023\/08\/Screenshot_20230815_085319_Facebook.jpg","datePublished":"2023-08-15T11:53:35+00:00","breadcrumb":{"@id":"https:\/\/cvinoticias.com\/v3\/circula-una-nueva-variante-de-coronavirus-ya-se-registraron-dos-casos-en-el-pais\/#breadcrumb"},"inLanguage":"es","potentialAction":[{"@type":"ReadAction","target":["https:\/\/cvinoticias.com\/v3\/circula-una-nueva-variante-de-coronavirus-ya-se-registraron-dos-casos-en-el-pais\/"]}]},{"@type":"ImageObject","inLanguage":"es","@id":"https:\/\/cvinoticias.com\/v3\/circula-una-nueva-variante-de-coronavirus-ya-se-registraron-dos-casos-en-el-pais\/#primaryimage","url":"https:\/\/cvinoticias.com\/wp-content\/uploads\/2023\/08\/Screenshot_20230815_085319_Facebook.jpg","contentUrl":"https:\/\/cvinoticias.com\/wp-content\/uploads\/2023\/08\/Screenshot_20230815_085319_Facebook.jpg","width":1080,"height":660},{"@type":"BreadcrumbList","@id":"https:\/\/cvinoticias.com\/v3\/circula-una-nueva-variante-de-coronavirus-ya-se-registraron-dos-casos-en-el-pais\/#breadcrumb","itemListElement":[{"@type":"ListItem","position":1,"name":"Portada","item":"https:\/\/cvinoticias.com\/v3\/"},{"@type":"ListItem","position":2,"name":"Circula una nueva variante de coronavirus: ya se registraron dos casos en el pa\u00eds"}]},{"@type":"WebSite","@id":"https:\/\/cvinoticias.com\/v3\/#website","url":"https:\/\/cvinoticias.com\/v3\/","name":"CVI NOTICIAS","description":"","publisher":{"@id":"https:\/\/cvinoticias.com\/v3\/#organization"},"alternateName":"CVI","potentialAction":[{"@type":"SearchAction","target":{"@type":"EntryPoint","urlTemplate":"https:\/\/cvinoticias.com\/v3\/?s={search_term_string}"},"query-input":{"@type":"PropertyValueSpecification","valueRequired":true,"valueName":"search_term_string"}}],"inLanguage":"es"},{"@type":"Organization","@id":"https:\/\/cvinoticias.com\/v3\/#organization","name":"CVI NOTICIAS","url":"https:\/\/cvinoticias.com\/v3\/","logo":{"@type":"ImageObject","inLanguage":"es","@id":"https:\/\/cvinoticias.com\/v3\/#\/schema\/logo\/image\/","url":"https:\/\/cvinoticias.com\/wp-content\/uploads\/2023\/04\/cropped-cropped-cropped-cropped-cropped-3-1.png","contentUrl":"https:\/\/cvinoticias.com\/wp-content\/uploads\/2023\/04\/cropped-cropped-cropped-cropped-cropped-3-1.png","width":95,"height":122,"caption":"CVI NOTICIAS"},"image":{"@id":"https:\/\/cvinoticias.com\/v3\/#\/schema\/logo\/image\/"},"sameAs":["https:\/\/www.facebook.com\/cvinoticias","https:\/\/www.instagram.com\/cvinoticias\/","https:\/\/www.youtube.com\/@CVINOTICIAS"]},{"@type":"Person","@id":"https:\/\/cvinoticias.com\/v3\/#\/schema\/person\/2db77e3c6bc03c538495d7b2b8be9b66","name":"f1000024","image":{"@type":"ImageObject","inLanguage":"es","@id":"https:\/\/secure.gravatar.com\/avatar\/d4fe7459cfc51ff5129ce1a732bbef5928568b8092d412ef95611616376bbeed?s=96&d=mm&r=g","url":"https:\/\/secure.gravatar.com\/avatar\/d4fe7459cfc51ff5129ce1a732bbef5928568b8092d412ef95611616376bbeed?s=96&d=mm&r=g","contentUrl":"https:\/\/secure.gravatar.com\/avatar\/d4fe7459cfc51ff5129ce1a732bbef5928568b8092d412ef95611616376bbeed?s=96&d=mm&r=g","caption":"f1000024"},"url":"https:\/\/cvinoticias.com\/v3\/author\/f1000024\/"}]}},"_links":{"self":[{"href":"https:\/\/cvinoticias.com\/v3\/wp-json\/wp\/v2\/posts\/27141","targetHints":{"allow":["GET"]}}],"collection":[{"href":"https:\/\/cvinoticias.com\/v3\/wp-json\/wp\/v2\/posts"}],"about":[{"href":"https:\/\/cvinoticias.com\/v3\/wp-json\/wp\/v2\/types\/post"}],"author":[{"embeddable":true,"href":"https:\/\/cvinoticias.com\/v3\/wp-json\/wp\/v2\/users\/2"}],"replies":[{"embeddable":true,"href":"https:\/\/cvinoticias.com\/v3\/wp-json\/wp\/v2\/comments?post=27141"}],"version-history":[{"count":1,"href":"https:\/\/cvinoticias.com\/v3\/wp-json\/wp\/v2\/posts\/27141\/revisions"}],"predecessor-version":[{"id":27143,"href":"https:\/\/cvinoticias.com\/v3\/wp-json\/wp\/v2\/posts\/27141\/revisions\/27143"}],"wp:featuredmedia":[{"embeddable":true,"href":"https:\/\/cvinoticias.com\/v3\/wp-json\/wp\/v2\/media\/27142"}],"wp:attachment":[{"href":"https:\/\/cvinoticias.com\/v3\/wp-json\/wp\/v2\/media?parent=27141"}],"wp:term":[{"taxonomy":"category","embeddable":true,"href":"https:\/\/cvinoticias.com\/v3\/wp-json\/wp\/v2\/categories?post=27141"},{"taxonomy":"post_tag","embeddable":true,"href":"https:\/\/cvinoticias.com\/v3\/wp-json\/wp\/v2\/tags?post=27141"}],"curies":[{"name":"wp","href":"https:\/\/api.w.org\/{rel}","templated":true}]}}