{"id":27129,"date":"2023-08-15T11:00:55","date_gmt":"2023-08-15T11:00:55","guid":{"rendered":"https:\/\/cvinoticias.com\/v3\/?p=27129"},"modified":"2023-08-15T11:00:55","modified_gmt":"2023-08-15T11:00:55","slug":"a-173-anos-del-fallecimiento-del-general-san-martin-cuando-es-el-feriado-nacional","status":"publish","type":"post","link":"https:\/\/cvinoticias.com\/v3\/a-173-anos-del-fallecimiento-del-general-san-martin-cuando-es-el-feriado-nacional\/","title":{"rendered":"A 173 a\u00f1os del fallecimiento del general San Mart\u00edn: \u00bfCu\u00e1ndo es el feriado nacional?"},"content":{"rendered":"\n<p><strong><em>Este 17 de agosto se conmemora un a\u00f1o m\u00e1s del paso a la Inmortalidad del General Jos\u00e9 de San Mart\u00edn. Sin embargo, el feriado nacional a 173 a\u00f1os del fallecimiento del Padre de la Patria ser\u00e1 el lunes 21 de agosto.<\/em><\/strong><\/p>\n\n\n\n<p>Este a\u00f1o cae jueves, pero como se trata de un feriado trasladable, se pasar\u00e1 para el lunes 21 de agosto. Ser\u00e1 el primer fin de semana largo de tres d\u00edas despu\u00e9s del receso escolar de las vacaciones de invierno. Al ser un feriado nacional, la provincia del Chaco adhiere a la fecha del 21 de agosto.<\/p>\n\n\n\n<p>El 17 de agosto de cada a\u00f1o es feriado en Argentina porque se conmemora un nuevo aniversario del fallecimiento del General Jos\u00e9 de San Mart\u00edn. Es considerado el Padre de la Patria, por su rol decisivo para la construcci\u00f3n de la identidad nacional. Adem\u00e1s, tambi\u00e9n se lo considera una de las figuras m\u00e1s importantes a nivel regional, por su participaci\u00f3n en las gestas independentistas de Chile y Per\u00fa. Por este motivo, fue nombrado como el Libertador de Am\u00e9rica.<\/p>\n\n\n\n<p>Jos\u00e9 Francisco de San Mart\u00edn muri\u00f3 el 17 de agosto de 1850 en su casa de Boulogne Sur Mer, en Francia. En 1880, sus restos fueron trasladados a Argentina, y se encuentran en la Capilla Nuestra Se\u00f1ora de la Paz, en la Catedral Metropolitana, custodiado permanentemente por dos granaderos.<\/p>\n\n\n\n<p>Seg\u00fan el art\u00edculo 6 de la Ley 27.399, los feriados nacionales cuyas fechas coincidan con los d\u00edas martes y mi\u00e9rcoles ser\u00e1n trasladados al d\u00eda lunes anterior. Los que coincidan con los d\u00edas jueves y viernes ser\u00e1n trasladados al d\u00eda lunes siguiente.<\/p>\n","protected":false},"excerpt":{"rendered":"<p>Este 17 de agosto se conmemora un a\u00f1o m\u00e1s del paso a la Inmortalidad del General Jos\u00e9 de San Mart\u00edn. Sin embargo, el feriado nacional a 173 a\u00f1os del fallecimiento del Padre de la Patria ser\u00e1 el lunes 21 de agosto. Este a\u00f1o cae jueves, pero como se trata de un feriado trasladable, se pasar\u00e1 [&hellip;]<\/p>\n","protected":false},"author":2,"featured_media":27130,"comment_status":"open","ping_status":"open","sticky":false,"template":"","format":"standard","meta":{"footnotes":""},"categories":[35],"tags":[],"class_list":["post-27129","post","type-post","status-publish","format-standard","has-post-thumbnail","hentry","category-informacion-general"],"yoast_head":"<!-- This site is optimized with the Yoast SEO plugin v27.5 - https:\/\/yoast.com\/product\/yoast-seo-wordpress\/ -->\n<title>A 173 a\u00f1os del fallecimiento del general San Mart\u00edn: \u00bfCu\u00e1ndo es el feriado nacional? | CVI NOTICIAS<\/title>\n<meta name=\"robots\" content=\"index, follow, max-snippet:-1, max-image-preview:large, max-video-preview:-1\" \/>\n<link rel=\"canonical\" href=\"https:\/\/cvinoticias.com\/v3\/a-173-anos-del-fallecimiento-del-general-san-martin-cuando-es-el-feriado-nacional\/\" \/>\n<meta property=\"og:locale\" content=\"es_ES\" \/>\n<meta property=\"og:type\" content=\"article\" \/>\n<meta property=\"og:title\" content=\"A 173 a\u00f1os del fallecimiento del general San Mart\u00edn: \u00bfCu\u00e1ndo es el feriado nacional? | CVI NOTICIAS\" \/>\n<meta property=\"og:description\" content=\"Este 17 de agosto se conmemora un a\u00f1o m\u00e1s del paso a la Inmortalidad del General Jos\u00e9 de San Mart\u00edn. Sin embargo, el feriado nacional a 173 a\u00f1os del fallecimiento del Padre de la Patria ser\u00e1 el lunes 21 de agosto. Este a\u00f1o cae jueves, pero como se trata de un feriado trasladable, se pasar\u00e1 [&hellip;]\" \/>\n<meta property=\"og:url\" content=\"https:\/\/cvinoticias.com\/v3\/a-173-anos-del-fallecimiento-del-general-san-martin-cuando-es-el-feriado-nacional\/\" \/>\n<meta property=\"og:site_name\" content=\"CVI NOTICIAS\" \/>\n<meta property=\"article:publisher\" content=\"https:\/\/www.facebook.com\/cvinoticias\" \/>\n<meta property=\"article:published_time\" content=\"2023-08-15T11:00:55+00:00\" \/>\n<meta property=\"og:image\" content=\"https:\/\/cvinoticias.com\/wp-content\/uploads\/2023\/08\/17.png\" \/>\n\t<meta property=\"og:image:width\" content=\"768\" \/>\n\t<meta property=\"og:image:height\" content=\"432\" \/>\n\t<meta property=\"og:image:type\" content=\"image\/png\" \/>\n<meta name=\"author\" content=\"f1000024\" \/>\n<meta name=\"twitter:card\" content=\"summary_large_image\" \/>\n<meta name=\"twitter:label1\" content=\"Escrito por\" \/>\n\t<meta name=\"twitter:data1\" content=\"f1000024\" \/>\n\t<meta name=\"twitter:label2\" content=\"Tiempo de lectura\" \/>\n\t<meta name=\"twitter:data2\" content=\"1 minuto\" \/>\n<script type=\"application\/ld+json\" class=\"yoast-schema-graph\">{\"@context\":\"https:\\\/\\\/schema.org\",\"@graph\":[{\"@type\":\"Article\",\"@id\":\"https:\\\/\\\/cvinoticias.com\\\/v3\\\/a-173-anos-del-fallecimiento-del-general-san-martin-cuando-es-el-feriado-nacional\\\/#article\",\"isPartOf\":{\"@id\":\"https:\\\/\\\/cvinoticias.com\\\/v3\\\/a-173-anos-del-fallecimiento-del-general-san-martin-cuando-es-el-feriado-nacional\\\/\"},\"author\":{\"name\":\"f1000024\",\"@id\":\"https:\\\/\\\/cvinoticias.com\\\/v3\\\/#\\\/schema\\\/person\\\/2db77e3c6bc03c538495d7b2b8be9b66\"},\"headline\":\"A 173 a\u00f1os del fallecimiento del general San Mart\u00edn: \u00bfCu\u00e1ndo es el feriado nacional?\",\"datePublished\":\"2023-08-15T11:00:55+00:00\",\"mainEntityOfPage\":{\"@id\":\"https:\\\/\\\/cvinoticias.com\\\/v3\\\/a-173-anos-del-fallecimiento-del-general-san-martin-cuando-es-el-feriado-nacional\\\/\"},\"wordCount\":296,\"commentCount\":0,\"publisher\":{\"@id\":\"https:\\\/\\\/cvinoticias.com\\\/v3\\\/#organization\"},\"image\":{\"@id\":\"https:\\\/\\\/cvinoticias.com\\\/v3\\\/a-173-anos-del-fallecimiento-del-general-san-martin-cuando-es-el-feriado-nacional\\\/#primaryimage\"},\"thumbnailUrl\":\"https:\\\/\\\/cvinoticias.com\\\/wp-content\\\/uploads\\\/2023\\\/08\\\/17.png\",\"articleSection\":[\"Informaci\u00f3n General\"],\"inLanguage\":\"es\",\"potentialAction\":[{\"@type\":\"CommentAction\",\"name\":\"Comment\",\"target\":[\"https:\\\/\\\/cvinoticias.com\\\/v3\\\/a-173-anos-del-fallecimiento-del-general-san-martin-cuando-es-el-feriado-nacional\\\/#respond\"]}]},{\"@type\":\"WebPage\",\"@id\":\"https:\\\/\\\/cvinoticias.com\\\/v3\\\/a-173-anos-del-fallecimiento-del-general-san-martin-cuando-es-el-feriado-nacional\\\/\",\"url\":\"https:\\\/\\\/cvinoticias.com\\\/v3\\\/a-173-anos-del-fallecimiento-del-general-san-martin-cuando-es-el-feriado-nacional\\\/\",\"name\":\"A 173 a\u00f1os del fallecimiento del general San Mart\u00edn: \u00bfCu\u00e1ndo es el feriado nacional? | CVI NOTICIAS\",\"isPartOf\":{\"@id\":\"https:\\\/\\\/cvinoticias.com\\\/v3\\\/#website\"},\"primaryImageOfPage\":{\"@id\":\"https:\\\/\\\/cvinoticias.com\\\/v3\\\/a-173-anos-del-fallecimiento-del-general-san-martin-cuando-es-el-feriado-nacional\\\/#primaryimage\"},\"image\":{\"@id\":\"https:\\\/\\\/cvinoticias.com\\\/v3\\\/a-173-anos-del-fallecimiento-del-general-san-martin-cuando-es-el-feriado-nacional\\\/#primaryimage\"},\"thumbnailUrl\":\"https:\\\/\\\/cvinoticias.com\\\/wp-content\\\/uploads\\\/2023\\\/08\\\/17.png\",\"datePublished\":\"2023-08-15T11:00:55+00:00\",\"breadcrumb\":{\"@id\":\"https:\\\/\\\/cvinoticias.com\\\/v3\\\/a-173-anos-del-fallecimiento-del-general-san-martin-cuando-es-el-feriado-nacional\\\/#breadcrumb\"},\"inLanguage\":\"es\",\"potentialAction\":[{\"@type\":\"ReadAction\",\"target\":[\"https:\\\/\\\/cvinoticias.com\\\/v3\\\/a-173-anos-del-fallecimiento-del-general-san-martin-cuando-es-el-feriado-nacional\\\/\"]}]},{\"@type\":\"ImageObject\",\"inLanguage\":\"es\",\"@id\":\"https:\\\/\\\/cvinoticias.com\\\/v3\\\/a-173-anos-del-fallecimiento-del-general-san-martin-cuando-es-el-feriado-nacional\\\/#primaryimage\",\"url\":\"https:\\\/\\\/cvinoticias.com\\\/wp-content\\\/uploads\\\/2023\\\/08\\\/17.png\",\"contentUrl\":\"https:\\\/\\\/cvinoticias.com\\\/wp-content\\\/uploads\\\/2023\\\/08\\\/17.png\",\"width\":768,\"height\":432},{\"@type\":\"BreadcrumbList\",\"@id\":\"https:\\\/\\\/cvinoticias.com\\\/v3\\\/a-173-anos-del-fallecimiento-del-general-san-martin-cuando-es-el-feriado-nacional\\\/#breadcrumb\",\"itemListElement\":[{\"@type\":\"ListItem\",\"position\":1,\"name\":\"Portada\",\"item\":\"https:\\\/\\\/cvinoticias.com\\\/v3\\\/\"},{\"@type\":\"ListItem\",\"position\":2,\"name\":\"A 173 a\u00f1os del fallecimiento del general San Mart\u00edn: \u00bfCu\u00e1ndo es el feriado nacional?\"}]},{\"@type\":\"WebSite\",\"@id\":\"https:\\\/\\\/cvinoticias.com\\\/v3\\\/#website\",\"url\":\"https:\\\/\\\/cvinoticias.com\\\/v3\\\/\",\"name\":\"CVI NOTICIAS\",\"description\":\"\",\"publisher\":{\"@id\":\"https:\\\/\\\/cvinoticias.com\\\/v3\\\/#organization\"},\"alternateName\":\"CVI\",\"potentialAction\":[{\"@type\":\"SearchAction\",\"target\":{\"@type\":\"EntryPoint\",\"urlTemplate\":\"https:\\\/\\\/cvinoticias.com\\\/v3\\\/?s={search_term_string}\"},\"query-input\":{\"@type\":\"PropertyValueSpecification\",\"valueRequired\":true,\"valueName\":\"search_term_string\"}}],\"inLanguage\":\"es\"},{\"@type\":\"Organization\",\"@id\":\"https:\\\/\\\/cvinoticias.com\\\/v3\\\/#organization\",\"name\":\"CVI NOTICIAS\",\"url\":\"https:\\\/\\\/cvinoticias.com\\\/v3\\\/\",\"logo\":{\"@type\":\"ImageObject\",\"inLanguage\":\"es\",\"@id\":\"https:\\\/\\\/cvinoticias.com\\\/v3\\\/#\\\/schema\\\/logo\\\/image\\\/\",\"url\":\"https:\\\/\\\/cvinoticias.com\\\/wp-content\\\/uploads\\\/2023\\\/04\\\/cropped-cropped-cropped-cropped-cropped-3-1.png\",\"contentUrl\":\"https:\\\/\\\/cvinoticias.com\\\/wp-content\\\/uploads\\\/2023\\\/04\\\/cropped-cropped-cropped-cropped-cropped-3-1.png\",\"width\":95,\"height\":122,\"caption\":\"CVI NOTICIAS\"},\"image\":{\"@id\":\"https:\\\/\\\/cvinoticias.com\\\/v3\\\/#\\\/schema\\\/logo\\\/image\\\/\"},\"sameAs\":[\"https:\\\/\\\/www.facebook.com\\\/cvinoticias\",\"https:\\\/\\\/www.instagram.com\\\/cvinoticias\\\/\",\"https:\\\/\\\/www.youtube.com\\\/@CVINOTICIAS\"]},{\"@type\":\"Person\",\"@id\":\"https:\\\/\\\/cvinoticias.com\\\/v3\\\/#\\\/schema\\\/person\\\/2db77e3c6bc03c538495d7b2b8be9b66\",\"name\":\"f1000024\",\"image\":{\"@type\":\"ImageObject\",\"inLanguage\":\"es\",\"@id\":\"https:\\\/\\\/secure.gravatar.com\\\/avatar\\\/d4fe7459cfc51ff5129ce1a732bbef5928568b8092d412ef95611616376bbeed?s=96&d=mm&r=g\",\"url\":\"https:\\\/\\\/secure.gravatar.com\\\/avatar\\\/d4fe7459cfc51ff5129ce1a732bbef5928568b8092d412ef95611616376bbeed?s=96&d=mm&r=g\",\"contentUrl\":\"https:\\\/\\\/secure.gravatar.com\\\/avatar\\\/d4fe7459cfc51ff5129ce1a732bbef5928568b8092d412ef95611616376bbeed?s=96&d=mm&r=g\",\"caption\":\"f1000024\"},\"url\":\"https:\\\/\\\/cvinoticias.com\\\/v3\\\/author\\\/f1000024\\\/\"}]}<\/script>\n<!-- \/ Yoast SEO plugin. -->","yoast_head_json":{"title":"A 173 a\u00f1os del fallecimiento del general San Mart\u00edn: \u00bfCu\u00e1ndo es el feriado nacional? | CVI NOTICIAS","robots":{"index":"index","follow":"follow","max-snippet":"max-snippet:-1","max-image-preview":"max-image-preview:large","max-video-preview":"max-video-preview:-1"},"canonical":"https:\/\/cvinoticias.com\/v3\/a-173-anos-del-fallecimiento-del-general-san-martin-cuando-es-el-feriado-nacional\/","og_locale":"es_ES","og_type":"article","og_title":"A 173 a\u00f1os del fallecimiento del general San Mart\u00edn: \u00bfCu\u00e1ndo es el feriado nacional? | CVI NOTICIAS","og_description":"Este 17 de agosto se conmemora un a\u00f1o m\u00e1s del paso a la Inmortalidad del General Jos\u00e9 de San Mart\u00edn. Sin embargo, el feriado nacional a 173 a\u00f1os del fallecimiento del Padre de la Patria ser\u00e1 el lunes 21 de agosto. Este a\u00f1o cae jueves, pero como se trata de un feriado trasladable, se pasar\u00e1 [&hellip;]","og_url":"https:\/\/cvinoticias.com\/v3\/a-173-anos-del-fallecimiento-del-general-san-martin-cuando-es-el-feriado-nacional\/","og_site_name":"CVI NOTICIAS","article_publisher":"https:\/\/www.facebook.com\/cvinoticias","article_published_time":"2023-08-15T11:00:55+00:00","og_image":[{"width":768,"height":432,"url":"https:\/\/cvinoticias.com\/wp-content\/uploads\/2023\/08\/17.png","type":"image\/png"}],"author":"f1000024","twitter_card":"summary_large_image","twitter_misc":{"Escrito por":"f1000024","Tiempo de lectura":"1 minuto"},"schema":{"@context":"https:\/\/schema.org","@graph":[{"@type":"Article","@id":"https:\/\/cvinoticias.com\/v3\/a-173-anos-del-fallecimiento-del-general-san-martin-cuando-es-el-feriado-nacional\/#article","isPartOf":{"@id":"https:\/\/cvinoticias.com\/v3\/a-173-anos-del-fallecimiento-del-general-san-martin-cuando-es-el-feriado-nacional\/"},"author":{"name":"f1000024","@id":"https:\/\/cvinoticias.com\/v3\/#\/schema\/person\/2db77e3c6bc03c538495d7b2b8be9b66"},"headline":"A 173 a\u00f1os del fallecimiento del general San Mart\u00edn: \u00bfCu\u00e1ndo es el feriado nacional?","datePublished":"2023-08-15T11:00:55+00:00","mainEntityOfPage":{"@id":"https:\/\/cvinoticias.com\/v3\/a-173-anos-del-fallecimiento-del-general-san-martin-cuando-es-el-feriado-nacional\/"},"wordCount":296,"commentCount":0,"publisher":{"@id":"https:\/\/cvinoticias.com\/v3\/#organization"},"image":{"@id":"https:\/\/cvinoticias.com\/v3\/a-173-anos-del-fallecimiento-del-general-san-martin-cuando-es-el-feriado-nacional\/#primaryimage"},"thumbnailUrl":"https:\/\/cvinoticias.com\/wp-content\/uploads\/2023\/08\/17.png","articleSection":["Informaci\u00f3n General"],"inLanguage":"es","potentialAction":[{"@type":"CommentAction","name":"Comment","target":["https:\/\/cvinoticias.com\/v3\/a-173-anos-del-fallecimiento-del-general-san-martin-cuando-es-el-feriado-nacional\/#respond"]}]},{"@type":"WebPage","@id":"https:\/\/cvinoticias.com\/v3\/a-173-anos-del-fallecimiento-del-general-san-martin-cuando-es-el-feriado-nacional\/","url":"https:\/\/cvinoticias.com\/v3\/a-173-anos-del-fallecimiento-del-general-san-martin-cuando-es-el-feriado-nacional\/","name":"A 173 a\u00f1os del fallecimiento del general San Mart\u00edn: \u00bfCu\u00e1ndo es el feriado nacional? | CVI NOTICIAS","isPartOf":{"@id":"https:\/\/cvinoticias.com\/v3\/#website"},"primaryImageOfPage":{"@id":"https:\/\/cvinoticias.com\/v3\/a-173-anos-del-fallecimiento-del-general-san-martin-cuando-es-el-feriado-nacional\/#primaryimage"},"image":{"@id":"https:\/\/cvinoticias.com\/v3\/a-173-anos-del-fallecimiento-del-general-san-martin-cuando-es-el-feriado-nacional\/#primaryimage"},"thumbnailUrl":"https:\/\/cvinoticias.com\/wp-content\/uploads\/2023\/08\/17.png","datePublished":"2023-08-15T11:00:55+00:00","breadcrumb":{"@id":"https:\/\/cvinoticias.com\/v3\/a-173-anos-del-fallecimiento-del-general-san-martin-cuando-es-el-feriado-nacional\/#breadcrumb"},"inLanguage":"es","potentialAction":[{"@type":"ReadAction","target":["https:\/\/cvinoticias.com\/v3\/a-173-anos-del-fallecimiento-del-general-san-martin-cuando-es-el-feriado-nacional\/"]}]},{"@type":"ImageObject","inLanguage":"es","@id":"https:\/\/cvinoticias.com\/v3\/a-173-anos-del-fallecimiento-del-general-san-martin-cuando-es-el-feriado-nacional\/#primaryimage","url":"https:\/\/cvinoticias.com\/wp-content\/uploads\/2023\/08\/17.png","contentUrl":"https:\/\/cvinoticias.com\/wp-content\/uploads\/2023\/08\/17.png","width":768,"height":432},{"@type":"BreadcrumbList","@id":"https:\/\/cvinoticias.com\/v3\/a-173-anos-del-fallecimiento-del-general-san-martin-cuando-es-el-feriado-nacional\/#breadcrumb","itemListElement":[{"@type":"ListItem","position":1,"name":"Portada","item":"https:\/\/cvinoticias.com\/v3\/"},{"@type":"ListItem","position":2,"name":"A 173 a\u00f1os del fallecimiento del general San Mart\u00edn: \u00bfCu\u00e1ndo es el feriado nacional?"}]},{"@type":"WebSite","@id":"https:\/\/cvinoticias.com\/v3\/#website","url":"https:\/\/cvinoticias.com\/v3\/","name":"CVI NOTICIAS","description":"","publisher":{"@id":"https:\/\/cvinoticias.com\/v3\/#organization"},"alternateName":"CVI","potentialAction":[{"@type":"SearchAction","target":{"@type":"EntryPoint","urlTemplate":"https:\/\/cvinoticias.com\/v3\/?s={search_term_string}"},"query-input":{"@type":"PropertyValueSpecification","valueRequired":true,"valueName":"search_term_string"}}],"inLanguage":"es"},{"@type":"Organization","@id":"https:\/\/cvinoticias.com\/v3\/#organization","name":"CVI NOTICIAS","url":"https:\/\/cvinoticias.com\/v3\/","logo":{"@type":"ImageObject","inLanguage":"es","@id":"https:\/\/cvinoticias.com\/v3\/#\/schema\/logo\/image\/","url":"https:\/\/cvinoticias.com\/wp-content\/uploads\/2023\/04\/cropped-cropped-cropped-cropped-cropped-3-1.png","contentUrl":"https:\/\/cvinoticias.com\/wp-content\/uploads\/2023\/04\/cropped-cropped-cropped-cropped-cropped-3-1.png","width":95,"height":122,"caption":"CVI NOTICIAS"},"image":{"@id":"https:\/\/cvinoticias.com\/v3\/#\/schema\/logo\/image\/"},"sameAs":["https:\/\/www.facebook.com\/cvinoticias","https:\/\/www.instagram.com\/cvinoticias\/","https:\/\/www.youtube.com\/@CVINOTICIAS"]},{"@type":"Person","@id":"https:\/\/cvinoticias.com\/v3\/#\/schema\/person\/2db77e3c6bc03c538495d7b2b8be9b66","name":"f1000024","image":{"@type":"ImageObject","inLanguage":"es","@id":"https:\/\/secure.gravatar.com\/avatar\/d4fe7459cfc51ff5129ce1a732bbef5928568b8092d412ef95611616376bbeed?s=96&d=mm&r=g","url":"https:\/\/secure.gravatar.com\/avatar\/d4fe7459cfc51ff5129ce1a732bbef5928568b8092d412ef95611616376bbeed?s=96&d=mm&r=g","contentUrl":"https:\/\/secure.gravatar.com\/avatar\/d4fe7459cfc51ff5129ce1a732bbef5928568b8092d412ef95611616376bbeed?s=96&d=mm&r=g","caption":"f1000024"},"url":"https:\/\/cvinoticias.com\/v3\/author\/f1000024\/"}]}},"_links":{"self":[{"href":"https:\/\/cvinoticias.com\/v3\/wp-json\/wp\/v2\/posts\/27129","targetHints":{"allow":["GET"]}}],"collection":[{"href":"https:\/\/cvinoticias.com\/v3\/wp-json\/wp\/v2\/posts"}],"about":[{"href":"https:\/\/cvinoticias.com\/v3\/wp-json\/wp\/v2\/types\/post"}],"author":[{"embeddable":true,"href":"https:\/\/cvinoticias.com\/v3\/wp-json\/wp\/v2\/users\/2"}],"replies":[{"embeddable":true,"href":"https:\/\/cvinoticias.com\/v3\/wp-json\/wp\/v2\/comments?post=27129"}],"version-history":[{"count":1,"href":"https:\/\/cvinoticias.com\/v3\/wp-json\/wp\/v2\/posts\/27129\/revisions"}],"predecessor-version":[{"id":27131,"href":"https:\/\/cvinoticias.com\/v3\/wp-json\/wp\/v2\/posts\/27129\/revisions\/27131"}],"wp:featuredmedia":[{"embeddable":true,"href":"https:\/\/cvinoticias.com\/v3\/wp-json\/wp\/v2\/media\/27130"}],"wp:attachment":[{"href":"https:\/\/cvinoticias.com\/v3\/wp-json\/wp\/v2\/media?parent=27129"}],"wp:term":[{"taxonomy":"category","embeddable":true,"href":"https:\/\/cvinoticias.com\/v3\/wp-json\/wp\/v2\/categories?post=27129"},{"taxonomy":"post_tag","embeddable":true,"href":"https:\/\/cvinoticias.com\/v3\/wp-json\/wp\/v2\/tags?post=27129"}],"curies":[{"name":"wp","href":"https:\/\/api.w.org\/{rel}","templated":true}]}}