{"id":27123,"date":"2023-08-15T10:21:04","date_gmt":"2023-08-15T10:21:04","guid":{"rendered":"https:\/\/cvinoticias.com\/v3\/?p=27123"},"modified":"2023-08-15T10:21:04","modified_gmt":"2023-08-15T10:21:04","slug":"caso-cecilia-strzyzowski-renuncio-uno-de-los-abogados-de-gloria-romero-y-fernando-burlando-quedo-al-frente-de-la-defensa","status":"publish","type":"post","link":"https:\/\/cvinoticias.com\/v3\/caso-cecilia-strzyzowski-renuncio-uno-de-los-abogados-de-gloria-romero-y-fernando-burlando-quedo-al-frente-de-la-defensa\/","title":{"rendered":"Caso Cecilia Strzyzowski: renunci\u00f3 uno de los abogados de Gloria Romero y Fernando Burlando qued\u00f3 al frente de la defensa"},"content":{"rendered":"\n<p><strong><em>El abogado de la familia de Cecilia Strzyzowski, Juan Arreg\u00edn, present\u00f3 la renuncia al caso y apunt\u00f3 contra Fernando Burlando.<\/em><\/strong><\/p>\n\n\n\n<p>Mientras contin\u00faa la causa que investiga la presunta muerte de Cecilia Strzyzowski, el abogado de la familia de la v\u00edctima Juan Arreg\u00edn present\u00f3 su renuncia al caso luego de escuchar un audio de Gloria Romero en el que hac\u00eda referencia a \u201ccelos profesionales\u201d con Fernando Burlando.<\/p>\n\n\n\n<p>Durante el d\u00eda domingo, el letrado Juan Arreg\u00edn se apart\u00f3 de la causa y dej\u00f3 de ser el abgoado querellante de la familia de Cecilia Strzyzowski y a trav\u00e9s de un v\u00eddeo comunic\u00f3 su decisi\u00f3n.<\/p>\n\n\n\n<p>En el material audovisual, el abogado exclam\u00f3: \u201cQuiero contarle dos cosas, la primera es que tengo mucho respeto por mi honor y por mi dignidad, estuve en esta causa por convicci\u00f3n, gast\u00e9 dinero de mis ahorros, descuid\u00e9 a mi familia por esta causa, pero porque estoy convencido de que hab\u00eda que hacer justicia por Cecilia\u201d, inici\u00f3.<\/p>\n\n\n\n<p>\u201cEspero que se la haga, espero que esta gente de Buenos Aires que viene y se saca la foto, y que participa de reuniones importantes, que nos deja afuera, que cree que esto es una cuesti\u00f3n de celos profesionales, se haga cargo y que Gloria encuentre la paz que necesita\u201d, agreg\u00f3 Juan Arreg\u00edn sobre Fernando Burlando.<\/p>\n\n\n\n<p>En esa misma l\u00ednea, uno de los encargados del caso de Cecilia Strzyzowski asever\u00f3: \u201cQue toda la hombr\u00eda que no tuvieron en decirme las cosas durante este tiempo y que me las entero gracias a la gente que me quiere, sirva de algo\u201d, apunt\u00f3.<\/p>\n\n\n\n<p>\u201cMi familia y yo estuvimos todo el tiempo buscando justicia por Cecilia, algo que evidentemente hay ciertas personas que perdieron la br\u00fajula y no est\u00e1n buscando lo mismo, que Dios les d\u00e9 el doble de lo que me desean\u201d, concluy\u00f3 Juan Arreg\u00edn tras apartarse de la causa de Cecilia Strzyzowski.<\/p>\n\n\n\n<p><strong>Qu\u00e9 dec\u00eda el audio de Gloria Romero por el que Arreg\u00edn renunci\u00f3 al caso de Cecilia Strzyzowski<\/strong><\/p>\n\n\n\n<p>Durante el v\u00eddeo que public\u00f3 Juan Arreg\u00edn, expuso el audio que hab\u00eda llegado a su tel\u00e9fono en el que Gloria Romero advert\u00eda que ser\u00eda separado de la causa que investiga la muerte de Cecilia Strzyzowski.<\/p>\n\n\n\n<p>En la nota de voz, la mam\u00e1 de Cecilia Strzyzowski dec\u00eda: \u201cPorque mi abogado es Burlando y porque hay una cuesti\u00f3n de celos profesionales que se est\u00e1 poniendo en evidencia y que bueno, se va a tener que apartar del caso y eso va a ser as\u00ed por decisi\u00f3n de Burlando\u201d, expuso Arreg\u00edn tras renunciar.<\/p>\n","protected":false},"excerpt":{"rendered":"<p>El abogado de la familia de Cecilia Strzyzowski, Juan Arreg\u00edn, present\u00f3 la renuncia al caso y apunt\u00f3 contra Fernando Burlando. Mientras contin\u00faa la causa que investiga la presunta muerte de Cecilia Strzyzowski, el abogado de la familia de la v\u00edctima Juan Arreg\u00edn present\u00f3 su renuncia al caso luego de escuchar un audio de Gloria Romero [&hellip;]<\/p>\n","protected":false},"author":2,"featured_media":27124,"comment_status":"open","ping_status":"open","sticky":false,"template":"","format":"standard","meta":{"footnotes":""},"categories":[35],"tags":[],"class_list":["post-27123","post","type-post","status-publish","format-standard","has-post-thumbnail","hentry","category-informacion-general"],"yoast_head":"<!-- This site is optimized with the Yoast SEO plugin v27.5 - https:\/\/yoast.com\/product\/yoast-seo-wordpress\/ -->\n<title>Caso Cecilia Strzyzowski: renunci\u00f3 uno de los abogados de Gloria Romero y Fernando Burlando qued\u00f3 al frente de la defensa | CVI NOTICIAS<\/title>\n<meta name=\"robots\" content=\"index, follow, max-snippet:-1, max-image-preview:large, max-video-preview:-1\" \/>\n<link rel=\"canonical\" href=\"https:\/\/cvinoticias.com\/v3\/caso-cecilia-strzyzowski-renuncio-uno-de-los-abogados-de-gloria-romero-y-fernando-burlando-quedo-al-frente-de-la-defensa\/\" \/>\n<meta property=\"og:locale\" content=\"es_ES\" \/>\n<meta property=\"og:type\" content=\"article\" \/>\n<meta property=\"og:title\" content=\"Caso Cecilia Strzyzowski: renunci\u00f3 uno de los abogados de Gloria Romero y Fernando Burlando qued\u00f3 al frente de la defensa | CVI NOTICIAS\" \/>\n<meta property=\"og:description\" content=\"El abogado de la familia de Cecilia Strzyzowski, Juan Arreg\u00edn, present\u00f3 la renuncia al caso y apunt\u00f3 contra Fernando Burlando. Mientras contin\u00faa la causa que investiga la presunta muerte de Cecilia Strzyzowski, el abogado de la familia de la v\u00edctima Juan Arreg\u00edn present\u00f3 su renuncia al caso luego de escuchar un audio de Gloria Romero [&hellip;]\" \/>\n<meta property=\"og:url\" content=\"https:\/\/cvinoticias.com\/v3\/caso-cecilia-strzyzowski-renuncio-uno-de-los-abogados-de-gloria-romero-y-fernando-burlando-quedo-al-frente-de-la-defensa\/\" \/>\n<meta property=\"og:site_name\" content=\"CVI NOTICIAS\" \/>\n<meta property=\"article:publisher\" content=\"https:\/\/www.facebook.com\/cvinoticias\" \/>\n<meta property=\"article:published_time\" content=\"2023-08-15T10:21:04+00:00\" \/>\n<meta property=\"og:image\" content=\"https:\/\/cvinoticias.com\/wp-content\/uploads\/2023\/08\/EOAHMTHBIREBVLK7ZV53UA45T4.jpg\" \/>\n\t<meta property=\"og:image:width\" content=\"992\" \/>\n\t<meta property=\"og:image:height\" content=\"496\" \/>\n\t<meta property=\"og:image:type\" content=\"image\/jpeg\" \/>\n<meta name=\"author\" content=\"f1000024\" \/>\n<meta name=\"twitter:card\" content=\"summary_large_image\" \/>\n<meta name=\"twitter:label1\" content=\"Escrito por\" \/>\n\t<meta name=\"twitter:data1\" content=\"f1000024\" \/>\n\t<meta name=\"twitter:label2\" content=\"Tiempo de lectura\" \/>\n\t<meta name=\"twitter:data2\" content=\"2 minutos\" \/>\n<script type=\"application\/ld+json\" class=\"yoast-schema-graph\">{\"@context\":\"https:\\\/\\\/schema.org\",\"@graph\":[{\"@type\":\"Article\",\"@id\":\"https:\\\/\\\/cvinoticias.com\\\/v3\\\/caso-cecilia-strzyzowski-renuncio-uno-de-los-abogados-de-gloria-romero-y-fernando-burlando-quedo-al-frente-de-la-defensa\\\/#article\",\"isPartOf\":{\"@id\":\"https:\\\/\\\/cvinoticias.com\\\/v3\\\/caso-cecilia-strzyzowski-renuncio-uno-de-los-abogados-de-gloria-romero-y-fernando-burlando-quedo-al-frente-de-la-defensa\\\/\"},\"author\":{\"name\":\"f1000024\",\"@id\":\"https:\\\/\\\/cvinoticias.com\\\/v3\\\/#\\\/schema\\\/person\\\/2db77e3c6bc03c538495d7b2b8be9b66\"},\"headline\":\"Caso Cecilia Strzyzowski: renunci\u00f3 uno de los abogados de Gloria Romero y Fernando Burlando qued\u00f3 al frente de la defensa\",\"datePublished\":\"2023-08-15T10:21:04+00:00\",\"mainEntityOfPage\":{\"@id\":\"https:\\\/\\\/cvinoticias.com\\\/v3\\\/caso-cecilia-strzyzowski-renuncio-uno-de-los-abogados-de-gloria-romero-y-fernando-burlando-quedo-al-frente-de-la-defensa\\\/\"},\"wordCount\":465,\"commentCount\":0,\"publisher\":{\"@id\":\"https:\\\/\\\/cvinoticias.com\\\/v3\\\/#organization\"},\"image\":{\"@id\":\"https:\\\/\\\/cvinoticias.com\\\/v3\\\/caso-cecilia-strzyzowski-renuncio-uno-de-los-abogados-de-gloria-romero-y-fernando-burlando-quedo-al-frente-de-la-defensa\\\/#primaryimage\"},\"thumbnailUrl\":\"https:\\\/\\\/cvinoticias.com\\\/wp-content\\\/uploads\\\/2023\\\/08\\\/EOAHMTHBIREBVLK7ZV53UA45T4.jpg\",\"articleSection\":[\"Informaci\u00f3n General\"],\"inLanguage\":\"es\",\"potentialAction\":[{\"@type\":\"CommentAction\",\"name\":\"Comment\",\"target\":[\"https:\\\/\\\/cvinoticias.com\\\/v3\\\/caso-cecilia-strzyzowski-renuncio-uno-de-los-abogados-de-gloria-romero-y-fernando-burlando-quedo-al-frente-de-la-defensa\\\/#respond\"]}]},{\"@type\":\"WebPage\",\"@id\":\"https:\\\/\\\/cvinoticias.com\\\/v3\\\/caso-cecilia-strzyzowski-renuncio-uno-de-los-abogados-de-gloria-romero-y-fernando-burlando-quedo-al-frente-de-la-defensa\\\/\",\"url\":\"https:\\\/\\\/cvinoticias.com\\\/v3\\\/caso-cecilia-strzyzowski-renuncio-uno-de-los-abogados-de-gloria-romero-y-fernando-burlando-quedo-al-frente-de-la-defensa\\\/\",\"name\":\"Caso Cecilia Strzyzowski: renunci\u00f3 uno de los abogados de Gloria Romero y Fernando Burlando qued\u00f3 al frente de la defensa | CVI NOTICIAS\",\"isPartOf\":{\"@id\":\"https:\\\/\\\/cvinoticias.com\\\/v3\\\/#website\"},\"primaryImageOfPage\":{\"@id\":\"https:\\\/\\\/cvinoticias.com\\\/v3\\\/caso-cecilia-strzyzowski-renuncio-uno-de-los-abogados-de-gloria-romero-y-fernando-burlando-quedo-al-frente-de-la-defensa\\\/#primaryimage\"},\"image\":{\"@id\":\"https:\\\/\\\/cvinoticias.com\\\/v3\\\/caso-cecilia-strzyzowski-renuncio-uno-de-los-abogados-de-gloria-romero-y-fernando-burlando-quedo-al-frente-de-la-defensa\\\/#primaryimage\"},\"thumbnailUrl\":\"https:\\\/\\\/cvinoticias.com\\\/wp-content\\\/uploads\\\/2023\\\/08\\\/EOAHMTHBIREBVLK7ZV53UA45T4.jpg\",\"datePublished\":\"2023-08-15T10:21:04+00:00\",\"breadcrumb\":{\"@id\":\"https:\\\/\\\/cvinoticias.com\\\/v3\\\/caso-cecilia-strzyzowski-renuncio-uno-de-los-abogados-de-gloria-romero-y-fernando-burlando-quedo-al-frente-de-la-defensa\\\/#breadcrumb\"},\"inLanguage\":\"es\",\"potentialAction\":[{\"@type\":\"ReadAction\",\"target\":[\"https:\\\/\\\/cvinoticias.com\\\/v3\\\/caso-cecilia-strzyzowski-renuncio-uno-de-los-abogados-de-gloria-romero-y-fernando-burlando-quedo-al-frente-de-la-defensa\\\/\"]}]},{\"@type\":\"ImageObject\",\"inLanguage\":\"es\",\"@id\":\"https:\\\/\\\/cvinoticias.com\\\/v3\\\/caso-cecilia-strzyzowski-renuncio-uno-de-los-abogados-de-gloria-romero-y-fernando-burlando-quedo-al-frente-de-la-defensa\\\/#primaryimage\",\"url\":\"https:\\\/\\\/cvinoticias.com\\\/wp-content\\\/uploads\\\/2023\\\/08\\\/EOAHMTHBIREBVLK7ZV53UA45T4.jpg\",\"contentUrl\":\"https:\\\/\\\/cvinoticias.com\\\/wp-content\\\/uploads\\\/2023\\\/08\\\/EOAHMTHBIREBVLK7ZV53UA45T4.jpg\",\"width\":992,\"height\":496},{\"@type\":\"BreadcrumbList\",\"@id\":\"https:\\\/\\\/cvinoticias.com\\\/v3\\\/caso-cecilia-strzyzowski-renuncio-uno-de-los-abogados-de-gloria-romero-y-fernando-burlando-quedo-al-frente-de-la-defensa\\\/#breadcrumb\",\"itemListElement\":[{\"@type\":\"ListItem\",\"position\":1,\"name\":\"Portada\",\"item\":\"https:\\\/\\\/cvinoticias.com\\\/v3\\\/\"},{\"@type\":\"ListItem\",\"position\":2,\"name\":\"Caso Cecilia Strzyzowski: renunci\u00f3 uno de los abogados de Gloria Romero y Fernando Burlando qued\u00f3 al frente de la defensa\"}]},{\"@type\":\"WebSite\",\"@id\":\"https:\\\/\\\/cvinoticias.com\\\/v3\\\/#website\",\"url\":\"https:\\\/\\\/cvinoticias.com\\\/v3\\\/\",\"name\":\"CVI NOTICIAS\",\"description\":\"\",\"publisher\":{\"@id\":\"https:\\\/\\\/cvinoticias.com\\\/v3\\\/#organization\"},\"alternateName\":\"CVI\",\"potentialAction\":[{\"@type\":\"SearchAction\",\"target\":{\"@type\":\"EntryPoint\",\"urlTemplate\":\"https:\\\/\\\/cvinoticias.com\\\/v3\\\/?s={search_term_string}\"},\"query-input\":{\"@type\":\"PropertyValueSpecification\",\"valueRequired\":true,\"valueName\":\"search_term_string\"}}],\"inLanguage\":\"es\"},{\"@type\":\"Organization\",\"@id\":\"https:\\\/\\\/cvinoticias.com\\\/v3\\\/#organization\",\"name\":\"CVI NOTICIAS\",\"url\":\"https:\\\/\\\/cvinoticias.com\\\/v3\\\/\",\"logo\":{\"@type\":\"ImageObject\",\"inLanguage\":\"es\",\"@id\":\"https:\\\/\\\/cvinoticias.com\\\/v3\\\/#\\\/schema\\\/logo\\\/image\\\/\",\"url\":\"https:\\\/\\\/cvinoticias.com\\\/wp-content\\\/uploads\\\/2023\\\/04\\\/cropped-cropped-cropped-cropped-cropped-3-1.png\",\"contentUrl\":\"https:\\\/\\\/cvinoticias.com\\\/wp-content\\\/uploads\\\/2023\\\/04\\\/cropped-cropped-cropped-cropped-cropped-3-1.png\",\"width\":95,\"height\":122,\"caption\":\"CVI NOTICIAS\"},\"image\":{\"@id\":\"https:\\\/\\\/cvinoticias.com\\\/v3\\\/#\\\/schema\\\/logo\\\/image\\\/\"},\"sameAs\":[\"https:\\\/\\\/www.facebook.com\\\/cvinoticias\",\"https:\\\/\\\/www.instagram.com\\\/cvinoticias\\\/\",\"https:\\\/\\\/www.youtube.com\\\/@CVINOTICIAS\"]},{\"@type\":\"Person\",\"@id\":\"https:\\\/\\\/cvinoticias.com\\\/v3\\\/#\\\/schema\\\/person\\\/2db77e3c6bc03c538495d7b2b8be9b66\",\"name\":\"f1000024\",\"image\":{\"@type\":\"ImageObject\",\"inLanguage\":\"es\",\"@id\":\"https:\\\/\\\/secure.gravatar.com\\\/avatar\\\/d4fe7459cfc51ff5129ce1a732bbef5928568b8092d412ef95611616376bbeed?s=96&d=mm&r=g\",\"url\":\"https:\\\/\\\/secure.gravatar.com\\\/avatar\\\/d4fe7459cfc51ff5129ce1a732bbef5928568b8092d412ef95611616376bbeed?s=96&d=mm&r=g\",\"contentUrl\":\"https:\\\/\\\/secure.gravatar.com\\\/avatar\\\/d4fe7459cfc51ff5129ce1a732bbef5928568b8092d412ef95611616376bbeed?s=96&d=mm&r=g\",\"caption\":\"f1000024\"},\"url\":\"https:\\\/\\\/cvinoticias.com\\\/v3\\\/author\\\/f1000024\\\/\"}]}<\/script>\n<!-- \/ Yoast SEO plugin. -->","yoast_head_json":{"title":"Caso Cecilia Strzyzowski: renunci\u00f3 uno de los abogados de Gloria Romero y Fernando Burlando qued\u00f3 al frente de la defensa | CVI NOTICIAS","robots":{"index":"index","follow":"follow","max-snippet":"max-snippet:-1","max-image-preview":"max-image-preview:large","max-video-preview":"max-video-preview:-1"},"canonical":"https:\/\/cvinoticias.com\/v3\/caso-cecilia-strzyzowski-renuncio-uno-de-los-abogados-de-gloria-romero-y-fernando-burlando-quedo-al-frente-de-la-defensa\/","og_locale":"es_ES","og_type":"article","og_title":"Caso Cecilia Strzyzowski: renunci\u00f3 uno de los abogados de Gloria Romero y Fernando Burlando qued\u00f3 al frente de la defensa | CVI NOTICIAS","og_description":"El abogado de la familia de Cecilia Strzyzowski, Juan Arreg\u00edn, present\u00f3 la renuncia al caso y apunt\u00f3 contra Fernando Burlando. Mientras contin\u00faa la causa que investiga la presunta muerte de Cecilia Strzyzowski, el abogado de la familia de la v\u00edctima Juan Arreg\u00edn present\u00f3 su renuncia al caso luego de escuchar un audio de Gloria Romero [&hellip;]","og_url":"https:\/\/cvinoticias.com\/v3\/caso-cecilia-strzyzowski-renuncio-uno-de-los-abogados-de-gloria-romero-y-fernando-burlando-quedo-al-frente-de-la-defensa\/","og_site_name":"CVI NOTICIAS","article_publisher":"https:\/\/www.facebook.com\/cvinoticias","article_published_time":"2023-08-15T10:21:04+00:00","og_image":[{"width":992,"height":496,"url":"https:\/\/cvinoticias.com\/wp-content\/uploads\/2023\/08\/EOAHMTHBIREBVLK7ZV53UA45T4.jpg","type":"image\/jpeg"}],"author":"f1000024","twitter_card":"summary_large_image","twitter_misc":{"Escrito por":"f1000024","Tiempo de lectura":"2 minutos"},"schema":{"@context":"https:\/\/schema.org","@graph":[{"@type":"Article","@id":"https:\/\/cvinoticias.com\/v3\/caso-cecilia-strzyzowski-renuncio-uno-de-los-abogados-de-gloria-romero-y-fernando-burlando-quedo-al-frente-de-la-defensa\/#article","isPartOf":{"@id":"https:\/\/cvinoticias.com\/v3\/caso-cecilia-strzyzowski-renuncio-uno-de-los-abogados-de-gloria-romero-y-fernando-burlando-quedo-al-frente-de-la-defensa\/"},"author":{"name":"f1000024","@id":"https:\/\/cvinoticias.com\/v3\/#\/schema\/person\/2db77e3c6bc03c538495d7b2b8be9b66"},"headline":"Caso Cecilia Strzyzowski: renunci\u00f3 uno de los abogados de Gloria Romero y Fernando Burlando qued\u00f3 al frente de la defensa","datePublished":"2023-08-15T10:21:04+00:00","mainEntityOfPage":{"@id":"https:\/\/cvinoticias.com\/v3\/caso-cecilia-strzyzowski-renuncio-uno-de-los-abogados-de-gloria-romero-y-fernando-burlando-quedo-al-frente-de-la-defensa\/"},"wordCount":465,"commentCount":0,"publisher":{"@id":"https:\/\/cvinoticias.com\/v3\/#organization"},"image":{"@id":"https:\/\/cvinoticias.com\/v3\/caso-cecilia-strzyzowski-renuncio-uno-de-los-abogados-de-gloria-romero-y-fernando-burlando-quedo-al-frente-de-la-defensa\/#primaryimage"},"thumbnailUrl":"https:\/\/cvinoticias.com\/wp-content\/uploads\/2023\/08\/EOAHMTHBIREBVLK7ZV53UA45T4.jpg","articleSection":["Informaci\u00f3n General"],"inLanguage":"es","potentialAction":[{"@type":"CommentAction","name":"Comment","target":["https:\/\/cvinoticias.com\/v3\/caso-cecilia-strzyzowski-renuncio-uno-de-los-abogados-de-gloria-romero-y-fernando-burlando-quedo-al-frente-de-la-defensa\/#respond"]}]},{"@type":"WebPage","@id":"https:\/\/cvinoticias.com\/v3\/caso-cecilia-strzyzowski-renuncio-uno-de-los-abogados-de-gloria-romero-y-fernando-burlando-quedo-al-frente-de-la-defensa\/","url":"https:\/\/cvinoticias.com\/v3\/caso-cecilia-strzyzowski-renuncio-uno-de-los-abogados-de-gloria-romero-y-fernando-burlando-quedo-al-frente-de-la-defensa\/","name":"Caso Cecilia Strzyzowski: renunci\u00f3 uno de los abogados de Gloria Romero y Fernando Burlando qued\u00f3 al frente de la defensa | CVI NOTICIAS","isPartOf":{"@id":"https:\/\/cvinoticias.com\/v3\/#website"},"primaryImageOfPage":{"@id":"https:\/\/cvinoticias.com\/v3\/caso-cecilia-strzyzowski-renuncio-uno-de-los-abogados-de-gloria-romero-y-fernando-burlando-quedo-al-frente-de-la-defensa\/#primaryimage"},"image":{"@id":"https:\/\/cvinoticias.com\/v3\/caso-cecilia-strzyzowski-renuncio-uno-de-los-abogados-de-gloria-romero-y-fernando-burlando-quedo-al-frente-de-la-defensa\/#primaryimage"},"thumbnailUrl":"https:\/\/cvinoticias.com\/wp-content\/uploads\/2023\/08\/EOAHMTHBIREBVLK7ZV53UA45T4.jpg","datePublished":"2023-08-15T10:21:04+00:00","breadcrumb":{"@id":"https:\/\/cvinoticias.com\/v3\/caso-cecilia-strzyzowski-renuncio-uno-de-los-abogados-de-gloria-romero-y-fernando-burlando-quedo-al-frente-de-la-defensa\/#breadcrumb"},"inLanguage":"es","potentialAction":[{"@type":"ReadAction","target":["https:\/\/cvinoticias.com\/v3\/caso-cecilia-strzyzowski-renuncio-uno-de-los-abogados-de-gloria-romero-y-fernando-burlando-quedo-al-frente-de-la-defensa\/"]}]},{"@type":"ImageObject","inLanguage":"es","@id":"https:\/\/cvinoticias.com\/v3\/caso-cecilia-strzyzowski-renuncio-uno-de-los-abogados-de-gloria-romero-y-fernando-burlando-quedo-al-frente-de-la-defensa\/#primaryimage","url":"https:\/\/cvinoticias.com\/wp-content\/uploads\/2023\/08\/EOAHMTHBIREBVLK7ZV53UA45T4.jpg","contentUrl":"https:\/\/cvinoticias.com\/wp-content\/uploads\/2023\/08\/EOAHMTHBIREBVLK7ZV53UA45T4.jpg","width":992,"height":496},{"@type":"BreadcrumbList","@id":"https:\/\/cvinoticias.com\/v3\/caso-cecilia-strzyzowski-renuncio-uno-de-los-abogados-de-gloria-romero-y-fernando-burlando-quedo-al-frente-de-la-defensa\/#breadcrumb","itemListElement":[{"@type":"ListItem","position":1,"name":"Portada","item":"https:\/\/cvinoticias.com\/v3\/"},{"@type":"ListItem","position":2,"name":"Caso Cecilia Strzyzowski: renunci\u00f3 uno de los abogados de Gloria Romero y Fernando Burlando qued\u00f3 al frente de la defensa"}]},{"@type":"WebSite","@id":"https:\/\/cvinoticias.com\/v3\/#website","url":"https:\/\/cvinoticias.com\/v3\/","name":"CVI NOTICIAS","description":"","publisher":{"@id":"https:\/\/cvinoticias.com\/v3\/#organization"},"alternateName":"CVI","potentialAction":[{"@type":"SearchAction","target":{"@type":"EntryPoint","urlTemplate":"https:\/\/cvinoticias.com\/v3\/?s={search_term_string}"},"query-input":{"@type":"PropertyValueSpecification","valueRequired":true,"valueName":"search_term_string"}}],"inLanguage":"es"},{"@type":"Organization","@id":"https:\/\/cvinoticias.com\/v3\/#organization","name":"CVI NOTICIAS","url":"https:\/\/cvinoticias.com\/v3\/","logo":{"@type":"ImageObject","inLanguage":"es","@id":"https:\/\/cvinoticias.com\/v3\/#\/schema\/logo\/image\/","url":"https:\/\/cvinoticias.com\/wp-content\/uploads\/2023\/04\/cropped-cropped-cropped-cropped-cropped-3-1.png","contentUrl":"https:\/\/cvinoticias.com\/wp-content\/uploads\/2023\/04\/cropped-cropped-cropped-cropped-cropped-3-1.png","width":95,"height":122,"caption":"CVI NOTICIAS"},"image":{"@id":"https:\/\/cvinoticias.com\/v3\/#\/schema\/logo\/image\/"},"sameAs":["https:\/\/www.facebook.com\/cvinoticias","https:\/\/www.instagram.com\/cvinoticias\/","https:\/\/www.youtube.com\/@CVINOTICIAS"]},{"@type":"Person","@id":"https:\/\/cvinoticias.com\/v3\/#\/schema\/person\/2db77e3c6bc03c538495d7b2b8be9b66","name":"f1000024","image":{"@type":"ImageObject","inLanguage":"es","@id":"https:\/\/secure.gravatar.com\/avatar\/d4fe7459cfc51ff5129ce1a732bbef5928568b8092d412ef95611616376bbeed?s=96&d=mm&r=g","url":"https:\/\/secure.gravatar.com\/avatar\/d4fe7459cfc51ff5129ce1a732bbef5928568b8092d412ef95611616376bbeed?s=96&d=mm&r=g","contentUrl":"https:\/\/secure.gravatar.com\/avatar\/d4fe7459cfc51ff5129ce1a732bbef5928568b8092d412ef95611616376bbeed?s=96&d=mm&r=g","caption":"f1000024"},"url":"https:\/\/cvinoticias.com\/v3\/author\/f1000024\/"}]}},"_links":{"self":[{"href":"https:\/\/cvinoticias.com\/v3\/wp-json\/wp\/v2\/posts\/27123","targetHints":{"allow":["GET"]}}],"collection":[{"href":"https:\/\/cvinoticias.com\/v3\/wp-json\/wp\/v2\/posts"}],"about":[{"href":"https:\/\/cvinoticias.com\/v3\/wp-json\/wp\/v2\/types\/post"}],"author":[{"embeddable":true,"href":"https:\/\/cvinoticias.com\/v3\/wp-json\/wp\/v2\/users\/2"}],"replies":[{"embeddable":true,"href":"https:\/\/cvinoticias.com\/v3\/wp-json\/wp\/v2\/comments?post=27123"}],"version-history":[{"count":1,"href":"https:\/\/cvinoticias.com\/v3\/wp-json\/wp\/v2\/posts\/27123\/revisions"}],"predecessor-version":[{"id":27125,"href":"https:\/\/cvinoticias.com\/v3\/wp-json\/wp\/v2\/posts\/27123\/revisions\/27125"}],"wp:featuredmedia":[{"embeddable":true,"href":"https:\/\/cvinoticias.com\/v3\/wp-json\/wp\/v2\/media\/27124"}],"wp:attachment":[{"href":"https:\/\/cvinoticias.com\/v3\/wp-json\/wp\/v2\/media?parent=27123"}],"wp:term":[{"taxonomy":"category","embeddable":true,"href":"https:\/\/cvinoticias.com\/v3\/wp-json\/wp\/v2\/categories?post=27123"},{"taxonomy":"post_tag","embeddable":true,"href":"https:\/\/cvinoticias.com\/v3\/wp-json\/wp\/v2\/tags?post=27123"}],"curies":[{"name":"wp","href":"https:\/\/api.w.org\/{rel}","templated":true}]}}