{"id":27103,"date":"2023-08-14T09:07:13","date_gmt":"2023-08-14T09:07:13","guid":{"rendered":"https:\/\/cvinoticias.com\/v3\/?p=27103"},"modified":"2023-08-14T09:07:13","modified_gmt":"2023-08-14T09:07:13","slug":"paraguay-un-nino-misionero-de-seis-anos-murio-tras-ser-impactado-por-una-rueda-que-se-desprendio-de-un-auto-de-rally","status":"publish","type":"post","link":"https:\/\/cvinoticias.com\/v3\/paraguay-un-nino-misionero-de-seis-anos-murio-tras-ser-impactado-por-una-rueda-que-se-desprendio-de-un-auto-de-rally\/","title":{"rendered":"Paraguay: Un ni\u00f1o misionero de seis a\u00f1os muri\u00f3 tras ser impactado por una rueda que se desprendi\u00f3 de un auto de rally"},"content":{"rendered":"\n<p><strong><em>Este domingo, un menor de seis a\u00f1os, fue v\u00edctima de un lamentable hecho en el municipio de Bella Vista, en Paraguay. Un auto de rally tuvo un desperfecto y una rueda sali\u00f3 del rodado e impact\u00f3 contra la v\u00edctima. El menor muri\u00f3 por traumatismo grave de cr\u00e1neo.<\/em><\/strong><\/p>\n\n\n\n<p>Una tragedia que conmovi\u00f3 a la Colonia Aka Karaya, en el Distrito de Bella Vista. Durante una etapa del Rally Itap\u00faa 2023 Aka Karaya \u2013 Fordi 5, que se desarrollaba en un camino terraplenado, un autom\u00f3vil de la marca Skoda, modelo Fabia, sufri\u00f3 un accidente en el predio del evento.<\/p>\n\n\n\n<p>El hecho dej\u00f3 como consecuencia la p\u00e9rdida de la rueda delantera derecha del veh\u00edculo, que se desprendi\u00f3 y fue a impactar en la direcci\u00f3n de un grupo de espectadores que presenciaban la competencia desde un campo detr\u00e1s de un alambrado. Entre los presentes se encontraba un ni\u00f1o argentino de 6 a\u00f1os de edad, hijo de Teresa de J., ambos oriundos de Posadas, seg\u00fan informaron fuentes consultadas.<\/p>\n\n\n\n<p>El autom\u00f3vil, al perder su rueda, perdi\u00f3 el control y subi\u00f3 a un desnivel del terreno de aproximadamente 1,20 metros de altura. La cubierta desprendida alcanz\u00f3 al menor en el pecho, caus\u00e1ndole lesiones graves. Los equipos de emergencia acudieron al lugar de inmediato, y el ni\u00f1o fue trasladado al Sanatorio Adventista en la ciudad de Hohenau. Sin embargo, el doctor Pablo R\u00edos confirm\u00f3 su fallecimiento debido a un \u201ctraumatismo de cr\u00e1neo severo y fractura de base de cr\u00e1neo\u201d.<\/p>\n\n\n\n<figure class=\"wp-block-image size-full\"><a href=\"https:\/\/cvinoticias.com\/wp-content\/uploads\/2023\/08\/Screenshot_20230814_060241_Facebook.jpg\"><img decoding=\"async\" width=\"920\" height=\"538\" data-src=\"https:\/\/cvinoticias.com\/wp-content\/uploads\/2023\/08\/Screenshot_20230814_060241_Facebook.jpg\" alt=\"\" class=\"wp-image-27105 lazyload\" data-srcset=\"https:\/\/cvinoticias.com\/wp-content\/uploads\/2023\/08\/Screenshot_20230814_060241_Facebook.jpg 920w, https:\/\/cvinoticias.com\/wp-content\/uploads\/2023\/08\/Screenshot_20230814_060241_Facebook-300x175.jpg 300w, https:\/\/cvinoticias.com\/wp-content\/uploads\/2023\/08\/Screenshot_20230814_060241_Facebook-768x449.jpg 768w\" data-sizes=\"(max-width: 920px) 100vw, 920px\" src=\"data:image\/svg+xml;base64,PHN2ZyB3aWR0aD0iMSIgaGVpZ2h0PSIxIiB4bWxucz0iaHR0cDovL3d3dy53My5vcmcvMjAwMC9zdmciPjwvc3ZnPg==\" style=\"--smush-placeholder-width: 920px; --smush-placeholder-aspect-ratio: 920\/538;\" \/><\/a><\/figure>\n\n\n\n<p>Los espectadores se encuentran consternados por este tr\u00e1gico hecho, que tuvo lugar en el predio del evento deportivo. Seg\u00fan informaron, se comunic\u00f3 el accidente al Agente Fiscal de Turno de las Colinas Unidas, Reinaldo Castillo, quien inici\u00f3 los procedimientos correspondientes para esclarecer lo ocurrido.<\/p>\n\n\n\n<p>Los organizadores del Rally Itap\u00faa han expresado sus condolencias y solidaridad con los afectados por este lamentable suceso. El evento deportivo fue suspendido temporalmente mientras se llevan a cabo las investigaciones para determinar las causas exactas del accidente.<\/p>\n\n\n\n<p>A trav\u00e9s de un comunicado, la organizaci\u00f3n del rally en Colonias Unidas, Departamento de Itap\u00faa, decidi\u00f3 suspender la competencia luego de confirmarse un tr\u00e1gico accidente durante la segunda etapa del rally, donde un ni\u00f1o misionero de seis a\u00f1os perdi\u00f3 la vida.<\/p>\n\n\n\n<figure class=\"wp-block-image size-large\"><a href=\"https:\/\/cvinoticias.com\/wp-content\/uploads\/2023\/08\/Screenshot_20230814_060212_Facebook.jpg\"><img decoding=\"async\" width=\"753\" height=\"1024\" data-src=\"https:\/\/cvinoticias.com\/wp-content\/uploads\/2023\/08\/Screenshot_20230814_060212_Facebook-753x1024.jpg\" alt=\"\" class=\"wp-image-27104 lazyload\" data-srcset=\"https:\/\/cvinoticias.com\/wp-content\/uploads\/2023\/08\/Screenshot_20230814_060212_Facebook-753x1024.jpg 753w, https:\/\/cvinoticias.com\/wp-content\/uploads\/2023\/08\/Screenshot_20230814_060212_Facebook-221x300.jpg 221w, https:\/\/cvinoticias.com\/wp-content\/uploads\/2023\/08\/Screenshot_20230814_060212_Facebook-768x1044.jpg 768w, https:\/\/cvinoticias.com\/wp-content\/uploads\/2023\/08\/Screenshot_20230814_060212_Facebook.jpg 1078w\" data-sizes=\"(max-width: 753px) 100vw, 753px\" src=\"data:image\/svg+xml;base64,PHN2ZyB3aWR0aD0iMSIgaGVpZ2h0PSIxIiB4bWxucz0iaHR0cDovL3d3dy53My5vcmcvMjAwMC9zdmciPjwvc3ZnPg==\" style=\"--smush-placeholder-width: 753px; --smush-placeholder-aspect-ratio: 753\/1024;\" \/><\/a><\/figure>\n\n\n\n<p>\u201cComunicamos que se ha tomado la decisi\u00f3n de dar por finalizada la disputa del Rally Colonias Unidas 2023, en vista de la confirmaci\u00f3n de un tr\u00e1gico accidente durante la etapa de este rally, donde lastimosamente ha perdido la vida un menor de edad\u201d, publicaron en redes sociales.(MOL)<\/p>\n","protected":false},"excerpt":{"rendered":"<p>Este domingo, un menor de seis a\u00f1os, fue v\u00edctima de un lamentable hecho en el municipio de Bella Vista, en Paraguay. Un auto de rally tuvo un desperfecto y una rueda sali\u00f3 del rodado e impact\u00f3 contra la v\u00edctima. El menor muri\u00f3 por traumatismo grave de cr\u00e1neo. Una tragedia que conmovi\u00f3 a la Colonia Aka [&hellip;]<\/p>\n","protected":false},"author":2,"featured_media":27106,"comment_status":"open","ping_status":"open","sticky":false,"template":"","format":"standard","meta":{"footnotes":""},"categories":[35],"tags":[],"class_list":["post-27103","post","type-post","status-publish","format-standard","has-post-thumbnail","hentry","category-informacion-general"],"yoast_head":"<!-- This site is optimized with the Yoast SEO plugin v27.5 - https:\/\/yoast.com\/product\/yoast-seo-wordpress\/ -->\n<title>Paraguay: Un ni\u00f1o misionero de seis a\u00f1os muri\u00f3 tras ser impactado por una rueda que se desprendi\u00f3 de un auto de rally | CVI NOTICIAS<\/title>\n<meta name=\"robots\" content=\"index, follow, max-snippet:-1, max-image-preview:large, max-video-preview:-1\" \/>\n<link rel=\"canonical\" href=\"https:\/\/cvinoticias.com\/v3\/paraguay-un-nino-misionero-de-seis-anos-murio-tras-ser-impactado-por-una-rueda-que-se-desprendio-de-un-auto-de-rally\/\" \/>\n<meta property=\"og:locale\" content=\"es_ES\" \/>\n<meta property=\"og:type\" content=\"article\" \/>\n<meta property=\"og:title\" content=\"Paraguay: Un ni\u00f1o misionero de seis a\u00f1os muri\u00f3 tras ser impactado por una rueda que se desprendi\u00f3 de un auto de rally | CVI NOTICIAS\" \/>\n<meta property=\"og:description\" content=\"Este domingo, un menor de seis a\u00f1os, fue v\u00edctima de un lamentable hecho en el municipio de Bella Vista, en Paraguay. Un auto de rally tuvo un desperfecto y una rueda sali\u00f3 del rodado e impact\u00f3 contra la v\u00edctima. El menor muri\u00f3 por traumatismo grave de cr\u00e1neo. Una tragedia que conmovi\u00f3 a la Colonia Aka [&hellip;]\" \/>\n<meta property=\"og:url\" content=\"https:\/\/cvinoticias.com\/v3\/paraguay-un-nino-misionero-de-seis-anos-murio-tras-ser-impactado-por-una-rueda-que-se-desprendio-de-un-auto-de-rally\/\" \/>\n<meta property=\"og:site_name\" content=\"CVI NOTICIAS\" \/>\n<meta property=\"article:publisher\" content=\"https:\/\/www.facebook.com\/cvinoticias\" \/>\n<meta property=\"article:published_time\" content=\"2023-08-14T09:07:13+00:00\" \/>\n<meta property=\"og:image\" content=\"https:\/\/cvinoticias.com\/wp-content\/uploads\/2023\/08\/Screenshot_20230814_060317_Facebook.jpg\" \/>\n\t<meta property=\"og:image:width\" content=\"1079\" \/>\n\t<meta property=\"og:image:height\" content=\"537\" \/>\n\t<meta property=\"og:image:type\" content=\"image\/jpeg\" \/>\n<meta name=\"author\" content=\"f1000024\" \/>\n<meta name=\"twitter:card\" content=\"summary_large_image\" \/>\n<meta name=\"twitter:label1\" content=\"Escrito por\" \/>\n\t<meta name=\"twitter:data1\" content=\"f1000024\" \/>\n\t<meta name=\"twitter:label2\" content=\"Tiempo de lectura\" \/>\n\t<meta name=\"twitter:data2\" content=\"2 minutos\" \/>\n<script type=\"application\/ld+json\" class=\"yoast-schema-graph\">{\"@context\":\"https:\\\/\\\/schema.org\",\"@graph\":[{\"@type\":\"Article\",\"@id\":\"https:\\\/\\\/cvinoticias.com\\\/v3\\\/paraguay-un-nino-misionero-de-seis-anos-murio-tras-ser-impactado-por-una-rueda-que-se-desprendio-de-un-auto-de-rally\\\/#article\",\"isPartOf\":{\"@id\":\"https:\\\/\\\/cvinoticias.com\\\/v3\\\/paraguay-un-nino-misionero-de-seis-anos-murio-tras-ser-impactado-por-una-rueda-que-se-desprendio-de-un-auto-de-rally\\\/\"},\"author\":{\"name\":\"f1000024\",\"@id\":\"https:\\\/\\\/cvinoticias.com\\\/v3\\\/#\\\/schema\\\/person\\\/2db77e3c6bc03c538495d7b2b8be9b66\"},\"headline\":\"Paraguay: Un ni\u00f1o misionero de seis a\u00f1os muri\u00f3 tras ser impactado por una rueda que se desprendi\u00f3 de un auto de rally\",\"datePublished\":\"2023-08-14T09:07:13+00:00\",\"mainEntityOfPage\":{\"@id\":\"https:\\\/\\\/cvinoticias.com\\\/v3\\\/paraguay-un-nino-misionero-de-seis-anos-murio-tras-ser-impactado-por-una-rueda-que-se-desprendio-de-un-auto-de-rally\\\/\"},\"wordCount\":461,\"commentCount\":0,\"publisher\":{\"@id\":\"https:\\\/\\\/cvinoticias.com\\\/v3\\\/#organization\"},\"image\":{\"@id\":\"https:\\\/\\\/cvinoticias.com\\\/v3\\\/paraguay-un-nino-misionero-de-seis-anos-murio-tras-ser-impactado-por-una-rueda-que-se-desprendio-de-un-auto-de-rally\\\/#primaryimage\"},\"thumbnailUrl\":\"https:\\\/\\\/cvinoticias.com\\\/wp-content\\\/uploads\\\/2023\\\/08\\\/Screenshot_20230814_060317_Facebook.jpg\",\"articleSection\":[\"Informaci\u00f3n General\"],\"inLanguage\":\"es\",\"potentialAction\":[{\"@type\":\"CommentAction\",\"name\":\"Comment\",\"target\":[\"https:\\\/\\\/cvinoticias.com\\\/v3\\\/paraguay-un-nino-misionero-de-seis-anos-murio-tras-ser-impactado-por-una-rueda-que-se-desprendio-de-un-auto-de-rally\\\/#respond\"]}]},{\"@type\":\"WebPage\",\"@id\":\"https:\\\/\\\/cvinoticias.com\\\/v3\\\/paraguay-un-nino-misionero-de-seis-anos-murio-tras-ser-impactado-por-una-rueda-que-se-desprendio-de-un-auto-de-rally\\\/\",\"url\":\"https:\\\/\\\/cvinoticias.com\\\/v3\\\/paraguay-un-nino-misionero-de-seis-anos-murio-tras-ser-impactado-por-una-rueda-que-se-desprendio-de-un-auto-de-rally\\\/\",\"name\":\"Paraguay: Un ni\u00f1o misionero de seis a\u00f1os muri\u00f3 tras ser impactado por una rueda que se desprendi\u00f3 de un auto de rally | CVI NOTICIAS\",\"isPartOf\":{\"@id\":\"https:\\\/\\\/cvinoticias.com\\\/v3\\\/#website\"},\"primaryImageOfPage\":{\"@id\":\"https:\\\/\\\/cvinoticias.com\\\/v3\\\/paraguay-un-nino-misionero-de-seis-anos-murio-tras-ser-impactado-por-una-rueda-que-se-desprendio-de-un-auto-de-rally\\\/#primaryimage\"},\"image\":{\"@id\":\"https:\\\/\\\/cvinoticias.com\\\/v3\\\/paraguay-un-nino-misionero-de-seis-anos-murio-tras-ser-impactado-por-una-rueda-que-se-desprendio-de-un-auto-de-rally\\\/#primaryimage\"},\"thumbnailUrl\":\"https:\\\/\\\/cvinoticias.com\\\/wp-content\\\/uploads\\\/2023\\\/08\\\/Screenshot_20230814_060317_Facebook.jpg\",\"datePublished\":\"2023-08-14T09:07:13+00:00\",\"breadcrumb\":{\"@id\":\"https:\\\/\\\/cvinoticias.com\\\/v3\\\/paraguay-un-nino-misionero-de-seis-anos-murio-tras-ser-impactado-por-una-rueda-que-se-desprendio-de-un-auto-de-rally\\\/#breadcrumb\"},\"inLanguage\":\"es\",\"potentialAction\":[{\"@type\":\"ReadAction\",\"target\":[\"https:\\\/\\\/cvinoticias.com\\\/v3\\\/paraguay-un-nino-misionero-de-seis-anos-murio-tras-ser-impactado-por-una-rueda-que-se-desprendio-de-un-auto-de-rally\\\/\"]}]},{\"@type\":\"ImageObject\",\"inLanguage\":\"es\",\"@id\":\"https:\\\/\\\/cvinoticias.com\\\/v3\\\/paraguay-un-nino-misionero-de-seis-anos-murio-tras-ser-impactado-por-una-rueda-que-se-desprendio-de-un-auto-de-rally\\\/#primaryimage\",\"url\":\"https:\\\/\\\/cvinoticias.com\\\/wp-content\\\/uploads\\\/2023\\\/08\\\/Screenshot_20230814_060317_Facebook.jpg\",\"contentUrl\":\"https:\\\/\\\/cvinoticias.com\\\/wp-content\\\/uploads\\\/2023\\\/08\\\/Screenshot_20230814_060317_Facebook.jpg\",\"width\":1079,\"height\":537},{\"@type\":\"BreadcrumbList\",\"@id\":\"https:\\\/\\\/cvinoticias.com\\\/v3\\\/paraguay-un-nino-misionero-de-seis-anos-murio-tras-ser-impactado-por-una-rueda-que-se-desprendio-de-un-auto-de-rally\\\/#breadcrumb\",\"itemListElement\":[{\"@type\":\"ListItem\",\"position\":1,\"name\":\"Portada\",\"item\":\"https:\\\/\\\/cvinoticias.com\\\/v3\\\/\"},{\"@type\":\"ListItem\",\"position\":2,\"name\":\"Paraguay: Un ni\u00f1o misionero de seis a\u00f1os muri\u00f3 tras ser impactado por una rueda que se desprendi\u00f3 de un auto de rally\"}]},{\"@type\":\"WebSite\",\"@id\":\"https:\\\/\\\/cvinoticias.com\\\/v3\\\/#website\",\"url\":\"https:\\\/\\\/cvinoticias.com\\\/v3\\\/\",\"name\":\"CVI NOTICIAS\",\"description\":\"\",\"publisher\":{\"@id\":\"https:\\\/\\\/cvinoticias.com\\\/v3\\\/#organization\"},\"alternateName\":\"CVI\",\"potentialAction\":[{\"@type\":\"SearchAction\",\"target\":{\"@type\":\"EntryPoint\",\"urlTemplate\":\"https:\\\/\\\/cvinoticias.com\\\/v3\\\/?s={search_term_string}\"},\"query-input\":{\"@type\":\"PropertyValueSpecification\",\"valueRequired\":true,\"valueName\":\"search_term_string\"}}],\"inLanguage\":\"es\"},{\"@type\":\"Organization\",\"@id\":\"https:\\\/\\\/cvinoticias.com\\\/v3\\\/#organization\",\"name\":\"CVI NOTICIAS\",\"url\":\"https:\\\/\\\/cvinoticias.com\\\/v3\\\/\",\"logo\":{\"@type\":\"ImageObject\",\"inLanguage\":\"es\",\"@id\":\"https:\\\/\\\/cvinoticias.com\\\/v3\\\/#\\\/schema\\\/logo\\\/image\\\/\",\"url\":\"https:\\\/\\\/cvinoticias.com\\\/wp-content\\\/uploads\\\/2023\\\/04\\\/cropped-cropped-cropped-cropped-cropped-3-1.png\",\"contentUrl\":\"https:\\\/\\\/cvinoticias.com\\\/wp-content\\\/uploads\\\/2023\\\/04\\\/cropped-cropped-cropped-cropped-cropped-3-1.png\",\"width\":95,\"height\":122,\"caption\":\"CVI NOTICIAS\"},\"image\":{\"@id\":\"https:\\\/\\\/cvinoticias.com\\\/v3\\\/#\\\/schema\\\/logo\\\/image\\\/\"},\"sameAs\":[\"https:\\\/\\\/www.facebook.com\\\/cvinoticias\",\"https:\\\/\\\/www.instagram.com\\\/cvinoticias\\\/\",\"https:\\\/\\\/www.youtube.com\\\/@CVINOTICIAS\"]},{\"@type\":\"Person\",\"@id\":\"https:\\\/\\\/cvinoticias.com\\\/v3\\\/#\\\/schema\\\/person\\\/2db77e3c6bc03c538495d7b2b8be9b66\",\"name\":\"f1000024\",\"image\":{\"@type\":\"ImageObject\",\"inLanguage\":\"es\",\"@id\":\"https:\\\/\\\/secure.gravatar.com\\\/avatar\\\/d4fe7459cfc51ff5129ce1a732bbef5928568b8092d412ef95611616376bbeed?s=96&d=mm&r=g\",\"url\":\"https:\\\/\\\/secure.gravatar.com\\\/avatar\\\/d4fe7459cfc51ff5129ce1a732bbef5928568b8092d412ef95611616376bbeed?s=96&d=mm&r=g\",\"contentUrl\":\"https:\\\/\\\/secure.gravatar.com\\\/avatar\\\/d4fe7459cfc51ff5129ce1a732bbef5928568b8092d412ef95611616376bbeed?s=96&d=mm&r=g\",\"caption\":\"f1000024\"},\"url\":\"https:\\\/\\\/cvinoticias.com\\\/v3\\\/author\\\/f1000024\\\/\"}]}<\/script>\n<!-- \/ Yoast SEO plugin. -->","yoast_head_json":{"title":"Paraguay: Un ni\u00f1o misionero de seis a\u00f1os muri\u00f3 tras ser impactado por una rueda que se desprendi\u00f3 de un auto de rally | CVI NOTICIAS","robots":{"index":"index","follow":"follow","max-snippet":"max-snippet:-1","max-image-preview":"max-image-preview:large","max-video-preview":"max-video-preview:-1"},"canonical":"https:\/\/cvinoticias.com\/v3\/paraguay-un-nino-misionero-de-seis-anos-murio-tras-ser-impactado-por-una-rueda-que-se-desprendio-de-un-auto-de-rally\/","og_locale":"es_ES","og_type":"article","og_title":"Paraguay: Un ni\u00f1o misionero de seis a\u00f1os muri\u00f3 tras ser impactado por una rueda que se desprendi\u00f3 de un auto de rally | CVI NOTICIAS","og_description":"Este domingo, un menor de seis a\u00f1os, fue v\u00edctima de un lamentable hecho en el municipio de Bella Vista, en Paraguay. Un auto de rally tuvo un desperfecto y una rueda sali\u00f3 del rodado e impact\u00f3 contra la v\u00edctima. El menor muri\u00f3 por traumatismo grave de cr\u00e1neo. Una tragedia que conmovi\u00f3 a la Colonia Aka [&hellip;]","og_url":"https:\/\/cvinoticias.com\/v3\/paraguay-un-nino-misionero-de-seis-anos-murio-tras-ser-impactado-por-una-rueda-que-se-desprendio-de-un-auto-de-rally\/","og_site_name":"CVI NOTICIAS","article_publisher":"https:\/\/www.facebook.com\/cvinoticias","article_published_time":"2023-08-14T09:07:13+00:00","og_image":[{"width":1079,"height":537,"url":"https:\/\/cvinoticias.com\/wp-content\/uploads\/2023\/08\/Screenshot_20230814_060317_Facebook.jpg","type":"image\/jpeg"}],"author":"f1000024","twitter_card":"summary_large_image","twitter_misc":{"Escrito por":"f1000024","Tiempo de lectura":"2 minutos"},"schema":{"@context":"https:\/\/schema.org","@graph":[{"@type":"Article","@id":"https:\/\/cvinoticias.com\/v3\/paraguay-un-nino-misionero-de-seis-anos-murio-tras-ser-impactado-por-una-rueda-que-se-desprendio-de-un-auto-de-rally\/#article","isPartOf":{"@id":"https:\/\/cvinoticias.com\/v3\/paraguay-un-nino-misionero-de-seis-anos-murio-tras-ser-impactado-por-una-rueda-que-se-desprendio-de-un-auto-de-rally\/"},"author":{"name":"f1000024","@id":"https:\/\/cvinoticias.com\/v3\/#\/schema\/person\/2db77e3c6bc03c538495d7b2b8be9b66"},"headline":"Paraguay: Un ni\u00f1o misionero de seis a\u00f1os muri\u00f3 tras ser impactado por una rueda que se desprendi\u00f3 de un auto de rally","datePublished":"2023-08-14T09:07:13+00:00","mainEntityOfPage":{"@id":"https:\/\/cvinoticias.com\/v3\/paraguay-un-nino-misionero-de-seis-anos-murio-tras-ser-impactado-por-una-rueda-que-se-desprendio-de-un-auto-de-rally\/"},"wordCount":461,"commentCount":0,"publisher":{"@id":"https:\/\/cvinoticias.com\/v3\/#organization"},"image":{"@id":"https:\/\/cvinoticias.com\/v3\/paraguay-un-nino-misionero-de-seis-anos-murio-tras-ser-impactado-por-una-rueda-que-se-desprendio-de-un-auto-de-rally\/#primaryimage"},"thumbnailUrl":"https:\/\/cvinoticias.com\/wp-content\/uploads\/2023\/08\/Screenshot_20230814_060317_Facebook.jpg","articleSection":["Informaci\u00f3n General"],"inLanguage":"es","potentialAction":[{"@type":"CommentAction","name":"Comment","target":["https:\/\/cvinoticias.com\/v3\/paraguay-un-nino-misionero-de-seis-anos-murio-tras-ser-impactado-por-una-rueda-que-se-desprendio-de-un-auto-de-rally\/#respond"]}]},{"@type":"WebPage","@id":"https:\/\/cvinoticias.com\/v3\/paraguay-un-nino-misionero-de-seis-anos-murio-tras-ser-impactado-por-una-rueda-que-se-desprendio-de-un-auto-de-rally\/","url":"https:\/\/cvinoticias.com\/v3\/paraguay-un-nino-misionero-de-seis-anos-murio-tras-ser-impactado-por-una-rueda-que-se-desprendio-de-un-auto-de-rally\/","name":"Paraguay: Un ni\u00f1o misionero de seis a\u00f1os muri\u00f3 tras ser impactado por una rueda que se desprendi\u00f3 de un auto de rally | CVI NOTICIAS","isPartOf":{"@id":"https:\/\/cvinoticias.com\/v3\/#website"},"primaryImageOfPage":{"@id":"https:\/\/cvinoticias.com\/v3\/paraguay-un-nino-misionero-de-seis-anos-murio-tras-ser-impactado-por-una-rueda-que-se-desprendio-de-un-auto-de-rally\/#primaryimage"},"image":{"@id":"https:\/\/cvinoticias.com\/v3\/paraguay-un-nino-misionero-de-seis-anos-murio-tras-ser-impactado-por-una-rueda-que-se-desprendio-de-un-auto-de-rally\/#primaryimage"},"thumbnailUrl":"https:\/\/cvinoticias.com\/wp-content\/uploads\/2023\/08\/Screenshot_20230814_060317_Facebook.jpg","datePublished":"2023-08-14T09:07:13+00:00","breadcrumb":{"@id":"https:\/\/cvinoticias.com\/v3\/paraguay-un-nino-misionero-de-seis-anos-murio-tras-ser-impactado-por-una-rueda-que-se-desprendio-de-un-auto-de-rally\/#breadcrumb"},"inLanguage":"es","potentialAction":[{"@type":"ReadAction","target":["https:\/\/cvinoticias.com\/v3\/paraguay-un-nino-misionero-de-seis-anos-murio-tras-ser-impactado-por-una-rueda-que-se-desprendio-de-un-auto-de-rally\/"]}]},{"@type":"ImageObject","inLanguage":"es","@id":"https:\/\/cvinoticias.com\/v3\/paraguay-un-nino-misionero-de-seis-anos-murio-tras-ser-impactado-por-una-rueda-que-se-desprendio-de-un-auto-de-rally\/#primaryimage","url":"https:\/\/cvinoticias.com\/wp-content\/uploads\/2023\/08\/Screenshot_20230814_060317_Facebook.jpg","contentUrl":"https:\/\/cvinoticias.com\/wp-content\/uploads\/2023\/08\/Screenshot_20230814_060317_Facebook.jpg","width":1079,"height":537},{"@type":"BreadcrumbList","@id":"https:\/\/cvinoticias.com\/v3\/paraguay-un-nino-misionero-de-seis-anos-murio-tras-ser-impactado-por-una-rueda-que-se-desprendio-de-un-auto-de-rally\/#breadcrumb","itemListElement":[{"@type":"ListItem","position":1,"name":"Portada","item":"https:\/\/cvinoticias.com\/v3\/"},{"@type":"ListItem","position":2,"name":"Paraguay: Un ni\u00f1o misionero de seis a\u00f1os muri\u00f3 tras ser impactado por una rueda que se desprendi\u00f3 de un auto de rally"}]},{"@type":"WebSite","@id":"https:\/\/cvinoticias.com\/v3\/#website","url":"https:\/\/cvinoticias.com\/v3\/","name":"CVI NOTICIAS","description":"","publisher":{"@id":"https:\/\/cvinoticias.com\/v3\/#organization"},"alternateName":"CVI","potentialAction":[{"@type":"SearchAction","target":{"@type":"EntryPoint","urlTemplate":"https:\/\/cvinoticias.com\/v3\/?s={search_term_string}"},"query-input":{"@type":"PropertyValueSpecification","valueRequired":true,"valueName":"search_term_string"}}],"inLanguage":"es"},{"@type":"Organization","@id":"https:\/\/cvinoticias.com\/v3\/#organization","name":"CVI NOTICIAS","url":"https:\/\/cvinoticias.com\/v3\/","logo":{"@type":"ImageObject","inLanguage":"es","@id":"https:\/\/cvinoticias.com\/v3\/#\/schema\/logo\/image\/","url":"https:\/\/cvinoticias.com\/wp-content\/uploads\/2023\/04\/cropped-cropped-cropped-cropped-cropped-3-1.png","contentUrl":"https:\/\/cvinoticias.com\/wp-content\/uploads\/2023\/04\/cropped-cropped-cropped-cropped-cropped-3-1.png","width":95,"height":122,"caption":"CVI NOTICIAS"},"image":{"@id":"https:\/\/cvinoticias.com\/v3\/#\/schema\/logo\/image\/"},"sameAs":["https:\/\/www.facebook.com\/cvinoticias","https:\/\/www.instagram.com\/cvinoticias\/","https:\/\/www.youtube.com\/@CVINOTICIAS"]},{"@type":"Person","@id":"https:\/\/cvinoticias.com\/v3\/#\/schema\/person\/2db77e3c6bc03c538495d7b2b8be9b66","name":"f1000024","image":{"@type":"ImageObject","inLanguage":"es","@id":"https:\/\/secure.gravatar.com\/avatar\/d4fe7459cfc51ff5129ce1a732bbef5928568b8092d412ef95611616376bbeed?s=96&d=mm&r=g","url":"https:\/\/secure.gravatar.com\/avatar\/d4fe7459cfc51ff5129ce1a732bbef5928568b8092d412ef95611616376bbeed?s=96&d=mm&r=g","contentUrl":"https:\/\/secure.gravatar.com\/avatar\/d4fe7459cfc51ff5129ce1a732bbef5928568b8092d412ef95611616376bbeed?s=96&d=mm&r=g","caption":"f1000024"},"url":"https:\/\/cvinoticias.com\/v3\/author\/f1000024\/"}]}},"_links":{"self":[{"href":"https:\/\/cvinoticias.com\/v3\/wp-json\/wp\/v2\/posts\/27103","targetHints":{"allow":["GET"]}}],"collection":[{"href":"https:\/\/cvinoticias.com\/v3\/wp-json\/wp\/v2\/posts"}],"about":[{"href":"https:\/\/cvinoticias.com\/v3\/wp-json\/wp\/v2\/types\/post"}],"author":[{"embeddable":true,"href":"https:\/\/cvinoticias.com\/v3\/wp-json\/wp\/v2\/users\/2"}],"replies":[{"embeddable":true,"href":"https:\/\/cvinoticias.com\/v3\/wp-json\/wp\/v2\/comments?post=27103"}],"version-history":[{"count":1,"href":"https:\/\/cvinoticias.com\/v3\/wp-json\/wp\/v2\/posts\/27103\/revisions"}],"predecessor-version":[{"id":27107,"href":"https:\/\/cvinoticias.com\/v3\/wp-json\/wp\/v2\/posts\/27103\/revisions\/27107"}],"wp:featuredmedia":[{"embeddable":true,"href":"https:\/\/cvinoticias.com\/v3\/wp-json\/wp\/v2\/media\/27106"}],"wp:attachment":[{"href":"https:\/\/cvinoticias.com\/v3\/wp-json\/wp\/v2\/media?parent=27103"}],"wp:term":[{"taxonomy":"category","embeddable":true,"href":"https:\/\/cvinoticias.com\/v3\/wp-json\/wp\/v2\/categories?post=27103"},{"taxonomy":"post_tag","embeddable":true,"href":"https:\/\/cvinoticias.com\/v3\/wp-json\/wp\/v2\/tags?post=27103"}],"curies":[{"name":"wp","href":"https:\/\/api.w.org\/{rel}","templated":true}]}}