{"id":27100,"date":"2023-08-14T08:37:45","date_gmt":"2023-08-14T08:37:45","guid":{"rendered":"https:\/\/cvinoticias.com\/v3\/?p=27100"},"modified":"2023-08-14T08:37:45","modified_gmt":"2023-08-14T08:37:45","slug":"sergio-massa-rompio-el-silencio-tras-los-historicos-resultados-en-la-paso-2023-la-voz-del-pueblo-es-la-voz-de-dios","status":"publish","type":"post","link":"https:\/\/cvinoticias.com\/v3\/sergio-massa-rompio-el-silencio-tras-los-historicos-resultados-en-la-paso-2023-la-voz-del-pueblo-es-la-voz-de-dios\/","title":{"rendered":"Sergio Massa rompi\u00f3 el silencio tras los hist\u00f3ricos resultados en la PASO 2023: \u201cLa voz del pueblo es la voz de Dios\u201d"},"content":{"rendered":"\n<p><strong><em>Desde la sede de Uni\u00f3n por la Patria, Sergio Massa sali\u00f3 a hablar tras la dura derrota que sufri\u00f3 el oficialismo.<\/em><\/strong><\/p>\n\n\n\n<p>El ministro de econom\u00eda, Sergio Massa, subi\u00f3 al escenario pasadas las 12.30 de la ma\u00f1ana y se expres\u00f3 luego de la mala elecci\u00f3n que tuvo Uni\u00f3n por la Patria en las Primarias Abiertas, Simultaneas y Obligatorias (PASO). En ese sentido, el principal candidato del oficialismo expres\u00f3: \u201cA 40 a\u00f1os de democracia, lo primero que tenemos que tener es la convicci\u00f3n de que la voz del pueblo es la voz de Dios y debemos respetar el voto popular por sobre todas las cosas\u201d.<\/p>\n\n\n\n<p>Sergio Massa inici\u00f3 su discurso en el b\u00fanker de Uni\u00f3n por la Patria expresando su agradecimiento a los dirigentes de su espacio y a la militancia. Destac\u00f3 el triunfo de Axel en la provincia de Buenos Aires y el esfuerzo militante de Juan Grabois, felicit\u00e1ndolos por sus logros. Agradeci\u00f3 a todos los votantes y militantes que depositaron su confianza en su proyecto.<\/p>\n\n\n\n<p>\u201cQuiero tambi\u00e9n, entendiendo como se ha dado el proceso electoral, que nos animemos como fuerza pol\u00edtica a convocar a la construcci\u00f3n de una nueva mayor\u00eda\u201d, reflexion\u00f3 el l\u00edder pol\u00edtico.<\/p>\n\n\n\n<p>A su vez, se\u00f1al\u00f3 que se avecinan semanas trascendentes y destac\u00f3 la importancia de debatir y construir el pa\u00eds en los pr\u00f3ximos a\u00f1os. Hizo hincapi\u00e9 en la necesidad de convocar a una nueva mayor\u00eda y de unir a diferentes sectores para formar un gobierno de unidad nacional, \u201cal igual que lo hizo N\u00e9stor Kirchner en su momento.\u201d<\/p>\n\n\n\n<p>Sergio Massa asegur\u00f3 a los simpatizantes y a todos los argentinos independientes que luchar\u00e1 hasta la \u00faltima gota de transpiraci\u00f3n para ganar en octubre y noviembre, y seguir siendo gobierno en Argentina. Remarc\u00f3 que el esfuerzo comienza nuevamente al d\u00eda siguiente y que tienen 60 d\u00edas para revertir la situaci\u00f3n en las elecciones. \u201cEl esfuerzo empieza ma\u00f1ana de vuelta\u201d, sentenci\u00f3.<\/p>\n\n\n\n<p><strong>Sergio Massa le gan\u00f3 la interna a Juan Grabois<\/strong><\/p>\n\n\n\n<p>Con casi 95% de las mesas escrutadas, Sergio Massa se impuso con un 21,32% de los votos ante su compa\u00f1ero, qui\u00e9n apenas lleg\u00f3 al 5,80%. En total, Uni\u00f3n por la Patria termin\u00f3 en el tercer lugar con 27,12%.<\/p>\n","protected":false},"excerpt":{"rendered":"<p>Desde la sede de Uni\u00f3n por la Patria, Sergio Massa sali\u00f3 a hablar tras la dura derrota que sufri\u00f3 el oficialismo. El ministro de econom\u00eda, Sergio Massa, subi\u00f3 al escenario pasadas las 12.30 de la ma\u00f1ana y se expres\u00f3 luego de la mala elecci\u00f3n que tuvo Uni\u00f3n por la Patria en las Primarias Abiertas, Simultaneas [&hellip;]<\/p>\n","protected":false},"author":2,"featured_media":27101,"comment_status":"open","ping_status":"open","sticky":false,"template":"","format":"standard","meta":{"footnotes":""},"categories":[39],"tags":[],"class_list":["post-27100","post","type-post","status-publish","format-standard","has-post-thumbnail","hentry","category-nacionales"],"yoast_head":"<!-- This site is optimized with the Yoast SEO plugin v27.5 - https:\/\/yoast.com\/product\/yoast-seo-wordpress\/ -->\n<title>Sergio Massa rompi\u00f3 el silencio tras los hist\u00f3ricos resultados en la PASO 2023: \u201cLa voz del pueblo es la voz de Dios\u201d | CVI NOTICIAS<\/title>\n<meta name=\"robots\" content=\"index, follow, max-snippet:-1, max-image-preview:large, max-video-preview:-1\" \/>\n<link rel=\"canonical\" href=\"https:\/\/cvinoticias.com\/v3\/sergio-massa-rompio-el-silencio-tras-los-historicos-resultados-en-la-paso-2023-la-voz-del-pueblo-es-la-voz-de-dios\/\" \/>\n<meta property=\"og:locale\" content=\"es_ES\" \/>\n<meta property=\"og:type\" content=\"article\" \/>\n<meta property=\"og:title\" content=\"Sergio Massa rompi\u00f3 el silencio tras los hist\u00f3ricos resultados en la PASO 2023: \u201cLa voz del pueblo es la voz de Dios\u201d | CVI NOTICIAS\" \/>\n<meta property=\"og:description\" content=\"Desde la sede de Uni\u00f3n por la Patria, Sergio Massa sali\u00f3 a hablar tras la dura derrota que sufri\u00f3 el oficialismo. El ministro de econom\u00eda, Sergio Massa, subi\u00f3 al escenario pasadas las 12.30 de la ma\u00f1ana y se expres\u00f3 luego de la mala elecci\u00f3n que tuvo Uni\u00f3n por la Patria en las Primarias Abiertas, Simultaneas [&hellip;]\" \/>\n<meta property=\"og:url\" content=\"https:\/\/cvinoticias.com\/v3\/sergio-massa-rompio-el-silencio-tras-los-historicos-resultados-en-la-paso-2023-la-voz-del-pueblo-es-la-voz-de-dios\/\" \/>\n<meta property=\"og:site_name\" content=\"CVI NOTICIAS\" \/>\n<meta property=\"article:publisher\" content=\"https:\/\/www.facebook.com\/cvinoticias\" \/>\n<meta property=\"article:published_time\" content=\"2023-08-14T08:37:45+00:00\" \/>\n<meta property=\"og:image\" content=\"https:\/\/cvinoticias.com\/wp-content\/uploads\/2023\/08\/X7XQXHVZTZHAJJ7NC7OEMNM5KY.jpg\" \/>\n\t<meta property=\"og:image:width\" content=\"992\" \/>\n\t<meta property=\"og:image:height\" content=\"496\" \/>\n\t<meta property=\"og:image:type\" content=\"image\/jpeg\" \/>\n<meta name=\"author\" content=\"f1000024\" \/>\n<meta name=\"twitter:card\" content=\"summary_large_image\" \/>\n<meta name=\"twitter:label1\" content=\"Escrito por\" \/>\n\t<meta name=\"twitter:data1\" content=\"f1000024\" \/>\n\t<meta name=\"twitter:label2\" content=\"Tiempo de lectura\" \/>\n\t<meta name=\"twitter:data2\" content=\"2 minutos\" \/>\n<script type=\"application\/ld+json\" class=\"yoast-schema-graph\">{\"@context\":\"https:\\\/\\\/schema.org\",\"@graph\":[{\"@type\":\"Article\",\"@id\":\"https:\\\/\\\/cvinoticias.com\\\/v3\\\/sergio-massa-rompio-el-silencio-tras-los-historicos-resultados-en-la-paso-2023-la-voz-del-pueblo-es-la-voz-de-dios\\\/#article\",\"isPartOf\":{\"@id\":\"https:\\\/\\\/cvinoticias.com\\\/v3\\\/sergio-massa-rompio-el-silencio-tras-los-historicos-resultados-en-la-paso-2023-la-voz-del-pueblo-es-la-voz-de-dios\\\/\"},\"author\":{\"name\":\"f1000024\",\"@id\":\"https:\\\/\\\/cvinoticias.com\\\/v3\\\/#\\\/schema\\\/person\\\/2db77e3c6bc03c538495d7b2b8be9b66\"},\"headline\":\"Sergio Massa rompi\u00f3 el silencio tras los hist\u00f3ricos resultados en la PASO 2023: \u201cLa voz del pueblo es la voz de Dios\u201d\",\"datePublished\":\"2023-08-14T08:37:45+00:00\",\"mainEntityOfPage\":{\"@id\":\"https:\\\/\\\/cvinoticias.com\\\/v3\\\/sergio-massa-rompio-el-silencio-tras-los-historicos-resultados-en-la-paso-2023-la-voz-del-pueblo-es-la-voz-de-dios\\\/\"},\"wordCount\":403,\"commentCount\":0,\"publisher\":{\"@id\":\"https:\\\/\\\/cvinoticias.com\\\/v3\\\/#organization\"},\"image\":{\"@id\":\"https:\\\/\\\/cvinoticias.com\\\/v3\\\/sergio-massa-rompio-el-silencio-tras-los-historicos-resultados-en-la-paso-2023-la-voz-del-pueblo-es-la-voz-de-dios\\\/#primaryimage\"},\"thumbnailUrl\":\"https:\\\/\\\/cvinoticias.com\\\/wp-content\\\/uploads\\\/2023\\\/08\\\/X7XQXHVZTZHAJJ7NC7OEMNM5KY.jpg\",\"articleSection\":[\"Nacionales\"],\"inLanguage\":\"es\",\"potentialAction\":[{\"@type\":\"CommentAction\",\"name\":\"Comment\",\"target\":[\"https:\\\/\\\/cvinoticias.com\\\/v3\\\/sergio-massa-rompio-el-silencio-tras-los-historicos-resultados-en-la-paso-2023-la-voz-del-pueblo-es-la-voz-de-dios\\\/#respond\"]}]},{\"@type\":\"WebPage\",\"@id\":\"https:\\\/\\\/cvinoticias.com\\\/v3\\\/sergio-massa-rompio-el-silencio-tras-los-historicos-resultados-en-la-paso-2023-la-voz-del-pueblo-es-la-voz-de-dios\\\/\",\"url\":\"https:\\\/\\\/cvinoticias.com\\\/v3\\\/sergio-massa-rompio-el-silencio-tras-los-historicos-resultados-en-la-paso-2023-la-voz-del-pueblo-es-la-voz-de-dios\\\/\",\"name\":\"Sergio Massa rompi\u00f3 el silencio tras los hist\u00f3ricos resultados en la PASO 2023: \u201cLa voz del pueblo es la voz de Dios\u201d | CVI NOTICIAS\",\"isPartOf\":{\"@id\":\"https:\\\/\\\/cvinoticias.com\\\/v3\\\/#website\"},\"primaryImageOfPage\":{\"@id\":\"https:\\\/\\\/cvinoticias.com\\\/v3\\\/sergio-massa-rompio-el-silencio-tras-los-historicos-resultados-en-la-paso-2023-la-voz-del-pueblo-es-la-voz-de-dios\\\/#primaryimage\"},\"image\":{\"@id\":\"https:\\\/\\\/cvinoticias.com\\\/v3\\\/sergio-massa-rompio-el-silencio-tras-los-historicos-resultados-en-la-paso-2023-la-voz-del-pueblo-es-la-voz-de-dios\\\/#primaryimage\"},\"thumbnailUrl\":\"https:\\\/\\\/cvinoticias.com\\\/wp-content\\\/uploads\\\/2023\\\/08\\\/X7XQXHVZTZHAJJ7NC7OEMNM5KY.jpg\",\"datePublished\":\"2023-08-14T08:37:45+00:00\",\"breadcrumb\":{\"@id\":\"https:\\\/\\\/cvinoticias.com\\\/v3\\\/sergio-massa-rompio-el-silencio-tras-los-historicos-resultados-en-la-paso-2023-la-voz-del-pueblo-es-la-voz-de-dios\\\/#breadcrumb\"},\"inLanguage\":\"es\",\"potentialAction\":[{\"@type\":\"ReadAction\",\"target\":[\"https:\\\/\\\/cvinoticias.com\\\/v3\\\/sergio-massa-rompio-el-silencio-tras-los-historicos-resultados-en-la-paso-2023-la-voz-del-pueblo-es-la-voz-de-dios\\\/\"]}]},{\"@type\":\"ImageObject\",\"inLanguage\":\"es\",\"@id\":\"https:\\\/\\\/cvinoticias.com\\\/v3\\\/sergio-massa-rompio-el-silencio-tras-los-historicos-resultados-en-la-paso-2023-la-voz-del-pueblo-es-la-voz-de-dios\\\/#primaryimage\",\"url\":\"https:\\\/\\\/cvinoticias.com\\\/wp-content\\\/uploads\\\/2023\\\/08\\\/X7XQXHVZTZHAJJ7NC7OEMNM5KY.jpg\",\"contentUrl\":\"https:\\\/\\\/cvinoticias.com\\\/wp-content\\\/uploads\\\/2023\\\/08\\\/X7XQXHVZTZHAJJ7NC7OEMNM5KY.jpg\",\"width\":992,\"height\":496},{\"@type\":\"BreadcrumbList\",\"@id\":\"https:\\\/\\\/cvinoticias.com\\\/v3\\\/sergio-massa-rompio-el-silencio-tras-los-historicos-resultados-en-la-paso-2023-la-voz-del-pueblo-es-la-voz-de-dios\\\/#breadcrumb\",\"itemListElement\":[{\"@type\":\"ListItem\",\"position\":1,\"name\":\"Portada\",\"item\":\"https:\\\/\\\/cvinoticias.com\\\/v3\\\/\"},{\"@type\":\"ListItem\",\"position\":2,\"name\":\"Sergio Massa rompi\u00f3 el silencio tras los hist\u00f3ricos resultados en la PASO 2023: \u201cLa voz del pueblo es la voz de Dios\u201d\"}]},{\"@type\":\"WebSite\",\"@id\":\"https:\\\/\\\/cvinoticias.com\\\/v3\\\/#website\",\"url\":\"https:\\\/\\\/cvinoticias.com\\\/v3\\\/\",\"name\":\"CVI NOTICIAS\",\"description\":\"\",\"publisher\":{\"@id\":\"https:\\\/\\\/cvinoticias.com\\\/v3\\\/#organization\"},\"alternateName\":\"CVI\",\"potentialAction\":[{\"@type\":\"SearchAction\",\"target\":{\"@type\":\"EntryPoint\",\"urlTemplate\":\"https:\\\/\\\/cvinoticias.com\\\/v3\\\/?s={search_term_string}\"},\"query-input\":{\"@type\":\"PropertyValueSpecification\",\"valueRequired\":true,\"valueName\":\"search_term_string\"}}],\"inLanguage\":\"es\"},{\"@type\":\"Organization\",\"@id\":\"https:\\\/\\\/cvinoticias.com\\\/v3\\\/#organization\",\"name\":\"CVI NOTICIAS\",\"url\":\"https:\\\/\\\/cvinoticias.com\\\/v3\\\/\",\"logo\":{\"@type\":\"ImageObject\",\"inLanguage\":\"es\",\"@id\":\"https:\\\/\\\/cvinoticias.com\\\/v3\\\/#\\\/schema\\\/logo\\\/image\\\/\",\"url\":\"https:\\\/\\\/cvinoticias.com\\\/wp-content\\\/uploads\\\/2023\\\/04\\\/cropped-cropped-cropped-cropped-cropped-3-1.png\",\"contentUrl\":\"https:\\\/\\\/cvinoticias.com\\\/wp-content\\\/uploads\\\/2023\\\/04\\\/cropped-cropped-cropped-cropped-cropped-3-1.png\",\"width\":95,\"height\":122,\"caption\":\"CVI NOTICIAS\"},\"image\":{\"@id\":\"https:\\\/\\\/cvinoticias.com\\\/v3\\\/#\\\/schema\\\/logo\\\/image\\\/\"},\"sameAs\":[\"https:\\\/\\\/www.facebook.com\\\/cvinoticias\",\"https:\\\/\\\/www.instagram.com\\\/cvinoticias\\\/\",\"https:\\\/\\\/www.youtube.com\\\/@CVINOTICIAS\"]},{\"@type\":\"Person\",\"@id\":\"https:\\\/\\\/cvinoticias.com\\\/v3\\\/#\\\/schema\\\/person\\\/2db77e3c6bc03c538495d7b2b8be9b66\",\"name\":\"f1000024\",\"image\":{\"@type\":\"ImageObject\",\"inLanguage\":\"es\",\"@id\":\"https:\\\/\\\/secure.gravatar.com\\\/avatar\\\/d4fe7459cfc51ff5129ce1a732bbef5928568b8092d412ef95611616376bbeed?s=96&d=mm&r=g\",\"url\":\"https:\\\/\\\/secure.gravatar.com\\\/avatar\\\/d4fe7459cfc51ff5129ce1a732bbef5928568b8092d412ef95611616376bbeed?s=96&d=mm&r=g\",\"contentUrl\":\"https:\\\/\\\/secure.gravatar.com\\\/avatar\\\/d4fe7459cfc51ff5129ce1a732bbef5928568b8092d412ef95611616376bbeed?s=96&d=mm&r=g\",\"caption\":\"f1000024\"},\"url\":\"https:\\\/\\\/cvinoticias.com\\\/v3\\\/author\\\/f1000024\\\/\"}]}<\/script>\n<!-- \/ Yoast SEO plugin. -->","yoast_head_json":{"title":"Sergio Massa rompi\u00f3 el silencio tras los hist\u00f3ricos resultados en la PASO 2023: \u201cLa voz del pueblo es la voz de Dios\u201d | CVI NOTICIAS","robots":{"index":"index","follow":"follow","max-snippet":"max-snippet:-1","max-image-preview":"max-image-preview:large","max-video-preview":"max-video-preview:-1"},"canonical":"https:\/\/cvinoticias.com\/v3\/sergio-massa-rompio-el-silencio-tras-los-historicos-resultados-en-la-paso-2023-la-voz-del-pueblo-es-la-voz-de-dios\/","og_locale":"es_ES","og_type":"article","og_title":"Sergio Massa rompi\u00f3 el silencio tras los hist\u00f3ricos resultados en la PASO 2023: \u201cLa voz del pueblo es la voz de Dios\u201d | CVI NOTICIAS","og_description":"Desde la sede de Uni\u00f3n por la Patria, Sergio Massa sali\u00f3 a hablar tras la dura derrota que sufri\u00f3 el oficialismo. El ministro de econom\u00eda, Sergio Massa, subi\u00f3 al escenario pasadas las 12.30 de la ma\u00f1ana y se expres\u00f3 luego de la mala elecci\u00f3n que tuvo Uni\u00f3n por la Patria en las Primarias Abiertas, Simultaneas [&hellip;]","og_url":"https:\/\/cvinoticias.com\/v3\/sergio-massa-rompio-el-silencio-tras-los-historicos-resultados-en-la-paso-2023-la-voz-del-pueblo-es-la-voz-de-dios\/","og_site_name":"CVI NOTICIAS","article_publisher":"https:\/\/www.facebook.com\/cvinoticias","article_published_time":"2023-08-14T08:37:45+00:00","og_image":[{"width":992,"height":496,"url":"https:\/\/cvinoticias.com\/wp-content\/uploads\/2023\/08\/X7XQXHVZTZHAJJ7NC7OEMNM5KY.jpg","type":"image\/jpeg"}],"author":"f1000024","twitter_card":"summary_large_image","twitter_misc":{"Escrito por":"f1000024","Tiempo de lectura":"2 minutos"},"schema":{"@context":"https:\/\/schema.org","@graph":[{"@type":"Article","@id":"https:\/\/cvinoticias.com\/v3\/sergio-massa-rompio-el-silencio-tras-los-historicos-resultados-en-la-paso-2023-la-voz-del-pueblo-es-la-voz-de-dios\/#article","isPartOf":{"@id":"https:\/\/cvinoticias.com\/v3\/sergio-massa-rompio-el-silencio-tras-los-historicos-resultados-en-la-paso-2023-la-voz-del-pueblo-es-la-voz-de-dios\/"},"author":{"name":"f1000024","@id":"https:\/\/cvinoticias.com\/v3\/#\/schema\/person\/2db77e3c6bc03c538495d7b2b8be9b66"},"headline":"Sergio Massa rompi\u00f3 el silencio tras los hist\u00f3ricos resultados en la PASO 2023: \u201cLa voz del pueblo es la voz de Dios\u201d","datePublished":"2023-08-14T08:37:45+00:00","mainEntityOfPage":{"@id":"https:\/\/cvinoticias.com\/v3\/sergio-massa-rompio-el-silencio-tras-los-historicos-resultados-en-la-paso-2023-la-voz-del-pueblo-es-la-voz-de-dios\/"},"wordCount":403,"commentCount":0,"publisher":{"@id":"https:\/\/cvinoticias.com\/v3\/#organization"},"image":{"@id":"https:\/\/cvinoticias.com\/v3\/sergio-massa-rompio-el-silencio-tras-los-historicos-resultados-en-la-paso-2023-la-voz-del-pueblo-es-la-voz-de-dios\/#primaryimage"},"thumbnailUrl":"https:\/\/cvinoticias.com\/wp-content\/uploads\/2023\/08\/X7XQXHVZTZHAJJ7NC7OEMNM5KY.jpg","articleSection":["Nacionales"],"inLanguage":"es","potentialAction":[{"@type":"CommentAction","name":"Comment","target":["https:\/\/cvinoticias.com\/v3\/sergio-massa-rompio-el-silencio-tras-los-historicos-resultados-en-la-paso-2023-la-voz-del-pueblo-es-la-voz-de-dios\/#respond"]}]},{"@type":"WebPage","@id":"https:\/\/cvinoticias.com\/v3\/sergio-massa-rompio-el-silencio-tras-los-historicos-resultados-en-la-paso-2023-la-voz-del-pueblo-es-la-voz-de-dios\/","url":"https:\/\/cvinoticias.com\/v3\/sergio-massa-rompio-el-silencio-tras-los-historicos-resultados-en-la-paso-2023-la-voz-del-pueblo-es-la-voz-de-dios\/","name":"Sergio Massa rompi\u00f3 el silencio tras los hist\u00f3ricos resultados en la PASO 2023: \u201cLa voz del pueblo es la voz de Dios\u201d | CVI NOTICIAS","isPartOf":{"@id":"https:\/\/cvinoticias.com\/v3\/#website"},"primaryImageOfPage":{"@id":"https:\/\/cvinoticias.com\/v3\/sergio-massa-rompio-el-silencio-tras-los-historicos-resultados-en-la-paso-2023-la-voz-del-pueblo-es-la-voz-de-dios\/#primaryimage"},"image":{"@id":"https:\/\/cvinoticias.com\/v3\/sergio-massa-rompio-el-silencio-tras-los-historicos-resultados-en-la-paso-2023-la-voz-del-pueblo-es-la-voz-de-dios\/#primaryimage"},"thumbnailUrl":"https:\/\/cvinoticias.com\/wp-content\/uploads\/2023\/08\/X7XQXHVZTZHAJJ7NC7OEMNM5KY.jpg","datePublished":"2023-08-14T08:37:45+00:00","breadcrumb":{"@id":"https:\/\/cvinoticias.com\/v3\/sergio-massa-rompio-el-silencio-tras-los-historicos-resultados-en-la-paso-2023-la-voz-del-pueblo-es-la-voz-de-dios\/#breadcrumb"},"inLanguage":"es","potentialAction":[{"@type":"ReadAction","target":["https:\/\/cvinoticias.com\/v3\/sergio-massa-rompio-el-silencio-tras-los-historicos-resultados-en-la-paso-2023-la-voz-del-pueblo-es-la-voz-de-dios\/"]}]},{"@type":"ImageObject","inLanguage":"es","@id":"https:\/\/cvinoticias.com\/v3\/sergio-massa-rompio-el-silencio-tras-los-historicos-resultados-en-la-paso-2023-la-voz-del-pueblo-es-la-voz-de-dios\/#primaryimage","url":"https:\/\/cvinoticias.com\/wp-content\/uploads\/2023\/08\/X7XQXHVZTZHAJJ7NC7OEMNM5KY.jpg","contentUrl":"https:\/\/cvinoticias.com\/wp-content\/uploads\/2023\/08\/X7XQXHVZTZHAJJ7NC7OEMNM5KY.jpg","width":992,"height":496},{"@type":"BreadcrumbList","@id":"https:\/\/cvinoticias.com\/v3\/sergio-massa-rompio-el-silencio-tras-los-historicos-resultados-en-la-paso-2023-la-voz-del-pueblo-es-la-voz-de-dios\/#breadcrumb","itemListElement":[{"@type":"ListItem","position":1,"name":"Portada","item":"https:\/\/cvinoticias.com\/v3\/"},{"@type":"ListItem","position":2,"name":"Sergio Massa rompi\u00f3 el silencio tras los hist\u00f3ricos resultados en la PASO 2023: \u201cLa voz del pueblo es la voz de Dios\u201d"}]},{"@type":"WebSite","@id":"https:\/\/cvinoticias.com\/v3\/#website","url":"https:\/\/cvinoticias.com\/v3\/","name":"CVI NOTICIAS","description":"","publisher":{"@id":"https:\/\/cvinoticias.com\/v3\/#organization"},"alternateName":"CVI","potentialAction":[{"@type":"SearchAction","target":{"@type":"EntryPoint","urlTemplate":"https:\/\/cvinoticias.com\/v3\/?s={search_term_string}"},"query-input":{"@type":"PropertyValueSpecification","valueRequired":true,"valueName":"search_term_string"}}],"inLanguage":"es"},{"@type":"Organization","@id":"https:\/\/cvinoticias.com\/v3\/#organization","name":"CVI NOTICIAS","url":"https:\/\/cvinoticias.com\/v3\/","logo":{"@type":"ImageObject","inLanguage":"es","@id":"https:\/\/cvinoticias.com\/v3\/#\/schema\/logo\/image\/","url":"https:\/\/cvinoticias.com\/wp-content\/uploads\/2023\/04\/cropped-cropped-cropped-cropped-cropped-3-1.png","contentUrl":"https:\/\/cvinoticias.com\/wp-content\/uploads\/2023\/04\/cropped-cropped-cropped-cropped-cropped-3-1.png","width":95,"height":122,"caption":"CVI NOTICIAS"},"image":{"@id":"https:\/\/cvinoticias.com\/v3\/#\/schema\/logo\/image\/"},"sameAs":["https:\/\/www.facebook.com\/cvinoticias","https:\/\/www.instagram.com\/cvinoticias\/","https:\/\/www.youtube.com\/@CVINOTICIAS"]},{"@type":"Person","@id":"https:\/\/cvinoticias.com\/v3\/#\/schema\/person\/2db77e3c6bc03c538495d7b2b8be9b66","name":"f1000024","image":{"@type":"ImageObject","inLanguage":"es","@id":"https:\/\/secure.gravatar.com\/avatar\/d4fe7459cfc51ff5129ce1a732bbef5928568b8092d412ef95611616376bbeed?s=96&d=mm&r=g","url":"https:\/\/secure.gravatar.com\/avatar\/d4fe7459cfc51ff5129ce1a732bbef5928568b8092d412ef95611616376bbeed?s=96&d=mm&r=g","contentUrl":"https:\/\/secure.gravatar.com\/avatar\/d4fe7459cfc51ff5129ce1a732bbef5928568b8092d412ef95611616376bbeed?s=96&d=mm&r=g","caption":"f1000024"},"url":"https:\/\/cvinoticias.com\/v3\/author\/f1000024\/"}]}},"_links":{"self":[{"href":"https:\/\/cvinoticias.com\/v3\/wp-json\/wp\/v2\/posts\/27100","targetHints":{"allow":["GET"]}}],"collection":[{"href":"https:\/\/cvinoticias.com\/v3\/wp-json\/wp\/v2\/posts"}],"about":[{"href":"https:\/\/cvinoticias.com\/v3\/wp-json\/wp\/v2\/types\/post"}],"author":[{"embeddable":true,"href":"https:\/\/cvinoticias.com\/v3\/wp-json\/wp\/v2\/users\/2"}],"replies":[{"embeddable":true,"href":"https:\/\/cvinoticias.com\/v3\/wp-json\/wp\/v2\/comments?post=27100"}],"version-history":[{"count":1,"href":"https:\/\/cvinoticias.com\/v3\/wp-json\/wp\/v2\/posts\/27100\/revisions"}],"predecessor-version":[{"id":27102,"href":"https:\/\/cvinoticias.com\/v3\/wp-json\/wp\/v2\/posts\/27100\/revisions\/27102"}],"wp:featuredmedia":[{"embeddable":true,"href":"https:\/\/cvinoticias.com\/v3\/wp-json\/wp\/v2\/media\/27101"}],"wp:attachment":[{"href":"https:\/\/cvinoticias.com\/v3\/wp-json\/wp\/v2\/media?parent=27100"}],"wp:term":[{"taxonomy":"category","embeddable":true,"href":"https:\/\/cvinoticias.com\/v3\/wp-json\/wp\/v2\/categories?post=27100"},{"taxonomy":"post_tag","embeddable":true,"href":"https:\/\/cvinoticias.com\/v3\/wp-json\/wp\/v2\/tags?post=27100"}],"curies":[{"name":"wp","href":"https:\/\/api.w.org\/{rel}","templated":true}]}}