{"id":27097,"date":"2023-08-14T04:19:08","date_gmt":"2023-08-14T04:19:08","guid":{"rendered":"https:\/\/cvinoticias.com\/v3\/?p=27097"},"modified":"2023-08-14T04:19:08","modified_gmt":"2023-08-14T04:19:08","slug":"elecciones-variadas-en-el-nea-misiones-corrientes-chaco-y-formosa-eligieron-a-sus-candidatos","status":"publish","type":"post","link":"https:\/\/cvinoticias.com\/v3\/elecciones-variadas-en-el-nea-misiones-corrientes-chaco-y-formosa-eligieron-a-sus-candidatos\/","title":{"rendered":"Elecciones variadas en el NEA: Misiones, Corrientes, Chaco y Formosa eligieron a sus candidatos"},"content":{"rendered":"\n<p><strong><em>Massa junto a \u00abUni\u00f3n por la Patria\u00bb, Milei con \u00abLa Libertad Avanza\u00bb y Bullrich representando a \u00abJuntos por el Cambio\u00bb pisaron fuerte en las cuatro provincias.<\/em><\/strong><\/p>\n\n\n\n<p>Con una leve ventaja para Sergio Massa junto a \u00abUni\u00f3n por la Patria\u00bb en Chaco y Formosa, un fuerte respaldo para Javier Milei en Misiones con \u00abLa Libertad Avanza\u00bb y con la figura de Patricia Bullrich en Corrientes con \u00abJuntos por el Cambio\u00bb, las provincias que componen la Zona NEA eligieron sus candidatos a presidente en las Elecciones Paso 2023.<\/p>\n\n\n\n<p>En el marco de este escrutinio nacional, los ciudadanos de las mencionadas provincias definieron a los candidatos que competir\u00e1n en las elecciones generales del pr\u00f3ximo 22 de octubre.<\/p>\n\n\n\n<p><strong>Milei dio el golpe de urnas y se impuso en Misiones<\/strong>.<\/p>\n\n\n\n<p>La gran sorpresa de la jornada en Misiones la dio Milei, quien con su partido \u00abLa libertad Avanza\u00bb logr\u00f3 un categ\u00f3rico 42,9% en la provincia, aventajando as\u00ed por m\u00e1s de 110 mil votos a \u00abUni\u00f3n por la Patria\u00bb, que logr\u00f3 el 27,4% de los votos, aunque la interna la gan\u00f3 Massa sobre Juan Grabois con poco m\u00e1s de 130.000 sufragios.<\/p>\n\n\n\n<p>Adem\u00e1s, en la tercera posici\u00f3n qued\u00f3 \u00abJuntos por el cambio\u00bb (18,9%), aunque en el mano a mano, fue Bulrich quien se impuso a Horacio Rodr\u00edguez Larreta con casi 40 mil votos de ventas.<\/p>\n\n\n\n<p>Luego, el listado se compuso con \u00abFrente de Izquierda\u00bb que logr\u00f3 el 1,4% y la interna qued\u00f3 a manos de Myriam Bregan sobre Gabriel Solano, mientras que \u00abHacemos por Nuestro Pa\u00eds\u00bb cosech\u00f3 el 1,3% con Juan Schiaretti como cabeza de f\u00f3rmula, m\u00e1s atr\u00e1s quedaron \u00abMovimiento Libres del Sur\u00bb de Jes\u00fas Escobar, \u00abPrincipios y Valores\u00bb de Guillermo Moreno, \u00abMovimiento Al Socialismo\u00bb de Manuela Casta\u00f1eira.<\/p>\n\n\n\n<p>\u00abPol\u00edtica Obrera\u00bb de Marcelo Ramal, \u00abFrente Patriota Federal\u00bb de Alejandro Biondini, \u00abMovimiento de Acci\u00f3n Vecinal\u00bb de Ra\u00fal Albarrac\u00edn y \u00abMovimiento Izquierda Juventud Dignidad\u00bb de Santiago C\u00faneo.<\/p>\n\n\n\n<p>En cuanto a la elecci\u00f3n de candidatos para Diputados nacionales, \u00abFrente Renovador de la Concordia &#8211; Innovaci\u00f3n Federal\u00bb se impuso con el 23,8% y el elegido para la formula fue Daniel Alfredo Vancsik, en segundo lugar qued\u00f3 \u00abFrente Juntos por el Cambio\u00bb con el 19,1% y Ram\u00f3n Emmanuel Bianchetti como l\u00edder, mientras que el podio lo completo \u00abAgrario y Social\u00bb con el 3,5% con H\u00e9ctor Orlando Barbaro.<\/p>\n\n\n\n<p>Para senadores nacionales, los primeros tres lugares no variaron: Carlos Omar Arce con el 23,9% lider\u00f3 con \u00abFrente Renovador de la Concordia &#8211; Innovaci\u00f3n Federal\u00bb, lo sigui\u00f3 \u00abJuntos por el Cambio\u00bb con el 19,3% y Enrique Martin Goerling Lara y cerr\u00f3 Ruben Sebasti\u00e1n Tiozzo con \u00abAgrario y Social\u00bb (3,4%).<\/p>\n\n\n\n<p><strong>Juntos por el Cambio se hizo fuerte en Corrientes y Bullrich se qued\u00f3 con la candidatura interna.<\/strong><\/p>\n\n\n\n<p>La flamante candidata se impuso en la interna ante Rodr\u00edguez Larreta en la provincia de Corrientes y \u00abJuntos por el Cambio\u00bb lider\u00f3 la elecci\u00f3n con el 34,3% de los votos.<\/p>\n\n\n\n<p>Aunque la primera posici\u00f3n qued\u00f3 en manos de Bullrich, de cerca qued\u00f3 la \u00abUni\u00f3n por la Patria\u00bb (29,4%) de Sergio Massa que logr\u00f3 vencer a Grabois y super\u00f3 a Milei, que cerr\u00f3 el podio con un 29,2%.<\/p>\n\n\n\n<p>\u00abHacemos por Nuestro Pa\u00eds\u00bb de Schiaretti qued\u00f3 en el cuarto lugar con un lejano 1,4%, luego le siguieron \u00abFrente de Izquierda\u00bb (1,0%), \u00abMovimiento Libres del Sur\u00bb (0,6%), \u00abPrincipios y Valores\u00bb (0,5%) de Moreno, \u00abMovimiento Al Socialismo\u00bb (0,4%) de Casta\u00f1eira y \u00abMovimiento Izquierda Juventud Dignidad\u00bb (0,3%) de C\u00faneo.<\/p>\n\n\n\n<p>\u00abECO + Vamos Corrientes\u00bb de Alfredo Oscar Vallejos qued\u00f3 primero en los candidatos para Diputados nacionales con el 34,6%, seguid por \u00abUni\u00f3n por la Patria\u00bb (29,3%) de Nancy Aracely Sand Giorasi y, cerr\u00f3 el podio la \u00abLa Libertad Avanza\u00bb con Claudio Lisandro Almir\u00f3n.<\/p>\n\n\n\n<p>Completaron la elecci\u00f3n \u00abHacemos por Nuestro Pa\u00eds\u00bb (1,8%) con Elvira Luisa Miranda y \u00abMovimiento Libres del Sur\u00bb (0,6%) de Gabriel Alejandro Romero.<\/p>\n\n\n\n<p><strong>Massa logr\u00f3 un amplio margen en la interna, pero super\u00f3 con una leve ventaja a Milei en Chaco.<\/strong><\/p>\n\n\n\n<p>Massa logr\u00f3 pisar fuerte en Chaco y se qued\u00f3 con la candidatura de su partido y con el primer lugar de las elecciones al obtener un 34,4% de los votos, aunque desde cerca, lo sigui\u00f3 Mili que logr\u00f3 un considerable 29,2%.<\/p>\n\n\n\n<p>El tercer lugar del ranking fue para \u00abJuntos por el Cambio\u00bb que ostento el 26,5% de los escrutinios y dej\u00f3 como candidata a Bullrich, que no pudo repetir los altos valores de otras provincias, pero que logr\u00f3 imponerse una vez m\u00e1s sobre su competidor interno, Rodr\u00edguez Larreta.<\/p>\n\n\n\n<p>M\u00e1s atr\u00e1s, y lejos de los altos porcentajes, les siguieron \u00abHacemos por Nuestro Pa\u00eds\u00bb (1,4%) con Schiaretti, \u00abFrente de Izquierda\u00bb de Solano con 1,3%, \u00abMovimiento Libres del Sur\u00bb (1,0%) de Jes\u00fas Escobar y \u00abPrincipios y Valores\u00bb (0,7%) de Moreno.<\/p>\n\n\n\n<p>En el marco de Diputados nacionales, \u00abUni\u00f3n por la Patria\u00bb (33,6%) con Aldo Adolfo Leiva como l\u00edder al imponerse sobre su compa\u00f1ero Jorge Gustavo Fern\u00e1ndez. La segunda posici\u00f3n fue para Gerardo Cipolini y \u00abJuntos por el Cambio\u00bb (25,8%), y tercero Laura Mart\u00ednez Canepa que con \u00abMovimiento Libres del Sur\u00bb obtuvo el 0,9%.<\/p>\n\n\n\n<p><strong>Formosa fue para Massa y el oficialismo, aunque Milei le pis\u00f3 los talones.<\/strong><\/p>\n\n\n\n<p>Massa y Milei se disputaron al liderazgo en Formosa, aunque el candidato de \u00abUni\u00f3n por la Patria\u00bb aventaj\u00f3 con un cuatro porciento y se domin\u00f3 un total de dos provincias en la Zona NEA del pa\u00eds.<\/p>\n\n\n\n<p>El candidato por el oficialismo logr\u00f3 con el partido el 36,0% y dej\u00f3 muy lejos a su competidor interno Grabois, algo que repiti\u00f3 ante su rival Milei, quien con \u00abLa Libertad Avanza\u00bb ostent\u00f3 el 32,1% de los votos.<\/p>\n\n\n\n<p>\u00abJuntos por el Cambio\u00bb qued\u00f3 tercero con el 24,5% y Bullrich volvi\u00f3 a ganar en su partido, mientras que le siguieron \u00abHacemos por Nuestro Pa\u00eds\u00bb de Schiaretti con 1,3%, \u00abFrente de Izquierda\u00bb (0,8%) de Bregman y \u00abMovimiento Libres del Sur\u00bb de Escobar (0,7%).<\/p>\n\n\n\n<p>En Diputados nacionales volvi\u00f3 a triunfar \u00abUni\u00f3n por la Patria\u00bb con un considerable 44,6% con Mar\u00edaa Graciela Parola como figura, seguidos por \u00abLa Libertad Avanza\u00bb (23,8%) de Gerardo Gustavo Gonz\u00e1lez, \u00abJuntos por el Cambio\u00bb (21,1%) con Ricardo Buryaile y cerr\u00f3 Jacinto L\u00f3pez con \u00abLa Nueva Independencia\u00bb y el 0,6%.<\/p>\n\n\n\n<p>Formosa, que tambi\u00e9n eligi\u00f3 para Senadores nacionales, opt\u00f3 por premiar a Jos\u00e9 Miguel \u00c1ngel Mayans con \u00abUni\u00f3n por la Patria\u00bb que logr\u00f3 el 44,8%, seguido por \u00abLa Libertad Avanza\u00bb (24,2%) de Francisco Manuel Paoltroni y cerr\u00f3 \u00abJuntos por el Cambio\u00bb (21,0%) en el que Luis Carlos Petcoff se impuso en la interna a Fernando Carbajal.<\/p>\n","protected":false},"excerpt":{"rendered":"<p>Massa junto a \u00abUni\u00f3n por la Patria\u00bb, Milei con \u00abLa Libertad Avanza\u00bb y Bullrich representando a \u00abJuntos por el Cambio\u00bb pisaron fuerte en las cuatro provincias. Con una leve ventaja para Sergio Massa junto a \u00abUni\u00f3n por la Patria\u00bb en Chaco y Formosa, un fuerte respaldo para Javier Milei en Misiones con \u00abLa Libertad Avanza\u00bb [&hellip;]<\/p>\n","protected":false},"author":2,"featured_media":27098,"comment_status":"open","ping_status":"open","sticky":false,"template":"","format":"standard","meta":{"footnotes":""},"categories":[42],"tags":[],"class_list":["post-27097","post","type-post","status-publish","format-standard","has-post-thumbnail","hentry","category-politica"],"yoast_head":"<!-- This site is optimized with the Yoast SEO plugin v27.5 - https:\/\/yoast.com\/product\/yoast-seo-wordpress\/ -->\n<title>Elecciones variadas en el NEA: Misiones, Corrientes, Chaco y Formosa eligieron a sus candidatos | CVI NOTICIAS<\/title>\n<meta name=\"robots\" content=\"index, follow, max-snippet:-1, max-image-preview:large, max-video-preview:-1\" \/>\n<link rel=\"canonical\" href=\"https:\/\/cvinoticias.com\/v3\/elecciones-variadas-en-el-nea-misiones-corrientes-chaco-y-formosa-eligieron-a-sus-candidatos\/\" \/>\n<meta property=\"og:locale\" content=\"es_ES\" \/>\n<meta property=\"og:type\" content=\"article\" \/>\n<meta property=\"og:title\" content=\"Elecciones variadas en el NEA: Misiones, Corrientes, Chaco y Formosa eligieron a sus candidatos | CVI NOTICIAS\" \/>\n<meta property=\"og:description\" content=\"Massa junto a \u00abUni\u00f3n por la Patria\u00bb, Milei con \u00abLa Libertad Avanza\u00bb y Bullrich representando a \u00abJuntos por el Cambio\u00bb pisaron fuerte en las cuatro provincias. Con una leve ventaja para Sergio Massa junto a \u00abUni\u00f3n por la Patria\u00bb en Chaco y Formosa, un fuerte respaldo para Javier Milei en Misiones con \u00abLa Libertad Avanza\u00bb [&hellip;]\" \/>\n<meta property=\"og:url\" content=\"https:\/\/cvinoticias.com\/v3\/elecciones-variadas-en-el-nea-misiones-corrientes-chaco-y-formosa-eligieron-a-sus-candidatos\/\" \/>\n<meta property=\"og:site_name\" content=\"CVI NOTICIAS\" \/>\n<meta property=\"article:publisher\" content=\"https:\/\/www.facebook.com\/cvinoticias\" \/>\n<meta property=\"article:published_time\" content=\"2023-08-14T04:19:08+00:00\" \/>\n<meta property=\"og:image\" content=\"https:\/\/cvinoticias.com\/wp-content\/uploads\/2023\/08\/697e4062a440e09504b5ac5a0e004310_M.jpg\" \/>\n\t<meta property=\"og:image:width\" content=\"768\" \/>\n\t<meta property=\"og:image:height\" content=\"432\" \/>\n\t<meta property=\"og:image:type\" content=\"image\/jpeg\" \/>\n<meta name=\"author\" content=\"f1000024\" \/>\n<meta name=\"twitter:card\" content=\"summary_large_image\" \/>\n<meta name=\"twitter:label1\" content=\"Escrito por\" \/>\n\t<meta name=\"twitter:data1\" content=\"f1000024\" \/>\n\t<meta name=\"twitter:label2\" content=\"Tiempo de lectura\" \/>\n\t<meta name=\"twitter:data2\" content=\"5 minutos\" \/>\n<script type=\"application\/ld+json\" class=\"yoast-schema-graph\">{\"@context\":\"https:\\\/\\\/schema.org\",\"@graph\":[{\"@type\":\"Article\",\"@id\":\"https:\\\/\\\/cvinoticias.com\\\/v3\\\/elecciones-variadas-en-el-nea-misiones-corrientes-chaco-y-formosa-eligieron-a-sus-candidatos\\\/#article\",\"isPartOf\":{\"@id\":\"https:\\\/\\\/cvinoticias.com\\\/v3\\\/elecciones-variadas-en-el-nea-misiones-corrientes-chaco-y-formosa-eligieron-a-sus-candidatos\\\/\"},\"author\":{\"name\":\"f1000024\",\"@id\":\"https:\\\/\\\/cvinoticias.com\\\/v3\\\/#\\\/schema\\\/person\\\/2db77e3c6bc03c538495d7b2b8be9b66\"},\"headline\":\"Elecciones variadas en el NEA: Misiones, Corrientes, Chaco y Formosa eligieron a sus candidatos\",\"datePublished\":\"2023-08-14T04:19:08+00:00\",\"mainEntityOfPage\":{\"@id\":\"https:\\\/\\\/cvinoticias.com\\\/v3\\\/elecciones-variadas-en-el-nea-misiones-corrientes-chaco-y-formosa-eligieron-a-sus-candidatos\\\/\"},\"wordCount\":1072,\"commentCount\":0,\"publisher\":{\"@id\":\"https:\\\/\\\/cvinoticias.com\\\/v3\\\/#organization\"},\"image\":{\"@id\":\"https:\\\/\\\/cvinoticias.com\\\/v3\\\/elecciones-variadas-en-el-nea-misiones-corrientes-chaco-y-formosa-eligieron-a-sus-candidatos\\\/#primaryimage\"},\"thumbnailUrl\":\"https:\\\/\\\/cvinoticias.com\\\/wp-content\\\/uploads\\\/2023\\\/08\\\/697e4062a440e09504b5ac5a0e004310_M.jpg\",\"articleSection\":[\"Politica\"],\"inLanguage\":\"es\",\"potentialAction\":[{\"@type\":\"CommentAction\",\"name\":\"Comment\",\"target\":[\"https:\\\/\\\/cvinoticias.com\\\/v3\\\/elecciones-variadas-en-el-nea-misiones-corrientes-chaco-y-formosa-eligieron-a-sus-candidatos\\\/#respond\"]}]},{\"@type\":\"WebPage\",\"@id\":\"https:\\\/\\\/cvinoticias.com\\\/v3\\\/elecciones-variadas-en-el-nea-misiones-corrientes-chaco-y-formosa-eligieron-a-sus-candidatos\\\/\",\"url\":\"https:\\\/\\\/cvinoticias.com\\\/v3\\\/elecciones-variadas-en-el-nea-misiones-corrientes-chaco-y-formosa-eligieron-a-sus-candidatos\\\/\",\"name\":\"Elecciones variadas en el NEA: Misiones, Corrientes, Chaco y Formosa eligieron a sus candidatos | CVI NOTICIAS\",\"isPartOf\":{\"@id\":\"https:\\\/\\\/cvinoticias.com\\\/v3\\\/#website\"},\"primaryImageOfPage\":{\"@id\":\"https:\\\/\\\/cvinoticias.com\\\/v3\\\/elecciones-variadas-en-el-nea-misiones-corrientes-chaco-y-formosa-eligieron-a-sus-candidatos\\\/#primaryimage\"},\"image\":{\"@id\":\"https:\\\/\\\/cvinoticias.com\\\/v3\\\/elecciones-variadas-en-el-nea-misiones-corrientes-chaco-y-formosa-eligieron-a-sus-candidatos\\\/#primaryimage\"},\"thumbnailUrl\":\"https:\\\/\\\/cvinoticias.com\\\/wp-content\\\/uploads\\\/2023\\\/08\\\/697e4062a440e09504b5ac5a0e004310_M.jpg\",\"datePublished\":\"2023-08-14T04:19:08+00:00\",\"breadcrumb\":{\"@id\":\"https:\\\/\\\/cvinoticias.com\\\/v3\\\/elecciones-variadas-en-el-nea-misiones-corrientes-chaco-y-formosa-eligieron-a-sus-candidatos\\\/#breadcrumb\"},\"inLanguage\":\"es\",\"potentialAction\":[{\"@type\":\"ReadAction\",\"target\":[\"https:\\\/\\\/cvinoticias.com\\\/v3\\\/elecciones-variadas-en-el-nea-misiones-corrientes-chaco-y-formosa-eligieron-a-sus-candidatos\\\/\"]}]},{\"@type\":\"ImageObject\",\"inLanguage\":\"es\",\"@id\":\"https:\\\/\\\/cvinoticias.com\\\/v3\\\/elecciones-variadas-en-el-nea-misiones-corrientes-chaco-y-formosa-eligieron-a-sus-candidatos\\\/#primaryimage\",\"url\":\"https:\\\/\\\/cvinoticias.com\\\/wp-content\\\/uploads\\\/2023\\\/08\\\/697e4062a440e09504b5ac5a0e004310_M.jpg\",\"contentUrl\":\"https:\\\/\\\/cvinoticias.com\\\/wp-content\\\/uploads\\\/2023\\\/08\\\/697e4062a440e09504b5ac5a0e004310_M.jpg\",\"width\":768,\"height\":432},{\"@type\":\"BreadcrumbList\",\"@id\":\"https:\\\/\\\/cvinoticias.com\\\/v3\\\/elecciones-variadas-en-el-nea-misiones-corrientes-chaco-y-formosa-eligieron-a-sus-candidatos\\\/#breadcrumb\",\"itemListElement\":[{\"@type\":\"ListItem\",\"position\":1,\"name\":\"Portada\",\"item\":\"https:\\\/\\\/cvinoticias.com\\\/v3\\\/\"},{\"@type\":\"ListItem\",\"position\":2,\"name\":\"Elecciones variadas en el NEA: Misiones, Corrientes, Chaco y Formosa eligieron a sus candidatos\"}]},{\"@type\":\"WebSite\",\"@id\":\"https:\\\/\\\/cvinoticias.com\\\/v3\\\/#website\",\"url\":\"https:\\\/\\\/cvinoticias.com\\\/v3\\\/\",\"name\":\"CVI NOTICIAS\",\"description\":\"\",\"publisher\":{\"@id\":\"https:\\\/\\\/cvinoticias.com\\\/v3\\\/#organization\"},\"alternateName\":\"CVI\",\"potentialAction\":[{\"@type\":\"SearchAction\",\"target\":{\"@type\":\"EntryPoint\",\"urlTemplate\":\"https:\\\/\\\/cvinoticias.com\\\/v3\\\/?s={search_term_string}\"},\"query-input\":{\"@type\":\"PropertyValueSpecification\",\"valueRequired\":true,\"valueName\":\"search_term_string\"}}],\"inLanguage\":\"es\"},{\"@type\":\"Organization\",\"@id\":\"https:\\\/\\\/cvinoticias.com\\\/v3\\\/#organization\",\"name\":\"CVI NOTICIAS\",\"url\":\"https:\\\/\\\/cvinoticias.com\\\/v3\\\/\",\"logo\":{\"@type\":\"ImageObject\",\"inLanguage\":\"es\",\"@id\":\"https:\\\/\\\/cvinoticias.com\\\/v3\\\/#\\\/schema\\\/logo\\\/image\\\/\",\"url\":\"https:\\\/\\\/cvinoticias.com\\\/wp-content\\\/uploads\\\/2023\\\/04\\\/cropped-cropped-cropped-cropped-cropped-3-1.png\",\"contentUrl\":\"https:\\\/\\\/cvinoticias.com\\\/wp-content\\\/uploads\\\/2023\\\/04\\\/cropped-cropped-cropped-cropped-cropped-3-1.png\",\"width\":95,\"height\":122,\"caption\":\"CVI NOTICIAS\"},\"image\":{\"@id\":\"https:\\\/\\\/cvinoticias.com\\\/v3\\\/#\\\/schema\\\/logo\\\/image\\\/\"},\"sameAs\":[\"https:\\\/\\\/www.facebook.com\\\/cvinoticias\",\"https:\\\/\\\/www.instagram.com\\\/cvinoticias\\\/\",\"https:\\\/\\\/www.youtube.com\\\/@CVINOTICIAS\"]},{\"@type\":\"Person\",\"@id\":\"https:\\\/\\\/cvinoticias.com\\\/v3\\\/#\\\/schema\\\/person\\\/2db77e3c6bc03c538495d7b2b8be9b66\",\"name\":\"f1000024\",\"image\":{\"@type\":\"ImageObject\",\"inLanguage\":\"es\",\"@id\":\"https:\\\/\\\/secure.gravatar.com\\\/avatar\\\/d4fe7459cfc51ff5129ce1a732bbef5928568b8092d412ef95611616376bbeed?s=96&d=mm&r=g\",\"url\":\"https:\\\/\\\/secure.gravatar.com\\\/avatar\\\/d4fe7459cfc51ff5129ce1a732bbef5928568b8092d412ef95611616376bbeed?s=96&d=mm&r=g\",\"contentUrl\":\"https:\\\/\\\/secure.gravatar.com\\\/avatar\\\/d4fe7459cfc51ff5129ce1a732bbef5928568b8092d412ef95611616376bbeed?s=96&d=mm&r=g\",\"caption\":\"f1000024\"},\"url\":\"https:\\\/\\\/cvinoticias.com\\\/v3\\\/author\\\/f1000024\\\/\"}]}<\/script>\n<!-- \/ Yoast SEO plugin. -->","yoast_head_json":{"title":"Elecciones variadas en el NEA: Misiones, Corrientes, Chaco y Formosa eligieron a sus candidatos | CVI NOTICIAS","robots":{"index":"index","follow":"follow","max-snippet":"max-snippet:-1","max-image-preview":"max-image-preview:large","max-video-preview":"max-video-preview:-1"},"canonical":"https:\/\/cvinoticias.com\/v3\/elecciones-variadas-en-el-nea-misiones-corrientes-chaco-y-formosa-eligieron-a-sus-candidatos\/","og_locale":"es_ES","og_type":"article","og_title":"Elecciones variadas en el NEA: Misiones, Corrientes, Chaco y Formosa eligieron a sus candidatos | CVI NOTICIAS","og_description":"Massa junto a \u00abUni\u00f3n por la Patria\u00bb, Milei con \u00abLa Libertad Avanza\u00bb y Bullrich representando a \u00abJuntos por el Cambio\u00bb pisaron fuerte en las cuatro provincias. Con una leve ventaja para Sergio Massa junto a \u00abUni\u00f3n por la Patria\u00bb en Chaco y Formosa, un fuerte respaldo para Javier Milei en Misiones con \u00abLa Libertad Avanza\u00bb [&hellip;]","og_url":"https:\/\/cvinoticias.com\/v3\/elecciones-variadas-en-el-nea-misiones-corrientes-chaco-y-formosa-eligieron-a-sus-candidatos\/","og_site_name":"CVI NOTICIAS","article_publisher":"https:\/\/www.facebook.com\/cvinoticias","article_published_time":"2023-08-14T04:19:08+00:00","og_image":[{"width":768,"height":432,"url":"https:\/\/cvinoticias.com\/wp-content\/uploads\/2023\/08\/697e4062a440e09504b5ac5a0e004310_M.jpg","type":"image\/jpeg"}],"author":"f1000024","twitter_card":"summary_large_image","twitter_misc":{"Escrito por":"f1000024","Tiempo de lectura":"5 minutos"},"schema":{"@context":"https:\/\/schema.org","@graph":[{"@type":"Article","@id":"https:\/\/cvinoticias.com\/v3\/elecciones-variadas-en-el-nea-misiones-corrientes-chaco-y-formosa-eligieron-a-sus-candidatos\/#article","isPartOf":{"@id":"https:\/\/cvinoticias.com\/v3\/elecciones-variadas-en-el-nea-misiones-corrientes-chaco-y-formosa-eligieron-a-sus-candidatos\/"},"author":{"name":"f1000024","@id":"https:\/\/cvinoticias.com\/v3\/#\/schema\/person\/2db77e3c6bc03c538495d7b2b8be9b66"},"headline":"Elecciones variadas en el NEA: Misiones, Corrientes, Chaco y Formosa eligieron a sus candidatos","datePublished":"2023-08-14T04:19:08+00:00","mainEntityOfPage":{"@id":"https:\/\/cvinoticias.com\/v3\/elecciones-variadas-en-el-nea-misiones-corrientes-chaco-y-formosa-eligieron-a-sus-candidatos\/"},"wordCount":1072,"commentCount":0,"publisher":{"@id":"https:\/\/cvinoticias.com\/v3\/#organization"},"image":{"@id":"https:\/\/cvinoticias.com\/v3\/elecciones-variadas-en-el-nea-misiones-corrientes-chaco-y-formosa-eligieron-a-sus-candidatos\/#primaryimage"},"thumbnailUrl":"https:\/\/cvinoticias.com\/wp-content\/uploads\/2023\/08\/697e4062a440e09504b5ac5a0e004310_M.jpg","articleSection":["Politica"],"inLanguage":"es","potentialAction":[{"@type":"CommentAction","name":"Comment","target":["https:\/\/cvinoticias.com\/v3\/elecciones-variadas-en-el-nea-misiones-corrientes-chaco-y-formosa-eligieron-a-sus-candidatos\/#respond"]}]},{"@type":"WebPage","@id":"https:\/\/cvinoticias.com\/v3\/elecciones-variadas-en-el-nea-misiones-corrientes-chaco-y-formosa-eligieron-a-sus-candidatos\/","url":"https:\/\/cvinoticias.com\/v3\/elecciones-variadas-en-el-nea-misiones-corrientes-chaco-y-formosa-eligieron-a-sus-candidatos\/","name":"Elecciones variadas en el NEA: Misiones, Corrientes, Chaco y Formosa eligieron a sus candidatos | CVI NOTICIAS","isPartOf":{"@id":"https:\/\/cvinoticias.com\/v3\/#website"},"primaryImageOfPage":{"@id":"https:\/\/cvinoticias.com\/v3\/elecciones-variadas-en-el-nea-misiones-corrientes-chaco-y-formosa-eligieron-a-sus-candidatos\/#primaryimage"},"image":{"@id":"https:\/\/cvinoticias.com\/v3\/elecciones-variadas-en-el-nea-misiones-corrientes-chaco-y-formosa-eligieron-a-sus-candidatos\/#primaryimage"},"thumbnailUrl":"https:\/\/cvinoticias.com\/wp-content\/uploads\/2023\/08\/697e4062a440e09504b5ac5a0e004310_M.jpg","datePublished":"2023-08-14T04:19:08+00:00","breadcrumb":{"@id":"https:\/\/cvinoticias.com\/v3\/elecciones-variadas-en-el-nea-misiones-corrientes-chaco-y-formosa-eligieron-a-sus-candidatos\/#breadcrumb"},"inLanguage":"es","potentialAction":[{"@type":"ReadAction","target":["https:\/\/cvinoticias.com\/v3\/elecciones-variadas-en-el-nea-misiones-corrientes-chaco-y-formosa-eligieron-a-sus-candidatos\/"]}]},{"@type":"ImageObject","inLanguage":"es","@id":"https:\/\/cvinoticias.com\/v3\/elecciones-variadas-en-el-nea-misiones-corrientes-chaco-y-formosa-eligieron-a-sus-candidatos\/#primaryimage","url":"https:\/\/cvinoticias.com\/wp-content\/uploads\/2023\/08\/697e4062a440e09504b5ac5a0e004310_M.jpg","contentUrl":"https:\/\/cvinoticias.com\/wp-content\/uploads\/2023\/08\/697e4062a440e09504b5ac5a0e004310_M.jpg","width":768,"height":432},{"@type":"BreadcrumbList","@id":"https:\/\/cvinoticias.com\/v3\/elecciones-variadas-en-el-nea-misiones-corrientes-chaco-y-formosa-eligieron-a-sus-candidatos\/#breadcrumb","itemListElement":[{"@type":"ListItem","position":1,"name":"Portada","item":"https:\/\/cvinoticias.com\/v3\/"},{"@type":"ListItem","position":2,"name":"Elecciones variadas en el NEA: Misiones, Corrientes, Chaco y Formosa eligieron a sus candidatos"}]},{"@type":"WebSite","@id":"https:\/\/cvinoticias.com\/v3\/#website","url":"https:\/\/cvinoticias.com\/v3\/","name":"CVI NOTICIAS","description":"","publisher":{"@id":"https:\/\/cvinoticias.com\/v3\/#organization"},"alternateName":"CVI","potentialAction":[{"@type":"SearchAction","target":{"@type":"EntryPoint","urlTemplate":"https:\/\/cvinoticias.com\/v3\/?s={search_term_string}"},"query-input":{"@type":"PropertyValueSpecification","valueRequired":true,"valueName":"search_term_string"}}],"inLanguage":"es"},{"@type":"Organization","@id":"https:\/\/cvinoticias.com\/v3\/#organization","name":"CVI NOTICIAS","url":"https:\/\/cvinoticias.com\/v3\/","logo":{"@type":"ImageObject","inLanguage":"es","@id":"https:\/\/cvinoticias.com\/v3\/#\/schema\/logo\/image\/","url":"https:\/\/cvinoticias.com\/wp-content\/uploads\/2023\/04\/cropped-cropped-cropped-cropped-cropped-3-1.png","contentUrl":"https:\/\/cvinoticias.com\/wp-content\/uploads\/2023\/04\/cropped-cropped-cropped-cropped-cropped-3-1.png","width":95,"height":122,"caption":"CVI NOTICIAS"},"image":{"@id":"https:\/\/cvinoticias.com\/v3\/#\/schema\/logo\/image\/"},"sameAs":["https:\/\/www.facebook.com\/cvinoticias","https:\/\/www.instagram.com\/cvinoticias\/","https:\/\/www.youtube.com\/@CVINOTICIAS"]},{"@type":"Person","@id":"https:\/\/cvinoticias.com\/v3\/#\/schema\/person\/2db77e3c6bc03c538495d7b2b8be9b66","name":"f1000024","image":{"@type":"ImageObject","inLanguage":"es","@id":"https:\/\/secure.gravatar.com\/avatar\/d4fe7459cfc51ff5129ce1a732bbef5928568b8092d412ef95611616376bbeed?s=96&d=mm&r=g","url":"https:\/\/secure.gravatar.com\/avatar\/d4fe7459cfc51ff5129ce1a732bbef5928568b8092d412ef95611616376bbeed?s=96&d=mm&r=g","contentUrl":"https:\/\/secure.gravatar.com\/avatar\/d4fe7459cfc51ff5129ce1a732bbef5928568b8092d412ef95611616376bbeed?s=96&d=mm&r=g","caption":"f1000024"},"url":"https:\/\/cvinoticias.com\/v3\/author\/f1000024\/"}]}},"_links":{"self":[{"href":"https:\/\/cvinoticias.com\/v3\/wp-json\/wp\/v2\/posts\/27097","targetHints":{"allow":["GET"]}}],"collection":[{"href":"https:\/\/cvinoticias.com\/v3\/wp-json\/wp\/v2\/posts"}],"about":[{"href":"https:\/\/cvinoticias.com\/v3\/wp-json\/wp\/v2\/types\/post"}],"author":[{"embeddable":true,"href":"https:\/\/cvinoticias.com\/v3\/wp-json\/wp\/v2\/users\/2"}],"replies":[{"embeddable":true,"href":"https:\/\/cvinoticias.com\/v3\/wp-json\/wp\/v2\/comments?post=27097"}],"version-history":[{"count":1,"href":"https:\/\/cvinoticias.com\/v3\/wp-json\/wp\/v2\/posts\/27097\/revisions"}],"predecessor-version":[{"id":27099,"href":"https:\/\/cvinoticias.com\/v3\/wp-json\/wp\/v2\/posts\/27097\/revisions\/27099"}],"wp:featuredmedia":[{"embeddable":true,"href":"https:\/\/cvinoticias.com\/v3\/wp-json\/wp\/v2\/media\/27098"}],"wp:attachment":[{"href":"https:\/\/cvinoticias.com\/v3\/wp-json\/wp\/v2\/media?parent=27097"}],"wp:term":[{"taxonomy":"category","embeddable":true,"href":"https:\/\/cvinoticias.com\/v3\/wp-json\/wp\/v2\/categories?post=27097"},{"taxonomy":"post_tag","embeddable":true,"href":"https:\/\/cvinoticias.com\/v3\/wp-json\/wp\/v2\/tags?post=27097"}],"curies":[{"name":"wp","href":"https:\/\/api.w.org\/{rel}","templated":true}]}}