{"id":27085,"date":"2023-08-13T23:18:48","date_gmt":"2023-08-13T23:18:48","guid":{"rendered":"https:\/\/cvinoticias.com\/v3\/?p=27085"},"modified":"2023-08-13T23:18:48","modified_gmt":"2023-08-13T23:18:48","slug":"amenaza-de-bomba-en-la-casa-rosada-personal-del-area-de-explosivos-de-la-policia-federal-activo-el-protocolo","status":"publish","type":"post","link":"https:\/\/cvinoticias.com\/v3\/amenaza-de-bomba-en-la-casa-rosada-personal-del-area-de-explosivos-de-la-policia-federal-activo-el-protocolo\/","title":{"rendered":"Amenaza de bomba en la Casa Rosada: personal del \u00e1rea de Explosivos de la Polic\u00eda Federal activ\u00f3 el protocolo"},"content":{"rendered":"\n<p><strong><em>As\u00ed lo indicaron fuentes de la Casa Militar, quienes detallaron que la amenaza lleg\u00f3 v\u00eda telef\u00f3nica a la Polic\u00eda de la Ciudad.<\/em><\/strong><\/p>\n\n\n\n<p>Personal del \u00e1rea de Explosivos de la Polic\u00eda Federal activ\u00f3 esta tarde el protocolo de seguridad en la Casa Rosada ante una amenaza de bomba mediante un llamado telef\u00f3nico al 911.<\/p>\n\n\n\n<p>\u00abLlamaron al 911 y Polic\u00eda de la Ciudad le avis\u00f3 a quien estaba de turno en Casa de Gobierno. Se activ\u00f3 el protocolo y est\u00e1n haciendo ahora todo el barrido de la Casa Rosada\u00bb, puntualizaron a NA.<\/p>\n\n\n\n<p>En ese sentido, el llamado que entr\u00f3 al 911, alrededor de las 18:20, era de \u00abuna voz masculina que dec\u00eda ser personal de seguridad de la Casa de Gobierno y que explicaba que una persona se aproxim\u00f3 y le dijo que instal\u00f3 un artefacto explosivo en el interior de la sala presidencial\u00bb.<\/p>\n","protected":false},"excerpt":{"rendered":"<p>As\u00ed lo indicaron fuentes de la Casa Militar, quienes detallaron que la amenaza lleg\u00f3 v\u00eda telef\u00f3nica a la Polic\u00eda de la Ciudad. Personal del \u00e1rea de Explosivos de la Polic\u00eda Federal activ\u00f3 esta tarde el protocolo de seguridad en la Casa Rosada ante una amenaza de bomba mediante un llamado telef\u00f3nico al 911. \u00abLlamaron al [&hellip;]<\/p>\n","protected":false},"author":2,"featured_media":27086,"comment_status":"open","ping_status":"open","sticky":false,"template":"","format":"standard","meta":{"footnotes":""},"categories":[39],"tags":[],"class_list":["post-27085","post","type-post","status-publish","format-standard","has-post-thumbnail","hentry","category-nacionales"],"yoast_head":"<!-- This site is optimized with the Yoast SEO plugin v27.5 - https:\/\/yoast.com\/product\/yoast-seo-wordpress\/ -->\n<title>Amenaza de bomba en la Casa Rosada: personal del \u00e1rea de Explosivos de la Polic\u00eda Federal activ\u00f3 el protocolo | CVI NOTICIAS<\/title>\n<meta name=\"robots\" content=\"index, follow, max-snippet:-1, max-image-preview:large, max-video-preview:-1\" \/>\n<link rel=\"canonical\" href=\"https:\/\/cvinoticias.com\/v3\/amenaza-de-bomba-en-la-casa-rosada-personal-del-area-de-explosivos-de-la-policia-federal-activo-el-protocolo\/\" \/>\n<meta property=\"og:locale\" content=\"es_ES\" \/>\n<meta property=\"og:type\" content=\"article\" \/>\n<meta property=\"og:title\" content=\"Amenaza de bomba en la Casa Rosada: personal del \u00e1rea de Explosivos de la Polic\u00eda Federal activ\u00f3 el protocolo | CVI NOTICIAS\" \/>\n<meta property=\"og:description\" content=\"As\u00ed lo indicaron fuentes de la Casa Militar, quienes detallaron que la amenaza lleg\u00f3 v\u00eda telef\u00f3nica a la Polic\u00eda de la Ciudad. Personal del \u00e1rea de Explosivos de la Polic\u00eda Federal activ\u00f3 esta tarde el protocolo de seguridad en la Casa Rosada ante una amenaza de bomba mediante un llamado telef\u00f3nico al 911. \u00abLlamaron al [&hellip;]\" \/>\n<meta property=\"og:url\" content=\"https:\/\/cvinoticias.com\/v3\/amenaza-de-bomba-en-la-casa-rosada-personal-del-area-de-explosivos-de-la-policia-federal-activo-el-protocolo\/\" \/>\n<meta property=\"og:site_name\" content=\"CVI NOTICIAS\" \/>\n<meta property=\"article:publisher\" content=\"https:\/\/www.facebook.com\/cvinoticias\" \/>\n<meta property=\"article:published_time\" content=\"2023-08-13T23:18:48+00:00\" \/>\n<meta property=\"og:image\" content=\"https:\/\/cvinoticias.com\/wp-content\/uploads\/2023\/08\/24eb91f242d2cde66168e2ca9e3d84b6_M.jpg\" \/>\n\t<meta property=\"og:image:width\" content=\"768\" \/>\n\t<meta property=\"og:image:height\" content=\"428\" \/>\n\t<meta property=\"og:image:type\" content=\"image\/jpeg\" \/>\n<meta name=\"author\" content=\"f1000024\" \/>\n<meta name=\"twitter:card\" content=\"summary_large_image\" \/>\n<meta name=\"twitter:label1\" content=\"Escrito por\" \/>\n\t<meta name=\"twitter:data1\" content=\"f1000024\" \/>\n\t<meta name=\"twitter:label2\" content=\"Tiempo de lectura\" \/>\n\t<meta name=\"twitter:data2\" content=\"1 minuto\" \/>\n<script type=\"application\/ld+json\" class=\"yoast-schema-graph\">{\"@context\":\"https:\\\/\\\/schema.org\",\"@graph\":[{\"@type\":\"Article\",\"@id\":\"https:\\\/\\\/cvinoticias.com\\\/v3\\\/amenaza-de-bomba-en-la-casa-rosada-personal-del-area-de-explosivos-de-la-policia-federal-activo-el-protocolo\\\/#article\",\"isPartOf\":{\"@id\":\"https:\\\/\\\/cvinoticias.com\\\/v3\\\/amenaza-de-bomba-en-la-casa-rosada-personal-del-area-de-explosivos-de-la-policia-federal-activo-el-protocolo\\\/\"},\"author\":{\"name\":\"f1000024\",\"@id\":\"https:\\\/\\\/cvinoticias.com\\\/v3\\\/#\\\/schema\\\/person\\\/2db77e3c6bc03c538495d7b2b8be9b66\"},\"headline\":\"Amenaza de bomba en la Casa Rosada: personal del \u00e1rea de Explosivos de la Polic\u00eda Federal activ\u00f3 el protocolo\",\"datePublished\":\"2023-08-13T23:18:48+00:00\",\"mainEntityOfPage\":{\"@id\":\"https:\\\/\\\/cvinoticias.com\\\/v3\\\/amenaza-de-bomba-en-la-casa-rosada-personal-del-area-de-explosivos-de-la-policia-federal-activo-el-protocolo\\\/\"},\"wordCount\":166,\"commentCount\":0,\"publisher\":{\"@id\":\"https:\\\/\\\/cvinoticias.com\\\/v3\\\/#organization\"},\"image\":{\"@id\":\"https:\\\/\\\/cvinoticias.com\\\/v3\\\/amenaza-de-bomba-en-la-casa-rosada-personal-del-area-de-explosivos-de-la-policia-federal-activo-el-protocolo\\\/#primaryimage\"},\"thumbnailUrl\":\"https:\\\/\\\/cvinoticias.com\\\/wp-content\\\/uploads\\\/2023\\\/08\\\/24eb91f242d2cde66168e2ca9e3d84b6_M.jpg\",\"articleSection\":[\"Nacionales\"],\"inLanguage\":\"es\",\"potentialAction\":[{\"@type\":\"CommentAction\",\"name\":\"Comment\",\"target\":[\"https:\\\/\\\/cvinoticias.com\\\/v3\\\/amenaza-de-bomba-en-la-casa-rosada-personal-del-area-de-explosivos-de-la-policia-federal-activo-el-protocolo\\\/#respond\"]}]},{\"@type\":\"WebPage\",\"@id\":\"https:\\\/\\\/cvinoticias.com\\\/v3\\\/amenaza-de-bomba-en-la-casa-rosada-personal-del-area-de-explosivos-de-la-policia-federal-activo-el-protocolo\\\/\",\"url\":\"https:\\\/\\\/cvinoticias.com\\\/v3\\\/amenaza-de-bomba-en-la-casa-rosada-personal-del-area-de-explosivos-de-la-policia-federal-activo-el-protocolo\\\/\",\"name\":\"Amenaza de bomba en la Casa Rosada: personal del \u00e1rea de Explosivos de la Polic\u00eda Federal activ\u00f3 el protocolo | CVI NOTICIAS\",\"isPartOf\":{\"@id\":\"https:\\\/\\\/cvinoticias.com\\\/v3\\\/#website\"},\"primaryImageOfPage\":{\"@id\":\"https:\\\/\\\/cvinoticias.com\\\/v3\\\/amenaza-de-bomba-en-la-casa-rosada-personal-del-area-de-explosivos-de-la-policia-federal-activo-el-protocolo\\\/#primaryimage\"},\"image\":{\"@id\":\"https:\\\/\\\/cvinoticias.com\\\/v3\\\/amenaza-de-bomba-en-la-casa-rosada-personal-del-area-de-explosivos-de-la-policia-federal-activo-el-protocolo\\\/#primaryimage\"},\"thumbnailUrl\":\"https:\\\/\\\/cvinoticias.com\\\/wp-content\\\/uploads\\\/2023\\\/08\\\/24eb91f242d2cde66168e2ca9e3d84b6_M.jpg\",\"datePublished\":\"2023-08-13T23:18:48+00:00\",\"breadcrumb\":{\"@id\":\"https:\\\/\\\/cvinoticias.com\\\/v3\\\/amenaza-de-bomba-en-la-casa-rosada-personal-del-area-de-explosivos-de-la-policia-federal-activo-el-protocolo\\\/#breadcrumb\"},\"inLanguage\":\"es\",\"potentialAction\":[{\"@type\":\"ReadAction\",\"target\":[\"https:\\\/\\\/cvinoticias.com\\\/v3\\\/amenaza-de-bomba-en-la-casa-rosada-personal-del-area-de-explosivos-de-la-policia-federal-activo-el-protocolo\\\/\"]}]},{\"@type\":\"ImageObject\",\"inLanguage\":\"es\",\"@id\":\"https:\\\/\\\/cvinoticias.com\\\/v3\\\/amenaza-de-bomba-en-la-casa-rosada-personal-del-area-de-explosivos-de-la-policia-federal-activo-el-protocolo\\\/#primaryimage\",\"url\":\"https:\\\/\\\/cvinoticias.com\\\/wp-content\\\/uploads\\\/2023\\\/08\\\/24eb91f242d2cde66168e2ca9e3d84b6_M.jpg\",\"contentUrl\":\"https:\\\/\\\/cvinoticias.com\\\/wp-content\\\/uploads\\\/2023\\\/08\\\/24eb91f242d2cde66168e2ca9e3d84b6_M.jpg\",\"width\":768,\"height\":428},{\"@type\":\"BreadcrumbList\",\"@id\":\"https:\\\/\\\/cvinoticias.com\\\/v3\\\/amenaza-de-bomba-en-la-casa-rosada-personal-del-area-de-explosivos-de-la-policia-federal-activo-el-protocolo\\\/#breadcrumb\",\"itemListElement\":[{\"@type\":\"ListItem\",\"position\":1,\"name\":\"Portada\",\"item\":\"https:\\\/\\\/cvinoticias.com\\\/v3\\\/\"},{\"@type\":\"ListItem\",\"position\":2,\"name\":\"Amenaza de bomba en la Casa Rosada: personal del \u00e1rea de Explosivos de la Polic\u00eda Federal activ\u00f3 el protocolo\"}]},{\"@type\":\"WebSite\",\"@id\":\"https:\\\/\\\/cvinoticias.com\\\/v3\\\/#website\",\"url\":\"https:\\\/\\\/cvinoticias.com\\\/v3\\\/\",\"name\":\"CVI NOTICIAS\",\"description\":\"\",\"publisher\":{\"@id\":\"https:\\\/\\\/cvinoticias.com\\\/v3\\\/#organization\"},\"alternateName\":\"CVI\",\"potentialAction\":[{\"@type\":\"SearchAction\",\"target\":{\"@type\":\"EntryPoint\",\"urlTemplate\":\"https:\\\/\\\/cvinoticias.com\\\/v3\\\/?s={search_term_string}\"},\"query-input\":{\"@type\":\"PropertyValueSpecification\",\"valueRequired\":true,\"valueName\":\"search_term_string\"}}],\"inLanguage\":\"es\"},{\"@type\":\"Organization\",\"@id\":\"https:\\\/\\\/cvinoticias.com\\\/v3\\\/#organization\",\"name\":\"CVI NOTICIAS\",\"url\":\"https:\\\/\\\/cvinoticias.com\\\/v3\\\/\",\"logo\":{\"@type\":\"ImageObject\",\"inLanguage\":\"es\",\"@id\":\"https:\\\/\\\/cvinoticias.com\\\/v3\\\/#\\\/schema\\\/logo\\\/image\\\/\",\"url\":\"https:\\\/\\\/cvinoticias.com\\\/wp-content\\\/uploads\\\/2023\\\/04\\\/cropped-cropped-cropped-cropped-cropped-3-1.png\",\"contentUrl\":\"https:\\\/\\\/cvinoticias.com\\\/wp-content\\\/uploads\\\/2023\\\/04\\\/cropped-cropped-cropped-cropped-cropped-3-1.png\",\"width\":95,\"height\":122,\"caption\":\"CVI NOTICIAS\"},\"image\":{\"@id\":\"https:\\\/\\\/cvinoticias.com\\\/v3\\\/#\\\/schema\\\/logo\\\/image\\\/\"},\"sameAs\":[\"https:\\\/\\\/www.facebook.com\\\/cvinoticias\",\"https:\\\/\\\/www.instagram.com\\\/cvinoticias\\\/\",\"https:\\\/\\\/www.youtube.com\\\/@CVINOTICIAS\"]},{\"@type\":\"Person\",\"@id\":\"https:\\\/\\\/cvinoticias.com\\\/v3\\\/#\\\/schema\\\/person\\\/2db77e3c6bc03c538495d7b2b8be9b66\",\"name\":\"f1000024\",\"image\":{\"@type\":\"ImageObject\",\"inLanguage\":\"es\",\"@id\":\"https:\\\/\\\/secure.gravatar.com\\\/avatar\\\/d4fe7459cfc51ff5129ce1a732bbef5928568b8092d412ef95611616376bbeed?s=96&d=mm&r=g\",\"url\":\"https:\\\/\\\/secure.gravatar.com\\\/avatar\\\/d4fe7459cfc51ff5129ce1a732bbef5928568b8092d412ef95611616376bbeed?s=96&d=mm&r=g\",\"contentUrl\":\"https:\\\/\\\/secure.gravatar.com\\\/avatar\\\/d4fe7459cfc51ff5129ce1a732bbef5928568b8092d412ef95611616376bbeed?s=96&d=mm&r=g\",\"caption\":\"f1000024\"},\"url\":\"https:\\\/\\\/cvinoticias.com\\\/v3\\\/author\\\/f1000024\\\/\"}]}<\/script>\n<!-- \/ Yoast SEO plugin. -->","yoast_head_json":{"title":"Amenaza de bomba en la Casa Rosada: personal del \u00e1rea de Explosivos de la Polic\u00eda Federal activ\u00f3 el protocolo | CVI NOTICIAS","robots":{"index":"index","follow":"follow","max-snippet":"max-snippet:-1","max-image-preview":"max-image-preview:large","max-video-preview":"max-video-preview:-1"},"canonical":"https:\/\/cvinoticias.com\/v3\/amenaza-de-bomba-en-la-casa-rosada-personal-del-area-de-explosivos-de-la-policia-federal-activo-el-protocolo\/","og_locale":"es_ES","og_type":"article","og_title":"Amenaza de bomba en la Casa Rosada: personal del \u00e1rea de Explosivos de la Polic\u00eda Federal activ\u00f3 el protocolo | CVI NOTICIAS","og_description":"As\u00ed lo indicaron fuentes de la Casa Militar, quienes detallaron que la amenaza lleg\u00f3 v\u00eda telef\u00f3nica a la Polic\u00eda de la Ciudad. Personal del \u00e1rea de Explosivos de la Polic\u00eda Federal activ\u00f3 esta tarde el protocolo de seguridad en la Casa Rosada ante una amenaza de bomba mediante un llamado telef\u00f3nico al 911. \u00abLlamaron al [&hellip;]","og_url":"https:\/\/cvinoticias.com\/v3\/amenaza-de-bomba-en-la-casa-rosada-personal-del-area-de-explosivos-de-la-policia-federal-activo-el-protocolo\/","og_site_name":"CVI NOTICIAS","article_publisher":"https:\/\/www.facebook.com\/cvinoticias","article_published_time":"2023-08-13T23:18:48+00:00","og_image":[{"width":768,"height":428,"url":"https:\/\/cvinoticias.com\/wp-content\/uploads\/2023\/08\/24eb91f242d2cde66168e2ca9e3d84b6_M.jpg","type":"image\/jpeg"}],"author":"f1000024","twitter_card":"summary_large_image","twitter_misc":{"Escrito por":"f1000024","Tiempo de lectura":"1 minuto"},"schema":{"@context":"https:\/\/schema.org","@graph":[{"@type":"Article","@id":"https:\/\/cvinoticias.com\/v3\/amenaza-de-bomba-en-la-casa-rosada-personal-del-area-de-explosivos-de-la-policia-federal-activo-el-protocolo\/#article","isPartOf":{"@id":"https:\/\/cvinoticias.com\/v3\/amenaza-de-bomba-en-la-casa-rosada-personal-del-area-de-explosivos-de-la-policia-federal-activo-el-protocolo\/"},"author":{"name":"f1000024","@id":"https:\/\/cvinoticias.com\/v3\/#\/schema\/person\/2db77e3c6bc03c538495d7b2b8be9b66"},"headline":"Amenaza de bomba en la Casa Rosada: personal del \u00e1rea de Explosivos de la Polic\u00eda Federal activ\u00f3 el protocolo","datePublished":"2023-08-13T23:18:48+00:00","mainEntityOfPage":{"@id":"https:\/\/cvinoticias.com\/v3\/amenaza-de-bomba-en-la-casa-rosada-personal-del-area-de-explosivos-de-la-policia-federal-activo-el-protocolo\/"},"wordCount":166,"commentCount":0,"publisher":{"@id":"https:\/\/cvinoticias.com\/v3\/#organization"},"image":{"@id":"https:\/\/cvinoticias.com\/v3\/amenaza-de-bomba-en-la-casa-rosada-personal-del-area-de-explosivos-de-la-policia-federal-activo-el-protocolo\/#primaryimage"},"thumbnailUrl":"https:\/\/cvinoticias.com\/wp-content\/uploads\/2023\/08\/24eb91f242d2cde66168e2ca9e3d84b6_M.jpg","articleSection":["Nacionales"],"inLanguage":"es","potentialAction":[{"@type":"CommentAction","name":"Comment","target":["https:\/\/cvinoticias.com\/v3\/amenaza-de-bomba-en-la-casa-rosada-personal-del-area-de-explosivos-de-la-policia-federal-activo-el-protocolo\/#respond"]}]},{"@type":"WebPage","@id":"https:\/\/cvinoticias.com\/v3\/amenaza-de-bomba-en-la-casa-rosada-personal-del-area-de-explosivos-de-la-policia-federal-activo-el-protocolo\/","url":"https:\/\/cvinoticias.com\/v3\/amenaza-de-bomba-en-la-casa-rosada-personal-del-area-de-explosivos-de-la-policia-federal-activo-el-protocolo\/","name":"Amenaza de bomba en la Casa Rosada: personal del \u00e1rea de Explosivos de la Polic\u00eda Federal activ\u00f3 el protocolo | CVI NOTICIAS","isPartOf":{"@id":"https:\/\/cvinoticias.com\/v3\/#website"},"primaryImageOfPage":{"@id":"https:\/\/cvinoticias.com\/v3\/amenaza-de-bomba-en-la-casa-rosada-personal-del-area-de-explosivos-de-la-policia-federal-activo-el-protocolo\/#primaryimage"},"image":{"@id":"https:\/\/cvinoticias.com\/v3\/amenaza-de-bomba-en-la-casa-rosada-personal-del-area-de-explosivos-de-la-policia-federal-activo-el-protocolo\/#primaryimage"},"thumbnailUrl":"https:\/\/cvinoticias.com\/wp-content\/uploads\/2023\/08\/24eb91f242d2cde66168e2ca9e3d84b6_M.jpg","datePublished":"2023-08-13T23:18:48+00:00","breadcrumb":{"@id":"https:\/\/cvinoticias.com\/v3\/amenaza-de-bomba-en-la-casa-rosada-personal-del-area-de-explosivos-de-la-policia-federal-activo-el-protocolo\/#breadcrumb"},"inLanguage":"es","potentialAction":[{"@type":"ReadAction","target":["https:\/\/cvinoticias.com\/v3\/amenaza-de-bomba-en-la-casa-rosada-personal-del-area-de-explosivos-de-la-policia-federal-activo-el-protocolo\/"]}]},{"@type":"ImageObject","inLanguage":"es","@id":"https:\/\/cvinoticias.com\/v3\/amenaza-de-bomba-en-la-casa-rosada-personal-del-area-de-explosivos-de-la-policia-federal-activo-el-protocolo\/#primaryimage","url":"https:\/\/cvinoticias.com\/wp-content\/uploads\/2023\/08\/24eb91f242d2cde66168e2ca9e3d84b6_M.jpg","contentUrl":"https:\/\/cvinoticias.com\/wp-content\/uploads\/2023\/08\/24eb91f242d2cde66168e2ca9e3d84b6_M.jpg","width":768,"height":428},{"@type":"BreadcrumbList","@id":"https:\/\/cvinoticias.com\/v3\/amenaza-de-bomba-en-la-casa-rosada-personal-del-area-de-explosivos-de-la-policia-federal-activo-el-protocolo\/#breadcrumb","itemListElement":[{"@type":"ListItem","position":1,"name":"Portada","item":"https:\/\/cvinoticias.com\/v3\/"},{"@type":"ListItem","position":2,"name":"Amenaza de bomba en la Casa Rosada: personal del \u00e1rea de Explosivos de la Polic\u00eda Federal activ\u00f3 el protocolo"}]},{"@type":"WebSite","@id":"https:\/\/cvinoticias.com\/v3\/#website","url":"https:\/\/cvinoticias.com\/v3\/","name":"CVI NOTICIAS","description":"","publisher":{"@id":"https:\/\/cvinoticias.com\/v3\/#organization"},"alternateName":"CVI","potentialAction":[{"@type":"SearchAction","target":{"@type":"EntryPoint","urlTemplate":"https:\/\/cvinoticias.com\/v3\/?s={search_term_string}"},"query-input":{"@type":"PropertyValueSpecification","valueRequired":true,"valueName":"search_term_string"}}],"inLanguage":"es"},{"@type":"Organization","@id":"https:\/\/cvinoticias.com\/v3\/#organization","name":"CVI NOTICIAS","url":"https:\/\/cvinoticias.com\/v3\/","logo":{"@type":"ImageObject","inLanguage":"es","@id":"https:\/\/cvinoticias.com\/v3\/#\/schema\/logo\/image\/","url":"https:\/\/cvinoticias.com\/wp-content\/uploads\/2023\/04\/cropped-cropped-cropped-cropped-cropped-3-1.png","contentUrl":"https:\/\/cvinoticias.com\/wp-content\/uploads\/2023\/04\/cropped-cropped-cropped-cropped-cropped-3-1.png","width":95,"height":122,"caption":"CVI NOTICIAS"},"image":{"@id":"https:\/\/cvinoticias.com\/v3\/#\/schema\/logo\/image\/"},"sameAs":["https:\/\/www.facebook.com\/cvinoticias","https:\/\/www.instagram.com\/cvinoticias\/","https:\/\/www.youtube.com\/@CVINOTICIAS"]},{"@type":"Person","@id":"https:\/\/cvinoticias.com\/v3\/#\/schema\/person\/2db77e3c6bc03c538495d7b2b8be9b66","name":"f1000024","image":{"@type":"ImageObject","inLanguage":"es","@id":"https:\/\/secure.gravatar.com\/avatar\/d4fe7459cfc51ff5129ce1a732bbef5928568b8092d412ef95611616376bbeed?s=96&d=mm&r=g","url":"https:\/\/secure.gravatar.com\/avatar\/d4fe7459cfc51ff5129ce1a732bbef5928568b8092d412ef95611616376bbeed?s=96&d=mm&r=g","contentUrl":"https:\/\/secure.gravatar.com\/avatar\/d4fe7459cfc51ff5129ce1a732bbef5928568b8092d412ef95611616376bbeed?s=96&d=mm&r=g","caption":"f1000024"},"url":"https:\/\/cvinoticias.com\/v3\/author\/f1000024\/"}]}},"_links":{"self":[{"href":"https:\/\/cvinoticias.com\/v3\/wp-json\/wp\/v2\/posts\/27085","targetHints":{"allow":["GET"]}}],"collection":[{"href":"https:\/\/cvinoticias.com\/v3\/wp-json\/wp\/v2\/posts"}],"about":[{"href":"https:\/\/cvinoticias.com\/v3\/wp-json\/wp\/v2\/types\/post"}],"author":[{"embeddable":true,"href":"https:\/\/cvinoticias.com\/v3\/wp-json\/wp\/v2\/users\/2"}],"replies":[{"embeddable":true,"href":"https:\/\/cvinoticias.com\/v3\/wp-json\/wp\/v2\/comments?post=27085"}],"version-history":[{"count":1,"href":"https:\/\/cvinoticias.com\/v3\/wp-json\/wp\/v2\/posts\/27085\/revisions"}],"predecessor-version":[{"id":27087,"href":"https:\/\/cvinoticias.com\/v3\/wp-json\/wp\/v2\/posts\/27085\/revisions\/27087"}],"wp:featuredmedia":[{"embeddable":true,"href":"https:\/\/cvinoticias.com\/v3\/wp-json\/wp\/v2\/media\/27086"}],"wp:attachment":[{"href":"https:\/\/cvinoticias.com\/v3\/wp-json\/wp\/v2\/media?parent=27085"}],"wp:term":[{"taxonomy":"category","embeddable":true,"href":"https:\/\/cvinoticias.com\/v3\/wp-json\/wp\/v2\/categories?post=27085"},{"taxonomy":"post_tag","embeddable":true,"href":"https:\/\/cvinoticias.com\/v3\/wp-json\/wp\/v2\/tags?post=27085"}],"curies":[{"name":"wp","href":"https:\/\/api.w.org\/{rel}","templated":true}]}}