{"id":27074,"date":"2023-08-13T21:19:34","date_gmt":"2023-08-13T21:19:34","guid":{"rendered":"https:\/\/cvinoticias.com\/v3\/?p=27074"},"modified":"2023-08-13T21:19:34","modified_gmt":"2023-08-13T21:19:34","slug":"cerraron-los-comicios-en-todo-el-pais-pero-se-extiende-la-votacion-en-caba","status":"publish","type":"post","link":"https:\/\/cvinoticias.com\/v3\/cerraron-los-comicios-en-todo-el-pais-pero-se-extiende-la-votacion-en-caba\/","title":{"rendered":"Cerraron los comicios en todo el pa\u00eds pero se extiende la votaci\u00f3n en CABA"},"content":{"rendered":"\n<p><strong><em>Despu\u00e9s de una jornada electoral que se desarroll\u00f3 sin inconvenientes en la mayor\u00eda de los distritos, a las 18.00 cerraron los comicios en todo el pa\u00eds, con la salvedad de la Ciudad Aut\u00f3noma de Buenos Aires, donde se prolongaba el acto eleccionario como consecuencia de los inconvenientes registrados con la implementaci\u00f3n del nuevo voto electr\u00f3nico.<\/em><\/strong><\/p>\n\n\n\n<p>En las escuelas porte\u00f1as se encuentra una importante cantidad de votantes que aguardan cumplir con su obligaci\u00f3n de votar, por lo que se estimaba que la elecci\u00f3n se extender\u00eda hasta las 19.30 en ese distrito.<\/p>\n\n\n\n<p>Antes del cierre de los comicios, la C\u00e1mara Nacional Electoral inform\u00f3 que hasta las 17.00 hab\u00eda emitido su voto el 61,5 por ciento del padr\u00f3n nacional.<\/p>\n\n\n\n<p>Los principales precandidatos de diferentes fuerzas pol\u00edticas hab\u00edan emitido su sufragio en los diferentes establecimientos habilitados.<\/p>\n\n\n\n<p>De acuerdo a informaci\u00f3n de la C\u00e1mara Nacional Electoral, hasta las 17 hab\u00eda votado el 61,5 por ciento del padr\u00f3n electoral.<\/p>\n\n\n\n<p>En las elecciones primarias del 2021 la cantidad de ciudadanos que hab\u00edan votado hasta las 17 era de 59,5 por ciento, con lo cual han sufragado en este turno electoral en el mismo horario un 2 por ciento m\u00e1s.<\/p>\n\n\n\n<p>Los ciudadanos podr\u00e1n optar entre 27 f\u00f3rmulas presidenciales y 4.168 aspirantes a diputados y senadores nacionales.<\/p>\n\n\n\n<p>Pasadas las 14.30, vot\u00f3 la vicepresidenta Cristina Fern\u00e1ndez de Kirchner en una escuela de R\u00edo Gallegos (Santa Cruz) mientras que el presidente Alberto Fern\u00e1ndez vot\u00f3 a la ma\u00f1ana en Puerto Madero (CABA).<\/p>\n\n\n\n<p>En estos comicios se validar\u00e1n las n\u00f3minas que cumplan con el piso de votos necesario que les permitir\u00e1 competir en los comicios generales del 22 de octubre.<\/p>\n\n\n\n<p>Uno de los primeros en votar este domingo apenas abri\u00f3 el comicio fue el gobernador de Chaco, Jorge Capitanich,<\/p>\n\n\n\n<p>Luego, concurri\u00f3 a emitir su voto, el precandidato a jefe de gobierno porte\u00f1o, Mart\u00edn Lousteau, a las 8.30 en el Centro Educativo San Francisco Javier, ubicado en Jorge Luis Borges 1851, en el barrio porte\u00f1o de Palermo.<\/p>\n\n\n\n<p>Unos minutos despu\u00e9s de las 8,30 vot\u00f3 el ministro de Econom\u00eda y precandidato a presidente por Uni\u00f3n por la Patria (UxP), Sergio Massa, en la escuela secundaria p\u00fablica N\u00b0 45 en el distrito bonaerense de Tigre, acompa\u00f1ado de su esposa Malena Galmarini.<\/p>\n\n\n\n<p>Tambi\u00e9n, pasadas las 8.30 sufrag\u00f3 el gobernador de la provincia de Buenos Aires y precandidato a la reelecci\u00f3n, Axel Kicillof, que lleg\u00f3 junto a su esposa y vot\u00f3 en la Escuela Superior de Salud ubicada en la calle 4, entre 51 y 53, en pleno centro de la ciudad de La Plata, a dos cuadras de la Casa de Gobierno y posteriormente brind\u00f3 una conferencia de prensa en el en el Teatro Metro de la capital provincial.<\/p>\n\n\n\n<p>Minutos despu\u00e9s lo hizo el actual legislador nacional y primer candidato a diputado por Uni\u00f3n por la Patria en la provincia de Buenos Aires, M\u00e1ximo Kirchner, en una escuela de la localidad bonaerense de Tolosa, en el partido de La Plata.<\/p>\n\n\n\n<p>Por su parte, el precandidato a vicepresidente de Juntos por el Cambio (JxC), Luis Petri, que integra la f\u00f3rmula que encabeza Patricia Bullrich, vot\u00f3 esta ma\u00f1ana en la localidad mendocina de San Mart\u00edn, en la Escuela Sim\u00f3n Bol\u00edvar de San Mart\u00edn, a unos 45 kil\u00f3metros de la capital mendocina.<\/p>\n\n\n\n<p>As\u00ed, este domingo quedar\u00e1n definidos los nombres de quienes competir\u00e1n en octubre por el Poder Ejecutivo nacional y por las 24 bancas de senadores y las 130 de diputados que se renuevan este a\u00f1o en el Congreso nacional en las primarias abiertas, simult\u00e1neas y obligatorias (PASO).<\/p>\n","protected":false},"excerpt":{"rendered":"<p>Despu\u00e9s de una jornada electoral que se desarroll\u00f3 sin inconvenientes en la mayor\u00eda de los distritos, a las 18.00 cerraron los comicios en todo el pa\u00eds, con la salvedad de la Ciudad Aut\u00f3noma de Buenos Aires, donde se prolongaba el acto eleccionario como consecuencia de los inconvenientes registrados con la implementaci\u00f3n del nuevo voto electr\u00f3nico. [&hellip;]<\/p>\n","protected":false},"author":2,"featured_media":27075,"comment_status":"open","ping_status":"open","sticky":false,"template":"","format":"standard","meta":{"footnotes":""},"categories":[39],"tags":[],"class_list":["post-27074","post","type-post","status-publish","format-standard","has-post-thumbnail","hentry","category-nacionales"],"yoast_head":"<!-- This site is optimized with the Yoast SEO plugin v27.5 - https:\/\/yoast.com\/product\/yoast-seo-wordpress\/ -->\n<title>Cerraron los comicios en todo el pa\u00eds pero se extiende la votaci\u00f3n en CABA | CVI NOTICIAS<\/title>\n<meta name=\"robots\" content=\"index, follow, max-snippet:-1, max-image-preview:large, max-video-preview:-1\" \/>\n<link rel=\"canonical\" href=\"https:\/\/cvinoticias.com\/v3\/cerraron-los-comicios-en-todo-el-pais-pero-se-extiende-la-votacion-en-caba\/\" \/>\n<meta property=\"og:locale\" content=\"es_ES\" \/>\n<meta property=\"og:type\" content=\"article\" \/>\n<meta property=\"og:title\" content=\"Cerraron los comicios en todo el pa\u00eds pero se extiende la votaci\u00f3n en CABA | CVI NOTICIAS\" \/>\n<meta property=\"og:description\" content=\"Despu\u00e9s de una jornada electoral que se desarroll\u00f3 sin inconvenientes en la mayor\u00eda de los distritos, a las 18.00 cerraron los comicios en todo el pa\u00eds, con la salvedad de la Ciudad Aut\u00f3noma de Buenos Aires, donde se prolongaba el acto eleccionario como consecuencia de los inconvenientes registrados con la implementaci\u00f3n del nuevo voto electr\u00f3nico. [&hellip;]\" \/>\n<meta property=\"og:url\" content=\"https:\/\/cvinoticias.com\/v3\/cerraron-los-comicios-en-todo-el-pais-pero-se-extiende-la-votacion-en-caba\/\" \/>\n<meta property=\"og:site_name\" content=\"CVI NOTICIAS\" \/>\n<meta property=\"article:publisher\" content=\"https:\/\/www.facebook.com\/cvinoticias\" \/>\n<meta property=\"article:published_time\" content=\"2023-08-13T21:19:34+00:00\" \/>\n<meta property=\"og:image\" content=\"https:\/\/cvinoticias.com\/wp-content\/uploads\/2023\/08\/Elecciones-Argentina-600x375-1.jpg\" \/>\n\t<meta property=\"og:image:width\" content=\"600\" \/>\n\t<meta property=\"og:image:height\" content=\"375\" \/>\n\t<meta property=\"og:image:type\" content=\"image\/jpeg\" \/>\n<meta name=\"author\" content=\"f1000024\" \/>\n<meta name=\"twitter:card\" content=\"summary_large_image\" \/>\n<meta name=\"twitter:label1\" content=\"Escrito por\" \/>\n\t<meta name=\"twitter:data1\" content=\"f1000024\" \/>\n\t<meta name=\"twitter:label2\" content=\"Tiempo de lectura\" \/>\n\t<meta name=\"twitter:data2\" content=\"3 minutos\" \/>\n<script type=\"application\/ld+json\" class=\"yoast-schema-graph\">{\"@context\":\"https:\\\/\\\/schema.org\",\"@graph\":[{\"@type\":\"Article\",\"@id\":\"https:\\\/\\\/cvinoticias.com\\\/v3\\\/cerraron-los-comicios-en-todo-el-pais-pero-se-extiende-la-votacion-en-caba\\\/#article\",\"isPartOf\":{\"@id\":\"https:\\\/\\\/cvinoticias.com\\\/v3\\\/cerraron-los-comicios-en-todo-el-pais-pero-se-extiende-la-votacion-en-caba\\\/\"},\"author\":{\"name\":\"f1000024\",\"@id\":\"https:\\\/\\\/cvinoticias.com\\\/v3\\\/#\\\/schema\\\/person\\\/2db77e3c6bc03c538495d7b2b8be9b66\"},\"headline\":\"Cerraron los comicios en todo el pa\u00eds pero se extiende la votaci\u00f3n en CABA\",\"datePublished\":\"2023-08-13T21:19:34+00:00\",\"mainEntityOfPage\":{\"@id\":\"https:\\\/\\\/cvinoticias.com\\\/v3\\\/cerraron-los-comicios-en-todo-el-pais-pero-se-extiende-la-votacion-en-caba\\\/\"},\"wordCount\":622,\"commentCount\":0,\"publisher\":{\"@id\":\"https:\\\/\\\/cvinoticias.com\\\/v3\\\/#organization\"},\"image\":{\"@id\":\"https:\\\/\\\/cvinoticias.com\\\/v3\\\/cerraron-los-comicios-en-todo-el-pais-pero-se-extiende-la-votacion-en-caba\\\/#primaryimage\"},\"thumbnailUrl\":\"https:\\\/\\\/cvinoticias.com\\\/wp-content\\\/uploads\\\/2023\\\/08\\\/Elecciones-Argentina-600x375-1.jpg\",\"articleSection\":[\"Nacionales\"],\"inLanguage\":\"es\",\"potentialAction\":[{\"@type\":\"CommentAction\",\"name\":\"Comment\",\"target\":[\"https:\\\/\\\/cvinoticias.com\\\/v3\\\/cerraron-los-comicios-en-todo-el-pais-pero-se-extiende-la-votacion-en-caba\\\/#respond\"]}]},{\"@type\":\"WebPage\",\"@id\":\"https:\\\/\\\/cvinoticias.com\\\/v3\\\/cerraron-los-comicios-en-todo-el-pais-pero-se-extiende-la-votacion-en-caba\\\/\",\"url\":\"https:\\\/\\\/cvinoticias.com\\\/v3\\\/cerraron-los-comicios-en-todo-el-pais-pero-se-extiende-la-votacion-en-caba\\\/\",\"name\":\"Cerraron los comicios en todo el pa\u00eds pero se extiende la votaci\u00f3n en CABA | CVI NOTICIAS\",\"isPartOf\":{\"@id\":\"https:\\\/\\\/cvinoticias.com\\\/v3\\\/#website\"},\"primaryImageOfPage\":{\"@id\":\"https:\\\/\\\/cvinoticias.com\\\/v3\\\/cerraron-los-comicios-en-todo-el-pais-pero-se-extiende-la-votacion-en-caba\\\/#primaryimage\"},\"image\":{\"@id\":\"https:\\\/\\\/cvinoticias.com\\\/v3\\\/cerraron-los-comicios-en-todo-el-pais-pero-se-extiende-la-votacion-en-caba\\\/#primaryimage\"},\"thumbnailUrl\":\"https:\\\/\\\/cvinoticias.com\\\/wp-content\\\/uploads\\\/2023\\\/08\\\/Elecciones-Argentina-600x375-1.jpg\",\"datePublished\":\"2023-08-13T21:19:34+00:00\",\"breadcrumb\":{\"@id\":\"https:\\\/\\\/cvinoticias.com\\\/v3\\\/cerraron-los-comicios-en-todo-el-pais-pero-se-extiende-la-votacion-en-caba\\\/#breadcrumb\"},\"inLanguage\":\"es\",\"potentialAction\":[{\"@type\":\"ReadAction\",\"target\":[\"https:\\\/\\\/cvinoticias.com\\\/v3\\\/cerraron-los-comicios-en-todo-el-pais-pero-se-extiende-la-votacion-en-caba\\\/\"]}]},{\"@type\":\"ImageObject\",\"inLanguage\":\"es\",\"@id\":\"https:\\\/\\\/cvinoticias.com\\\/v3\\\/cerraron-los-comicios-en-todo-el-pais-pero-se-extiende-la-votacion-en-caba\\\/#primaryimage\",\"url\":\"https:\\\/\\\/cvinoticias.com\\\/wp-content\\\/uploads\\\/2023\\\/08\\\/Elecciones-Argentina-600x375-1.jpg\",\"contentUrl\":\"https:\\\/\\\/cvinoticias.com\\\/wp-content\\\/uploads\\\/2023\\\/08\\\/Elecciones-Argentina-600x375-1.jpg\",\"width\":600,\"height\":375},{\"@type\":\"BreadcrumbList\",\"@id\":\"https:\\\/\\\/cvinoticias.com\\\/v3\\\/cerraron-los-comicios-en-todo-el-pais-pero-se-extiende-la-votacion-en-caba\\\/#breadcrumb\",\"itemListElement\":[{\"@type\":\"ListItem\",\"position\":1,\"name\":\"Portada\",\"item\":\"https:\\\/\\\/cvinoticias.com\\\/v3\\\/\"},{\"@type\":\"ListItem\",\"position\":2,\"name\":\"Cerraron los comicios en todo el pa\u00eds pero se extiende la votaci\u00f3n en CABA\"}]},{\"@type\":\"WebSite\",\"@id\":\"https:\\\/\\\/cvinoticias.com\\\/v3\\\/#website\",\"url\":\"https:\\\/\\\/cvinoticias.com\\\/v3\\\/\",\"name\":\"CVI NOTICIAS\",\"description\":\"\",\"publisher\":{\"@id\":\"https:\\\/\\\/cvinoticias.com\\\/v3\\\/#organization\"},\"alternateName\":\"CVI\",\"potentialAction\":[{\"@type\":\"SearchAction\",\"target\":{\"@type\":\"EntryPoint\",\"urlTemplate\":\"https:\\\/\\\/cvinoticias.com\\\/v3\\\/?s={search_term_string}\"},\"query-input\":{\"@type\":\"PropertyValueSpecification\",\"valueRequired\":true,\"valueName\":\"search_term_string\"}}],\"inLanguage\":\"es\"},{\"@type\":\"Organization\",\"@id\":\"https:\\\/\\\/cvinoticias.com\\\/v3\\\/#organization\",\"name\":\"CVI NOTICIAS\",\"url\":\"https:\\\/\\\/cvinoticias.com\\\/v3\\\/\",\"logo\":{\"@type\":\"ImageObject\",\"inLanguage\":\"es\",\"@id\":\"https:\\\/\\\/cvinoticias.com\\\/v3\\\/#\\\/schema\\\/logo\\\/image\\\/\",\"url\":\"https:\\\/\\\/cvinoticias.com\\\/wp-content\\\/uploads\\\/2023\\\/04\\\/cropped-cropped-cropped-cropped-cropped-3-1.png\",\"contentUrl\":\"https:\\\/\\\/cvinoticias.com\\\/wp-content\\\/uploads\\\/2023\\\/04\\\/cropped-cropped-cropped-cropped-cropped-3-1.png\",\"width\":95,\"height\":122,\"caption\":\"CVI NOTICIAS\"},\"image\":{\"@id\":\"https:\\\/\\\/cvinoticias.com\\\/v3\\\/#\\\/schema\\\/logo\\\/image\\\/\"},\"sameAs\":[\"https:\\\/\\\/www.facebook.com\\\/cvinoticias\",\"https:\\\/\\\/www.instagram.com\\\/cvinoticias\\\/\",\"https:\\\/\\\/www.youtube.com\\\/@CVINOTICIAS\"]},{\"@type\":\"Person\",\"@id\":\"https:\\\/\\\/cvinoticias.com\\\/v3\\\/#\\\/schema\\\/person\\\/2db77e3c6bc03c538495d7b2b8be9b66\",\"name\":\"f1000024\",\"image\":{\"@type\":\"ImageObject\",\"inLanguage\":\"es\",\"@id\":\"https:\\\/\\\/secure.gravatar.com\\\/avatar\\\/d4fe7459cfc51ff5129ce1a732bbef5928568b8092d412ef95611616376bbeed?s=96&d=mm&r=g\",\"url\":\"https:\\\/\\\/secure.gravatar.com\\\/avatar\\\/d4fe7459cfc51ff5129ce1a732bbef5928568b8092d412ef95611616376bbeed?s=96&d=mm&r=g\",\"contentUrl\":\"https:\\\/\\\/secure.gravatar.com\\\/avatar\\\/d4fe7459cfc51ff5129ce1a732bbef5928568b8092d412ef95611616376bbeed?s=96&d=mm&r=g\",\"caption\":\"f1000024\"},\"url\":\"https:\\\/\\\/cvinoticias.com\\\/v3\\\/author\\\/f1000024\\\/\"}]}<\/script>\n<!-- \/ Yoast SEO plugin. -->","yoast_head_json":{"title":"Cerraron los comicios en todo el pa\u00eds pero se extiende la votaci\u00f3n en CABA | CVI NOTICIAS","robots":{"index":"index","follow":"follow","max-snippet":"max-snippet:-1","max-image-preview":"max-image-preview:large","max-video-preview":"max-video-preview:-1"},"canonical":"https:\/\/cvinoticias.com\/v3\/cerraron-los-comicios-en-todo-el-pais-pero-se-extiende-la-votacion-en-caba\/","og_locale":"es_ES","og_type":"article","og_title":"Cerraron los comicios en todo el pa\u00eds pero se extiende la votaci\u00f3n en CABA | CVI NOTICIAS","og_description":"Despu\u00e9s de una jornada electoral que se desarroll\u00f3 sin inconvenientes en la mayor\u00eda de los distritos, a las 18.00 cerraron los comicios en todo el pa\u00eds, con la salvedad de la Ciudad Aut\u00f3noma de Buenos Aires, donde se prolongaba el acto eleccionario como consecuencia de los inconvenientes registrados con la implementaci\u00f3n del nuevo voto electr\u00f3nico. [&hellip;]","og_url":"https:\/\/cvinoticias.com\/v3\/cerraron-los-comicios-en-todo-el-pais-pero-se-extiende-la-votacion-en-caba\/","og_site_name":"CVI NOTICIAS","article_publisher":"https:\/\/www.facebook.com\/cvinoticias","article_published_time":"2023-08-13T21:19:34+00:00","og_image":[{"width":600,"height":375,"url":"https:\/\/cvinoticias.com\/wp-content\/uploads\/2023\/08\/Elecciones-Argentina-600x375-1.jpg","type":"image\/jpeg"}],"author":"f1000024","twitter_card":"summary_large_image","twitter_misc":{"Escrito por":"f1000024","Tiempo de lectura":"3 minutos"},"schema":{"@context":"https:\/\/schema.org","@graph":[{"@type":"Article","@id":"https:\/\/cvinoticias.com\/v3\/cerraron-los-comicios-en-todo-el-pais-pero-se-extiende-la-votacion-en-caba\/#article","isPartOf":{"@id":"https:\/\/cvinoticias.com\/v3\/cerraron-los-comicios-en-todo-el-pais-pero-se-extiende-la-votacion-en-caba\/"},"author":{"name":"f1000024","@id":"https:\/\/cvinoticias.com\/v3\/#\/schema\/person\/2db77e3c6bc03c538495d7b2b8be9b66"},"headline":"Cerraron los comicios en todo el pa\u00eds pero se extiende la votaci\u00f3n en CABA","datePublished":"2023-08-13T21:19:34+00:00","mainEntityOfPage":{"@id":"https:\/\/cvinoticias.com\/v3\/cerraron-los-comicios-en-todo-el-pais-pero-se-extiende-la-votacion-en-caba\/"},"wordCount":622,"commentCount":0,"publisher":{"@id":"https:\/\/cvinoticias.com\/v3\/#organization"},"image":{"@id":"https:\/\/cvinoticias.com\/v3\/cerraron-los-comicios-en-todo-el-pais-pero-se-extiende-la-votacion-en-caba\/#primaryimage"},"thumbnailUrl":"https:\/\/cvinoticias.com\/wp-content\/uploads\/2023\/08\/Elecciones-Argentina-600x375-1.jpg","articleSection":["Nacionales"],"inLanguage":"es","potentialAction":[{"@type":"CommentAction","name":"Comment","target":["https:\/\/cvinoticias.com\/v3\/cerraron-los-comicios-en-todo-el-pais-pero-se-extiende-la-votacion-en-caba\/#respond"]}]},{"@type":"WebPage","@id":"https:\/\/cvinoticias.com\/v3\/cerraron-los-comicios-en-todo-el-pais-pero-se-extiende-la-votacion-en-caba\/","url":"https:\/\/cvinoticias.com\/v3\/cerraron-los-comicios-en-todo-el-pais-pero-se-extiende-la-votacion-en-caba\/","name":"Cerraron los comicios en todo el pa\u00eds pero se extiende la votaci\u00f3n en CABA | CVI NOTICIAS","isPartOf":{"@id":"https:\/\/cvinoticias.com\/v3\/#website"},"primaryImageOfPage":{"@id":"https:\/\/cvinoticias.com\/v3\/cerraron-los-comicios-en-todo-el-pais-pero-se-extiende-la-votacion-en-caba\/#primaryimage"},"image":{"@id":"https:\/\/cvinoticias.com\/v3\/cerraron-los-comicios-en-todo-el-pais-pero-se-extiende-la-votacion-en-caba\/#primaryimage"},"thumbnailUrl":"https:\/\/cvinoticias.com\/wp-content\/uploads\/2023\/08\/Elecciones-Argentina-600x375-1.jpg","datePublished":"2023-08-13T21:19:34+00:00","breadcrumb":{"@id":"https:\/\/cvinoticias.com\/v3\/cerraron-los-comicios-en-todo-el-pais-pero-se-extiende-la-votacion-en-caba\/#breadcrumb"},"inLanguage":"es","potentialAction":[{"@type":"ReadAction","target":["https:\/\/cvinoticias.com\/v3\/cerraron-los-comicios-en-todo-el-pais-pero-se-extiende-la-votacion-en-caba\/"]}]},{"@type":"ImageObject","inLanguage":"es","@id":"https:\/\/cvinoticias.com\/v3\/cerraron-los-comicios-en-todo-el-pais-pero-se-extiende-la-votacion-en-caba\/#primaryimage","url":"https:\/\/cvinoticias.com\/wp-content\/uploads\/2023\/08\/Elecciones-Argentina-600x375-1.jpg","contentUrl":"https:\/\/cvinoticias.com\/wp-content\/uploads\/2023\/08\/Elecciones-Argentina-600x375-1.jpg","width":600,"height":375},{"@type":"BreadcrumbList","@id":"https:\/\/cvinoticias.com\/v3\/cerraron-los-comicios-en-todo-el-pais-pero-se-extiende-la-votacion-en-caba\/#breadcrumb","itemListElement":[{"@type":"ListItem","position":1,"name":"Portada","item":"https:\/\/cvinoticias.com\/v3\/"},{"@type":"ListItem","position":2,"name":"Cerraron los comicios en todo el pa\u00eds pero se extiende la votaci\u00f3n en CABA"}]},{"@type":"WebSite","@id":"https:\/\/cvinoticias.com\/v3\/#website","url":"https:\/\/cvinoticias.com\/v3\/","name":"CVI NOTICIAS","description":"","publisher":{"@id":"https:\/\/cvinoticias.com\/v3\/#organization"},"alternateName":"CVI","potentialAction":[{"@type":"SearchAction","target":{"@type":"EntryPoint","urlTemplate":"https:\/\/cvinoticias.com\/v3\/?s={search_term_string}"},"query-input":{"@type":"PropertyValueSpecification","valueRequired":true,"valueName":"search_term_string"}}],"inLanguage":"es"},{"@type":"Organization","@id":"https:\/\/cvinoticias.com\/v3\/#organization","name":"CVI NOTICIAS","url":"https:\/\/cvinoticias.com\/v3\/","logo":{"@type":"ImageObject","inLanguage":"es","@id":"https:\/\/cvinoticias.com\/v3\/#\/schema\/logo\/image\/","url":"https:\/\/cvinoticias.com\/wp-content\/uploads\/2023\/04\/cropped-cropped-cropped-cropped-cropped-3-1.png","contentUrl":"https:\/\/cvinoticias.com\/wp-content\/uploads\/2023\/04\/cropped-cropped-cropped-cropped-cropped-3-1.png","width":95,"height":122,"caption":"CVI NOTICIAS"},"image":{"@id":"https:\/\/cvinoticias.com\/v3\/#\/schema\/logo\/image\/"},"sameAs":["https:\/\/www.facebook.com\/cvinoticias","https:\/\/www.instagram.com\/cvinoticias\/","https:\/\/www.youtube.com\/@CVINOTICIAS"]},{"@type":"Person","@id":"https:\/\/cvinoticias.com\/v3\/#\/schema\/person\/2db77e3c6bc03c538495d7b2b8be9b66","name":"f1000024","image":{"@type":"ImageObject","inLanguage":"es","@id":"https:\/\/secure.gravatar.com\/avatar\/d4fe7459cfc51ff5129ce1a732bbef5928568b8092d412ef95611616376bbeed?s=96&d=mm&r=g","url":"https:\/\/secure.gravatar.com\/avatar\/d4fe7459cfc51ff5129ce1a732bbef5928568b8092d412ef95611616376bbeed?s=96&d=mm&r=g","contentUrl":"https:\/\/secure.gravatar.com\/avatar\/d4fe7459cfc51ff5129ce1a732bbef5928568b8092d412ef95611616376bbeed?s=96&d=mm&r=g","caption":"f1000024"},"url":"https:\/\/cvinoticias.com\/v3\/author\/f1000024\/"}]}},"_links":{"self":[{"href":"https:\/\/cvinoticias.com\/v3\/wp-json\/wp\/v2\/posts\/27074","targetHints":{"allow":["GET"]}}],"collection":[{"href":"https:\/\/cvinoticias.com\/v3\/wp-json\/wp\/v2\/posts"}],"about":[{"href":"https:\/\/cvinoticias.com\/v3\/wp-json\/wp\/v2\/types\/post"}],"author":[{"embeddable":true,"href":"https:\/\/cvinoticias.com\/v3\/wp-json\/wp\/v2\/users\/2"}],"replies":[{"embeddable":true,"href":"https:\/\/cvinoticias.com\/v3\/wp-json\/wp\/v2\/comments?post=27074"}],"version-history":[{"count":1,"href":"https:\/\/cvinoticias.com\/v3\/wp-json\/wp\/v2\/posts\/27074\/revisions"}],"predecessor-version":[{"id":27076,"href":"https:\/\/cvinoticias.com\/v3\/wp-json\/wp\/v2\/posts\/27074\/revisions\/27076"}],"wp:featuredmedia":[{"embeddable":true,"href":"https:\/\/cvinoticias.com\/v3\/wp-json\/wp\/v2\/media\/27075"}],"wp:attachment":[{"href":"https:\/\/cvinoticias.com\/v3\/wp-json\/wp\/v2\/media?parent=27074"}],"wp:term":[{"taxonomy":"category","embeddable":true,"href":"https:\/\/cvinoticias.com\/v3\/wp-json\/wp\/v2\/categories?post=27074"},{"taxonomy":"post_tag","embeddable":true,"href":"https:\/\/cvinoticias.com\/v3\/wp-json\/wp\/v2\/tags?post=27074"}],"curies":[{"name":"wp","href":"https:\/\/api.w.org\/{rel}","templated":true}]}}