{"id":27068,"date":"2023-08-13T18:44:23","date_gmt":"2023-08-13T18:44:23","guid":{"rendered":"https:\/\/cvinoticias.com\/v3\/?p=27068"},"modified":"2023-08-13T18:44:23","modified_gmt":"2023-08-13T18:44:23","slug":"tras-sufragar-massa-destaco-que-es-importante-que-la-gente-vaya-a-votar-en-las-paso","status":"publish","type":"post","link":"https:\/\/cvinoticias.com\/v3\/tras-sufragar-massa-destaco-que-es-importante-que-la-gente-vaya-a-votar-en-las-paso\/","title":{"rendered":"Tras sufragar, Massa destac\u00f3 que \u00abes importante que la gente vaya a votar\u00bb en las PASO"},"content":{"rendered":"\n<p><strong><em>El ministro de Econom\u00eda y precandidato a presidente por Uni\u00f3n por la Patria (UxP), Sergio Massa, consider\u00f3 hoy que \u201ces muy importante ir a votar en estas primarias a 40 a\u00f1os de democracia\u201d, tras sufragar en una escuela de Tigre.<\/em><\/strong><\/p>\n\n\n\n<p>Tras votar pasada las 8.30, en la escuela secundaria p\u00fablica N\u00b0 45 en el distrito bonaerense de Tigre, Massa evalu\u00f3 como \u00abmuy importante la oportunidad de que cada argentino salga de su casa para ir a votar y pueda expresarse\u00bb.<br>\u00abManifestarse, a 40 a\u00f1os de democracia. Me parece muy importante\u201d, enfatiz\u00f3 el postulante presidencial en una rueda de prensa.<\/p>\n\n\n\n<p>Massa lleg\u00f3 a la escuela en el centro de Tigre para votar a primera hora acompa\u00f1ado por su esposa y titular de Aysa, Malena Galmarini, y luego de sufragar realiz\u00f3 una conferencia de prensa en las inmediaciones del establecimiento educativo.<br>Sobre el desarrollo de las PASO, el ministro se\u00f1al\u00f3 que \u201choy es un primer paso donde cada fuerza pol\u00edtica va a definir sus candidatos\u201d, y asegur\u00f3 que desde el oficialismo hay \u00abuna buena expectativa para hoy\u201d.<\/p>\n\n\n\n<p>\u201cEs importante que la gente vaya a votar, que participe, y que tengamos la oportunidad en todo el pa\u00eds de escuchar lo que la gente nos dice en la urna. El voto, para la historia argentina, en especial a las mujeres, cost\u00f3 mucho. Por eso, a 40 a\u00f1os de la recuperaci\u00f3n de la democracia, es un motivo para ir a votar, votes a quien votes. Es muy importante la primaria y la concurrencia a votar\u201d, remarc\u00f3.<\/p>\n\n\n\n<p>En la misma t\u00f3nica, el precandidato oficialista convoc\u00f3 a los argentinos a que \u201cvayan a votar pensando en el futuro y en sus sue\u00f1os\u00bb.<br>\u00abOjal\u00e1 muchos pibes vayan a votar\u201d, dijo en referencia al voto de los j\u00f3venes de 16 a\u00f1os que est\u00e1n en condiciones de sufragar por primera vez en estas PASO.<\/p>\n\n\n\n<p>Al iniciar la conferencia, Massa agradeci\u00f3 a todas las autoridades de mesa, fiscales y fuerza de seguridad en todo el pa\u00eds que est\u00e1n permitiendo poner en marcha la votaci\u00f3n.<\/p>\n\n\n\n<p>De forma distendida, el ministro de Econom\u00eda cont\u00f3 que se levant\u00f3 temprano y desayun\u00f3 con su esposa Malena, a quien luego acompa\u00f1\u00f3 a votar cerca de ese establecimiento escolar.<\/p>\n","protected":false},"excerpt":{"rendered":"<p>El ministro de Econom\u00eda y precandidato a presidente por Uni\u00f3n por la Patria (UxP), Sergio Massa, consider\u00f3 hoy que \u201ces muy importante ir a votar en estas primarias a 40 a\u00f1os de democracia\u201d, tras sufragar en una escuela de Tigre. Tras votar pasada las 8.30, en la escuela secundaria p\u00fablica N\u00b0 45 en el distrito [&hellip;]<\/p>\n","protected":false},"author":2,"featured_media":27069,"comment_status":"open","ping_status":"open","sticky":false,"template":"","format":"standard","meta":{"footnotes":""},"categories":[39],"tags":[],"class_list":["post-27068","post","type-post","status-publish","format-standard","has-post-thumbnail","hentry","category-nacionales"],"yoast_head":"<!-- This site is optimized with the Yoast SEO plugin v27.5 - https:\/\/yoast.com\/product\/yoast-seo-wordpress\/ -->\n<title>Tras sufragar, Massa destac\u00f3 que \u00abes importante que la gente vaya a votar\u00bb en las PASO | CVI NOTICIAS<\/title>\n<meta name=\"robots\" content=\"index, follow, max-snippet:-1, max-image-preview:large, max-video-preview:-1\" \/>\n<link rel=\"canonical\" href=\"https:\/\/cvinoticias.com\/v3\/tras-sufragar-massa-destaco-que-es-importante-que-la-gente-vaya-a-votar-en-las-paso\/\" \/>\n<meta property=\"og:locale\" content=\"es_ES\" \/>\n<meta property=\"og:type\" content=\"article\" \/>\n<meta property=\"og:title\" content=\"Tras sufragar, Massa destac\u00f3 que \u00abes importante que la gente vaya a votar\u00bb en las PASO | CVI NOTICIAS\" \/>\n<meta property=\"og:description\" content=\"El ministro de Econom\u00eda y precandidato a presidente por Uni\u00f3n por la Patria (UxP), Sergio Massa, consider\u00f3 hoy que \u201ces muy importante ir a votar en estas primarias a 40 a\u00f1os de democracia\u201d, tras sufragar en una escuela de Tigre. Tras votar pasada las 8.30, en la escuela secundaria p\u00fablica N\u00b0 45 en el distrito [&hellip;]\" \/>\n<meta property=\"og:url\" content=\"https:\/\/cvinoticias.com\/v3\/tras-sufragar-massa-destaco-que-es-importante-que-la-gente-vaya-a-votar-en-las-paso\/\" \/>\n<meta property=\"og:site_name\" content=\"CVI NOTICIAS\" \/>\n<meta property=\"article:publisher\" content=\"https:\/\/www.facebook.com\/cvinoticias\" \/>\n<meta property=\"article:published_time\" content=\"2023-08-13T18:44:23+00:00\" \/>\n<meta property=\"og:image\" content=\"https:\/\/cvinoticias.com\/wp-content\/uploads\/2023\/08\/64d8cd3baa631832446840.jpg\" \/>\n\t<meta property=\"og:image:width\" content=\"1024\" \/>\n\t<meta property=\"og:image:height\" content=\"684\" \/>\n\t<meta property=\"og:image:type\" content=\"image\/jpeg\" \/>\n<meta name=\"author\" content=\"f1000024\" \/>\n<meta name=\"twitter:card\" content=\"summary_large_image\" \/>\n<meta name=\"twitter:label1\" content=\"Escrito por\" \/>\n\t<meta name=\"twitter:data1\" content=\"f1000024\" \/>\n\t<meta name=\"twitter:label2\" content=\"Tiempo de lectura\" \/>\n\t<meta name=\"twitter:data2\" content=\"2 minutos\" \/>\n<script type=\"application\/ld+json\" class=\"yoast-schema-graph\">{\"@context\":\"https:\\\/\\\/schema.org\",\"@graph\":[{\"@type\":\"Article\",\"@id\":\"https:\\\/\\\/cvinoticias.com\\\/v3\\\/tras-sufragar-massa-destaco-que-es-importante-que-la-gente-vaya-a-votar-en-las-paso\\\/#article\",\"isPartOf\":{\"@id\":\"https:\\\/\\\/cvinoticias.com\\\/v3\\\/tras-sufragar-massa-destaco-que-es-importante-que-la-gente-vaya-a-votar-en-las-paso\\\/\"},\"author\":{\"name\":\"f1000024\",\"@id\":\"https:\\\/\\\/cvinoticias.com\\\/v3\\\/#\\\/schema\\\/person\\\/2db77e3c6bc03c538495d7b2b8be9b66\"},\"headline\":\"Tras sufragar, Massa destac\u00f3 que \u00abes importante que la gente vaya a votar\u00bb en las PASO\",\"datePublished\":\"2023-08-13T18:44:23+00:00\",\"mainEntityOfPage\":{\"@id\":\"https:\\\/\\\/cvinoticias.com\\\/v3\\\/tras-sufragar-massa-destaco-que-es-importante-que-la-gente-vaya-a-votar-en-las-paso\\\/\"},\"wordCount\":392,\"commentCount\":0,\"publisher\":{\"@id\":\"https:\\\/\\\/cvinoticias.com\\\/v3\\\/#organization\"},\"image\":{\"@id\":\"https:\\\/\\\/cvinoticias.com\\\/v3\\\/tras-sufragar-massa-destaco-que-es-importante-que-la-gente-vaya-a-votar-en-las-paso\\\/#primaryimage\"},\"thumbnailUrl\":\"https:\\\/\\\/cvinoticias.com\\\/wp-content\\\/uploads\\\/2023\\\/08\\\/64d8cd3baa631832446840.jpg\",\"articleSection\":[\"Nacionales\"],\"inLanguage\":\"es\",\"potentialAction\":[{\"@type\":\"CommentAction\",\"name\":\"Comment\",\"target\":[\"https:\\\/\\\/cvinoticias.com\\\/v3\\\/tras-sufragar-massa-destaco-que-es-importante-que-la-gente-vaya-a-votar-en-las-paso\\\/#respond\"]}]},{\"@type\":\"WebPage\",\"@id\":\"https:\\\/\\\/cvinoticias.com\\\/v3\\\/tras-sufragar-massa-destaco-que-es-importante-que-la-gente-vaya-a-votar-en-las-paso\\\/\",\"url\":\"https:\\\/\\\/cvinoticias.com\\\/v3\\\/tras-sufragar-massa-destaco-que-es-importante-que-la-gente-vaya-a-votar-en-las-paso\\\/\",\"name\":\"Tras sufragar, Massa destac\u00f3 que \u00abes importante que la gente vaya a votar\u00bb en las PASO | CVI NOTICIAS\",\"isPartOf\":{\"@id\":\"https:\\\/\\\/cvinoticias.com\\\/v3\\\/#website\"},\"primaryImageOfPage\":{\"@id\":\"https:\\\/\\\/cvinoticias.com\\\/v3\\\/tras-sufragar-massa-destaco-que-es-importante-que-la-gente-vaya-a-votar-en-las-paso\\\/#primaryimage\"},\"image\":{\"@id\":\"https:\\\/\\\/cvinoticias.com\\\/v3\\\/tras-sufragar-massa-destaco-que-es-importante-que-la-gente-vaya-a-votar-en-las-paso\\\/#primaryimage\"},\"thumbnailUrl\":\"https:\\\/\\\/cvinoticias.com\\\/wp-content\\\/uploads\\\/2023\\\/08\\\/64d8cd3baa631832446840.jpg\",\"datePublished\":\"2023-08-13T18:44:23+00:00\",\"breadcrumb\":{\"@id\":\"https:\\\/\\\/cvinoticias.com\\\/v3\\\/tras-sufragar-massa-destaco-que-es-importante-que-la-gente-vaya-a-votar-en-las-paso\\\/#breadcrumb\"},\"inLanguage\":\"es\",\"potentialAction\":[{\"@type\":\"ReadAction\",\"target\":[\"https:\\\/\\\/cvinoticias.com\\\/v3\\\/tras-sufragar-massa-destaco-que-es-importante-que-la-gente-vaya-a-votar-en-las-paso\\\/\"]}]},{\"@type\":\"ImageObject\",\"inLanguage\":\"es\",\"@id\":\"https:\\\/\\\/cvinoticias.com\\\/v3\\\/tras-sufragar-massa-destaco-que-es-importante-que-la-gente-vaya-a-votar-en-las-paso\\\/#primaryimage\",\"url\":\"https:\\\/\\\/cvinoticias.com\\\/wp-content\\\/uploads\\\/2023\\\/08\\\/64d8cd3baa631832446840.jpg\",\"contentUrl\":\"https:\\\/\\\/cvinoticias.com\\\/wp-content\\\/uploads\\\/2023\\\/08\\\/64d8cd3baa631832446840.jpg\",\"width\":1024,\"height\":684},{\"@type\":\"BreadcrumbList\",\"@id\":\"https:\\\/\\\/cvinoticias.com\\\/v3\\\/tras-sufragar-massa-destaco-que-es-importante-que-la-gente-vaya-a-votar-en-las-paso\\\/#breadcrumb\",\"itemListElement\":[{\"@type\":\"ListItem\",\"position\":1,\"name\":\"Portada\",\"item\":\"https:\\\/\\\/cvinoticias.com\\\/v3\\\/\"},{\"@type\":\"ListItem\",\"position\":2,\"name\":\"Tras sufragar, Massa destac\u00f3 que \u00abes importante que la gente vaya a votar\u00bb en las PASO\"}]},{\"@type\":\"WebSite\",\"@id\":\"https:\\\/\\\/cvinoticias.com\\\/v3\\\/#website\",\"url\":\"https:\\\/\\\/cvinoticias.com\\\/v3\\\/\",\"name\":\"CVI NOTICIAS\",\"description\":\"\",\"publisher\":{\"@id\":\"https:\\\/\\\/cvinoticias.com\\\/v3\\\/#organization\"},\"alternateName\":\"CVI\",\"potentialAction\":[{\"@type\":\"SearchAction\",\"target\":{\"@type\":\"EntryPoint\",\"urlTemplate\":\"https:\\\/\\\/cvinoticias.com\\\/v3\\\/?s={search_term_string}\"},\"query-input\":{\"@type\":\"PropertyValueSpecification\",\"valueRequired\":true,\"valueName\":\"search_term_string\"}}],\"inLanguage\":\"es\"},{\"@type\":\"Organization\",\"@id\":\"https:\\\/\\\/cvinoticias.com\\\/v3\\\/#organization\",\"name\":\"CVI NOTICIAS\",\"url\":\"https:\\\/\\\/cvinoticias.com\\\/v3\\\/\",\"logo\":{\"@type\":\"ImageObject\",\"inLanguage\":\"es\",\"@id\":\"https:\\\/\\\/cvinoticias.com\\\/v3\\\/#\\\/schema\\\/logo\\\/image\\\/\",\"url\":\"https:\\\/\\\/cvinoticias.com\\\/wp-content\\\/uploads\\\/2023\\\/04\\\/cropped-cropped-cropped-cropped-cropped-3-1.png\",\"contentUrl\":\"https:\\\/\\\/cvinoticias.com\\\/wp-content\\\/uploads\\\/2023\\\/04\\\/cropped-cropped-cropped-cropped-cropped-3-1.png\",\"width\":95,\"height\":122,\"caption\":\"CVI NOTICIAS\"},\"image\":{\"@id\":\"https:\\\/\\\/cvinoticias.com\\\/v3\\\/#\\\/schema\\\/logo\\\/image\\\/\"},\"sameAs\":[\"https:\\\/\\\/www.facebook.com\\\/cvinoticias\",\"https:\\\/\\\/www.instagram.com\\\/cvinoticias\\\/\",\"https:\\\/\\\/www.youtube.com\\\/@CVINOTICIAS\"]},{\"@type\":\"Person\",\"@id\":\"https:\\\/\\\/cvinoticias.com\\\/v3\\\/#\\\/schema\\\/person\\\/2db77e3c6bc03c538495d7b2b8be9b66\",\"name\":\"f1000024\",\"image\":{\"@type\":\"ImageObject\",\"inLanguage\":\"es\",\"@id\":\"https:\\\/\\\/secure.gravatar.com\\\/avatar\\\/d4fe7459cfc51ff5129ce1a732bbef5928568b8092d412ef95611616376bbeed?s=96&d=mm&r=g\",\"url\":\"https:\\\/\\\/secure.gravatar.com\\\/avatar\\\/d4fe7459cfc51ff5129ce1a732bbef5928568b8092d412ef95611616376bbeed?s=96&d=mm&r=g\",\"contentUrl\":\"https:\\\/\\\/secure.gravatar.com\\\/avatar\\\/d4fe7459cfc51ff5129ce1a732bbef5928568b8092d412ef95611616376bbeed?s=96&d=mm&r=g\",\"caption\":\"f1000024\"},\"url\":\"https:\\\/\\\/cvinoticias.com\\\/v3\\\/author\\\/f1000024\\\/\"}]}<\/script>\n<!-- \/ Yoast SEO plugin. -->","yoast_head_json":{"title":"Tras sufragar, Massa destac\u00f3 que \u00abes importante que la gente vaya a votar\u00bb en las PASO | CVI NOTICIAS","robots":{"index":"index","follow":"follow","max-snippet":"max-snippet:-1","max-image-preview":"max-image-preview:large","max-video-preview":"max-video-preview:-1"},"canonical":"https:\/\/cvinoticias.com\/v3\/tras-sufragar-massa-destaco-que-es-importante-que-la-gente-vaya-a-votar-en-las-paso\/","og_locale":"es_ES","og_type":"article","og_title":"Tras sufragar, Massa destac\u00f3 que \u00abes importante que la gente vaya a votar\u00bb en las PASO | CVI NOTICIAS","og_description":"El ministro de Econom\u00eda y precandidato a presidente por Uni\u00f3n por la Patria (UxP), Sergio Massa, consider\u00f3 hoy que \u201ces muy importante ir a votar en estas primarias a 40 a\u00f1os de democracia\u201d, tras sufragar en una escuela de Tigre. Tras votar pasada las 8.30, en la escuela secundaria p\u00fablica N\u00b0 45 en el distrito [&hellip;]","og_url":"https:\/\/cvinoticias.com\/v3\/tras-sufragar-massa-destaco-que-es-importante-que-la-gente-vaya-a-votar-en-las-paso\/","og_site_name":"CVI NOTICIAS","article_publisher":"https:\/\/www.facebook.com\/cvinoticias","article_published_time":"2023-08-13T18:44:23+00:00","og_image":[{"width":1024,"height":684,"url":"https:\/\/cvinoticias.com\/wp-content\/uploads\/2023\/08\/64d8cd3baa631832446840.jpg","type":"image\/jpeg"}],"author":"f1000024","twitter_card":"summary_large_image","twitter_misc":{"Escrito por":"f1000024","Tiempo de lectura":"2 minutos"},"schema":{"@context":"https:\/\/schema.org","@graph":[{"@type":"Article","@id":"https:\/\/cvinoticias.com\/v3\/tras-sufragar-massa-destaco-que-es-importante-que-la-gente-vaya-a-votar-en-las-paso\/#article","isPartOf":{"@id":"https:\/\/cvinoticias.com\/v3\/tras-sufragar-massa-destaco-que-es-importante-que-la-gente-vaya-a-votar-en-las-paso\/"},"author":{"name":"f1000024","@id":"https:\/\/cvinoticias.com\/v3\/#\/schema\/person\/2db77e3c6bc03c538495d7b2b8be9b66"},"headline":"Tras sufragar, Massa destac\u00f3 que \u00abes importante que la gente vaya a votar\u00bb en las PASO","datePublished":"2023-08-13T18:44:23+00:00","mainEntityOfPage":{"@id":"https:\/\/cvinoticias.com\/v3\/tras-sufragar-massa-destaco-que-es-importante-que-la-gente-vaya-a-votar-en-las-paso\/"},"wordCount":392,"commentCount":0,"publisher":{"@id":"https:\/\/cvinoticias.com\/v3\/#organization"},"image":{"@id":"https:\/\/cvinoticias.com\/v3\/tras-sufragar-massa-destaco-que-es-importante-que-la-gente-vaya-a-votar-en-las-paso\/#primaryimage"},"thumbnailUrl":"https:\/\/cvinoticias.com\/wp-content\/uploads\/2023\/08\/64d8cd3baa631832446840.jpg","articleSection":["Nacionales"],"inLanguage":"es","potentialAction":[{"@type":"CommentAction","name":"Comment","target":["https:\/\/cvinoticias.com\/v3\/tras-sufragar-massa-destaco-que-es-importante-que-la-gente-vaya-a-votar-en-las-paso\/#respond"]}]},{"@type":"WebPage","@id":"https:\/\/cvinoticias.com\/v3\/tras-sufragar-massa-destaco-que-es-importante-que-la-gente-vaya-a-votar-en-las-paso\/","url":"https:\/\/cvinoticias.com\/v3\/tras-sufragar-massa-destaco-que-es-importante-que-la-gente-vaya-a-votar-en-las-paso\/","name":"Tras sufragar, Massa destac\u00f3 que \u00abes importante que la gente vaya a votar\u00bb en las PASO | CVI NOTICIAS","isPartOf":{"@id":"https:\/\/cvinoticias.com\/v3\/#website"},"primaryImageOfPage":{"@id":"https:\/\/cvinoticias.com\/v3\/tras-sufragar-massa-destaco-que-es-importante-que-la-gente-vaya-a-votar-en-las-paso\/#primaryimage"},"image":{"@id":"https:\/\/cvinoticias.com\/v3\/tras-sufragar-massa-destaco-que-es-importante-que-la-gente-vaya-a-votar-en-las-paso\/#primaryimage"},"thumbnailUrl":"https:\/\/cvinoticias.com\/wp-content\/uploads\/2023\/08\/64d8cd3baa631832446840.jpg","datePublished":"2023-08-13T18:44:23+00:00","breadcrumb":{"@id":"https:\/\/cvinoticias.com\/v3\/tras-sufragar-massa-destaco-que-es-importante-que-la-gente-vaya-a-votar-en-las-paso\/#breadcrumb"},"inLanguage":"es","potentialAction":[{"@type":"ReadAction","target":["https:\/\/cvinoticias.com\/v3\/tras-sufragar-massa-destaco-que-es-importante-que-la-gente-vaya-a-votar-en-las-paso\/"]}]},{"@type":"ImageObject","inLanguage":"es","@id":"https:\/\/cvinoticias.com\/v3\/tras-sufragar-massa-destaco-que-es-importante-que-la-gente-vaya-a-votar-en-las-paso\/#primaryimage","url":"https:\/\/cvinoticias.com\/wp-content\/uploads\/2023\/08\/64d8cd3baa631832446840.jpg","contentUrl":"https:\/\/cvinoticias.com\/wp-content\/uploads\/2023\/08\/64d8cd3baa631832446840.jpg","width":1024,"height":684},{"@type":"BreadcrumbList","@id":"https:\/\/cvinoticias.com\/v3\/tras-sufragar-massa-destaco-que-es-importante-que-la-gente-vaya-a-votar-en-las-paso\/#breadcrumb","itemListElement":[{"@type":"ListItem","position":1,"name":"Portada","item":"https:\/\/cvinoticias.com\/v3\/"},{"@type":"ListItem","position":2,"name":"Tras sufragar, Massa destac\u00f3 que \u00abes importante que la gente vaya a votar\u00bb en las PASO"}]},{"@type":"WebSite","@id":"https:\/\/cvinoticias.com\/v3\/#website","url":"https:\/\/cvinoticias.com\/v3\/","name":"CVI NOTICIAS","description":"","publisher":{"@id":"https:\/\/cvinoticias.com\/v3\/#organization"},"alternateName":"CVI","potentialAction":[{"@type":"SearchAction","target":{"@type":"EntryPoint","urlTemplate":"https:\/\/cvinoticias.com\/v3\/?s={search_term_string}"},"query-input":{"@type":"PropertyValueSpecification","valueRequired":true,"valueName":"search_term_string"}}],"inLanguage":"es"},{"@type":"Organization","@id":"https:\/\/cvinoticias.com\/v3\/#organization","name":"CVI NOTICIAS","url":"https:\/\/cvinoticias.com\/v3\/","logo":{"@type":"ImageObject","inLanguage":"es","@id":"https:\/\/cvinoticias.com\/v3\/#\/schema\/logo\/image\/","url":"https:\/\/cvinoticias.com\/wp-content\/uploads\/2023\/04\/cropped-cropped-cropped-cropped-cropped-3-1.png","contentUrl":"https:\/\/cvinoticias.com\/wp-content\/uploads\/2023\/04\/cropped-cropped-cropped-cropped-cropped-3-1.png","width":95,"height":122,"caption":"CVI NOTICIAS"},"image":{"@id":"https:\/\/cvinoticias.com\/v3\/#\/schema\/logo\/image\/"},"sameAs":["https:\/\/www.facebook.com\/cvinoticias","https:\/\/www.instagram.com\/cvinoticias\/","https:\/\/www.youtube.com\/@CVINOTICIAS"]},{"@type":"Person","@id":"https:\/\/cvinoticias.com\/v3\/#\/schema\/person\/2db77e3c6bc03c538495d7b2b8be9b66","name":"f1000024","image":{"@type":"ImageObject","inLanguage":"es","@id":"https:\/\/secure.gravatar.com\/avatar\/d4fe7459cfc51ff5129ce1a732bbef5928568b8092d412ef95611616376bbeed?s=96&d=mm&r=g","url":"https:\/\/secure.gravatar.com\/avatar\/d4fe7459cfc51ff5129ce1a732bbef5928568b8092d412ef95611616376bbeed?s=96&d=mm&r=g","contentUrl":"https:\/\/secure.gravatar.com\/avatar\/d4fe7459cfc51ff5129ce1a732bbef5928568b8092d412ef95611616376bbeed?s=96&d=mm&r=g","caption":"f1000024"},"url":"https:\/\/cvinoticias.com\/v3\/author\/f1000024\/"}]}},"_links":{"self":[{"href":"https:\/\/cvinoticias.com\/v3\/wp-json\/wp\/v2\/posts\/27068","targetHints":{"allow":["GET"]}}],"collection":[{"href":"https:\/\/cvinoticias.com\/v3\/wp-json\/wp\/v2\/posts"}],"about":[{"href":"https:\/\/cvinoticias.com\/v3\/wp-json\/wp\/v2\/types\/post"}],"author":[{"embeddable":true,"href":"https:\/\/cvinoticias.com\/v3\/wp-json\/wp\/v2\/users\/2"}],"replies":[{"embeddable":true,"href":"https:\/\/cvinoticias.com\/v3\/wp-json\/wp\/v2\/comments?post=27068"}],"version-history":[{"count":1,"href":"https:\/\/cvinoticias.com\/v3\/wp-json\/wp\/v2\/posts\/27068\/revisions"}],"predecessor-version":[{"id":27070,"href":"https:\/\/cvinoticias.com\/v3\/wp-json\/wp\/v2\/posts\/27068\/revisions\/27070"}],"wp:featuredmedia":[{"embeddable":true,"href":"https:\/\/cvinoticias.com\/v3\/wp-json\/wp\/v2\/media\/27069"}],"wp:attachment":[{"href":"https:\/\/cvinoticias.com\/v3\/wp-json\/wp\/v2\/media?parent=27068"}],"wp:term":[{"taxonomy":"category","embeddable":true,"href":"https:\/\/cvinoticias.com\/v3\/wp-json\/wp\/v2\/categories?post=27068"},{"taxonomy":"post_tag","embeddable":true,"href":"https:\/\/cvinoticias.com\/v3\/wp-json\/wp\/v2\/tags?post=27068"}],"curies":[{"name":"wp","href":"https:\/\/api.w.org\/{rel}","templated":true}]}}