{"id":27058,"date":"2023-08-13T13:35:16","date_gmt":"2023-08-13T13:35:16","guid":{"rendered":"https:\/\/cvinoticias.com\/v3\/?p=27058"},"modified":"2023-08-13T13:35:16","modified_gmt":"2023-08-13T13:35:16","slug":"definir-lo-que-la-dirigencia-no-puede","status":"publish","type":"post","link":"https:\/\/cvinoticias.com\/v3\/definir-lo-que-la-dirigencia-no-puede\/","title":{"rendered":"DEFINIR LO QUE LA DIRIGENCIA NO PUEDE"},"content":{"rendered":"\n<p><strong><em>Los argentinos ir\u00e1n a las urnas en medio de un clima que evidencia el hartazgo y la desafecci\u00f3n de gran parte de la sociedad. Las Primarias Abiertas Simult\u00e1neas y Obligatorias s\u00f3lo servir\u00e1n para dirimir las peleas internas de los partidos en donde los dirigentes pol\u00edticos no han podido ponerse de acuerdo.<\/em><\/strong><\/p>\n\n\n\n<p><strong>(*) Por Nicol\u00e1s Marchiori<\/strong><\/p>\n\n\n\n<p>Diferentes momentos atravesaron la historia democr\u00e1tica de nuestro pa\u00eds. Desde sus or\u00edgenes, el voto era un privilegio reservado para pocos, siendo excluido el pueblo de la participaci\u00f3n ciudadana.<\/p>\n\n\n\n<p>A esta altura de la historia, la realidad es muy distinta y sabemos que nuestra democracia se sostiene en la elecci\u00f3n y la legitimaci\u00f3n de los representantes a trav\u00e9s del sufragio popular. El acto supremo mediante el cual el pueblo se expresa.<\/p>\n\n\n\n<p>En el a\u00f1o 2009 se sancion\u00f3 la \u201cLey de Democratizaci\u00f3n de la Representaci\u00f3n Pol\u00edtica, la Transparencia y la Equidad Electoral\u201d (Ley N\u00ba 26.571), cuyo eje principal fue la incorporaci\u00f3n de las Primarias, Abiertas, Simult\u00e1neas y Obligatorias (PASO) para la elecci\u00f3n de candidatos dentro de los diferentes espacios pol\u00edticos. La consecuencia inmediata de esta elecci\u00f3n es la definici\u00f3n de la lista que representar\u00e1 a cada partido pol\u00edtico o frente electoral en las elecciones generales. La implementaci\u00f3n de esta ley se llev\u00f3 a cabo en el a\u00f1o 2011.<\/p>\n\n\n\n<p>Un a\u00f1o m\u00e1s tarde, en un acto de ampliaci\u00f3n de derechos pol\u00edticos para la ciudadan\u00eda, se sancion\u00f3 la \u201cLey de Ciudadan\u00eda Argentina\u201d (Ley N\u00ba 26.774). Mediante esta, todos los argentinos mayores de 16 a\u00f1os est\u00e1n habilitados, pero no obligados, a votar.<\/p>\n\n\n\n<p>En su primera implementaci\u00f3n de 2011, el desempe\u00f1o de las PASO fue poco auspicioso a la hora de promover la competencia. Ninguna interna fue realmente competitiva debido a que los vencedores se impusieron en general por grandes diferencias.<\/p>\n\n\n\n<p>Este mecanismo ha generado pol\u00e9mica en torno a la constitucionalidad de obligar a los partidos a abrir su competencia interna a todos los electores (incluso los independientes y los afiliados a otros partidos pol\u00edticos), como as\u00ed tambi\u00e9n respecto a la obligaci\u00f3n a los electores a participar en la definici\u00f3n de los candidatos propuestos por cada agrupaci\u00f3n.<\/p>\n\n\n\n<p>En tiempos donde se discute sobre la importancia y la necesidad de celebrar las PASO, la experiencia uruguaya puede resultar ilustrativa para dimensionar los alcances, efectos y consecuencias de esta instancia electoral. Despu\u00e9s de m\u00e1s de 20 a\u00f1os de elecciones internas en el pa\u00eds oriental la participaci\u00f3n ciudadana fue mermando y, mientras que los niveles de concurrencia a las elecciones generales se ubican en torno al 90%, en las elecciones internas se reduce dr\u00e1sticamente a menos de la mitad en puntos porcentuales. Adem\u00e1s de estos datos f\u00e1cticos, existen estudios emp\u00edricos que muestran que los electores que simpatizan con los partidos pol\u00edticos y que tienen posiciones ideol\u00f3gicas m\u00e1s extremas, tienen mayor propensi\u00f3n a participar. De estos datos provenientes de estudios previos, se desprende que cuando los electores no est\u00e1n obligados a concurrir a las primarias, existen 2 consecuencias posibles: 1) El abstencionismo aumenta y los candidatos son definidos por un grupo de votantes que es m\u00e1s reducido que los electores habilitados y mucho m\u00e1s grande que los afiliados de cada partido, o 2) ese grupo que termina definiendo las candidaturas es muy distinto al votante promedio.<\/p>\n\n\n\n<ul class=\"wp-block-list\">\n<li>* *<br><strong>El escenario previo a las PASO en nuestro pa\u00eds<\/strong><\/li>\n<\/ul>\n\n\n\n<p>Si hoy se decidiera elegir la palabra que m\u00e1s se ajuste a la realidad pol\u00edtica argentina, sin lugar a duda \u201cdesafecci\u00f3n\u201d ser\u00eda una de las m\u00e1s votadas. Cuando hablamos de desafecci\u00f3n no nos referimos a un sin\u00f3nimo de descontento. El descontento no suele afectar la legitimidad democr\u00e1tica y es, sobre todo, coyuntural. La desafecci\u00f3n se ha convertido en la palabra justa para expresar una nueva actitud que se concreta en el alejamiento respecto de una clase pol\u00edtica que estaba pr\u00f3xima, pero a la cual ya hac\u00eda mucho tiempo que se hab\u00eda dejado de apreciar. De all\u00ed que la desafecci\u00f3n pol\u00edtica implica una profunda insatisfacci\u00f3n con los resultados de las instituciones democr\u00e1ticas, independientemente del partido o individuos que las est\u00e9n operando.<\/p>\n\n\n\n<p>Gran parte de la clase dirigente es responsable de esta situaci\u00f3n. Y para colmo de males, nada hace por revertir este preocupante presente. En la Argentina actual se ha perdido el debate, el intercambio de ideas.<\/p>\n\n\n\n<p>La discusi\u00f3n respetuosa, sin insultos ni atribuci\u00f3n de intenciones es fundamental para la convivencia. En tiempos signados por rumores y difamaciones, el sano debate de ideas se ha vuelto fundamental para el fortalecimiento democr\u00e1tico y el respeto por la diferencia.<br>La clase pol\u00edtica debe entender que en un aut\u00e9ntico debate de ideas no ganan o pierden personas, sino que ganan todos, porque ganan los mejores argumentos y las ideas m\u00e1s convincentes. En un aut\u00e9ntico debate de ideas todos aprenden, incluso a matizar nuestras posiciones, a reconocer errores, a comprender la complejidad de los temas, y aleja a todos de la simplificaci\u00f3n que polariza la sociedad. En un aut\u00e9ntico debate de ideas los temas de discusi\u00f3n nunca son la vida personal de quienes debaten. Pero cuando las personas no saben argumentar o no tienen m\u00e1s argumentos por falta de profundidad o de claridad, comienzan a se\u00f1alar problemas o debilidades personales de sus interlocutores y, en lugar de responder al argumento contrario, pierden el debate y perdemos todos.<\/p>\n\n\n\n<p>Dicho esto, lo cierto es que en la previa el humor social da cuenta de que los argentinos concurrir\u00e1n a votar sin grandes expectativas en una elecci\u00f3n que quien resulte con m\u00e1s votos no habr\u00e1 ganado nada.<\/p>\n\n\n\n<p>Tal como lo han intentado hacer con la diseminaci\u00f3n de la grieta en cada rinc\u00f3n del territorio nacional, el unitarismo porte\u00f1o que no ve m\u00e1s all\u00e1 de Buenos Aires no s\u00f3lo dentro los partidos pol\u00edticos sino tambi\u00e9n desde un periodismo que impone una agenda nacional circunscripta al universo del AMBA, viene intentando imponer la idea de que cerrados los comicios de este domingo habr\u00e1 espacios pol\u00edticos ganadores y perdedores.<\/p>\n\n\n\n<p>Todo lo antes dicho deja de manifiesto el error en que se incurre al caer en este an\u00e1lisis que imponen los grandes medios concentrados de la Ciudad Aut\u00f3noma de Buenos Aires. Las PASO definen, en su caso, candidaturas dentro de los diferentes espacios pol\u00edticos. En consecuencia, no hay ganadores y perdedores m\u00e1s all\u00e1 de los espacios internos. Discursos tendientes a confrontar sobre diferentes modelos de pa\u00eds, y consideraciones del voto como acto plebiscitario de una gesti\u00f3n en esta instancia es err\u00f3neo. Los electores definen quienes ser\u00e1n los candidatos de cada agrupaci\u00f3n pol\u00edtica en las Elecciones Generales a celebrarse en octubre, nada m\u00e1s que eso.<\/p>\n\n\n\n<p><strong>La abstenci\u00f3n: un fen\u00f3meno que gana centralidad y preocupa<\/strong><\/p>\n\n\n\n<p>Por primera vez en la historia antes de una elecci\u00f3n la C\u00e1mara Nacional Electoral emiti\u00f3 un comunicado para exhortar a la ciudadan\u00eda a ejercer el derecho fundamental del sufragio. \u201cEl pr\u00f3ximo domingo 13 de agosto la ciudadan\u00eda est\u00e1 convocada a ejercer, con su voto, la forma m\u00e1s directa de participaci\u00f3n en el proceso de designaci\u00f3n de sus representantes\u201d, reza uno de los p\u00e1rrafos del comunicado.<\/p>\n\n\n\n<p>El texto emitido por la m\u00e1xima autoridad en materia electoral del pa\u00eds es un claro llamado a votar y se enmarca en un contexto electoral marcado por el ausentismo, un fen\u00f3meno que se convirti\u00f3 en tendencia en la gran mayor\u00eda de las 18 elecciones que se celebraron en lo que va de este a\u00f1o en todo el pa\u00eds.<\/p>\n\n\n\n<p>Por fuera de las elecciones legislativas llevadas a cabo en Corrientes y las PASO realizadas en Santa Fe, Mendoza y Chaco, la provincia que registr\u00f3 el mayor porcentaje de ausentismo fue Rio Negro, donde mas del 31,85% del electorado se abstuvo de votar.<\/p>\n\n\n\n<p>La contracara de este escenario que genera gran preocupaci\u00f3n a las autoridades, fueron las elecciones provinciales de Misiones en donde el porcentaje de votos emitidos fue del 75%, por encima de la media nacional que no llega al 69% de participaci\u00f3n.<\/p>\n\n\n\n<p>La abstenci\u00f3n capta toda la centralidad en la contienda electoral de las PASO. En este contexto, analistas y consultores consideran que el porcentaje de electores marcar\u00e1 un piso respecto a las elecciones generales del pr\u00f3ximo 22 de octubre que tendr\u00e1 a los candidatos ya definidos.<br>En honor a la verdad, lo cierto es que toda la movilizaci\u00f3n que se llevar\u00e1 a cabo en el territorio nacional servir\u00e1 solamente a un espacio pol\u00edtico para dirimir sus peleas internas y la falta de acuerdo entre sus dirigentes, luego de una dur\u00edsima campa\u00f1a en donde sobraron chicanas, descalificaciones y operaciones cruzadas.<\/p>\n\n\n\n<p>Ante este panorama, el d\u00eda despu\u00e9s de las PASO deja la inc\u00f3gnita de c\u00f3mo se acomodar\u00e1n los votos del sector perdedor. El alto nivel de confrontaci\u00f3n interna deja serias dudas respecto a si habr\u00e1 traspaso de votos hacia el candidato ganador o esos electores pasar\u00e1n a engrosar el porcentaje de votos en blanco en las Elecciones Generales de octubre.<\/p>\n\n\n\n<p><strong>La importancia de mantener la paz social en Misiones<\/strong><\/p>\n\n\n\n<p>Como hemos dicho anteriormente, el escenario de la provincia luce como una excepci\u00f3n a la generalidad que se replica en casi todo el pa\u00eds. En las elecciones provinciales del 7 de mayo concurri\u00f3 a votar un porcentaje que se mantiene dentro de los niveles hist\u00f3ricos de participaci\u00f3n. All\u00ed radica la importancia de los esfuerzos realizados por el gobierno provincial para mantener la paz social y de promover un clima de concordia defendiendo el debate democr\u00e1tico.<\/p>\n\n\n\n<p>Los comicios presentan dos posibilidades para los misioneros: sumar representantes alineados al Ejecutivo Provincial o elegir legisladores nacionales que respondan a frentes nacionales, una diferencia sustancial en t\u00e9rminos pol\u00edticos. A mayor cantidad de representantes de los intereses de los misioneros, mayores ser\u00e1n las posibilidades de establecer canales de di\u00e1logos que permitan gestionar a favor de la provincia.<\/p>\n\n\n\n<p>Es necesario destacar que las buenas relaciones en la pol\u00edtica revisten una enorme importancia, m\u00e1xime cuando fueron construidas con varios a\u00f1os de trayectoria, cumpliendo con los compromisos asumidos, honrada la palabra empe\u00f1ada y actuando de cada a la gente.<\/p>\n\n\n\n<p>Son muchos los analistas que sostienen que los procesos electorales se han transformado en plebiscitos emocionales en donde muchas veces el humor social inclina la balanza para uno u otro lado. En este contexto, es importante remarcar que las urnas no son para cargar de odio sino para depositar esperanzas.<\/p>\n\n\n\n<p><strong>Abogado. Diplomado en Manejo de Crisis y en An\u00e1lisis de Procesos Electorales. Especializado en Comunicaci\u00f3n de Gobierno y Electoral.<\/strong><\/p>\n","protected":false},"excerpt":{"rendered":"<p>Los argentinos ir\u00e1n a las urnas en medio de un clima que evidencia el hartazgo y la desafecci\u00f3n de gran parte de la sociedad. Las Primarias Abiertas Simult\u00e1neas y Obligatorias s\u00f3lo servir\u00e1n para dirimir las peleas internas de los partidos en donde los dirigentes pol\u00edticos no han podido ponerse de acuerdo. (*) Por Nicol\u00e1s Marchiori [&hellip;]<\/p>\n","protected":false},"author":2,"featured_media":27059,"comment_status":"open","ping_status":"open","sticky":false,"template":"","format":"standard","meta":{"footnotes":""},"categories":[42],"tags":[],"class_list":["post-27058","post","type-post","status-publish","format-standard","has-post-thumbnail","hentry","category-politica"],"yoast_head":"<!-- This site is optimized with the Yoast SEO plugin v27.4 - https:\/\/yoast.com\/product\/yoast-seo-wordpress\/ -->\n<title>DEFINIR LO QUE LA DIRIGENCIA NO PUEDE | CVI NOTICIAS<\/title>\n<meta name=\"robots\" content=\"index, follow, max-snippet:-1, max-image-preview:large, max-video-preview:-1\" \/>\n<link rel=\"canonical\" href=\"https:\/\/cvinoticias.com\/v3\/definir-lo-que-la-dirigencia-no-puede\/\" \/>\n<meta property=\"og:locale\" content=\"es_ES\" \/>\n<meta property=\"og:type\" content=\"article\" \/>\n<meta property=\"og:title\" content=\"DEFINIR LO QUE LA DIRIGENCIA NO PUEDE | CVI NOTICIAS\" \/>\n<meta property=\"og:description\" content=\"Los argentinos ir\u00e1n a las urnas en medio de un clima que evidencia el hartazgo y la desafecci\u00f3n de gran parte de la sociedad. Las Primarias Abiertas Simult\u00e1neas y Obligatorias s\u00f3lo servir\u00e1n para dirimir las peleas internas de los partidos en donde los dirigentes pol\u00edticos no han podido ponerse de acuerdo. (*) Por Nicol\u00e1s Marchiori [&hellip;]\" \/>\n<meta property=\"og:url\" content=\"https:\/\/cvinoticias.com\/v3\/definir-lo-que-la-dirigencia-no-puede\/\" \/>\n<meta property=\"og:site_name\" content=\"CVI NOTICIAS\" \/>\n<meta property=\"article:publisher\" content=\"https:\/\/www.facebook.com\/cvinoticias\" \/>\n<meta property=\"article:published_time\" content=\"2023-08-13T13:35:16+00:00\" \/>\n<meta property=\"og:image\" content=\"https:\/\/cvinoticias.com\/wp-content\/uploads\/2023\/08\/IMG-20230813-WA0024.jpg\" \/>\n\t<meta property=\"og:image:width\" content=\"1200\" \/>\n\t<meta property=\"og:image:height\" content=\"750\" \/>\n\t<meta property=\"og:image:type\" content=\"image\/jpeg\" \/>\n<meta name=\"author\" content=\"f1000024\" \/>\n<meta name=\"twitter:card\" content=\"summary_large_image\" \/>\n<meta name=\"twitter:label1\" content=\"Escrito por\" \/>\n\t<meta name=\"twitter:data1\" content=\"f1000024\" \/>\n\t<meta name=\"twitter:label2\" content=\"Tiempo de lectura\" \/>\n\t<meta name=\"twitter:data2\" content=\"9 minutos\" \/>\n<script type=\"application\/ld+json\" class=\"yoast-schema-graph\">{\"@context\":\"https:\\\/\\\/schema.org\",\"@graph\":[{\"@type\":\"Article\",\"@id\":\"https:\\\/\\\/cvinoticias.com\\\/v3\\\/definir-lo-que-la-dirigencia-no-puede\\\/#article\",\"isPartOf\":{\"@id\":\"https:\\\/\\\/cvinoticias.com\\\/v3\\\/definir-lo-que-la-dirigencia-no-puede\\\/\"},\"author\":{\"name\":\"f1000024\",\"@id\":\"https:\\\/\\\/cvinoticias.com\\\/v3\\\/#\\\/schema\\\/person\\\/2db77e3c6bc03c538495d7b2b8be9b66\"},\"headline\":\"DEFINIR LO QUE LA DIRIGENCIA NO PUEDE\",\"datePublished\":\"2023-08-13T13:35:16+00:00\",\"mainEntityOfPage\":{\"@id\":\"https:\\\/\\\/cvinoticias.com\\\/v3\\\/definir-lo-que-la-dirigencia-no-puede\\\/\"},\"wordCount\":1842,\"commentCount\":0,\"publisher\":{\"@id\":\"https:\\\/\\\/cvinoticias.com\\\/v3\\\/#organization\"},\"image\":{\"@id\":\"https:\\\/\\\/cvinoticias.com\\\/v3\\\/definir-lo-que-la-dirigencia-no-puede\\\/#primaryimage\"},\"thumbnailUrl\":\"https:\\\/\\\/cvinoticias.com\\\/wp-content\\\/uploads\\\/2023\\\/08\\\/IMG-20230813-WA0024.jpg\",\"articleSection\":[\"Politica\"],\"inLanguage\":\"es\",\"potentialAction\":[{\"@type\":\"CommentAction\",\"name\":\"Comment\",\"target\":[\"https:\\\/\\\/cvinoticias.com\\\/v3\\\/definir-lo-que-la-dirigencia-no-puede\\\/#respond\"]}]},{\"@type\":\"WebPage\",\"@id\":\"https:\\\/\\\/cvinoticias.com\\\/v3\\\/definir-lo-que-la-dirigencia-no-puede\\\/\",\"url\":\"https:\\\/\\\/cvinoticias.com\\\/v3\\\/definir-lo-que-la-dirigencia-no-puede\\\/\",\"name\":\"DEFINIR LO QUE LA DIRIGENCIA NO PUEDE | CVI NOTICIAS\",\"isPartOf\":{\"@id\":\"https:\\\/\\\/cvinoticias.com\\\/v3\\\/#website\"},\"primaryImageOfPage\":{\"@id\":\"https:\\\/\\\/cvinoticias.com\\\/v3\\\/definir-lo-que-la-dirigencia-no-puede\\\/#primaryimage\"},\"image\":{\"@id\":\"https:\\\/\\\/cvinoticias.com\\\/v3\\\/definir-lo-que-la-dirigencia-no-puede\\\/#primaryimage\"},\"thumbnailUrl\":\"https:\\\/\\\/cvinoticias.com\\\/wp-content\\\/uploads\\\/2023\\\/08\\\/IMG-20230813-WA0024.jpg\",\"datePublished\":\"2023-08-13T13:35:16+00:00\",\"breadcrumb\":{\"@id\":\"https:\\\/\\\/cvinoticias.com\\\/v3\\\/definir-lo-que-la-dirigencia-no-puede\\\/#breadcrumb\"},\"inLanguage\":\"es\",\"potentialAction\":[{\"@type\":\"ReadAction\",\"target\":[\"https:\\\/\\\/cvinoticias.com\\\/v3\\\/definir-lo-que-la-dirigencia-no-puede\\\/\"]}]},{\"@type\":\"ImageObject\",\"inLanguage\":\"es\",\"@id\":\"https:\\\/\\\/cvinoticias.com\\\/v3\\\/definir-lo-que-la-dirigencia-no-puede\\\/#primaryimage\",\"url\":\"https:\\\/\\\/cvinoticias.com\\\/wp-content\\\/uploads\\\/2023\\\/08\\\/IMG-20230813-WA0024.jpg\",\"contentUrl\":\"https:\\\/\\\/cvinoticias.com\\\/wp-content\\\/uploads\\\/2023\\\/08\\\/IMG-20230813-WA0024.jpg\",\"width\":1200,\"height\":750},{\"@type\":\"BreadcrumbList\",\"@id\":\"https:\\\/\\\/cvinoticias.com\\\/v3\\\/definir-lo-que-la-dirigencia-no-puede\\\/#breadcrumb\",\"itemListElement\":[{\"@type\":\"ListItem\",\"position\":1,\"name\":\"Portada\",\"item\":\"https:\\\/\\\/cvinoticias.com\\\/v3\\\/\"},{\"@type\":\"ListItem\",\"position\":2,\"name\":\"DEFINIR LO QUE LA DIRIGENCIA NO PUEDE\"}]},{\"@type\":\"WebSite\",\"@id\":\"https:\\\/\\\/cvinoticias.com\\\/v3\\\/#website\",\"url\":\"https:\\\/\\\/cvinoticias.com\\\/v3\\\/\",\"name\":\"CVI NOTICIAS\",\"description\":\"\",\"publisher\":{\"@id\":\"https:\\\/\\\/cvinoticias.com\\\/v3\\\/#organization\"},\"alternateName\":\"CVI\",\"potentialAction\":[{\"@type\":\"SearchAction\",\"target\":{\"@type\":\"EntryPoint\",\"urlTemplate\":\"https:\\\/\\\/cvinoticias.com\\\/v3\\\/?s={search_term_string}\"},\"query-input\":{\"@type\":\"PropertyValueSpecification\",\"valueRequired\":true,\"valueName\":\"search_term_string\"}}],\"inLanguage\":\"es\"},{\"@type\":\"Organization\",\"@id\":\"https:\\\/\\\/cvinoticias.com\\\/v3\\\/#organization\",\"name\":\"CVI NOTICIAS\",\"url\":\"https:\\\/\\\/cvinoticias.com\\\/v3\\\/\",\"logo\":{\"@type\":\"ImageObject\",\"inLanguage\":\"es\",\"@id\":\"https:\\\/\\\/cvinoticias.com\\\/v3\\\/#\\\/schema\\\/logo\\\/image\\\/\",\"url\":\"https:\\\/\\\/cvinoticias.com\\\/wp-content\\\/uploads\\\/2023\\\/04\\\/cropped-cropped-cropped-cropped-cropped-3-1.png\",\"contentUrl\":\"https:\\\/\\\/cvinoticias.com\\\/wp-content\\\/uploads\\\/2023\\\/04\\\/cropped-cropped-cropped-cropped-cropped-3-1.png\",\"width\":95,\"height\":122,\"caption\":\"CVI NOTICIAS\"},\"image\":{\"@id\":\"https:\\\/\\\/cvinoticias.com\\\/v3\\\/#\\\/schema\\\/logo\\\/image\\\/\"},\"sameAs\":[\"https:\\\/\\\/www.facebook.com\\\/cvinoticias\",\"https:\\\/\\\/www.instagram.com\\\/cvinoticias\\\/\",\"https:\\\/\\\/www.youtube.com\\\/@CVINOTICIAS\"]},{\"@type\":\"Person\",\"@id\":\"https:\\\/\\\/cvinoticias.com\\\/v3\\\/#\\\/schema\\\/person\\\/2db77e3c6bc03c538495d7b2b8be9b66\",\"name\":\"f1000024\",\"image\":{\"@type\":\"ImageObject\",\"inLanguage\":\"es\",\"@id\":\"https:\\\/\\\/secure.gravatar.com\\\/avatar\\\/d4fe7459cfc51ff5129ce1a732bbef5928568b8092d412ef95611616376bbeed?s=96&d=mm&r=g\",\"url\":\"https:\\\/\\\/secure.gravatar.com\\\/avatar\\\/d4fe7459cfc51ff5129ce1a732bbef5928568b8092d412ef95611616376bbeed?s=96&d=mm&r=g\",\"contentUrl\":\"https:\\\/\\\/secure.gravatar.com\\\/avatar\\\/d4fe7459cfc51ff5129ce1a732bbef5928568b8092d412ef95611616376bbeed?s=96&d=mm&r=g\",\"caption\":\"f1000024\"},\"url\":\"https:\\\/\\\/cvinoticias.com\\\/v3\\\/author\\\/f1000024\\\/\"}]}<\/script>\n<!-- \/ Yoast SEO plugin. -->","yoast_head_json":{"title":"DEFINIR LO QUE LA DIRIGENCIA NO PUEDE | CVI NOTICIAS","robots":{"index":"index","follow":"follow","max-snippet":"max-snippet:-1","max-image-preview":"max-image-preview:large","max-video-preview":"max-video-preview:-1"},"canonical":"https:\/\/cvinoticias.com\/v3\/definir-lo-que-la-dirigencia-no-puede\/","og_locale":"es_ES","og_type":"article","og_title":"DEFINIR LO QUE LA DIRIGENCIA NO PUEDE | CVI NOTICIAS","og_description":"Los argentinos ir\u00e1n a las urnas en medio de un clima que evidencia el hartazgo y la desafecci\u00f3n de gran parte de la sociedad. Las Primarias Abiertas Simult\u00e1neas y Obligatorias s\u00f3lo servir\u00e1n para dirimir las peleas internas de los partidos en donde los dirigentes pol\u00edticos no han podido ponerse de acuerdo. (*) Por Nicol\u00e1s Marchiori [&hellip;]","og_url":"https:\/\/cvinoticias.com\/v3\/definir-lo-que-la-dirigencia-no-puede\/","og_site_name":"CVI NOTICIAS","article_publisher":"https:\/\/www.facebook.com\/cvinoticias","article_published_time":"2023-08-13T13:35:16+00:00","og_image":[{"width":1200,"height":750,"url":"https:\/\/cvinoticias.com\/wp-content\/uploads\/2023\/08\/IMG-20230813-WA0024.jpg","type":"image\/jpeg"}],"author":"f1000024","twitter_card":"summary_large_image","twitter_misc":{"Escrito por":"f1000024","Tiempo de lectura":"9 minutos"},"schema":{"@context":"https:\/\/schema.org","@graph":[{"@type":"Article","@id":"https:\/\/cvinoticias.com\/v3\/definir-lo-que-la-dirigencia-no-puede\/#article","isPartOf":{"@id":"https:\/\/cvinoticias.com\/v3\/definir-lo-que-la-dirigencia-no-puede\/"},"author":{"name":"f1000024","@id":"https:\/\/cvinoticias.com\/v3\/#\/schema\/person\/2db77e3c6bc03c538495d7b2b8be9b66"},"headline":"DEFINIR LO QUE LA DIRIGENCIA NO PUEDE","datePublished":"2023-08-13T13:35:16+00:00","mainEntityOfPage":{"@id":"https:\/\/cvinoticias.com\/v3\/definir-lo-que-la-dirigencia-no-puede\/"},"wordCount":1842,"commentCount":0,"publisher":{"@id":"https:\/\/cvinoticias.com\/v3\/#organization"},"image":{"@id":"https:\/\/cvinoticias.com\/v3\/definir-lo-que-la-dirigencia-no-puede\/#primaryimage"},"thumbnailUrl":"https:\/\/cvinoticias.com\/wp-content\/uploads\/2023\/08\/IMG-20230813-WA0024.jpg","articleSection":["Politica"],"inLanguage":"es","potentialAction":[{"@type":"CommentAction","name":"Comment","target":["https:\/\/cvinoticias.com\/v3\/definir-lo-que-la-dirigencia-no-puede\/#respond"]}]},{"@type":"WebPage","@id":"https:\/\/cvinoticias.com\/v3\/definir-lo-que-la-dirigencia-no-puede\/","url":"https:\/\/cvinoticias.com\/v3\/definir-lo-que-la-dirigencia-no-puede\/","name":"DEFINIR LO QUE LA DIRIGENCIA NO PUEDE | CVI NOTICIAS","isPartOf":{"@id":"https:\/\/cvinoticias.com\/v3\/#website"},"primaryImageOfPage":{"@id":"https:\/\/cvinoticias.com\/v3\/definir-lo-que-la-dirigencia-no-puede\/#primaryimage"},"image":{"@id":"https:\/\/cvinoticias.com\/v3\/definir-lo-que-la-dirigencia-no-puede\/#primaryimage"},"thumbnailUrl":"https:\/\/cvinoticias.com\/wp-content\/uploads\/2023\/08\/IMG-20230813-WA0024.jpg","datePublished":"2023-08-13T13:35:16+00:00","breadcrumb":{"@id":"https:\/\/cvinoticias.com\/v3\/definir-lo-que-la-dirigencia-no-puede\/#breadcrumb"},"inLanguage":"es","potentialAction":[{"@type":"ReadAction","target":["https:\/\/cvinoticias.com\/v3\/definir-lo-que-la-dirigencia-no-puede\/"]}]},{"@type":"ImageObject","inLanguage":"es","@id":"https:\/\/cvinoticias.com\/v3\/definir-lo-que-la-dirigencia-no-puede\/#primaryimage","url":"https:\/\/cvinoticias.com\/wp-content\/uploads\/2023\/08\/IMG-20230813-WA0024.jpg","contentUrl":"https:\/\/cvinoticias.com\/wp-content\/uploads\/2023\/08\/IMG-20230813-WA0024.jpg","width":1200,"height":750},{"@type":"BreadcrumbList","@id":"https:\/\/cvinoticias.com\/v3\/definir-lo-que-la-dirigencia-no-puede\/#breadcrumb","itemListElement":[{"@type":"ListItem","position":1,"name":"Portada","item":"https:\/\/cvinoticias.com\/v3\/"},{"@type":"ListItem","position":2,"name":"DEFINIR LO QUE LA DIRIGENCIA NO PUEDE"}]},{"@type":"WebSite","@id":"https:\/\/cvinoticias.com\/v3\/#website","url":"https:\/\/cvinoticias.com\/v3\/","name":"CVI NOTICIAS","description":"","publisher":{"@id":"https:\/\/cvinoticias.com\/v3\/#organization"},"alternateName":"CVI","potentialAction":[{"@type":"SearchAction","target":{"@type":"EntryPoint","urlTemplate":"https:\/\/cvinoticias.com\/v3\/?s={search_term_string}"},"query-input":{"@type":"PropertyValueSpecification","valueRequired":true,"valueName":"search_term_string"}}],"inLanguage":"es"},{"@type":"Organization","@id":"https:\/\/cvinoticias.com\/v3\/#organization","name":"CVI NOTICIAS","url":"https:\/\/cvinoticias.com\/v3\/","logo":{"@type":"ImageObject","inLanguage":"es","@id":"https:\/\/cvinoticias.com\/v3\/#\/schema\/logo\/image\/","url":"https:\/\/cvinoticias.com\/wp-content\/uploads\/2023\/04\/cropped-cropped-cropped-cropped-cropped-3-1.png","contentUrl":"https:\/\/cvinoticias.com\/wp-content\/uploads\/2023\/04\/cropped-cropped-cropped-cropped-cropped-3-1.png","width":95,"height":122,"caption":"CVI NOTICIAS"},"image":{"@id":"https:\/\/cvinoticias.com\/v3\/#\/schema\/logo\/image\/"},"sameAs":["https:\/\/www.facebook.com\/cvinoticias","https:\/\/www.instagram.com\/cvinoticias\/","https:\/\/www.youtube.com\/@CVINOTICIAS"]},{"@type":"Person","@id":"https:\/\/cvinoticias.com\/v3\/#\/schema\/person\/2db77e3c6bc03c538495d7b2b8be9b66","name":"f1000024","image":{"@type":"ImageObject","inLanguage":"es","@id":"https:\/\/secure.gravatar.com\/avatar\/d4fe7459cfc51ff5129ce1a732bbef5928568b8092d412ef95611616376bbeed?s=96&d=mm&r=g","url":"https:\/\/secure.gravatar.com\/avatar\/d4fe7459cfc51ff5129ce1a732bbef5928568b8092d412ef95611616376bbeed?s=96&d=mm&r=g","contentUrl":"https:\/\/secure.gravatar.com\/avatar\/d4fe7459cfc51ff5129ce1a732bbef5928568b8092d412ef95611616376bbeed?s=96&d=mm&r=g","caption":"f1000024"},"url":"https:\/\/cvinoticias.com\/v3\/author\/f1000024\/"}]}},"_links":{"self":[{"href":"https:\/\/cvinoticias.com\/v3\/wp-json\/wp\/v2\/posts\/27058","targetHints":{"allow":["GET"]}}],"collection":[{"href":"https:\/\/cvinoticias.com\/v3\/wp-json\/wp\/v2\/posts"}],"about":[{"href":"https:\/\/cvinoticias.com\/v3\/wp-json\/wp\/v2\/types\/post"}],"author":[{"embeddable":true,"href":"https:\/\/cvinoticias.com\/v3\/wp-json\/wp\/v2\/users\/2"}],"replies":[{"embeddable":true,"href":"https:\/\/cvinoticias.com\/v3\/wp-json\/wp\/v2\/comments?post=27058"}],"version-history":[{"count":1,"href":"https:\/\/cvinoticias.com\/v3\/wp-json\/wp\/v2\/posts\/27058\/revisions"}],"predecessor-version":[{"id":27060,"href":"https:\/\/cvinoticias.com\/v3\/wp-json\/wp\/v2\/posts\/27058\/revisions\/27060"}],"wp:featuredmedia":[{"embeddable":true,"href":"https:\/\/cvinoticias.com\/v3\/wp-json\/wp\/v2\/media\/27059"}],"wp:attachment":[{"href":"https:\/\/cvinoticias.com\/v3\/wp-json\/wp\/v2\/media?parent=27058"}],"wp:term":[{"taxonomy":"category","embeddable":true,"href":"https:\/\/cvinoticias.com\/v3\/wp-json\/wp\/v2\/categories?post=27058"},{"taxonomy":"post_tag","embeddable":true,"href":"https:\/\/cvinoticias.com\/v3\/wp-json\/wp\/v2\/tags?post=27058"}],"curies":[{"name":"wp","href":"https:\/\/api.w.org\/{rel}","templated":true}]}}