{"id":27022,"date":"2023-08-11T11:34:10","date_gmt":"2023-08-11T11:34:10","guid":{"rendered":"https:\/\/cvinoticias.com\/v3\/?p=27022"},"modified":"2023-08-11T12:25:54","modified_gmt":"2023-08-11T12:25:54","slug":"muerte-de-facundo-molares-la-fiscalia-analiza-las-camaras-y-dio-intervencion-a-la-policia-federal","status":"publish","type":"post","link":"https:\/\/cvinoticias.com\/v3\/muerte-de-facundo-molares-la-fiscalia-analiza-las-camaras-y-dio-intervencion-a-la-policia-federal\/","title":{"rendered":"Muerte de Facundo Molares: la fiscal\u00eda analiza las c\u00e1maras y dio intervenci\u00f3n a la Polic\u00eda Federal"},"content":{"rendered":"\n<p><strong><em>La Polic\u00eda de la Ciudad qued\u00f3 en el ojo de la tormenta tras la muerte del hombre que se llevaron detenido. Aguardan los resultados de la morgue.<\/em><\/strong><\/p>\n\n\n\n<p>La fiscal de instrucci\u00f3n Marcela S\u00e1nchez pidi\u00f3 la totalidad de las c\u00e1maras de seguridad cercanas al Obelisco donde ayer muri\u00f3 un manifestante cuando era arrestado por la Polic\u00eda de la Ciudad y por la cual ahora se separ\u00f3 a dicha fuerza de seguridad de la investigaci\u00f3n.<\/p>\n\n\n\n<p>La fiscal\u00eda interviene con el juzgado de instrucci\u00f3n de Manuel Gorostiaga y la primera decisi\u00f3n fue la de apartar a la Polic\u00eda de la Ciudad y darle intervenci\u00f3n a la Divisi\u00f3n Judiciales de la Polic\u00eda Federal.<\/p>\n\n\n\n<p>A la par que se aguarda el listado de las c\u00e1mara de seguridad, la fiscal tambi\u00e9n espera avanzar con el resultado de la autopsia. El cuerpo de Facundo Morales, el manifestante fallecido, hab\u00eda sido trasladado a la Morgue Judicial.<\/p>\n\n\n\n<p>En tanto, los otros manifestantes que fueron liberados ayer quedaron sujetos a la justicia penal y contravencional de la Ciudad de Buenos Aires.<\/p>\n\n\n\n<p><strong>Qui\u00e9n era Facundo Molares, el hombre que muri\u00f3 en la manifestaci\u00f3n<\/strong><\/p>\n\n\n\n<p>Fue dirigente de las FARC. El a\u00f1o pasado fue excarcelado, luego de que la Justicia colombiana suspendiera la solicitud de extradici\u00f3n.<\/p>\n\n\n\n<p>Una manifestaci\u00f3n organizada por Votamos Luchar y Rebeli\u00f3n Popular termin\u00f3 con un muerto, que se descompens\u00f3 mientras era detenido por la Polic\u00eda de la Ciudad. Se trata de Facundo Molares, un periodista y ex integrante de las FARC.<\/p>\n\n\n\n<p>Molares fue excarcelado en 2022, luego de que la Jurisdicci\u00f3n Especial para la Paz de Colombia suspendiera la solicitud de extradici\u00f3n que pesaba contra su persona. Es fotoperiodista y ten\u00eda 47 a\u00f1os.<\/p>\n\n\n\n<p>Estuvo detenido por un operativo que realiz\u00f3 la Interpol y la Polic\u00eda Federal, tras una orden de captura emitida por el Gobierno de Colombia. En ese momento, el reportero gr\u00e1fico fue internado, seg\u00fan especific\u00f3 una nota La Izquierda diario, por un cuadro \u00abde fiebre e hipertensi\u00f3n\u00bb en el hospital del penal de Ezeiza.<\/p>\n","protected":false},"excerpt":{"rendered":"<p>La Polic\u00eda de la Ciudad qued\u00f3 en el ojo de la tormenta tras la muerte del hombre que se llevaron detenido. Aguardan los resultados de la morgue. La fiscal de instrucci\u00f3n Marcela S\u00e1nchez pidi\u00f3 la totalidad de las c\u00e1maras de seguridad cercanas al Obelisco donde ayer muri\u00f3 un manifestante cuando era arrestado por la Polic\u00eda [&hellip;]<\/p>\n","protected":false},"author":2,"featured_media":27023,"comment_status":"open","ping_status":"open","sticky":false,"template":"","format":"standard","meta":{"footnotes":""},"categories":[35],"tags":[],"class_list":["post-27022","post","type-post","status-publish","format-standard","has-post-thumbnail","hentry","category-informacion-general"],"yoast_head":"<!-- This site is optimized with the Yoast SEO plugin v27.5 - https:\/\/yoast.com\/product\/yoast-seo-wordpress\/ -->\n<title>Muerte de Facundo Molares: la fiscal\u00eda analiza las c\u00e1maras y dio intervenci\u00f3n a la Polic\u00eda Federal | CVI NOTICIAS<\/title>\n<meta name=\"robots\" content=\"index, follow, max-snippet:-1, max-image-preview:large, max-video-preview:-1\" \/>\n<link rel=\"canonical\" href=\"https:\/\/cvinoticias.com\/v3\/muerte-de-facundo-molares-la-fiscalia-analiza-las-camaras-y-dio-intervencion-a-la-policia-federal\/\" \/>\n<meta property=\"og:locale\" content=\"es_ES\" \/>\n<meta property=\"og:type\" content=\"article\" \/>\n<meta property=\"og:title\" content=\"Muerte de Facundo Molares: la fiscal\u00eda analiza las c\u00e1maras y dio intervenci\u00f3n a la Polic\u00eda Federal | CVI NOTICIAS\" \/>\n<meta property=\"og:description\" content=\"La Polic\u00eda de la Ciudad qued\u00f3 en el ojo de la tormenta tras la muerte del hombre que se llevaron detenido. Aguardan los resultados de la morgue. La fiscal de instrucci\u00f3n Marcela S\u00e1nchez pidi\u00f3 la totalidad de las c\u00e1maras de seguridad cercanas al Obelisco donde ayer muri\u00f3 un manifestante cuando era arrestado por la Polic\u00eda [&hellip;]\" \/>\n<meta property=\"og:url\" content=\"https:\/\/cvinoticias.com\/v3\/muerte-de-facundo-molares-la-fiscalia-analiza-las-camaras-y-dio-intervencion-a-la-policia-federal\/\" \/>\n<meta property=\"og:site_name\" content=\"CVI NOTICIAS\" \/>\n<meta property=\"article:publisher\" content=\"https:\/\/www.facebook.com\/cvinoticias\" \/>\n<meta property=\"article:published_time\" content=\"2023-08-11T11:34:10+00:00\" \/>\n<meta property=\"article:modified_time\" content=\"2023-08-11T12:25:54+00:00\" \/>\n<meta property=\"og:image\" content=\"https:\/\/cvinoticias.com\/wp-content\/uploads\/2023\/08\/07163e5db61286582b7378e908d2f2db_M.jpg\" \/>\n\t<meta property=\"og:image:width\" content=\"768\" \/>\n\t<meta property=\"og:image:height\" content=\"516\" \/>\n\t<meta property=\"og:image:type\" content=\"image\/jpeg\" \/>\n<meta name=\"author\" content=\"f1000024\" \/>\n<meta name=\"twitter:card\" content=\"summary_large_image\" \/>\n<meta name=\"twitter:label1\" content=\"Escrito por\" \/>\n\t<meta name=\"twitter:data1\" content=\"f1000024\" \/>\n\t<meta name=\"twitter:label2\" content=\"Tiempo de lectura\" \/>\n\t<meta name=\"twitter:data2\" content=\"2 minutos\" \/>\n<script type=\"application\/ld+json\" class=\"yoast-schema-graph\">{\"@context\":\"https:\\\/\\\/schema.org\",\"@graph\":[{\"@type\":\"Article\",\"@id\":\"https:\\\/\\\/cvinoticias.com\\\/v3\\\/muerte-de-facundo-molares-la-fiscalia-analiza-las-camaras-y-dio-intervencion-a-la-policia-federal\\\/#article\",\"isPartOf\":{\"@id\":\"https:\\\/\\\/cvinoticias.com\\\/v3\\\/muerte-de-facundo-molares-la-fiscalia-analiza-las-camaras-y-dio-intervencion-a-la-policia-federal\\\/\"},\"author\":{\"name\":\"f1000024\",\"@id\":\"https:\\\/\\\/cvinoticias.com\\\/v3\\\/#\\\/schema\\\/person\\\/2db77e3c6bc03c538495d7b2b8be9b66\"},\"headline\":\"Muerte de Facundo Molares: la fiscal\u00eda analiza las c\u00e1maras y dio intervenci\u00f3n a la Polic\u00eda Federal\",\"datePublished\":\"2023-08-11T11:34:10+00:00\",\"dateModified\":\"2023-08-11T12:25:54+00:00\",\"mainEntityOfPage\":{\"@id\":\"https:\\\/\\\/cvinoticias.com\\\/v3\\\/muerte-de-facundo-molares-la-fiscalia-analiza-las-camaras-y-dio-intervencion-a-la-policia-federal\\\/\"},\"wordCount\":375,\"commentCount\":0,\"publisher\":{\"@id\":\"https:\\\/\\\/cvinoticias.com\\\/v3\\\/#organization\"},\"image\":{\"@id\":\"https:\\\/\\\/cvinoticias.com\\\/v3\\\/muerte-de-facundo-molares-la-fiscalia-analiza-las-camaras-y-dio-intervencion-a-la-policia-federal\\\/#primaryimage\"},\"thumbnailUrl\":\"https:\\\/\\\/cvinoticias.com\\\/wp-content\\\/uploads\\\/2023\\\/08\\\/07163e5db61286582b7378e908d2f2db_M.jpg\",\"articleSection\":[\"Informaci\u00f3n General\"],\"inLanguage\":\"es\",\"potentialAction\":[{\"@type\":\"CommentAction\",\"name\":\"Comment\",\"target\":[\"https:\\\/\\\/cvinoticias.com\\\/v3\\\/muerte-de-facundo-molares-la-fiscalia-analiza-las-camaras-y-dio-intervencion-a-la-policia-federal\\\/#respond\"]}]},{\"@type\":\"WebPage\",\"@id\":\"https:\\\/\\\/cvinoticias.com\\\/v3\\\/muerte-de-facundo-molares-la-fiscalia-analiza-las-camaras-y-dio-intervencion-a-la-policia-federal\\\/\",\"url\":\"https:\\\/\\\/cvinoticias.com\\\/v3\\\/muerte-de-facundo-molares-la-fiscalia-analiza-las-camaras-y-dio-intervencion-a-la-policia-federal\\\/\",\"name\":\"Muerte de Facundo Molares: la fiscal\u00eda analiza las c\u00e1maras y dio intervenci\u00f3n a la Polic\u00eda Federal | CVI NOTICIAS\",\"isPartOf\":{\"@id\":\"https:\\\/\\\/cvinoticias.com\\\/v3\\\/#website\"},\"primaryImageOfPage\":{\"@id\":\"https:\\\/\\\/cvinoticias.com\\\/v3\\\/muerte-de-facundo-molares-la-fiscalia-analiza-las-camaras-y-dio-intervencion-a-la-policia-federal\\\/#primaryimage\"},\"image\":{\"@id\":\"https:\\\/\\\/cvinoticias.com\\\/v3\\\/muerte-de-facundo-molares-la-fiscalia-analiza-las-camaras-y-dio-intervencion-a-la-policia-federal\\\/#primaryimage\"},\"thumbnailUrl\":\"https:\\\/\\\/cvinoticias.com\\\/wp-content\\\/uploads\\\/2023\\\/08\\\/07163e5db61286582b7378e908d2f2db_M.jpg\",\"datePublished\":\"2023-08-11T11:34:10+00:00\",\"dateModified\":\"2023-08-11T12:25:54+00:00\",\"breadcrumb\":{\"@id\":\"https:\\\/\\\/cvinoticias.com\\\/v3\\\/muerte-de-facundo-molares-la-fiscalia-analiza-las-camaras-y-dio-intervencion-a-la-policia-federal\\\/#breadcrumb\"},\"inLanguage\":\"es\",\"potentialAction\":[{\"@type\":\"ReadAction\",\"target\":[\"https:\\\/\\\/cvinoticias.com\\\/v3\\\/muerte-de-facundo-molares-la-fiscalia-analiza-las-camaras-y-dio-intervencion-a-la-policia-federal\\\/\"]}]},{\"@type\":\"ImageObject\",\"inLanguage\":\"es\",\"@id\":\"https:\\\/\\\/cvinoticias.com\\\/v3\\\/muerte-de-facundo-molares-la-fiscalia-analiza-las-camaras-y-dio-intervencion-a-la-policia-federal\\\/#primaryimage\",\"url\":\"https:\\\/\\\/cvinoticias.com\\\/wp-content\\\/uploads\\\/2023\\\/08\\\/07163e5db61286582b7378e908d2f2db_M.jpg\",\"contentUrl\":\"https:\\\/\\\/cvinoticias.com\\\/wp-content\\\/uploads\\\/2023\\\/08\\\/07163e5db61286582b7378e908d2f2db_M.jpg\",\"width\":768,\"height\":516},{\"@type\":\"BreadcrumbList\",\"@id\":\"https:\\\/\\\/cvinoticias.com\\\/v3\\\/muerte-de-facundo-molares-la-fiscalia-analiza-las-camaras-y-dio-intervencion-a-la-policia-federal\\\/#breadcrumb\",\"itemListElement\":[{\"@type\":\"ListItem\",\"position\":1,\"name\":\"Portada\",\"item\":\"https:\\\/\\\/cvinoticias.com\\\/v3\\\/\"},{\"@type\":\"ListItem\",\"position\":2,\"name\":\"Muerte de Facundo Molares: la fiscal\u00eda analiza las c\u00e1maras y dio intervenci\u00f3n a la Polic\u00eda Federal\"}]},{\"@type\":\"WebSite\",\"@id\":\"https:\\\/\\\/cvinoticias.com\\\/v3\\\/#website\",\"url\":\"https:\\\/\\\/cvinoticias.com\\\/v3\\\/\",\"name\":\"CVI NOTICIAS\",\"description\":\"\",\"publisher\":{\"@id\":\"https:\\\/\\\/cvinoticias.com\\\/v3\\\/#organization\"},\"alternateName\":\"CVI\",\"potentialAction\":[{\"@type\":\"SearchAction\",\"target\":{\"@type\":\"EntryPoint\",\"urlTemplate\":\"https:\\\/\\\/cvinoticias.com\\\/v3\\\/?s={search_term_string}\"},\"query-input\":{\"@type\":\"PropertyValueSpecification\",\"valueRequired\":true,\"valueName\":\"search_term_string\"}}],\"inLanguage\":\"es\"},{\"@type\":\"Organization\",\"@id\":\"https:\\\/\\\/cvinoticias.com\\\/v3\\\/#organization\",\"name\":\"CVI NOTICIAS\",\"url\":\"https:\\\/\\\/cvinoticias.com\\\/v3\\\/\",\"logo\":{\"@type\":\"ImageObject\",\"inLanguage\":\"es\",\"@id\":\"https:\\\/\\\/cvinoticias.com\\\/v3\\\/#\\\/schema\\\/logo\\\/image\\\/\",\"url\":\"https:\\\/\\\/cvinoticias.com\\\/wp-content\\\/uploads\\\/2023\\\/04\\\/cropped-cropped-cropped-cropped-cropped-3-1.png\",\"contentUrl\":\"https:\\\/\\\/cvinoticias.com\\\/wp-content\\\/uploads\\\/2023\\\/04\\\/cropped-cropped-cropped-cropped-cropped-3-1.png\",\"width\":95,\"height\":122,\"caption\":\"CVI NOTICIAS\"},\"image\":{\"@id\":\"https:\\\/\\\/cvinoticias.com\\\/v3\\\/#\\\/schema\\\/logo\\\/image\\\/\"},\"sameAs\":[\"https:\\\/\\\/www.facebook.com\\\/cvinoticias\",\"https:\\\/\\\/www.instagram.com\\\/cvinoticias\\\/\",\"https:\\\/\\\/www.youtube.com\\\/@CVINOTICIAS\"]},{\"@type\":\"Person\",\"@id\":\"https:\\\/\\\/cvinoticias.com\\\/v3\\\/#\\\/schema\\\/person\\\/2db77e3c6bc03c538495d7b2b8be9b66\",\"name\":\"f1000024\",\"image\":{\"@type\":\"ImageObject\",\"inLanguage\":\"es\",\"@id\":\"https:\\\/\\\/secure.gravatar.com\\\/avatar\\\/d4fe7459cfc51ff5129ce1a732bbef5928568b8092d412ef95611616376bbeed?s=96&d=mm&r=g\",\"url\":\"https:\\\/\\\/secure.gravatar.com\\\/avatar\\\/d4fe7459cfc51ff5129ce1a732bbef5928568b8092d412ef95611616376bbeed?s=96&d=mm&r=g\",\"contentUrl\":\"https:\\\/\\\/secure.gravatar.com\\\/avatar\\\/d4fe7459cfc51ff5129ce1a732bbef5928568b8092d412ef95611616376bbeed?s=96&d=mm&r=g\",\"caption\":\"f1000024\"},\"url\":\"https:\\\/\\\/cvinoticias.com\\\/v3\\\/author\\\/f1000024\\\/\"}]}<\/script>\n<!-- \/ Yoast SEO plugin. -->","yoast_head_json":{"title":"Muerte de Facundo Molares: la fiscal\u00eda analiza las c\u00e1maras y dio intervenci\u00f3n a la Polic\u00eda Federal | CVI NOTICIAS","robots":{"index":"index","follow":"follow","max-snippet":"max-snippet:-1","max-image-preview":"max-image-preview:large","max-video-preview":"max-video-preview:-1"},"canonical":"https:\/\/cvinoticias.com\/v3\/muerte-de-facundo-molares-la-fiscalia-analiza-las-camaras-y-dio-intervencion-a-la-policia-federal\/","og_locale":"es_ES","og_type":"article","og_title":"Muerte de Facundo Molares: la fiscal\u00eda analiza las c\u00e1maras y dio intervenci\u00f3n a la Polic\u00eda Federal | CVI NOTICIAS","og_description":"La Polic\u00eda de la Ciudad qued\u00f3 en el ojo de la tormenta tras la muerte del hombre que se llevaron detenido. Aguardan los resultados de la morgue. La fiscal de instrucci\u00f3n Marcela S\u00e1nchez pidi\u00f3 la totalidad de las c\u00e1maras de seguridad cercanas al Obelisco donde ayer muri\u00f3 un manifestante cuando era arrestado por la Polic\u00eda [&hellip;]","og_url":"https:\/\/cvinoticias.com\/v3\/muerte-de-facundo-molares-la-fiscalia-analiza-las-camaras-y-dio-intervencion-a-la-policia-federal\/","og_site_name":"CVI NOTICIAS","article_publisher":"https:\/\/www.facebook.com\/cvinoticias","article_published_time":"2023-08-11T11:34:10+00:00","article_modified_time":"2023-08-11T12:25:54+00:00","og_image":[{"width":768,"height":516,"url":"https:\/\/cvinoticias.com\/wp-content\/uploads\/2023\/08\/07163e5db61286582b7378e908d2f2db_M.jpg","type":"image\/jpeg"}],"author":"f1000024","twitter_card":"summary_large_image","twitter_misc":{"Escrito por":"f1000024","Tiempo de lectura":"2 minutos"},"schema":{"@context":"https:\/\/schema.org","@graph":[{"@type":"Article","@id":"https:\/\/cvinoticias.com\/v3\/muerte-de-facundo-molares-la-fiscalia-analiza-las-camaras-y-dio-intervencion-a-la-policia-federal\/#article","isPartOf":{"@id":"https:\/\/cvinoticias.com\/v3\/muerte-de-facundo-molares-la-fiscalia-analiza-las-camaras-y-dio-intervencion-a-la-policia-federal\/"},"author":{"name":"f1000024","@id":"https:\/\/cvinoticias.com\/v3\/#\/schema\/person\/2db77e3c6bc03c538495d7b2b8be9b66"},"headline":"Muerte de Facundo Molares: la fiscal\u00eda analiza las c\u00e1maras y dio intervenci\u00f3n a la Polic\u00eda Federal","datePublished":"2023-08-11T11:34:10+00:00","dateModified":"2023-08-11T12:25:54+00:00","mainEntityOfPage":{"@id":"https:\/\/cvinoticias.com\/v3\/muerte-de-facundo-molares-la-fiscalia-analiza-las-camaras-y-dio-intervencion-a-la-policia-federal\/"},"wordCount":375,"commentCount":0,"publisher":{"@id":"https:\/\/cvinoticias.com\/v3\/#organization"},"image":{"@id":"https:\/\/cvinoticias.com\/v3\/muerte-de-facundo-molares-la-fiscalia-analiza-las-camaras-y-dio-intervencion-a-la-policia-federal\/#primaryimage"},"thumbnailUrl":"https:\/\/cvinoticias.com\/wp-content\/uploads\/2023\/08\/07163e5db61286582b7378e908d2f2db_M.jpg","articleSection":["Informaci\u00f3n General"],"inLanguage":"es","potentialAction":[{"@type":"CommentAction","name":"Comment","target":["https:\/\/cvinoticias.com\/v3\/muerte-de-facundo-molares-la-fiscalia-analiza-las-camaras-y-dio-intervencion-a-la-policia-federal\/#respond"]}]},{"@type":"WebPage","@id":"https:\/\/cvinoticias.com\/v3\/muerte-de-facundo-molares-la-fiscalia-analiza-las-camaras-y-dio-intervencion-a-la-policia-federal\/","url":"https:\/\/cvinoticias.com\/v3\/muerte-de-facundo-molares-la-fiscalia-analiza-las-camaras-y-dio-intervencion-a-la-policia-federal\/","name":"Muerte de Facundo Molares: la fiscal\u00eda analiza las c\u00e1maras y dio intervenci\u00f3n a la Polic\u00eda Federal | CVI NOTICIAS","isPartOf":{"@id":"https:\/\/cvinoticias.com\/v3\/#website"},"primaryImageOfPage":{"@id":"https:\/\/cvinoticias.com\/v3\/muerte-de-facundo-molares-la-fiscalia-analiza-las-camaras-y-dio-intervencion-a-la-policia-federal\/#primaryimage"},"image":{"@id":"https:\/\/cvinoticias.com\/v3\/muerte-de-facundo-molares-la-fiscalia-analiza-las-camaras-y-dio-intervencion-a-la-policia-federal\/#primaryimage"},"thumbnailUrl":"https:\/\/cvinoticias.com\/wp-content\/uploads\/2023\/08\/07163e5db61286582b7378e908d2f2db_M.jpg","datePublished":"2023-08-11T11:34:10+00:00","dateModified":"2023-08-11T12:25:54+00:00","breadcrumb":{"@id":"https:\/\/cvinoticias.com\/v3\/muerte-de-facundo-molares-la-fiscalia-analiza-las-camaras-y-dio-intervencion-a-la-policia-federal\/#breadcrumb"},"inLanguage":"es","potentialAction":[{"@type":"ReadAction","target":["https:\/\/cvinoticias.com\/v3\/muerte-de-facundo-molares-la-fiscalia-analiza-las-camaras-y-dio-intervencion-a-la-policia-federal\/"]}]},{"@type":"ImageObject","inLanguage":"es","@id":"https:\/\/cvinoticias.com\/v3\/muerte-de-facundo-molares-la-fiscalia-analiza-las-camaras-y-dio-intervencion-a-la-policia-federal\/#primaryimage","url":"https:\/\/cvinoticias.com\/wp-content\/uploads\/2023\/08\/07163e5db61286582b7378e908d2f2db_M.jpg","contentUrl":"https:\/\/cvinoticias.com\/wp-content\/uploads\/2023\/08\/07163e5db61286582b7378e908d2f2db_M.jpg","width":768,"height":516},{"@type":"BreadcrumbList","@id":"https:\/\/cvinoticias.com\/v3\/muerte-de-facundo-molares-la-fiscalia-analiza-las-camaras-y-dio-intervencion-a-la-policia-federal\/#breadcrumb","itemListElement":[{"@type":"ListItem","position":1,"name":"Portada","item":"https:\/\/cvinoticias.com\/v3\/"},{"@type":"ListItem","position":2,"name":"Muerte de Facundo Molares: la fiscal\u00eda analiza las c\u00e1maras y dio intervenci\u00f3n a la Polic\u00eda Federal"}]},{"@type":"WebSite","@id":"https:\/\/cvinoticias.com\/v3\/#website","url":"https:\/\/cvinoticias.com\/v3\/","name":"CVI NOTICIAS","description":"","publisher":{"@id":"https:\/\/cvinoticias.com\/v3\/#organization"},"alternateName":"CVI","potentialAction":[{"@type":"SearchAction","target":{"@type":"EntryPoint","urlTemplate":"https:\/\/cvinoticias.com\/v3\/?s={search_term_string}"},"query-input":{"@type":"PropertyValueSpecification","valueRequired":true,"valueName":"search_term_string"}}],"inLanguage":"es"},{"@type":"Organization","@id":"https:\/\/cvinoticias.com\/v3\/#organization","name":"CVI NOTICIAS","url":"https:\/\/cvinoticias.com\/v3\/","logo":{"@type":"ImageObject","inLanguage":"es","@id":"https:\/\/cvinoticias.com\/v3\/#\/schema\/logo\/image\/","url":"https:\/\/cvinoticias.com\/wp-content\/uploads\/2023\/04\/cropped-cropped-cropped-cropped-cropped-3-1.png","contentUrl":"https:\/\/cvinoticias.com\/wp-content\/uploads\/2023\/04\/cropped-cropped-cropped-cropped-cropped-3-1.png","width":95,"height":122,"caption":"CVI NOTICIAS"},"image":{"@id":"https:\/\/cvinoticias.com\/v3\/#\/schema\/logo\/image\/"},"sameAs":["https:\/\/www.facebook.com\/cvinoticias","https:\/\/www.instagram.com\/cvinoticias\/","https:\/\/www.youtube.com\/@CVINOTICIAS"]},{"@type":"Person","@id":"https:\/\/cvinoticias.com\/v3\/#\/schema\/person\/2db77e3c6bc03c538495d7b2b8be9b66","name":"f1000024","image":{"@type":"ImageObject","inLanguage":"es","@id":"https:\/\/secure.gravatar.com\/avatar\/d4fe7459cfc51ff5129ce1a732bbef5928568b8092d412ef95611616376bbeed?s=96&d=mm&r=g","url":"https:\/\/secure.gravatar.com\/avatar\/d4fe7459cfc51ff5129ce1a732bbef5928568b8092d412ef95611616376bbeed?s=96&d=mm&r=g","contentUrl":"https:\/\/secure.gravatar.com\/avatar\/d4fe7459cfc51ff5129ce1a732bbef5928568b8092d412ef95611616376bbeed?s=96&d=mm&r=g","caption":"f1000024"},"url":"https:\/\/cvinoticias.com\/v3\/author\/f1000024\/"}]}},"_links":{"self":[{"href":"https:\/\/cvinoticias.com\/v3\/wp-json\/wp\/v2\/posts\/27022","targetHints":{"allow":["GET"]}}],"collection":[{"href":"https:\/\/cvinoticias.com\/v3\/wp-json\/wp\/v2\/posts"}],"about":[{"href":"https:\/\/cvinoticias.com\/v3\/wp-json\/wp\/v2\/types\/post"}],"author":[{"embeddable":true,"href":"https:\/\/cvinoticias.com\/v3\/wp-json\/wp\/v2\/users\/2"}],"replies":[{"embeddable":true,"href":"https:\/\/cvinoticias.com\/v3\/wp-json\/wp\/v2\/comments?post=27022"}],"version-history":[{"count":2,"href":"https:\/\/cvinoticias.com\/v3\/wp-json\/wp\/v2\/posts\/27022\/revisions"}],"predecessor-version":[{"id":27026,"href":"https:\/\/cvinoticias.com\/v3\/wp-json\/wp\/v2\/posts\/27022\/revisions\/27026"}],"wp:featuredmedia":[{"embeddable":true,"href":"https:\/\/cvinoticias.com\/v3\/wp-json\/wp\/v2\/media\/27023"}],"wp:attachment":[{"href":"https:\/\/cvinoticias.com\/v3\/wp-json\/wp\/v2\/media?parent=27022"}],"wp:term":[{"taxonomy":"category","embeddable":true,"href":"https:\/\/cvinoticias.com\/v3\/wp-json\/wp\/v2\/categories?post=27022"},{"taxonomy":"post_tag","embeddable":true,"href":"https:\/\/cvinoticias.com\/v3\/wp-json\/wp\/v2\/tags?post=27022"}],"curies":[{"name":"wp","href":"https:\/\/api.w.org\/{rel}","templated":true}]}}