{"id":27015,"date":"2023-08-11T10:54:21","date_gmt":"2023-08-11T10:54:21","guid":{"rendered":"https:\/\/cvinoticias.com\/v3\/?p=27015"},"modified":"2023-08-11T10:54:21","modified_gmt":"2023-08-11T10:54:21","slug":"massa-la-politica-de-seguridad-no-puede-estar-sujeta-al-debate-politico-electoral","status":"publish","type":"post","link":"https:\/\/cvinoticias.com\/v3\/massa-la-politica-de-seguridad-no-puede-estar-sujeta-al-debate-politico-electoral\/","title":{"rendered":"Massa: \u00abLa pol\u00edtica de seguridad no puede estar sujeta al debate pol\u00edtico-electoral\u00bb"},"content":{"rendered":"\n<p><strong><em>El ministro de Econom\u00eda y precandidato presidencial de Uni\u00f3n por la Patria emiti\u00f3 un mensaje grabado en el que envi\u00f3 sus condolencias a la familia de la nena de 11 a\u00f1os que fue asesinada en Lan\u00fas y enumer\u00f3 los tristes acontecimientos de la jornada.<\/em><\/strong><\/p>\n\n\n\n<p>El ministro de Econom\u00eda y precandidato presidencial de Uni\u00f3n por la Patria, Sergio Massa, plante\u00f3 este jueves por la noche que \u00abla pol\u00edtica de seguridad no puede estar sujeta al debate pol\u00edtico-electoral\u00bb sino que \u00abdebe ser una pol\u00edtica de Estado\u00bb.<\/p>\n\n\n\n<p>\u00abEstamos en un momento en el que tenemos que poner blanco sobre negro. La pol\u00edtica de seguridad no puede estar sujeta al debate pol\u00edtico-electoral, debe ser una pol\u00edtica de Estado\u00bb, enfatiz\u00f3 Massa.<\/p>\n\n\n\n<p>Durante un mensaje grabado que se emiti\u00f3 a trav\u00e9s de su canal de YouTube cerca de las 22, m\u00e1s de dos horas despu\u00e9s del horario que hab\u00eda indicado el equipo de comunicaci\u00f3n, el funcionario nacional inici\u00f3 su alocuci\u00f3n haciendo referencia al asesinato de la nena de 11 a\u00f1os en el partido bonaerense de Lan\u00fas.<\/p>\n\n\n\n<p>En el video, que se extendi\u00f3 por poco menos de 5 minutos, Massa expres\u00f3: \u00abEmpezamos el d\u00eda con una familia enterrando a Morena, una nena de 11 a\u00f1os v\u00edctima de la inseguridad. Quiero transmitirle a su familia, a la comunidad de Lan\u00fas y a su comunidad escolar, mis condolencias y ponerme a disposici\u00f3n de ellos para lo que est\u00e9 a mi alcance\u00bb.<\/p>\n\n\n\n<p>\u00abA lo largo del d\u00eda fueron sucediendo distintos hechos: corte de v\u00edas, un incidente en el Obelisco con un muerto y un fallecimiento en Mor\u00f3n tambi\u00e9n en un hecho de inseguridad\u00bb, puntualiz\u00f3.<\/p>\n\n\n\n<p>A tan solo unas horas del comienzo de la veda electoral, de cara a la realizaci\u00f3n de las PASO del pr\u00f3ximo domingo, Massa envi\u00f3 un mensaje al electorado: \u00abTenemos que pagar esa deuda de mejores salarios que este gobierno a\u00fan tiene, y ese compromiso lo vamos a recorrer. Por eso te pido que el domingo vayas a votar en defensa propia y en defensa de la Patria y que de ac\u00e1 al domingo transitemos en paz, por 40 a\u00f1os de democracia que hemos vivido\u00bb.<\/p>\n\n\n\n<p>\u00abQuiero invitarte a que el domingo vayas a votar para defender a nuestros jubilados, su derecho a la jubilaci\u00f3n m\u00f3vil, su derecho a la canasta de medicamentos que le quieren recortar. Para defender a nuestros j\u00f3venes con becas universitarias frente a aquellos que quieren recortar las becas y dejar de crear universidad en la Argentina\u00bb, indic\u00f3.<\/p>\n\n\n\n<p>Y asever\u00f3: \u00abQuiero invitarte a que vayas a votar en defensa de las pymes, porque son en definitiva las que tienen el derecho de seguir generando valor en la Argentina. Quiero invitarte a que vayas a votar en defensa del trabajo. No es con menos derechos, no es cortando el derecho a las vacaciones pagas o al aguinaldo que la Argentina va a crecer\u00bb.<\/p>\n\n\n\n<p>En otro pasaje de su mensaje, el referente del Frente Renovador hizo referencia a un hecho delictivo que sucedi\u00f3 en el municipio de Tigre durante su gesti\u00f3n al frente del Ejecutivo municipal: \u00abQuiero contarles una vivencia. En el a\u00f1o 2009, a cuatro cuadras de mi casa mataron a un chico de 16 a\u00f1os, Santiago Urbani, mi primera reacci\u00f3n fue salir corriendo a la casa de su madre, encontrarme con la situaci\u00f3n indescriptible que me encontr\u00e9, y de alguna manera quedar marcado para siempre\u00bb.<\/p>\n","protected":false},"excerpt":{"rendered":"<p>El ministro de Econom\u00eda y precandidato presidencial de Uni\u00f3n por la Patria emiti\u00f3 un mensaje grabado en el que envi\u00f3 sus condolencias a la familia de la nena de 11 a\u00f1os que fue asesinada en Lan\u00fas y enumer\u00f3 los tristes acontecimientos de la jornada. El ministro de Econom\u00eda y precandidato presidencial de Uni\u00f3n por la [&hellip;]<\/p>\n","protected":false},"author":2,"featured_media":27016,"comment_status":"open","ping_status":"open","sticky":false,"template":"","format":"standard","meta":{"footnotes":""},"categories":[39],"tags":[],"class_list":["post-27015","post","type-post","status-publish","format-standard","has-post-thumbnail","hentry","category-nacionales"],"yoast_head":"<!-- This site is optimized with the Yoast SEO plugin v27.5 - https:\/\/yoast.com\/product\/yoast-seo-wordpress\/ -->\n<title>Massa: &quot;La pol\u00edtica de seguridad no puede estar sujeta al debate pol\u00edtico-electoral&quot; | CVI NOTICIAS<\/title>\n<meta name=\"robots\" content=\"index, follow, max-snippet:-1, max-image-preview:large, max-video-preview:-1\" \/>\n<link rel=\"canonical\" href=\"https:\/\/cvinoticias.com\/v3\/massa-la-politica-de-seguridad-no-puede-estar-sujeta-al-debate-politico-electoral\/\" \/>\n<meta property=\"og:locale\" content=\"es_ES\" \/>\n<meta property=\"og:type\" content=\"article\" \/>\n<meta property=\"og:title\" content=\"Massa: &quot;La pol\u00edtica de seguridad no puede estar sujeta al debate pol\u00edtico-electoral&quot; | CVI NOTICIAS\" \/>\n<meta property=\"og:description\" content=\"El ministro de Econom\u00eda y precandidato presidencial de Uni\u00f3n por la Patria emiti\u00f3 un mensaje grabado en el que envi\u00f3 sus condolencias a la familia de la nena de 11 a\u00f1os que fue asesinada en Lan\u00fas y enumer\u00f3 los tristes acontecimientos de la jornada. El ministro de Econom\u00eda y precandidato presidencial de Uni\u00f3n por la [&hellip;]\" \/>\n<meta property=\"og:url\" content=\"https:\/\/cvinoticias.com\/v3\/massa-la-politica-de-seguridad-no-puede-estar-sujeta-al-debate-politico-electoral\/\" \/>\n<meta property=\"og:site_name\" content=\"CVI NOTICIAS\" \/>\n<meta property=\"article:publisher\" content=\"https:\/\/www.facebook.com\/cvinoticias\" \/>\n<meta property=\"article:published_time\" content=\"2023-08-11T10:54:21+00:00\" \/>\n<meta property=\"og:image\" content=\"https:\/\/cvinoticias.com\/wp-content\/uploads\/2023\/08\/d3c470b83c4fe7c8c72e949b36b79b00_M.jpg\" \/>\n\t<meta property=\"og:image:width\" content=\"768\" \/>\n\t<meta property=\"og:image:height\" content=\"432\" \/>\n\t<meta property=\"og:image:type\" content=\"image\/jpeg\" \/>\n<meta name=\"author\" content=\"f1000024\" \/>\n<meta name=\"twitter:card\" content=\"summary_large_image\" \/>\n<meta name=\"twitter:label1\" content=\"Escrito por\" \/>\n\t<meta name=\"twitter:data1\" content=\"f1000024\" \/>\n\t<meta name=\"twitter:label2\" content=\"Tiempo de lectura\" \/>\n\t<meta name=\"twitter:data2\" content=\"3 minutos\" \/>\n<script type=\"application\/ld+json\" class=\"yoast-schema-graph\">{\"@context\":\"https:\\\/\\\/schema.org\",\"@graph\":[{\"@type\":\"Article\",\"@id\":\"https:\\\/\\\/cvinoticias.com\\\/v3\\\/massa-la-politica-de-seguridad-no-puede-estar-sujeta-al-debate-politico-electoral\\\/#article\",\"isPartOf\":{\"@id\":\"https:\\\/\\\/cvinoticias.com\\\/v3\\\/massa-la-politica-de-seguridad-no-puede-estar-sujeta-al-debate-politico-electoral\\\/\"},\"author\":{\"name\":\"f1000024\",\"@id\":\"https:\\\/\\\/cvinoticias.com\\\/v3\\\/#\\\/schema\\\/person\\\/2db77e3c6bc03c538495d7b2b8be9b66\"},\"headline\":\"Massa: \u00abLa pol\u00edtica de seguridad no puede estar sujeta al debate pol\u00edtico-electoral\u00bb\",\"datePublished\":\"2023-08-11T10:54:21+00:00\",\"mainEntityOfPage\":{\"@id\":\"https:\\\/\\\/cvinoticias.com\\\/v3\\\/massa-la-politica-de-seguridad-no-puede-estar-sujeta-al-debate-politico-electoral\\\/\"},\"wordCount\":598,\"commentCount\":0,\"publisher\":{\"@id\":\"https:\\\/\\\/cvinoticias.com\\\/v3\\\/#organization\"},\"image\":{\"@id\":\"https:\\\/\\\/cvinoticias.com\\\/v3\\\/massa-la-politica-de-seguridad-no-puede-estar-sujeta-al-debate-politico-electoral\\\/#primaryimage\"},\"thumbnailUrl\":\"https:\\\/\\\/cvinoticias.com\\\/wp-content\\\/uploads\\\/2023\\\/08\\\/d3c470b83c4fe7c8c72e949b36b79b00_M.jpg\",\"articleSection\":[\"Nacionales\"],\"inLanguage\":\"es\",\"potentialAction\":[{\"@type\":\"CommentAction\",\"name\":\"Comment\",\"target\":[\"https:\\\/\\\/cvinoticias.com\\\/v3\\\/massa-la-politica-de-seguridad-no-puede-estar-sujeta-al-debate-politico-electoral\\\/#respond\"]}]},{\"@type\":\"WebPage\",\"@id\":\"https:\\\/\\\/cvinoticias.com\\\/v3\\\/massa-la-politica-de-seguridad-no-puede-estar-sujeta-al-debate-politico-electoral\\\/\",\"url\":\"https:\\\/\\\/cvinoticias.com\\\/v3\\\/massa-la-politica-de-seguridad-no-puede-estar-sujeta-al-debate-politico-electoral\\\/\",\"name\":\"Massa: \\\"La pol\u00edtica de seguridad no puede estar sujeta al debate pol\u00edtico-electoral\\\" | CVI NOTICIAS\",\"isPartOf\":{\"@id\":\"https:\\\/\\\/cvinoticias.com\\\/v3\\\/#website\"},\"primaryImageOfPage\":{\"@id\":\"https:\\\/\\\/cvinoticias.com\\\/v3\\\/massa-la-politica-de-seguridad-no-puede-estar-sujeta-al-debate-politico-electoral\\\/#primaryimage\"},\"image\":{\"@id\":\"https:\\\/\\\/cvinoticias.com\\\/v3\\\/massa-la-politica-de-seguridad-no-puede-estar-sujeta-al-debate-politico-electoral\\\/#primaryimage\"},\"thumbnailUrl\":\"https:\\\/\\\/cvinoticias.com\\\/wp-content\\\/uploads\\\/2023\\\/08\\\/d3c470b83c4fe7c8c72e949b36b79b00_M.jpg\",\"datePublished\":\"2023-08-11T10:54:21+00:00\",\"breadcrumb\":{\"@id\":\"https:\\\/\\\/cvinoticias.com\\\/v3\\\/massa-la-politica-de-seguridad-no-puede-estar-sujeta-al-debate-politico-electoral\\\/#breadcrumb\"},\"inLanguage\":\"es\",\"potentialAction\":[{\"@type\":\"ReadAction\",\"target\":[\"https:\\\/\\\/cvinoticias.com\\\/v3\\\/massa-la-politica-de-seguridad-no-puede-estar-sujeta-al-debate-politico-electoral\\\/\"]}]},{\"@type\":\"ImageObject\",\"inLanguage\":\"es\",\"@id\":\"https:\\\/\\\/cvinoticias.com\\\/v3\\\/massa-la-politica-de-seguridad-no-puede-estar-sujeta-al-debate-politico-electoral\\\/#primaryimage\",\"url\":\"https:\\\/\\\/cvinoticias.com\\\/wp-content\\\/uploads\\\/2023\\\/08\\\/d3c470b83c4fe7c8c72e949b36b79b00_M.jpg\",\"contentUrl\":\"https:\\\/\\\/cvinoticias.com\\\/wp-content\\\/uploads\\\/2023\\\/08\\\/d3c470b83c4fe7c8c72e949b36b79b00_M.jpg\",\"width\":768,\"height\":432},{\"@type\":\"BreadcrumbList\",\"@id\":\"https:\\\/\\\/cvinoticias.com\\\/v3\\\/massa-la-politica-de-seguridad-no-puede-estar-sujeta-al-debate-politico-electoral\\\/#breadcrumb\",\"itemListElement\":[{\"@type\":\"ListItem\",\"position\":1,\"name\":\"Portada\",\"item\":\"https:\\\/\\\/cvinoticias.com\\\/v3\\\/\"},{\"@type\":\"ListItem\",\"position\":2,\"name\":\"Massa: \u00abLa pol\u00edtica de seguridad no puede estar sujeta al debate pol\u00edtico-electoral\u00bb\"}]},{\"@type\":\"WebSite\",\"@id\":\"https:\\\/\\\/cvinoticias.com\\\/v3\\\/#website\",\"url\":\"https:\\\/\\\/cvinoticias.com\\\/v3\\\/\",\"name\":\"CVI NOTICIAS\",\"description\":\"\",\"publisher\":{\"@id\":\"https:\\\/\\\/cvinoticias.com\\\/v3\\\/#organization\"},\"alternateName\":\"CVI\",\"potentialAction\":[{\"@type\":\"SearchAction\",\"target\":{\"@type\":\"EntryPoint\",\"urlTemplate\":\"https:\\\/\\\/cvinoticias.com\\\/v3\\\/?s={search_term_string}\"},\"query-input\":{\"@type\":\"PropertyValueSpecification\",\"valueRequired\":true,\"valueName\":\"search_term_string\"}}],\"inLanguage\":\"es\"},{\"@type\":\"Organization\",\"@id\":\"https:\\\/\\\/cvinoticias.com\\\/v3\\\/#organization\",\"name\":\"CVI NOTICIAS\",\"url\":\"https:\\\/\\\/cvinoticias.com\\\/v3\\\/\",\"logo\":{\"@type\":\"ImageObject\",\"inLanguage\":\"es\",\"@id\":\"https:\\\/\\\/cvinoticias.com\\\/v3\\\/#\\\/schema\\\/logo\\\/image\\\/\",\"url\":\"https:\\\/\\\/cvinoticias.com\\\/wp-content\\\/uploads\\\/2023\\\/04\\\/cropped-cropped-cropped-cropped-cropped-3-1.png\",\"contentUrl\":\"https:\\\/\\\/cvinoticias.com\\\/wp-content\\\/uploads\\\/2023\\\/04\\\/cropped-cropped-cropped-cropped-cropped-3-1.png\",\"width\":95,\"height\":122,\"caption\":\"CVI NOTICIAS\"},\"image\":{\"@id\":\"https:\\\/\\\/cvinoticias.com\\\/v3\\\/#\\\/schema\\\/logo\\\/image\\\/\"},\"sameAs\":[\"https:\\\/\\\/www.facebook.com\\\/cvinoticias\",\"https:\\\/\\\/www.instagram.com\\\/cvinoticias\\\/\",\"https:\\\/\\\/www.youtube.com\\\/@CVINOTICIAS\"]},{\"@type\":\"Person\",\"@id\":\"https:\\\/\\\/cvinoticias.com\\\/v3\\\/#\\\/schema\\\/person\\\/2db77e3c6bc03c538495d7b2b8be9b66\",\"name\":\"f1000024\",\"image\":{\"@type\":\"ImageObject\",\"inLanguage\":\"es\",\"@id\":\"https:\\\/\\\/secure.gravatar.com\\\/avatar\\\/d4fe7459cfc51ff5129ce1a732bbef5928568b8092d412ef95611616376bbeed?s=96&d=mm&r=g\",\"url\":\"https:\\\/\\\/secure.gravatar.com\\\/avatar\\\/d4fe7459cfc51ff5129ce1a732bbef5928568b8092d412ef95611616376bbeed?s=96&d=mm&r=g\",\"contentUrl\":\"https:\\\/\\\/secure.gravatar.com\\\/avatar\\\/d4fe7459cfc51ff5129ce1a732bbef5928568b8092d412ef95611616376bbeed?s=96&d=mm&r=g\",\"caption\":\"f1000024\"},\"url\":\"https:\\\/\\\/cvinoticias.com\\\/v3\\\/author\\\/f1000024\\\/\"}]}<\/script>\n<!-- \/ Yoast SEO plugin. -->","yoast_head_json":{"title":"Massa: \"La pol\u00edtica de seguridad no puede estar sujeta al debate pol\u00edtico-electoral\" | CVI NOTICIAS","robots":{"index":"index","follow":"follow","max-snippet":"max-snippet:-1","max-image-preview":"max-image-preview:large","max-video-preview":"max-video-preview:-1"},"canonical":"https:\/\/cvinoticias.com\/v3\/massa-la-politica-de-seguridad-no-puede-estar-sujeta-al-debate-politico-electoral\/","og_locale":"es_ES","og_type":"article","og_title":"Massa: \"La pol\u00edtica de seguridad no puede estar sujeta al debate pol\u00edtico-electoral\" | CVI NOTICIAS","og_description":"El ministro de Econom\u00eda y precandidato presidencial de Uni\u00f3n por la Patria emiti\u00f3 un mensaje grabado en el que envi\u00f3 sus condolencias a la familia de la nena de 11 a\u00f1os que fue asesinada en Lan\u00fas y enumer\u00f3 los tristes acontecimientos de la jornada. El ministro de Econom\u00eda y precandidato presidencial de Uni\u00f3n por la [&hellip;]","og_url":"https:\/\/cvinoticias.com\/v3\/massa-la-politica-de-seguridad-no-puede-estar-sujeta-al-debate-politico-electoral\/","og_site_name":"CVI NOTICIAS","article_publisher":"https:\/\/www.facebook.com\/cvinoticias","article_published_time":"2023-08-11T10:54:21+00:00","og_image":[{"width":768,"height":432,"url":"https:\/\/cvinoticias.com\/wp-content\/uploads\/2023\/08\/d3c470b83c4fe7c8c72e949b36b79b00_M.jpg","type":"image\/jpeg"}],"author":"f1000024","twitter_card":"summary_large_image","twitter_misc":{"Escrito por":"f1000024","Tiempo de lectura":"3 minutos"},"schema":{"@context":"https:\/\/schema.org","@graph":[{"@type":"Article","@id":"https:\/\/cvinoticias.com\/v3\/massa-la-politica-de-seguridad-no-puede-estar-sujeta-al-debate-politico-electoral\/#article","isPartOf":{"@id":"https:\/\/cvinoticias.com\/v3\/massa-la-politica-de-seguridad-no-puede-estar-sujeta-al-debate-politico-electoral\/"},"author":{"name":"f1000024","@id":"https:\/\/cvinoticias.com\/v3\/#\/schema\/person\/2db77e3c6bc03c538495d7b2b8be9b66"},"headline":"Massa: \u00abLa pol\u00edtica de seguridad no puede estar sujeta al debate pol\u00edtico-electoral\u00bb","datePublished":"2023-08-11T10:54:21+00:00","mainEntityOfPage":{"@id":"https:\/\/cvinoticias.com\/v3\/massa-la-politica-de-seguridad-no-puede-estar-sujeta-al-debate-politico-electoral\/"},"wordCount":598,"commentCount":0,"publisher":{"@id":"https:\/\/cvinoticias.com\/v3\/#organization"},"image":{"@id":"https:\/\/cvinoticias.com\/v3\/massa-la-politica-de-seguridad-no-puede-estar-sujeta-al-debate-politico-electoral\/#primaryimage"},"thumbnailUrl":"https:\/\/cvinoticias.com\/wp-content\/uploads\/2023\/08\/d3c470b83c4fe7c8c72e949b36b79b00_M.jpg","articleSection":["Nacionales"],"inLanguage":"es","potentialAction":[{"@type":"CommentAction","name":"Comment","target":["https:\/\/cvinoticias.com\/v3\/massa-la-politica-de-seguridad-no-puede-estar-sujeta-al-debate-politico-electoral\/#respond"]}]},{"@type":"WebPage","@id":"https:\/\/cvinoticias.com\/v3\/massa-la-politica-de-seguridad-no-puede-estar-sujeta-al-debate-politico-electoral\/","url":"https:\/\/cvinoticias.com\/v3\/massa-la-politica-de-seguridad-no-puede-estar-sujeta-al-debate-politico-electoral\/","name":"Massa: \"La pol\u00edtica de seguridad no puede estar sujeta al debate pol\u00edtico-electoral\" | CVI NOTICIAS","isPartOf":{"@id":"https:\/\/cvinoticias.com\/v3\/#website"},"primaryImageOfPage":{"@id":"https:\/\/cvinoticias.com\/v3\/massa-la-politica-de-seguridad-no-puede-estar-sujeta-al-debate-politico-electoral\/#primaryimage"},"image":{"@id":"https:\/\/cvinoticias.com\/v3\/massa-la-politica-de-seguridad-no-puede-estar-sujeta-al-debate-politico-electoral\/#primaryimage"},"thumbnailUrl":"https:\/\/cvinoticias.com\/wp-content\/uploads\/2023\/08\/d3c470b83c4fe7c8c72e949b36b79b00_M.jpg","datePublished":"2023-08-11T10:54:21+00:00","breadcrumb":{"@id":"https:\/\/cvinoticias.com\/v3\/massa-la-politica-de-seguridad-no-puede-estar-sujeta-al-debate-politico-electoral\/#breadcrumb"},"inLanguage":"es","potentialAction":[{"@type":"ReadAction","target":["https:\/\/cvinoticias.com\/v3\/massa-la-politica-de-seguridad-no-puede-estar-sujeta-al-debate-politico-electoral\/"]}]},{"@type":"ImageObject","inLanguage":"es","@id":"https:\/\/cvinoticias.com\/v3\/massa-la-politica-de-seguridad-no-puede-estar-sujeta-al-debate-politico-electoral\/#primaryimage","url":"https:\/\/cvinoticias.com\/wp-content\/uploads\/2023\/08\/d3c470b83c4fe7c8c72e949b36b79b00_M.jpg","contentUrl":"https:\/\/cvinoticias.com\/wp-content\/uploads\/2023\/08\/d3c470b83c4fe7c8c72e949b36b79b00_M.jpg","width":768,"height":432},{"@type":"BreadcrumbList","@id":"https:\/\/cvinoticias.com\/v3\/massa-la-politica-de-seguridad-no-puede-estar-sujeta-al-debate-politico-electoral\/#breadcrumb","itemListElement":[{"@type":"ListItem","position":1,"name":"Portada","item":"https:\/\/cvinoticias.com\/v3\/"},{"@type":"ListItem","position":2,"name":"Massa: \u00abLa pol\u00edtica de seguridad no puede estar sujeta al debate pol\u00edtico-electoral\u00bb"}]},{"@type":"WebSite","@id":"https:\/\/cvinoticias.com\/v3\/#website","url":"https:\/\/cvinoticias.com\/v3\/","name":"CVI NOTICIAS","description":"","publisher":{"@id":"https:\/\/cvinoticias.com\/v3\/#organization"},"alternateName":"CVI","potentialAction":[{"@type":"SearchAction","target":{"@type":"EntryPoint","urlTemplate":"https:\/\/cvinoticias.com\/v3\/?s={search_term_string}"},"query-input":{"@type":"PropertyValueSpecification","valueRequired":true,"valueName":"search_term_string"}}],"inLanguage":"es"},{"@type":"Organization","@id":"https:\/\/cvinoticias.com\/v3\/#organization","name":"CVI NOTICIAS","url":"https:\/\/cvinoticias.com\/v3\/","logo":{"@type":"ImageObject","inLanguage":"es","@id":"https:\/\/cvinoticias.com\/v3\/#\/schema\/logo\/image\/","url":"https:\/\/cvinoticias.com\/wp-content\/uploads\/2023\/04\/cropped-cropped-cropped-cropped-cropped-3-1.png","contentUrl":"https:\/\/cvinoticias.com\/wp-content\/uploads\/2023\/04\/cropped-cropped-cropped-cropped-cropped-3-1.png","width":95,"height":122,"caption":"CVI NOTICIAS"},"image":{"@id":"https:\/\/cvinoticias.com\/v3\/#\/schema\/logo\/image\/"},"sameAs":["https:\/\/www.facebook.com\/cvinoticias","https:\/\/www.instagram.com\/cvinoticias\/","https:\/\/www.youtube.com\/@CVINOTICIAS"]},{"@type":"Person","@id":"https:\/\/cvinoticias.com\/v3\/#\/schema\/person\/2db77e3c6bc03c538495d7b2b8be9b66","name":"f1000024","image":{"@type":"ImageObject","inLanguage":"es","@id":"https:\/\/secure.gravatar.com\/avatar\/d4fe7459cfc51ff5129ce1a732bbef5928568b8092d412ef95611616376bbeed?s=96&d=mm&r=g","url":"https:\/\/secure.gravatar.com\/avatar\/d4fe7459cfc51ff5129ce1a732bbef5928568b8092d412ef95611616376bbeed?s=96&d=mm&r=g","contentUrl":"https:\/\/secure.gravatar.com\/avatar\/d4fe7459cfc51ff5129ce1a732bbef5928568b8092d412ef95611616376bbeed?s=96&d=mm&r=g","caption":"f1000024"},"url":"https:\/\/cvinoticias.com\/v3\/author\/f1000024\/"}]}},"_links":{"self":[{"href":"https:\/\/cvinoticias.com\/v3\/wp-json\/wp\/v2\/posts\/27015","targetHints":{"allow":["GET"]}}],"collection":[{"href":"https:\/\/cvinoticias.com\/v3\/wp-json\/wp\/v2\/posts"}],"about":[{"href":"https:\/\/cvinoticias.com\/v3\/wp-json\/wp\/v2\/types\/post"}],"author":[{"embeddable":true,"href":"https:\/\/cvinoticias.com\/v3\/wp-json\/wp\/v2\/users\/2"}],"replies":[{"embeddable":true,"href":"https:\/\/cvinoticias.com\/v3\/wp-json\/wp\/v2\/comments?post=27015"}],"version-history":[{"count":1,"href":"https:\/\/cvinoticias.com\/v3\/wp-json\/wp\/v2\/posts\/27015\/revisions"}],"predecessor-version":[{"id":27017,"href":"https:\/\/cvinoticias.com\/v3\/wp-json\/wp\/v2\/posts\/27015\/revisions\/27017"}],"wp:featuredmedia":[{"embeddable":true,"href":"https:\/\/cvinoticias.com\/v3\/wp-json\/wp\/v2\/media\/27016"}],"wp:attachment":[{"href":"https:\/\/cvinoticias.com\/v3\/wp-json\/wp\/v2\/media?parent=27015"}],"wp:term":[{"taxonomy":"category","embeddable":true,"href":"https:\/\/cvinoticias.com\/v3\/wp-json\/wp\/v2\/categories?post=27015"},{"taxonomy":"post_tag","embeddable":true,"href":"https:\/\/cvinoticias.com\/v3\/wp-json\/wp\/v2\/tags?post=27015"}],"curies":[{"name":"wp","href":"https:\/\/api.w.org\/{rel}","templated":true}]}}