{"id":26996,"date":"2023-08-11T02:02:49","date_gmt":"2023-08-11T02:02:49","guid":{"rendered":"https:\/\/cvinoticias.com\/v3\/?p=26996"},"modified":"2023-08-11T02:02:49","modified_gmt":"2023-08-11T02:02:49","slug":"anunciaron-los-aumentos-en-jubilaciones-pensiones-y-asignaciones","status":"publish","type":"post","link":"https:\/\/cvinoticias.com\/v3\/anunciaron-los-aumentos-en-jubilaciones-pensiones-y-asignaciones\/","title":{"rendered":"Anunciaron los aumentos en Jubilaciones, pensiones y asignaciones"},"content":{"rendered":"\n<p><strong><em>La medida se sumar\u00e1 el pago de refuerzos de $27 mil en los meses de septiembre, octubre y noviembre.<\/em><\/strong><\/p>\n\n\n\n<p>El ministro de Econom\u00eda, Sergio Massa, junto a la directora ejecutiva de la Anses, Fernanda Raverta, informaron que las jubilaciones, pensiones y asignaciones aumentar\u00e1n en septiembre un 23,3%, lo que beneficiar\u00e1 a 17 millones de argentinos.<\/p>\n\n\n\n<p>Los funcionarios confirmaron que esto se sumar\u00e1 el pago de refuerzos de $27 mil en los meses de septiembre, octubre y noviembre, por lo que, ning\u00fan jubilado o pensionado cobrar\u00e1 menos de 114.460 pesos.<\/p>\n\n\n\n<p>El refuerzo de $27.000 alcanzar\u00e1 a 5,1 millones de personas, una cantidad equivalente al 70% de los jubilados y pensionados.<\/p>\n\n\n\n<p>A partir de estas sumas, el haber de los jubilados de la m\u00ednima con 30 a\u00f1os de aportes efectivos (1,2 millones de personas) quedar\u00e1 en $123.760, precis\u00f3 la Anses.<\/p>\n\n\n\n<p>A partir de la suba del mes que viene, la jubilaci\u00f3n m\u00ednima habr\u00e1 tenido un incremento interanual del 127,3 por ciento, por encima de la inflaci\u00f3n proyectada para el per\u00edodo, se\u00f1al\u00f3 la Anses en un comunicado.<\/p>\n\n\n\n<p>La movilidad que regir\u00e1 desde el pr\u00f3ximo mes impactar\u00e1 en todas las jubilaciones, pensiones y asignaciones de Anses, y alcanzar\u00e1 a m\u00e1s de 17 millones de beneficiarios.<\/p>\n\n\n\n<p>De esta manera, con este nuevo incremento la Asignaci\u00f3n Universal por Hijo (AUH) y la Asignaci\u00f3n por Embarazo pasar\u00e1n a ser de $17.093 a partir de septiembre.<\/p>\n","protected":false},"excerpt":{"rendered":"<p>La medida se sumar\u00e1 el pago de refuerzos de $27 mil en los meses de septiembre, octubre y noviembre. El ministro de Econom\u00eda, Sergio Massa, junto a la directora ejecutiva de la Anses, Fernanda Raverta, informaron que las jubilaciones, pensiones y asignaciones aumentar\u00e1n en septiembre un 23,3%, lo que beneficiar\u00e1 a 17 millones de argentinos. [&hellip;]<\/p>\n","protected":false},"author":2,"featured_media":26997,"comment_status":"open","ping_status":"open","sticky":false,"template":"","format":"standard","meta":{"footnotes":""},"categories":[35],"tags":[],"class_list":["post-26996","post","type-post","status-publish","format-standard","has-post-thumbnail","hentry","category-informacion-general"],"yoast_head":"<!-- This site is optimized with the Yoast SEO plugin v27.5 - https:\/\/yoast.com\/product\/yoast-seo-wordpress\/ -->\n<title>Anunciaron los aumentos en Jubilaciones, pensiones y asignaciones | CVI NOTICIAS<\/title>\n<meta name=\"robots\" content=\"index, follow, max-snippet:-1, max-image-preview:large, max-video-preview:-1\" \/>\n<link rel=\"canonical\" href=\"https:\/\/cvinoticias.com\/v3\/anunciaron-los-aumentos-en-jubilaciones-pensiones-y-asignaciones\/\" \/>\n<meta property=\"og:locale\" content=\"es_ES\" \/>\n<meta property=\"og:type\" content=\"article\" \/>\n<meta property=\"og:title\" content=\"Anunciaron los aumentos en Jubilaciones, pensiones y asignaciones | CVI NOTICIAS\" \/>\n<meta property=\"og:description\" content=\"La medida se sumar\u00e1 el pago de refuerzos de $27 mil en los meses de septiembre, octubre y noviembre. El ministro de Econom\u00eda, Sergio Massa, junto a la directora ejecutiva de la Anses, Fernanda Raverta, informaron que las jubilaciones, pensiones y asignaciones aumentar\u00e1n en septiembre un 23,3%, lo que beneficiar\u00e1 a 17 millones de argentinos. [&hellip;]\" \/>\n<meta property=\"og:url\" content=\"https:\/\/cvinoticias.com\/v3\/anunciaron-los-aumentos-en-jubilaciones-pensiones-y-asignaciones\/\" \/>\n<meta property=\"og:site_name\" content=\"CVI NOTICIAS\" \/>\n<meta property=\"article:publisher\" content=\"https:\/\/www.facebook.com\/cvinoticias\" \/>\n<meta property=\"article:published_time\" content=\"2023-08-11T02:02:49+00:00\" \/>\n<meta property=\"og:image\" content=\"https:\/\/cvinoticias.com\/wp-content\/uploads\/2023\/08\/0000142830.jpg\" \/>\n\t<meta property=\"og:image:width\" content=\"700\" \/>\n\t<meta property=\"og:image:height\" content=\"350\" \/>\n\t<meta property=\"og:image:type\" content=\"image\/jpeg\" \/>\n<meta name=\"author\" content=\"f1000024\" \/>\n<meta name=\"twitter:card\" content=\"summary_large_image\" \/>\n<meta name=\"twitter:label1\" content=\"Escrito por\" \/>\n\t<meta name=\"twitter:data1\" content=\"f1000024\" \/>\n\t<meta name=\"twitter:label2\" content=\"Tiempo de lectura\" \/>\n\t<meta name=\"twitter:data2\" content=\"1 minuto\" \/>\n<script type=\"application\/ld+json\" class=\"yoast-schema-graph\">{\"@context\":\"https:\\\/\\\/schema.org\",\"@graph\":[{\"@type\":\"Article\",\"@id\":\"https:\\\/\\\/cvinoticias.com\\\/v3\\\/anunciaron-los-aumentos-en-jubilaciones-pensiones-y-asignaciones\\\/#article\",\"isPartOf\":{\"@id\":\"https:\\\/\\\/cvinoticias.com\\\/v3\\\/anunciaron-los-aumentos-en-jubilaciones-pensiones-y-asignaciones\\\/\"},\"author\":{\"name\":\"f1000024\",\"@id\":\"https:\\\/\\\/cvinoticias.com\\\/v3\\\/#\\\/schema\\\/person\\\/2db77e3c6bc03c538495d7b2b8be9b66\"},\"headline\":\"Anunciaron los aumentos en Jubilaciones, pensiones y asignaciones\",\"datePublished\":\"2023-08-11T02:02:49+00:00\",\"mainEntityOfPage\":{\"@id\":\"https:\\\/\\\/cvinoticias.com\\\/v3\\\/anunciaron-los-aumentos-en-jubilaciones-pensiones-y-asignaciones\\\/\"},\"wordCount\":237,\"commentCount\":0,\"publisher\":{\"@id\":\"https:\\\/\\\/cvinoticias.com\\\/v3\\\/#organization\"},\"image\":{\"@id\":\"https:\\\/\\\/cvinoticias.com\\\/v3\\\/anunciaron-los-aumentos-en-jubilaciones-pensiones-y-asignaciones\\\/#primaryimage\"},\"thumbnailUrl\":\"https:\\\/\\\/cvinoticias.com\\\/wp-content\\\/uploads\\\/2023\\\/08\\\/0000142830.jpg\",\"articleSection\":[\"Informaci\u00f3n General\"],\"inLanguage\":\"es\",\"potentialAction\":[{\"@type\":\"CommentAction\",\"name\":\"Comment\",\"target\":[\"https:\\\/\\\/cvinoticias.com\\\/v3\\\/anunciaron-los-aumentos-en-jubilaciones-pensiones-y-asignaciones\\\/#respond\"]}]},{\"@type\":\"WebPage\",\"@id\":\"https:\\\/\\\/cvinoticias.com\\\/v3\\\/anunciaron-los-aumentos-en-jubilaciones-pensiones-y-asignaciones\\\/\",\"url\":\"https:\\\/\\\/cvinoticias.com\\\/v3\\\/anunciaron-los-aumentos-en-jubilaciones-pensiones-y-asignaciones\\\/\",\"name\":\"Anunciaron los aumentos en Jubilaciones, pensiones y asignaciones | CVI NOTICIAS\",\"isPartOf\":{\"@id\":\"https:\\\/\\\/cvinoticias.com\\\/v3\\\/#website\"},\"primaryImageOfPage\":{\"@id\":\"https:\\\/\\\/cvinoticias.com\\\/v3\\\/anunciaron-los-aumentos-en-jubilaciones-pensiones-y-asignaciones\\\/#primaryimage\"},\"image\":{\"@id\":\"https:\\\/\\\/cvinoticias.com\\\/v3\\\/anunciaron-los-aumentos-en-jubilaciones-pensiones-y-asignaciones\\\/#primaryimage\"},\"thumbnailUrl\":\"https:\\\/\\\/cvinoticias.com\\\/wp-content\\\/uploads\\\/2023\\\/08\\\/0000142830.jpg\",\"datePublished\":\"2023-08-11T02:02:49+00:00\",\"breadcrumb\":{\"@id\":\"https:\\\/\\\/cvinoticias.com\\\/v3\\\/anunciaron-los-aumentos-en-jubilaciones-pensiones-y-asignaciones\\\/#breadcrumb\"},\"inLanguage\":\"es\",\"potentialAction\":[{\"@type\":\"ReadAction\",\"target\":[\"https:\\\/\\\/cvinoticias.com\\\/v3\\\/anunciaron-los-aumentos-en-jubilaciones-pensiones-y-asignaciones\\\/\"]}]},{\"@type\":\"ImageObject\",\"inLanguage\":\"es\",\"@id\":\"https:\\\/\\\/cvinoticias.com\\\/v3\\\/anunciaron-los-aumentos-en-jubilaciones-pensiones-y-asignaciones\\\/#primaryimage\",\"url\":\"https:\\\/\\\/cvinoticias.com\\\/wp-content\\\/uploads\\\/2023\\\/08\\\/0000142830.jpg\",\"contentUrl\":\"https:\\\/\\\/cvinoticias.com\\\/wp-content\\\/uploads\\\/2023\\\/08\\\/0000142830.jpg\",\"width\":700,\"height\":350},{\"@type\":\"BreadcrumbList\",\"@id\":\"https:\\\/\\\/cvinoticias.com\\\/v3\\\/anunciaron-los-aumentos-en-jubilaciones-pensiones-y-asignaciones\\\/#breadcrumb\",\"itemListElement\":[{\"@type\":\"ListItem\",\"position\":1,\"name\":\"Portada\",\"item\":\"https:\\\/\\\/cvinoticias.com\\\/v3\\\/\"},{\"@type\":\"ListItem\",\"position\":2,\"name\":\"Anunciaron los aumentos en Jubilaciones, pensiones y asignaciones\"}]},{\"@type\":\"WebSite\",\"@id\":\"https:\\\/\\\/cvinoticias.com\\\/v3\\\/#website\",\"url\":\"https:\\\/\\\/cvinoticias.com\\\/v3\\\/\",\"name\":\"CVI NOTICIAS\",\"description\":\"\",\"publisher\":{\"@id\":\"https:\\\/\\\/cvinoticias.com\\\/v3\\\/#organization\"},\"alternateName\":\"CVI\",\"potentialAction\":[{\"@type\":\"SearchAction\",\"target\":{\"@type\":\"EntryPoint\",\"urlTemplate\":\"https:\\\/\\\/cvinoticias.com\\\/v3\\\/?s={search_term_string}\"},\"query-input\":{\"@type\":\"PropertyValueSpecification\",\"valueRequired\":true,\"valueName\":\"search_term_string\"}}],\"inLanguage\":\"es\"},{\"@type\":\"Organization\",\"@id\":\"https:\\\/\\\/cvinoticias.com\\\/v3\\\/#organization\",\"name\":\"CVI NOTICIAS\",\"url\":\"https:\\\/\\\/cvinoticias.com\\\/v3\\\/\",\"logo\":{\"@type\":\"ImageObject\",\"inLanguage\":\"es\",\"@id\":\"https:\\\/\\\/cvinoticias.com\\\/v3\\\/#\\\/schema\\\/logo\\\/image\\\/\",\"url\":\"https:\\\/\\\/cvinoticias.com\\\/wp-content\\\/uploads\\\/2023\\\/04\\\/cropped-cropped-cropped-cropped-cropped-3-1.png\",\"contentUrl\":\"https:\\\/\\\/cvinoticias.com\\\/wp-content\\\/uploads\\\/2023\\\/04\\\/cropped-cropped-cropped-cropped-cropped-3-1.png\",\"width\":95,\"height\":122,\"caption\":\"CVI NOTICIAS\"},\"image\":{\"@id\":\"https:\\\/\\\/cvinoticias.com\\\/v3\\\/#\\\/schema\\\/logo\\\/image\\\/\"},\"sameAs\":[\"https:\\\/\\\/www.facebook.com\\\/cvinoticias\",\"https:\\\/\\\/www.instagram.com\\\/cvinoticias\\\/\",\"https:\\\/\\\/www.youtube.com\\\/@CVINOTICIAS\"]},{\"@type\":\"Person\",\"@id\":\"https:\\\/\\\/cvinoticias.com\\\/v3\\\/#\\\/schema\\\/person\\\/2db77e3c6bc03c538495d7b2b8be9b66\",\"name\":\"f1000024\",\"image\":{\"@type\":\"ImageObject\",\"inLanguage\":\"es\",\"@id\":\"https:\\\/\\\/secure.gravatar.com\\\/avatar\\\/d4fe7459cfc51ff5129ce1a732bbef5928568b8092d412ef95611616376bbeed?s=96&d=mm&r=g\",\"url\":\"https:\\\/\\\/secure.gravatar.com\\\/avatar\\\/d4fe7459cfc51ff5129ce1a732bbef5928568b8092d412ef95611616376bbeed?s=96&d=mm&r=g\",\"contentUrl\":\"https:\\\/\\\/secure.gravatar.com\\\/avatar\\\/d4fe7459cfc51ff5129ce1a732bbef5928568b8092d412ef95611616376bbeed?s=96&d=mm&r=g\",\"caption\":\"f1000024\"},\"url\":\"https:\\\/\\\/cvinoticias.com\\\/v3\\\/author\\\/f1000024\\\/\"}]}<\/script>\n<!-- \/ Yoast SEO plugin. -->","yoast_head_json":{"title":"Anunciaron los aumentos en Jubilaciones, pensiones y asignaciones | CVI NOTICIAS","robots":{"index":"index","follow":"follow","max-snippet":"max-snippet:-1","max-image-preview":"max-image-preview:large","max-video-preview":"max-video-preview:-1"},"canonical":"https:\/\/cvinoticias.com\/v3\/anunciaron-los-aumentos-en-jubilaciones-pensiones-y-asignaciones\/","og_locale":"es_ES","og_type":"article","og_title":"Anunciaron los aumentos en Jubilaciones, pensiones y asignaciones | CVI NOTICIAS","og_description":"La medida se sumar\u00e1 el pago de refuerzos de $27 mil en los meses de septiembre, octubre y noviembre. El ministro de Econom\u00eda, Sergio Massa, junto a la directora ejecutiva de la Anses, Fernanda Raverta, informaron que las jubilaciones, pensiones y asignaciones aumentar\u00e1n en septiembre un 23,3%, lo que beneficiar\u00e1 a 17 millones de argentinos. [&hellip;]","og_url":"https:\/\/cvinoticias.com\/v3\/anunciaron-los-aumentos-en-jubilaciones-pensiones-y-asignaciones\/","og_site_name":"CVI NOTICIAS","article_publisher":"https:\/\/www.facebook.com\/cvinoticias","article_published_time":"2023-08-11T02:02:49+00:00","og_image":[{"width":700,"height":350,"url":"https:\/\/cvinoticias.com\/wp-content\/uploads\/2023\/08\/0000142830.jpg","type":"image\/jpeg"}],"author":"f1000024","twitter_card":"summary_large_image","twitter_misc":{"Escrito por":"f1000024","Tiempo de lectura":"1 minuto"},"schema":{"@context":"https:\/\/schema.org","@graph":[{"@type":"Article","@id":"https:\/\/cvinoticias.com\/v3\/anunciaron-los-aumentos-en-jubilaciones-pensiones-y-asignaciones\/#article","isPartOf":{"@id":"https:\/\/cvinoticias.com\/v3\/anunciaron-los-aumentos-en-jubilaciones-pensiones-y-asignaciones\/"},"author":{"name":"f1000024","@id":"https:\/\/cvinoticias.com\/v3\/#\/schema\/person\/2db77e3c6bc03c538495d7b2b8be9b66"},"headline":"Anunciaron los aumentos en Jubilaciones, pensiones y asignaciones","datePublished":"2023-08-11T02:02:49+00:00","mainEntityOfPage":{"@id":"https:\/\/cvinoticias.com\/v3\/anunciaron-los-aumentos-en-jubilaciones-pensiones-y-asignaciones\/"},"wordCount":237,"commentCount":0,"publisher":{"@id":"https:\/\/cvinoticias.com\/v3\/#organization"},"image":{"@id":"https:\/\/cvinoticias.com\/v3\/anunciaron-los-aumentos-en-jubilaciones-pensiones-y-asignaciones\/#primaryimage"},"thumbnailUrl":"https:\/\/cvinoticias.com\/wp-content\/uploads\/2023\/08\/0000142830.jpg","articleSection":["Informaci\u00f3n General"],"inLanguage":"es","potentialAction":[{"@type":"CommentAction","name":"Comment","target":["https:\/\/cvinoticias.com\/v3\/anunciaron-los-aumentos-en-jubilaciones-pensiones-y-asignaciones\/#respond"]}]},{"@type":"WebPage","@id":"https:\/\/cvinoticias.com\/v3\/anunciaron-los-aumentos-en-jubilaciones-pensiones-y-asignaciones\/","url":"https:\/\/cvinoticias.com\/v3\/anunciaron-los-aumentos-en-jubilaciones-pensiones-y-asignaciones\/","name":"Anunciaron los aumentos en Jubilaciones, pensiones y asignaciones | CVI NOTICIAS","isPartOf":{"@id":"https:\/\/cvinoticias.com\/v3\/#website"},"primaryImageOfPage":{"@id":"https:\/\/cvinoticias.com\/v3\/anunciaron-los-aumentos-en-jubilaciones-pensiones-y-asignaciones\/#primaryimage"},"image":{"@id":"https:\/\/cvinoticias.com\/v3\/anunciaron-los-aumentos-en-jubilaciones-pensiones-y-asignaciones\/#primaryimage"},"thumbnailUrl":"https:\/\/cvinoticias.com\/wp-content\/uploads\/2023\/08\/0000142830.jpg","datePublished":"2023-08-11T02:02:49+00:00","breadcrumb":{"@id":"https:\/\/cvinoticias.com\/v3\/anunciaron-los-aumentos-en-jubilaciones-pensiones-y-asignaciones\/#breadcrumb"},"inLanguage":"es","potentialAction":[{"@type":"ReadAction","target":["https:\/\/cvinoticias.com\/v3\/anunciaron-los-aumentos-en-jubilaciones-pensiones-y-asignaciones\/"]}]},{"@type":"ImageObject","inLanguage":"es","@id":"https:\/\/cvinoticias.com\/v3\/anunciaron-los-aumentos-en-jubilaciones-pensiones-y-asignaciones\/#primaryimage","url":"https:\/\/cvinoticias.com\/wp-content\/uploads\/2023\/08\/0000142830.jpg","contentUrl":"https:\/\/cvinoticias.com\/wp-content\/uploads\/2023\/08\/0000142830.jpg","width":700,"height":350},{"@type":"BreadcrumbList","@id":"https:\/\/cvinoticias.com\/v3\/anunciaron-los-aumentos-en-jubilaciones-pensiones-y-asignaciones\/#breadcrumb","itemListElement":[{"@type":"ListItem","position":1,"name":"Portada","item":"https:\/\/cvinoticias.com\/v3\/"},{"@type":"ListItem","position":2,"name":"Anunciaron los aumentos en Jubilaciones, pensiones y asignaciones"}]},{"@type":"WebSite","@id":"https:\/\/cvinoticias.com\/v3\/#website","url":"https:\/\/cvinoticias.com\/v3\/","name":"CVI NOTICIAS","description":"","publisher":{"@id":"https:\/\/cvinoticias.com\/v3\/#organization"},"alternateName":"CVI","potentialAction":[{"@type":"SearchAction","target":{"@type":"EntryPoint","urlTemplate":"https:\/\/cvinoticias.com\/v3\/?s={search_term_string}"},"query-input":{"@type":"PropertyValueSpecification","valueRequired":true,"valueName":"search_term_string"}}],"inLanguage":"es"},{"@type":"Organization","@id":"https:\/\/cvinoticias.com\/v3\/#organization","name":"CVI NOTICIAS","url":"https:\/\/cvinoticias.com\/v3\/","logo":{"@type":"ImageObject","inLanguage":"es","@id":"https:\/\/cvinoticias.com\/v3\/#\/schema\/logo\/image\/","url":"https:\/\/cvinoticias.com\/wp-content\/uploads\/2023\/04\/cropped-cropped-cropped-cropped-cropped-3-1.png","contentUrl":"https:\/\/cvinoticias.com\/wp-content\/uploads\/2023\/04\/cropped-cropped-cropped-cropped-cropped-3-1.png","width":95,"height":122,"caption":"CVI NOTICIAS"},"image":{"@id":"https:\/\/cvinoticias.com\/v3\/#\/schema\/logo\/image\/"},"sameAs":["https:\/\/www.facebook.com\/cvinoticias","https:\/\/www.instagram.com\/cvinoticias\/","https:\/\/www.youtube.com\/@CVINOTICIAS"]},{"@type":"Person","@id":"https:\/\/cvinoticias.com\/v3\/#\/schema\/person\/2db77e3c6bc03c538495d7b2b8be9b66","name":"f1000024","image":{"@type":"ImageObject","inLanguage":"es","@id":"https:\/\/secure.gravatar.com\/avatar\/d4fe7459cfc51ff5129ce1a732bbef5928568b8092d412ef95611616376bbeed?s=96&d=mm&r=g","url":"https:\/\/secure.gravatar.com\/avatar\/d4fe7459cfc51ff5129ce1a732bbef5928568b8092d412ef95611616376bbeed?s=96&d=mm&r=g","contentUrl":"https:\/\/secure.gravatar.com\/avatar\/d4fe7459cfc51ff5129ce1a732bbef5928568b8092d412ef95611616376bbeed?s=96&d=mm&r=g","caption":"f1000024"},"url":"https:\/\/cvinoticias.com\/v3\/author\/f1000024\/"}]}},"_links":{"self":[{"href":"https:\/\/cvinoticias.com\/v3\/wp-json\/wp\/v2\/posts\/26996","targetHints":{"allow":["GET"]}}],"collection":[{"href":"https:\/\/cvinoticias.com\/v3\/wp-json\/wp\/v2\/posts"}],"about":[{"href":"https:\/\/cvinoticias.com\/v3\/wp-json\/wp\/v2\/types\/post"}],"author":[{"embeddable":true,"href":"https:\/\/cvinoticias.com\/v3\/wp-json\/wp\/v2\/users\/2"}],"replies":[{"embeddable":true,"href":"https:\/\/cvinoticias.com\/v3\/wp-json\/wp\/v2\/comments?post=26996"}],"version-history":[{"count":1,"href":"https:\/\/cvinoticias.com\/v3\/wp-json\/wp\/v2\/posts\/26996\/revisions"}],"predecessor-version":[{"id":26998,"href":"https:\/\/cvinoticias.com\/v3\/wp-json\/wp\/v2\/posts\/26996\/revisions\/26998"}],"wp:featuredmedia":[{"embeddable":true,"href":"https:\/\/cvinoticias.com\/v3\/wp-json\/wp\/v2\/media\/26997"}],"wp:attachment":[{"href":"https:\/\/cvinoticias.com\/v3\/wp-json\/wp\/v2\/media?parent=26996"}],"wp:term":[{"taxonomy":"category","embeddable":true,"href":"https:\/\/cvinoticias.com\/v3\/wp-json\/wp\/v2\/categories?post=26996"},{"taxonomy":"post_tag","embeddable":true,"href":"https:\/\/cvinoticias.com\/v3\/wp-json\/wp\/v2\/tags?post=26996"}],"curies":[{"name":"wp","href":"https:\/\/api.w.org\/{rel}","templated":true}]}}