{"id":26993,"date":"2023-08-11T01:56:14","date_gmt":"2023-08-11T01:56:14","guid":{"rendered":"https:\/\/cvinoticias.com\/v3\/?p=26993"},"modified":"2023-08-11T01:56:14","modified_gmt":"2023-08-11T01:56:14","slug":"protesta-en-el-obelisco-murio-un-manifestante-que-fue-detenido-por-la-policia","status":"publish","type":"post","link":"https:\/\/cvinoticias.com\/v3\/protesta-en-el-obelisco-murio-un-manifestante-que-fue-detenido-por-la-policia\/","title":{"rendered":"Protesta en el Obelisco: muri\u00f3 un manifestante que fue detenido por la Polic\u00eda"},"content":{"rendered":"\n<p><strong><em>Durante la protesta, uno de los manifestantes que estaba siendo detenido sufri\u00f3 una descompensaci\u00f3n y debi\u00f3 ser reanimado en el lugar hasta que lleg\u00f3 la ambulancia. Falleci\u00f3 en el hospital.<\/em><\/strong><\/p>\n\n\n\n<p>Una protesta de las organizaciones Votamos Luchar y Rebeli\u00f3n Popular en el Obelisco termin\u00f3 con un hombre muerto, quien se descompens\u00f3 cuando era detenido por la Polic\u00eda de la Ciudad.<\/p>\n\n\n\n<p>Seg\u00fan indicaron las agrupaciones, \u00abrealizaban un acto contra la farsa electoral y por la democracia del pueblo, cuando la Polic\u00eda arremeti\u00f3 contra los manifestantes hiriendo gravemente a uno de ellos y reteniendo a otros\u00bb.<\/p>\n\n\n\n<p>\u00abEl compa\u00f1ero gravemente herido es Facundo Molares. Fue trasladado sin signos vitales despu\u00e9s de haber sido salvajemente golpeado\u00bb, subrayaron las organizaciones en un comunicado apenas hab\u00eda sido trasladado por la ambulancia.<\/p>\n\n\n\n<p>Seg\u00fan se observa en videos del momento, uno de los manifestantes que estaba siendo detenido y era mantenido por efectivos policiales en el piso, sufri\u00f3 una descompensaci\u00f3n y debi\u00f3 ser reanimado en el lugar hasta que lleg\u00f3 la ambulancia.<\/p>\n\n\n\n<p>Minutos m\u00e1s tarde, se confirm\u00f3 su fallecimiento de manera oficial.<\/p>\n\n\n\n<p>\u00abHacemos responsable al gobierno de (Horacio Rodr\u00edguez) Larreta y (Axel) Kicillof por dar la orden de reprimir. En momentos de profunda crisis los gobiernos se empe\u00f1an en avanzar contra quienes luchamos, mientras siguen reprimiendo y hambreando\u00bb, se\u00f1alaron las agrupaciones.<\/p>\n\n\n\n<p>El SAME report\u00f3 que \u00abel hombre de entre 40 y 45 a\u00f1os sin documentaci\u00f3n fue trasladado al Hospital Ramos Mejia desde el Obelisco\u00bb.<\/p>\n\n\n\n<p>\u00abDurante m\u00e1s de media hora se le hicieron maniobras de reanimaci\u00f3n hasta que se constat\u00f3 el fallecimiento.<br>Las causas del deceso se relacionan con un paro card\u00edaco producto de factores de riesgo. El cuerpo fue trasladado a la morgue judicial para la autopsia correspondiente\u00bb, indic\u00f3 el SAME.<\/p>\n\n\n\n<p>La confirmaci\u00f3n de la muerte del manifestante, que era un militante de izquierda, gener\u00f3 que la protesta creciera y los \u00e1nimos se tensaran.<\/p>\n\n\n\n<p>Las organizaciones convocantes tambi\u00e9n aseguraron que seis personas se encuentran detenidas.<\/p>\n\n\n\n<p>\u00abAc\u00e1 hubo una detenci\u00f3n. Cualquier causa de riesgo es eso, que no hubiera pasado si hubiera sido detenido\u00bb, subray\u00f3 el postulante presidencial del Frente de Izquierda Gabriel Solano.<\/p>\n\n\n\n<p>A su entender, \u00abhay una decisi\u00f3n pol\u00edtica de reprimir sobre el final de la campa\u00f1a\u00bb de parte del gobierno porte\u00f1o de Rodr\u00edguez Larreta.<\/p>\n","protected":false},"excerpt":{"rendered":"<p>Durante la protesta, uno de los manifestantes que estaba siendo detenido sufri\u00f3 una descompensaci\u00f3n y debi\u00f3 ser reanimado en el lugar hasta que lleg\u00f3 la ambulancia. Falleci\u00f3 en el hospital. Una protesta de las organizaciones Votamos Luchar y Rebeli\u00f3n Popular en el Obelisco termin\u00f3 con un hombre muerto, quien se descompens\u00f3 cuando era detenido por [&hellip;]<\/p>\n","protected":false},"author":2,"featured_media":26994,"comment_status":"open","ping_status":"open","sticky":false,"template":"","format":"standard","meta":{"footnotes":""},"categories":[39],"tags":[],"class_list":["post-26993","post","type-post","status-publish","format-standard","has-post-thumbnail","hentry","category-nacionales"],"yoast_head":"<!-- This site is optimized with the Yoast SEO plugin v27.5 - https:\/\/yoast.com\/product\/yoast-seo-wordpress\/ -->\n<title>Protesta en el Obelisco: muri\u00f3 un manifestante que fue detenido por la Polic\u00eda | CVI NOTICIAS<\/title>\n<meta name=\"robots\" content=\"index, follow, max-snippet:-1, max-image-preview:large, max-video-preview:-1\" \/>\n<link rel=\"canonical\" href=\"https:\/\/cvinoticias.com\/v3\/protesta-en-el-obelisco-murio-un-manifestante-que-fue-detenido-por-la-policia\/\" \/>\n<meta property=\"og:locale\" content=\"es_ES\" \/>\n<meta property=\"og:type\" content=\"article\" \/>\n<meta property=\"og:title\" content=\"Protesta en el Obelisco: muri\u00f3 un manifestante que fue detenido por la Polic\u00eda | CVI NOTICIAS\" \/>\n<meta property=\"og:description\" content=\"Durante la protesta, uno de los manifestantes que estaba siendo detenido sufri\u00f3 una descompensaci\u00f3n y debi\u00f3 ser reanimado en el lugar hasta que lleg\u00f3 la ambulancia. Falleci\u00f3 en el hospital. Una protesta de las organizaciones Votamos Luchar y Rebeli\u00f3n Popular en el Obelisco termin\u00f3 con un hombre muerto, quien se descompens\u00f3 cuando era detenido por [&hellip;]\" \/>\n<meta property=\"og:url\" content=\"https:\/\/cvinoticias.com\/v3\/protesta-en-el-obelisco-murio-un-manifestante-que-fue-detenido-por-la-policia\/\" \/>\n<meta property=\"og:site_name\" content=\"CVI NOTICIAS\" \/>\n<meta property=\"article:publisher\" content=\"https:\/\/www.facebook.com\/cvinoticias\" \/>\n<meta property=\"article:published_time\" content=\"2023-08-11T01:56:14+00:00\" \/>\n<meta property=\"og:image\" content=\"https:\/\/cvinoticias.com\/wp-content\/uploads\/2023\/08\/1cdc58502a8ccb2d767d6fb2c6b3be6e_M.jpg\" \/>\n\t<meta property=\"og:image:width\" content=\"768\" \/>\n\t<meta property=\"og:image:height\" content=\"432\" \/>\n\t<meta property=\"og:image:type\" content=\"image\/jpeg\" \/>\n<meta name=\"author\" content=\"f1000024\" \/>\n<meta name=\"twitter:card\" content=\"summary_large_image\" \/>\n<meta name=\"twitter:label1\" content=\"Escrito por\" \/>\n\t<meta name=\"twitter:data1\" content=\"f1000024\" \/>\n\t<meta name=\"twitter:label2\" content=\"Tiempo de lectura\" \/>\n\t<meta name=\"twitter:data2\" content=\"2 minutos\" \/>\n<script type=\"application\/ld+json\" class=\"yoast-schema-graph\">{\"@context\":\"https:\\\/\\\/schema.org\",\"@graph\":[{\"@type\":\"Article\",\"@id\":\"https:\\\/\\\/cvinoticias.com\\\/v3\\\/protesta-en-el-obelisco-murio-un-manifestante-que-fue-detenido-por-la-policia\\\/#article\",\"isPartOf\":{\"@id\":\"https:\\\/\\\/cvinoticias.com\\\/v3\\\/protesta-en-el-obelisco-murio-un-manifestante-que-fue-detenido-por-la-policia\\\/\"},\"author\":{\"name\":\"f1000024\",\"@id\":\"https:\\\/\\\/cvinoticias.com\\\/v3\\\/#\\\/schema\\\/person\\\/2db77e3c6bc03c538495d7b2b8be9b66\"},\"headline\":\"Protesta en el Obelisco: muri\u00f3 un manifestante que fue detenido por la Polic\u00eda\",\"datePublished\":\"2023-08-11T01:56:14+00:00\",\"mainEntityOfPage\":{\"@id\":\"https:\\\/\\\/cvinoticias.com\\\/v3\\\/protesta-en-el-obelisco-murio-un-manifestante-que-fue-detenido-por-la-policia\\\/\"},\"wordCount\":407,\"commentCount\":0,\"publisher\":{\"@id\":\"https:\\\/\\\/cvinoticias.com\\\/v3\\\/#organization\"},\"image\":{\"@id\":\"https:\\\/\\\/cvinoticias.com\\\/v3\\\/protesta-en-el-obelisco-murio-un-manifestante-que-fue-detenido-por-la-policia\\\/#primaryimage\"},\"thumbnailUrl\":\"https:\\\/\\\/cvinoticias.com\\\/wp-content\\\/uploads\\\/2023\\\/08\\\/1cdc58502a8ccb2d767d6fb2c6b3be6e_M.jpg\",\"articleSection\":[\"Nacionales\"],\"inLanguage\":\"es\",\"potentialAction\":[{\"@type\":\"CommentAction\",\"name\":\"Comment\",\"target\":[\"https:\\\/\\\/cvinoticias.com\\\/v3\\\/protesta-en-el-obelisco-murio-un-manifestante-que-fue-detenido-por-la-policia\\\/#respond\"]}]},{\"@type\":\"WebPage\",\"@id\":\"https:\\\/\\\/cvinoticias.com\\\/v3\\\/protesta-en-el-obelisco-murio-un-manifestante-que-fue-detenido-por-la-policia\\\/\",\"url\":\"https:\\\/\\\/cvinoticias.com\\\/v3\\\/protesta-en-el-obelisco-murio-un-manifestante-que-fue-detenido-por-la-policia\\\/\",\"name\":\"Protesta en el Obelisco: muri\u00f3 un manifestante que fue detenido por la Polic\u00eda | CVI NOTICIAS\",\"isPartOf\":{\"@id\":\"https:\\\/\\\/cvinoticias.com\\\/v3\\\/#website\"},\"primaryImageOfPage\":{\"@id\":\"https:\\\/\\\/cvinoticias.com\\\/v3\\\/protesta-en-el-obelisco-murio-un-manifestante-que-fue-detenido-por-la-policia\\\/#primaryimage\"},\"image\":{\"@id\":\"https:\\\/\\\/cvinoticias.com\\\/v3\\\/protesta-en-el-obelisco-murio-un-manifestante-que-fue-detenido-por-la-policia\\\/#primaryimage\"},\"thumbnailUrl\":\"https:\\\/\\\/cvinoticias.com\\\/wp-content\\\/uploads\\\/2023\\\/08\\\/1cdc58502a8ccb2d767d6fb2c6b3be6e_M.jpg\",\"datePublished\":\"2023-08-11T01:56:14+00:00\",\"breadcrumb\":{\"@id\":\"https:\\\/\\\/cvinoticias.com\\\/v3\\\/protesta-en-el-obelisco-murio-un-manifestante-que-fue-detenido-por-la-policia\\\/#breadcrumb\"},\"inLanguage\":\"es\",\"potentialAction\":[{\"@type\":\"ReadAction\",\"target\":[\"https:\\\/\\\/cvinoticias.com\\\/v3\\\/protesta-en-el-obelisco-murio-un-manifestante-que-fue-detenido-por-la-policia\\\/\"]}]},{\"@type\":\"ImageObject\",\"inLanguage\":\"es\",\"@id\":\"https:\\\/\\\/cvinoticias.com\\\/v3\\\/protesta-en-el-obelisco-murio-un-manifestante-que-fue-detenido-por-la-policia\\\/#primaryimage\",\"url\":\"https:\\\/\\\/cvinoticias.com\\\/wp-content\\\/uploads\\\/2023\\\/08\\\/1cdc58502a8ccb2d767d6fb2c6b3be6e_M.jpg\",\"contentUrl\":\"https:\\\/\\\/cvinoticias.com\\\/wp-content\\\/uploads\\\/2023\\\/08\\\/1cdc58502a8ccb2d767d6fb2c6b3be6e_M.jpg\",\"width\":768,\"height\":432},{\"@type\":\"BreadcrumbList\",\"@id\":\"https:\\\/\\\/cvinoticias.com\\\/v3\\\/protesta-en-el-obelisco-murio-un-manifestante-que-fue-detenido-por-la-policia\\\/#breadcrumb\",\"itemListElement\":[{\"@type\":\"ListItem\",\"position\":1,\"name\":\"Portada\",\"item\":\"https:\\\/\\\/cvinoticias.com\\\/v3\\\/\"},{\"@type\":\"ListItem\",\"position\":2,\"name\":\"Protesta en el Obelisco: muri\u00f3 un manifestante que fue detenido por la Polic\u00eda\"}]},{\"@type\":\"WebSite\",\"@id\":\"https:\\\/\\\/cvinoticias.com\\\/v3\\\/#website\",\"url\":\"https:\\\/\\\/cvinoticias.com\\\/v3\\\/\",\"name\":\"CVI NOTICIAS\",\"description\":\"\",\"publisher\":{\"@id\":\"https:\\\/\\\/cvinoticias.com\\\/v3\\\/#organization\"},\"alternateName\":\"CVI\",\"potentialAction\":[{\"@type\":\"SearchAction\",\"target\":{\"@type\":\"EntryPoint\",\"urlTemplate\":\"https:\\\/\\\/cvinoticias.com\\\/v3\\\/?s={search_term_string}\"},\"query-input\":{\"@type\":\"PropertyValueSpecification\",\"valueRequired\":true,\"valueName\":\"search_term_string\"}}],\"inLanguage\":\"es\"},{\"@type\":\"Organization\",\"@id\":\"https:\\\/\\\/cvinoticias.com\\\/v3\\\/#organization\",\"name\":\"CVI NOTICIAS\",\"url\":\"https:\\\/\\\/cvinoticias.com\\\/v3\\\/\",\"logo\":{\"@type\":\"ImageObject\",\"inLanguage\":\"es\",\"@id\":\"https:\\\/\\\/cvinoticias.com\\\/v3\\\/#\\\/schema\\\/logo\\\/image\\\/\",\"url\":\"https:\\\/\\\/cvinoticias.com\\\/wp-content\\\/uploads\\\/2023\\\/04\\\/cropped-cropped-cropped-cropped-cropped-3-1.png\",\"contentUrl\":\"https:\\\/\\\/cvinoticias.com\\\/wp-content\\\/uploads\\\/2023\\\/04\\\/cropped-cropped-cropped-cropped-cropped-3-1.png\",\"width\":95,\"height\":122,\"caption\":\"CVI NOTICIAS\"},\"image\":{\"@id\":\"https:\\\/\\\/cvinoticias.com\\\/v3\\\/#\\\/schema\\\/logo\\\/image\\\/\"},\"sameAs\":[\"https:\\\/\\\/www.facebook.com\\\/cvinoticias\",\"https:\\\/\\\/www.instagram.com\\\/cvinoticias\\\/\",\"https:\\\/\\\/www.youtube.com\\\/@CVINOTICIAS\"]},{\"@type\":\"Person\",\"@id\":\"https:\\\/\\\/cvinoticias.com\\\/v3\\\/#\\\/schema\\\/person\\\/2db77e3c6bc03c538495d7b2b8be9b66\",\"name\":\"f1000024\",\"image\":{\"@type\":\"ImageObject\",\"inLanguage\":\"es\",\"@id\":\"https:\\\/\\\/secure.gravatar.com\\\/avatar\\\/d4fe7459cfc51ff5129ce1a732bbef5928568b8092d412ef95611616376bbeed?s=96&d=mm&r=g\",\"url\":\"https:\\\/\\\/secure.gravatar.com\\\/avatar\\\/d4fe7459cfc51ff5129ce1a732bbef5928568b8092d412ef95611616376bbeed?s=96&d=mm&r=g\",\"contentUrl\":\"https:\\\/\\\/secure.gravatar.com\\\/avatar\\\/d4fe7459cfc51ff5129ce1a732bbef5928568b8092d412ef95611616376bbeed?s=96&d=mm&r=g\",\"caption\":\"f1000024\"},\"url\":\"https:\\\/\\\/cvinoticias.com\\\/v3\\\/author\\\/f1000024\\\/\"}]}<\/script>\n<!-- \/ Yoast SEO plugin. -->","yoast_head_json":{"title":"Protesta en el Obelisco: muri\u00f3 un manifestante que fue detenido por la Polic\u00eda | CVI NOTICIAS","robots":{"index":"index","follow":"follow","max-snippet":"max-snippet:-1","max-image-preview":"max-image-preview:large","max-video-preview":"max-video-preview:-1"},"canonical":"https:\/\/cvinoticias.com\/v3\/protesta-en-el-obelisco-murio-un-manifestante-que-fue-detenido-por-la-policia\/","og_locale":"es_ES","og_type":"article","og_title":"Protesta en el Obelisco: muri\u00f3 un manifestante que fue detenido por la Polic\u00eda | CVI NOTICIAS","og_description":"Durante la protesta, uno de los manifestantes que estaba siendo detenido sufri\u00f3 una descompensaci\u00f3n y debi\u00f3 ser reanimado en el lugar hasta que lleg\u00f3 la ambulancia. Falleci\u00f3 en el hospital. Una protesta de las organizaciones Votamos Luchar y Rebeli\u00f3n Popular en el Obelisco termin\u00f3 con un hombre muerto, quien se descompens\u00f3 cuando era detenido por [&hellip;]","og_url":"https:\/\/cvinoticias.com\/v3\/protesta-en-el-obelisco-murio-un-manifestante-que-fue-detenido-por-la-policia\/","og_site_name":"CVI NOTICIAS","article_publisher":"https:\/\/www.facebook.com\/cvinoticias","article_published_time":"2023-08-11T01:56:14+00:00","og_image":[{"width":768,"height":432,"url":"https:\/\/cvinoticias.com\/wp-content\/uploads\/2023\/08\/1cdc58502a8ccb2d767d6fb2c6b3be6e_M.jpg","type":"image\/jpeg"}],"author":"f1000024","twitter_card":"summary_large_image","twitter_misc":{"Escrito por":"f1000024","Tiempo de lectura":"2 minutos"},"schema":{"@context":"https:\/\/schema.org","@graph":[{"@type":"Article","@id":"https:\/\/cvinoticias.com\/v3\/protesta-en-el-obelisco-murio-un-manifestante-que-fue-detenido-por-la-policia\/#article","isPartOf":{"@id":"https:\/\/cvinoticias.com\/v3\/protesta-en-el-obelisco-murio-un-manifestante-que-fue-detenido-por-la-policia\/"},"author":{"name":"f1000024","@id":"https:\/\/cvinoticias.com\/v3\/#\/schema\/person\/2db77e3c6bc03c538495d7b2b8be9b66"},"headline":"Protesta en el Obelisco: muri\u00f3 un manifestante que fue detenido por la Polic\u00eda","datePublished":"2023-08-11T01:56:14+00:00","mainEntityOfPage":{"@id":"https:\/\/cvinoticias.com\/v3\/protesta-en-el-obelisco-murio-un-manifestante-que-fue-detenido-por-la-policia\/"},"wordCount":407,"commentCount":0,"publisher":{"@id":"https:\/\/cvinoticias.com\/v3\/#organization"},"image":{"@id":"https:\/\/cvinoticias.com\/v3\/protesta-en-el-obelisco-murio-un-manifestante-que-fue-detenido-por-la-policia\/#primaryimage"},"thumbnailUrl":"https:\/\/cvinoticias.com\/wp-content\/uploads\/2023\/08\/1cdc58502a8ccb2d767d6fb2c6b3be6e_M.jpg","articleSection":["Nacionales"],"inLanguage":"es","potentialAction":[{"@type":"CommentAction","name":"Comment","target":["https:\/\/cvinoticias.com\/v3\/protesta-en-el-obelisco-murio-un-manifestante-que-fue-detenido-por-la-policia\/#respond"]}]},{"@type":"WebPage","@id":"https:\/\/cvinoticias.com\/v3\/protesta-en-el-obelisco-murio-un-manifestante-que-fue-detenido-por-la-policia\/","url":"https:\/\/cvinoticias.com\/v3\/protesta-en-el-obelisco-murio-un-manifestante-que-fue-detenido-por-la-policia\/","name":"Protesta en el Obelisco: muri\u00f3 un manifestante que fue detenido por la Polic\u00eda | CVI NOTICIAS","isPartOf":{"@id":"https:\/\/cvinoticias.com\/v3\/#website"},"primaryImageOfPage":{"@id":"https:\/\/cvinoticias.com\/v3\/protesta-en-el-obelisco-murio-un-manifestante-que-fue-detenido-por-la-policia\/#primaryimage"},"image":{"@id":"https:\/\/cvinoticias.com\/v3\/protesta-en-el-obelisco-murio-un-manifestante-que-fue-detenido-por-la-policia\/#primaryimage"},"thumbnailUrl":"https:\/\/cvinoticias.com\/wp-content\/uploads\/2023\/08\/1cdc58502a8ccb2d767d6fb2c6b3be6e_M.jpg","datePublished":"2023-08-11T01:56:14+00:00","breadcrumb":{"@id":"https:\/\/cvinoticias.com\/v3\/protesta-en-el-obelisco-murio-un-manifestante-que-fue-detenido-por-la-policia\/#breadcrumb"},"inLanguage":"es","potentialAction":[{"@type":"ReadAction","target":["https:\/\/cvinoticias.com\/v3\/protesta-en-el-obelisco-murio-un-manifestante-que-fue-detenido-por-la-policia\/"]}]},{"@type":"ImageObject","inLanguage":"es","@id":"https:\/\/cvinoticias.com\/v3\/protesta-en-el-obelisco-murio-un-manifestante-que-fue-detenido-por-la-policia\/#primaryimage","url":"https:\/\/cvinoticias.com\/wp-content\/uploads\/2023\/08\/1cdc58502a8ccb2d767d6fb2c6b3be6e_M.jpg","contentUrl":"https:\/\/cvinoticias.com\/wp-content\/uploads\/2023\/08\/1cdc58502a8ccb2d767d6fb2c6b3be6e_M.jpg","width":768,"height":432},{"@type":"BreadcrumbList","@id":"https:\/\/cvinoticias.com\/v3\/protesta-en-el-obelisco-murio-un-manifestante-que-fue-detenido-por-la-policia\/#breadcrumb","itemListElement":[{"@type":"ListItem","position":1,"name":"Portada","item":"https:\/\/cvinoticias.com\/v3\/"},{"@type":"ListItem","position":2,"name":"Protesta en el Obelisco: muri\u00f3 un manifestante que fue detenido por la Polic\u00eda"}]},{"@type":"WebSite","@id":"https:\/\/cvinoticias.com\/v3\/#website","url":"https:\/\/cvinoticias.com\/v3\/","name":"CVI NOTICIAS","description":"","publisher":{"@id":"https:\/\/cvinoticias.com\/v3\/#organization"},"alternateName":"CVI","potentialAction":[{"@type":"SearchAction","target":{"@type":"EntryPoint","urlTemplate":"https:\/\/cvinoticias.com\/v3\/?s={search_term_string}"},"query-input":{"@type":"PropertyValueSpecification","valueRequired":true,"valueName":"search_term_string"}}],"inLanguage":"es"},{"@type":"Organization","@id":"https:\/\/cvinoticias.com\/v3\/#organization","name":"CVI NOTICIAS","url":"https:\/\/cvinoticias.com\/v3\/","logo":{"@type":"ImageObject","inLanguage":"es","@id":"https:\/\/cvinoticias.com\/v3\/#\/schema\/logo\/image\/","url":"https:\/\/cvinoticias.com\/wp-content\/uploads\/2023\/04\/cropped-cropped-cropped-cropped-cropped-3-1.png","contentUrl":"https:\/\/cvinoticias.com\/wp-content\/uploads\/2023\/04\/cropped-cropped-cropped-cropped-cropped-3-1.png","width":95,"height":122,"caption":"CVI NOTICIAS"},"image":{"@id":"https:\/\/cvinoticias.com\/v3\/#\/schema\/logo\/image\/"},"sameAs":["https:\/\/www.facebook.com\/cvinoticias","https:\/\/www.instagram.com\/cvinoticias\/","https:\/\/www.youtube.com\/@CVINOTICIAS"]},{"@type":"Person","@id":"https:\/\/cvinoticias.com\/v3\/#\/schema\/person\/2db77e3c6bc03c538495d7b2b8be9b66","name":"f1000024","image":{"@type":"ImageObject","inLanguage":"es","@id":"https:\/\/secure.gravatar.com\/avatar\/d4fe7459cfc51ff5129ce1a732bbef5928568b8092d412ef95611616376bbeed?s=96&d=mm&r=g","url":"https:\/\/secure.gravatar.com\/avatar\/d4fe7459cfc51ff5129ce1a732bbef5928568b8092d412ef95611616376bbeed?s=96&d=mm&r=g","contentUrl":"https:\/\/secure.gravatar.com\/avatar\/d4fe7459cfc51ff5129ce1a732bbef5928568b8092d412ef95611616376bbeed?s=96&d=mm&r=g","caption":"f1000024"},"url":"https:\/\/cvinoticias.com\/v3\/author\/f1000024\/"}]}},"_links":{"self":[{"href":"https:\/\/cvinoticias.com\/v3\/wp-json\/wp\/v2\/posts\/26993","targetHints":{"allow":["GET"]}}],"collection":[{"href":"https:\/\/cvinoticias.com\/v3\/wp-json\/wp\/v2\/posts"}],"about":[{"href":"https:\/\/cvinoticias.com\/v3\/wp-json\/wp\/v2\/types\/post"}],"author":[{"embeddable":true,"href":"https:\/\/cvinoticias.com\/v3\/wp-json\/wp\/v2\/users\/2"}],"replies":[{"embeddable":true,"href":"https:\/\/cvinoticias.com\/v3\/wp-json\/wp\/v2\/comments?post=26993"}],"version-history":[{"count":1,"href":"https:\/\/cvinoticias.com\/v3\/wp-json\/wp\/v2\/posts\/26993\/revisions"}],"predecessor-version":[{"id":26995,"href":"https:\/\/cvinoticias.com\/v3\/wp-json\/wp\/v2\/posts\/26993\/revisions\/26995"}],"wp:featuredmedia":[{"embeddable":true,"href":"https:\/\/cvinoticias.com\/v3\/wp-json\/wp\/v2\/media\/26994"}],"wp:attachment":[{"href":"https:\/\/cvinoticias.com\/v3\/wp-json\/wp\/v2\/media?parent=26993"}],"wp:term":[{"taxonomy":"category","embeddable":true,"href":"https:\/\/cvinoticias.com\/v3\/wp-json\/wp\/v2\/categories?post=26993"},{"taxonomy":"post_tag","embeddable":true,"href":"https:\/\/cvinoticias.com\/v3\/wp-json\/wp\/v2\/tags?post=26993"}],"curies":[{"name":"wp","href":"https:\/\/api.w.org\/{rel}","templated":true}]}}