{"id":26972,"date":"2023-08-10T00:18:17","date_gmt":"2023-08-10T00:18:17","guid":{"rendered":"https:\/\/cvinoticias.com\/v3\/?p=26972"},"modified":"2023-08-10T00:18:17","modified_gmt":"2023-08-10T00:18:17","slug":"el-doloroso-final-de-morena-dominguez-la-nena-de-11-anos-asesinada-por-motochorros-en-lanus","status":"publish","type":"post","link":"https:\/\/cvinoticias.com\/v3\/el-doloroso-final-de-morena-dominguez-la-nena-de-11-anos-asesinada-por-motochorros-en-lanus\/","title":{"rendered":"El doloroso final de Morena Dom\u00ednguez: la nena de 11 a\u00f1os asesinada por motochorros en Lan\u00fas"},"content":{"rendered":"\n<p><strong><em>La menor muri\u00f3 tras ser atacada por dos motochorros en Lan\u00fas. Los investigadores pedir\u00e1n la prisi\u00f3n preventiva para los dos detenidos.<\/em><\/strong><\/p>\n\n\n\n<p>La autopsia preliminar al cuerpo de Morena Dom\u00ednguez, la nena de 11 a\u00f1os atacada por motochorros durante un robo en Lan\u00fas, revel\u00f3 que muri\u00f3 por un fuerte golpe en el est\u00f3mago.<\/p>\n\n\n\n<p>Seg\u00fan se pudo saber, la menor falleci\u00f3 a causa de una hemorragia interna. Los primeros resultados del informe detallan que a Morena se le revent\u00f3 el h\u00edgado y el ri\u00f1\u00f3n luego de recibir un fuerte golpe. Con estos datos, la fiscal\u00eda tiene otra prueba para demostrar que la nena muri\u00f3 a causa del brutal ataque de los dos delincuentes que ya est\u00e1n detenidos.<\/p>\n\n\n\n<p>El doloroso final de Morena comenz\u00f3 el martes por la madrugada. Una fuente policial asegur\u00f3 que desde la noche anterior, los principales sospechosos estuvieron consumiendo drogas junto con un grupo de chicos y a la ma\u00f1ana salieron a buscar alguna v\u00edctima para sacarle su dinero, y as\u00ed poder comprar m\u00e1s.<\/p>\n\n\n\n<p>Mientras la nena preparaba la mochila para ir a la escuela, los motochorros que la atacaron para robarle estaban armando su plan delictivo. No les import\u00f3 la edad, ni su estado de vulnerabilidad. A Morena la molieron a golpes, la arrastraron por la calle, le sacaron el celular y huyeron a toda velocidad en una moto.<\/p>\n\n\n\n<p>La menor fue encontrada inconsciente por una mam\u00e1 del colegio. Le hizo RCP por varios minutos y despu\u00e9s una ambulancia la llev\u00f3 al hospital, donde muri\u00f3 horas m\u00e1s tarde.<\/p>\n\n\n\n<p>Primero se dijo que fue por un paro cardiorrespiratorio, pero la autopsia revel\u00f3 que se le revent\u00f3 el h\u00edgado y el ri\u00f1\u00f3n luego de recibir un fuerte golpe en la panza. No resisti\u00f3 el ataque.<\/p>\n","protected":false},"excerpt":{"rendered":"<p>La menor muri\u00f3 tras ser atacada por dos motochorros en Lan\u00fas. Los investigadores pedir\u00e1n la prisi\u00f3n preventiva para los dos detenidos. La autopsia preliminar al cuerpo de Morena Dom\u00ednguez, la nena de 11 a\u00f1os atacada por motochorros durante un robo en Lan\u00fas, revel\u00f3 que muri\u00f3 por un fuerte golpe en el est\u00f3mago. Seg\u00fan se pudo [&hellip;]<\/p>\n","protected":false},"author":2,"featured_media":26973,"comment_status":"open","ping_status":"open","sticky":false,"template":"","format":"standard","meta":{"footnotes":""},"categories":[39],"tags":[],"class_list":["post-26972","post","type-post","status-publish","format-standard","has-post-thumbnail","hentry","category-nacionales"],"yoast_head":"<!-- This site is optimized with the Yoast SEO plugin v27.5 - https:\/\/yoast.com\/product\/yoast-seo-wordpress\/ -->\n<title>El doloroso final de Morena Dom\u00ednguez: la nena de 11 a\u00f1os asesinada por motochorros en Lan\u00fas | CVI NOTICIAS<\/title>\n<meta name=\"robots\" content=\"index, follow, max-snippet:-1, max-image-preview:large, max-video-preview:-1\" \/>\n<link rel=\"canonical\" href=\"https:\/\/cvinoticias.com\/v3\/el-doloroso-final-de-morena-dominguez-la-nena-de-11-anos-asesinada-por-motochorros-en-lanus\/\" \/>\n<meta property=\"og:locale\" content=\"es_ES\" \/>\n<meta property=\"og:type\" content=\"article\" \/>\n<meta property=\"og:title\" content=\"El doloroso final de Morena Dom\u00ednguez: la nena de 11 a\u00f1os asesinada por motochorros en Lan\u00fas | CVI NOTICIAS\" \/>\n<meta property=\"og:description\" content=\"La menor muri\u00f3 tras ser atacada por dos motochorros en Lan\u00fas. Los investigadores pedir\u00e1n la prisi\u00f3n preventiva para los dos detenidos. La autopsia preliminar al cuerpo de Morena Dom\u00ednguez, la nena de 11 a\u00f1os atacada por motochorros durante un robo en Lan\u00fas, revel\u00f3 que muri\u00f3 por un fuerte golpe en el est\u00f3mago. Seg\u00fan se pudo [&hellip;]\" \/>\n<meta property=\"og:url\" content=\"https:\/\/cvinoticias.com\/v3\/el-doloroso-final-de-morena-dominguez-la-nena-de-11-anos-asesinada-por-motochorros-en-lanus\/\" \/>\n<meta property=\"og:site_name\" content=\"CVI NOTICIAS\" \/>\n<meta property=\"article:publisher\" content=\"https:\/\/www.facebook.com\/cvinoticias\" \/>\n<meta property=\"article:published_time\" content=\"2023-08-10T00:18:17+00:00\" \/>\n<meta property=\"og:image\" content=\"https:\/\/cvinoticias.com\/wp-content\/uploads\/2023\/08\/resize_1691625600.jpg\" \/>\n\t<meta property=\"og:image:width\" content=\"374\" \/>\n\t<meta property=\"og:image:height\" content=\"384\" \/>\n\t<meta property=\"og:image:type\" content=\"image\/jpeg\" \/>\n<meta name=\"author\" content=\"f1000024\" \/>\n<meta name=\"twitter:card\" content=\"summary_large_image\" \/>\n<meta name=\"twitter:label1\" content=\"Escrito por\" \/>\n\t<meta name=\"twitter:data1\" content=\"f1000024\" \/>\n\t<meta name=\"twitter:label2\" content=\"Tiempo de lectura\" \/>\n\t<meta name=\"twitter:data2\" content=\"2 minutos\" \/>\n<script type=\"application\/ld+json\" class=\"yoast-schema-graph\">{\"@context\":\"https:\\\/\\\/schema.org\",\"@graph\":[{\"@type\":\"Article\",\"@id\":\"https:\\\/\\\/cvinoticias.com\\\/v3\\\/el-doloroso-final-de-morena-dominguez-la-nena-de-11-anos-asesinada-por-motochorros-en-lanus\\\/#article\",\"isPartOf\":{\"@id\":\"https:\\\/\\\/cvinoticias.com\\\/v3\\\/el-doloroso-final-de-morena-dominguez-la-nena-de-11-anos-asesinada-por-motochorros-en-lanus\\\/\"},\"author\":{\"name\":\"f1000024\",\"@id\":\"https:\\\/\\\/cvinoticias.com\\\/v3\\\/#\\\/schema\\\/person\\\/2db77e3c6bc03c538495d7b2b8be9b66\"},\"headline\":\"El doloroso final de Morena Dom\u00ednguez: la nena de 11 a\u00f1os asesinada por motochorros en Lan\u00fas\",\"datePublished\":\"2023-08-10T00:18:17+00:00\",\"mainEntityOfPage\":{\"@id\":\"https:\\\/\\\/cvinoticias.com\\\/v3\\\/el-doloroso-final-de-morena-dominguez-la-nena-de-11-anos-asesinada-por-motochorros-en-lanus\\\/\"},\"wordCount\":321,\"commentCount\":0,\"publisher\":{\"@id\":\"https:\\\/\\\/cvinoticias.com\\\/v3\\\/#organization\"},\"image\":{\"@id\":\"https:\\\/\\\/cvinoticias.com\\\/v3\\\/el-doloroso-final-de-morena-dominguez-la-nena-de-11-anos-asesinada-por-motochorros-en-lanus\\\/#primaryimage\"},\"thumbnailUrl\":\"https:\\\/\\\/cvinoticias.com\\\/wp-content\\\/uploads\\\/2023\\\/08\\\/resize_1691625600.jpg\",\"articleSection\":[\"Nacionales\"],\"inLanguage\":\"es\",\"potentialAction\":[{\"@type\":\"CommentAction\",\"name\":\"Comment\",\"target\":[\"https:\\\/\\\/cvinoticias.com\\\/v3\\\/el-doloroso-final-de-morena-dominguez-la-nena-de-11-anos-asesinada-por-motochorros-en-lanus\\\/#respond\"]}]},{\"@type\":\"WebPage\",\"@id\":\"https:\\\/\\\/cvinoticias.com\\\/v3\\\/el-doloroso-final-de-morena-dominguez-la-nena-de-11-anos-asesinada-por-motochorros-en-lanus\\\/\",\"url\":\"https:\\\/\\\/cvinoticias.com\\\/v3\\\/el-doloroso-final-de-morena-dominguez-la-nena-de-11-anos-asesinada-por-motochorros-en-lanus\\\/\",\"name\":\"El doloroso final de Morena Dom\u00ednguez: la nena de 11 a\u00f1os asesinada por motochorros en Lan\u00fas | CVI NOTICIAS\",\"isPartOf\":{\"@id\":\"https:\\\/\\\/cvinoticias.com\\\/v3\\\/#website\"},\"primaryImageOfPage\":{\"@id\":\"https:\\\/\\\/cvinoticias.com\\\/v3\\\/el-doloroso-final-de-morena-dominguez-la-nena-de-11-anos-asesinada-por-motochorros-en-lanus\\\/#primaryimage\"},\"image\":{\"@id\":\"https:\\\/\\\/cvinoticias.com\\\/v3\\\/el-doloroso-final-de-morena-dominguez-la-nena-de-11-anos-asesinada-por-motochorros-en-lanus\\\/#primaryimage\"},\"thumbnailUrl\":\"https:\\\/\\\/cvinoticias.com\\\/wp-content\\\/uploads\\\/2023\\\/08\\\/resize_1691625600.jpg\",\"datePublished\":\"2023-08-10T00:18:17+00:00\",\"breadcrumb\":{\"@id\":\"https:\\\/\\\/cvinoticias.com\\\/v3\\\/el-doloroso-final-de-morena-dominguez-la-nena-de-11-anos-asesinada-por-motochorros-en-lanus\\\/#breadcrumb\"},\"inLanguage\":\"es\",\"potentialAction\":[{\"@type\":\"ReadAction\",\"target\":[\"https:\\\/\\\/cvinoticias.com\\\/v3\\\/el-doloroso-final-de-morena-dominguez-la-nena-de-11-anos-asesinada-por-motochorros-en-lanus\\\/\"]}]},{\"@type\":\"ImageObject\",\"inLanguage\":\"es\",\"@id\":\"https:\\\/\\\/cvinoticias.com\\\/v3\\\/el-doloroso-final-de-morena-dominguez-la-nena-de-11-anos-asesinada-por-motochorros-en-lanus\\\/#primaryimage\",\"url\":\"https:\\\/\\\/cvinoticias.com\\\/wp-content\\\/uploads\\\/2023\\\/08\\\/resize_1691625600.jpg\",\"contentUrl\":\"https:\\\/\\\/cvinoticias.com\\\/wp-content\\\/uploads\\\/2023\\\/08\\\/resize_1691625600.jpg\",\"width\":374,\"height\":384},{\"@type\":\"BreadcrumbList\",\"@id\":\"https:\\\/\\\/cvinoticias.com\\\/v3\\\/el-doloroso-final-de-morena-dominguez-la-nena-de-11-anos-asesinada-por-motochorros-en-lanus\\\/#breadcrumb\",\"itemListElement\":[{\"@type\":\"ListItem\",\"position\":1,\"name\":\"Portada\",\"item\":\"https:\\\/\\\/cvinoticias.com\\\/v3\\\/\"},{\"@type\":\"ListItem\",\"position\":2,\"name\":\"El doloroso final de Morena Dom\u00ednguez: la nena de 11 a\u00f1os asesinada por motochorros en Lan\u00fas\"}]},{\"@type\":\"WebSite\",\"@id\":\"https:\\\/\\\/cvinoticias.com\\\/v3\\\/#website\",\"url\":\"https:\\\/\\\/cvinoticias.com\\\/v3\\\/\",\"name\":\"CVI NOTICIAS\",\"description\":\"\",\"publisher\":{\"@id\":\"https:\\\/\\\/cvinoticias.com\\\/v3\\\/#organization\"},\"alternateName\":\"CVI\",\"potentialAction\":[{\"@type\":\"SearchAction\",\"target\":{\"@type\":\"EntryPoint\",\"urlTemplate\":\"https:\\\/\\\/cvinoticias.com\\\/v3\\\/?s={search_term_string}\"},\"query-input\":{\"@type\":\"PropertyValueSpecification\",\"valueRequired\":true,\"valueName\":\"search_term_string\"}}],\"inLanguage\":\"es\"},{\"@type\":\"Organization\",\"@id\":\"https:\\\/\\\/cvinoticias.com\\\/v3\\\/#organization\",\"name\":\"CVI NOTICIAS\",\"url\":\"https:\\\/\\\/cvinoticias.com\\\/v3\\\/\",\"logo\":{\"@type\":\"ImageObject\",\"inLanguage\":\"es\",\"@id\":\"https:\\\/\\\/cvinoticias.com\\\/v3\\\/#\\\/schema\\\/logo\\\/image\\\/\",\"url\":\"https:\\\/\\\/cvinoticias.com\\\/wp-content\\\/uploads\\\/2023\\\/04\\\/cropped-cropped-cropped-cropped-cropped-3-1.png\",\"contentUrl\":\"https:\\\/\\\/cvinoticias.com\\\/wp-content\\\/uploads\\\/2023\\\/04\\\/cropped-cropped-cropped-cropped-cropped-3-1.png\",\"width\":95,\"height\":122,\"caption\":\"CVI NOTICIAS\"},\"image\":{\"@id\":\"https:\\\/\\\/cvinoticias.com\\\/v3\\\/#\\\/schema\\\/logo\\\/image\\\/\"},\"sameAs\":[\"https:\\\/\\\/www.facebook.com\\\/cvinoticias\",\"https:\\\/\\\/www.instagram.com\\\/cvinoticias\\\/\",\"https:\\\/\\\/www.youtube.com\\\/@CVINOTICIAS\"]},{\"@type\":\"Person\",\"@id\":\"https:\\\/\\\/cvinoticias.com\\\/v3\\\/#\\\/schema\\\/person\\\/2db77e3c6bc03c538495d7b2b8be9b66\",\"name\":\"f1000024\",\"image\":{\"@type\":\"ImageObject\",\"inLanguage\":\"es\",\"@id\":\"https:\\\/\\\/secure.gravatar.com\\\/avatar\\\/d4fe7459cfc51ff5129ce1a732bbef5928568b8092d412ef95611616376bbeed?s=96&d=mm&r=g\",\"url\":\"https:\\\/\\\/secure.gravatar.com\\\/avatar\\\/d4fe7459cfc51ff5129ce1a732bbef5928568b8092d412ef95611616376bbeed?s=96&d=mm&r=g\",\"contentUrl\":\"https:\\\/\\\/secure.gravatar.com\\\/avatar\\\/d4fe7459cfc51ff5129ce1a732bbef5928568b8092d412ef95611616376bbeed?s=96&d=mm&r=g\",\"caption\":\"f1000024\"},\"url\":\"https:\\\/\\\/cvinoticias.com\\\/v3\\\/author\\\/f1000024\\\/\"}]}<\/script>\n<!-- \/ Yoast SEO plugin. -->","yoast_head_json":{"title":"El doloroso final de Morena Dom\u00ednguez: la nena de 11 a\u00f1os asesinada por motochorros en Lan\u00fas | CVI NOTICIAS","robots":{"index":"index","follow":"follow","max-snippet":"max-snippet:-1","max-image-preview":"max-image-preview:large","max-video-preview":"max-video-preview:-1"},"canonical":"https:\/\/cvinoticias.com\/v3\/el-doloroso-final-de-morena-dominguez-la-nena-de-11-anos-asesinada-por-motochorros-en-lanus\/","og_locale":"es_ES","og_type":"article","og_title":"El doloroso final de Morena Dom\u00ednguez: la nena de 11 a\u00f1os asesinada por motochorros en Lan\u00fas | CVI NOTICIAS","og_description":"La menor muri\u00f3 tras ser atacada por dos motochorros en Lan\u00fas. Los investigadores pedir\u00e1n la prisi\u00f3n preventiva para los dos detenidos. La autopsia preliminar al cuerpo de Morena Dom\u00ednguez, la nena de 11 a\u00f1os atacada por motochorros durante un robo en Lan\u00fas, revel\u00f3 que muri\u00f3 por un fuerte golpe en el est\u00f3mago. Seg\u00fan se pudo [&hellip;]","og_url":"https:\/\/cvinoticias.com\/v3\/el-doloroso-final-de-morena-dominguez-la-nena-de-11-anos-asesinada-por-motochorros-en-lanus\/","og_site_name":"CVI NOTICIAS","article_publisher":"https:\/\/www.facebook.com\/cvinoticias","article_published_time":"2023-08-10T00:18:17+00:00","og_image":[{"width":374,"height":384,"url":"https:\/\/cvinoticias.com\/wp-content\/uploads\/2023\/08\/resize_1691625600.jpg","type":"image\/jpeg"}],"author":"f1000024","twitter_card":"summary_large_image","twitter_misc":{"Escrito por":"f1000024","Tiempo de lectura":"2 minutos"},"schema":{"@context":"https:\/\/schema.org","@graph":[{"@type":"Article","@id":"https:\/\/cvinoticias.com\/v3\/el-doloroso-final-de-morena-dominguez-la-nena-de-11-anos-asesinada-por-motochorros-en-lanus\/#article","isPartOf":{"@id":"https:\/\/cvinoticias.com\/v3\/el-doloroso-final-de-morena-dominguez-la-nena-de-11-anos-asesinada-por-motochorros-en-lanus\/"},"author":{"name":"f1000024","@id":"https:\/\/cvinoticias.com\/v3\/#\/schema\/person\/2db77e3c6bc03c538495d7b2b8be9b66"},"headline":"El doloroso final de Morena Dom\u00ednguez: la nena de 11 a\u00f1os asesinada por motochorros en Lan\u00fas","datePublished":"2023-08-10T00:18:17+00:00","mainEntityOfPage":{"@id":"https:\/\/cvinoticias.com\/v3\/el-doloroso-final-de-morena-dominguez-la-nena-de-11-anos-asesinada-por-motochorros-en-lanus\/"},"wordCount":321,"commentCount":0,"publisher":{"@id":"https:\/\/cvinoticias.com\/v3\/#organization"},"image":{"@id":"https:\/\/cvinoticias.com\/v3\/el-doloroso-final-de-morena-dominguez-la-nena-de-11-anos-asesinada-por-motochorros-en-lanus\/#primaryimage"},"thumbnailUrl":"https:\/\/cvinoticias.com\/wp-content\/uploads\/2023\/08\/resize_1691625600.jpg","articleSection":["Nacionales"],"inLanguage":"es","potentialAction":[{"@type":"CommentAction","name":"Comment","target":["https:\/\/cvinoticias.com\/v3\/el-doloroso-final-de-morena-dominguez-la-nena-de-11-anos-asesinada-por-motochorros-en-lanus\/#respond"]}]},{"@type":"WebPage","@id":"https:\/\/cvinoticias.com\/v3\/el-doloroso-final-de-morena-dominguez-la-nena-de-11-anos-asesinada-por-motochorros-en-lanus\/","url":"https:\/\/cvinoticias.com\/v3\/el-doloroso-final-de-morena-dominguez-la-nena-de-11-anos-asesinada-por-motochorros-en-lanus\/","name":"El doloroso final de Morena Dom\u00ednguez: la nena de 11 a\u00f1os asesinada por motochorros en Lan\u00fas | CVI NOTICIAS","isPartOf":{"@id":"https:\/\/cvinoticias.com\/v3\/#website"},"primaryImageOfPage":{"@id":"https:\/\/cvinoticias.com\/v3\/el-doloroso-final-de-morena-dominguez-la-nena-de-11-anos-asesinada-por-motochorros-en-lanus\/#primaryimage"},"image":{"@id":"https:\/\/cvinoticias.com\/v3\/el-doloroso-final-de-morena-dominguez-la-nena-de-11-anos-asesinada-por-motochorros-en-lanus\/#primaryimage"},"thumbnailUrl":"https:\/\/cvinoticias.com\/wp-content\/uploads\/2023\/08\/resize_1691625600.jpg","datePublished":"2023-08-10T00:18:17+00:00","breadcrumb":{"@id":"https:\/\/cvinoticias.com\/v3\/el-doloroso-final-de-morena-dominguez-la-nena-de-11-anos-asesinada-por-motochorros-en-lanus\/#breadcrumb"},"inLanguage":"es","potentialAction":[{"@type":"ReadAction","target":["https:\/\/cvinoticias.com\/v3\/el-doloroso-final-de-morena-dominguez-la-nena-de-11-anos-asesinada-por-motochorros-en-lanus\/"]}]},{"@type":"ImageObject","inLanguage":"es","@id":"https:\/\/cvinoticias.com\/v3\/el-doloroso-final-de-morena-dominguez-la-nena-de-11-anos-asesinada-por-motochorros-en-lanus\/#primaryimage","url":"https:\/\/cvinoticias.com\/wp-content\/uploads\/2023\/08\/resize_1691625600.jpg","contentUrl":"https:\/\/cvinoticias.com\/wp-content\/uploads\/2023\/08\/resize_1691625600.jpg","width":374,"height":384},{"@type":"BreadcrumbList","@id":"https:\/\/cvinoticias.com\/v3\/el-doloroso-final-de-morena-dominguez-la-nena-de-11-anos-asesinada-por-motochorros-en-lanus\/#breadcrumb","itemListElement":[{"@type":"ListItem","position":1,"name":"Portada","item":"https:\/\/cvinoticias.com\/v3\/"},{"@type":"ListItem","position":2,"name":"El doloroso final de Morena Dom\u00ednguez: la nena de 11 a\u00f1os asesinada por motochorros en Lan\u00fas"}]},{"@type":"WebSite","@id":"https:\/\/cvinoticias.com\/v3\/#website","url":"https:\/\/cvinoticias.com\/v3\/","name":"CVI NOTICIAS","description":"","publisher":{"@id":"https:\/\/cvinoticias.com\/v3\/#organization"},"alternateName":"CVI","potentialAction":[{"@type":"SearchAction","target":{"@type":"EntryPoint","urlTemplate":"https:\/\/cvinoticias.com\/v3\/?s={search_term_string}"},"query-input":{"@type":"PropertyValueSpecification","valueRequired":true,"valueName":"search_term_string"}}],"inLanguage":"es"},{"@type":"Organization","@id":"https:\/\/cvinoticias.com\/v3\/#organization","name":"CVI NOTICIAS","url":"https:\/\/cvinoticias.com\/v3\/","logo":{"@type":"ImageObject","inLanguage":"es","@id":"https:\/\/cvinoticias.com\/v3\/#\/schema\/logo\/image\/","url":"https:\/\/cvinoticias.com\/wp-content\/uploads\/2023\/04\/cropped-cropped-cropped-cropped-cropped-3-1.png","contentUrl":"https:\/\/cvinoticias.com\/wp-content\/uploads\/2023\/04\/cropped-cropped-cropped-cropped-cropped-3-1.png","width":95,"height":122,"caption":"CVI NOTICIAS"},"image":{"@id":"https:\/\/cvinoticias.com\/v3\/#\/schema\/logo\/image\/"},"sameAs":["https:\/\/www.facebook.com\/cvinoticias","https:\/\/www.instagram.com\/cvinoticias\/","https:\/\/www.youtube.com\/@CVINOTICIAS"]},{"@type":"Person","@id":"https:\/\/cvinoticias.com\/v3\/#\/schema\/person\/2db77e3c6bc03c538495d7b2b8be9b66","name":"f1000024","image":{"@type":"ImageObject","inLanguage":"es","@id":"https:\/\/secure.gravatar.com\/avatar\/d4fe7459cfc51ff5129ce1a732bbef5928568b8092d412ef95611616376bbeed?s=96&d=mm&r=g","url":"https:\/\/secure.gravatar.com\/avatar\/d4fe7459cfc51ff5129ce1a732bbef5928568b8092d412ef95611616376bbeed?s=96&d=mm&r=g","contentUrl":"https:\/\/secure.gravatar.com\/avatar\/d4fe7459cfc51ff5129ce1a732bbef5928568b8092d412ef95611616376bbeed?s=96&d=mm&r=g","caption":"f1000024"},"url":"https:\/\/cvinoticias.com\/v3\/author\/f1000024\/"}]}},"_links":{"self":[{"href":"https:\/\/cvinoticias.com\/v3\/wp-json\/wp\/v2\/posts\/26972","targetHints":{"allow":["GET"]}}],"collection":[{"href":"https:\/\/cvinoticias.com\/v3\/wp-json\/wp\/v2\/posts"}],"about":[{"href":"https:\/\/cvinoticias.com\/v3\/wp-json\/wp\/v2\/types\/post"}],"author":[{"embeddable":true,"href":"https:\/\/cvinoticias.com\/v3\/wp-json\/wp\/v2\/users\/2"}],"replies":[{"embeddable":true,"href":"https:\/\/cvinoticias.com\/v3\/wp-json\/wp\/v2\/comments?post=26972"}],"version-history":[{"count":1,"href":"https:\/\/cvinoticias.com\/v3\/wp-json\/wp\/v2\/posts\/26972\/revisions"}],"predecessor-version":[{"id":26974,"href":"https:\/\/cvinoticias.com\/v3\/wp-json\/wp\/v2\/posts\/26972\/revisions\/26974"}],"wp:featuredmedia":[{"embeddable":true,"href":"https:\/\/cvinoticias.com\/v3\/wp-json\/wp\/v2\/media\/26973"}],"wp:attachment":[{"href":"https:\/\/cvinoticias.com\/v3\/wp-json\/wp\/v2\/media?parent=26972"}],"wp:term":[{"taxonomy":"category","embeddable":true,"href":"https:\/\/cvinoticias.com\/v3\/wp-json\/wp\/v2\/categories?post=26972"},{"taxonomy":"post_tag","embeddable":true,"href":"https:\/\/cvinoticias.com\/v3\/wp-json\/wp\/v2\/tags?post=26972"}],"curies":[{"name":"wp","href":"https:\/\/api.w.org\/{rel}","templated":true}]}}