{"id":26957,"date":"2023-08-09T12:50:56","date_gmt":"2023-08-09T12:50:56","guid":{"rendered":"https:\/\/cvinoticias.com\/v3\/?p=26957"},"modified":"2023-08-09T12:50:56","modified_gmt":"2023-08-09T12:50:56","slug":"pedra-la-nueva-droga-que-viene-de-brasil-y-esta-instalada-en-misiones","status":"publish","type":"post","link":"https:\/\/cvinoticias.com\/v3\/pedra-la-nueva-droga-que-viene-de-brasil-y-esta-instalada-en-misiones\/","title":{"rendered":"Pedra, la nueva droga que viene de Brasil y est\u00e1 instalada en Misiones"},"content":{"rendered":"\n<p><strong><em>Una importante visita tuvo relevancia en la Ciudad de las Cataratas, personal del Ministerio De Seguridad de la Naci\u00f3n, a cargo del Licenciado. Marcelo Puella quien se desempe\u00f1a como director de Proyectos Legislativos del Ministerio de Seguridad visito varias localidades de la zona Norte de la Provincia de Misiones, acompa\u00f1ado por Fuerzas Federales a a ra\u00edz de la problem\u00e1tica del consumo de la droga llamada \u201cPedra\u201d que vive en estos \u00faltimos tiempos en nuestra provincia.<\/em><\/strong><\/p>\n\n\n\n<p>Luego de los reportes que se dieron a conocer por los medios de comunicaci\u00f3n Nacional por el excesivo consumo y da\u00f1o que est\u00e1 ocasionando esta droga en la Provincia de Misiones. La Pedra es una droga que es extremadamente barata y adictiva, una mezcla del residuo de la producci\u00f3n de la coca\u00edna con otras sustancias, empez\u00f3 a crecer en los barrios hace un tiempo, y no tard\u00f3 mucho en volverse una epidemia. El drama se llama Pedra (\u201dpiedra\u201d en portugu\u00e9s), y llega desde Brasil inundando las ciudades de Misiones que est\u00e1n cerca de las fronteras, en este contexto el Funcionario y comitiva pudieron comprobar luego de varias recorridas en localidades de la zona norte de la existencia de personas en estado de zombies afectados por el consumo de la pedra, ya que la sociedad se encuentra preocupada, que hay un n\u00famero importante de j\u00f3venes que estar\u00edan adictos a este residuo de estupefacientes, el cual esta haciendo mucho da\u00f1o a la comunidad en general.<\/p>\n\n\n\n<figure class=\"wp-block-image size-large\"><a href=\"https:\/\/cvinoticias.com\/wp-content\/uploads\/2023\/08\/Screenshot_20230809_094749_Word.jpg\"><img decoding=\"async\" width=\"564\" height=\"1024\" data-src=\"https:\/\/cvinoticias.com\/wp-content\/uploads\/2023\/08\/Screenshot_20230809_094749_Word-564x1024.jpg\" alt=\"\" class=\"wp-image-26958 lazyload\" data-srcset=\"https:\/\/cvinoticias.com\/wp-content\/uploads\/2023\/08\/Screenshot_20230809_094749_Word-564x1024.jpg 564w, https:\/\/cvinoticias.com\/wp-content\/uploads\/2023\/08\/Screenshot_20230809_094749_Word-165x300.jpg 165w, https:\/\/cvinoticias.com\/wp-content\/uploads\/2023\/08\/Screenshot_20230809_094749_Word-768x1394.jpg 768w, https:\/\/cvinoticias.com\/wp-content\/uploads\/2023\/08\/Screenshot_20230809_094749_Word-846x1536.jpg 846w, https:\/\/cvinoticias.com\/wp-content\/uploads\/2023\/08\/Screenshot_20230809_094749_Word.jpg 906w\" data-sizes=\"(max-width: 564px) 100vw, 564px\" src=\"data:image\/svg+xml;base64,PHN2ZyB3aWR0aD0iMSIgaGVpZ2h0PSIxIiB4bWxucz0iaHR0cDovL3d3dy53My5vcmcvMjAwMC9zdmciPjwvc3ZnPg==\" style=\"--smush-placeholder-width: 564px; --smush-placeholder-aspect-ratio: 564\/1024;\" \/><\/a><\/figure>\n\n\n\n<p>La velocidad a la que Pedra avanza hizo que r\u00e1pidamente llegara a ciudades del interior de Misiones, y adem\u00e1s de un problema de salud p\u00fablica, se fue volviendo tambi\u00e9n un problema de seguridad. Los vecinos que viven en los barrios en los que vagan los zombies de Pedra, tambi\u00e9n son las v\u00edctimas de sus robos.<\/p>\n\n\n\n<p>Cabe mencionar que los consumidores no necesitan demasiado para volverse dependientes, y el drama se traslada de inmediato a sus familias y a sus barrios. Centenares de madres ven a sus hijos convertirse en espectros. La droga es muy barata, y la adicci\u00f3n los obliga a m\u00faltiples consumos en un d\u00eda., Ante esta situaci\u00f3n el Ministerio de Seguridad pudo corroborar la gravedad que genera esta droga y junto a las fuerzas federales est\u00e1n haciendo todo lo posible para combatir este tr\u00e1fico de estupefacientes que est\u00e1 afectando a esta Provincia.<\/p>\n\n\n\n<figure class=\"wp-block-image size-large\"><a href=\"https:\/\/cvinoticias.com\/wp-content\/uploads\/2023\/08\/Screenshot_20230809_094712_Word.jpg\"><img decoding=\"async\" width=\"559\" height=\"1024\" data-src=\"https:\/\/cvinoticias.com\/wp-content\/uploads\/2023\/08\/Screenshot_20230809_094712_Word-559x1024.jpg\" alt=\"\" class=\"wp-image-26959 lazyload\" data-srcset=\"https:\/\/cvinoticias.com\/wp-content\/uploads\/2023\/08\/Screenshot_20230809_094712_Word-559x1024.jpg 559w, https:\/\/cvinoticias.com\/wp-content\/uploads\/2023\/08\/Screenshot_20230809_094712_Word-164x300.jpg 164w, https:\/\/cvinoticias.com\/wp-content\/uploads\/2023\/08\/Screenshot_20230809_094712_Word-768x1407.jpg 768w, https:\/\/cvinoticias.com\/wp-content\/uploads\/2023\/08\/Screenshot_20230809_094712_Word-839x1536.jpg 839w, https:\/\/cvinoticias.com\/wp-content\/uploads\/2023\/08\/Screenshot_20230809_094712_Word.jpg 914w\" data-sizes=\"(max-width: 559px) 100vw, 559px\" src=\"data:image\/svg+xml;base64,PHN2ZyB3aWR0aD0iMSIgaGVpZ2h0PSIxIiB4bWxucz0iaHR0cDovL3d3dy53My5vcmcvMjAwMC9zdmciPjwvc3ZnPg==\" style=\"--smush-placeholder-width: 559px; --smush-placeholder-aspect-ratio: 559\/1024;\" \/><\/a><\/figure>\n","protected":false},"excerpt":{"rendered":"<p>Una importante visita tuvo relevancia en la Ciudad de las Cataratas, personal del Ministerio De Seguridad de la Naci\u00f3n, a cargo del Licenciado. Marcelo Puella quien se desempe\u00f1a como director de Proyectos Legislativos del Ministerio de Seguridad visito varias localidades de la zona Norte de la Provincia de Misiones, acompa\u00f1ado por Fuerzas Federales a a [&hellip;]<\/p>\n","protected":false},"author":2,"featured_media":26960,"comment_status":"open","ping_status":"open","sticky":false,"template":"","format":"standard","meta":{"footnotes":""},"categories":[35],"tags":[],"class_list":["post-26957","post","type-post","status-publish","format-standard","has-post-thumbnail","hentry","category-informacion-general"],"yoast_head":"<!-- This site is optimized with the Yoast SEO plugin v27.4 - https:\/\/yoast.com\/product\/yoast-seo-wordpress\/ -->\n<title>Pedra, la nueva droga que viene de Brasil y est\u00e1 instalada en Misiones | CVI NOTICIAS<\/title>\n<meta name=\"robots\" content=\"index, follow, max-snippet:-1, max-image-preview:large, max-video-preview:-1\" \/>\n<link rel=\"canonical\" href=\"https:\/\/cvinoticias.com\/v3\/pedra-la-nueva-droga-que-viene-de-brasil-y-esta-instalada-en-misiones\/\" \/>\n<meta property=\"og:locale\" content=\"es_ES\" \/>\n<meta property=\"og:type\" content=\"article\" \/>\n<meta property=\"og:title\" content=\"Pedra, la nueva droga que viene de Brasil y est\u00e1 instalada en Misiones | CVI NOTICIAS\" \/>\n<meta property=\"og:description\" content=\"Una importante visita tuvo relevancia en la Ciudad de las Cataratas, personal del Ministerio De Seguridad de la Naci\u00f3n, a cargo del Licenciado. Marcelo Puella quien se desempe\u00f1a como director de Proyectos Legislativos del Ministerio de Seguridad visito varias localidades de la zona Norte de la Provincia de Misiones, acompa\u00f1ado por Fuerzas Federales a a [&hellip;]\" \/>\n<meta property=\"og:url\" content=\"https:\/\/cvinoticias.com\/v3\/pedra-la-nueva-droga-que-viene-de-brasil-y-esta-instalada-en-misiones\/\" \/>\n<meta property=\"og:site_name\" content=\"CVI NOTICIAS\" \/>\n<meta property=\"article:publisher\" content=\"https:\/\/www.facebook.com\/cvinoticias\" \/>\n<meta property=\"article:published_time\" content=\"2023-08-09T12:50:56+00:00\" \/>\n<meta property=\"og:image\" content=\"https:\/\/cvinoticias.com\/wp-content\/uploads\/2023\/08\/Screenshot_20230809_094630_Word.jpg\" \/>\n\t<meta property=\"og:image:width\" content=\"910\" \/>\n\t<meta property=\"og:image:height\" content=\"1482\" \/>\n\t<meta property=\"og:image:type\" content=\"image\/jpeg\" \/>\n<meta name=\"author\" content=\"f1000024\" \/>\n<meta name=\"twitter:card\" content=\"summary_large_image\" \/>\n<meta name=\"twitter:label1\" content=\"Escrito por\" \/>\n\t<meta name=\"twitter:data1\" content=\"f1000024\" \/>\n\t<meta name=\"twitter:label2\" content=\"Tiempo de lectura\" \/>\n\t<meta name=\"twitter:data2\" content=\"2 minutos\" \/>\n<script type=\"application\/ld+json\" class=\"yoast-schema-graph\">{\"@context\":\"https:\\\/\\\/schema.org\",\"@graph\":[{\"@type\":\"Article\",\"@id\":\"https:\\\/\\\/cvinoticias.com\\\/v3\\\/pedra-la-nueva-droga-que-viene-de-brasil-y-esta-instalada-en-misiones\\\/#article\",\"isPartOf\":{\"@id\":\"https:\\\/\\\/cvinoticias.com\\\/v3\\\/pedra-la-nueva-droga-que-viene-de-brasil-y-esta-instalada-en-misiones\\\/\"},\"author\":{\"name\":\"f1000024\",\"@id\":\"https:\\\/\\\/cvinoticias.com\\\/v3\\\/#\\\/schema\\\/person\\\/2db77e3c6bc03c538495d7b2b8be9b66\"},\"headline\":\"Pedra, la nueva droga que viene de Brasil y est\u00e1 instalada en Misiones\",\"datePublished\":\"2023-08-09T12:50:56+00:00\",\"mainEntityOfPage\":{\"@id\":\"https:\\\/\\\/cvinoticias.com\\\/v3\\\/pedra-la-nueva-droga-que-viene-de-brasil-y-esta-instalada-en-misiones\\\/\"},\"wordCount\":422,\"commentCount\":0,\"publisher\":{\"@id\":\"https:\\\/\\\/cvinoticias.com\\\/v3\\\/#organization\"},\"image\":{\"@id\":\"https:\\\/\\\/cvinoticias.com\\\/v3\\\/pedra-la-nueva-droga-que-viene-de-brasil-y-esta-instalada-en-misiones\\\/#primaryimage\"},\"thumbnailUrl\":\"https:\\\/\\\/cvinoticias.com\\\/wp-content\\\/uploads\\\/2023\\\/08\\\/Screenshot_20230809_094630_Word.jpg\",\"articleSection\":[\"Informaci\u00f3n General\"],\"inLanguage\":\"es\",\"potentialAction\":[{\"@type\":\"CommentAction\",\"name\":\"Comment\",\"target\":[\"https:\\\/\\\/cvinoticias.com\\\/v3\\\/pedra-la-nueva-droga-que-viene-de-brasil-y-esta-instalada-en-misiones\\\/#respond\"]}]},{\"@type\":\"WebPage\",\"@id\":\"https:\\\/\\\/cvinoticias.com\\\/v3\\\/pedra-la-nueva-droga-que-viene-de-brasil-y-esta-instalada-en-misiones\\\/\",\"url\":\"https:\\\/\\\/cvinoticias.com\\\/v3\\\/pedra-la-nueva-droga-que-viene-de-brasil-y-esta-instalada-en-misiones\\\/\",\"name\":\"Pedra, la nueva droga que viene de Brasil y est\u00e1 instalada en Misiones | CVI NOTICIAS\",\"isPartOf\":{\"@id\":\"https:\\\/\\\/cvinoticias.com\\\/v3\\\/#website\"},\"primaryImageOfPage\":{\"@id\":\"https:\\\/\\\/cvinoticias.com\\\/v3\\\/pedra-la-nueva-droga-que-viene-de-brasil-y-esta-instalada-en-misiones\\\/#primaryimage\"},\"image\":{\"@id\":\"https:\\\/\\\/cvinoticias.com\\\/v3\\\/pedra-la-nueva-droga-que-viene-de-brasil-y-esta-instalada-en-misiones\\\/#primaryimage\"},\"thumbnailUrl\":\"https:\\\/\\\/cvinoticias.com\\\/wp-content\\\/uploads\\\/2023\\\/08\\\/Screenshot_20230809_094630_Word.jpg\",\"datePublished\":\"2023-08-09T12:50:56+00:00\",\"breadcrumb\":{\"@id\":\"https:\\\/\\\/cvinoticias.com\\\/v3\\\/pedra-la-nueva-droga-que-viene-de-brasil-y-esta-instalada-en-misiones\\\/#breadcrumb\"},\"inLanguage\":\"es\",\"potentialAction\":[{\"@type\":\"ReadAction\",\"target\":[\"https:\\\/\\\/cvinoticias.com\\\/v3\\\/pedra-la-nueva-droga-que-viene-de-brasil-y-esta-instalada-en-misiones\\\/\"]}]},{\"@type\":\"ImageObject\",\"inLanguage\":\"es\",\"@id\":\"https:\\\/\\\/cvinoticias.com\\\/v3\\\/pedra-la-nueva-droga-que-viene-de-brasil-y-esta-instalada-en-misiones\\\/#primaryimage\",\"url\":\"https:\\\/\\\/cvinoticias.com\\\/wp-content\\\/uploads\\\/2023\\\/08\\\/Screenshot_20230809_094630_Word.jpg\",\"contentUrl\":\"https:\\\/\\\/cvinoticias.com\\\/wp-content\\\/uploads\\\/2023\\\/08\\\/Screenshot_20230809_094630_Word.jpg\",\"width\":910,\"height\":1482},{\"@type\":\"BreadcrumbList\",\"@id\":\"https:\\\/\\\/cvinoticias.com\\\/v3\\\/pedra-la-nueva-droga-que-viene-de-brasil-y-esta-instalada-en-misiones\\\/#breadcrumb\",\"itemListElement\":[{\"@type\":\"ListItem\",\"position\":1,\"name\":\"Portada\",\"item\":\"https:\\\/\\\/cvinoticias.com\\\/v3\\\/\"},{\"@type\":\"ListItem\",\"position\":2,\"name\":\"Pedra, la nueva droga que viene de Brasil y est\u00e1 instalada en Misiones\"}]},{\"@type\":\"WebSite\",\"@id\":\"https:\\\/\\\/cvinoticias.com\\\/v3\\\/#website\",\"url\":\"https:\\\/\\\/cvinoticias.com\\\/v3\\\/\",\"name\":\"CVI NOTICIAS\",\"description\":\"\",\"publisher\":{\"@id\":\"https:\\\/\\\/cvinoticias.com\\\/v3\\\/#organization\"},\"alternateName\":\"CVI\",\"potentialAction\":[{\"@type\":\"SearchAction\",\"target\":{\"@type\":\"EntryPoint\",\"urlTemplate\":\"https:\\\/\\\/cvinoticias.com\\\/v3\\\/?s={search_term_string}\"},\"query-input\":{\"@type\":\"PropertyValueSpecification\",\"valueRequired\":true,\"valueName\":\"search_term_string\"}}],\"inLanguage\":\"es\"},{\"@type\":\"Organization\",\"@id\":\"https:\\\/\\\/cvinoticias.com\\\/v3\\\/#organization\",\"name\":\"CVI NOTICIAS\",\"url\":\"https:\\\/\\\/cvinoticias.com\\\/v3\\\/\",\"logo\":{\"@type\":\"ImageObject\",\"inLanguage\":\"es\",\"@id\":\"https:\\\/\\\/cvinoticias.com\\\/v3\\\/#\\\/schema\\\/logo\\\/image\\\/\",\"url\":\"https:\\\/\\\/cvinoticias.com\\\/wp-content\\\/uploads\\\/2023\\\/04\\\/cropped-cropped-cropped-cropped-cropped-3-1.png\",\"contentUrl\":\"https:\\\/\\\/cvinoticias.com\\\/wp-content\\\/uploads\\\/2023\\\/04\\\/cropped-cropped-cropped-cropped-cropped-3-1.png\",\"width\":95,\"height\":122,\"caption\":\"CVI NOTICIAS\"},\"image\":{\"@id\":\"https:\\\/\\\/cvinoticias.com\\\/v3\\\/#\\\/schema\\\/logo\\\/image\\\/\"},\"sameAs\":[\"https:\\\/\\\/www.facebook.com\\\/cvinoticias\",\"https:\\\/\\\/www.instagram.com\\\/cvinoticias\\\/\",\"https:\\\/\\\/www.youtube.com\\\/@CVINOTICIAS\"]},{\"@type\":\"Person\",\"@id\":\"https:\\\/\\\/cvinoticias.com\\\/v3\\\/#\\\/schema\\\/person\\\/2db77e3c6bc03c538495d7b2b8be9b66\",\"name\":\"f1000024\",\"image\":{\"@type\":\"ImageObject\",\"inLanguage\":\"es\",\"@id\":\"https:\\\/\\\/secure.gravatar.com\\\/avatar\\\/d4fe7459cfc51ff5129ce1a732bbef5928568b8092d412ef95611616376bbeed?s=96&d=mm&r=g\",\"url\":\"https:\\\/\\\/secure.gravatar.com\\\/avatar\\\/d4fe7459cfc51ff5129ce1a732bbef5928568b8092d412ef95611616376bbeed?s=96&d=mm&r=g\",\"contentUrl\":\"https:\\\/\\\/secure.gravatar.com\\\/avatar\\\/d4fe7459cfc51ff5129ce1a732bbef5928568b8092d412ef95611616376bbeed?s=96&d=mm&r=g\",\"caption\":\"f1000024\"},\"url\":\"https:\\\/\\\/cvinoticias.com\\\/v3\\\/author\\\/f1000024\\\/\"}]}<\/script>\n<!-- \/ Yoast SEO plugin. -->","yoast_head_json":{"title":"Pedra, la nueva droga que viene de Brasil y est\u00e1 instalada en Misiones | CVI NOTICIAS","robots":{"index":"index","follow":"follow","max-snippet":"max-snippet:-1","max-image-preview":"max-image-preview:large","max-video-preview":"max-video-preview:-1"},"canonical":"https:\/\/cvinoticias.com\/v3\/pedra-la-nueva-droga-que-viene-de-brasil-y-esta-instalada-en-misiones\/","og_locale":"es_ES","og_type":"article","og_title":"Pedra, la nueva droga que viene de Brasil y est\u00e1 instalada en Misiones | CVI NOTICIAS","og_description":"Una importante visita tuvo relevancia en la Ciudad de las Cataratas, personal del Ministerio De Seguridad de la Naci\u00f3n, a cargo del Licenciado. Marcelo Puella quien se desempe\u00f1a como director de Proyectos Legislativos del Ministerio de Seguridad visito varias localidades de la zona Norte de la Provincia de Misiones, acompa\u00f1ado por Fuerzas Federales a a [&hellip;]","og_url":"https:\/\/cvinoticias.com\/v3\/pedra-la-nueva-droga-que-viene-de-brasil-y-esta-instalada-en-misiones\/","og_site_name":"CVI NOTICIAS","article_publisher":"https:\/\/www.facebook.com\/cvinoticias","article_published_time":"2023-08-09T12:50:56+00:00","og_image":[{"width":910,"height":1482,"url":"https:\/\/cvinoticias.com\/wp-content\/uploads\/2023\/08\/Screenshot_20230809_094630_Word.jpg","type":"image\/jpeg"}],"author":"f1000024","twitter_card":"summary_large_image","twitter_misc":{"Escrito por":"f1000024","Tiempo de lectura":"2 minutos"},"schema":{"@context":"https:\/\/schema.org","@graph":[{"@type":"Article","@id":"https:\/\/cvinoticias.com\/v3\/pedra-la-nueva-droga-que-viene-de-brasil-y-esta-instalada-en-misiones\/#article","isPartOf":{"@id":"https:\/\/cvinoticias.com\/v3\/pedra-la-nueva-droga-que-viene-de-brasil-y-esta-instalada-en-misiones\/"},"author":{"name":"f1000024","@id":"https:\/\/cvinoticias.com\/v3\/#\/schema\/person\/2db77e3c6bc03c538495d7b2b8be9b66"},"headline":"Pedra, la nueva droga que viene de Brasil y est\u00e1 instalada en Misiones","datePublished":"2023-08-09T12:50:56+00:00","mainEntityOfPage":{"@id":"https:\/\/cvinoticias.com\/v3\/pedra-la-nueva-droga-que-viene-de-brasil-y-esta-instalada-en-misiones\/"},"wordCount":422,"commentCount":0,"publisher":{"@id":"https:\/\/cvinoticias.com\/v3\/#organization"},"image":{"@id":"https:\/\/cvinoticias.com\/v3\/pedra-la-nueva-droga-que-viene-de-brasil-y-esta-instalada-en-misiones\/#primaryimage"},"thumbnailUrl":"https:\/\/cvinoticias.com\/wp-content\/uploads\/2023\/08\/Screenshot_20230809_094630_Word.jpg","articleSection":["Informaci\u00f3n General"],"inLanguage":"es","potentialAction":[{"@type":"CommentAction","name":"Comment","target":["https:\/\/cvinoticias.com\/v3\/pedra-la-nueva-droga-que-viene-de-brasil-y-esta-instalada-en-misiones\/#respond"]}]},{"@type":"WebPage","@id":"https:\/\/cvinoticias.com\/v3\/pedra-la-nueva-droga-que-viene-de-brasil-y-esta-instalada-en-misiones\/","url":"https:\/\/cvinoticias.com\/v3\/pedra-la-nueva-droga-que-viene-de-brasil-y-esta-instalada-en-misiones\/","name":"Pedra, la nueva droga que viene de Brasil y est\u00e1 instalada en Misiones | CVI NOTICIAS","isPartOf":{"@id":"https:\/\/cvinoticias.com\/v3\/#website"},"primaryImageOfPage":{"@id":"https:\/\/cvinoticias.com\/v3\/pedra-la-nueva-droga-que-viene-de-brasil-y-esta-instalada-en-misiones\/#primaryimage"},"image":{"@id":"https:\/\/cvinoticias.com\/v3\/pedra-la-nueva-droga-que-viene-de-brasil-y-esta-instalada-en-misiones\/#primaryimage"},"thumbnailUrl":"https:\/\/cvinoticias.com\/wp-content\/uploads\/2023\/08\/Screenshot_20230809_094630_Word.jpg","datePublished":"2023-08-09T12:50:56+00:00","breadcrumb":{"@id":"https:\/\/cvinoticias.com\/v3\/pedra-la-nueva-droga-que-viene-de-brasil-y-esta-instalada-en-misiones\/#breadcrumb"},"inLanguage":"es","potentialAction":[{"@type":"ReadAction","target":["https:\/\/cvinoticias.com\/v3\/pedra-la-nueva-droga-que-viene-de-brasil-y-esta-instalada-en-misiones\/"]}]},{"@type":"ImageObject","inLanguage":"es","@id":"https:\/\/cvinoticias.com\/v3\/pedra-la-nueva-droga-que-viene-de-brasil-y-esta-instalada-en-misiones\/#primaryimage","url":"https:\/\/cvinoticias.com\/wp-content\/uploads\/2023\/08\/Screenshot_20230809_094630_Word.jpg","contentUrl":"https:\/\/cvinoticias.com\/wp-content\/uploads\/2023\/08\/Screenshot_20230809_094630_Word.jpg","width":910,"height":1482},{"@type":"BreadcrumbList","@id":"https:\/\/cvinoticias.com\/v3\/pedra-la-nueva-droga-que-viene-de-brasil-y-esta-instalada-en-misiones\/#breadcrumb","itemListElement":[{"@type":"ListItem","position":1,"name":"Portada","item":"https:\/\/cvinoticias.com\/v3\/"},{"@type":"ListItem","position":2,"name":"Pedra, la nueva droga que viene de Brasil y est\u00e1 instalada en Misiones"}]},{"@type":"WebSite","@id":"https:\/\/cvinoticias.com\/v3\/#website","url":"https:\/\/cvinoticias.com\/v3\/","name":"CVI NOTICIAS","description":"","publisher":{"@id":"https:\/\/cvinoticias.com\/v3\/#organization"},"alternateName":"CVI","potentialAction":[{"@type":"SearchAction","target":{"@type":"EntryPoint","urlTemplate":"https:\/\/cvinoticias.com\/v3\/?s={search_term_string}"},"query-input":{"@type":"PropertyValueSpecification","valueRequired":true,"valueName":"search_term_string"}}],"inLanguage":"es"},{"@type":"Organization","@id":"https:\/\/cvinoticias.com\/v3\/#organization","name":"CVI NOTICIAS","url":"https:\/\/cvinoticias.com\/v3\/","logo":{"@type":"ImageObject","inLanguage":"es","@id":"https:\/\/cvinoticias.com\/v3\/#\/schema\/logo\/image\/","url":"https:\/\/cvinoticias.com\/wp-content\/uploads\/2023\/04\/cropped-cropped-cropped-cropped-cropped-3-1.png","contentUrl":"https:\/\/cvinoticias.com\/wp-content\/uploads\/2023\/04\/cropped-cropped-cropped-cropped-cropped-3-1.png","width":95,"height":122,"caption":"CVI NOTICIAS"},"image":{"@id":"https:\/\/cvinoticias.com\/v3\/#\/schema\/logo\/image\/"},"sameAs":["https:\/\/www.facebook.com\/cvinoticias","https:\/\/www.instagram.com\/cvinoticias\/","https:\/\/www.youtube.com\/@CVINOTICIAS"]},{"@type":"Person","@id":"https:\/\/cvinoticias.com\/v3\/#\/schema\/person\/2db77e3c6bc03c538495d7b2b8be9b66","name":"f1000024","image":{"@type":"ImageObject","inLanguage":"es","@id":"https:\/\/secure.gravatar.com\/avatar\/d4fe7459cfc51ff5129ce1a732bbef5928568b8092d412ef95611616376bbeed?s=96&d=mm&r=g","url":"https:\/\/secure.gravatar.com\/avatar\/d4fe7459cfc51ff5129ce1a732bbef5928568b8092d412ef95611616376bbeed?s=96&d=mm&r=g","contentUrl":"https:\/\/secure.gravatar.com\/avatar\/d4fe7459cfc51ff5129ce1a732bbef5928568b8092d412ef95611616376bbeed?s=96&d=mm&r=g","caption":"f1000024"},"url":"https:\/\/cvinoticias.com\/v3\/author\/f1000024\/"}]}},"_links":{"self":[{"href":"https:\/\/cvinoticias.com\/v3\/wp-json\/wp\/v2\/posts\/26957","targetHints":{"allow":["GET"]}}],"collection":[{"href":"https:\/\/cvinoticias.com\/v3\/wp-json\/wp\/v2\/posts"}],"about":[{"href":"https:\/\/cvinoticias.com\/v3\/wp-json\/wp\/v2\/types\/post"}],"author":[{"embeddable":true,"href":"https:\/\/cvinoticias.com\/v3\/wp-json\/wp\/v2\/users\/2"}],"replies":[{"embeddable":true,"href":"https:\/\/cvinoticias.com\/v3\/wp-json\/wp\/v2\/comments?post=26957"}],"version-history":[{"count":1,"href":"https:\/\/cvinoticias.com\/v3\/wp-json\/wp\/v2\/posts\/26957\/revisions"}],"predecessor-version":[{"id":26961,"href":"https:\/\/cvinoticias.com\/v3\/wp-json\/wp\/v2\/posts\/26957\/revisions\/26961"}],"wp:featuredmedia":[{"embeddable":true,"href":"https:\/\/cvinoticias.com\/v3\/wp-json\/wp\/v2\/media\/26960"}],"wp:attachment":[{"href":"https:\/\/cvinoticias.com\/v3\/wp-json\/wp\/v2\/media?parent=26957"}],"wp:term":[{"taxonomy":"category","embeddable":true,"href":"https:\/\/cvinoticias.com\/v3\/wp-json\/wp\/v2\/categories?post=26957"},{"taxonomy":"post_tag","embeddable":true,"href":"https:\/\/cvinoticias.com\/v3\/wp-json\/wp\/v2\/tags?post=26957"}],"curies":[{"name":"wp","href":"https:\/\/api.w.org\/{rel}","templated":true}]}}