{"id":26946,"date":"2023-08-09T12:24:56","date_gmt":"2023-08-09T12:24:56","guid":{"rendered":"https:\/\/cvinoticias.com\/v3\/?p=26946"},"modified":"2023-08-09T12:24:56","modified_gmt":"2023-08-09T12:24:56","slug":"misiones-se-firmo-un-convenio-de-colaboracion-para-fabricar-cunas-de-madera-en-unidades-penales-de-la-provincia","status":"publish","type":"post","link":"https:\/\/cvinoticias.com\/v3\/misiones-se-firmo-un-convenio-de-colaboracion-para-fabricar-cunas-de-madera-en-unidades-penales-de-la-provincia\/","title":{"rendered":"Misiones: Se firm\u00f3 un convenio de colaboraci\u00f3n para fabricar cunas de madera en Unidades Penales de la Provincia"},"content":{"rendered":"\n<p><strong><em>De la r\u00fabrica participaron el director del Servicio Penitenciario Provincial Manuel Dutto, la directora del Instituto Nacional de Escuelas T\u00e9cnicas, Doris Hipler, la representante de la Fundaci\u00f3n Peque\u00f1os Gigantes, Paula Schappovaloff y Federico Fachinello miembro Apicofom.<\/em><\/strong><\/p>\n\n\n\n<p>El Ingeniero Maximiliano Conil, profesor de carpinter\u00eda y aserradero del Servicio Penitenciario , dijo que \u00abel proyecto comenz\u00f3 hace un tiempo en la Unidad Penal 1 de Loreto, se trata de formar en la profesi\u00f3n a internos y agentes. El Servicio Penitenciario Provincial cuenta con un taller de carpinter\u00eda y aserradero, d\u00f3nde se trabaja todo el proceso desde la transformaci\u00f3n primaria de la madera hasta el agregado de valor. El certificado est\u00e1 avalado por el Ministerio de Educaci\u00f3n de la Naci\u00f3n para que los internos realicen el curso te\u00f3rico y pr\u00e1ctico puedan acceder a un trabajo formal, una vez que recuperen su libertad. Se trata de una tarea conjunta para fabricar cunas y asistir de esa manera a bebes en situaci\u00f3n de vulnerabilidad\u00bb.<\/p>\n\n\n\n<p>Apicofom colabora con la madera que se utiliza y la Fundaci\u00f3n Peque\u00f1os Gigantes se encarga de la entrega de las cunas a los beneficiarios.<\/p>\n\n\n\n<p>\u00abHoy recorrimos la unidad penal UP1 de Loreto y conocimos el trabajo del taller de carpinter\u00eda que realizan los internos. <\/p>\n\n\n\n<figure class=\"wp-block-image size-large\"><a href=\"https:\/\/cvinoticias.com\/wp-content\/uploads\/2023\/08\/WhatsApp-Image-2023-08-08-at-15.02.50.jpeg\"><img decoding=\"async\" width=\"1024\" height=\"682\" data-src=\"https:\/\/cvinoticias.com\/wp-content\/uploads\/2023\/08\/WhatsApp-Image-2023-08-08-at-15.02.50-1024x682.jpeg\" alt=\"\" class=\"wp-image-26947 lazyload\" data-srcset=\"https:\/\/cvinoticias.com\/wp-content\/uploads\/2023\/08\/WhatsApp-Image-2023-08-08-at-15.02.50-1024x682.jpeg 1024w, https:\/\/cvinoticias.com\/wp-content\/uploads\/2023\/08\/WhatsApp-Image-2023-08-08-at-15.02.50-300x200.jpeg 300w, https:\/\/cvinoticias.com\/wp-content\/uploads\/2023\/08\/WhatsApp-Image-2023-08-08-at-15.02.50-768x512.jpeg 768w, https:\/\/cvinoticias.com\/wp-content\/uploads\/2023\/08\/WhatsApp-Image-2023-08-08-at-15.02.50.jpeg 1280w\" data-sizes=\"(max-width: 1024px) 100vw, 1024px\" src=\"data:image\/svg+xml;base64,PHN2ZyB3aWR0aD0iMSIgaGVpZ2h0PSIxIiB4bWxucz0iaHR0cDovL3d3dy53My5vcmcvMjAwMC9zdmciPjwvc3ZnPg==\" style=\"--smush-placeholder-width: 1024px; --smush-placeholder-aspect-ratio: 1024\/682;\" \/><\/a><\/figure>\n\n\n\n<p><br>En el marco del convenio de colaboraci\u00f3n mutua que tenemos firmado con el SPP se hizo entrega de cunas para ni\u00f1os nacidos prematuros que hacen los internos. Con eso tambi\u00e9n le comentamos a ellos a donde va lo que hacen y el valioso aporte a la sociedad que est\u00e1n realizando por eso estamos muy agradecidos por estas cunas que ser\u00e1n destinadas a familias del interior\u00bb, dijo Paula Schappovaloff de la Fundaci\u00f3n.<\/p>\n","protected":false},"excerpt":{"rendered":"<p>De la r\u00fabrica participaron el director del Servicio Penitenciario Provincial Manuel Dutto, la directora del Instituto Nacional de Escuelas T\u00e9cnicas, Doris Hipler, la representante de la Fundaci\u00f3n Peque\u00f1os Gigantes, Paula Schappovaloff y Federico Fachinello miembro Apicofom. El Ingeniero Maximiliano Conil, profesor de carpinter\u00eda y aserradero del Servicio Penitenciario , dijo que \u00abel proyecto comenz\u00f3 hace [&hellip;]<\/p>\n","protected":false},"author":2,"featured_media":26948,"comment_status":"open","ping_status":"open","sticky":false,"template":"","format":"standard","meta":{"footnotes":""},"categories":[43],"tags":[],"class_list":["post-26946","post","type-post","status-publish","format-standard","has-post-thumbnail","hentry","category-provinciales"],"yoast_head":"<!-- This site is optimized with the Yoast SEO plugin v27.4 - https:\/\/yoast.com\/product\/yoast-seo-wordpress\/ -->\n<title>Misiones: Se firm\u00f3 un convenio de colaboraci\u00f3n para fabricar cunas de madera en Unidades Penales de la Provincia | CVI NOTICIAS<\/title>\n<meta name=\"robots\" content=\"index, follow, max-snippet:-1, max-image-preview:large, max-video-preview:-1\" \/>\n<link rel=\"canonical\" href=\"https:\/\/cvinoticias.com\/v3\/misiones-se-firmo-un-convenio-de-colaboracion-para-fabricar-cunas-de-madera-en-unidades-penales-de-la-provincia\/\" \/>\n<meta property=\"og:locale\" content=\"es_ES\" \/>\n<meta property=\"og:type\" content=\"article\" \/>\n<meta property=\"og:title\" content=\"Misiones: Se firm\u00f3 un convenio de colaboraci\u00f3n para fabricar cunas de madera en Unidades Penales de la Provincia | CVI NOTICIAS\" \/>\n<meta property=\"og:description\" content=\"De la r\u00fabrica participaron el director del Servicio Penitenciario Provincial Manuel Dutto, la directora del Instituto Nacional de Escuelas T\u00e9cnicas, Doris Hipler, la representante de la Fundaci\u00f3n Peque\u00f1os Gigantes, Paula Schappovaloff y Federico Fachinello miembro Apicofom. El Ingeniero Maximiliano Conil, profesor de carpinter\u00eda y aserradero del Servicio Penitenciario , dijo que \u00abel proyecto comenz\u00f3 hace [&hellip;]\" \/>\n<meta property=\"og:url\" content=\"https:\/\/cvinoticias.com\/v3\/misiones-se-firmo-un-convenio-de-colaboracion-para-fabricar-cunas-de-madera-en-unidades-penales-de-la-provincia\/\" \/>\n<meta property=\"og:site_name\" content=\"CVI NOTICIAS\" \/>\n<meta property=\"article:publisher\" content=\"https:\/\/www.facebook.com\/cvinoticias\" \/>\n<meta property=\"article:published_time\" content=\"2023-08-09T12:24:56+00:00\" \/>\n<meta property=\"og:image\" content=\"https:\/\/cvinoticias.com\/wp-content\/uploads\/2023\/08\/WhatsApp-Image-2023-08-08-at-15.02.52-1000x600-1.jpeg\" \/>\n\t<meta property=\"og:image:width\" content=\"1000\" \/>\n\t<meta property=\"og:image:height\" content=\"600\" \/>\n\t<meta property=\"og:image:type\" content=\"image\/jpeg\" \/>\n<meta name=\"author\" content=\"f1000024\" \/>\n<meta name=\"twitter:card\" content=\"summary_large_image\" \/>\n<meta name=\"twitter:label1\" content=\"Escrito por\" \/>\n\t<meta name=\"twitter:data1\" content=\"f1000024\" \/>\n\t<meta name=\"twitter:label2\" content=\"Tiempo de lectura\" \/>\n\t<meta name=\"twitter:data2\" content=\"1 minuto\" \/>\n<script type=\"application\/ld+json\" class=\"yoast-schema-graph\">{\"@context\":\"https:\\\/\\\/schema.org\",\"@graph\":[{\"@type\":\"Article\",\"@id\":\"https:\\\/\\\/cvinoticias.com\\\/v3\\\/misiones-se-firmo-un-convenio-de-colaboracion-para-fabricar-cunas-de-madera-en-unidades-penales-de-la-provincia\\\/#article\",\"isPartOf\":{\"@id\":\"https:\\\/\\\/cvinoticias.com\\\/v3\\\/misiones-se-firmo-un-convenio-de-colaboracion-para-fabricar-cunas-de-madera-en-unidades-penales-de-la-provincia\\\/\"},\"author\":{\"name\":\"f1000024\",\"@id\":\"https:\\\/\\\/cvinoticias.com\\\/v3\\\/#\\\/schema\\\/person\\\/2db77e3c6bc03c538495d7b2b8be9b66\"},\"headline\":\"Misiones: Se firm\u00f3 un convenio de colaboraci\u00f3n para fabricar cunas de madera en Unidades Penales de la Provincia\",\"datePublished\":\"2023-08-09T12:24:56+00:00\",\"mainEntityOfPage\":{\"@id\":\"https:\\\/\\\/cvinoticias.com\\\/v3\\\/misiones-se-firmo-un-convenio-de-colaboracion-para-fabricar-cunas-de-madera-en-unidades-penales-de-la-provincia\\\/\"},\"wordCount\":314,\"commentCount\":0,\"publisher\":{\"@id\":\"https:\\\/\\\/cvinoticias.com\\\/v3\\\/#organization\"},\"image\":{\"@id\":\"https:\\\/\\\/cvinoticias.com\\\/v3\\\/misiones-se-firmo-un-convenio-de-colaboracion-para-fabricar-cunas-de-madera-en-unidades-penales-de-la-provincia\\\/#primaryimage\"},\"thumbnailUrl\":\"https:\\\/\\\/cvinoticias.com\\\/wp-content\\\/uploads\\\/2023\\\/08\\\/WhatsApp-Image-2023-08-08-at-15.02.52-1000x600-1.jpeg\",\"articleSection\":[\"Provinciales\"],\"inLanguage\":\"es\",\"potentialAction\":[{\"@type\":\"CommentAction\",\"name\":\"Comment\",\"target\":[\"https:\\\/\\\/cvinoticias.com\\\/v3\\\/misiones-se-firmo-un-convenio-de-colaboracion-para-fabricar-cunas-de-madera-en-unidades-penales-de-la-provincia\\\/#respond\"]}]},{\"@type\":\"WebPage\",\"@id\":\"https:\\\/\\\/cvinoticias.com\\\/v3\\\/misiones-se-firmo-un-convenio-de-colaboracion-para-fabricar-cunas-de-madera-en-unidades-penales-de-la-provincia\\\/\",\"url\":\"https:\\\/\\\/cvinoticias.com\\\/v3\\\/misiones-se-firmo-un-convenio-de-colaboracion-para-fabricar-cunas-de-madera-en-unidades-penales-de-la-provincia\\\/\",\"name\":\"Misiones: Se firm\u00f3 un convenio de colaboraci\u00f3n para fabricar cunas de madera en Unidades Penales de la Provincia | CVI NOTICIAS\",\"isPartOf\":{\"@id\":\"https:\\\/\\\/cvinoticias.com\\\/v3\\\/#website\"},\"primaryImageOfPage\":{\"@id\":\"https:\\\/\\\/cvinoticias.com\\\/v3\\\/misiones-se-firmo-un-convenio-de-colaboracion-para-fabricar-cunas-de-madera-en-unidades-penales-de-la-provincia\\\/#primaryimage\"},\"image\":{\"@id\":\"https:\\\/\\\/cvinoticias.com\\\/v3\\\/misiones-se-firmo-un-convenio-de-colaboracion-para-fabricar-cunas-de-madera-en-unidades-penales-de-la-provincia\\\/#primaryimage\"},\"thumbnailUrl\":\"https:\\\/\\\/cvinoticias.com\\\/wp-content\\\/uploads\\\/2023\\\/08\\\/WhatsApp-Image-2023-08-08-at-15.02.52-1000x600-1.jpeg\",\"datePublished\":\"2023-08-09T12:24:56+00:00\",\"breadcrumb\":{\"@id\":\"https:\\\/\\\/cvinoticias.com\\\/v3\\\/misiones-se-firmo-un-convenio-de-colaboracion-para-fabricar-cunas-de-madera-en-unidades-penales-de-la-provincia\\\/#breadcrumb\"},\"inLanguage\":\"es\",\"potentialAction\":[{\"@type\":\"ReadAction\",\"target\":[\"https:\\\/\\\/cvinoticias.com\\\/v3\\\/misiones-se-firmo-un-convenio-de-colaboracion-para-fabricar-cunas-de-madera-en-unidades-penales-de-la-provincia\\\/\"]}]},{\"@type\":\"ImageObject\",\"inLanguage\":\"es\",\"@id\":\"https:\\\/\\\/cvinoticias.com\\\/v3\\\/misiones-se-firmo-un-convenio-de-colaboracion-para-fabricar-cunas-de-madera-en-unidades-penales-de-la-provincia\\\/#primaryimage\",\"url\":\"https:\\\/\\\/cvinoticias.com\\\/wp-content\\\/uploads\\\/2023\\\/08\\\/WhatsApp-Image-2023-08-08-at-15.02.52-1000x600-1.jpeg\",\"contentUrl\":\"https:\\\/\\\/cvinoticias.com\\\/wp-content\\\/uploads\\\/2023\\\/08\\\/WhatsApp-Image-2023-08-08-at-15.02.52-1000x600-1.jpeg\",\"width\":1000,\"height\":600},{\"@type\":\"BreadcrumbList\",\"@id\":\"https:\\\/\\\/cvinoticias.com\\\/v3\\\/misiones-se-firmo-un-convenio-de-colaboracion-para-fabricar-cunas-de-madera-en-unidades-penales-de-la-provincia\\\/#breadcrumb\",\"itemListElement\":[{\"@type\":\"ListItem\",\"position\":1,\"name\":\"Portada\",\"item\":\"https:\\\/\\\/cvinoticias.com\\\/v3\\\/\"},{\"@type\":\"ListItem\",\"position\":2,\"name\":\"Misiones: Se firm\u00f3 un convenio de colaboraci\u00f3n para fabricar cunas de madera en Unidades Penales de la Provincia\"}]},{\"@type\":\"WebSite\",\"@id\":\"https:\\\/\\\/cvinoticias.com\\\/v3\\\/#website\",\"url\":\"https:\\\/\\\/cvinoticias.com\\\/v3\\\/\",\"name\":\"CVI NOTICIAS\",\"description\":\"\",\"publisher\":{\"@id\":\"https:\\\/\\\/cvinoticias.com\\\/v3\\\/#organization\"},\"alternateName\":\"CVI\",\"potentialAction\":[{\"@type\":\"SearchAction\",\"target\":{\"@type\":\"EntryPoint\",\"urlTemplate\":\"https:\\\/\\\/cvinoticias.com\\\/v3\\\/?s={search_term_string}\"},\"query-input\":{\"@type\":\"PropertyValueSpecification\",\"valueRequired\":true,\"valueName\":\"search_term_string\"}}],\"inLanguage\":\"es\"},{\"@type\":\"Organization\",\"@id\":\"https:\\\/\\\/cvinoticias.com\\\/v3\\\/#organization\",\"name\":\"CVI NOTICIAS\",\"url\":\"https:\\\/\\\/cvinoticias.com\\\/v3\\\/\",\"logo\":{\"@type\":\"ImageObject\",\"inLanguage\":\"es\",\"@id\":\"https:\\\/\\\/cvinoticias.com\\\/v3\\\/#\\\/schema\\\/logo\\\/image\\\/\",\"url\":\"https:\\\/\\\/cvinoticias.com\\\/wp-content\\\/uploads\\\/2023\\\/04\\\/cropped-cropped-cropped-cropped-cropped-3-1.png\",\"contentUrl\":\"https:\\\/\\\/cvinoticias.com\\\/wp-content\\\/uploads\\\/2023\\\/04\\\/cropped-cropped-cropped-cropped-cropped-3-1.png\",\"width\":95,\"height\":122,\"caption\":\"CVI NOTICIAS\"},\"image\":{\"@id\":\"https:\\\/\\\/cvinoticias.com\\\/v3\\\/#\\\/schema\\\/logo\\\/image\\\/\"},\"sameAs\":[\"https:\\\/\\\/www.facebook.com\\\/cvinoticias\",\"https:\\\/\\\/www.instagram.com\\\/cvinoticias\\\/\",\"https:\\\/\\\/www.youtube.com\\\/@CVINOTICIAS\"]},{\"@type\":\"Person\",\"@id\":\"https:\\\/\\\/cvinoticias.com\\\/v3\\\/#\\\/schema\\\/person\\\/2db77e3c6bc03c538495d7b2b8be9b66\",\"name\":\"f1000024\",\"image\":{\"@type\":\"ImageObject\",\"inLanguage\":\"es\",\"@id\":\"https:\\\/\\\/secure.gravatar.com\\\/avatar\\\/d4fe7459cfc51ff5129ce1a732bbef5928568b8092d412ef95611616376bbeed?s=96&d=mm&r=g\",\"url\":\"https:\\\/\\\/secure.gravatar.com\\\/avatar\\\/d4fe7459cfc51ff5129ce1a732bbef5928568b8092d412ef95611616376bbeed?s=96&d=mm&r=g\",\"contentUrl\":\"https:\\\/\\\/secure.gravatar.com\\\/avatar\\\/d4fe7459cfc51ff5129ce1a732bbef5928568b8092d412ef95611616376bbeed?s=96&d=mm&r=g\",\"caption\":\"f1000024\"},\"url\":\"https:\\\/\\\/cvinoticias.com\\\/v3\\\/author\\\/f1000024\\\/\"}]}<\/script>\n<!-- \/ Yoast SEO plugin. -->","yoast_head_json":{"title":"Misiones: Se firm\u00f3 un convenio de colaboraci\u00f3n para fabricar cunas de madera en Unidades Penales de la Provincia | CVI NOTICIAS","robots":{"index":"index","follow":"follow","max-snippet":"max-snippet:-1","max-image-preview":"max-image-preview:large","max-video-preview":"max-video-preview:-1"},"canonical":"https:\/\/cvinoticias.com\/v3\/misiones-se-firmo-un-convenio-de-colaboracion-para-fabricar-cunas-de-madera-en-unidades-penales-de-la-provincia\/","og_locale":"es_ES","og_type":"article","og_title":"Misiones: Se firm\u00f3 un convenio de colaboraci\u00f3n para fabricar cunas de madera en Unidades Penales de la Provincia | CVI NOTICIAS","og_description":"De la r\u00fabrica participaron el director del Servicio Penitenciario Provincial Manuel Dutto, la directora del Instituto Nacional de Escuelas T\u00e9cnicas, Doris Hipler, la representante de la Fundaci\u00f3n Peque\u00f1os Gigantes, Paula Schappovaloff y Federico Fachinello miembro Apicofom. El Ingeniero Maximiliano Conil, profesor de carpinter\u00eda y aserradero del Servicio Penitenciario , dijo que \u00abel proyecto comenz\u00f3 hace [&hellip;]","og_url":"https:\/\/cvinoticias.com\/v3\/misiones-se-firmo-un-convenio-de-colaboracion-para-fabricar-cunas-de-madera-en-unidades-penales-de-la-provincia\/","og_site_name":"CVI NOTICIAS","article_publisher":"https:\/\/www.facebook.com\/cvinoticias","article_published_time":"2023-08-09T12:24:56+00:00","og_image":[{"width":1000,"height":600,"url":"https:\/\/cvinoticias.com\/wp-content\/uploads\/2023\/08\/WhatsApp-Image-2023-08-08-at-15.02.52-1000x600-1.jpeg","type":"image\/jpeg"}],"author":"f1000024","twitter_card":"summary_large_image","twitter_misc":{"Escrito por":"f1000024","Tiempo de lectura":"1 minuto"},"schema":{"@context":"https:\/\/schema.org","@graph":[{"@type":"Article","@id":"https:\/\/cvinoticias.com\/v3\/misiones-se-firmo-un-convenio-de-colaboracion-para-fabricar-cunas-de-madera-en-unidades-penales-de-la-provincia\/#article","isPartOf":{"@id":"https:\/\/cvinoticias.com\/v3\/misiones-se-firmo-un-convenio-de-colaboracion-para-fabricar-cunas-de-madera-en-unidades-penales-de-la-provincia\/"},"author":{"name":"f1000024","@id":"https:\/\/cvinoticias.com\/v3\/#\/schema\/person\/2db77e3c6bc03c538495d7b2b8be9b66"},"headline":"Misiones: Se firm\u00f3 un convenio de colaboraci\u00f3n para fabricar cunas de madera en Unidades Penales de la Provincia","datePublished":"2023-08-09T12:24:56+00:00","mainEntityOfPage":{"@id":"https:\/\/cvinoticias.com\/v3\/misiones-se-firmo-un-convenio-de-colaboracion-para-fabricar-cunas-de-madera-en-unidades-penales-de-la-provincia\/"},"wordCount":314,"commentCount":0,"publisher":{"@id":"https:\/\/cvinoticias.com\/v3\/#organization"},"image":{"@id":"https:\/\/cvinoticias.com\/v3\/misiones-se-firmo-un-convenio-de-colaboracion-para-fabricar-cunas-de-madera-en-unidades-penales-de-la-provincia\/#primaryimage"},"thumbnailUrl":"https:\/\/cvinoticias.com\/wp-content\/uploads\/2023\/08\/WhatsApp-Image-2023-08-08-at-15.02.52-1000x600-1.jpeg","articleSection":["Provinciales"],"inLanguage":"es","potentialAction":[{"@type":"CommentAction","name":"Comment","target":["https:\/\/cvinoticias.com\/v3\/misiones-se-firmo-un-convenio-de-colaboracion-para-fabricar-cunas-de-madera-en-unidades-penales-de-la-provincia\/#respond"]}]},{"@type":"WebPage","@id":"https:\/\/cvinoticias.com\/v3\/misiones-se-firmo-un-convenio-de-colaboracion-para-fabricar-cunas-de-madera-en-unidades-penales-de-la-provincia\/","url":"https:\/\/cvinoticias.com\/v3\/misiones-se-firmo-un-convenio-de-colaboracion-para-fabricar-cunas-de-madera-en-unidades-penales-de-la-provincia\/","name":"Misiones: Se firm\u00f3 un convenio de colaboraci\u00f3n para fabricar cunas de madera en Unidades Penales de la Provincia | CVI NOTICIAS","isPartOf":{"@id":"https:\/\/cvinoticias.com\/v3\/#website"},"primaryImageOfPage":{"@id":"https:\/\/cvinoticias.com\/v3\/misiones-se-firmo-un-convenio-de-colaboracion-para-fabricar-cunas-de-madera-en-unidades-penales-de-la-provincia\/#primaryimage"},"image":{"@id":"https:\/\/cvinoticias.com\/v3\/misiones-se-firmo-un-convenio-de-colaboracion-para-fabricar-cunas-de-madera-en-unidades-penales-de-la-provincia\/#primaryimage"},"thumbnailUrl":"https:\/\/cvinoticias.com\/wp-content\/uploads\/2023\/08\/WhatsApp-Image-2023-08-08-at-15.02.52-1000x600-1.jpeg","datePublished":"2023-08-09T12:24:56+00:00","breadcrumb":{"@id":"https:\/\/cvinoticias.com\/v3\/misiones-se-firmo-un-convenio-de-colaboracion-para-fabricar-cunas-de-madera-en-unidades-penales-de-la-provincia\/#breadcrumb"},"inLanguage":"es","potentialAction":[{"@type":"ReadAction","target":["https:\/\/cvinoticias.com\/v3\/misiones-se-firmo-un-convenio-de-colaboracion-para-fabricar-cunas-de-madera-en-unidades-penales-de-la-provincia\/"]}]},{"@type":"ImageObject","inLanguage":"es","@id":"https:\/\/cvinoticias.com\/v3\/misiones-se-firmo-un-convenio-de-colaboracion-para-fabricar-cunas-de-madera-en-unidades-penales-de-la-provincia\/#primaryimage","url":"https:\/\/cvinoticias.com\/wp-content\/uploads\/2023\/08\/WhatsApp-Image-2023-08-08-at-15.02.52-1000x600-1.jpeg","contentUrl":"https:\/\/cvinoticias.com\/wp-content\/uploads\/2023\/08\/WhatsApp-Image-2023-08-08-at-15.02.52-1000x600-1.jpeg","width":1000,"height":600},{"@type":"BreadcrumbList","@id":"https:\/\/cvinoticias.com\/v3\/misiones-se-firmo-un-convenio-de-colaboracion-para-fabricar-cunas-de-madera-en-unidades-penales-de-la-provincia\/#breadcrumb","itemListElement":[{"@type":"ListItem","position":1,"name":"Portada","item":"https:\/\/cvinoticias.com\/v3\/"},{"@type":"ListItem","position":2,"name":"Misiones: Se firm\u00f3 un convenio de colaboraci\u00f3n para fabricar cunas de madera en Unidades Penales de la Provincia"}]},{"@type":"WebSite","@id":"https:\/\/cvinoticias.com\/v3\/#website","url":"https:\/\/cvinoticias.com\/v3\/","name":"CVI NOTICIAS","description":"","publisher":{"@id":"https:\/\/cvinoticias.com\/v3\/#organization"},"alternateName":"CVI","potentialAction":[{"@type":"SearchAction","target":{"@type":"EntryPoint","urlTemplate":"https:\/\/cvinoticias.com\/v3\/?s={search_term_string}"},"query-input":{"@type":"PropertyValueSpecification","valueRequired":true,"valueName":"search_term_string"}}],"inLanguage":"es"},{"@type":"Organization","@id":"https:\/\/cvinoticias.com\/v3\/#organization","name":"CVI NOTICIAS","url":"https:\/\/cvinoticias.com\/v3\/","logo":{"@type":"ImageObject","inLanguage":"es","@id":"https:\/\/cvinoticias.com\/v3\/#\/schema\/logo\/image\/","url":"https:\/\/cvinoticias.com\/wp-content\/uploads\/2023\/04\/cropped-cropped-cropped-cropped-cropped-3-1.png","contentUrl":"https:\/\/cvinoticias.com\/wp-content\/uploads\/2023\/04\/cropped-cropped-cropped-cropped-cropped-3-1.png","width":95,"height":122,"caption":"CVI NOTICIAS"},"image":{"@id":"https:\/\/cvinoticias.com\/v3\/#\/schema\/logo\/image\/"},"sameAs":["https:\/\/www.facebook.com\/cvinoticias","https:\/\/www.instagram.com\/cvinoticias\/","https:\/\/www.youtube.com\/@CVINOTICIAS"]},{"@type":"Person","@id":"https:\/\/cvinoticias.com\/v3\/#\/schema\/person\/2db77e3c6bc03c538495d7b2b8be9b66","name":"f1000024","image":{"@type":"ImageObject","inLanguage":"es","@id":"https:\/\/secure.gravatar.com\/avatar\/d4fe7459cfc51ff5129ce1a732bbef5928568b8092d412ef95611616376bbeed?s=96&d=mm&r=g","url":"https:\/\/secure.gravatar.com\/avatar\/d4fe7459cfc51ff5129ce1a732bbef5928568b8092d412ef95611616376bbeed?s=96&d=mm&r=g","contentUrl":"https:\/\/secure.gravatar.com\/avatar\/d4fe7459cfc51ff5129ce1a732bbef5928568b8092d412ef95611616376bbeed?s=96&d=mm&r=g","caption":"f1000024"},"url":"https:\/\/cvinoticias.com\/v3\/author\/f1000024\/"}]}},"_links":{"self":[{"href":"https:\/\/cvinoticias.com\/v3\/wp-json\/wp\/v2\/posts\/26946","targetHints":{"allow":["GET"]}}],"collection":[{"href":"https:\/\/cvinoticias.com\/v3\/wp-json\/wp\/v2\/posts"}],"about":[{"href":"https:\/\/cvinoticias.com\/v3\/wp-json\/wp\/v2\/types\/post"}],"author":[{"embeddable":true,"href":"https:\/\/cvinoticias.com\/v3\/wp-json\/wp\/v2\/users\/2"}],"replies":[{"embeddable":true,"href":"https:\/\/cvinoticias.com\/v3\/wp-json\/wp\/v2\/comments?post=26946"}],"version-history":[{"count":1,"href":"https:\/\/cvinoticias.com\/v3\/wp-json\/wp\/v2\/posts\/26946\/revisions"}],"predecessor-version":[{"id":26949,"href":"https:\/\/cvinoticias.com\/v3\/wp-json\/wp\/v2\/posts\/26946\/revisions\/26949"}],"wp:featuredmedia":[{"embeddable":true,"href":"https:\/\/cvinoticias.com\/v3\/wp-json\/wp\/v2\/media\/26948"}],"wp:attachment":[{"href":"https:\/\/cvinoticias.com\/v3\/wp-json\/wp\/v2\/media?parent=26946"}],"wp:term":[{"taxonomy":"category","embeddable":true,"href":"https:\/\/cvinoticias.com\/v3\/wp-json\/wp\/v2\/categories?post=26946"},{"taxonomy":"post_tag","embeddable":true,"href":"https:\/\/cvinoticias.com\/v3\/wp-json\/wp\/v2\/tags?post=26946"}],"curies":[{"name":"wp","href":"https:\/\/api.w.org\/{rel}","templated":true}]}}