{"id":26938,"date":"2023-08-09T12:13:20","date_gmt":"2023-08-09T12:13:20","guid":{"rendered":"https:\/\/cvinoticias.com\/v3\/?p=26938"},"modified":"2023-08-09T12:13:20","modified_gmt":"2023-08-09T12:13:20","slug":"becas-progresar-abrio-una-nueva-convocatoria","status":"publish","type":"post","link":"https:\/\/cvinoticias.com\/v3\/becas-progresar-abrio-una-nueva-convocatoria\/","title":{"rendered":"Becas Progresar: Abri\u00f3 una nueva convocatoria"},"content":{"rendered":"\n<p><strong><em>Inici\u00f3 la segunda convocatoria del a\u00f1o a las Becas Progresar. La convocatoria estar\u00e1 vigente hasta el 31 de agosto seg\u00fan inform\u00f3 La Administraci\u00f3n Nacional de la Seguridad Social (ANSES) en conjunto con el Ministerio de Educaci\u00f3n de la Naci\u00f3n.<\/em><\/strong><\/p>\n\n\n\n<p>Se trata de un programa integral de Becas Educativas que acompa\u00f1a a los alumnos beneficiarios en todos los niveles de formaci\u00f3n durante su trayectoria acad\u00e9mica, a trav\u00e9s de un incentivo econ\u00f3mico para poder avanzar en sus estudios hasta completarlos.<\/p>\n\n\n\n<p>\u00bfC\u00faales son los requisitos?<\/p>\n\n\n\n<p>Ser argentino, nativo o naturalizado, en caso de ser extranjero deber\u00e1 contar con residencia legal de cinco a\u00f1os en el pa\u00eds y contar con DNI. Adem\u00e1s en ambos casos deber\u00e1 ser alumno regular de una instituci\u00f3n educativa.<\/p>\n\n\n\n<p>Con respecto a la edad, los beneficiarios deber\u00e1n tener entre 17 y 24 a\u00f1os, en caso de que sean estudiantes avanzados en la carrera se extiende a 30 a\u00f1os. Las personas que tengan menores a cargo se extiende hasta 35 a\u00f1os de edad. No tendr\u00e1n limite de edad aquellas personas de indentificaci\u00f3n trans, de pueblos ind\u00edgenas, con discapacidad, refugiadas o afrodescendientes\/afroargentinas no tendr\u00e1n l\u00edmite de edad.<\/p>\n\n\n\n<p>Desde la ANSES recordaron que para obtener el beneficio los ingresos del grupo familiar del titular no deben ser superiores a 3 Salarios M\u00ednimos, Vitales y M\u00f3viles (SMVM).<\/p>\n","protected":false},"excerpt":{"rendered":"<p>Inici\u00f3 la segunda convocatoria del a\u00f1o a las Becas Progresar. La convocatoria estar\u00e1 vigente hasta el 31 de agosto seg\u00fan inform\u00f3 La Administraci\u00f3n Nacional de la Seguridad Social (ANSES) en conjunto con el Ministerio de Educaci\u00f3n de la Naci\u00f3n. Se trata de un programa integral de Becas Educativas que acompa\u00f1a a los alumnos beneficiarios en [&hellip;]<\/p>\n","protected":false},"author":2,"featured_media":26939,"comment_status":"open","ping_status":"open","sticky":false,"template":"","format":"standard","meta":{"footnotes":""},"categories":[35],"tags":[],"class_list":["post-26938","post","type-post","status-publish","format-standard","has-post-thumbnail","hentry","category-informacion-general"],"yoast_head":"<!-- This site is optimized with the Yoast SEO plugin v27.4 - https:\/\/yoast.com\/product\/yoast-seo-wordpress\/ -->\n<title>Becas Progresar: Abri\u00f3 una nueva convocatoria | CVI NOTICIAS<\/title>\n<meta name=\"robots\" content=\"index, follow, max-snippet:-1, max-image-preview:large, max-video-preview:-1\" \/>\n<link rel=\"canonical\" href=\"https:\/\/cvinoticias.com\/v3\/becas-progresar-abrio-una-nueva-convocatoria\/\" \/>\n<meta property=\"og:locale\" content=\"es_ES\" \/>\n<meta property=\"og:type\" content=\"article\" \/>\n<meta property=\"og:title\" content=\"Becas Progresar: Abri\u00f3 una nueva convocatoria | CVI NOTICIAS\" \/>\n<meta property=\"og:description\" content=\"Inici\u00f3 la segunda convocatoria del a\u00f1o a las Becas Progresar. La convocatoria estar\u00e1 vigente hasta el 31 de agosto seg\u00fan inform\u00f3 La Administraci\u00f3n Nacional de la Seguridad Social (ANSES) en conjunto con el Ministerio de Educaci\u00f3n de la Naci\u00f3n. Se trata de un programa integral de Becas Educativas que acompa\u00f1a a los alumnos beneficiarios en [&hellip;]\" \/>\n<meta property=\"og:url\" content=\"https:\/\/cvinoticias.com\/v3\/becas-progresar-abrio-una-nueva-convocatoria\/\" \/>\n<meta property=\"og:site_name\" content=\"CVI NOTICIAS\" \/>\n<meta property=\"article:publisher\" content=\"https:\/\/www.facebook.com\/cvinoticias\" \/>\n<meta property=\"article:published_time\" content=\"2023-08-09T12:13:20+00:00\" \/>\n<meta property=\"og:image\" content=\"https:\/\/cvinoticias.com\/wp-content\/uploads\/2023\/08\/becas_progresar_inscripcion.jpg_1402874324-1080x608-1.jpg\" \/>\n\t<meta property=\"og:image:width\" content=\"1080\" \/>\n\t<meta property=\"og:image:height\" content=\"608\" \/>\n\t<meta property=\"og:image:type\" content=\"image\/jpeg\" \/>\n<meta name=\"author\" content=\"f1000024\" \/>\n<meta name=\"twitter:card\" content=\"summary_large_image\" \/>\n<meta name=\"twitter:label1\" content=\"Escrito por\" \/>\n\t<meta name=\"twitter:data1\" content=\"f1000024\" \/>\n\t<meta name=\"twitter:label2\" content=\"Tiempo de lectura\" \/>\n\t<meta name=\"twitter:data2\" content=\"1 minuto\" \/>\n<script type=\"application\/ld+json\" class=\"yoast-schema-graph\">{\"@context\":\"https:\\\/\\\/schema.org\",\"@graph\":[{\"@type\":\"Article\",\"@id\":\"https:\\\/\\\/cvinoticias.com\\\/v3\\\/becas-progresar-abrio-una-nueva-convocatoria\\\/#article\",\"isPartOf\":{\"@id\":\"https:\\\/\\\/cvinoticias.com\\\/v3\\\/becas-progresar-abrio-una-nueva-convocatoria\\\/\"},\"author\":{\"name\":\"f1000024\",\"@id\":\"https:\\\/\\\/cvinoticias.com\\\/v3\\\/#\\\/schema\\\/person\\\/2db77e3c6bc03c538495d7b2b8be9b66\"},\"headline\":\"Becas Progresar: Abri\u00f3 una nueva convocatoria\",\"datePublished\":\"2023-08-09T12:13:20+00:00\",\"mainEntityOfPage\":{\"@id\":\"https:\\\/\\\/cvinoticias.com\\\/v3\\\/becas-progresar-abrio-una-nueva-convocatoria\\\/\"},\"wordCount\":240,\"commentCount\":0,\"publisher\":{\"@id\":\"https:\\\/\\\/cvinoticias.com\\\/v3\\\/#organization\"},\"image\":{\"@id\":\"https:\\\/\\\/cvinoticias.com\\\/v3\\\/becas-progresar-abrio-una-nueva-convocatoria\\\/#primaryimage\"},\"thumbnailUrl\":\"https:\\\/\\\/cvinoticias.com\\\/wp-content\\\/uploads\\\/2023\\\/08\\\/becas_progresar_inscripcion.jpg_1402874324-1080x608-1.jpg\",\"articleSection\":[\"Informaci\u00f3n General\"],\"inLanguage\":\"es\",\"potentialAction\":[{\"@type\":\"CommentAction\",\"name\":\"Comment\",\"target\":[\"https:\\\/\\\/cvinoticias.com\\\/v3\\\/becas-progresar-abrio-una-nueva-convocatoria\\\/#respond\"]}]},{\"@type\":\"WebPage\",\"@id\":\"https:\\\/\\\/cvinoticias.com\\\/v3\\\/becas-progresar-abrio-una-nueva-convocatoria\\\/\",\"url\":\"https:\\\/\\\/cvinoticias.com\\\/v3\\\/becas-progresar-abrio-una-nueva-convocatoria\\\/\",\"name\":\"Becas Progresar: Abri\u00f3 una nueva convocatoria | CVI NOTICIAS\",\"isPartOf\":{\"@id\":\"https:\\\/\\\/cvinoticias.com\\\/v3\\\/#website\"},\"primaryImageOfPage\":{\"@id\":\"https:\\\/\\\/cvinoticias.com\\\/v3\\\/becas-progresar-abrio-una-nueva-convocatoria\\\/#primaryimage\"},\"image\":{\"@id\":\"https:\\\/\\\/cvinoticias.com\\\/v3\\\/becas-progresar-abrio-una-nueva-convocatoria\\\/#primaryimage\"},\"thumbnailUrl\":\"https:\\\/\\\/cvinoticias.com\\\/wp-content\\\/uploads\\\/2023\\\/08\\\/becas_progresar_inscripcion.jpg_1402874324-1080x608-1.jpg\",\"datePublished\":\"2023-08-09T12:13:20+00:00\",\"breadcrumb\":{\"@id\":\"https:\\\/\\\/cvinoticias.com\\\/v3\\\/becas-progresar-abrio-una-nueva-convocatoria\\\/#breadcrumb\"},\"inLanguage\":\"es\",\"potentialAction\":[{\"@type\":\"ReadAction\",\"target\":[\"https:\\\/\\\/cvinoticias.com\\\/v3\\\/becas-progresar-abrio-una-nueva-convocatoria\\\/\"]}]},{\"@type\":\"ImageObject\",\"inLanguage\":\"es\",\"@id\":\"https:\\\/\\\/cvinoticias.com\\\/v3\\\/becas-progresar-abrio-una-nueva-convocatoria\\\/#primaryimage\",\"url\":\"https:\\\/\\\/cvinoticias.com\\\/wp-content\\\/uploads\\\/2023\\\/08\\\/becas_progresar_inscripcion.jpg_1402874324-1080x608-1.jpg\",\"contentUrl\":\"https:\\\/\\\/cvinoticias.com\\\/wp-content\\\/uploads\\\/2023\\\/08\\\/becas_progresar_inscripcion.jpg_1402874324-1080x608-1.jpg\",\"width\":1080,\"height\":608},{\"@type\":\"BreadcrumbList\",\"@id\":\"https:\\\/\\\/cvinoticias.com\\\/v3\\\/becas-progresar-abrio-una-nueva-convocatoria\\\/#breadcrumb\",\"itemListElement\":[{\"@type\":\"ListItem\",\"position\":1,\"name\":\"Portada\",\"item\":\"https:\\\/\\\/cvinoticias.com\\\/v3\\\/\"},{\"@type\":\"ListItem\",\"position\":2,\"name\":\"Becas Progresar: Abri\u00f3 una nueva convocatoria\"}]},{\"@type\":\"WebSite\",\"@id\":\"https:\\\/\\\/cvinoticias.com\\\/v3\\\/#website\",\"url\":\"https:\\\/\\\/cvinoticias.com\\\/v3\\\/\",\"name\":\"CVI NOTICIAS\",\"description\":\"\",\"publisher\":{\"@id\":\"https:\\\/\\\/cvinoticias.com\\\/v3\\\/#organization\"},\"alternateName\":\"CVI\",\"potentialAction\":[{\"@type\":\"SearchAction\",\"target\":{\"@type\":\"EntryPoint\",\"urlTemplate\":\"https:\\\/\\\/cvinoticias.com\\\/v3\\\/?s={search_term_string}\"},\"query-input\":{\"@type\":\"PropertyValueSpecification\",\"valueRequired\":true,\"valueName\":\"search_term_string\"}}],\"inLanguage\":\"es\"},{\"@type\":\"Organization\",\"@id\":\"https:\\\/\\\/cvinoticias.com\\\/v3\\\/#organization\",\"name\":\"CVI NOTICIAS\",\"url\":\"https:\\\/\\\/cvinoticias.com\\\/v3\\\/\",\"logo\":{\"@type\":\"ImageObject\",\"inLanguage\":\"es\",\"@id\":\"https:\\\/\\\/cvinoticias.com\\\/v3\\\/#\\\/schema\\\/logo\\\/image\\\/\",\"url\":\"https:\\\/\\\/cvinoticias.com\\\/wp-content\\\/uploads\\\/2023\\\/04\\\/cropped-cropped-cropped-cropped-cropped-3-1.png\",\"contentUrl\":\"https:\\\/\\\/cvinoticias.com\\\/wp-content\\\/uploads\\\/2023\\\/04\\\/cropped-cropped-cropped-cropped-cropped-3-1.png\",\"width\":95,\"height\":122,\"caption\":\"CVI NOTICIAS\"},\"image\":{\"@id\":\"https:\\\/\\\/cvinoticias.com\\\/v3\\\/#\\\/schema\\\/logo\\\/image\\\/\"},\"sameAs\":[\"https:\\\/\\\/www.facebook.com\\\/cvinoticias\",\"https:\\\/\\\/www.instagram.com\\\/cvinoticias\\\/\",\"https:\\\/\\\/www.youtube.com\\\/@CVINOTICIAS\"]},{\"@type\":\"Person\",\"@id\":\"https:\\\/\\\/cvinoticias.com\\\/v3\\\/#\\\/schema\\\/person\\\/2db77e3c6bc03c538495d7b2b8be9b66\",\"name\":\"f1000024\",\"image\":{\"@type\":\"ImageObject\",\"inLanguage\":\"es\",\"@id\":\"https:\\\/\\\/secure.gravatar.com\\\/avatar\\\/d4fe7459cfc51ff5129ce1a732bbef5928568b8092d412ef95611616376bbeed?s=96&d=mm&r=g\",\"url\":\"https:\\\/\\\/secure.gravatar.com\\\/avatar\\\/d4fe7459cfc51ff5129ce1a732bbef5928568b8092d412ef95611616376bbeed?s=96&d=mm&r=g\",\"contentUrl\":\"https:\\\/\\\/secure.gravatar.com\\\/avatar\\\/d4fe7459cfc51ff5129ce1a732bbef5928568b8092d412ef95611616376bbeed?s=96&d=mm&r=g\",\"caption\":\"f1000024\"},\"url\":\"https:\\\/\\\/cvinoticias.com\\\/v3\\\/author\\\/f1000024\\\/\"}]}<\/script>\n<!-- \/ Yoast SEO plugin. -->","yoast_head_json":{"title":"Becas Progresar: Abri\u00f3 una nueva convocatoria | CVI NOTICIAS","robots":{"index":"index","follow":"follow","max-snippet":"max-snippet:-1","max-image-preview":"max-image-preview:large","max-video-preview":"max-video-preview:-1"},"canonical":"https:\/\/cvinoticias.com\/v3\/becas-progresar-abrio-una-nueva-convocatoria\/","og_locale":"es_ES","og_type":"article","og_title":"Becas Progresar: Abri\u00f3 una nueva convocatoria | CVI NOTICIAS","og_description":"Inici\u00f3 la segunda convocatoria del a\u00f1o a las Becas Progresar. La convocatoria estar\u00e1 vigente hasta el 31 de agosto seg\u00fan inform\u00f3 La Administraci\u00f3n Nacional de la Seguridad Social (ANSES) en conjunto con el Ministerio de Educaci\u00f3n de la Naci\u00f3n. Se trata de un programa integral de Becas Educativas que acompa\u00f1a a los alumnos beneficiarios en [&hellip;]","og_url":"https:\/\/cvinoticias.com\/v3\/becas-progresar-abrio-una-nueva-convocatoria\/","og_site_name":"CVI NOTICIAS","article_publisher":"https:\/\/www.facebook.com\/cvinoticias","article_published_time":"2023-08-09T12:13:20+00:00","og_image":[{"width":1080,"height":608,"url":"https:\/\/cvinoticias.com\/wp-content\/uploads\/2023\/08\/becas_progresar_inscripcion.jpg_1402874324-1080x608-1.jpg","type":"image\/jpeg"}],"author":"f1000024","twitter_card":"summary_large_image","twitter_misc":{"Escrito por":"f1000024","Tiempo de lectura":"1 minuto"},"schema":{"@context":"https:\/\/schema.org","@graph":[{"@type":"Article","@id":"https:\/\/cvinoticias.com\/v3\/becas-progresar-abrio-una-nueva-convocatoria\/#article","isPartOf":{"@id":"https:\/\/cvinoticias.com\/v3\/becas-progresar-abrio-una-nueva-convocatoria\/"},"author":{"name":"f1000024","@id":"https:\/\/cvinoticias.com\/v3\/#\/schema\/person\/2db77e3c6bc03c538495d7b2b8be9b66"},"headline":"Becas Progresar: Abri\u00f3 una nueva convocatoria","datePublished":"2023-08-09T12:13:20+00:00","mainEntityOfPage":{"@id":"https:\/\/cvinoticias.com\/v3\/becas-progresar-abrio-una-nueva-convocatoria\/"},"wordCount":240,"commentCount":0,"publisher":{"@id":"https:\/\/cvinoticias.com\/v3\/#organization"},"image":{"@id":"https:\/\/cvinoticias.com\/v3\/becas-progresar-abrio-una-nueva-convocatoria\/#primaryimage"},"thumbnailUrl":"https:\/\/cvinoticias.com\/wp-content\/uploads\/2023\/08\/becas_progresar_inscripcion.jpg_1402874324-1080x608-1.jpg","articleSection":["Informaci\u00f3n General"],"inLanguage":"es","potentialAction":[{"@type":"CommentAction","name":"Comment","target":["https:\/\/cvinoticias.com\/v3\/becas-progresar-abrio-una-nueva-convocatoria\/#respond"]}]},{"@type":"WebPage","@id":"https:\/\/cvinoticias.com\/v3\/becas-progresar-abrio-una-nueva-convocatoria\/","url":"https:\/\/cvinoticias.com\/v3\/becas-progresar-abrio-una-nueva-convocatoria\/","name":"Becas Progresar: Abri\u00f3 una nueva convocatoria | CVI NOTICIAS","isPartOf":{"@id":"https:\/\/cvinoticias.com\/v3\/#website"},"primaryImageOfPage":{"@id":"https:\/\/cvinoticias.com\/v3\/becas-progresar-abrio-una-nueva-convocatoria\/#primaryimage"},"image":{"@id":"https:\/\/cvinoticias.com\/v3\/becas-progresar-abrio-una-nueva-convocatoria\/#primaryimage"},"thumbnailUrl":"https:\/\/cvinoticias.com\/wp-content\/uploads\/2023\/08\/becas_progresar_inscripcion.jpg_1402874324-1080x608-1.jpg","datePublished":"2023-08-09T12:13:20+00:00","breadcrumb":{"@id":"https:\/\/cvinoticias.com\/v3\/becas-progresar-abrio-una-nueva-convocatoria\/#breadcrumb"},"inLanguage":"es","potentialAction":[{"@type":"ReadAction","target":["https:\/\/cvinoticias.com\/v3\/becas-progresar-abrio-una-nueva-convocatoria\/"]}]},{"@type":"ImageObject","inLanguage":"es","@id":"https:\/\/cvinoticias.com\/v3\/becas-progresar-abrio-una-nueva-convocatoria\/#primaryimage","url":"https:\/\/cvinoticias.com\/wp-content\/uploads\/2023\/08\/becas_progresar_inscripcion.jpg_1402874324-1080x608-1.jpg","contentUrl":"https:\/\/cvinoticias.com\/wp-content\/uploads\/2023\/08\/becas_progresar_inscripcion.jpg_1402874324-1080x608-1.jpg","width":1080,"height":608},{"@type":"BreadcrumbList","@id":"https:\/\/cvinoticias.com\/v3\/becas-progresar-abrio-una-nueva-convocatoria\/#breadcrumb","itemListElement":[{"@type":"ListItem","position":1,"name":"Portada","item":"https:\/\/cvinoticias.com\/v3\/"},{"@type":"ListItem","position":2,"name":"Becas Progresar: Abri\u00f3 una nueva convocatoria"}]},{"@type":"WebSite","@id":"https:\/\/cvinoticias.com\/v3\/#website","url":"https:\/\/cvinoticias.com\/v3\/","name":"CVI NOTICIAS","description":"","publisher":{"@id":"https:\/\/cvinoticias.com\/v3\/#organization"},"alternateName":"CVI","potentialAction":[{"@type":"SearchAction","target":{"@type":"EntryPoint","urlTemplate":"https:\/\/cvinoticias.com\/v3\/?s={search_term_string}"},"query-input":{"@type":"PropertyValueSpecification","valueRequired":true,"valueName":"search_term_string"}}],"inLanguage":"es"},{"@type":"Organization","@id":"https:\/\/cvinoticias.com\/v3\/#organization","name":"CVI NOTICIAS","url":"https:\/\/cvinoticias.com\/v3\/","logo":{"@type":"ImageObject","inLanguage":"es","@id":"https:\/\/cvinoticias.com\/v3\/#\/schema\/logo\/image\/","url":"https:\/\/cvinoticias.com\/wp-content\/uploads\/2023\/04\/cropped-cropped-cropped-cropped-cropped-3-1.png","contentUrl":"https:\/\/cvinoticias.com\/wp-content\/uploads\/2023\/04\/cropped-cropped-cropped-cropped-cropped-3-1.png","width":95,"height":122,"caption":"CVI NOTICIAS"},"image":{"@id":"https:\/\/cvinoticias.com\/v3\/#\/schema\/logo\/image\/"},"sameAs":["https:\/\/www.facebook.com\/cvinoticias","https:\/\/www.instagram.com\/cvinoticias\/","https:\/\/www.youtube.com\/@CVINOTICIAS"]},{"@type":"Person","@id":"https:\/\/cvinoticias.com\/v3\/#\/schema\/person\/2db77e3c6bc03c538495d7b2b8be9b66","name":"f1000024","image":{"@type":"ImageObject","inLanguage":"es","@id":"https:\/\/secure.gravatar.com\/avatar\/d4fe7459cfc51ff5129ce1a732bbef5928568b8092d412ef95611616376bbeed?s=96&d=mm&r=g","url":"https:\/\/secure.gravatar.com\/avatar\/d4fe7459cfc51ff5129ce1a732bbef5928568b8092d412ef95611616376bbeed?s=96&d=mm&r=g","contentUrl":"https:\/\/secure.gravatar.com\/avatar\/d4fe7459cfc51ff5129ce1a732bbef5928568b8092d412ef95611616376bbeed?s=96&d=mm&r=g","caption":"f1000024"},"url":"https:\/\/cvinoticias.com\/v3\/author\/f1000024\/"}]}},"_links":{"self":[{"href":"https:\/\/cvinoticias.com\/v3\/wp-json\/wp\/v2\/posts\/26938","targetHints":{"allow":["GET"]}}],"collection":[{"href":"https:\/\/cvinoticias.com\/v3\/wp-json\/wp\/v2\/posts"}],"about":[{"href":"https:\/\/cvinoticias.com\/v3\/wp-json\/wp\/v2\/types\/post"}],"author":[{"embeddable":true,"href":"https:\/\/cvinoticias.com\/v3\/wp-json\/wp\/v2\/users\/2"}],"replies":[{"embeddable":true,"href":"https:\/\/cvinoticias.com\/v3\/wp-json\/wp\/v2\/comments?post=26938"}],"version-history":[{"count":1,"href":"https:\/\/cvinoticias.com\/v3\/wp-json\/wp\/v2\/posts\/26938\/revisions"}],"predecessor-version":[{"id":26940,"href":"https:\/\/cvinoticias.com\/v3\/wp-json\/wp\/v2\/posts\/26938\/revisions\/26940"}],"wp:featuredmedia":[{"embeddable":true,"href":"https:\/\/cvinoticias.com\/v3\/wp-json\/wp\/v2\/media\/26939"}],"wp:attachment":[{"href":"https:\/\/cvinoticias.com\/v3\/wp-json\/wp\/v2\/media?parent=26938"}],"wp:term":[{"taxonomy":"category","embeddable":true,"href":"https:\/\/cvinoticias.com\/v3\/wp-json\/wp\/v2\/categories?post=26938"},{"taxonomy":"post_tag","embeddable":true,"href":"https:\/\/cvinoticias.com\/v3\/wp-json\/wp\/v2\/tags?post=26938"}],"curies":[{"name":"wp","href":"https:\/\/api.w.org\/{rel}","templated":true}]}}