{"id":26930,"date":"2023-08-09T11:54:08","date_gmt":"2023-08-09T11:54:08","guid":{"rendered":"https:\/\/cvinoticias.com\/v3\/?p=26930"},"modified":"2023-08-09T11:54:08","modified_gmt":"2023-08-09T11:54:08","slug":"mendozapreparan-el-traslado-del-ultimo-elefante-cautivo-en-argentina","status":"publish","type":"post","link":"https:\/\/cvinoticias.com\/v3\/mendozapreparan-el-traslado-del-ultimo-elefante-cautivo-en-argentina\/","title":{"rendered":"MendozaPreparan el traslado del \u00faltimo elefante cautivo en Argentina"},"content":{"rendered":"\n<p><strong><em>Se trata de Tamy, el \u00faltimo en su especie que permanece en el Ecoparque mendocino y debe ser trasladado al Santuario de Brasil.<\/em><\/strong><\/p>\n\n\n\n<p>Especialistas preparan a la elefanta Tamy, \u00faltima de la especie en permanecer en el pa\u00eds, para su traslado desde el Ecoparque de Mendoza, donde comenzaron a planificar los trabajos de adaptaci\u00f3n del elefante asi\u00e1tico, hasta el Santuario de Brasil, donde anteriormente fueron sus predecesoras Pocha y Guillermina.<\/p>\n\n\n\n<p>Con la llegada del entrenador y especialista en bienestar animal, Ingo Schmidinger, quien ya trabaj\u00f3 con Pocha y Guillermina, comenzar\u00e1n los trabajos de adaptaci\u00f3n de Tamy, de 53 a\u00f1os.<\/p>\n\n\n\n<p>Es un animal geronte que lleg\u00f3 al antiguo zool\u00f3gico de Mendoza a partir de una donaci\u00f3n realizada por el Circo Hermanas Gasca en 1984. Las hostilidades de su vida en cautividad dejan evidencias en su salud f\u00edsica y ps\u00edquica. Es por eso que la Direcci\u00f3n Ecoparque Mendoza, desde 2016, trabaja para mejorar su bienestar y posibilitar una nueva historia de vida.<\/p>\n\n\n\n<figure class=\"wp-block-image size-large\"><a href=\"https:\/\/cvinoticias.com\/wp-content\/uploads\/2023\/08\/Screenshot_20230809_085155_Facebook.jpg\"><img decoding=\"async\" width=\"1024\" height=\"646\" data-src=\"https:\/\/cvinoticias.com\/wp-content\/uploads\/2023\/08\/Screenshot_20230809_085155_Facebook-1024x646.jpg\" alt=\"\" class=\"wp-image-26932 lazyload\" data-srcset=\"https:\/\/cvinoticias.com\/wp-content\/uploads\/2023\/08\/Screenshot_20230809_085155_Facebook-1024x646.jpg 1024w, https:\/\/cvinoticias.com\/wp-content\/uploads\/2023\/08\/Screenshot_20230809_085155_Facebook-300x189.jpg 300w, https:\/\/cvinoticias.com\/wp-content\/uploads\/2023\/08\/Screenshot_20230809_085155_Facebook-768x484.jpg 768w, https:\/\/cvinoticias.com\/wp-content\/uploads\/2023\/08\/Screenshot_20230809_085155_Facebook.jpg 1080w\" data-sizes=\"(max-width: 1024px) 100vw, 1024px\" src=\"data:image\/svg+xml;base64,PHN2ZyB3aWR0aD0iMSIgaGVpZ2h0PSIxIiB4bWxucz0iaHR0cDovL3d3dy53My5vcmcvMjAwMC9zdmciPjwvc3ZnPg==\" style=\"--smush-placeholder-width: 1024px; --smush-placeholder-aspect-ratio: 1024\/646;\" \/><\/a><\/figure>\n\n\n\n<p>La vida en cautiverio no ofrece a los elefantes ni siquiera una fracci\u00f3n de lo que tendr\u00edan en sus h\u00e1bitats naturales, y lo que necesitan para estar sanos mental y f\u00edsicamente. Los elefantes son animales altamente sociales, y el estr\u00e9s del encierro a menudo acorta su vida.<\/p>\n\n\n\n<p>\u00abEn su h\u00e1bitat natural, Tamy se mover\u00eda constantemente, migrando hasta 16 kil\u00f3metros al d\u00eda, y estar\u00eda activo 18 horas al d\u00eda. Actualmente, Tamy habita en un recinto de 1.265 metros cuadrados constituido por una fosa de cemento y tierra est\u00e9ril, sin perspectiva de horizonte. Esto ha favorecido la falta de ejercicio y las largas horas de pie del animal que lo exponen al malestar \u00f3seo y articular\u00bb, destac\u00f3 el director de Ecoparque, Ignacio Haudet.<\/p>\n\n\n\n<figure class=\"wp-block-image size-large\"><a href=\"https:\/\/cvinoticias.com\/wp-content\/uploads\/2023\/08\/Screenshot_20230809_085212_Facebook.jpg\"><img decoding=\"async\" width=\"1024\" height=\"679\" data-src=\"https:\/\/cvinoticias.com\/wp-content\/uploads\/2023\/08\/Screenshot_20230809_085212_Facebook-1024x679.jpg\" alt=\"\" class=\"wp-image-26933 lazyload\" data-srcset=\"https:\/\/cvinoticias.com\/wp-content\/uploads\/2023\/08\/Screenshot_20230809_085212_Facebook-1024x679.jpg 1024w, https:\/\/cvinoticias.com\/wp-content\/uploads\/2023\/08\/Screenshot_20230809_085212_Facebook-300x199.jpg 300w, https:\/\/cvinoticias.com\/wp-content\/uploads\/2023\/08\/Screenshot_20230809_085212_Facebook-768x509.jpg 768w, https:\/\/cvinoticias.com\/wp-content\/uploads\/2023\/08\/Screenshot_20230809_085212_Facebook.jpg 1080w\" data-sizes=\"(max-width: 1024px) 100vw, 1024px\" src=\"data:image\/svg+xml;base64,PHN2ZyB3aWR0aD0iMSIgaGVpZ2h0PSIxIiB4bWxucz0iaHR0cDovL3d3dy53My5vcmcvMjAwMC9zdmciPjwvc3ZnPg==\" style=\"--smush-placeholder-width: 1024px; --smush-placeholder-aspect-ratio: 1024\/679;\" \/><\/a><\/figure>\n\n\n\n<p>En ese sentido, el Gobierno de Mendoza, en acuerdo con el Santuario de Elefantes de Brasil y con la colaboraci\u00f3n de la Fundaci\u00f3n Franz Weber, ha acondicionado el hogar de Tamy para que el animal pueda interactuar con sus cuidadores y veterinarios de forma segura.<\/p>\n\n\n\n<p>\u00abA partir de 2023, Tamy puede hacer uso del recinto que antiguamente era habitado por Pocha y Guillermina, elefantas asi\u00e1ticas que fueron derivadas al santuario brasilero en 2022.<\/p>\n\n\n\n<p>Ahora el elefante dispone de dos puertas de entrenamiento con distintas tipolog\u00edas de operatividad, lo que posibilitar\u00e1 el manejo operante del individuo, la realizaci\u00f3n de chequeos m\u00e9dicos y el mantenimiento diario de sus patas\u00bb, concluy\u00f3 el responsable de Ecoparque.<\/p>\n\n\n\n<p>Los especialistas<\/p>\n\n\n\n<p>Ingo Schmidinger es un cuidador de animales especializado en elefantes. Durante los \u00faltimos 25 a\u00f1os, ha trabajado con problem\u00e1ticas asociadas a los elefantes cautivos en zool\u00f3gicos y otras instituciones an\u00e1logas. Es cofundador de \u00abKalinga Animal Shelter and Fauna Research\u00bb, donde, junto con su esposa, ha participado activamente en el rescate, la cr\u00eda a mano, la rehabilitaci\u00f3n y liberaci\u00f3n de varias especies de vida silvestre durante los \u00faltimos quince a\u00f1os.<\/p>\n\n\n\n<p>Realiza talleres y asesora a instituciones zool\u00f3gicas y de conservaci\u00f3n y protecci\u00f3n animal en \u00c1frica, Europa y Asia. Adem\u00e1s, capacita a cuidadores de animales en todo lo referente a enriquecimiento ambiental, el dise\u00f1o de las instalaciones, el cuidado del pie de elefante o la formaci\u00f3n m\u00e9dica.<\/p>\n\n\n\n<p>El especialista tambi\u00e9n particip\u00f3 activamente en el proceso de entrenamiento de las elefantas asi\u00e1ticas Pocha y Guillermina, tambi\u00e9n del Ecoparque Mendoza, que fueron derivadas al Santuario de Elefantes en Brasil.<\/p>\n\n\n\n<p>Johana Rinc\u00f3n Alba es m\u00e9dica veterinaria y zootecnista especializada en bienestar animal y se ha desempe\u00f1ado en medicina interna de fauna silvestre y en laboratorios de microbiolog\u00eda con \u00e9nfasis en bacteriolog\u00eda e histolog\u00eda y medicina de la conservaci\u00f3n.<\/p>\n","protected":false},"excerpt":{"rendered":"<p>Se trata de Tamy, el \u00faltimo en su especie que permanece en el Ecoparque mendocino y debe ser trasladado al Santuario de Brasil. Especialistas preparan a la elefanta Tamy, \u00faltima de la especie en permanecer en el pa\u00eds, para su traslado desde el Ecoparque de Mendoza, donde comenzaron a planificar los trabajos de adaptaci\u00f3n del [&hellip;]<\/p>\n","protected":false},"author":2,"featured_media":26931,"comment_status":"open","ping_status":"open","sticky":false,"template":"","format":"standard","meta":{"footnotes":""},"categories":[35],"tags":[],"class_list":["post-26930","post","type-post","status-publish","format-standard","has-post-thumbnail","hentry","category-informacion-general"],"yoast_head":"<!-- This site is optimized with the Yoast SEO plugin v27.5 - https:\/\/yoast.com\/product\/yoast-seo-wordpress\/ -->\n<title>MendozaPreparan el traslado del \u00faltimo elefante cautivo en Argentina | CVI NOTICIAS<\/title>\n<meta name=\"robots\" content=\"index, follow, max-snippet:-1, max-image-preview:large, max-video-preview:-1\" \/>\n<link rel=\"canonical\" href=\"https:\/\/cvinoticias.com\/v3\/mendozapreparan-el-traslado-del-ultimo-elefante-cautivo-en-argentina\/\" \/>\n<meta property=\"og:locale\" content=\"es_ES\" \/>\n<meta property=\"og:type\" content=\"article\" \/>\n<meta property=\"og:title\" content=\"MendozaPreparan el traslado del \u00faltimo elefante cautivo en Argentina | CVI NOTICIAS\" \/>\n<meta property=\"og:description\" content=\"Se trata de Tamy, el \u00faltimo en su especie que permanece en el Ecoparque mendocino y debe ser trasladado al Santuario de Brasil. Especialistas preparan a la elefanta Tamy, \u00faltima de la especie en permanecer en el pa\u00eds, para su traslado desde el Ecoparque de Mendoza, donde comenzaron a planificar los trabajos de adaptaci\u00f3n del [&hellip;]\" \/>\n<meta property=\"og:url\" content=\"https:\/\/cvinoticias.com\/v3\/mendozapreparan-el-traslado-del-ultimo-elefante-cautivo-en-argentina\/\" \/>\n<meta property=\"og:site_name\" content=\"CVI NOTICIAS\" \/>\n<meta property=\"article:publisher\" content=\"https:\/\/www.facebook.com\/cvinoticias\" \/>\n<meta property=\"article:published_time\" content=\"2023-08-09T11:54:08+00:00\" \/>\n<meta property=\"og:image\" content=\"https:\/\/cvinoticias.com\/wp-content\/uploads\/2023\/08\/Screenshot_20230809_085132_Facebook.jpg\" \/>\n\t<meta property=\"og:image:width\" content=\"1080\" \/>\n\t<meta property=\"og:image:height\" content=\"702\" \/>\n\t<meta property=\"og:image:type\" content=\"image\/jpeg\" \/>\n<meta name=\"author\" content=\"f1000024\" \/>\n<meta name=\"twitter:card\" content=\"summary_large_image\" \/>\n<meta name=\"twitter:label1\" content=\"Escrito por\" \/>\n\t<meta name=\"twitter:data1\" content=\"f1000024\" \/>\n\t<meta name=\"twitter:label2\" content=\"Tiempo de lectura\" \/>\n\t<meta name=\"twitter:data2\" content=\"3 minutos\" \/>\n<script type=\"application\/ld+json\" class=\"yoast-schema-graph\">{\"@context\":\"https:\\\/\\\/schema.org\",\"@graph\":[{\"@type\":\"Article\",\"@id\":\"https:\\\/\\\/cvinoticias.com\\\/v3\\\/mendozapreparan-el-traslado-del-ultimo-elefante-cautivo-en-argentina\\\/#article\",\"isPartOf\":{\"@id\":\"https:\\\/\\\/cvinoticias.com\\\/v3\\\/mendozapreparan-el-traslado-del-ultimo-elefante-cautivo-en-argentina\\\/\"},\"author\":{\"name\":\"f1000024\",\"@id\":\"https:\\\/\\\/cvinoticias.com\\\/v3\\\/#\\\/schema\\\/person\\\/2db77e3c6bc03c538495d7b2b8be9b66\"},\"headline\":\"MendozaPreparan el traslado del \u00faltimo elefante cautivo en Argentina\",\"datePublished\":\"2023-08-09T11:54:08+00:00\",\"mainEntityOfPage\":{\"@id\":\"https:\\\/\\\/cvinoticias.com\\\/v3\\\/mendozapreparan-el-traslado-del-ultimo-elefante-cautivo-en-argentina\\\/\"},\"wordCount\":632,\"commentCount\":0,\"publisher\":{\"@id\":\"https:\\\/\\\/cvinoticias.com\\\/v3\\\/#organization\"},\"image\":{\"@id\":\"https:\\\/\\\/cvinoticias.com\\\/v3\\\/mendozapreparan-el-traslado-del-ultimo-elefante-cautivo-en-argentina\\\/#primaryimage\"},\"thumbnailUrl\":\"https:\\\/\\\/cvinoticias.com\\\/wp-content\\\/uploads\\\/2023\\\/08\\\/Screenshot_20230809_085132_Facebook.jpg\",\"articleSection\":[\"Informaci\u00f3n General\"],\"inLanguage\":\"es\",\"potentialAction\":[{\"@type\":\"CommentAction\",\"name\":\"Comment\",\"target\":[\"https:\\\/\\\/cvinoticias.com\\\/v3\\\/mendozapreparan-el-traslado-del-ultimo-elefante-cautivo-en-argentina\\\/#respond\"]}]},{\"@type\":\"WebPage\",\"@id\":\"https:\\\/\\\/cvinoticias.com\\\/v3\\\/mendozapreparan-el-traslado-del-ultimo-elefante-cautivo-en-argentina\\\/\",\"url\":\"https:\\\/\\\/cvinoticias.com\\\/v3\\\/mendozapreparan-el-traslado-del-ultimo-elefante-cautivo-en-argentina\\\/\",\"name\":\"MendozaPreparan el traslado del \u00faltimo elefante cautivo en Argentina | CVI NOTICIAS\",\"isPartOf\":{\"@id\":\"https:\\\/\\\/cvinoticias.com\\\/v3\\\/#website\"},\"primaryImageOfPage\":{\"@id\":\"https:\\\/\\\/cvinoticias.com\\\/v3\\\/mendozapreparan-el-traslado-del-ultimo-elefante-cautivo-en-argentina\\\/#primaryimage\"},\"image\":{\"@id\":\"https:\\\/\\\/cvinoticias.com\\\/v3\\\/mendozapreparan-el-traslado-del-ultimo-elefante-cautivo-en-argentina\\\/#primaryimage\"},\"thumbnailUrl\":\"https:\\\/\\\/cvinoticias.com\\\/wp-content\\\/uploads\\\/2023\\\/08\\\/Screenshot_20230809_085132_Facebook.jpg\",\"datePublished\":\"2023-08-09T11:54:08+00:00\",\"breadcrumb\":{\"@id\":\"https:\\\/\\\/cvinoticias.com\\\/v3\\\/mendozapreparan-el-traslado-del-ultimo-elefante-cautivo-en-argentina\\\/#breadcrumb\"},\"inLanguage\":\"es\",\"potentialAction\":[{\"@type\":\"ReadAction\",\"target\":[\"https:\\\/\\\/cvinoticias.com\\\/v3\\\/mendozapreparan-el-traslado-del-ultimo-elefante-cautivo-en-argentina\\\/\"]}]},{\"@type\":\"ImageObject\",\"inLanguage\":\"es\",\"@id\":\"https:\\\/\\\/cvinoticias.com\\\/v3\\\/mendozapreparan-el-traslado-del-ultimo-elefante-cautivo-en-argentina\\\/#primaryimage\",\"url\":\"https:\\\/\\\/cvinoticias.com\\\/wp-content\\\/uploads\\\/2023\\\/08\\\/Screenshot_20230809_085132_Facebook.jpg\",\"contentUrl\":\"https:\\\/\\\/cvinoticias.com\\\/wp-content\\\/uploads\\\/2023\\\/08\\\/Screenshot_20230809_085132_Facebook.jpg\",\"width\":1080,\"height\":702},{\"@type\":\"BreadcrumbList\",\"@id\":\"https:\\\/\\\/cvinoticias.com\\\/v3\\\/mendozapreparan-el-traslado-del-ultimo-elefante-cautivo-en-argentina\\\/#breadcrumb\",\"itemListElement\":[{\"@type\":\"ListItem\",\"position\":1,\"name\":\"Portada\",\"item\":\"https:\\\/\\\/cvinoticias.com\\\/v3\\\/\"},{\"@type\":\"ListItem\",\"position\":2,\"name\":\"MendozaPreparan el traslado del \u00faltimo elefante cautivo en Argentina\"}]},{\"@type\":\"WebSite\",\"@id\":\"https:\\\/\\\/cvinoticias.com\\\/v3\\\/#website\",\"url\":\"https:\\\/\\\/cvinoticias.com\\\/v3\\\/\",\"name\":\"CVI NOTICIAS\",\"description\":\"\",\"publisher\":{\"@id\":\"https:\\\/\\\/cvinoticias.com\\\/v3\\\/#organization\"},\"alternateName\":\"CVI\",\"potentialAction\":[{\"@type\":\"SearchAction\",\"target\":{\"@type\":\"EntryPoint\",\"urlTemplate\":\"https:\\\/\\\/cvinoticias.com\\\/v3\\\/?s={search_term_string}\"},\"query-input\":{\"@type\":\"PropertyValueSpecification\",\"valueRequired\":true,\"valueName\":\"search_term_string\"}}],\"inLanguage\":\"es\"},{\"@type\":\"Organization\",\"@id\":\"https:\\\/\\\/cvinoticias.com\\\/v3\\\/#organization\",\"name\":\"CVI NOTICIAS\",\"url\":\"https:\\\/\\\/cvinoticias.com\\\/v3\\\/\",\"logo\":{\"@type\":\"ImageObject\",\"inLanguage\":\"es\",\"@id\":\"https:\\\/\\\/cvinoticias.com\\\/v3\\\/#\\\/schema\\\/logo\\\/image\\\/\",\"url\":\"https:\\\/\\\/cvinoticias.com\\\/wp-content\\\/uploads\\\/2023\\\/04\\\/cropped-cropped-cropped-cropped-cropped-3-1.png\",\"contentUrl\":\"https:\\\/\\\/cvinoticias.com\\\/wp-content\\\/uploads\\\/2023\\\/04\\\/cropped-cropped-cropped-cropped-cropped-3-1.png\",\"width\":95,\"height\":122,\"caption\":\"CVI NOTICIAS\"},\"image\":{\"@id\":\"https:\\\/\\\/cvinoticias.com\\\/v3\\\/#\\\/schema\\\/logo\\\/image\\\/\"},\"sameAs\":[\"https:\\\/\\\/www.facebook.com\\\/cvinoticias\",\"https:\\\/\\\/www.instagram.com\\\/cvinoticias\\\/\",\"https:\\\/\\\/www.youtube.com\\\/@CVINOTICIAS\"]},{\"@type\":\"Person\",\"@id\":\"https:\\\/\\\/cvinoticias.com\\\/v3\\\/#\\\/schema\\\/person\\\/2db77e3c6bc03c538495d7b2b8be9b66\",\"name\":\"f1000024\",\"image\":{\"@type\":\"ImageObject\",\"inLanguage\":\"es\",\"@id\":\"https:\\\/\\\/secure.gravatar.com\\\/avatar\\\/d4fe7459cfc51ff5129ce1a732bbef5928568b8092d412ef95611616376bbeed?s=96&d=mm&r=g\",\"url\":\"https:\\\/\\\/secure.gravatar.com\\\/avatar\\\/d4fe7459cfc51ff5129ce1a732bbef5928568b8092d412ef95611616376bbeed?s=96&d=mm&r=g\",\"contentUrl\":\"https:\\\/\\\/secure.gravatar.com\\\/avatar\\\/d4fe7459cfc51ff5129ce1a732bbef5928568b8092d412ef95611616376bbeed?s=96&d=mm&r=g\",\"caption\":\"f1000024\"},\"url\":\"https:\\\/\\\/cvinoticias.com\\\/v3\\\/author\\\/f1000024\\\/\"}]}<\/script>\n<!-- \/ Yoast SEO plugin. -->","yoast_head_json":{"title":"MendozaPreparan el traslado del \u00faltimo elefante cautivo en Argentina | CVI NOTICIAS","robots":{"index":"index","follow":"follow","max-snippet":"max-snippet:-1","max-image-preview":"max-image-preview:large","max-video-preview":"max-video-preview:-1"},"canonical":"https:\/\/cvinoticias.com\/v3\/mendozapreparan-el-traslado-del-ultimo-elefante-cautivo-en-argentina\/","og_locale":"es_ES","og_type":"article","og_title":"MendozaPreparan el traslado del \u00faltimo elefante cautivo en Argentina | CVI NOTICIAS","og_description":"Se trata de Tamy, el \u00faltimo en su especie que permanece en el Ecoparque mendocino y debe ser trasladado al Santuario de Brasil. Especialistas preparan a la elefanta Tamy, \u00faltima de la especie en permanecer en el pa\u00eds, para su traslado desde el Ecoparque de Mendoza, donde comenzaron a planificar los trabajos de adaptaci\u00f3n del [&hellip;]","og_url":"https:\/\/cvinoticias.com\/v3\/mendozapreparan-el-traslado-del-ultimo-elefante-cautivo-en-argentina\/","og_site_name":"CVI NOTICIAS","article_publisher":"https:\/\/www.facebook.com\/cvinoticias","article_published_time":"2023-08-09T11:54:08+00:00","og_image":[{"width":1080,"height":702,"url":"https:\/\/cvinoticias.com\/wp-content\/uploads\/2023\/08\/Screenshot_20230809_085132_Facebook.jpg","type":"image\/jpeg"}],"author":"f1000024","twitter_card":"summary_large_image","twitter_misc":{"Escrito por":"f1000024","Tiempo de lectura":"3 minutos"},"schema":{"@context":"https:\/\/schema.org","@graph":[{"@type":"Article","@id":"https:\/\/cvinoticias.com\/v3\/mendozapreparan-el-traslado-del-ultimo-elefante-cautivo-en-argentina\/#article","isPartOf":{"@id":"https:\/\/cvinoticias.com\/v3\/mendozapreparan-el-traslado-del-ultimo-elefante-cautivo-en-argentina\/"},"author":{"name":"f1000024","@id":"https:\/\/cvinoticias.com\/v3\/#\/schema\/person\/2db77e3c6bc03c538495d7b2b8be9b66"},"headline":"MendozaPreparan el traslado del \u00faltimo elefante cautivo en Argentina","datePublished":"2023-08-09T11:54:08+00:00","mainEntityOfPage":{"@id":"https:\/\/cvinoticias.com\/v3\/mendozapreparan-el-traslado-del-ultimo-elefante-cautivo-en-argentina\/"},"wordCount":632,"commentCount":0,"publisher":{"@id":"https:\/\/cvinoticias.com\/v3\/#organization"},"image":{"@id":"https:\/\/cvinoticias.com\/v3\/mendozapreparan-el-traslado-del-ultimo-elefante-cautivo-en-argentina\/#primaryimage"},"thumbnailUrl":"https:\/\/cvinoticias.com\/wp-content\/uploads\/2023\/08\/Screenshot_20230809_085132_Facebook.jpg","articleSection":["Informaci\u00f3n General"],"inLanguage":"es","potentialAction":[{"@type":"CommentAction","name":"Comment","target":["https:\/\/cvinoticias.com\/v3\/mendozapreparan-el-traslado-del-ultimo-elefante-cautivo-en-argentina\/#respond"]}]},{"@type":"WebPage","@id":"https:\/\/cvinoticias.com\/v3\/mendozapreparan-el-traslado-del-ultimo-elefante-cautivo-en-argentina\/","url":"https:\/\/cvinoticias.com\/v3\/mendozapreparan-el-traslado-del-ultimo-elefante-cautivo-en-argentina\/","name":"MendozaPreparan el traslado del \u00faltimo elefante cautivo en Argentina | CVI NOTICIAS","isPartOf":{"@id":"https:\/\/cvinoticias.com\/v3\/#website"},"primaryImageOfPage":{"@id":"https:\/\/cvinoticias.com\/v3\/mendozapreparan-el-traslado-del-ultimo-elefante-cautivo-en-argentina\/#primaryimage"},"image":{"@id":"https:\/\/cvinoticias.com\/v3\/mendozapreparan-el-traslado-del-ultimo-elefante-cautivo-en-argentina\/#primaryimage"},"thumbnailUrl":"https:\/\/cvinoticias.com\/wp-content\/uploads\/2023\/08\/Screenshot_20230809_085132_Facebook.jpg","datePublished":"2023-08-09T11:54:08+00:00","breadcrumb":{"@id":"https:\/\/cvinoticias.com\/v3\/mendozapreparan-el-traslado-del-ultimo-elefante-cautivo-en-argentina\/#breadcrumb"},"inLanguage":"es","potentialAction":[{"@type":"ReadAction","target":["https:\/\/cvinoticias.com\/v3\/mendozapreparan-el-traslado-del-ultimo-elefante-cautivo-en-argentina\/"]}]},{"@type":"ImageObject","inLanguage":"es","@id":"https:\/\/cvinoticias.com\/v3\/mendozapreparan-el-traslado-del-ultimo-elefante-cautivo-en-argentina\/#primaryimage","url":"https:\/\/cvinoticias.com\/wp-content\/uploads\/2023\/08\/Screenshot_20230809_085132_Facebook.jpg","contentUrl":"https:\/\/cvinoticias.com\/wp-content\/uploads\/2023\/08\/Screenshot_20230809_085132_Facebook.jpg","width":1080,"height":702},{"@type":"BreadcrumbList","@id":"https:\/\/cvinoticias.com\/v3\/mendozapreparan-el-traslado-del-ultimo-elefante-cautivo-en-argentina\/#breadcrumb","itemListElement":[{"@type":"ListItem","position":1,"name":"Portada","item":"https:\/\/cvinoticias.com\/v3\/"},{"@type":"ListItem","position":2,"name":"MendozaPreparan el traslado del \u00faltimo elefante cautivo en Argentina"}]},{"@type":"WebSite","@id":"https:\/\/cvinoticias.com\/v3\/#website","url":"https:\/\/cvinoticias.com\/v3\/","name":"CVI NOTICIAS","description":"","publisher":{"@id":"https:\/\/cvinoticias.com\/v3\/#organization"},"alternateName":"CVI","potentialAction":[{"@type":"SearchAction","target":{"@type":"EntryPoint","urlTemplate":"https:\/\/cvinoticias.com\/v3\/?s={search_term_string}"},"query-input":{"@type":"PropertyValueSpecification","valueRequired":true,"valueName":"search_term_string"}}],"inLanguage":"es"},{"@type":"Organization","@id":"https:\/\/cvinoticias.com\/v3\/#organization","name":"CVI NOTICIAS","url":"https:\/\/cvinoticias.com\/v3\/","logo":{"@type":"ImageObject","inLanguage":"es","@id":"https:\/\/cvinoticias.com\/v3\/#\/schema\/logo\/image\/","url":"https:\/\/cvinoticias.com\/wp-content\/uploads\/2023\/04\/cropped-cropped-cropped-cropped-cropped-3-1.png","contentUrl":"https:\/\/cvinoticias.com\/wp-content\/uploads\/2023\/04\/cropped-cropped-cropped-cropped-cropped-3-1.png","width":95,"height":122,"caption":"CVI NOTICIAS"},"image":{"@id":"https:\/\/cvinoticias.com\/v3\/#\/schema\/logo\/image\/"},"sameAs":["https:\/\/www.facebook.com\/cvinoticias","https:\/\/www.instagram.com\/cvinoticias\/","https:\/\/www.youtube.com\/@CVINOTICIAS"]},{"@type":"Person","@id":"https:\/\/cvinoticias.com\/v3\/#\/schema\/person\/2db77e3c6bc03c538495d7b2b8be9b66","name":"f1000024","image":{"@type":"ImageObject","inLanguage":"es","@id":"https:\/\/secure.gravatar.com\/avatar\/d4fe7459cfc51ff5129ce1a732bbef5928568b8092d412ef95611616376bbeed?s=96&d=mm&r=g","url":"https:\/\/secure.gravatar.com\/avatar\/d4fe7459cfc51ff5129ce1a732bbef5928568b8092d412ef95611616376bbeed?s=96&d=mm&r=g","contentUrl":"https:\/\/secure.gravatar.com\/avatar\/d4fe7459cfc51ff5129ce1a732bbef5928568b8092d412ef95611616376bbeed?s=96&d=mm&r=g","caption":"f1000024"},"url":"https:\/\/cvinoticias.com\/v3\/author\/f1000024\/"}]}},"_links":{"self":[{"href":"https:\/\/cvinoticias.com\/v3\/wp-json\/wp\/v2\/posts\/26930","targetHints":{"allow":["GET"]}}],"collection":[{"href":"https:\/\/cvinoticias.com\/v3\/wp-json\/wp\/v2\/posts"}],"about":[{"href":"https:\/\/cvinoticias.com\/v3\/wp-json\/wp\/v2\/types\/post"}],"author":[{"embeddable":true,"href":"https:\/\/cvinoticias.com\/v3\/wp-json\/wp\/v2\/users\/2"}],"replies":[{"embeddable":true,"href":"https:\/\/cvinoticias.com\/v3\/wp-json\/wp\/v2\/comments?post=26930"}],"version-history":[{"count":1,"href":"https:\/\/cvinoticias.com\/v3\/wp-json\/wp\/v2\/posts\/26930\/revisions"}],"predecessor-version":[{"id":26934,"href":"https:\/\/cvinoticias.com\/v3\/wp-json\/wp\/v2\/posts\/26930\/revisions\/26934"}],"wp:featuredmedia":[{"embeddable":true,"href":"https:\/\/cvinoticias.com\/v3\/wp-json\/wp\/v2\/media\/26931"}],"wp:attachment":[{"href":"https:\/\/cvinoticias.com\/v3\/wp-json\/wp\/v2\/media?parent=26930"}],"wp:term":[{"taxonomy":"category","embeddable":true,"href":"https:\/\/cvinoticias.com\/v3\/wp-json\/wp\/v2\/categories?post=26930"},{"taxonomy":"post_tag","embeddable":true,"href":"https:\/\/cvinoticias.com\/v3\/wp-json\/wp\/v2\/tags?post=26930"}],"curies":[{"name":"wp","href":"https:\/\/api.w.org\/{rel}","templated":true}]}}