{"id":26924,"date":"2023-08-09T11:13:48","date_gmt":"2023-08-09T11:13:48","guid":{"rendered":"https:\/\/cvinoticias.com\/v3\/?p=26924"},"modified":"2023-08-09T11:13:48","modified_gmt":"2023-08-09T11:13:48","slug":"trimarco-confirmo-que-la-justicia-tendria-pruebas-de-la-muerte-de-su-hija-marita-veron","status":"publish","type":"post","link":"https:\/\/cvinoticias.com\/v3\/trimarco-confirmo-que-la-justicia-tendria-pruebas-de-la-muerte-de-su-hija-marita-veron\/","title":{"rendered":"Trimarco confirm\u00f3 que la Justicia \u00abtendr\u00eda pruebas de la muerte de su hija\u00bb, Marita Ver\u00f3n"},"content":{"rendered":"\n<p><strong><em>\u00abHay informaci\u00f3n que est\u00e1 investigando el fiscal federal (Juan Agust\u00edn) Chit que tiene que ver con alguna documentaci\u00f3n que vincular\u00eda a determinados sectores gremiales con la posibilidad de que tengan conocimiento de que Marita habr\u00eda muerto\u00bb, indic\u00f3 a trav\u00e9s de twitter.<\/em><\/strong><\/p>\n\n\n\n<p>Susana Trimarco, mam\u00e1 de Marita Ver\u00f3n, desaparecida hace 21 a\u00f1os en Tucum\u00e1n, confirm\u00f3 hoy que la Justicia Federal est\u00e1 investigando la posibilidad de que \u00absectores gremiales tengan conocimiento\u00bb sobre la muerte de su hija.<\/p>\n\n\n\n<p>En su cuenta en Twitter, Trimarco escribi\u00f3: \u00abNo podemos dar demasiada informaci\u00f3n, yo tampoco estoy totalmente informada sobre los detalles, pero hay informaci\u00f3n que est\u00e1 investigando el fiscal federal (Juan Agust\u00edn) Chit que tiene que ver con alguna documentaci\u00f3n que vincular\u00eda a determinados sectores gremiales con la posibilidad de que tengan conocimiento de que Marita habr\u00eda muerto\u00bb. Aclar\u00f3 que \u00abseguramente ma\u00f1ana saquemos alguna informaci\u00f3n de prensa al respecto\u00bb.<\/p>\n\n\n\n<p>\u00abEn cuanto a la importancia que podr\u00eda llegar a tener esto, en primera instancia para poder avanzar y conocer el destino final de Marita; por otro lado, por lo que hay hasta ahora vendr\u00eda a ser un complemento de lo que ya sabemos que sucedi\u00f3 con Marita\u00bb, a\u00f1adi\u00f3. Y resalt\u00f3: \u00abA ella no la encontramos y el trabajo de seguirla buscando est\u00e1 todo el tiempo presente hasta que podamos saber qu\u00e9 pas\u00f3 con ella\u00bb.<\/p>\n\n\n\n<p>Marita Ver\u00f3n ten\u00eda 22 a\u00f1os cuando fue raptada desde un autom\u00f3vil el 3 de abril de 2002 en la ciudad de San Miguel de Tucum\u00e1n. Desde ese d\u00eda, Marita, que es mam\u00e1 de Micaela, que hoy tiene 23 a\u00f1os, desapareci\u00f3.<\/p>\n\n\n\n<p>Las investigaciones que encar\u00f3 sola Trimarco permitieron a la Justicia arribar a la conclusi\u00f3n de que Marita hab\u00eda sido captada por una red de trata de personas que operaba en La Rioja para ser explotada sexualmente.<\/p>\n\n\n\n<p>Gracias a su accionar, el caso lleg\u00f3 a la Corte Interamericana de Derechos Humanos (CIDH), convirti\u00e9ndose en una causa internacional, y la madre de la joven desaparecida obtuvo reconocimientos mundiales.<\/p>\n\n\n\n<p>Trimarco cre\u00f3 la Fundaci\u00f3n Mar\u00eda de los \u00c1ngeles que trabaja en la prevenci\u00f3n y asistencia de sobrevivientes de trata de personas y de sus hijas e hijos.<\/p>\n","protected":false},"excerpt":{"rendered":"<p>\u00abHay informaci\u00f3n que est\u00e1 investigando el fiscal federal (Juan Agust\u00edn) Chit que tiene que ver con alguna documentaci\u00f3n que vincular\u00eda a determinados sectores gremiales con la posibilidad de que tengan conocimiento de que Marita habr\u00eda muerto\u00bb, indic\u00f3 a trav\u00e9s de twitter. Susana Trimarco, mam\u00e1 de Marita Ver\u00f3n, desaparecida hace 21 a\u00f1os en Tucum\u00e1n, confirm\u00f3 hoy [&hellip;]<\/p>\n","protected":false},"author":2,"featured_media":26925,"comment_status":"open","ping_status":"open","sticky":false,"template":"","format":"standard","meta":{"footnotes":""},"categories":[39],"tags":[],"class_list":["post-26924","post","type-post","status-publish","format-standard","has-post-thumbnail","hentry","category-nacionales"],"yoast_head":"<!-- This site is optimized with the Yoast SEO plugin v27.4 - https:\/\/yoast.com\/product\/yoast-seo-wordpress\/ -->\n<title>Trimarco confirm\u00f3 que la Justicia &quot;tendr\u00eda pruebas de la muerte de su hija&quot;, Marita Ver\u00f3n | CVI NOTICIAS<\/title>\n<meta name=\"robots\" content=\"index, follow, max-snippet:-1, max-image-preview:large, max-video-preview:-1\" \/>\n<link rel=\"canonical\" href=\"https:\/\/cvinoticias.com\/v3\/trimarco-confirmo-que-la-justicia-tendria-pruebas-de-la-muerte-de-su-hija-marita-veron\/\" \/>\n<meta property=\"og:locale\" content=\"es_ES\" \/>\n<meta property=\"og:type\" content=\"article\" \/>\n<meta property=\"og:title\" content=\"Trimarco confirm\u00f3 que la Justicia &quot;tendr\u00eda pruebas de la muerte de su hija&quot;, Marita Ver\u00f3n | CVI NOTICIAS\" \/>\n<meta property=\"og:description\" content=\"\u00abHay informaci\u00f3n que est\u00e1 investigando el fiscal federal (Juan Agust\u00edn) Chit que tiene que ver con alguna documentaci\u00f3n que vincular\u00eda a determinados sectores gremiales con la posibilidad de que tengan conocimiento de que Marita habr\u00eda muerto\u00bb, indic\u00f3 a trav\u00e9s de twitter. Susana Trimarco, mam\u00e1 de Marita Ver\u00f3n, desaparecida hace 21 a\u00f1os en Tucum\u00e1n, confirm\u00f3 hoy [&hellip;]\" \/>\n<meta property=\"og:url\" content=\"https:\/\/cvinoticias.com\/v3\/trimarco-confirmo-que-la-justicia-tendria-pruebas-de-la-muerte-de-su-hija-marita-veron\/\" \/>\n<meta property=\"og:site_name\" content=\"CVI NOTICIAS\" \/>\n<meta property=\"article:publisher\" content=\"https:\/\/www.facebook.com\/cvinoticias\" \/>\n<meta property=\"article:published_time\" content=\"2023-08-09T11:13:48+00:00\" \/>\n<meta property=\"og:image\" content=\"https:\/\/cvinoticias.com\/wp-content\/uploads\/2023\/08\/Screenshot_20230809_081323_Facebook.jpg\" \/>\n\t<meta property=\"og:image:width\" content=\"1080\" \/>\n\t<meta property=\"og:image:height\" content=\"604\" \/>\n\t<meta property=\"og:image:type\" content=\"image\/jpeg\" \/>\n<meta name=\"author\" content=\"f1000024\" \/>\n<meta name=\"twitter:card\" content=\"summary_large_image\" \/>\n<meta name=\"twitter:label1\" content=\"Escrito por\" \/>\n\t<meta name=\"twitter:data1\" content=\"f1000024\" \/>\n\t<meta name=\"twitter:label2\" content=\"Tiempo de lectura\" \/>\n\t<meta name=\"twitter:data2\" content=\"2 minutos\" \/>\n<script type=\"application\/ld+json\" class=\"yoast-schema-graph\">{\"@context\":\"https:\\\/\\\/schema.org\",\"@graph\":[{\"@type\":\"Article\",\"@id\":\"https:\\\/\\\/cvinoticias.com\\\/v3\\\/trimarco-confirmo-que-la-justicia-tendria-pruebas-de-la-muerte-de-su-hija-marita-veron\\\/#article\",\"isPartOf\":{\"@id\":\"https:\\\/\\\/cvinoticias.com\\\/v3\\\/trimarco-confirmo-que-la-justicia-tendria-pruebas-de-la-muerte-de-su-hija-marita-veron\\\/\"},\"author\":{\"name\":\"f1000024\",\"@id\":\"https:\\\/\\\/cvinoticias.com\\\/v3\\\/#\\\/schema\\\/person\\\/2db77e3c6bc03c538495d7b2b8be9b66\"},\"headline\":\"Trimarco confirm\u00f3 que la Justicia \u00abtendr\u00eda pruebas de la muerte de su hija\u00bb, Marita Ver\u00f3n\",\"datePublished\":\"2023-08-09T11:13:48+00:00\",\"mainEntityOfPage\":{\"@id\":\"https:\\\/\\\/cvinoticias.com\\\/v3\\\/trimarco-confirmo-que-la-justicia-tendria-pruebas-de-la-muerte-de-su-hija-marita-veron\\\/\"},\"wordCount\":395,\"commentCount\":0,\"publisher\":{\"@id\":\"https:\\\/\\\/cvinoticias.com\\\/v3\\\/#organization\"},\"image\":{\"@id\":\"https:\\\/\\\/cvinoticias.com\\\/v3\\\/trimarco-confirmo-que-la-justicia-tendria-pruebas-de-la-muerte-de-su-hija-marita-veron\\\/#primaryimage\"},\"thumbnailUrl\":\"https:\\\/\\\/cvinoticias.com\\\/wp-content\\\/uploads\\\/2023\\\/08\\\/Screenshot_20230809_081323_Facebook.jpg\",\"articleSection\":[\"Nacionales\"],\"inLanguage\":\"es\",\"potentialAction\":[{\"@type\":\"CommentAction\",\"name\":\"Comment\",\"target\":[\"https:\\\/\\\/cvinoticias.com\\\/v3\\\/trimarco-confirmo-que-la-justicia-tendria-pruebas-de-la-muerte-de-su-hija-marita-veron\\\/#respond\"]}]},{\"@type\":\"WebPage\",\"@id\":\"https:\\\/\\\/cvinoticias.com\\\/v3\\\/trimarco-confirmo-que-la-justicia-tendria-pruebas-de-la-muerte-de-su-hija-marita-veron\\\/\",\"url\":\"https:\\\/\\\/cvinoticias.com\\\/v3\\\/trimarco-confirmo-que-la-justicia-tendria-pruebas-de-la-muerte-de-su-hija-marita-veron\\\/\",\"name\":\"Trimarco confirm\u00f3 que la Justicia \\\"tendr\u00eda pruebas de la muerte de su hija\\\", Marita Ver\u00f3n | CVI NOTICIAS\",\"isPartOf\":{\"@id\":\"https:\\\/\\\/cvinoticias.com\\\/v3\\\/#website\"},\"primaryImageOfPage\":{\"@id\":\"https:\\\/\\\/cvinoticias.com\\\/v3\\\/trimarco-confirmo-que-la-justicia-tendria-pruebas-de-la-muerte-de-su-hija-marita-veron\\\/#primaryimage\"},\"image\":{\"@id\":\"https:\\\/\\\/cvinoticias.com\\\/v3\\\/trimarco-confirmo-que-la-justicia-tendria-pruebas-de-la-muerte-de-su-hija-marita-veron\\\/#primaryimage\"},\"thumbnailUrl\":\"https:\\\/\\\/cvinoticias.com\\\/wp-content\\\/uploads\\\/2023\\\/08\\\/Screenshot_20230809_081323_Facebook.jpg\",\"datePublished\":\"2023-08-09T11:13:48+00:00\",\"breadcrumb\":{\"@id\":\"https:\\\/\\\/cvinoticias.com\\\/v3\\\/trimarco-confirmo-que-la-justicia-tendria-pruebas-de-la-muerte-de-su-hija-marita-veron\\\/#breadcrumb\"},\"inLanguage\":\"es\",\"potentialAction\":[{\"@type\":\"ReadAction\",\"target\":[\"https:\\\/\\\/cvinoticias.com\\\/v3\\\/trimarco-confirmo-que-la-justicia-tendria-pruebas-de-la-muerte-de-su-hija-marita-veron\\\/\"]}]},{\"@type\":\"ImageObject\",\"inLanguage\":\"es\",\"@id\":\"https:\\\/\\\/cvinoticias.com\\\/v3\\\/trimarco-confirmo-que-la-justicia-tendria-pruebas-de-la-muerte-de-su-hija-marita-veron\\\/#primaryimage\",\"url\":\"https:\\\/\\\/cvinoticias.com\\\/wp-content\\\/uploads\\\/2023\\\/08\\\/Screenshot_20230809_081323_Facebook.jpg\",\"contentUrl\":\"https:\\\/\\\/cvinoticias.com\\\/wp-content\\\/uploads\\\/2023\\\/08\\\/Screenshot_20230809_081323_Facebook.jpg\",\"width\":1080,\"height\":604},{\"@type\":\"BreadcrumbList\",\"@id\":\"https:\\\/\\\/cvinoticias.com\\\/v3\\\/trimarco-confirmo-que-la-justicia-tendria-pruebas-de-la-muerte-de-su-hija-marita-veron\\\/#breadcrumb\",\"itemListElement\":[{\"@type\":\"ListItem\",\"position\":1,\"name\":\"Portada\",\"item\":\"https:\\\/\\\/cvinoticias.com\\\/v3\\\/\"},{\"@type\":\"ListItem\",\"position\":2,\"name\":\"Trimarco confirm\u00f3 que la Justicia \u00abtendr\u00eda pruebas de la muerte de su hija\u00bb, Marita Ver\u00f3n\"}]},{\"@type\":\"WebSite\",\"@id\":\"https:\\\/\\\/cvinoticias.com\\\/v3\\\/#website\",\"url\":\"https:\\\/\\\/cvinoticias.com\\\/v3\\\/\",\"name\":\"CVI NOTICIAS\",\"description\":\"\",\"publisher\":{\"@id\":\"https:\\\/\\\/cvinoticias.com\\\/v3\\\/#organization\"},\"alternateName\":\"CVI\",\"potentialAction\":[{\"@type\":\"SearchAction\",\"target\":{\"@type\":\"EntryPoint\",\"urlTemplate\":\"https:\\\/\\\/cvinoticias.com\\\/v3\\\/?s={search_term_string}\"},\"query-input\":{\"@type\":\"PropertyValueSpecification\",\"valueRequired\":true,\"valueName\":\"search_term_string\"}}],\"inLanguage\":\"es\"},{\"@type\":\"Organization\",\"@id\":\"https:\\\/\\\/cvinoticias.com\\\/v3\\\/#organization\",\"name\":\"CVI NOTICIAS\",\"url\":\"https:\\\/\\\/cvinoticias.com\\\/v3\\\/\",\"logo\":{\"@type\":\"ImageObject\",\"inLanguage\":\"es\",\"@id\":\"https:\\\/\\\/cvinoticias.com\\\/v3\\\/#\\\/schema\\\/logo\\\/image\\\/\",\"url\":\"https:\\\/\\\/cvinoticias.com\\\/wp-content\\\/uploads\\\/2023\\\/04\\\/cropped-cropped-cropped-cropped-cropped-3-1.png\",\"contentUrl\":\"https:\\\/\\\/cvinoticias.com\\\/wp-content\\\/uploads\\\/2023\\\/04\\\/cropped-cropped-cropped-cropped-cropped-3-1.png\",\"width\":95,\"height\":122,\"caption\":\"CVI NOTICIAS\"},\"image\":{\"@id\":\"https:\\\/\\\/cvinoticias.com\\\/v3\\\/#\\\/schema\\\/logo\\\/image\\\/\"},\"sameAs\":[\"https:\\\/\\\/www.facebook.com\\\/cvinoticias\",\"https:\\\/\\\/www.instagram.com\\\/cvinoticias\\\/\",\"https:\\\/\\\/www.youtube.com\\\/@CVINOTICIAS\"]},{\"@type\":\"Person\",\"@id\":\"https:\\\/\\\/cvinoticias.com\\\/v3\\\/#\\\/schema\\\/person\\\/2db77e3c6bc03c538495d7b2b8be9b66\",\"name\":\"f1000024\",\"image\":{\"@type\":\"ImageObject\",\"inLanguage\":\"es\",\"@id\":\"https:\\\/\\\/secure.gravatar.com\\\/avatar\\\/d4fe7459cfc51ff5129ce1a732bbef5928568b8092d412ef95611616376bbeed?s=96&d=mm&r=g\",\"url\":\"https:\\\/\\\/secure.gravatar.com\\\/avatar\\\/d4fe7459cfc51ff5129ce1a732bbef5928568b8092d412ef95611616376bbeed?s=96&d=mm&r=g\",\"contentUrl\":\"https:\\\/\\\/secure.gravatar.com\\\/avatar\\\/d4fe7459cfc51ff5129ce1a732bbef5928568b8092d412ef95611616376bbeed?s=96&d=mm&r=g\",\"caption\":\"f1000024\"},\"url\":\"https:\\\/\\\/cvinoticias.com\\\/v3\\\/author\\\/f1000024\\\/\"}]}<\/script>\n<!-- \/ Yoast SEO plugin. -->","yoast_head_json":{"title":"Trimarco confirm\u00f3 que la Justicia \"tendr\u00eda pruebas de la muerte de su hija\", Marita Ver\u00f3n | CVI NOTICIAS","robots":{"index":"index","follow":"follow","max-snippet":"max-snippet:-1","max-image-preview":"max-image-preview:large","max-video-preview":"max-video-preview:-1"},"canonical":"https:\/\/cvinoticias.com\/v3\/trimarco-confirmo-que-la-justicia-tendria-pruebas-de-la-muerte-de-su-hija-marita-veron\/","og_locale":"es_ES","og_type":"article","og_title":"Trimarco confirm\u00f3 que la Justicia \"tendr\u00eda pruebas de la muerte de su hija\", Marita Ver\u00f3n | CVI NOTICIAS","og_description":"\u00abHay informaci\u00f3n que est\u00e1 investigando el fiscal federal (Juan Agust\u00edn) Chit que tiene que ver con alguna documentaci\u00f3n que vincular\u00eda a determinados sectores gremiales con la posibilidad de que tengan conocimiento de que Marita habr\u00eda muerto\u00bb, indic\u00f3 a trav\u00e9s de twitter. Susana Trimarco, mam\u00e1 de Marita Ver\u00f3n, desaparecida hace 21 a\u00f1os en Tucum\u00e1n, confirm\u00f3 hoy [&hellip;]","og_url":"https:\/\/cvinoticias.com\/v3\/trimarco-confirmo-que-la-justicia-tendria-pruebas-de-la-muerte-de-su-hija-marita-veron\/","og_site_name":"CVI NOTICIAS","article_publisher":"https:\/\/www.facebook.com\/cvinoticias","article_published_time":"2023-08-09T11:13:48+00:00","og_image":[{"width":1080,"height":604,"url":"https:\/\/cvinoticias.com\/wp-content\/uploads\/2023\/08\/Screenshot_20230809_081323_Facebook.jpg","type":"image\/jpeg"}],"author":"f1000024","twitter_card":"summary_large_image","twitter_misc":{"Escrito por":"f1000024","Tiempo de lectura":"2 minutos"},"schema":{"@context":"https:\/\/schema.org","@graph":[{"@type":"Article","@id":"https:\/\/cvinoticias.com\/v3\/trimarco-confirmo-que-la-justicia-tendria-pruebas-de-la-muerte-de-su-hija-marita-veron\/#article","isPartOf":{"@id":"https:\/\/cvinoticias.com\/v3\/trimarco-confirmo-que-la-justicia-tendria-pruebas-de-la-muerte-de-su-hija-marita-veron\/"},"author":{"name":"f1000024","@id":"https:\/\/cvinoticias.com\/v3\/#\/schema\/person\/2db77e3c6bc03c538495d7b2b8be9b66"},"headline":"Trimarco confirm\u00f3 que la Justicia \u00abtendr\u00eda pruebas de la muerte de su hija\u00bb, Marita Ver\u00f3n","datePublished":"2023-08-09T11:13:48+00:00","mainEntityOfPage":{"@id":"https:\/\/cvinoticias.com\/v3\/trimarco-confirmo-que-la-justicia-tendria-pruebas-de-la-muerte-de-su-hija-marita-veron\/"},"wordCount":395,"commentCount":0,"publisher":{"@id":"https:\/\/cvinoticias.com\/v3\/#organization"},"image":{"@id":"https:\/\/cvinoticias.com\/v3\/trimarco-confirmo-que-la-justicia-tendria-pruebas-de-la-muerte-de-su-hija-marita-veron\/#primaryimage"},"thumbnailUrl":"https:\/\/cvinoticias.com\/wp-content\/uploads\/2023\/08\/Screenshot_20230809_081323_Facebook.jpg","articleSection":["Nacionales"],"inLanguage":"es","potentialAction":[{"@type":"CommentAction","name":"Comment","target":["https:\/\/cvinoticias.com\/v3\/trimarco-confirmo-que-la-justicia-tendria-pruebas-de-la-muerte-de-su-hija-marita-veron\/#respond"]}]},{"@type":"WebPage","@id":"https:\/\/cvinoticias.com\/v3\/trimarco-confirmo-que-la-justicia-tendria-pruebas-de-la-muerte-de-su-hija-marita-veron\/","url":"https:\/\/cvinoticias.com\/v3\/trimarco-confirmo-que-la-justicia-tendria-pruebas-de-la-muerte-de-su-hija-marita-veron\/","name":"Trimarco confirm\u00f3 que la Justicia \"tendr\u00eda pruebas de la muerte de su hija\", Marita Ver\u00f3n | CVI NOTICIAS","isPartOf":{"@id":"https:\/\/cvinoticias.com\/v3\/#website"},"primaryImageOfPage":{"@id":"https:\/\/cvinoticias.com\/v3\/trimarco-confirmo-que-la-justicia-tendria-pruebas-de-la-muerte-de-su-hija-marita-veron\/#primaryimage"},"image":{"@id":"https:\/\/cvinoticias.com\/v3\/trimarco-confirmo-que-la-justicia-tendria-pruebas-de-la-muerte-de-su-hija-marita-veron\/#primaryimage"},"thumbnailUrl":"https:\/\/cvinoticias.com\/wp-content\/uploads\/2023\/08\/Screenshot_20230809_081323_Facebook.jpg","datePublished":"2023-08-09T11:13:48+00:00","breadcrumb":{"@id":"https:\/\/cvinoticias.com\/v3\/trimarco-confirmo-que-la-justicia-tendria-pruebas-de-la-muerte-de-su-hija-marita-veron\/#breadcrumb"},"inLanguage":"es","potentialAction":[{"@type":"ReadAction","target":["https:\/\/cvinoticias.com\/v3\/trimarco-confirmo-que-la-justicia-tendria-pruebas-de-la-muerte-de-su-hija-marita-veron\/"]}]},{"@type":"ImageObject","inLanguage":"es","@id":"https:\/\/cvinoticias.com\/v3\/trimarco-confirmo-que-la-justicia-tendria-pruebas-de-la-muerte-de-su-hija-marita-veron\/#primaryimage","url":"https:\/\/cvinoticias.com\/wp-content\/uploads\/2023\/08\/Screenshot_20230809_081323_Facebook.jpg","contentUrl":"https:\/\/cvinoticias.com\/wp-content\/uploads\/2023\/08\/Screenshot_20230809_081323_Facebook.jpg","width":1080,"height":604},{"@type":"BreadcrumbList","@id":"https:\/\/cvinoticias.com\/v3\/trimarco-confirmo-que-la-justicia-tendria-pruebas-de-la-muerte-de-su-hija-marita-veron\/#breadcrumb","itemListElement":[{"@type":"ListItem","position":1,"name":"Portada","item":"https:\/\/cvinoticias.com\/v3\/"},{"@type":"ListItem","position":2,"name":"Trimarco confirm\u00f3 que la Justicia \u00abtendr\u00eda pruebas de la muerte de su hija\u00bb, Marita Ver\u00f3n"}]},{"@type":"WebSite","@id":"https:\/\/cvinoticias.com\/v3\/#website","url":"https:\/\/cvinoticias.com\/v3\/","name":"CVI NOTICIAS","description":"","publisher":{"@id":"https:\/\/cvinoticias.com\/v3\/#organization"},"alternateName":"CVI","potentialAction":[{"@type":"SearchAction","target":{"@type":"EntryPoint","urlTemplate":"https:\/\/cvinoticias.com\/v3\/?s={search_term_string}"},"query-input":{"@type":"PropertyValueSpecification","valueRequired":true,"valueName":"search_term_string"}}],"inLanguage":"es"},{"@type":"Organization","@id":"https:\/\/cvinoticias.com\/v3\/#organization","name":"CVI NOTICIAS","url":"https:\/\/cvinoticias.com\/v3\/","logo":{"@type":"ImageObject","inLanguage":"es","@id":"https:\/\/cvinoticias.com\/v3\/#\/schema\/logo\/image\/","url":"https:\/\/cvinoticias.com\/wp-content\/uploads\/2023\/04\/cropped-cropped-cropped-cropped-cropped-3-1.png","contentUrl":"https:\/\/cvinoticias.com\/wp-content\/uploads\/2023\/04\/cropped-cropped-cropped-cropped-cropped-3-1.png","width":95,"height":122,"caption":"CVI NOTICIAS"},"image":{"@id":"https:\/\/cvinoticias.com\/v3\/#\/schema\/logo\/image\/"},"sameAs":["https:\/\/www.facebook.com\/cvinoticias","https:\/\/www.instagram.com\/cvinoticias\/","https:\/\/www.youtube.com\/@CVINOTICIAS"]},{"@type":"Person","@id":"https:\/\/cvinoticias.com\/v3\/#\/schema\/person\/2db77e3c6bc03c538495d7b2b8be9b66","name":"f1000024","image":{"@type":"ImageObject","inLanguage":"es","@id":"https:\/\/secure.gravatar.com\/avatar\/d4fe7459cfc51ff5129ce1a732bbef5928568b8092d412ef95611616376bbeed?s=96&d=mm&r=g","url":"https:\/\/secure.gravatar.com\/avatar\/d4fe7459cfc51ff5129ce1a732bbef5928568b8092d412ef95611616376bbeed?s=96&d=mm&r=g","contentUrl":"https:\/\/secure.gravatar.com\/avatar\/d4fe7459cfc51ff5129ce1a732bbef5928568b8092d412ef95611616376bbeed?s=96&d=mm&r=g","caption":"f1000024"},"url":"https:\/\/cvinoticias.com\/v3\/author\/f1000024\/"}]}},"_links":{"self":[{"href":"https:\/\/cvinoticias.com\/v3\/wp-json\/wp\/v2\/posts\/26924","targetHints":{"allow":["GET"]}}],"collection":[{"href":"https:\/\/cvinoticias.com\/v3\/wp-json\/wp\/v2\/posts"}],"about":[{"href":"https:\/\/cvinoticias.com\/v3\/wp-json\/wp\/v2\/types\/post"}],"author":[{"embeddable":true,"href":"https:\/\/cvinoticias.com\/v3\/wp-json\/wp\/v2\/users\/2"}],"replies":[{"embeddable":true,"href":"https:\/\/cvinoticias.com\/v3\/wp-json\/wp\/v2\/comments?post=26924"}],"version-history":[{"count":1,"href":"https:\/\/cvinoticias.com\/v3\/wp-json\/wp\/v2\/posts\/26924\/revisions"}],"predecessor-version":[{"id":26926,"href":"https:\/\/cvinoticias.com\/v3\/wp-json\/wp\/v2\/posts\/26924\/revisions\/26926"}],"wp:featuredmedia":[{"embeddable":true,"href":"https:\/\/cvinoticias.com\/v3\/wp-json\/wp\/v2\/media\/26925"}],"wp:attachment":[{"href":"https:\/\/cvinoticias.com\/v3\/wp-json\/wp\/v2\/media?parent=26924"}],"wp:term":[{"taxonomy":"category","embeddable":true,"href":"https:\/\/cvinoticias.com\/v3\/wp-json\/wp\/v2\/categories?post=26924"},{"taxonomy":"post_tag","embeddable":true,"href":"https:\/\/cvinoticias.com\/v3\/wp-json\/wp\/v2\/tags?post=26924"}],"curies":[{"name":"wp","href":"https:\/\/api.w.org\/{rel}","templated":true}]}}