{"id":26907,"date":"2023-08-08T12:11:02","date_gmt":"2023-08-08T12:11:02","guid":{"rendered":"https:\/\/cvinoticias.com\/v3\/?p=26907"},"modified":"2023-08-08T12:11:02","modified_gmt":"2023-08-08T12:11:02","slug":"upcn-cta-y-ate-llegan-a-un-acuerdo-salarial-para-agentes-de-salud-con-el-gobierno-de-misiones","status":"publish","type":"post","link":"https:\/\/cvinoticias.com\/v3\/upcn-cta-y-ate-llegan-a-un-acuerdo-salarial-para-agentes-de-salud-con-el-gobierno-de-misiones\/","title":{"rendered":"UPCN, CTA y ATE llegan a un acuerdo salarial para agentes de Salud con el Gobierno de Misiones"},"content":{"rendered":"\n<p><strong><em>El Ministro de Salud P\u00fablica Oscar Alarc\u00f3n junto a su par de Hacienda Adolfo Safr\u00e1n se reunieron hoy con representantes de ATE-CTA y UPCN, en en la sede la cartera sanitaria, donde acordaron un incremento salarial para agentes de salud y el compromiso de mantener la mesa de di\u00e1logo para trabajar en beneficio del personal de salud.<\/em><\/strong><\/p>\n\n\n\n<p>Por parte de ATE-CTA participaron el secretario general de ATE, Jorge Duarte, el secretario de acci\u00f3n pol\u00edtica, Eduardo Sanabria, el secretario general de ATE Eldorado, Alejandro Carballo, el secretario general de ATE Sur, Horacio Dumanski, el secretario general de ATE San Vicente, Roni Rosa, el secretario de la organizaci\u00f3n de la CTA, Juan Pasaman y delegados de toda la provincia.<\/p>\n\n\n\n<p>Por parte de la Comisi\u00f3n Directiva de la Seccional Misiones de UPCN particip\u00f3, el secretario adjunto Jos\u00e9 Villalba, el secretario gremial, David Fraga, la secretar\u00eda de la mujer, Mabel Cantero, la secretaria de la Igualdad, Nilda Mart\u00ednez, la secretaria de cultura, Miriam Comparin, el secretario de convenio colectivo de trabajo, Cirilo Rojas, el secretario de la Juventud, Gast\u00f3n Meza, la secretaria de la carrera sanitaria, Mirta Garc\u00eda, la secretaria de actas, Argentina Aguirre y delegados de toda la provincia.<\/p>\n\n\n\n<p>Los puntos acordados fueron:<\/p>\n\n\n\n<ul class=\"wp-block-list\">\n<li>Acordar para el mes de agosto de 2023 un aumento al m\u00ednimo salarial que alcanzar\u00e1 $204.698,19 y acordar para el mes de octubre 2023 un aumento al m\u00ednimo salarial que alcanzar\u00e1 $225.675,76 reflejando igual incremento porcentual en las dem\u00e1s categor\u00edas de la Carrera Sanitaria. En los presentes incrementos se encuentra incluida la equiparaci\u00f3n salarial que se viene trabajando desde el mes de marzo.<\/li>\n\n\n\n<li>Se abonar\u00e1 la movilidad a los jubilados de salud en los meses de septiembre y noviembre de 2023.<\/li>\n\n\n\n<li>Actualizaci\u00f3n del valor de las guardias del mes de julio en un 20%, las cuales ser\u00e1n abonadas con los haberes en el mes de agosto, teniendo en cuenta la discriminaci\u00f3n correspondiente a las guardias t\u00e9cnicas en h\u00e1biles e inhabiles.<\/li>\n\n\n\n<li>Los incrementos acordados para los trabajadores del Ministerio de Salud P\u00fablica, ser\u00e1n aplicados tambi\u00e9n a los trabajadores del Parque de la Salud, del Ministerio de Prevenci\u00f3n de Adicciones y Control de Drogas y trabajadores becados.<\/li>\n\n\n\n<li>La mesa se compromete a cumplimentar con todos los tr\u00e1mites administrativos para la confecci\u00f3n del instrumento correspondiente a los expedientes de pase a planta permanente y recategorizaciones para el 31 de agosto del corriente.<\/li>\n\n\n\n<li>Fijar una mesa t\u00e9cnica para la primera quincena del mes de septiembre, a fin de modificar los b\u00e1sicos y absorber los adicionales de incrementos anteriores.<\/li>\n<\/ul>\n","protected":false},"excerpt":{"rendered":"<p>El Ministro de Salud P\u00fablica Oscar Alarc\u00f3n junto a su par de Hacienda Adolfo Safr\u00e1n se reunieron hoy con representantes de ATE-CTA y UPCN, en en la sede la cartera sanitaria, donde acordaron un incremento salarial para agentes de salud y el compromiso de mantener la mesa de di\u00e1logo para trabajar en beneficio del personal [&hellip;]<\/p>\n","protected":false},"author":2,"featured_media":26908,"comment_status":"open","ping_status":"closed","sticky":false,"template":"","format":"standard","meta":{"footnotes":""},"categories":[43],"tags":[],"class_list":["post-26907","post","type-post","status-publish","format-standard","has-post-thumbnail","hentry","category-provinciales"],"yoast_head":"<!-- This site is optimized with the Yoast SEO plugin v27.4 - https:\/\/yoast.com\/product\/yoast-seo-wordpress\/ -->\n<title>UPCN, CTA y ATE llegan a un acuerdo salarial para agentes de Salud con el Gobierno de Misiones | CVI NOTICIAS<\/title>\n<meta name=\"robots\" content=\"index, follow, max-snippet:-1, max-image-preview:large, max-video-preview:-1\" \/>\n<link rel=\"canonical\" href=\"https:\/\/cvinoticias.com\/v3\/upcn-cta-y-ate-llegan-a-un-acuerdo-salarial-para-agentes-de-salud-con-el-gobierno-de-misiones\/\" \/>\n<meta property=\"og:locale\" content=\"es_ES\" \/>\n<meta property=\"og:type\" content=\"article\" \/>\n<meta property=\"og:title\" content=\"UPCN, CTA y ATE llegan a un acuerdo salarial para agentes de Salud con el Gobierno de Misiones | CVI NOTICIAS\" \/>\n<meta property=\"og:description\" content=\"El Ministro de Salud P\u00fablica Oscar Alarc\u00f3n junto a su par de Hacienda Adolfo Safr\u00e1n se reunieron hoy con representantes de ATE-CTA y UPCN, en en la sede la cartera sanitaria, donde acordaron un incremento salarial para agentes de salud y el compromiso de mantener la mesa de di\u00e1logo para trabajar en beneficio del personal [&hellip;]\" \/>\n<meta property=\"og:url\" content=\"https:\/\/cvinoticias.com\/v3\/upcn-cta-y-ate-llegan-a-un-acuerdo-salarial-para-agentes-de-salud-con-el-gobierno-de-misiones\/\" \/>\n<meta property=\"og:site_name\" content=\"CVI NOTICIAS\" \/>\n<meta property=\"article:publisher\" content=\"https:\/\/www.facebook.com\/cvinoticias\" \/>\n<meta property=\"article:published_time\" content=\"2023-08-08T12:11:02+00:00\" \/>\n<meta property=\"og:image\" content=\"https:\/\/cvinoticias.com\/wp-content\/uploads\/2023\/08\/Acuerdo-salarial-3.jpg\" \/>\n\t<meta property=\"og:image:width\" content=\"813\" \/>\n\t<meta property=\"og:image:height\" content=\"553\" \/>\n\t<meta property=\"og:image:type\" content=\"image\/jpeg\" \/>\n<meta name=\"author\" content=\"f1000024\" \/>\n<meta name=\"twitter:card\" content=\"summary_large_image\" \/>\n<meta name=\"twitter:label1\" content=\"Escrito por\" \/>\n\t<meta name=\"twitter:data1\" content=\"f1000024\" \/>\n\t<meta name=\"twitter:label2\" content=\"Tiempo de lectura\" \/>\n\t<meta name=\"twitter:data2\" content=\"2 minutos\" \/>\n<script type=\"application\/ld+json\" class=\"yoast-schema-graph\">{\"@context\":\"https:\\\/\\\/schema.org\",\"@graph\":[{\"@type\":\"Article\",\"@id\":\"https:\\\/\\\/cvinoticias.com\\\/v3\\\/upcn-cta-y-ate-llegan-a-un-acuerdo-salarial-para-agentes-de-salud-con-el-gobierno-de-misiones\\\/#article\",\"isPartOf\":{\"@id\":\"https:\\\/\\\/cvinoticias.com\\\/v3\\\/upcn-cta-y-ate-llegan-a-un-acuerdo-salarial-para-agentes-de-salud-con-el-gobierno-de-misiones\\\/\"},\"author\":{\"name\":\"f1000024\",\"@id\":\"https:\\\/\\\/cvinoticias.com\\\/v3\\\/#\\\/schema\\\/person\\\/2db77e3c6bc03c538495d7b2b8be9b66\"},\"headline\":\"UPCN, CTA y ATE llegan a un acuerdo salarial para agentes de Salud con el Gobierno de Misiones\",\"datePublished\":\"2023-08-08T12:11:02+00:00\",\"mainEntityOfPage\":{\"@id\":\"https:\\\/\\\/cvinoticias.com\\\/v3\\\/upcn-cta-y-ate-llegan-a-un-acuerdo-salarial-para-agentes-de-salud-con-el-gobierno-de-misiones\\\/\"},\"wordCount\":455,\"commentCount\":0,\"publisher\":{\"@id\":\"https:\\\/\\\/cvinoticias.com\\\/v3\\\/#organization\"},\"image\":{\"@id\":\"https:\\\/\\\/cvinoticias.com\\\/v3\\\/upcn-cta-y-ate-llegan-a-un-acuerdo-salarial-para-agentes-de-salud-con-el-gobierno-de-misiones\\\/#primaryimage\"},\"thumbnailUrl\":\"https:\\\/\\\/cvinoticias.com\\\/wp-content\\\/uploads\\\/2023\\\/08\\\/Acuerdo-salarial-3.jpg\",\"articleSection\":[\"Provinciales\"],\"inLanguage\":\"es\",\"potentialAction\":[{\"@type\":\"CommentAction\",\"name\":\"Comment\",\"target\":[\"https:\\\/\\\/cvinoticias.com\\\/v3\\\/upcn-cta-y-ate-llegan-a-un-acuerdo-salarial-para-agentes-de-salud-con-el-gobierno-de-misiones\\\/#respond\"]}]},{\"@type\":\"WebPage\",\"@id\":\"https:\\\/\\\/cvinoticias.com\\\/v3\\\/upcn-cta-y-ate-llegan-a-un-acuerdo-salarial-para-agentes-de-salud-con-el-gobierno-de-misiones\\\/\",\"url\":\"https:\\\/\\\/cvinoticias.com\\\/v3\\\/upcn-cta-y-ate-llegan-a-un-acuerdo-salarial-para-agentes-de-salud-con-el-gobierno-de-misiones\\\/\",\"name\":\"UPCN, CTA y ATE llegan a un acuerdo salarial para agentes de Salud con el Gobierno de Misiones | CVI NOTICIAS\",\"isPartOf\":{\"@id\":\"https:\\\/\\\/cvinoticias.com\\\/v3\\\/#website\"},\"primaryImageOfPage\":{\"@id\":\"https:\\\/\\\/cvinoticias.com\\\/v3\\\/upcn-cta-y-ate-llegan-a-un-acuerdo-salarial-para-agentes-de-salud-con-el-gobierno-de-misiones\\\/#primaryimage\"},\"image\":{\"@id\":\"https:\\\/\\\/cvinoticias.com\\\/v3\\\/upcn-cta-y-ate-llegan-a-un-acuerdo-salarial-para-agentes-de-salud-con-el-gobierno-de-misiones\\\/#primaryimage\"},\"thumbnailUrl\":\"https:\\\/\\\/cvinoticias.com\\\/wp-content\\\/uploads\\\/2023\\\/08\\\/Acuerdo-salarial-3.jpg\",\"datePublished\":\"2023-08-08T12:11:02+00:00\",\"breadcrumb\":{\"@id\":\"https:\\\/\\\/cvinoticias.com\\\/v3\\\/upcn-cta-y-ate-llegan-a-un-acuerdo-salarial-para-agentes-de-salud-con-el-gobierno-de-misiones\\\/#breadcrumb\"},\"inLanguage\":\"es\",\"potentialAction\":[{\"@type\":\"ReadAction\",\"target\":[\"https:\\\/\\\/cvinoticias.com\\\/v3\\\/upcn-cta-y-ate-llegan-a-un-acuerdo-salarial-para-agentes-de-salud-con-el-gobierno-de-misiones\\\/\"]}]},{\"@type\":\"ImageObject\",\"inLanguage\":\"es\",\"@id\":\"https:\\\/\\\/cvinoticias.com\\\/v3\\\/upcn-cta-y-ate-llegan-a-un-acuerdo-salarial-para-agentes-de-salud-con-el-gobierno-de-misiones\\\/#primaryimage\",\"url\":\"https:\\\/\\\/cvinoticias.com\\\/wp-content\\\/uploads\\\/2023\\\/08\\\/Acuerdo-salarial-3.jpg\",\"contentUrl\":\"https:\\\/\\\/cvinoticias.com\\\/wp-content\\\/uploads\\\/2023\\\/08\\\/Acuerdo-salarial-3.jpg\",\"width\":813,\"height\":553},{\"@type\":\"BreadcrumbList\",\"@id\":\"https:\\\/\\\/cvinoticias.com\\\/v3\\\/upcn-cta-y-ate-llegan-a-un-acuerdo-salarial-para-agentes-de-salud-con-el-gobierno-de-misiones\\\/#breadcrumb\",\"itemListElement\":[{\"@type\":\"ListItem\",\"position\":1,\"name\":\"Portada\",\"item\":\"https:\\\/\\\/cvinoticias.com\\\/v3\\\/\"},{\"@type\":\"ListItem\",\"position\":2,\"name\":\"UPCN, CTA y ATE llegan a un acuerdo salarial para agentes de Salud con el Gobierno de Misiones\"}]},{\"@type\":\"WebSite\",\"@id\":\"https:\\\/\\\/cvinoticias.com\\\/v3\\\/#website\",\"url\":\"https:\\\/\\\/cvinoticias.com\\\/v3\\\/\",\"name\":\"CVI NOTICIAS\",\"description\":\"\",\"publisher\":{\"@id\":\"https:\\\/\\\/cvinoticias.com\\\/v3\\\/#organization\"},\"alternateName\":\"CVI\",\"potentialAction\":[{\"@type\":\"SearchAction\",\"target\":{\"@type\":\"EntryPoint\",\"urlTemplate\":\"https:\\\/\\\/cvinoticias.com\\\/v3\\\/?s={search_term_string}\"},\"query-input\":{\"@type\":\"PropertyValueSpecification\",\"valueRequired\":true,\"valueName\":\"search_term_string\"}}],\"inLanguage\":\"es\"},{\"@type\":\"Organization\",\"@id\":\"https:\\\/\\\/cvinoticias.com\\\/v3\\\/#organization\",\"name\":\"CVI NOTICIAS\",\"url\":\"https:\\\/\\\/cvinoticias.com\\\/v3\\\/\",\"logo\":{\"@type\":\"ImageObject\",\"inLanguage\":\"es\",\"@id\":\"https:\\\/\\\/cvinoticias.com\\\/v3\\\/#\\\/schema\\\/logo\\\/image\\\/\",\"url\":\"https:\\\/\\\/cvinoticias.com\\\/wp-content\\\/uploads\\\/2023\\\/04\\\/cropped-cropped-cropped-cropped-cropped-3-1.png\",\"contentUrl\":\"https:\\\/\\\/cvinoticias.com\\\/wp-content\\\/uploads\\\/2023\\\/04\\\/cropped-cropped-cropped-cropped-cropped-3-1.png\",\"width\":95,\"height\":122,\"caption\":\"CVI NOTICIAS\"},\"image\":{\"@id\":\"https:\\\/\\\/cvinoticias.com\\\/v3\\\/#\\\/schema\\\/logo\\\/image\\\/\"},\"sameAs\":[\"https:\\\/\\\/www.facebook.com\\\/cvinoticias\",\"https:\\\/\\\/www.instagram.com\\\/cvinoticias\\\/\",\"https:\\\/\\\/www.youtube.com\\\/@CVINOTICIAS\"]},{\"@type\":\"Person\",\"@id\":\"https:\\\/\\\/cvinoticias.com\\\/v3\\\/#\\\/schema\\\/person\\\/2db77e3c6bc03c538495d7b2b8be9b66\",\"name\":\"f1000024\",\"image\":{\"@type\":\"ImageObject\",\"inLanguage\":\"es\",\"@id\":\"https:\\\/\\\/secure.gravatar.com\\\/avatar\\\/d4fe7459cfc51ff5129ce1a732bbef5928568b8092d412ef95611616376bbeed?s=96&d=mm&r=g\",\"url\":\"https:\\\/\\\/secure.gravatar.com\\\/avatar\\\/d4fe7459cfc51ff5129ce1a732bbef5928568b8092d412ef95611616376bbeed?s=96&d=mm&r=g\",\"contentUrl\":\"https:\\\/\\\/secure.gravatar.com\\\/avatar\\\/d4fe7459cfc51ff5129ce1a732bbef5928568b8092d412ef95611616376bbeed?s=96&d=mm&r=g\",\"caption\":\"f1000024\"},\"url\":\"https:\\\/\\\/cvinoticias.com\\\/v3\\\/author\\\/f1000024\\\/\"}]}<\/script>\n<!-- \/ Yoast SEO plugin. -->","yoast_head_json":{"title":"UPCN, CTA y ATE llegan a un acuerdo salarial para agentes de Salud con el Gobierno de Misiones | CVI NOTICIAS","robots":{"index":"index","follow":"follow","max-snippet":"max-snippet:-1","max-image-preview":"max-image-preview:large","max-video-preview":"max-video-preview:-1"},"canonical":"https:\/\/cvinoticias.com\/v3\/upcn-cta-y-ate-llegan-a-un-acuerdo-salarial-para-agentes-de-salud-con-el-gobierno-de-misiones\/","og_locale":"es_ES","og_type":"article","og_title":"UPCN, CTA y ATE llegan a un acuerdo salarial para agentes de Salud con el Gobierno de Misiones | CVI NOTICIAS","og_description":"El Ministro de Salud P\u00fablica Oscar Alarc\u00f3n junto a su par de Hacienda Adolfo Safr\u00e1n se reunieron hoy con representantes de ATE-CTA y UPCN, en en la sede la cartera sanitaria, donde acordaron un incremento salarial para agentes de salud y el compromiso de mantener la mesa de di\u00e1logo para trabajar en beneficio del personal [&hellip;]","og_url":"https:\/\/cvinoticias.com\/v3\/upcn-cta-y-ate-llegan-a-un-acuerdo-salarial-para-agentes-de-salud-con-el-gobierno-de-misiones\/","og_site_name":"CVI NOTICIAS","article_publisher":"https:\/\/www.facebook.com\/cvinoticias","article_published_time":"2023-08-08T12:11:02+00:00","og_image":[{"width":813,"height":553,"url":"https:\/\/cvinoticias.com\/wp-content\/uploads\/2023\/08\/Acuerdo-salarial-3.jpg","type":"image\/jpeg"}],"author":"f1000024","twitter_card":"summary_large_image","twitter_misc":{"Escrito por":"f1000024","Tiempo de lectura":"2 minutos"},"schema":{"@context":"https:\/\/schema.org","@graph":[{"@type":"Article","@id":"https:\/\/cvinoticias.com\/v3\/upcn-cta-y-ate-llegan-a-un-acuerdo-salarial-para-agentes-de-salud-con-el-gobierno-de-misiones\/#article","isPartOf":{"@id":"https:\/\/cvinoticias.com\/v3\/upcn-cta-y-ate-llegan-a-un-acuerdo-salarial-para-agentes-de-salud-con-el-gobierno-de-misiones\/"},"author":{"name":"f1000024","@id":"https:\/\/cvinoticias.com\/v3\/#\/schema\/person\/2db77e3c6bc03c538495d7b2b8be9b66"},"headline":"UPCN, CTA y ATE llegan a un acuerdo salarial para agentes de Salud con el Gobierno de Misiones","datePublished":"2023-08-08T12:11:02+00:00","mainEntityOfPage":{"@id":"https:\/\/cvinoticias.com\/v3\/upcn-cta-y-ate-llegan-a-un-acuerdo-salarial-para-agentes-de-salud-con-el-gobierno-de-misiones\/"},"wordCount":455,"commentCount":0,"publisher":{"@id":"https:\/\/cvinoticias.com\/v3\/#organization"},"image":{"@id":"https:\/\/cvinoticias.com\/v3\/upcn-cta-y-ate-llegan-a-un-acuerdo-salarial-para-agentes-de-salud-con-el-gobierno-de-misiones\/#primaryimage"},"thumbnailUrl":"https:\/\/cvinoticias.com\/wp-content\/uploads\/2023\/08\/Acuerdo-salarial-3.jpg","articleSection":["Provinciales"],"inLanguage":"es","potentialAction":[{"@type":"CommentAction","name":"Comment","target":["https:\/\/cvinoticias.com\/v3\/upcn-cta-y-ate-llegan-a-un-acuerdo-salarial-para-agentes-de-salud-con-el-gobierno-de-misiones\/#respond"]}]},{"@type":"WebPage","@id":"https:\/\/cvinoticias.com\/v3\/upcn-cta-y-ate-llegan-a-un-acuerdo-salarial-para-agentes-de-salud-con-el-gobierno-de-misiones\/","url":"https:\/\/cvinoticias.com\/v3\/upcn-cta-y-ate-llegan-a-un-acuerdo-salarial-para-agentes-de-salud-con-el-gobierno-de-misiones\/","name":"UPCN, CTA y ATE llegan a un acuerdo salarial para agentes de Salud con el Gobierno de Misiones | CVI NOTICIAS","isPartOf":{"@id":"https:\/\/cvinoticias.com\/v3\/#website"},"primaryImageOfPage":{"@id":"https:\/\/cvinoticias.com\/v3\/upcn-cta-y-ate-llegan-a-un-acuerdo-salarial-para-agentes-de-salud-con-el-gobierno-de-misiones\/#primaryimage"},"image":{"@id":"https:\/\/cvinoticias.com\/v3\/upcn-cta-y-ate-llegan-a-un-acuerdo-salarial-para-agentes-de-salud-con-el-gobierno-de-misiones\/#primaryimage"},"thumbnailUrl":"https:\/\/cvinoticias.com\/wp-content\/uploads\/2023\/08\/Acuerdo-salarial-3.jpg","datePublished":"2023-08-08T12:11:02+00:00","breadcrumb":{"@id":"https:\/\/cvinoticias.com\/v3\/upcn-cta-y-ate-llegan-a-un-acuerdo-salarial-para-agentes-de-salud-con-el-gobierno-de-misiones\/#breadcrumb"},"inLanguage":"es","potentialAction":[{"@type":"ReadAction","target":["https:\/\/cvinoticias.com\/v3\/upcn-cta-y-ate-llegan-a-un-acuerdo-salarial-para-agentes-de-salud-con-el-gobierno-de-misiones\/"]}]},{"@type":"ImageObject","inLanguage":"es","@id":"https:\/\/cvinoticias.com\/v3\/upcn-cta-y-ate-llegan-a-un-acuerdo-salarial-para-agentes-de-salud-con-el-gobierno-de-misiones\/#primaryimage","url":"https:\/\/cvinoticias.com\/wp-content\/uploads\/2023\/08\/Acuerdo-salarial-3.jpg","contentUrl":"https:\/\/cvinoticias.com\/wp-content\/uploads\/2023\/08\/Acuerdo-salarial-3.jpg","width":813,"height":553},{"@type":"BreadcrumbList","@id":"https:\/\/cvinoticias.com\/v3\/upcn-cta-y-ate-llegan-a-un-acuerdo-salarial-para-agentes-de-salud-con-el-gobierno-de-misiones\/#breadcrumb","itemListElement":[{"@type":"ListItem","position":1,"name":"Portada","item":"https:\/\/cvinoticias.com\/v3\/"},{"@type":"ListItem","position":2,"name":"UPCN, CTA y ATE llegan a un acuerdo salarial para agentes de Salud con el Gobierno de Misiones"}]},{"@type":"WebSite","@id":"https:\/\/cvinoticias.com\/v3\/#website","url":"https:\/\/cvinoticias.com\/v3\/","name":"CVI NOTICIAS","description":"","publisher":{"@id":"https:\/\/cvinoticias.com\/v3\/#organization"},"alternateName":"CVI","potentialAction":[{"@type":"SearchAction","target":{"@type":"EntryPoint","urlTemplate":"https:\/\/cvinoticias.com\/v3\/?s={search_term_string}"},"query-input":{"@type":"PropertyValueSpecification","valueRequired":true,"valueName":"search_term_string"}}],"inLanguage":"es"},{"@type":"Organization","@id":"https:\/\/cvinoticias.com\/v3\/#organization","name":"CVI NOTICIAS","url":"https:\/\/cvinoticias.com\/v3\/","logo":{"@type":"ImageObject","inLanguage":"es","@id":"https:\/\/cvinoticias.com\/v3\/#\/schema\/logo\/image\/","url":"https:\/\/cvinoticias.com\/wp-content\/uploads\/2023\/04\/cropped-cropped-cropped-cropped-cropped-3-1.png","contentUrl":"https:\/\/cvinoticias.com\/wp-content\/uploads\/2023\/04\/cropped-cropped-cropped-cropped-cropped-3-1.png","width":95,"height":122,"caption":"CVI NOTICIAS"},"image":{"@id":"https:\/\/cvinoticias.com\/v3\/#\/schema\/logo\/image\/"},"sameAs":["https:\/\/www.facebook.com\/cvinoticias","https:\/\/www.instagram.com\/cvinoticias\/","https:\/\/www.youtube.com\/@CVINOTICIAS"]},{"@type":"Person","@id":"https:\/\/cvinoticias.com\/v3\/#\/schema\/person\/2db77e3c6bc03c538495d7b2b8be9b66","name":"f1000024","image":{"@type":"ImageObject","inLanguage":"es","@id":"https:\/\/secure.gravatar.com\/avatar\/d4fe7459cfc51ff5129ce1a732bbef5928568b8092d412ef95611616376bbeed?s=96&d=mm&r=g","url":"https:\/\/secure.gravatar.com\/avatar\/d4fe7459cfc51ff5129ce1a732bbef5928568b8092d412ef95611616376bbeed?s=96&d=mm&r=g","contentUrl":"https:\/\/secure.gravatar.com\/avatar\/d4fe7459cfc51ff5129ce1a732bbef5928568b8092d412ef95611616376bbeed?s=96&d=mm&r=g","caption":"f1000024"},"url":"https:\/\/cvinoticias.com\/v3\/author\/f1000024\/"}]}},"_links":{"self":[{"href":"https:\/\/cvinoticias.com\/v3\/wp-json\/wp\/v2\/posts\/26907","targetHints":{"allow":["GET"]}}],"collection":[{"href":"https:\/\/cvinoticias.com\/v3\/wp-json\/wp\/v2\/posts"}],"about":[{"href":"https:\/\/cvinoticias.com\/v3\/wp-json\/wp\/v2\/types\/post"}],"author":[{"embeddable":true,"href":"https:\/\/cvinoticias.com\/v3\/wp-json\/wp\/v2\/users\/2"}],"replies":[{"embeddable":true,"href":"https:\/\/cvinoticias.com\/v3\/wp-json\/wp\/v2\/comments?post=26907"}],"version-history":[{"count":1,"href":"https:\/\/cvinoticias.com\/v3\/wp-json\/wp\/v2\/posts\/26907\/revisions"}],"predecessor-version":[{"id":26909,"href":"https:\/\/cvinoticias.com\/v3\/wp-json\/wp\/v2\/posts\/26907\/revisions\/26909"}],"wp:featuredmedia":[{"embeddable":true,"href":"https:\/\/cvinoticias.com\/v3\/wp-json\/wp\/v2\/media\/26908"}],"wp:attachment":[{"href":"https:\/\/cvinoticias.com\/v3\/wp-json\/wp\/v2\/media?parent=26907"}],"wp:term":[{"taxonomy":"category","embeddable":true,"href":"https:\/\/cvinoticias.com\/v3\/wp-json\/wp\/v2\/categories?post=26907"},{"taxonomy":"post_tag","embeddable":true,"href":"https:\/\/cvinoticias.com\/v3\/wp-json\/wp\/v2\/tags?post=26907"}],"curies":[{"name":"wp","href":"https:\/\/api.w.org\/{rel}","templated":true}]}}