{"id":26901,"date":"2023-08-08T11:16:03","date_gmt":"2023-08-08T11:16:03","guid":{"rendered":"https:\/\/cvinoticias.com\/v3\/?p=26901"},"modified":"2023-08-08T11:16:03","modified_gmt":"2023-08-08T11:16:03","slug":"crisis-habitacional-6-de-cada-10-hogares-se-endeudan-para-pagar-el-alquiler","status":"publish","type":"post","link":"https:\/\/cvinoticias.com\/v3\/crisis-habitacional-6-de-cada-10-hogares-se-endeudan-para-pagar-el-alquiler\/","title":{"rendered":"Crisis habitacional: 6 de cada 10 hogares se endeudan para pagar el alquiler"},"content":{"rendered":"\n<p><strong><em>Un informe del Centro de Implementaci\u00f3n de Pol\u00edticas P\u00fablicas para la Equidad y el Crecimiento (CIPPEC) revel\u00f3 no s\u00f3lo que 4 millones de argentinos se encuentran en d\u00e9ficit habitacional sino que intent\u00f3 iluminar lo que ocurre con los alquilares.<\/em><\/strong><\/p>\n\n\n\n<p>En la Argentina, uno de cada tres hogares no tiene una vivienda adecuada, lo que se traduce en m\u00e1s de cuatro millones con d\u00e9ficit habitacional. As\u00ed lo indic\u00f3 un informe del Centro de Implementaci\u00f3n de Pol\u00edticas P\u00fablicas para la Equidad y el Crecimiento (CIPPEC), realizado en conjunto con referentes de la Asociaci\u00f3n Civil por la Igualdad y la Justicia (ACIJ), Techo y la Agencia Francesa de Desarrollo (AFD).<\/p>\n\n\n\n<p>Entre las causas que ponen al descubierto la crisis habitacional que azota al pa\u00eds se destacan la falta de acceso al agua potable, cloacas, gas o luz, viviendas precarias y situaciones de vulnerabilidad extrema e incertidumbre para los inquilinos, entre otras.<\/p>\n\n\n\n<p>El estudio se\u00f1ala como causa principal del problema la falta de coordinaci\u00f3n entre la pol\u00edtica de planificaci\u00f3n y la posibilidad de acceso a las viviendas, situaci\u00f3n que qued\u00f3 en evidencia con el aumento de barrios populares (villas) -en la actualidad existen 5.687 en el pa\u00eds- donde las condiciones de vida son m\u00e1s precarias y las personas se encuentran expuestas a innumerables factores de riesgo.<\/p>\n\n\n\n<p><strong>M\u00e1s de cinco millones de personas viven en barrios informales<\/strong><\/p>\n\n\n\n<p>Del an\u00e1lisis de los datos se desprende que el 66% no tiene acceso a la luz; 90%, al agua potable; 97%, a la red cloacal, y 99%, al gas. Las cifras surgen del \u00faltimo relevamiento del Registro Nacional de Barrios Populares (Renabap) realizado en 2022.<\/p>\n\n\n\n<p>Asimismo, el relevamiento destaca que los hogares en peores condiciones representan el 32% de la totalidad del pa\u00eds y viven en condiciones deficitarias: 1,3 millones de ellos lo hacen en viviendas compartidas, es decir que se superponen dos o m\u00e1s hogares por vivienda, y 2,6 millones residen en viviendas que requieren ampliaci\u00f3n y mejoras por falta de accesos a los servicios esenciales.<\/p>\n\n\n\n<p><strong>Alquileres: las familias se endeudan para pagarlo<\/strong><\/p>\n\n\n\n<p>Parte del informe se centr\u00f3, a su vez, en la crisis desatada en el mercado inmobiliario para inquilinos y propietarios a tres a\u00f1os de la sanci\u00f3n de la ley de alquileres.<\/p>\n\n\n\n<p>De acuerdo con el reporte, el 20,7% de los hogares alquilan la vivienda que, bajo las condiciones de la nueva ley, sufren dificultades para pagar.<\/p>\n\n\n\n<p>Luego del diagn\u00f3stico, los referentes desarrollaron una serie de recomendaciones de pol\u00edtica p\u00fablica, que consideran pueden aportar una soluci\u00f3n al conflicto, a dos semanas de las PASO.<\/p>\n\n\n\n<p>Entre las propuestas, se destacan la sanci\u00f3n de normativa de ordenamiento territorial, el mejoramiento integral de viviendas, la implementaci\u00f3n de un programa nacional de alquiler asequible, la sostenibilidad de los procesos de integraci\u00f3n socio urbana en barrios populares y la promoci\u00f3n de soluciones habitacionales temporales en contextos de emergencia.<\/p>\n\n\n\n<p>De acuerdo al relevamiento, el 32% de los hogares inquilinos del \u00c1rea Metropolitana de Buenos Aires (AMBA) destina m\u00e1s de la mitad de su salario a pagar el alquiler, mientras que el 60% de quienes alquilan asume aumentos por fuera de la ley de alquileres.<\/p>\n\n\n\n<p>Seg\u00fan el mismo informe, m\u00e1s de 2 millones de hogares en Argentina alquilan su vivienda y entre 2010 y 2022 el porcentaje de hogares inquilinos pas\u00f3 del 16% al 20% a nivel nacional ( de acuerdo a datos suministrados por el INDEC, 2022).<\/p>\n","protected":false},"excerpt":{"rendered":"<p>Un informe del Centro de Implementaci\u00f3n de Pol\u00edticas P\u00fablicas para la Equidad y el Crecimiento (CIPPEC) revel\u00f3 no s\u00f3lo que 4 millones de argentinos se encuentran en d\u00e9ficit habitacional sino que intent\u00f3 iluminar lo que ocurre con los alquilares. En la Argentina, uno de cada tres hogares no tiene una vivienda adecuada, lo que se [&hellip;]<\/p>\n","protected":false},"author":2,"featured_media":26902,"comment_status":"open","ping_status":"open","sticky":false,"template":"","format":"standard","meta":{"footnotes":""},"categories":[39],"tags":[],"class_list":["post-26901","post","type-post","status-publish","format-standard","has-post-thumbnail","hentry","category-nacionales"],"yoast_head":"<!-- This site is optimized with the Yoast SEO plugin v27.4 - https:\/\/yoast.com\/product\/yoast-seo-wordpress\/ -->\n<title>Crisis habitacional: 6 de cada 10 hogares se endeudan para pagar el alquiler | CVI NOTICIAS<\/title>\n<meta name=\"robots\" content=\"index, follow, max-snippet:-1, max-image-preview:large, max-video-preview:-1\" \/>\n<link rel=\"canonical\" href=\"https:\/\/cvinoticias.com\/v3\/crisis-habitacional-6-de-cada-10-hogares-se-endeudan-para-pagar-el-alquiler\/\" \/>\n<meta property=\"og:locale\" content=\"es_ES\" \/>\n<meta property=\"og:type\" content=\"article\" \/>\n<meta property=\"og:title\" content=\"Crisis habitacional: 6 de cada 10 hogares se endeudan para pagar el alquiler | CVI NOTICIAS\" \/>\n<meta property=\"og:description\" content=\"Un informe del Centro de Implementaci\u00f3n de Pol\u00edticas P\u00fablicas para la Equidad y el Crecimiento (CIPPEC) revel\u00f3 no s\u00f3lo que 4 millones de argentinos se encuentran en d\u00e9ficit habitacional sino que intent\u00f3 iluminar lo que ocurre con los alquilares. En la Argentina, uno de cada tres hogares no tiene una vivienda adecuada, lo que se [&hellip;]\" \/>\n<meta property=\"og:url\" content=\"https:\/\/cvinoticias.com\/v3\/crisis-habitacional-6-de-cada-10-hogares-se-endeudan-para-pagar-el-alquiler\/\" \/>\n<meta property=\"og:site_name\" content=\"CVI NOTICIAS\" \/>\n<meta property=\"article:publisher\" content=\"https:\/\/www.facebook.com\/cvinoticias\" \/>\n<meta property=\"article:published_time\" content=\"2023-08-08T11:16:03+00:00\" \/>\n<meta property=\"og:image\" content=\"https:\/\/cvinoticias.com\/wp-content\/uploads\/2023\/08\/Screenshot_20230808_081526_Facebook.jpg\" \/>\n\t<meta property=\"og:image:width\" content=\"1080\" \/>\n\t<meta property=\"og:image:height\" content=\"604\" \/>\n\t<meta property=\"og:image:type\" content=\"image\/jpeg\" \/>\n<meta name=\"author\" content=\"f1000024\" \/>\n<meta name=\"twitter:card\" content=\"summary_large_image\" \/>\n<meta name=\"twitter:label1\" content=\"Escrito por\" \/>\n\t<meta name=\"twitter:data1\" content=\"f1000024\" \/>\n\t<meta name=\"twitter:label2\" content=\"Tiempo de lectura\" \/>\n\t<meta name=\"twitter:data2\" content=\"3 minutos\" \/>\n<script type=\"application\/ld+json\" class=\"yoast-schema-graph\">{\"@context\":\"https:\\\/\\\/schema.org\",\"@graph\":[{\"@type\":\"Article\",\"@id\":\"https:\\\/\\\/cvinoticias.com\\\/v3\\\/crisis-habitacional-6-de-cada-10-hogares-se-endeudan-para-pagar-el-alquiler\\\/#article\",\"isPartOf\":{\"@id\":\"https:\\\/\\\/cvinoticias.com\\\/v3\\\/crisis-habitacional-6-de-cada-10-hogares-se-endeudan-para-pagar-el-alquiler\\\/\"},\"author\":{\"name\":\"f1000024\",\"@id\":\"https:\\\/\\\/cvinoticias.com\\\/v3\\\/#\\\/schema\\\/person\\\/2db77e3c6bc03c538495d7b2b8be9b66\"},\"headline\":\"Crisis habitacional: 6 de cada 10 hogares se endeudan para pagar el alquiler\",\"datePublished\":\"2023-08-08T11:16:03+00:00\",\"mainEntityOfPage\":{\"@id\":\"https:\\\/\\\/cvinoticias.com\\\/v3\\\/crisis-habitacional-6-de-cada-10-hogares-se-endeudan-para-pagar-el-alquiler\\\/\"},\"wordCount\":584,\"commentCount\":0,\"publisher\":{\"@id\":\"https:\\\/\\\/cvinoticias.com\\\/v3\\\/#organization\"},\"image\":{\"@id\":\"https:\\\/\\\/cvinoticias.com\\\/v3\\\/crisis-habitacional-6-de-cada-10-hogares-se-endeudan-para-pagar-el-alquiler\\\/#primaryimage\"},\"thumbnailUrl\":\"https:\\\/\\\/cvinoticias.com\\\/wp-content\\\/uploads\\\/2023\\\/08\\\/Screenshot_20230808_081526_Facebook.jpg\",\"articleSection\":[\"Nacionales\"],\"inLanguage\":\"es\",\"potentialAction\":[{\"@type\":\"CommentAction\",\"name\":\"Comment\",\"target\":[\"https:\\\/\\\/cvinoticias.com\\\/v3\\\/crisis-habitacional-6-de-cada-10-hogares-se-endeudan-para-pagar-el-alquiler\\\/#respond\"]}]},{\"@type\":\"WebPage\",\"@id\":\"https:\\\/\\\/cvinoticias.com\\\/v3\\\/crisis-habitacional-6-de-cada-10-hogares-se-endeudan-para-pagar-el-alquiler\\\/\",\"url\":\"https:\\\/\\\/cvinoticias.com\\\/v3\\\/crisis-habitacional-6-de-cada-10-hogares-se-endeudan-para-pagar-el-alquiler\\\/\",\"name\":\"Crisis habitacional: 6 de cada 10 hogares se endeudan para pagar el alquiler | CVI NOTICIAS\",\"isPartOf\":{\"@id\":\"https:\\\/\\\/cvinoticias.com\\\/v3\\\/#website\"},\"primaryImageOfPage\":{\"@id\":\"https:\\\/\\\/cvinoticias.com\\\/v3\\\/crisis-habitacional-6-de-cada-10-hogares-se-endeudan-para-pagar-el-alquiler\\\/#primaryimage\"},\"image\":{\"@id\":\"https:\\\/\\\/cvinoticias.com\\\/v3\\\/crisis-habitacional-6-de-cada-10-hogares-se-endeudan-para-pagar-el-alquiler\\\/#primaryimage\"},\"thumbnailUrl\":\"https:\\\/\\\/cvinoticias.com\\\/wp-content\\\/uploads\\\/2023\\\/08\\\/Screenshot_20230808_081526_Facebook.jpg\",\"datePublished\":\"2023-08-08T11:16:03+00:00\",\"breadcrumb\":{\"@id\":\"https:\\\/\\\/cvinoticias.com\\\/v3\\\/crisis-habitacional-6-de-cada-10-hogares-se-endeudan-para-pagar-el-alquiler\\\/#breadcrumb\"},\"inLanguage\":\"es\",\"potentialAction\":[{\"@type\":\"ReadAction\",\"target\":[\"https:\\\/\\\/cvinoticias.com\\\/v3\\\/crisis-habitacional-6-de-cada-10-hogares-se-endeudan-para-pagar-el-alquiler\\\/\"]}]},{\"@type\":\"ImageObject\",\"inLanguage\":\"es\",\"@id\":\"https:\\\/\\\/cvinoticias.com\\\/v3\\\/crisis-habitacional-6-de-cada-10-hogares-se-endeudan-para-pagar-el-alquiler\\\/#primaryimage\",\"url\":\"https:\\\/\\\/cvinoticias.com\\\/wp-content\\\/uploads\\\/2023\\\/08\\\/Screenshot_20230808_081526_Facebook.jpg\",\"contentUrl\":\"https:\\\/\\\/cvinoticias.com\\\/wp-content\\\/uploads\\\/2023\\\/08\\\/Screenshot_20230808_081526_Facebook.jpg\",\"width\":1080,\"height\":604},{\"@type\":\"BreadcrumbList\",\"@id\":\"https:\\\/\\\/cvinoticias.com\\\/v3\\\/crisis-habitacional-6-de-cada-10-hogares-se-endeudan-para-pagar-el-alquiler\\\/#breadcrumb\",\"itemListElement\":[{\"@type\":\"ListItem\",\"position\":1,\"name\":\"Portada\",\"item\":\"https:\\\/\\\/cvinoticias.com\\\/v3\\\/\"},{\"@type\":\"ListItem\",\"position\":2,\"name\":\"Crisis habitacional: 6 de cada 10 hogares se endeudan para pagar el alquiler\"}]},{\"@type\":\"WebSite\",\"@id\":\"https:\\\/\\\/cvinoticias.com\\\/v3\\\/#website\",\"url\":\"https:\\\/\\\/cvinoticias.com\\\/v3\\\/\",\"name\":\"CVI NOTICIAS\",\"description\":\"\",\"publisher\":{\"@id\":\"https:\\\/\\\/cvinoticias.com\\\/v3\\\/#organization\"},\"alternateName\":\"CVI\",\"potentialAction\":[{\"@type\":\"SearchAction\",\"target\":{\"@type\":\"EntryPoint\",\"urlTemplate\":\"https:\\\/\\\/cvinoticias.com\\\/v3\\\/?s={search_term_string}\"},\"query-input\":{\"@type\":\"PropertyValueSpecification\",\"valueRequired\":true,\"valueName\":\"search_term_string\"}}],\"inLanguage\":\"es\"},{\"@type\":\"Organization\",\"@id\":\"https:\\\/\\\/cvinoticias.com\\\/v3\\\/#organization\",\"name\":\"CVI NOTICIAS\",\"url\":\"https:\\\/\\\/cvinoticias.com\\\/v3\\\/\",\"logo\":{\"@type\":\"ImageObject\",\"inLanguage\":\"es\",\"@id\":\"https:\\\/\\\/cvinoticias.com\\\/v3\\\/#\\\/schema\\\/logo\\\/image\\\/\",\"url\":\"https:\\\/\\\/cvinoticias.com\\\/wp-content\\\/uploads\\\/2023\\\/04\\\/cropped-cropped-cropped-cropped-cropped-3-1.png\",\"contentUrl\":\"https:\\\/\\\/cvinoticias.com\\\/wp-content\\\/uploads\\\/2023\\\/04\\\/cropped-cropped-cropped-cropped-cropped-3-1.png\",\"width\":95,\"height\":122,\"caption\":\"CVI NOTICIAS\"},\"image\":{\"@id\":\"https:\\\/\\\/cvinoticias.com\\\/v3\\\/#\\\/schema\\\/logo\\\/image\\\/\"},\"sameAs\":[\"https:\\\/\\\/www.facebook.com\\\/cvinoticias\",\"https:\\\/\\\/www.instagram.com\\\/cvinoticias\\\/\",\"https:\\\/\\\/www.youtube.com\\\/@CVINOTICIAS\"]},{\"@type\":\"Person\",\"@id\":\"https:\\\/\\\/cvinoticias.com\\\/v3\\\/#\\\/schema\\\/person\\\/2db77e3c6bc03c538495d7b2b8be9b66\",\"name\":\"f1000024\",\"image\":{\"@type\":\"ImageObject\",\"inLanguage\":\"es\",\"@id\":\"https:\\\/\\\/secure.gravatar.com\\\/avatar\\\/d4fe7459cfc51ff5129ce1a732bbef5928568b8092d412ef95611616376bbeed?s=96&d=mm&r=g\",\"url\":\"https:\\\/\\\/secure.gravatar.com\\\/avatar\\\/d4fe7459cfc51ff5129ce1a732bbef5928568b8092d412ef95611616376bbeed?s=96&d=mm&r=g\",\"contentUrl\":\"https:\\\/\\\/secure.gravatar.com\\\/avatar\\\/d4fe7459cfc51ff5129ce1a732bbef5928568b8092d412ef95611616376bbeed?s=96&d=mm&r=g\",\"caption\":\"f1000024\"},\"url\":\"https:\\\/\\\/cvinoticias.com\\\/v3\\\/author\\\/f1000024\\\/\"}]}<\/script>\n<!-- \/ Yoast SEO plugin. -->","yoast_head_json":{"title":"Crisis habitacional: 6 de cada 10 hogares se endeudan para pagar el alquiler | CVI NOTICIAS","robots":{"index":"index","follow":"follow","max-snippet":"max-snippet:-1","max-image-preview":"max-image-preview:large","max-video-preview":"max-video-preview:-1"},"canonical":"https:\/\/cvinoticias.com\/v3\/crisis-habitacional-6-de-cada-10-hogares-se-endeudan-para-pagar-el-alquiler\/","og_locale":"es_ES","og_type":"article","og_title":"Crisis habitacional: 6 de cada 10 hogares se endeudan para pagar el alquiler | CVI NOTICIAS","og_description":"Un informe del Centro de Implementaci\u00f3n de Pol\u00edticas P\u00fablicas para la Equidad y el Crecimiento (CIPPEC) revel\u00f3 no s\u00f3lo que 4 millones de argentinos se encuentran en d\u00e9ficit habitacional sino que intent\u00f3 iluminar lo que ocurre con los alquilares. En la Argentina, uno de cada tres hogares no tiene una vivienda adecuada, lo que se [&hellip;]","og_url":"https:\/\/cvinoticias.com\/v3\/crisis-habitacional-6-de-cada-10-hogares-se-endeudan-para-pagar-el-alquiler\/","og_site_name":"CVI NOTICIAS","article_publisher":"https:\/\/www.facebook.com\/cvinoticias","article_published_time":"2023-08-08T11:16:03+00:00","og_image":[{"width":1080,"height":604,"url":"https:\/\/cvinoticias.com\/wp-content\/uploads\/2023\/08\/Screenshot_20230808_081526_Facebook.jpg","type":"image\/jpeg"}],"author":"f1000024","twitter_card":"summary_large_image","twitter_misc":{"Escrito por":"f1000024","Tiempo de lectura":"3 minutos"},"schema":{"@context":"https:\/\/schema.org","@graph":[{"@type":"Article","@id":"https:\/\/cvinoticias.com\/v3\/crisis-habitacional-6-de-cada-10-hogares-se-endeudan-para-pagar-el-alquiler\/#article","isPartOf":{"@id":"https:\/\/cvinoticias.com\/v3\/crisis-habitacional-6-de-cada-10-hogares-se-endeudan-para-pagar-el-alquiler\/"},"author":{"name":"f1000024","@id":"https:\/\/cvinoticias.com\/v3\/#\/schema\/person\/2db77e3c6bc03c538495d7b2b8be9b66"},"headline":"Crisis habitacional: 6 de cada 10 hogares se endeudan para pagar el alquiler","datePublished":"2023-08-08T11:16:03+00:00","mainEntityOfPage":{"@id":"https:\/\/cvinoticias.com\/v3\/crisis-habitacional-6-de-cada-10-hogares-se-endeudan-para-pagar-el-alquiler\/"},"wordCount":584,"commentCount":0,"publisher":{"@id":"https:\/\/cvinoticias.com\/v3\/#organization"},"image":{"@id":"https:\/\/cvinoticias.com\/v3\/crisis-habitacional-6-de-cada-10-hogares-se-endeudan-para-pagar-el-alquiler\/#primaryimage"},"thumbnailUrl":"https:\/\/cvinoticias.com\/wp-content\/uploads\/2023\/08\/Screenshot_20230808_081526_Facebook.jpg","articleSection":["Nacionales"],"inLanguage":"es","potentialAction":[{"@type":"CommentAction","name":"Comment","target":["https:\/\/cvinoticias.com\/v3\/crisis-habitacional-6-de-cada-10-hogares-se-endeudan-para-pagar-el-alquiler\/#respond"]}]},{"@type":"WebPage","@id":"https:\/\/cvinoticias.com\/v3\/crisis-habitacional-6-de-cada-10-hogares-se-endeudan-para-pagar-el-alquiler\/","url":"https:\/\/cvinoticias.com\/v3\/crisis-habitacional-6-de-cada-10-hogares-se-endeudan-para-pagar-el-alquiler\/","name":"Crisis habitacional: 6 de cada 10 hogares se endeudan para pagar el alquiler | CVI NOTICIAS","isPartOf":{"@id":"https:\/\/cvinoticias.com\/v3\/#website"},"primaryImageOfPage":{"@id":"https:\/\/cvinoticias.com\/v3\/crisis-habitacional-6-de-cada-10-hogares-se-endeudan-para-pagar-el-alquiler\/#primaryimage"},"image":{"@id":"https:\/\/cvinoticias.com\/v3\/crisis-habitacional-6-de-cada-10-hogares-se-endeudan-para-pagar-el-alquiler\/#primaryimage"},"thumbnailUrl":"https:\/\/cvinoticias.com\/wp-content\/uploads\/2023\/08\/Screenshot_20230808_081526_Facebook.jpg","datePublished":"2023-08-08T11:16:03+00:00","breadcrumb":{"@id":"https:\/\/cvinoticias.com\/v3\/crisis-habitacional-6-de-cada-10-hogares-se-endeudan-para-pagar-el-alquiler\/#breadcrumb"},"inLanguage":"es","potentialAction":[{"@type":"ReadAction","target":["https:\/\/cvinoticias.com\/v3\/crisis-habitacional-6-de-cada-10-hogares-se-endeudan-para-pagar-el-alquiler\/"]}]},{"@type":"ImageObject","inLanguage":"es","@id":"https:\/\/cvinoticias.com\/v3\/crisis-habitacional-6-de-cada-10-hogares-se-endeudan-para-pagar-el-alquiler\/#primaryimage","url":"https:\/\/cvinoticias.com\/wp-content\/uploads\/2023\/08\/Screenshot_20230808_081526_Facebook.jpg","contentUrl":"https:\/\/cvinoticias.com\/wp-content\/uploads\/2023\/08\/Screenshot_20230808_081526_Facebook.jpg","width":1080,"height":604},{"@type":"BreadcrumbList","@id":"https:\/\/cvinoticias.com\/v3\/crisis-habitacional-6-de-cada-10-hogares-se-endeudan-para-pagar-el-alquiler\/#breadcrumb","itemListElement":[{"@type":"ListItem","position":1,"name":"Portada","item":"https:\/\/cvinoticias.com\/v3\/"},{"@type":"ListItem","position":2,"name":"Crisis habitacional: 6 de cada 10 hogares se endeudan para pagar el alquiler"}]},{"@type":"WebSite","@id":"https:\/\/cvinoticias.com\/v3\/#website","url":"https:\/\/cvinoticias.com\/v3\/","name":"CVI NOTICIAS","description":"","publisher":{"@id":"https:\/\/cvinoticias.com\/v3\/#organization"},"alternateName":"CVI","potentialAction":[{"@type":"SearchAction","target":{"@type":"EntryPoint","urlTemplate":"https:\/\/cvinoticias.com\/v3\/?s={search_term_string}"},"query-input":{"@type":"PropertyValueSpecification","valueRequired":true,"valueName":"search_term_string"}}],"inLanguage":"es"},{"@type":"Organization","@id":"https:\/\/cvinoticias.com\/v3\/#organization","name":"CVI NOTICIAS","url":"https:\/\/cvinoticias.com\/v3\/","logo":{"@type":"ImageObject","inLanguage":"es","@id":"https:\/\/cvinoticias.com\/v3\/#\/schema\/logo\/image\/","url":"https:\/\/cvinoticias.com\/wp-content\/uploads\/2023\/04\/cropped-cropped-cropped-cropped-cropped-3-1.png","contentUrl":"https:\/\/cvinoticias.com\/wp-content\/uploads\/2023\/04\/cropped-cropped-cropped-cropped-cropped-3-1.png","width":95,"height":122,"caption":"CVI NOTICIAS"},"image":{"@id":"https:\/\/cvinoticias.com\/v3\/#\/schema\/logo\/image\/"},"sameAs":["https:\/\/www.facebook.com\/cvinoticias","https:\/\/www.instagram.com\/cvinoticias\/","https:\/\/www.youtube.com\/@CVINOTICIAS"]},{"@type":"Person","@id":"https:\/\/cvinoticias.com\/v3\/#\/schema\/person\/2db77e3c6bc03c538495d7b2b8be9b66","name":"f1000024","image":{"@type":"ImageObject","inLanguage":"es","@id":"https:\/\/secure.gravatar.com\/avatar\/d4fe7459cfc51ff5129ce1a732bbef5928568b8092d412ef95611616376bbeed?s=96&d=mm&r=g","url":"https:\/\/secure.gravatar.com\/avatar\/d4fe7459cfc51ff5129ce1a732bbef5928568b8092d412ef95611616376bbeed?s=96&d=mm&r=g","contentUrl":"https:\/\/secure.gravatar.com\/avatar\/d4fe7459cfc51ff5129ce1a732bbef5928568b8092d412ef95611616376bbeed?s=96&d=mm&r=g","caption":"f1000024"},"url":"https:\/\/cvinoticias.com\/v3\/author\/f1000024\/"}]}},"_links":{"self":[{"href":"https:\/\/cvinoticias.com\/v3\/wp-json\/wp\/v2\/posts\/26901","targetHints":{"allow":["GET"]}}],"collection":[{"href":"https:\/\/cvinoticias.com\/v3\/wp-json\/wp\/v2\/posts"}],"about":[{"href":"https:\/\/cvinoticias.com\/v3\/wp-json\/wp\/v2\/types\/post"}],"author":[{"embeddable":true,"href":"https:\/\/cvinoticias.com\/v3\/wp-json\/wp\/v2\/users\/2"}],"replies":[{"embeddable":true,"href":"https:\/\/cvinoticias.com\/v3\/wp-json\/wp\/v2\/comments?post=26901"}],"version-history":[{"count":1,"href":"https:\/\/cvinoticias.com\/v3\/wp-json\/wp\/v2\/posts\/26901\/revisions"}],"predecessor-version":[{"id":26903,"href":"https:\/\/cvinoticias.com\/v3\/wp-json\/wp\/v2\/posts\/26901\/revisions\/26903"}],"wp:featuredmedia":[{"embeddable":true,"href":"https:\/\/cvinoticias.com\/v3\/wp-json\/wp\/v2\/media\/26902"}],"wp:attachment":[{"href":"https:\/\/cvinoticias.com\/v3\/wp-json\/wp\/v2\/media?parent=26901"}],"wp:term":[{"taxonomy":"category","embeddable":true,"href":"https:\/\/cvinoticias.com\/v3\/wp-json\/wp\/v2\/categories?post=26901"},{"taxonomy":"post_tag","embeddable":true,"href":"https:\/\/cvinoticias.com\/v3\/wp-json\/wp\/v2\/tags?post=26901"}],"curies":[{"name":"wp","href":"https:\/\/api.w.org\/{rel}","templated":true}]}}