{"id":26888,"date":"2023-08-07T23:58:55","date_gmt":"2023-08-07T23:58:55","guid":{"rendered":"https:\/\/cvinoticias.com\/v3\/?p=26888"},"modified":"2023-08-08T00:00:07","modified_gmt":"2023-08-08T00:00:07","slug":"puerto-iguazu-proyecto-de-electrificacion-en-las-2000-hectareas","status":"publish","type":"post","link":"https:\/\/cvinoticias.com\/v3\/puerto-iguazu-proyecto-de-electrificacion-en-las-2000-hectareas\/","title":{"rendered":"Puerto Iguaz\u00fa: Proyecto de electrificaci\u00f3n en las 2000 Hect\u00e1reas"},"content":{"rendered":"\n<p><strong><em>Se han construido unos 600 metros de l\u00edneas de media tensi\u00f3n con conductor protegido la cual beneficiar\u00e1 de manera directa a 600 familias que contar\u00e1n con energ\u00eda segura por primera vez en 200 familias<\/em><\/strong><\/p>\n\n\n\n<p>Con el Plan \u00abAcceder\u00bb que consiste en facilitar el acceso, regularizaci\u00f3n y permanencia en el servicio el\u00e9ctrico, a familias que se encuentran en estado de vulnerabilidad, en la ciudad de Puerto Iguaz\u00fa en lo que va del a\u00f1o regularizaron m\u00e1s de 2000 familias.<\/p>\n\n\n\n<figure class=\"wp-block-image size-large\"><a href=\"https:\/\/cvinoticias.com\/wp-content\/uploads\/2023\/08\/IMG-20230807-WA0089.jpg\"><img decoding=\"async\" width=\"1024\" height=\"768\" data-src=\"https:\/\/cvinoticias.com\/wp-content\/uploads\/2023\/08\/IMG-20230807-WA0089-1024x768.jpg\" alt=\"\" class=\"wp-image-26889 lazyload\" data-srcset=\"https:\/\/cvinoticias.com\/wp-content\/uploads\/2023\/08\/IMG-20230807-WA0089-1024x768.jpg 1024w, https:\/\/cvinoticias.com\/wp-content\/uploads\/2023\/08\/IMG-20230807-WA0089-300x225.jpg 300w, https:\/\/cvinoticias.com\/wp-content\/uploads\/2023\/08\/IMG-20230807-WA0089-768x576.jpg 768w, https:\/\/cvinoticias.com\/wp-content\/uploads\/2023\/08\/IMG-20230807-WA0089.jpg 1280w\" data-sizes=\"(max-width: 1024px) 100vw, 1024px\" src=\"data:image\/svg+xml;base64,PHN2ZyB3aWR0aD0iMSIgaGVpZ2h0PSIxIiB4bWxucz0iaHR0cDovL3d3dy53My5vcmcvMjAwMC9zdmciPjwvc3ZnPg==\" style=\"--smush-placeholder-width: 1024px; --smush-placeholder-aspect-ratio: 1024\/768;\" \/><\/a><\/figure>\n\n\n\n<p>Adem\u00e1s de las subestaciones se instalaron 4 mil metros de l\u00edneas, de cable baja tensi\u00f3n y alumbrado p\u00fablico con tecnolog\u00eda led y se instalaran medidores inteligentes los cuales podr\u00e1n ser controlados desde la estaci\u00f3n transformadora de EMSA.<\/p>\n\n\n\n<p>Estuvieron presentes en el recorrido por las obras el Gobernador Oscar Herrera Ahuad, el Ministro de Turismo Jos\u00e9 Mar\u00eda Arr\u00faa, el intendente de Iguaz\u00fa Claudio Filippa, la Presidente de Energ\u00eda de Misiones Virginia Kukla y dem\u00e1s autoridades municipales.<\/p>\n\n\n\n<figure class=\"wp-block-image size-large\"><a href=\"https:\/\/cvinoticias.com\/wp-content\/uploads\/2023\/08\/IMG-20230807-WA0091.jpg\"><img decoding=\"async\" width=\"1024\" height=\"768\" data-src=\"https:\/\/cvinoticias.com\/wp-content\/uploads\/2023\/08\/IMG-20230807-WA0091-1024x768.jpg\" alt=\"\" class=\"wp-image-26890 lazyload\" data-srcset=\"https:\/\/cvinoticias.com\/wp-content\/uploads\/2023\/08\/IMG-20230807-WA0091-1024x768.jpg 1024w, https:\/\/cvinoticias.com\/wp-content\/uploads\/2023\/08\/IMG-20230807-WA0091-300x225.jpg 300w, https:\/\/cvinoticias.com\/wp-content\/uploads\/2023\/08\/IMG-20230807-WA0091-768x576.jpg 768w, https:\/\/cvinoticias.com\/wp-content\/uploads\/2023\/08\/IMG-20230807-WA0091.jpg 1280w\" data-sizes=\"(max-width: 1024px) 100vw, 1024px\" src=\"data:image\/svg+xml;base64,PHN2ZyB3aWR0aD0iMSIgaGVpZ2h0PSIxIiB4bWxucz0iaHR0cDovL3d3dy53My5vcmcvMjAwMC9zdmciPjwvc3ZnPg==\" style=\"--smush-placeholder-width: 1024px; --smush-placeholder-aspect-ratio: 1024\/768;\" \/><\/a><\/figure>\n","protected":false},"excerpt":{"rendered":"<p>Se han construido unos 600 metros de l\u00edneas de media tensi\u00f3n con conductor protegido la cual beneficiar\u00e1 de manera directa a 600 familias que contar\u00e1n con energ\u00eda segura por primera vez en 200 familias Con el Plan \u00abAcceder\u00bb que consiste en facilitar el acceso, regularizaci\u00f3n y permanencia en el servicio el\u00e9ctrico, a familias que se [&hellip;]<\/p>\n","protected":false},"author":2,"featured_media":26891,"comment_status":"open","ping_status":"open","sticky":false,"template":"","format":"standard","meta":{"footnotes":""},"categories":[33,29],"tags":[],"class_list":["post-26888","post","type-post","status-publish","format-standard","has-post-thumbnail","hentry","category-energia","category-locales"],"yoast_head":"<!-- This site is optimized with the Yoast SEO plugin v27.5 - https:\/\/yoast.com\/product\/yoast-seo-wordpress\/ -->\n<title>Puerto Iguaz\u00fa: Proyecto de electrificaci\u00f3n en las 2000 Hect\u00e1reas | CVI NOTICIAS<\/title>\n<meta name=\"robots\" content=\"index, follow, max-snippet:-1, max-image-preview:large, max-video-preview:-1\" \/>\n<link rel=\"canonical\" href=\"https:\/\/cvinoticias.com\/v3\/puerto-iguazu-proyecto-de-electrificacion-en-las-2000-hectareas\/\" \/>\n<meta property=\"og:locale\" content=\"es_ES\" \/>\n<meta property=\"og:type\" content=\"article\" \/>\n<meta property=\"og:title\" content=\"Puerto Iguaz\u00fa: Proyecto de electrificaci\u00f3n en las 2000 Hect\u00e1reas | CVI NOTICIAS\" \/>\n<meta property=\"og:description\" content=\"Se han construido unos 600 metros de l\u00edneas de media tensi\u00f3n con conductor protegido la cual beneficiar\u00e1 de manera directa a 600 familias que contar\u00e1n con energ\u00eda segura por primera vez en 200 familias Con el Plan \u00abAcceder\u00bb que consiste en facilitar el acceso, regularizaci\u00f3n y permanencia en el servicio el\u00e9ctrico, a familias que se [&hellip;]\" \/>\n<meta property=\"og:url\" content=\"https:\/\/cvinoticias.com\/v3\/puerto-iguazu-proyecto-de-electrificacion-en-las-2000-hectareas\/\" \/>\n<meta property=\"og:site_name\" content=\"CVI NOTICIAS\" \/>\n<meta property=\"article:publisher\" content=\"https:\/\/www.facebook.com\/cvinoticias\" \/>\n<meta property=\"article:published_time\" content=\"2023-08-07T23:58:55+00:00\" \/>\n<meta property=\"article:modified_time\" content=\"2023-08-08T00:00:07+00:00\" \/>\n<meta property=\"og:image\" content=\"https:\/\/cvinoticias.com\/wp-content\/uploads\/2023\/08\/IMG-20230807-WA0087.jpg\" \/>\n\t<meta property=\"og:image:width\" content=\"1280\" \/>\n\t<meta property=\"og:image:height\" content=\"960\" \/>\n\t<meta property=\"og:image:type\" content=\"image\/jpeg\" \/>\n<meta name=\"author\" content=\"f1000024\" \/>\n<meta name=\"twitter:card\" content=\"summary_large_image\" \/>\n<meta name=\"twitter:label1\" content=\"Escrito por\" \/>\n\t<meta name=\"twitter:data1\" content=\"f1000024\" \/>\n\t<meta name=\"twitter:label2\" content=\"Tiempo de lectura\" \/>\n\t<meta name=\"twitter:data2\" content=\"1 minuto\" \/>\n<script type=\"application\/ld+json\" class=\"yoast-schema-graph\">{\"@context\":\"https:\\\/\\\/schema.org\",\"@graph\":[{\"@type\":\"Article\",\"@id\":\"https:\\\/\\\/cvinoticias.com\\\/v3\\\/puerto-iguazu-proyecto-de-electrificacion-en-las-2000-hectareas\\\/#article\",\"isPartOf\":{\"@id\":\"https:\\\/\\\/cvinoticias.com\\\/v3\\\/puerto-iguazu-proyecto-de-electrificacion-en-las-2000-hectareas\\\/\"},\"author\":{\"name\":\"f1000024\",\"@id\":\"https:\\\/\\\/cvinoticias.com\\\/v3\\\/#\\\/schema\\\/person\\\/2db77e3c6bc03c538495d7b2b8be9b66\"},\"headline\":\"Puerto Iguaz\u00fa: Proyecto de electrificaci\u00f3n en las 2000 Hect\u00e1reas\",\"datePublished\":\"2023-08-07T23:58:55+00:00\",\"dateModified\":\"2023-08-08T00:00:07+00:00\",\"mainEntityOfPage\":{\"@id\":\"https:\\\/\\\/cvinoticias.com\\\/v3\\\/puerto-iguazu-proyecto-de-electrificacion-en-las-2000-hectareas\\\/\"},\"wordCount\":176,\"commentCount\":0,\"publisher\":{\"@id\":\"https:\\\/\\\/cvinoticias.com\\\/v3\\\/#organization\"},\"image\":{\"@id\":\"https:\\\/\\\/cvinoticias.com\\\/v3\\\/puerto-iguazu-proyecto-de-electrificacion-en-las-2000-hectareas\\\/#primaryimage\"},\"thumbnailUrl\":\"https:\\\/\\\/cvinoticias.com\\\/wp-content\\\/uploads\\\/2023\\\/08\\\/IMG-20230807-WA0087.jpg\",\"articleSection\":[\"Energ\u00eda\",\"Locales\"],\"inLanguage\":\"es\",\"potentialAction\":[{\"@type\":\"CommentAction\",\"name\":\"Comment\",\"target\":[\"https:\\\/\\\/cvinoticias.com\\\/v3\\\/puerto-iguazu-proyecto-de-electrificacion-en-las-2000-hectareas\\\/#respond\"]}]},{\"@type\":\"WebPage\",\"@id\":\"https:\\\/\\\/cvinoticias.com\\\/v3\\\/puerto-iguazu-proyecto-de-electrificacion-en-las-2000-hectareas\\\/\",\"url\":\"https:\\\/\\\/cvinoticias.com\\\/v3\\\/puerto-iguazu-proyecto-de-electrificacion-en-las-2000-hectareas\\\/\",\"name\":\"Puerto Iguaz\u00fa: Proyecto de electrificaci\u00f3n en las 2000 Hect\u00e1reas | CVI NOTICIAS\",\"isPartOf\":{\"@id\":\"https:\\\/\\\/cvinoticias.com\\\/v3\\\/#website\"},\"primaryImageOfPage\":{\"@id\":\"https:\\\/\\\/cvinoticias.com\\\/v3\\\/puerto-iguazu-proyecto-de-electrificacion-en-las-2000-hectareas\\\/#primaryimage\"},\"image\":{\"@id\":\"https:\\\/\\\/cvinoticias.com\\\/v3\\\/puerto-iguazu-proyecto-de-electrificacion-en-las-2000-hectareas\\\/#primaryimage\"},\"thumbnailUrl\":\"https:\\\/\\\/cvinoticias.com\\\/wp-content\\\/uploads\\\/2023\\\/08\\\/IMG-20230807-WA0087.jpg\",\"datePublished\":\"2023-08-07T23:58:55+00:00\",\"dateModified\":\"2023-08-08T00:00:07+00:00\",\"breadcrumb\":{\"@id\":\"https:\\\/\\\/cvinoticias.com\\\/v3\\\/puerto-iguazu-proyecto-de-electrificacion-en-las-2000-hectareas\\\/#breadcrumb\"},\"inLanguage\":\"es\",\"potentialAction\":[{\"@type\":\"ReadAction\",\"target\":[\"https:\\\/\\\/cvinoticias.com\\\/v3\\\/puerto-iguazu-proyecto-de-electrificacion-en-las-2000-hectareas\\\/\"]}]},{\"@type\":\"ImageObject\",\"inLanguage\":\"es\",\"@id\":\"https:\\\/\\\/cvinoticias.com\\\/v3\\\/puerto-iguazu-proyecto-de-electrificacion-en-las-2000-hectareas\\\/#primaryimage\",\"url\":\"https:\\\/\\\/cvinoticias.com\\\/wp-content\\\/uploads\\\/2023\\\/08\\\/IMG-20230807-WA0087.jpg\",\"contentUrl\":\"https:\\\/\\\/cvinoticias.com\\\/wp-content\\\/uploads\\\/2023\\\/08\\\/IMG-20230807-WA0087.jpg\",\"width\":1280,\"height\":960},{\"@type\":\"BreadcrumbList\",\"@id\":\"https:\\\/\\\/cvinoticias.com\\\/v3\\\/puerto-iguazu-proyecto-de-electrificacion-en-las-2000-hectareas\\\/#breadcrumb\",\"itemListElement\":[{\"@type\":\"ListItem\",\"position\":1,\"name\":\"Portada\",\"item\":\"https:\\\/\\\/cvinoticias.com\\\/v3\\\/\"},{\"@type\":\"ListItem\",\"position\":2,\"name\":\"Puerto Iguaz\u00fa: Proyecto de electrificaci\u00f3n en las 2000 Hect\u00e1reas\"}]},{\"@type\":\"WebSite\",\"@id\":\"https:\\\/\\\/cvinoticias.com\\\/v3\\\/#website\",\"url\":\"https:\\\/\\\/cvinoticias.com\\\/v3\\\/\",\"name\":\"CVI NOTICIAS\",\"description\":\"\",\"publisher\":{\"@id\":\"https:\\\/\\\/cvinoticias.com\\\/v3\\\/#organization\"},\"alternateName\":\"CVI\",\"potentialAction\":[{\"@type\":\"SearchAction\",\"target\":{\"@type\":\"EntryPoint\",\"urlTemplate\":\"https:\\\/\\\/cvinoticias.com\\\/v3\\\/?s={search_term_string}\"},\"query-input\":{\"@type\":\"PropertyValueSpecification\",\"valueRequired\":true,\"valueName\":\"search_term_string\"}}],\"inLanguage\":\"es\"},{\"@type\":\"Organization\",\"@id\":\"https:\\\/\\\/cvinoticias.com\\\/v3\\\/#organization\",\"name\":\"CVI NOTICIAS\",\"url\":\"https:\\\/\\\/cvinoticias.com\\\/v3\\\/\",\"logo\":{\"@type\":\"ImageObject\",\"inLanguage\":\"es\",\"@id\":\"https:\\\/\\\/cvinoticias.com\\\/v3\\\/#\\\/schema\\\/logo\\\/image\\\/\",\"url\":\"https:\\\/\\\/cvinoticias.com\\\/wp-content\\\/uploads\\\/2023\\\/04\\\/cropped-cropped-cropped-cropped-cropped-3-1.png\",\"contentUrl\":\"https:\\\/\\\/cvinoticias.com\\\/wp-content\\\/uploads\\\/2023\\\/04\\\/cropped-cropped-cropped-cropped-cropped-3-1.png\",\"width\":95,\"height\":122,\"caption\":\"CVI NOTICIAS\"},\"image\":{\"@id\":\"https:\\\/\\\/cvinoticias.com\\\/v3\\\/#\\\/schema\\\/logo\\\/image\\\/\"},\"sameAs\":[\"https:\\\/\\\/www.facebook.com\\\/cvinoticias\",\"https:\\\/\\\/www.instagram.com\\\/cvinoticias\\\/\",\"https:\\\/\\\/www.youtube.com\\\/@CVINOTICIAS\"]},{\"@type\":\"Person\",\"@id\":\"https:\\\/\\\/cvinoticias.com\\\/v3\\\/#\\\/schema\\\/person\\\/2db77e3c6bc03c538495d7b2b8be9b66\",\"name\":\"f1000024\",\"image\":{\"@type\":\"ImageObject\",\"inLanguage\":\"es\",\"@id\":\"https:\\\/\\\/secure.gravatar.com\\\/avatar\\\/d4fe7459cfc51ff5129ce1a732bbef5928568b8092d412ef95611616376bbeed?s=96&d=mm&r=g\",\"url\":\"https:\\\/\\\/secure.gravatar.com\\\/avatar\\\/d4fe7459cfc51ff5129ce1a732bbef5928568b8092d412ef95611616376bbeed?s=96&d=mm&r=g\",\"contentUrl\":\"https:\\\/\\\/secure.gravatar.com\\\/avatar\\\/d4fe7459cfc51ff5129ce1a732bbef5928568b8092d412ef95611616376bbeed?s=96&d=mm&r=g\",\"caption\":\"f1000024\"},\"url\":\"https:\\\/\\\/cvinoticias.com\\\/v3\\\/author\\\/f1000024\\\/\"}]}<\/script>\n<!-- \/ Yoast SEO plugin. -->","yoast_head_json":{"title":"Puerto Iguaz\u00fa: Proyecto de electrificaci\u00f3n en las 2000 Hect\u00e1reas | CVI NOTICIAS","robots":{"index":"index","follow":"follow","max-snippet":"max-snippet:-1","max-image-preview":"max-image-preview:large","max-video-preview":"max-video-preview:-1"},"canonical":"https:\/\/cvinoticias.com\/v3\/puerto-iguazu-proyecto-de-electrificacion-en-las-2000-hectareas\/","og_locale":"es_ES","og_type":"article","og_title":"Puerto Iguaz\u00fa: Proyecto de electrificaci\u00f3n en las 2000 Hect\u00e1reas | CVI NOTICIAS","og_description":"Se han construido unos 600 metros de l\u00edneas de media tensi\u00f3n con conductor protegido la cual beneficiar\u00e1 de manera directa a 600 familias que contar\u00e1n con energ\u00eda segura por primera vez en 200 familias Con el Plan \u00abAcceder\u00bb que consiste en facilitar el acceso, regularizaci\u00f3n y permanencia en el servicio el\u00e9ctrico, a familias que se [&hellip;]","og_url":"https:\/\/cvinoticias.com\/v3\/puerto-iguazu-proyecto-de-electrificacion-en-las-2000-hectareas\/","og_site_name":"CVI NOTICIAS","article_publisher":"https:\/\/www.facebook.com\/cvinoticias","article_published_time":"2023-08-07T23:58:55+00:00","article_modified_time":"2023-08-08T00:00:07+00:00","og_image":[{"width":1280,"height":960,"url":"https:\/\/cvinoticias.com\/wp-content\/uploads\/2023\/08\/IMG-20230807-WA0087.jpg","type":"image\/jpeg"}],"author":"f1000024","twitter_card":"summary_large_image","twitter_misc":{"Escrito por":"f1000024","Tiempo de lectura":"1 minuto"},"schema":{"@context":"https:\/\/schema.org","@graph":[{"@type":"Article","@id":"https:\/\/cvinoticias.com\/v3\/puerto-iguazu-proyecto-de-electrificacion-en-las-2000-hectareas\/#article","isPartOf":{"@id":"https:\/\/cvinoticias.com\/v3\/puerto-iguazu-proyecto-de-electrificacion-en-las-2000-hectareas\/"},"author":{"name":"f1000024","@id":"https:\/\/cvinoticias.com\/v3\/#\/schema\/person\/2db77e3c6bc03c538495d7b2b8be9b66"},"headline":"Puerto Iguaz\u00fa: Proyecto de electrificaci\u00f3n en las 2000 Hect\u00e1reas","datePublished":"2023-08-07T23:58:55+00:00","dateModified":"2023-08-08T00:00:07+00:00","mainEntityOfPage":{"@id":"https:\/\/cvinoticias.com\/v3\/puerto-iguazu-proyecto-de-electrificacion-en-las-2000-hectareas\/"},"wordCount":176,"commentCount":0,"publisher":{"@id":"https:\/\/cvinoticias.com\/v3\/#organization"},"image":{"@id":"https:\/\/cvinoticias.com\/v3\/puerto-iguazu-proyecto-de-electrificacion-en-las-2000-hectareas\/#primaryimage"},"thumbnailUrl":"https:\/\/cvinoticias.com\/wp-content\/uploads\/2023\/08\/IMG-20230807-WA0087.jpg","articleSection":["Energ\u00eda","Locales"],"inLanguage":"es","potentialAction":[{"@type":"CommentAction","name":"Comment","target":["https:\/\/cvinoticias.com\/v3\/puerto-iguazu-proyecto-de-electrificacion-en-las-2000-hectareas\/#respond"]}]},{"@type":"WebPage","@id":"https:\/\/cvinoticias.com\/v3\/puerto-iguazu-proyecto-de-electrificacion-en-las-2000-hectareas\/","url":"https:\/\/cvinoticias.com\/v3\/puerto-iguazu-proyecto-de-electrificacion-en-las-2000-hectareas\/","name":"Puerto Iguaz\u00fa: Proyecto de electrificaci\u00f3n en las 2000 Hect\u00e1reas | CVI NOTICIAS","isPartOf":{"@id":"https:\/\/cvinoticias.com\/v3\/#website"},"primaryImageOfPage":{"@id":"https:\/\/cvinoticias.com\/v3\/puerto-iguazu-proyecto-de-electrificacion-en-las-2000-hectareas\/#primaryimage"},"image":{"@id":"https:\/\/cvinoticias.com\/v3\/puerto-iguazu-proyecto-de-electrificacion-en-las-2000-hectareas\/#primaryimage"},"thumbnailUrl":"https:\/\/cvinoticias.com\/wp-content\/uploads\/2023\/08\/IMG-20230807-WA0087.jpg","datePublished":"2023-08-07T23:58:55+00:00","dateModified":"2023-08-08T00:00:07+00:00","breadcrumb":{"@id":"https:\/\/cvinoticias.com\/v3\/puerto-iguazu-proyecto-de-electrificacion-en-las-2000-hectareas\/#breadcrumb"},"inLanguage":"es","potentialAction":[{"@type":"ReadAction","target":["https:\/\/cvinoticias.com\/v3\/puerto-iguazu-proyecto-de-electrificacion-en-las-2000-hectareas\/"]}]},{"@type":"ImageObject","inLanguage":"es","@id":"https:\/\/cvinoticias.com\/v3\/puerto-iguazu-proyecto-de-electrificacion-en-las-2000-hectareas\/#primaryimage","url":"https:\/\/cvinoticias.com\/wp-content\/uploads\/2023\/08\/IMG-20230807-WA0087.jpg","contentUrl":"https:\/\/cvinoticias.com\/wp-content\/uploads\/2023\/08\/IMG-20230807-WA0087.jpg","width":1280,"height":960},{"@type":"BreadcrumbList","@id":"https:\/\/cvinoticias.com\/v3\/puerto-iguazu-proyecto-de-electrificacion-en-las-2000-hectareas\/#breadcrumb","itemListElement":[{"@type":"ListItem","position":1,"name":"Portada","item":"https:\/\/cvinoticias.com\/v3\/"},{"@type":"ListItem","position":2,"name":"Puerto Iguaz\u00fa: Proyecto de electrificaci\u00f3n en las 2000 Hect\u00e1reas"}]},{"@type":"WebSite","@id":"https:\/\/cvinoticias.com\/v3\/#website","url":"https:\/\/cvinoticias.com\/v3\/","name":"CVI NOTICIAS","description":"","publisher":{"@id":"https:\/\/cvinoticias.com\/v3\/#organization"},"alternateName":"CVI","potentialAction":[{"@type":"SearchAction","target":{"@type":"EntryPoint","urlTemplate":"https:\/\/cvinoticias.com\/v3\/?s={search_term_string}"},"query-input":{"@type":"PropertyValueSpecification","valueRequired":true,"valueName":"search_term_string"}}],"inLanguage":"es"},{"@type":"Organization","@id":"https:\/\/cvinoticias.com\/v3\/#organization","name":"CVI NOTICIAS","url":"https:\/\/cvinoticias.com\/v3\/","logo":{"@type":"ImageObject","inLanguage":"es","@id":"https:\/\/cvinoticias.com\/v3\/#\/schema\/logo\/image\/","url":"https:\/\/cvinoticias.com\/wp-content\/uploads\/2023\/04\/cropped-cropped-cropped-cropped-cropped-3-1.png","contentUrl":"https:\/\/cvinoticias.com\/wp-content\/uploads\/2023\/04\/cropped-cropped-cropped-cropped-cropped-3-1.png","width":95,"height":122,"caption":"CVI NOTICIAS"},"image":{"@id":"https:\/\/cvinoticias.com\/v3\/#\/schema\/logo\/image\/"},"sameAs":["https:\/\/www.facebook.com\/cvinoticias","https:\/\/www.instagram.com\/cvinoticias\/","https:\/\/www.youtube.com\/@CVINOTICIAS"]},{"@type":"Person","@id":"https:\/\/cvinoticias.com\/v3\/#\/schema\/person\/2db77e3c6bc03c538495d7b2b8be9b66","name":"f1000024","image":{"@type":"ImageObject","inLanguage":"es","@id":"https:\/\/secure.gravatar.com\/avatar\/d4fe7459cfc51ff5129ce1a732bbef5928568b8092d412ef95611616376bbeed?s=96&d=mm&r=g","url":"https:\/\/secure.gravatar.com\/avatar\/d4fe7459cfc51ff5129ce1a732bbef5928568b8092d412ef95611616376bbeed?s=96&d=mm&r=g","contentUrl":"https:\/\/secure.gravatar.com\/avatar\/d4fe7459cfc51ff5129ce1a732bbef5928568b8092d412ef95611616376bbeed?s=96&d=mm&r=g","caption":"f1000024"},"url":"https:\/\/cvinoticias.com\/v3\/author\/f1000024\/"}]}},"_links":{"self":[{"href":"https:\/\/cvinoticias.com\/v3\/wp-json\/wp\/v2\/posts\/26888","targetHints":{"allow":["GET"]}}],"collection":[{"href":"https:\/\/cvinoticias.com\/v3\/wp-json\/wp\/v2\/posts"}],"about":[{"href":"https:\/\/cvinoticias.com\/v3\/wp-json\/wp\/v2\/types\/post"}],"author":[{"embeddable":true,"href":"https:\/\/cvinoticias.com\/v3\/wp-json\/wp\/v2\/users\/2"}],"replies":[{"embeddable":true,"href":"https:\/\/cvinoticias.com\/v3\/wp-json\/wp\/v2\/comments?post=26888"}],"version-history":[{"count":2,"href":"https:\/\/cvinoticias.com\/v3\/wp-json\/wp\/v2\/posts\/26888\/revisions"}],"predecessor-version":[{"id":26893,"href":"https:\/\/cvinoticias.com\/v3\/wp-json\/wp\/v2\/posts\/26888\/revisions\/26893"}],"wp:featuredmedia":[{"embeddable":true,"href":"https:\/\/cvinoticias.com\/v3\/wp-json\/wp\/v2\/media\/26891"}],"wp:attachment":[{"href":"https:\/\/cvinoticias.com\/v3\/wp-json\/wp\/v2\/media?parent=26888"}],"wp:term":[{"taxonomy":"category","embeddable":true,"href":"https:\/\/cvinoticias.com\/v3\/wp-json\/wp\/v2\/categories?post=26888"},{"taxonomy":"post_tag","embeddable":true,"href":"https:\/\/cvinoticias.com\/v3\/wp-json\/wp\/v2\/tags?post=26888"}],"curies":[{"name":"wp","href":"https:\/\/api.w.org\/{rel}","templated":true}]}}