{"id":26867,"date":"2023-08-07T00:43:29","date_gmt":"2023-08-07T00:43:29","guid":{"rendered":"https:\/\/cvinoticias.com\/v3\/?p=26867"},"modified":"2023-08-07T00:43:29","modified_gmt":"2023-08-07T00:43:29","slug":"ante-los-movimientos-sociales-massa-asumio-compromisos-pese-a-que-no-tiene-una-militancia-en-comun","status":"publish","type":"post","link":"https:\/\/cvinoticias.com\/v3\/ante-los-movimientos-sociales-massa-asumio-compromisos-pese-a-que-no-tiene-una-militancia-en-comun\/","title":{"rendered":"Ante los movimientos sociales, Massa asumi\u00f3 compromisos pese a que no tiene \u00abuna militancia en com\u00fan\u00bb"},"content":{"rendered":"\n<p><strong><em>Este encuentro del ministro de Econom\u00eda con la militancia del Movimiento Evita, Barrios de Pie y la CCC, sumado a los anuncios vinculados a la agenda social, pueden leerse en el marco de la interna que sostiene con el otro precandidato presidencial de Uni\u00f3n por la Patria, Juan Grabois.<\/em><\/strong><\/p>\n\n\n\n<p>El precandidato presidencial de Uni\u00f3n por la Patria Sergio Massa cerr\u00f3 este domingo un acto con movimientos sociales y si bien admiti\u00f3 que puede generar \u00abdudas\u00bb e \u00abincertidumbre\u00bb el hecho de \u00abno compartir una larga militancia en com\u00fan\u00bb se comprometi\u00f3 a incorporar al sector de la econom\u00eda popular en el circuito productivo formal de la econom\u00eda, adem\u00e1s de plasmar una serie de reivindicaciones vinculadas a la agenda de tierra, techo y trabajo.<\/p>\n\n\n\n<p>En el encuentro que se desarroll\u00f3 en el microestadio de Ferro Carril Oeste junto a los l\u00edderes del Movimiento Evita, Barrios de Pie y la Corriente Clasista Combativa, el l\u00edder del Frente Renovador anunci\u00f3 que en agosto pr\u00f3ximo pondr\u00e1 en marcha por decreto el monotributo productivo, y anticip\u00f3 que si el electo presidente va a trabajar en un programa de lotes con servicios para el acceso a la tierra y la vivienda propia.<\/p>\n\n\n\n<p>Este encuentro con los movimientos populares afines al oficialismo y los anuncios vinculados a la agenda social pueden leerse en el marco de la interna que sostiene con el otro precandidato presidencial de Uni\u00f3n por la Patria, Juan Grabois, quien es l\u00edder de otra organizaci\u00f3n social importante como el Movimiento de Trabajadores Excluidos (MTE) y se asume en cierta medida como representante natural de esos intereses, en contraposici\u00f3n a Massa de quien desconf\u00eda por su buena llegada a sectores del establishment econ\u00f3mico.<\/p>\n\n\n\n<p>M\u00e1s all\u00e1 de que la diferencia a favor del ex intendente de Tigre es abultada y es altamente improbable una remontada \u00e9pica de Grabois a tan s\u00f3lo una semana de las PASO, Massa busca ser el candidato individual m\u00e1s votado en las primarias y teme que el volumen electoral que obtenga el dirigente social conspire contra ese objetivo.<\/p>\n\n\n\n<p>En ese sentido, el l\u00edder del Frente Renovador busca desterrar los prejuicios que alrededor de su figura mantienen los sectores kirchneristas m\u00e1s duros y aquellos vinculados a los movimientos populares para allanar sus chances de cara a las generales del 22 de octubre y el eventual balotaje del 19 de noviembre.<\/p>\n\n\n\n<p>\u00abNo tenemos una larga historia de militancia en com\u00fan y entiendo que para algunos eso puede presentar tal vez incertidumbre, puede generar alguna duda. Por eso les digo que vine a comprometerme no solamente con ustedes como organizaciones sociales sino con cada uno de los que participan del trabajo y la producci\u00f3n de la econom\u00eda popular para formalizarlos e incorporarlos definitivamente al movimiento econ\u00f3mico argentino\u00bb, expres\u00f3.<\/p>\n\n\n\n<p>Seg\u00fan asever\u00f3, \u00abhay tareas que van a necesitar de que adem\u00e1s de ganar la elecci\u00f3n, de que construyamos una mayor\u00eda en el Congreso\u00bb.<\/p>\n\n\n\n<p>Sin embargo, explic\u00f3 que hay tareas que se pueden \u00abempezar ahora\u00bb y resalt\u00f3 que no va a \u00abesperar al 10 de diciembre para poner en marcha el monotributo productivo\u00bb.<\/p>\n\n\n\n<p>\u00abA fin de agosto vamos a poner en marcha por decreto de Necesidad y Urgencia el monotributo productivo\u00bb, prometi\u00f3 Massa, que comparti\u00f3 escenario junto al secretario general del Movimiento Evita, Emilio P\u00e9rsico, de Barrios de Pie, Daniel Men\u00e9ndez, y de la CCC, Juan Carlos Alderete.<\/p>\n\n\n\n<p>A su vez, se comprometi\u00f3 a \u00abtrabajar con una base \u00fanica todo lo que son las tierras propiedad del Estado para ir a un programa en el que garanticemos arraigo para la agricultura familiar\u00bb.<\/p>\n\n\n\n<p>En ese sentido, prometi\u00f3 \u00ablotes con servicios para todos aquellos que de alguna manera quieren tener la oportunidad del acceso a la propia tierra, a su propio techo y lo quieren hacer con su trabajo\u00bb.<\/p>\n\n\n\n<p>\u00abSi tenemos identificado quien es el sujeto social que es parte de una econom\u00eda sin derechos, lo primero que tenemos que hacer es darle la oportunidad a ese trabajador y trabajadora de tener el derecho a tener una obra social, un seguro de accidentes de trabajo, el aporte jubilatorio, porque en realidad los tenemos que visibilizar para ponerlos nuevamente en el circuito formal de la econom\u00eda\u00bb, enfatiz\u00f3.<\/p>\n\n\n\n<p>En otro pasaje de su discurso, Massa sostuvo que es \u00abconsciente que en el 2019 cuando ganamos el gobierno, la esperanza de muchos de sus compa\u00f1eros y compa\u00f1eras era mayor a la que en t\u00e9rminos de resultados el gobierno termin\u00f3 logrando\u00bb.<\/p>\n\n\n\n<p>\u00abFue adem\u00e1s un grav\u00edsimo error como gobierno no haber desnudado el estado de cuentas de la Naci\u00f3n, no haber desnudado el impacto de la deuda con el FMI y con los privados, porque les permite hoy a quienes son oposici\u00f3n hablar en los canales de TV como si fueran paracaidistas suecos sin hacerse cargo de ninguno de los problemas que nos dejaron\u00bb, esgrimi\u00f3.<\/p>\n\n\n\n<p>Sobre Juntos por el Cambio, el precandidato presidencial afirm\u00f3 que \u00abya no plantean globitos de colores ni la revoluci\u00f3n de la alegr\u00eda\u00bb sino que \u00abdicen con toda claridad que van a recortar el gasto\u00bb jubilatorio, universitario y los subsidios al transporte y la energ\u00eda.<\/p>\n\n\n\n<p>Dicen con toda claridad que van buscar un nuevo programa de blindaje al fondo como lo hicieron en el 2001 cuando Argentina lo que necesita no es pedirle m\u00e1s planta al Fondo sino salir del Fondo para recuperar su soberan\u00eda como Naci\u00f3n\u00bb, consider\u00f3.<\/p>\n\n\n\n<p>Sobre el final de su discurso, Massa asegur\u00f3 que es consciente de \u00ablo que falta\u00bb, pero asegur\u00f3 que solo Uni\u00f3n por la Patria \u00abcon la participaci\u00f3n de todos los movimientos populares\u00bb es capaz de \u00abhacer lo que viene para recuperar esa Argentina que nos dejaron\u00bb.<\/p>\n\n\n\n<p>\u00abVengo tambi\u00e9n a comprometerme sabiendo que la batalla del ingreso es tal vez la que m\u00e1s nos duele de estos a\u00f1os y decirles que parte de nuestra responsabilidad como Gobierno desde el 10 de diciembre tiene que estar puesta no solamente en seguir recuperando trabajo sino en recuperar ingresos para que la olla se llene y la guita alcance\u00bb, subray\u00f3.<\/p>\n\n\n\n<p>Al respecto, el ministro de Econom\u00eda explic\u00f3 que \u00abno es con ajuste, no es con despidos, no es con quita de derechos, no es con recortes que ese camino se va a lograr sino sobre la base de la construcci\u00f3n de un proyecto de Naci\u00f3n que tenga el desarrollo, la producci\u00f3n y el trabajo como partes centrales de la agenda\u00bb<\/p>\n\n\n\n<p>\u00abQuedan siete d\u00edas. Atr\u00e1s queriendo volver est\u00e1 el ajuste, est\u00e1 la represi\u00f3n, est\u00e1 la violencia institucional, est\u00e1 el recorte de derechos a jubilados, a universitarios y a trabajadores. Est\u00e1 el desprecio a los sujetos que representan como movimientos populares\u00bb, finaliz\u00f3 el precandidato presidencial.<\/p>\n","protected":false},"excerpt":{"rendered":"<p>Este encuentro del ministro de Econom\u00eda con la militancia del Movimiento Evita, Barrios de Pie y la CCC, sumado a los anuncios vinculados a la agenda social, pueden leerse en el marco de la interna que sostiene con el otro precandidato presidencial de Uni\u00f3n por la Patria, Juan Grabois. El precandidato presidencial de Uni\u00f3n por [&hellip;]<\/p>\n","protected":false},"author":2,"featured_media":26868,"comment_status":"open","ping_status":"open","sticky":false,"template":"","format":"standard","meta":{"footnotes":""},"categories":[39],"tags":[],"class_list":["post-26867","post","type-post","status-publish","format-standard","has-post-thumbnail","hentry","category-nacionales"],"yoast_head":"<!-- This site is optimized with the Yoast SEO plugin v27.5 - https:\/\/yoast.com\/product\/yoast-seo-wordpress\/ -->\n<title>Ante los movimientos sociales, Massa asumi\u00f3 compromisos pese a que no tiene &quot;una militancia en com\u00fan&quot; | CVI NOTICIAS<\/title>\n<meta name=\"robots\" content=\"index, follow, max-snippet:-1, max-image-preview:large, max-video-preview:-1\" \/>\n<link rel=\"canonical\" href=\"https:\/\/cvinoticias.com\/v3\/ante-los-movimientos-sociales-massa-asumio-compromisos-pese-a-que-no-tiene-una-militancia-en-comun\/\" \/>\n<meta property=\"og:locale\" content=\"es_ES\" \/>\n<meta property=\"og:type\" content=\"article\" \/>\n<meta property=\"og:title\" content=\"Ante los movimientos sociales, Massa asumi\u00f3 compromisos pese a que no tiene &quot;una militancia en com\u00fan&quot; | CVI NOTICIAS\" \/>\n<meta property=\"og:description\" content=\"Este encuentro del ministro de Econom\u00eda con la militancia del Movimiento Evita, Barrios de Pie y la CCC, sumado a los anuncios vinculados a la agenda social, pueden leerse en el marco de la interna que sostiene con el otro precandidato presidencial de Uni\u00f3n por la Patria, Juan Grabois. El precandidato presidencial de Uni\u00f3n por [&hellip;]\" \/>\n<meta property=\"og:url\" content=\"https:\/\/cvinoticias.com\/v3\/ante-los-movimientos-sociales-massa-asumio-compromisos-pese-a-que-no-tiene-una-militancia-en-comun\/\" \/>\n<meta property=\"og:site_name\" content=\"CVI NOTICIAS\" \/>\n<meta property=\"article:publisher\" content=\"https:\/\/www.facebook.com\/cvinoticias\" \/>\n<meta property=\"article:published_time\" content=\"2023-08-07T00:43:29+00:00\" \/>\n<meta property=\"og:image\" content=\"https:\/\/cvinoticias.com\/wp-content\/uploads\/2023\/08\/WhatsApp_Image_2023-08-06_at_19.50.53_1.jpeg\" \/>\n\t<meta property=\"og:image:width\" content=\"1280\" \/>\n\t<meta property=\"og:image:height\" content=\"720\" \/>\n\t<meta property=\"og:image:type\" content=\"image\/jpeg\" \/>\n<meta name=\"author\" content=\"f1000024\" \/>\n<meta name=\"twitter:card\" content=\"summary_large_image\" \/>\n<meta name=\"twitter:label1\" content=\"Escrito por\" \/>\n\t<meta name=\"twitter:data1\" content=\"f1000024\" \/>\n\t<meta name=\"twitter:label2\" content=\"Tiempo de lectura\" \/>\n\t<meta name=\"twitter:data2\" content=\"6 minutos\" \/>\n<script type=\"application\/ld+json\" class=\"yoast-schema-graph\">{\"@context\":\"https:\\\/\\\/schema.org\",\"@graph\":[{\"@type\":\"Article\",\"@id\":\"https:\\\/\\\/cvinoticias.com\\\/v3\\\/ante-los-movimientos-sociales-massa-asumio-compromisos-pese-a-que-no-tiene-una-militancia-en-comun\\\/#article\",\"isPartOf\":{\"@id\":\"https:\\\/\\\/cvinoticias.com\\\/v3\\\/ante-los-movimientos-sociales-massa-asumio-compromisos-pese-a-que-no-tiene-una-militancia-en-comun\\\/\"},\"author\":{\"name\":\"f1000024\",\"@id\":\"https:\\\/\\\/cvinoticias.com\\\/v3\\\/#\\\/schema\\\/person\\\/2db77e3c6bc03c538495d7b2b8be9b66\"},\"headline\":\"Ante los movimientos sociales, Massa asumi\u00f3 compromisos pese a que no tiene \u00abuna militancia en com\u00fan\u00bb\",\"datePublished\":\"2023-08-07T00:43:29+00:00\",\"mainEntityOfPage\":{\"@id\":\"https:\\\/\\\/cvinoticias.com\\\/v3\\\/ante-los-movimientos-sociales-massa-asumio-compromisos-pese-a-que-no-tiene-una-militancia-en-comun\\\/\"},\"wordCount\":1152,\"commentCount\":0,\"publisher\":{\"@id\":\"https:\\\/\\\/cvinoticias.com\\\/v3\\\/#organization\"},\"image\":{\"@id\":\"https:\\\/\\\/cvinoticias.com\\\/v3\\\/ante-los-movimientos-sociales-massa-asumio-compromisos-pese-a-que-no-tiene-una-militancia-en-comun\\\/#primaryimage\"},\"thumbnailUrl\":\"https:\\\/\\\/cvinoticias.com\\\/wp-content\\\/uploads\\\/2023\\\/08\\\/WhatsApp_Image_2023-08-06_at_19.50.53_1.jpeg\",\"articleSection\":[\"Nacionales\"],\"inLanguage\":\"es\",\"potentialAction\":[{\"@type\":\"CommentAction\",\"name\":\"Comment\",\"target\":[\"https:\\\/\\\/cvinoticias.com\\\/v3\\\/ante-los-movimientos-sociales-massa-asumio-compromisos-pese-a-que-no-tiene-una-militancia-en-comun\\\/#respond\"]}]},{\"@type\":\"WebPage\",\"@id\":\"https:\\\/\\\/cvinoticias.com\\\/v3\\\/ante-los-movimientos-sociales-massa-asumio-compromisos-pese-a-que-no-tiene-una-militancia-en-comun\\\/\",\"url\":\"https:\\\/\\\/cvinoticias.com\\\/v3\\\/ante-los-movimientos-sociales-massa-asumio-compromisos-pese-a-que-no-tiene-una-militancia-en-comun\\\/\",\"name\":\"Ante los movimientos sociales, Massa asumi\u00f3 compromisos pese a que no tiene \\\"una militancia en com\u00fan\\\" | CVI NOTICIAS\",\"isPartOf\":{\"@id\":\"https:\\\/\\\/cvinoticias.com\\\/v3\\\/#website\"},\"primaryImageOfPage\":{\"@id\":\"https:\\\/\\\/cvinoticias.com\\\/v3\\\/ante-los-movimientos-sociales-massa-asumio-compromisos-pese-a-que-no-tiene-una-militancia-en-comun\\\/#primaryimage\"},\"image\":{\"@id\":\"https:\\\/\\\/cvinoticias.com\\\/v3\\\/ante-los-movimientos-sociales-massa-asumio-compromisos-pese-a-que-no-tiene-una-militancia-en-comun\\\/#primaryimage\"},\"thumbnailUrl\":\"https:\\\/\\\/cvinoticias.com\\\/wp-content\\\/uploads\\\/2023\\\/08\\\/WhatsApp_Image_2023-08-06_at_19.50.53_1.jpeg\",\"datePublished\":\"2023-08-07T00:43:29+00:00\",\"breadcrumb\":{\"@id\":\"https:\\\/\\\/cvinoticias.com\\\/v3\\\/ante-los-movimientos-sociales-massa-asumio-compromisos-pese-a-que-no-tiene-una-militancia-en-comun\\\/#breadcrumb\"},\"inLanguage\":\"es\",\"potentialAction\":[{\"@type\":\"ReadAction\",\"target\":[\"https:\\\/\\\/cvinoticias.com\\\/v3\\\/ante-los-movimientos-sociales-massa-asumio-compromisos-pese-a-que-no-tiene-una-militancia-en-comun\\\/\"]}]},{\"@type\":\"ImageObject\",\"inLanguage\":\"es\",\"@id\":\"https:\\\/\\\/cvinoticias.com\\\/v3\\\/ante-los-movimientos-sociales-massa-asumio-compromisos-pese-a-que-no-tiene-una-militancia-en-comun\\\/#primaryimage\",\"url\":\"https:\\\/\\\/cvinoticias.com\\\/wp-content\\\/uploads\\\/2023\\\/08\\\/WhatsApp_Image_2023-08-06_at_19.50.53_1.jpeg\",\"contentUrl\":\"https:\\\/\\\/cvinoticias.com\\\/wp-content\\\/uploads\\\/2023\\\/08\\\/WhatsApp_Image_2023-08-06_at_19.50.53_1.jpeg\",\"width\":1280,\"height\":720},{\"@type\":\"BreadcrumbList\",\"@id\":\"https:\\\/\\\/cvinoticias.com\\\/v3\\\/ante-los-movimientos-sociales-massa-asumio-compromisos-pese-a-que-no-tiene-una-militancia-en-comun\\\/#breadcrumb\",\"itemListElement\":[{\"@type\":\"ListItem\",\"position\":1,\"name\":\"Portada\",\"item\":\"https:\\\/\\\/cvinoticias.com\\\/v3\\\/\"},{\"@type\":\"ListItem\",\"position\":2,\"name\":\"Ante los movimientos sociales, Massa asumi\u00f3 compromisos pese a que no tiene \u00abuna militancia en com\u00fan\u00bb\"}]},{\"@type\":\"WebSite\",\"@id\":\"https:\\\/\\\/cvinoticias.com\\\/v3\\\/#website\",\"url\":\"https:\\\/\\\/cvinoticias.com\\\/v3\\\/\",\"name\":\"CVI NOTICIAS\",\"description\":\"\",\"publisher\":{\"@id\":\"https:\\\/\\\/cvinoticias.com\\\/v3\\\/#organization\"},\"alternateName\":\"CVI\",\"potentialAction\":[{\"@type\":\"SearchAction\",\"target\":{\"@type\":\"EntryPoint\",\"urlTemplate\":\"https:\\\/\\\/cvinoticias.com\\\/v3\\\/?s={search_term_string}\"},\"query-input\":{\"@type\":\"PropertyValueSpecification\",\"valueRequired\":true,\"valueName\":\"search_term_string\"}}],\"inLanguage\":\"es\"},{\"@type\":\"Organization\",\"@id\":\"https:\\\/\\\/cvinoticias.com\\\/v3\\\/#organization\",\"name\":\"CVI NOTICIAS\",\"url\":\"https:\\\/\\\/cvinoticias.com\\\/v3\\\/\",\"logo\":{\"@type\":\"ImageObject\",\"inLanguage\":\"es\",\"@id\":\"https:\\\/\\\/cvinoticias.com\\\/v3\\\/#\\\/schema\\\/logo\\\/image\\\/\",\"url\":\"https:\\\/\\\/cvinoticias.com\\\/wp-content\\\/uploads\\\/2023\\\/04\\\/cropped-cropped-cropped-cropped-cropped-3-1.png\",\"contentUrl\":\"https:\\\/\\\/cvinoticias.com\\\/wp-content\\\/uploads\\\/2023\\\/04\\\/cropped-cropped-cropped-cropped-cropped-3-1.png\",\"width\":95,\"height\":122,\"caption\":\"CVI NOTICIAS\"},\"image\":{\"@id\":\"https:\\\/\\\/cvinoticias.com\\\/v3\\\/#\\\/schema\\\/logo\\\/image\\\/\"},\"sameAs\":[\"https:\\\/\\\/www.facebook.com\\\/cvinoticias\",\"https:\\\/\\\/www.instagram.com\\\/cvinoticias\\\/\",\"https:\\\/\\\/www.youtube.com\\\/@CVINOTICIAS\"]},{\"@type\":\"Person\",\"@id\":\"https:\\\/\\\/cvinoticias.com\\\/v3\\\/#\\\/schema\\\/person\\\/2db77e3c6bc03c538495d7b2b8be9b66\",\"name\":\"f1000024\",\"image\":{\"@type\":\"ImageObject\",\"inLanguage\":\"es\",\"@id\":\"https:\\\/\\\/secure.gravatar.com\\\/avatar\\\/d4fe7459cfc51ff5129ce1a732bbef5928568b8092d412ef95611616376bbeed?s=96&d=mm&r=g\",\"url\":\"https:\\\/\\\/secure.gravatar.com\\\/avatar\\\/d4fe7459cfc51ff5129ce1a732bbef5928568b8092d412ef95611616376bbeed?s=96&d=mm&r=g\",\"contentUrl\":\"https:\\\/\\\/secure.gravatar.com\\\/avatar\\\/d4fe7459cfc51ff5129ce1a732bbef5928568b8092d412ef95611616376bbeed?s=96&d=mm&r=g\",\"caption\":\"f1000024\"},\"url\":\"https:\\\/\\\/cvinoticias.com\\\/v3\\\/author\\\/f1000024\\\/\"}]}<\/script>\n<!-- \/ Yoast SEO plugin. -->","yoast_head_json":{"title":"Ante los movimientos sociales, Massa asumi\u00f3 compromisos pese a que no tiene \"una militancia en com\u00fan\" | CVI NOTICIAS","robots":{"index":"index","follow":"follow","max-snippet":"max-snippet:-1","max-image-preview":"max-image-preview:large","max-video-preview":"max-video-preview:-1"},"canonical":"https:\/\/cvinoticias.com\/v3\/ante-los-movimientos-sociales-massa-asumio-compromisos-pese-a-que-no-tiene-una-militancia-en-comun\/","og_locale":"es_ES","og_type":"article","og_title":"Ante los movimientos sociales, Massa asumi\u00f3 compromisos pese a que no tiene \"una militancia en com\u00fan\" | CVI NOTICIAS","og_description":"Este encuentro del ministro de Econom\u00eda con la militancia del Movimiento Evita, Barrios de Pie y la CCC, sumado a los anuncios vinculados a la agenda social, pueden leerse en el marco de la interna que sostiene con el otro precandidato presidencial de Uni\u00f3n por la Patria, Juan Grabois. El precandidato presidencial de Uni\u00f3n por [&hellip;]","og_url":"https:\/\/cvinoticias.com\/v3\/ante-los-movimientos-sociales-massa-asumio-compromisos-pese-a-que-no-tiene-una-militancia-en-comun\/","og_site_name":"CVI NOTICIAS","article_publisher":"https:\/\/www.facebook.com\/cvinoticias","article_published_time":"2023-08-07T00:43:29+00:00","og_image":[{"width":1280,"height":720,"url":"https:\/\/cvinoticias.com\/wp-content\/uploads\/2023\/08\/WhatsApp_Image_2023-08-06_at_19.50.53_1.jpeg","type":"image\/jpeg"}],"author":"f1000024","twitter_card":"summary_large_image","twitter_misc":{"Escrito por":"f1000024","Tiempo de lectura":"6 minutos"},"schema":{"@context":"https:\/\/schema.org","@graph":[{"@type":"Article","@id":"https:\/\/cvinoticias.com\/v3\/ante-los-movimientos-sociales-massa-asumio-compromisos-pese-a-que-no-tiene-una-militancia-en-comun\/#article","isPartOf":{"@id":"https:\/\/cvinoticias.com\/v3\/ante-los-movimientos-sociales-massa-asumio-compromisos-pese-a-que-no-tiene-una-militancia-en-comun\/"},"author":{"name":"f1000024","@id":"https:\/\/cvinoticias.com\/v3\/#\/schema\/person\/2db77e3c6bc03c538495d7b2b8be9b66"},"headline":"Ante los movimientos sociales, Massa asumi\u00f3 compromisos pese a que no tiene \u00abuna militancia en com\u00fan\u00bb","datePublished":"2023-08-07T00:43:29+00:00","mainEntityOfPage":{"@id":"https:\/\/cvinoticias.com\/v3\/ante-los-movimientos-sociales-massa-asumio-compromisos-pese-a-que-no-tiene-una-militancia-en-comun\/"},"wordCount":1152,"commentCount":0,"publisher":{"@id":"https:\/\/cvinoticias.com\/v3\/#organization"},"image":{"@id":"https:\/\/cvinoticias.com\/v3\/ante-los-movimientos-sociales-massa-asumio-compromisos-pese-a-que-no-tiene-una-militancia-en-comun\/#primaryimage"},"thumbnailUrl":"https:\/\/cvinoticias.com\/wp-content\/uploads\/2023\/08\/WhatsApp_Image_2023-08-06_at_19.50.53_1.jpeg","articleSection":["Nacionales"],"inLanguage":"es","potentialAction":[{"@type":"CommentAction","name":"Comment","target":["https:\/\/cvinoticias.com\/v3\/ante-los-movimientos-sociales-massa-asumio-compromisos-pese-a-que-no-tiene-una-militancia-en-comun\/#respond"]}]},{"@type":"WebPage","@id":"https:\/\/cvinoticias.com\/v3\/ante-los-movimientos-sociales-massa-asumio-compromisos-pese-a-que-no-tiene-una-militancia-en-comun\/","url":"https:\/\/cvinoticias.com\/v3\/ante-los-movimientos-sociales-massa-asumio-compromisos-pese-a-que-no-tiene-una-militancia-en-comun\/","name":"Ante los movimientos sociales, Massa asumi\u00f3 compromisos pese a que no tiene \"una militancia en com\u00fan\" | CVI NOTICIAS","isPartOf":{"@id":"https:\/\/cvinoticias.com\/v3\/#website"},"primaryImageOfPage":{"@id":"https:\/\/cvinoticias.com\/v3\/ante-los-movimientos-sociales-massa-asumio-compromisos-pese-a-que-no-tiene-una-militancia-en-comun\/#primaryimage"},"image":{"@id":"https:\/\/cvinoticias.com\/v3\/ante-los-movimientos-sociales-massa-asumio-compromisos-pese-a-que-no-tiene-una-militancia-en-comun\/#primaryimage"},"thumbnailUrl":"https:\/\/cvinoticias.com\/wp-content\/uploads\/2023\/08\/WhatsApp_Image_2023-08-06_at_19.50.53_1.jpeg","datePublished":"2023-08-07T00:43:29+00:00","breadcrumb":{"@id":"https:\/\/cvinoticias.com\/v3\/ante-los-movimientos-sociales-massa-asumio-compromisos-pese-a-que-no-tiene-una-militancia-en-comun\/#breadcrumb"},"inLanguage":"es","potentialAction":[{"@type":"ReadAction","target":["https:\/\/cvinoticias.com\/v3\/ante-los-movimientos-sociales-massa-asumio-compromisos-pese-a-que-no-tiene-una-militancia-en-comun\/"]}]},{"@type":"ImageObject","inLanguage":"es","@id":"https:\/\/cvinoticias.com\/v3\/ante-los-movimientos-sociales-massa-asumio-compromisos-pese-a-que-no-tiene-una-militancia-en-comun\/#primaryimage","url":"https:\/\/cvinoticias.com\/wp-content\/uploads\/2023\/08\/WhatsApp_Image_2023-08-06_at_19.50.53_1.jpeg","contentUrl":"https:\/\/cvinoticias.com\/wp-content\/uploads\/2023\/08\/WhatsApp_Image_2023-08-06_at_19.50.53_1.jpeg","width":1280,"height":720},{"@type":"BreadcrumbList","@id":"https:\/\/cvinoticias.com\/v3\/ante-los-movimientos-sociales-massa-asumio-compromisos-pese-a-que-no-tiene-una-militancia-en-comun\/#breadcrumb","itemListElement":[{"@type":"ListItem","position":1,"name":"Portada","item":"https:\/\/cvinoticias.com\/v3\/"},{"@type":"ListItem","position":2,"name":"Ante los movimientos sociales, Massa asumi\u00f3 compromisos pese a que no tiene \u00abuna militancia en com\u00fan\u00bb"}]},{"@type":"WebSite","@id":"https:\/\/cvinoticias.com\/v3\/#website","url":"https:\/\/cvinoticias.com\/v3\/","name":"CVI NOTICIAS","description":"","publisher":{"@id":"https:\/\/cvinoticias.com\/v3\/#organization"},"alternateName":"CVI","potentialAction":[{"@type":"SearchAction","target":{"@type":"EntryPoint","urlTemplate":"https:\/\/cvinoticias.com\/v3\/?s={search_term_string}"},"query-input":{"@type":"PropertyValueSpecification","valueRequired":true,"valueName":"search_term_string"}}],"inLanguage":"es"},{"@type":"Organization","@id":"https:\/\/cvinoticias.com\/v3\/#organization","name":"CVI NOTICIAS","url":"https:\/\/cvinoticias.com\/v3\/","logo":{"@type":"ImageObject","inLanguage":"es","@id":"https:\/\/cvinoticias.com\/v3\/#\/schema\/logo\/image\/","url":"https:\/\/cvinoticias.com\/wp-content\/uploads\/2023\/04\/cropped-cropped-cropped-cropped-cropped-3-1.png","contentUrl":"https:\/\/cvinoticias.com\/wp-content\/uploads\/2023\/04\/cropped-cropped-cropped-cropped-cropped-3-1.png","width":95,"height":122,"caption":"CVI NOTICIAS"},"image":{"@id":"https:\/\/cvinoticias.com\/v3\/#\/schema\/logo\/image\/"},"sameAs":["https:\/\/www.facebook.com\/cvinoticias","https:\/\/www.instagram.com\/cvinoticias\/","https:\/\/www.youtube.com\/@CVINOTICIAS"]},{"@type":"Person","@id":"https:\/\/cvinoticias.com\/v3\/#\/schema\/person\/2db77e3c6bc03c538495d7b2b8be9b66","name":"f1000024","image":{"@type":"ImageObject","inLanguage":"es","@id":"https:\/\/secure.gravatar.com\/avatar\/d4fe7459cfc51ff5129ce1a732bbef5928568b8092d412ef95611616376bbeed?s=96&d=mm&r=g","url":"https:\/\/secure.gravatar.com\/avatar\/d4fe7459cfc51ff5129ce1a732bbef5928568b8092d412ef95611616376bbeed?s=96&d=mm&r=g","contentUrl":"https:\/\/secure.gravatar.com\/avatar\/d4fe7459cfc51ff5129ce1a732bbef5928568b8092d412ef95611616376bbeed?s=96&d=mm&r=g","caption":"f1000024"},"url":"https:\/\/cvinoticias.com\/v3\/author\/f1000024\/"}]}},"_links":{"self":[{"href":"https:\/\/cvinoticias.com\/v3\/wp-json\/wp\/v2\/posts\/26867","targetHints":{"allow":["GET"]}}],"collection":[{"href":"https:\/\/cvinoticias.com\/v3\/wp-json\/wp\/v2\/posts"}],"about":[{"href":"https:\/\/cvinoticias.com\/v3\/wp-json\/wp\/v2\/types\/post"}],"author":[{"embeddable":true,"href":"https:\/\/cvinoticias.com\/v3\/wp-json\/wp\/v2\/users\/2"}],"replies":[{"embeddable":true,"href":"https:\/\/cvinoticias.com\/v3\/wp-json\/wp\/v2\/comments?post=26867"}],"version-history":[{"count":1,"href":"https:\/\/cvinoticias.com\/v3\/wp-json\/wp\/v2\/posts\/26867\/revisions"}],"predecessor-version":[{"id":26869,"href":"https:\/\/cvinoticias.com\/v3\/wp-json\/wp\/v2\/posts\/26867\/revisions\/26869"}],"wp:featuredmedia":[{"embeddable":true,"href":"https:\/\/cvinoticias.com\/v3\/wp-json\/wp\/v2\/media\/26868"}],"wp:attachment":[{"href":"https:\/\/cvinoticias.com\/v3\/wp-json\/wp\/v2\/media?parent=26867"}],"wp:term":[{"taxonomy":"category","embeddable":true,"href":"https:\/\/cvinoticias.com\/v3\/wp-json\/wp\/v2\/categories?post=26867"},{"taxonomy":"post_tag","embeddable":true,"href":"https:\/\/cvinoticias.com\/v3\/wp-json\/wp\/v2\/tags?post=26867"}],"curies":[{"name":"wp","href":"https:\/\/api.w.org\/{rel}","templated":true}]}}