{"id":2682,"date":"2021-02-14T13:04:58","date_gmt":"2021-02-14T13:04:58","guid":{"rendered":"https:\/\/cvinoticias.com\/v3\/?p=2682"},"modified":"2021-02-14T13:04:58","modified_gmt":"2021-02-14T13:04:58","slug":"se-establecio-el-orden-de-vacunacion-de-los-docentes-y-personal-de-educacion","status":"publish","type":"post","link":"https:\/\/cvinoticias.com\/v3\/se-establecio-el-orden-de-vacunacion-de-los-docentes-y-personal-de-educacion\/","title":{"rendered":"Se estableci\u00f3 el orden de vacunaci\u00f3n de los docentes y personal de educaci\u00f3n"},"content":{"rendered":"\n<p><strong><em>El Consejo Federal de Educaci\u00f3n, conformado por los 24 ministros del pa\u00eds, estableci\u00f3 el orden de vacunaci\u00f3n contra el coronavirus para los docentes, para lo cual se los dividi\u00f3 en cinco grupos, inform\u00f3 el Ministerio de Educaci\u00f3n.<\/em><\/strong><\/p>\n\n\n\n<p>En el&nbsp;primer grupo&nbsp;estar\u00e1 el personal de direcci\u00f3n y gesti\u00f3n, el de supervisi\u00f3n e inspecci\u00f3n, los docentes frente a alumnos y alumnas de nivel Inicial (incluye ciclo maternal), los de primer ciclo del nivel primario, (1\u00b0, 2\u00b0 y 3\u00b0 grado) y los de educaci\u00f3n especial.<\/p>\n\n\n\n<p>En el&nbsp;segundo grupo&nbsp;figura el personal de apoyo a la ense\u00f1anza, todo otro personal sin designaci\u00f3n docente pero que trabaja en establecimientos educativos de la educaci\u00f3n obligatoria en distintas \u00e1reas y servicios (maestranza, administraci\u00f3n, servicios t\u00e9cnicos, servicios generales, y equivalentes).<\/p>\n\n\n\n<p>En el&nbsp;tercero&nbsp;estar\u00e1n los docentes frente a alumnos y alumnas de nivel primario, del segundo ciclo de 4\u00b0 a 6\u00b0\/7\u00b0 grados.<\/p>\n\n\n\n<p>El&nbsp;cuarto grupo&nbsp;estar\u00e1 conformado por los docentes frente a alumnos y alumnas de nivel secundario, de educaci\u00f3n permanente para j\u00f3venes y adultos en todos sus niveles e instructores de formaci\u00f3n profesional.<\/p>\n\n\n\n<p>Finalmente en el&nbsp;\u00faltimo grupo&nbsp;estar\u00e1n los docentes y no docentes de institutos<\/p>\n","protected":false},"excerpt":{"rendered":"<p>El Consejo Federal de Educaci\u00f3n, conformado por los 24 ministros del pa\u00eds, estableci\u00f3 el orden de vacunaci\u00f3n contra el coronavirus para los docentes, para lo cual se los dividi\u00f3 en cinco grupos, inform\u00f3 el Ministerio de Educaci\u00f3n. En el&nbsp;primer grupo&nbsp;estar\u00e1 el personal de direcci\u00f3n y gesti\u00f3n, el de supervisi\u00f3n e inspecci\u00f3n, los docentes frente a [&hellip;]<\/p>\n","protected":false},"author":2,"featured_media":2683,"comment_status":"open","ping_status":"open","sticky":false,"template":"","format":"standard","meta":{"footnotes":""},"categories":[23],"tags":[],"class_list":["post-2682","post","type-post","status-publish","format-standard","has-post-thumbnail","hentry","category-covid-19"],"yoast_head":"<!-- This site is optimized with the Yoast SEO plugin v27.5 - https:\/\/yoast.com\/product\/yoast-seo-wordpress\/ -->\n<title>Se estableci\u00f3 el orden de vacunaci\u00f3n de los docentes y personal de educaci\u00f3n | CVI NOTICIAS<\/title>\n<meta name=\"robots\" content=\"index, follow, max-snippet:-1, max-image-preview:large, max-video-preview:-1\" \/>\n<link rel=\"canonical\" href=\"https:\/\/cvinoticias.com\/v3\/se-establecio-el-orden-de-vacunacion-de-los-docentes-y-personal-de-educacion\/\" \/>\n<meta property=\"og:locale\" content=\"es_ES\" \/>\n<meta property=\"og:type\" content=\"article\" \/>\n<meta property=\"og:title\" content=\"Se estableci\u00f3 el orden de vacunaci\u00f3n de los docentes y personal de educaci\u00f3n | CVI NOTICIAS\" \/>\n<meta property=\"og:description\" content=\"El Consejo Federal de Educaci\u00f3n, conformado por los 24 ministros del pa\u00eds, estableci\u00f3 el orden de vacunaci\u00f3n contra el coronavirus para los docentes, para lo cual se los dividi\u00f3 en cinco grupos, inform\u00f3 el Ministerio de Educaci\u00f3n. En el&nbsp;primer grupo&nbsp;estar\u00e1 el personal de direcci\u00f3n y gesti\u00f3n, el de supervisi\u00f3n e inspecci\u00f3n, los docentes frente a [&hellip;]\" \/>\n<meta property=\"og:url\" content=\"https:\/\/cvinoticias.com\/v3\/se-establecio-el-orden-de-vacunacion-de-los-docentes-y-personal-de-educacion\/\" \/>\n<meta property=\"og:site_name\" content=\"CVI NOTICIAS\" \/>\n<meta property=\"article:publisher\" content=\"https:\/\/www.facebook.com\/cvinoticias\" \/>\n<meta property=\"article:published_time\" content=\"2021-02-14T13:04:58+00:00\" \/>\n<meta property=\"og:image\" content=\"https:\/\/cvinoticias.com\/wp-content\/uploads\/2021\/02\/5186a091-8e3a-43e9-8fe8-0c333bc4e4af.jpg\" \/>\n\t<meta property=\"og:image:width\" content=\"887\" \/>\n\t<meta property=\"og:image:height\" content=\"580\" \/>\n\t<meta property=\"og:image:type\" content=\"image\/jpeg\" \/>\n<meta name=\"author\" content=\"f1000024\" \/>\n<meta name=\"twitter:card\" content=\"summary_large_image\" \/>\n<meta name=\"twitter:label1\" content=\"Escrito por\" \/>\n\t<meta name=\"twitter:data1\" content=\"f1000024\" \/>\n\t<meta name=\"twitter:label2\" content=\"Tiempo de lectura\" \/>\n\t<meta name=\"twitter:data2\" content=\"1 minuto\" \/>\n<script type=\"application\/ld+json\" class=\"yoast-schema-graph\">{\"@context\":\"https:\\\/\\\/schema.org\",\"@graph\":[{\"@type\":\"Article\",\"@id\":\"https:\\\/\\\/cvinoticias.com\\\/v3\\\/se-establecio-el-orden-de-vacunacion-de-los-docentes-y-personal-de-educacion\\\/#article\",\"isPartOf\":{\"@id\":\"https:\\\/\\\/cvinoticias.com\\\/v3\\\/se-establecio-el-orden-de-vacunacion-de-los-docentes-y-personal-de-educacion\\\/\"},\"author\":{\"name\":\"f1000024\",\"@id\":\"https:\\\/\\\/cvinoticias.com\\\/v3\\\/#\\\/schema\\\/person\\\/2db77e3c6bc03c538495d7b2b8be9b66\"},\"headline\":\"Se estableci\u00f3 el orden de vacunaci\u00f3n de los docentes y personal de educaci\u00f3n\",\"datePublished\":\"2021-02-14T13:04:58+00:00\",\"mainEntityOfPage\":{\"@id\":\"https:\\\/\\\/cvinoticias.com\\\/v3\\\/se-establecio-el-orden-de-vacunacion-de-los-docentes-y-personal-de-educacion\\\/\"},\"wordCount\":229,\"commentCount\":0,\"publisher\":{\"@id\":\"https:\\\/\\\/cvinoticias.com\\\/v3\\\/#organization\"},\"image\":{\"@id\":\"https:\\\/\\\/cvinoticias.com\\\/v3\\\/se-establecio-el-orden-de-vacunacion-de-los-docentes-y-personal-de-educacion\\\/#primaryimage\"},\"thumbnailUrl\":\"https:\\\/\\\/cvinoticias.com\\\/wp-content\\\/uploads\\\/2021\\\/02\\\/5186a091-8e3a-43e9-8fe8-0c333bc4e4af.jpg\",\"articleSection\":[\"Covid-19\"],\"inLanguage\":\"es\",\"potentialAction\":[{\"@type\":\"CommentAction\",\"name\":\"Comment\",\"target\":[\"https:\\\/\\\/cvinoticias.com\\\/v3\\\/se-establecio-el-orden-de-vacunacion-de-los-docentes-y-personal-de-educacion\\\/#respond\"]}]},{\"@type\":\"WebPage\",\"@id\":\"https:\\\/\\\/cvinoticias.com\\\/v3\\\/se-establecio-el-orden-de-vacunacion-de-los-docentes-y-personal-de-educacion\\\/\",\"url\":\"https:\\\/\\\/cvinoticias.com\\\/v3\\\/se-establecio-el-orden-de-vacunacion-de-los-docentes-y-personal-de-educacion\\\/\",\"name\":\"Se estableci\u00f3 el orden de vacunaci\u00f3n de los docentes y personal de educaci\u00f3n | CVI NOTICIAS\",\"isPartOf\":{\"@id\":\"https:\\\/\\\/cvinoticias.com\\\/v3\\\/#website\"},\"primaryImageOfPage\":{\"@id\":\"https:\\\/\\\/cvinoticias.com\\\/v3\\\/se-establecio-el-orden-de-vacunacion-de-los-docentes-y-personal-de-educacion\\\/#primaryimage\"},\"image\":{\"@id\":\"https:\\\/\\\/cvinoticias.com\\\/v3\\\/se-establecio-el-orden-de-vacunacion-de-los-docentes-y-personal-de-educacion\\\/#primaryimage\"},\"thumbnailUrl\":\"https:\\\/\\\/cvinoticias.com\\\/wp-content\\\/uploads\\\/2021\\\/02\\\/5186a091-8e3a-43e9-8fe8-0c333bc4e4af.jpg\",\"datePublished\":\"2021-02-14T13:04:58+00:00\",\"breadcrumb\":{\"@id\":\"https:\\\/\\\/cvinoticias.com\\\/v3\\\/se-establecio-el-orden-de-vacunacion-de-los-docentes-y-personal-de-educacion\\\/#breadcrumb\"},\"inLanguage\":\"es\",\"potentialAction\":[{\"@type\":\"ReadAction\",\"target\":[\"https:\\\/\\\/cvinoticias.com\\\/v3\\\/se-establecio-el-orden-de-vacunacion-de-los-docentes-y-personal-de-educacion\\\/\"]}]},{\"@type\":\"ImageObject\",\"inLanguage\":\"es\",\"@id\":\"https:\\\/\\\/cvinoticias.com\\\/v3\\\/se-establecio-el-orden-de-vacunacion-de-los-docentes-y-personal-de-educacion\\\/#primaryimage\",\"url\":\"https:\\\/\\\/cvinoticias.com\\\/wp-content\\\/uploads\\\/2021\\\/02\\\/5186a091-8e3a-43e9-8fe8-0c333bc4e4af.jpg\",\"contentUrl\":\"https:\\\/\\\/cvinoticias.com\\\/wp-content\\\/uploads\\\/2021\\\/02\\\/5186a091-8e3a-43e9-8fe8-0c333bc4e4af.jpg\",\"width\":887,\"height\":580},{\"@type\":\"BreadcrumbList\",\"@id\":\"https:\\\/\\\/cvinoticias.com\\\/v3\\\/se-establecio-el-orden-de-vacunacion-de-los-docentes-y-personal-de-educacion\\\/#breadcrumb\",\"itemListElement\":[{\"@type\":\"ListItem\",\"position\":1,\"name\":\"Portada\",\"item\":\"https:\\\/\\\/cvinoticias.com\\\/v3\\\/\"},{\"@type\":\"ListItem\",\"position\":2,\"name\":\"Se estableci\u00f3 el orden de vacunaci\u00f3n de los docentes y personal de educaci\u00f3n\"}]},{\"@type\":\"WebSite\",\"@id\":\"https:\\\/\\\/cvinoticias.com\\\/v3\\\/#website\",\"url\":\"https:\\\/\\\/cvinoticias.com\\\/v3\\\/\",\"name\":\"CVI NOTICIAS\",\"description\":\"\",\"publisher\":{\"@id\":\"https:\\\/\\\/cvinoticias.com\\\/v3\\\/#organization\"},\"alternateName\":\"CVI\",\"potentialAction\":[{\"@type\":\"SearchAction\",\"target\":{\"@type\":\"EntryPoint\",\"urlTemplate\":\"https:\\\/\\\/cvinoticias.com\\\/v3\\\/?s={search_term_string}\"},\"query-input\":{\"@type\":\"PropertyValueSpecification\",\"valueRequired\":true,\"valueName\":\"search_term_string\"}}],\"inLanguage\":\"es\"},{\"@type\":\"Organization\",\"@id\":\"https:\\\/\\\/cvinoticias.com\\\/v3\\\/#organization\",\"name\":\"CVI NOTICIAS\",\"url\":\"https:\\\/\\\/cvinoticias.com\\\/v3\\\/\",\"logo\":{\"@type\":\"ImageObject\",\"inLanguage\":\"es\",\"@id\":\"https:\\\/\\\/cvinoticias.com\\\/v3\\\/#\\\/schema\\\/logo\\\/image\\\/\",\"url\":\"https:\\\/\\\/cvinoticias.com\\\/wp-content\\\/uploads\\\/2023\\\/04\\\/cropped-cropped-cropped-cropped-cropped-3-1.png\",\"contentUrl\":\"https:\\\/\\\/cvinoticias.com\\\/wp-content\\\/uploads\\\/2023\\\/04\\\/cropped-cropped-cropped-cropped-cropped-3-1.png\",\"width\":95,\"height\":122,\"caption\":\"CVI NOTICIAS\"},\"image\":{\"@id\":\"https:\\\/\\\/cvinoticias.com\\\/v3\\\/#\\\/schema\\\/logo\\\/image\\\/\"},\"sameAs\":[\"https:\\\/\\\/www.facebook.com\\\/cvinoticias\",\"https:\\\/\\\/www.instagram.com\\\/cvinoticias\\\/\",\"https:\\\/\\\/www.youtube.com\\\/@CVINOTICIAS\"]},{\"@type\":\"Person\",\"@id\":\"https:\\\/\\\/cvinoticias.com\\\/v3\\\/#\\\/schema\\\/person\\\/2db77e3c6bc03c538495d7b2b8be9b66\",\"name\":\"f1000024\",\"image\":{\"@type\":\"ImageObject\",\"inLanguage\":\"es\",\"@id\":\"https:\\\/\\\/secure.gravatar.com\\\/avatar\\\/d4fe7459cfc51ff5129ce1a732bbef5928568b8092d412ef95611616376bbeed?s=96&d=mm&r=g\",\"url\":\"https:\\\/\\\/secure.gravatar.com\\\/avatar\\\/d4fe7459cfc51ff5129ce1a732bbef5928568b8092d412ef95611616376bbeed?s=96&d=mm&r=g\",\"contentUrl\":\"https:\\\/\\\/secure.gravatar.com\\\/avatar\\\/d4fe7459cfc51ff5129ce1a732bbef5928568b8092d412ef95611616376bbeed?s=96&d=mm&r=g\",\"caption\":\"f1000024\"},\"url\":\"https:\\\/\\\/cvinoticias.com\\\/v3\\\/author\\\/f1000024\\\/\"}]}<\/script>\n<!-- \/ Yoast SEO plugin. -->","yoast_head_json":{"title":"Se estableci\u00f3 el orden de vacunaci\u00f3n de los docentes y personal de educaci\u00f3n | CVI NOTICIAS","robots":{"index":"index","follow":"follow","max-snippet":"max-snippet:-1","max-image-preview":"max-image-preview:large","max-video-preview":"max-video-preview:-1"},"canonical":"https:\/\/cvinoticias.com\/v3\/se-establecio-el-orden-de-vacunacion-de-los-docentes-y-personal-de-educacion\/","og_locale":"es_ES","og_type":"article","og_title":"Se estableci\u00f3 el orden de vacunaci\u00f3n de los docentes y personal de educaci\u00f3n | CVI NOTICIAS","og_description":"El Consejo Federal de Educaci\u00f3n, conformado por los 24 ministros del pa\u00eds, estableci\u00f3 el orden de vacunaci\u00f3n contra el coronavirus para los docentes, para lo cual se los dividi\u00f3 en cinco grupos, inform\u00f3 el Ministerio de Educaci\u00f3n. En el&nbsp;primer grupo&nbsp;estar\u00e1 el personal de direcci\u00f3n y gesti\u00f3n, el de supervisi\u00f3n e inspecci\u00f3n, los docentes frente a [&hellip;]","og_url":"https:\/\/cvinoticias.com\/v3\/se-establecio-el-orden-de-vacunacion-de-los-docentes-y-personal-de-educacion\/","og_site_name":"CVI NOTICIAS","article_publisher":"https:\/\/www.facebook.com\/cvinoticias","article_published_time":"2021-02-14T13:04:58+00:00","og_image":[{"width":887,"height":580,"url":"https:\/\/cvinoticias.com\/wp-content\/uploads\/2021\/02\/5186a091-8e3a-43e9-8fe8-0c333bc4e4af.jpg","type":"image\/jpeg"}],"author":"f1000024","twitter_card":"summary_large_image","twitter_misc":{"Escrito por":"f1000024","Tiempo de lectura":"1 minuto"},"schema":{"@context":"https:\/\/schema.org","@graph":[{"@type":"Article","@id":"https:\/\/cvinoticias.com\/v3\/se-establecio-el-orden-de-vacunacion-de-los-docentes-y-personal-de-educacion\/#article","isPartOf":{"@id":"https:\/\/cvinoticias.com\/v3\/se-establecio-el-orden-de-vacunacion-de-los-docentes-y-personal-de-educacion\/"},"author":{"name":"f1000024","@id":"https:\/\/cvinoticias.com\/v3\/#\/schema\/person\/2db77e3c6bc03c538495d7b2b8be9b66"},"headline":"Se estableci\u00f3 el orden de vacunaci\u00f3n de los docentes y personal de educaci\u00f3n","datePublished":"2021-02-14T13:04:58+00:00","mainEntityOfPage":{"@id":"https:\/\/cvinoticias.com\/v3\/se-establecio-el-orden-de-vacunacion-de-los-docentes-y-personal-de-educacion\/"},"wordCount":229,"commentCount":0,"publisher":{"@id":"https:\/\/cvinoticias.com\/v3\/#organization"},"image":{"@id":"https:\/\/cvinoticias.com\/v3\/se-establecio-el-orden-de-vacunacion-de-los-docentes-y-personal-de-educacion\/#primaryimage"},"thumbnailUrl":"https:\/\/cvinoticias.com\/wp-content\/uploads\/2021\/02\/5186a091-8e3a-43e9-8fe8-0c333bc4e4af.jpg","articleSection":["Covid-19"],"inLanguage":"es","potentialAction":[{"@type":"CommentAction","name":"Comment","target":["https:\/\/cvinoticias.com\/v3\/se-establecio-el-orden-de-vacunacion-de-los-docentes-y-personal-de-educacion\/#respond"]}]},{"@type":"WebPage","@id":"https:\/\/cvinoticias.com\/v3\/se-establecio-el-orden-de-vacunacion-de-los-docentes-y-personal-de-educacion\/","url":"https:\/\/cvinoticias.com\/v3\/se-establecio-el-orden-de-vacunacion-de-los-docentes-y-personal-de-educacion\/","name":"Se estableci\u00f3 el orden de vacunaci\u00f3n de los docentes y personal de educaci\u00f3n | CVI NOTICIAS","isPartOf":{"@id":"https:\/\/cvinoticias.com\/v3\/#website"},"primaryImageOfPage":{"@id":"https:\/\/cvinoticias.com\/v3\/se-establecio-el-orden-de-vacunacion-de-los-docentes-y-personal-de-educacion\/#primaryimage"},"image":{"@id":"https:\/\/cvinoticias.com\/v3\/se-establecio-el-orden-de-vacunacion-de-los-docentes-y-personal-de-educacion\/#primaryimage"},"thumbnailUrl":"https:\/\/cvinoticias.com\/wp-content\/uploads\/2021\/02\/5186a091-8e3a-43e9-8fe8-0c333bc4e4af.jpg","datePublished":"2021-02-14T13:04:58+00:00","breadcrumb":{"@id":"https:\/\/cvinoticias.com\/v3\/se-establecio-el-orden-de-vacunacion-de-los-docentes-y-personal-de-educacion\/#breadcrumb"},"inLanguage":"es","potentialAction":[{"@type":"ReadAction","target":["https:\/\/cvinoticias.com\/v3\/se-establecio-el-orden-de-vacunacion-de-los-docentes-y-personal-de-educacion\/"]}]},{"@type":"ImageObject","inLanguage":"es","@id":"https:\/\/cvinoticias.com\/v3\/se-establecio-el-orden-de-vacunacion-de-los-docentes-y-personal-de-educacion\/#primaryimage","url":"https:\/\/cvinoticias.com\/wp-content\/uploads\/2021\/02\/5186a091-8e3a-43e9-8fe8-0c333bc4e4af.jpg","contentUrl":"https:\/\/cvinoticias.com\/wp-content\/uploads\/2021\/02\/5186a091-8e3a-43e9-8fe8-0c333bc4e4af.jpg","width":887,"height":580},{"@type":"BreadcrumbList","@id":"https:\/\/cvinoticias.com\/v3\/se-establecio-el-orden-de-vacunacion-de-los-docentes-y-personal-de-educacion\/#breadcrumb","itemListElement":[{"@type":"ListItem","position":1,"name":"Portada","item":"https:\/\/cvinoticias.com\/v3\/"},{"@type":"ListItem","position":2,"name":"Se estableci\u00f3 el orden de vacunaci\u00f3n de los docentes y personal de educaci\u00f3n"}]},{"@type":"WebSite","@id":"https:\/\/cvinoticias.com\/v3\/#website","url":"https:\/\/cvinoticias.com\/v3\/","name":"CVI NOTICIAS","description":"","publisher":{"@id":"https:\/\/cvinoticias.com\/v3\/#organization"},"alternateName":"CVI","potentialAction":[{"@type":"SearchAction","target":{"@type":"EntryPoint","urlTemplate":"https:\/\/cvinoticias.com\/v3\/?s={search_term_string}"},"query-input":{"@type":"PropertyValueSpecification","valueRequired":true,"valueName":"search_term_string"}}],"inLanguage":"es"},{"@type":"Organization","@id":"https:\/\/cvinoticias.com\/v3\/#organization","name":"CVI NOTICIAS","url":"https:\/\/cvinoticias.com\/v3\/","logo":{"@type":"ImageObject","inLanguage":"es","@id":"https:\/\/cvinoticias.com\/v3\/#\/schema\/logo\/image\/","url":"https:\/\/cvinoticias.com\/wp-content\/uploads\/2023\/04\/cropped-cropped-cropped-cropped-cropped-3-1.png","contentUrl":"https:\/\/cvinoticias.com\/wp-content\/uploads\/2023\/04\/cropped-cropped-cropped-cropped-cropped-3-1.png","width":95,"height":122,"caption":"CVI NOTICIAS"},"image":{"@id":"https:\/\/cvinoticias.com\/v3\/#\/schema\/logo\/image\/"},"sameAs":["https:\/\/www.facebook.com\/cvinoticias","https:\/\/www.instagram.com\/cvinoticias\/","https:\/\/www.youtube.com\/@CVINOTICIAS"]},{"@type":"Person","@id":"https:\/\/cvinoticias.com\/v3\/#\/schema\/person\/2db77e3c6bc03c538495d7b2b8be9b66","name":"f1000024","image":{"@type":"ImageObject","inLanguage":"es","@id":"https:\/\/secure.gravatar.com\/avatar\/d4fe7459cfc51ff5129ce1a732bbef5928568b8092d412ef95611616376bbeed?s=96&d=mm&r=g","url":"https:\/\/secure.gravatar.com\/avatar\/d4fe7459cfc51ff5129ce1a732bbef5928568b8092d412ef95611616376bbeed?s=96&d=mm&r=g","contentUrl":"https:\/\/secure.gravatar.com\/avatar\/d4fe7459cfc51ff5129ce1a732bbef5928568b8092d412ef95611616376bbeed?s=96&d=mm&r=g","caption":"f1000024"},"url":"https:\/\/cvinoticias.com\/v3\/author\/f1000024\/"}]}},"_links":{"self":[{"href":"https:\/\/cvinoticias.com\/v3\/wp-json\/wp\/v2\/posts\/2682","targetHints":{"allow":["GET"]}}],"collection":[{"href":"https:\/\/cvinoticias.com\/v3\/wp-json\/wp\/v2\/posts"}],"about":[{"href":"https:\/\/cvinoticias.com\/v3\/wp-json\/wp\/v2\/types\/post"}],"author":[{"embeddable":true,"href":"https:\/\/cvinoticias.com\/v3\/wp-json\/wp\/v2\/users\/2"}],"replies":[{"embeddable":true,"href":"https:\/\/cvinoticias.com\/v3\/wp-json\/wp\/v2\/comments?post=2682"}],"version-history":[{"count":1,"href":"https:\/\/cvinoticias.com\/v3\/wp-json\/wp\/v2\/posts\/2682\/revisions"}],"predecessor-version":[{"id":2684,"href":"https:\/\/cvinoticias.com\/v3\/wp-json\/wp\/v2\/posts\/2682\/revisions\/2684"}],"wp:featuredmedia":[{"embeddable":true,"href":"https:\/\/cvinoticias.com\/v3\/wp-json\/wp\/v2\/media\/2683"}],"wp:attachment":[{"href":"https:\/\/cvinoticias.com\/v3\/wp-json\/wp\/v2\/media?parent=2682"}],"wp:term":[{"taxonomy":"category","embeddable":true,"href":"https:\/\/cvinoticias.com\/v3\/wp-json\/wp\/v2\/categories?post=2682"},{"taxonomy":"post_tag","embeddable":true,"href":"https:\/\/cvinoticias.com\/v3\/wp-json\/wp\/v2\/tags?post=2682"}],"curies":[{"name":"wp","href":"https:\/\/api.w.org\/{rel}","templated":true}]}}