{"id":26785,"date":"2023-08-04T02:38:16","date_gmt":"2023-08-04T02:38:16","guid":{"rendered":"https:\/\/cvinoticias.com\/v3\/?p=26785"},"modified":"2023-08-04T02:38:16","modified_gmt":"2023-08-04T02:38:16","slug":"murio-el-padre-de-cecilia-strzyzowski-el-dia-en-que-la-joven-cumpliria-anos","status":"publish","type":"post","link":"https:\/\/cvinoticias.com\/v3\/murio-el-padre-de-cecilia-strzyzowski-el-dia-en-que-la-joven-cumpliria-anos\/","title":{"rendered":"Muri\u00f3 el padre de Cecilia Strzyzowski, el d\u00eda en que la joven cumplir\u00eda a\u00f1os"},"content":{"rendered":"\n<p><strong><em>Miguel Strzyzowski ten\u00eda 53 a\u00f1os y el mi\u00e9rcoles hab\u00eda sido internado por un infarto. Este jueves falleci\u00f3.<\/em><\/strong><\/p>\n\n\n\n<p>En las \u00faltimas horas, la familia hab\u00eda recibido amenazas en la cl\u00ednica en la que hab\u00edan sido notificados que Miguel ten\u00eda un estado cr\u00edtico \u00abirreversible\u00bb.<\/p>\n\n\n\n<p>En junio, Miguel habl\u00f3 con medios de Buenos Aires y pidi\u00f3 que los responsables del femicidio de su hija \u00abpaguen lo que le hayan hecho\u00bb y asegur\u00f3 que no les tiene miedo, en referencia a Emerenciano Sena y a su esposa, Marcela Acu\u00f1a, detenidos junto a su hijo C\u00e9sar.<\/p>\n\n\n\n<p>\u00abPor mi problema de salud, no sal\u00ed en su momento. Tengo un par de stent y problemas card\u00edacos\u00bb, detall\u00f3 sobre los por qu\u00e9s de su ausencia en las semanas previas.<\/p>\n\n\n\n<p>La defunci\u00f3n de Miguel se da justo cuando en el Parque de la Democracia de Resistencia se llevaba adelante un evento por lo que ser\u00eda el cumplea\u00f1os 29 de Cecilia.<\/p>\n","protected":false},"excerpt":{"rendered":"<p>Miguel Strzyzowski ten\u00eda 53 a\u00f1os y el mi\u00e9rcoles hab\u00eda sido internado por un infarto. Este jueves falleci\u00f3. En las \u00faltimas horas, la familia hab\u00eda recibido amenazas en la cl\u00ednica en la que hab\u00edan sido notificados que Miguel ten\u00eda un estado cr\u00edtico \u00abirreversible\u00bb. En junio, Miguel habl\u00f3 con medios de Buenos Aires y pidi\u00f3 que los [&hellip;]<\/p>\n","protected":false},"author":2,"featured_media":26786,"comment_status":"open","ping_status":"open","sticky":false,"template":"","format":"standard","meta":{"footnotes":""},"categories":[35],"tags":[],"class_list":["post-26785","post","type-post","status-publish","format-standard","has-post-thumbnail","hentry","category-informacion-general"],"yoast_head":"<!-- This site is optimized with the Yoast SEO plugin v27.5 - https:\/\/yoast.com\/product\/yoast-seo-wordpress\/ -->\n<title>Muri\u00f3 el padre de Cecilia Strzyzowski, el d\u00eda en que la joven cumplir\u00eda a\u00f1os | CVI NOTICIAS<\/title>\n<meta name=\"robots\" content=\"index, follow, max-snippet:-1, max-image-preview:large, max-video-preview:-1\" \/>\n<link rel=\"canonical\" href=\"https:\/\/cvinoticias.com\/v3\/murio-el-padre-de-cecilia-strzyzowski-el-dia-en-que-la-joven-cumpliria-anos\/\" \/>\n<meta property=\"og:locale\" content=\"es_ES\" \/>\n<meta property=\"og:type\" content=\"article\" \/>\n<meta property=\"og:title\" content=\"Muri\u00f3 el padre de Cecilia Strzyzowski, el d\u00eda en que la joven cumplir\u00eda a\u00f1os | CVI NOTICIAS\" \/>\n<meta property=\"og:description\" content=\"Miguel Strzyzowski ten\u00eda 53 a\u00f1os y el mi\u00e9rcoles hab\u00eda sido internado por un infarto. Este jueves falleci\u00f3. En las \u00faltimas horas, la familia hab\u00eda recibido amenazas en la cl\u00ednica en la que hab\u00edan sido notificados que Miguel ten\u00eda un estado cr\u00edtico \u00abirreversible\u00bb. En junio, Miguel habl\u00f3 con medios de Buenos Aires y pidi\u00f3 que los [&hellip;]\" \/>\n<meta property=\"og:url\" content=\"https:\/\/cvinoticias.com\/v3\/murio-el-padre-de-cecilia-strzyzowski-el-dia-en-que-la-joven-cumpliria-anos\/\" \/>\n<meta property=\"og:site_name\" content=\"CVI NOTICIAS\" \/>\n<meta property=\"article:publisher\" content=\"https:\/\/www.facebook.com\/cvinoticias\" \/>\n<meta property=\"article:published_time\" content=\"2023-08-04T02:38:16+00:00\" \/>\n<meta property=\"og:image\" content=\"https:\/\/cvinoticias.com\/wp-content\/uploads\/2023\/08\/n-ywpUnLB_340x340__1.jpg\" \/>\n\t<meta property=\"og:image:width\" content=\"340\" \/>\n\t<meta property=\"og:image:height\" content=\"340\" \/>\n\t<meta property=\"og:image:type\" content=\"image\/jpeg\" \/>\n<meta name=\"author\" content=\"f1000024\" \/>\n<meta name=\"twitter:card\" content=\"summary_large_image\" \/>\n<meta name=\"twitter:label1\" content=\"Escrito por\" \/>\n\t<meta name=\"twitter:data1\" content=\"f1000024\" \/>\n\t<meta name=\"twitter:label2\" content=\"Tiempo de lectura\" \/>\n\t<meta name=\"twitter:data2\" content=\"1 minuto\" \/>\n<script type=\"application\/ld+json\" class=\"yoast-schema-graph\">{\"@context\":\"https:\\\/\\\/schema.org\",\"@graph\":[{\"@type\":\"Article\",\"@id\":\"https:\\\/\\\/cvinoticias.com\\\/v3\\\/murio-el-padre-de-cecilia-strzyzowski-el-dia-en-que-la-joven-cumpliria-anos\\\/#article\",\"isPartOf\":{\"@id\":\"https:\\\/\\\/cvinoticias.com\\\/v3\\\/murio-el-padre-de-cecilia-strzyzowski-el-dia-en-que-la-joven-cumpliria-anos\\\/\"},\"author\":{\"name\":\"f1000024\",\"@id\":\"https:\\\/\\\/cvinoticias.com\\\/v3\\\/#\\\/schema\\\/person\\\/2db77e3c6bc03c538495d7b2b8be9b66\"},\"headline\":\"Muri\u00f3 el padre de Cecilia Strzyzowski, el d\u00eda en que la joven cumplir\u00eda a\u00f1os\",\"datePublished\":\"2023-08-04T02:38:16+00:00\",\"mainEntityOfPage\":{\"@id\":\"https:\\\/\\\/cvinoticias.com\\\/v3\\\/murio-el-padre-de-cecilia-strzyzowski-el-dia-en-que-la-joven-cumpliria-anos\\\/\"},\"wordCount\":182,\"commentCount\":0,\"publisher\":{\"@id\":\"https:\\\/\\\/cvinoticias.com\\\/v3\\\/#organization\"},\"image\":{\"@id\":\"https:\\\/\\\/cvinoticias.com\\\/v3\\\/murio-el-padre-de-cecilia-strzyzowski-el-dia-en-que-la-joven-cumpliria-anos\\\/#primaryimage\"},\"thumbnailUrl\":\"https:\\\/\\\/cvinoticias.com\\\/wp-content\\\/uploads\\\/2023\\\/08\\\/n-ywpUnLB_340x340__1.jpg\",\"articleSection\":[\"Informaci\u00f3n General\"],\"inLanguage\":\"es\",\"potentialAction\":[{\"@type\":\"CommentAction\",\"name\":\"Comment\",\"target\":[\"https:\\\/\\\/cvinoticias.com\\\/v3\\\/murio-el-padre-de-cecilia-strzyzowski-el-dia-en-que-la-joven-cumpliria-anos\\\/#respond\"]}]},{\"@type\":\"WebPage\",\"@id\":\"https:\\\/\\\/cvinoticias.com\\\/v3\\\/murio-el-padre-de-cecilia-strzyzowski-el-dia-en-que-la-joven-cumpliria-anos\\\/\",\"url\":\"https:\\\/\\\/cvinoticias.com\\\/v3\\\/murio-el-padre-de-cecilia-strzyzowski-el-dia-en-que-la-joven-cumpliria-anos\\\/\",\"name\":\"Muri\u00f3 el padre de Cecilia Strzyzowski, el d\u00eda en que la joven cumplir\u00eda a\u00f1os | CVI NOTICIAS\",\"isPartOf\":{\"@id\":\"https:\\\/\\\/cvinoticias.com\\\/v3\\\/#website\"},\"primaryImageOfPage\":{\"@id\":\"https:\\\/\\\/cvinoticias.com\\\/v3\\\/murio-el-padre-de-cecilia-strzyzowski-el-dia-en-que-la-joven-cumpliria-anos\\\/#primaryimage\"},\"image\":{\"@id\":\"https:\\\/\\\/cvinoticias.com\\\/v3\\\/murio-el-padre-de-cecilia-strzyzowski-el-dia-en-que-la-joven-cumpliria-anos\\\/#primaryimage\"},\"thumbnailUrl\":\"https:\\\/\\\/cvinoticias.com\\\/wp-content\\\/uploads\\\/2023\\\/08\\\/n-ywpUnLB_340x340__1.jpg\",\"datePublished\":\"2023-08-04T02:38:16+00:00\",\"breadcrumb\":{\"@id\":\"https:\\\/\\\/cvinoticias.com\\\/v3\\\/murio-el-padre-de-cecilia-strzyzowski-el-dia-en-que-la-joven-cumpliria-anos\\\/#breadcrumb\"},\"inLanguage\":\"es\",\"potentialAction\":[{\"@type\":\"ReadAction\",\"target\":[\"https:\\\/\\\/cvinoticias.com\\\/v3\\\/murio-el-padre-de-cecilia-strzyzowski-el-dia-en-que-la-joven-cumpliria-anos\\\/\"]}]},{\"@type\":\"ImageObject\",\"inLanguage\":\"es\",\"@id\":\"https:\\\/\\\/cvinoticias.com\\\/v3\\\/murio-el-padre-de-cecilia-strzyzowski-el-dia-en-que-la-joven-cumpliria-anos\\\/#primaryimage\",\"url\":\"https:\\\/\\\/cvinoticias.com\\\/wp-content\\\/uploads\\\/2023\\\/08\\\/n-ywpUnLB_340x340__1.jpg\",\"contentUrl\":\"https:\\\/\\\/cvinoticias.com\\\/wp-content\\\/uploads\\\/2023\\\/08\\\/n-ywpUnLB_340x340__1.jpg\",\"width\":340,\"height\":340},{\"@type\":\"BreadcrumbList\",\"@id\":\"https:\\\/\\\/cvinoticias.com\\\/v3\\\/murio-el-padre-de-cecilia-strzyzowski-el-dia-en-que-la-joven-cumpliria-anos\\\/#breadcrumb\",\"itemListElement\":[{\"@type\":\"ListItem\",\"position\":1,\"name\":\"Portada\",\"item\":\"https:\\\/\\\/cvinoticias.com\\\/v3\\\/\"},{\"@type\":\"ListItem\",\"position\":2,\"name\":\"Muri\u00f3 el padre de Cecilia Strzyzowski, el d\u00eda en que la joven cumplir\u00eda a\u00f1os\"}]},{\"@type\":\"WebSite\",\"@id\":\"https:\\\/\\\/cvinoticias.com\\\/v3\\\/#website\",\"url\":\"https:\\\/\\\/cvinoticias.com\\\/v3\\\/\",\"name\":\"CVI NOTICIAS\",\"description\":\"\",\"publisher\":{\"@id\":\"https:\\\/\\\/cvinoticias.com\\\/v3\\\/#organization\"},\"alternateName\":\"CVI\",\"potentialAction\":[{\"@type\":\"SearchAction\",\"target\":{\"@type\":\"EntryPoint\",\"urlTemplate\":\"https:\\\/\\\/cvinoticias.com\\\/v3\\\/?s={search_term_string}\"},\"query-input\":{\"@type\":\"PropertyValueSpecification\",\"valueRequired\":true,\"valueName\":\"search_term_string\"}}],\"inLanguage\":\"es\"},{\"@type\":\"Organization\",\"@id\":\"https:\\\/\\\/cvinoticias.com\\\/v3\\\/#organization\",\"name\":\"CVI NOTICIAS\",\"url\":\"https:\\\/\\\/cvinoticias.com\\\/v3\\\/\",\"logo\":{\"@type\":\"ImageObject\",\"inLanguage\":\"es\",\"@id\":\"https:\\\/\\\/cvinoticias.com\\\/v3\\\/#\\\/schema\\\/logo\\\/image\\\/\",\"url\":\"https:\\\/\\\/cvinoticias.com\\\/wp-content\\\/uploads\\\/2023\\\/04\\\/cropped-cropped-cropped-cropped-cropped-3-1.png\",\"contentUrl\":\"https:\\\/\\\/cvinoticias.com\\\/wp-content\\\/uploads\\\/2023\\\/04\\\/cropped-cropped-cropped-cropped-cropped-3-1.png\",\"width\":95,\"height\":122,\"caption\":\"CVI NOTICIAS\"},\"image\":{\"@id\":\"https:\\\/\\\/cvinoticias.com\\\/v3\\\/#\\\/schema\\\/logo\\\/image\\\/\"},\"sameAs\":[\"https:\\\/\\\/www.facebook.com\\\/cvinoticias\",\"https:\\\/\\\/www.instagram.com\\\/cvinoticias\\\/\",\"https:\\\/\\\/www.youtube.com\\\/@CVINOTICIAS\"]},{\"@type\":\"Person\",\"@id\":\"https:\\\/\\\/cvinoticias.com\\\/v3\\\/#\\\/schema\\\/person\\\/2db77e3c6bc03c538495d7b2b8be9b66\",\"name\":\"f1000024\",\"image\":{\"@type\":\"ImageObject\",\"inLanguage\":\"es\",\"@id\":\"https:\\\/\\\/secure.gravatar.com\\\/avatar\\\/d4fe7459cfc51ff5129ce1a732bbef5928568b8092d412ef95611616376bbeed?s=96&d=mm&r=g\",\"url\":\"https:\\\/\\\/secure.gravatar.com\\\/avatar\\\/d4fe7459cfc51ff5129ce1a732bbef5928568b8092d412ef95611616376bbeed?s=96&d=mm&r=g\",\"contentUrl\":\"https:\\\/\\\/secure.gravatar.com\\\/avatar\\\/d4fe7459cfc51ff5129ce1a732bbef5928568b8092d412ef95611616376bbeed?s=96&d=mm&r=g\",\"caption\":\"f1000024\"},\"url\":\"https:\\\/\\\/cvinoticias.com\\\/v3\\\/author\\\/f1000024\\\/\"}]}<\/script>\n<!-- \/ Yoast SEO plugin. -->","yoast_head_json":{"title":"Muri\u00f3 el padre de Cecilia Strzyzowski, el d\u00eda en que la joven cumplir\u00eda a\u00f1os | CVI NOTICIAS","robots":{"index":"index","follow":"follow","max-snippet":"max-snippet:-1","max-image-preview":"max-image-preview:large","max-video-preview":"max-video-preview:-1"},"canonical":"https:\/\/cvinoticias.com\/v3\/murio-el-padre-de-cecilia-strzyzowski-el-dia-en-que-la-joven-cumpliria-anos\/","og_locale":"es_ES","og_type":"article","og_title":"Muri\u00f3 el padre de Cecilia Strzyzowski, el d\u00eda en que la joven cumplir\u00eda a\u00f1os | CVI NOTICIAS","og_description":"Miguel Strzyzowski ten\u00eda 53 a\u00f1os y el mi\u00e9rcoles hab\u00eda sido internado por un infarto. Este jueves falleci\u00f3. En las \u00faltimas horas, la familia hab\u00eda recibido amenazas en la cl\u00ednica en la que hab\u00edan sido notificados que Miguel ten\u00eda un estado cr\u00edtico \u00abirreversible\u00bb. En junio, Miguel habl\u00f3 con medios de Buenos Aires y pidi\u00f3 que los [&hellip;]","og_url":"https:\/\/cvinoticias.com\/v3\/murio-el-padre-de-cecilia-strzyzowski-el-dia-en-que-la-joven-cumpliria-anos\/","og_site_name":"CVI NOTICIAS","article_publisher":"https:\/\/www.facebook.com\/cvinoticias","article_published_time":"2023-08-04T02:38:16+00:00","og_image":[{"width":340,"height":340,"url":"https:\/\/cvinoticias.com\/wp-content\/uploads\/2023\/08\/n-ywpUnLB_340x340__1.jpg","type":"image\/jpeg"}],"author":"f1000024","twitter_card":"summary_large_image","twitter_misc":{"Escrito por":"f1000024","Tiempo de lectura":"1 minuto"},"schema":{"@context":"https:\/\/schema.org","@graph":[{"@type":"Article","@id":"https:\/\/cvinoticias.com\/v3\/murio-el-padre-de-cecilia-strzyzowski-el-dia-en-que-la-joven-cumpliria-anos\/#article","isPartOf":{"@id":"https:\/\/cvinoticias.com\/v3\/murio-el-padre-de-cecilia-strzyzowski-el-dia-en-que-la-joven-cumpliria-anos\/"},"author":{"name":"f1000024","@id":"https:\/\/cvinoticias.com\/v3\/#\/schema\/person\/2db77e3c6bc03c538495d7b2b8be9b66"},"headline":"Muri\u00f3 el padre de Cecilia Strzyzowski, el d\u00eda en que la joven cumplir\u00eda a\u00f1os","datePublished":"2023-08-04T02:38:16+00:00","mainEntityOfPage":{"@id":"https:\/\/cvinoticias.com\/v3\/murio-el-padre-de-cecilia-strzyzowski-el-dia-en-que-la-joven-cumpliria-anos\/"},"wordCount":182,"commentCount":0,"publisher":{"@id":"https:\/\/cvinoticias.com\/v3\/#organization"},"image":{"@id":"https:\/\/cvinoticias.com\/v3\/murio-el-padre-de-cecilia-strzyzowski-el-dia-en-que-la-joven-cumpliria-anos\/#primaryimage"},"thumbnailUrl":"https:\/\/cvinoticias.com\/wp-content\/uploads\/2023\/08\/n-ywpUnLB_340x340__1.jpg","articleSection":["Informaci\u00f3n General"],"inLanguage":"es","potentialAction":[{"@type":"CommentAction","name":"Comment","target":["https:\/\/cvinoticias.com\/v3\/murio-el-padre-de-cecilia-strzyzowski-el-dia-en-que-la-joven-cumpliria-anos\/#respond"]}]},{"@type":"WebPage","@id":"https:\/\/cvinoticias.com\/v3\/murio-el-padre-de-cecilia-strzyzowski-el-dia-en-que-la-joven-cumpliria-anos\/","url":"https:\/\/cvinoticias.com\/v3\/murio-el-padre-de-cecilia-strzyzowski-el-dia-en-que-la-joven-cumpliria-anos\/","name":"Muri\u00f3 el padre de Cecilia Strzyzowski, el d\u00eda en que la joven cumplir\u00eda a\u00f1os | CVI NOTICIAS","isPartOf":{"@id":"https:\/\/cvinoticias.com\/v3\/#website"},"primaryImageOfPage":{"@id":"https:\/\/cvinoticias.com\/v3\/murio-el-padre-de-cecilia-strzyzowski-el-dia-en-que-la-joven-cumpliria-anos\/#primaryimage"},"image":{"@id":"https:\/\/cvinoticias.com\/v3\/murio-el-padre-de-cecilia-strzyzowski-el-dia-en-que-la-joven-cumpliria-anos\/#primaryimage"},"thumbnailUrl":"https:\/\/cvinoticias.com\/wp-content\/uploads\/2023\/08\/n-ywpUnLB_340x340__1.jpg","datePublished":"2023-08-04T02:38:16+00:00","breadcrumb":{"@id":"https:\/\/cvinoticias.com\/v3\/murio-el-padre-de-cecilia-strzyzowski-el-dia-en-que-la-joven-cumpliria-anos\/#breadcrumb"},"inLanguage":"es","potentialAction":[{"@type":"ReadAction","target":["https:\/\/cvinoticias.com\/v3\/murio-el-padre-de-cecilia-strzyzowski-el-dia-en-que-la-joven-cumpliria-anos\/"]}]},{"@type":"ImageObject","inLanguage":"es","@id":"https:\/\/cvinoticias.com\/v3\/murio-el-padre-de-cecilia-strzyzowski-el-dia-en-que-la-joven-cumpliria-anos\/#primaryimage","url":"https:\/\/cvinoticias.com\/wp-content\/uploads\/2023\/08\/n-ywpUnLB_340x340__1.jpg","contentUrl":"https:\/\/cvinoticias.com\/wp-content\/uploads\/2023\/08\/n-ywpUnLB_340x340__1.jpg","width":340,"height":340},{"@type":"BreadcrumbList","@id":"https:\/\/cvinoticias.com\/v3\/murio-el-padre-de-cecilia-strzyzowski-el-dia-en-que-la-joven-cumpliria-anos\/#breadcrumb","itemListElement":[{"@type":"ListItem","position":1,"name":"Portada","item":"https:\/\/cvinoticias.com\/v3\/"},{"@type":"ListItem","position":2,"name":"Muri\u00f3 el padre de Cecilia Strzyzowski, el d\u00eda en que la joven cumplir\u00eda a\u00f1os"}]},{"@type":"WebSite","@id":"https:\/\/cvinoticias.com\/v3\/#website","url":"https:\/\/cvinoticias.com\/v3\/","name":"CVI NOTICIAS","description":"","publisher":{"@id":"https:\/\/cvinoticias.com\/v3\/#organization"},"alternateName":"CVI","potentialAction":[{"@type":"SearchAction","target":{"@type":"EntryPoint","urlTemplate":"https:\/\/cvinoticias.com\/v3\/?s={search_term_string}"},"query-input":{"@type":"PropertyValueSpecification","valueRequired":true,"valueName":"search_term_string"}}],"inLanguage":"es"},{"@type":"Organization","@id":"https:\/\/cvinoticias.com\/v3\/#organization","name":"CVI NOTICIAS","url":"https:\/\/cvinoticias.com\/v3\/","logo":{"@type":"ImageObject","inLanguage":"es","@id":"https:\/\/cvinoticias.com\/v3\/#\/schema\/logo\/image\/","url":"https:\/\/cvinoticias.com\/wp-content\/uploads\/2023\/04\/cropped-cropped-cropped-cropped-cropped-3-1.png","contentUrl":"https:\/\/cvinoticias.com\/wp-content\/uploads\/2023\/04\/cropped-cropped-cropped-cropped-cropped-3-1.png","width":95,"height":122,"caption":"CVI NOTICIAS"},"image":{"@id":"https:\/\/cvinoticias.com\/v3\/#\/schema\/logo\/image\/"},"sameAs":["https:\/\/www.facebook.com\/cvinoticias","https:\/\/www.instagram.com\/cvinoticias\/","https:\/\/www.youtube.com\/@CVINOTICIAS"]},{"@type":"Person","@id":"https:\/\/cvinoticias.com\/v3\/#\/schema\/person\/2db77e3c6bc03c538495d7b2b8be9b66","name":"f1000024","image":{"@type":"ImageObject","inLanguage":"es","@id":"https:\/\/secure.gravatar.com\/avatar\/d4fe7459cfc51ff5129ce1a732bbef5928568b8092d412ef95611616376bbeed?s=96&d=mm&r=g","url":"https:\/\/secure.gravatar.com\/avatar\/d4fe7459cfc51ff5129ce1a732bbef5928568b8092d412ef95611616376bbeed?s=96&d=mm&r=g","contentUrl":"https:\/\/secure.gravatar.com\/avatar\/d4fe7459cfc51ff5129ce1a732bbef5928568b8092d412ef95611616376bbeed?s=96&d=mm&r=g","caption":"f1000024"},"url":"https:\/\/cvinoticias.com\/v3\/author\/f1000024\/"}]}},"_links":{"self":[{"href":"https:\/\/cvinoticias.com\/v3\/wp-json\/wp\/v2\/posts\/26785","targetHints":{"allow":["GET"]}}],"collection":[{"href":"https:\/\/cvinoticias.com\/v3\/wp-json\/wp\/v2\/posts"}],"about":[{"href":"https:\/\/cvinoticias.com\/v3\/wp-json\/wp\/v2\/types\/post"}],"author":[{"embeddable":true,"href":"https:\/\/cvinoticias.com\/v3\/wp-json\/wp\/v2\/users\/2"}],"replies":[{"embeddable":true,"href":"https:\/\/cvinoticias.com\/v3\/wp-json\/wp\/v2\/comments?post=26785"}],"version-history":[{"count":1,"href":"https:\/\/cvinoticias.com\/v3\/wp-json\/wp\/v2\/posts\/26785\/revisions"}],"predecessor-version":[{"id":26787,"href":"https:\/\/cvinoticias.com\/v3\/wp-json\/wp\/v2\/posts\/26785\/revisions\/26787"}],"wp:featuredmedia":[{"embeddable":true,"href":"https:\/\/cvinoticias.com\/v3\/wp-json\/wp\/v2\/media\/26786"}],"wp:attachment":[{"href":"https:\/\/cvinoticias.com\/v3\/wp-json\/wp\/v2\/media?parent=26785"}],"wp:term":[{"taxonomy":"category","embeddable":true,"href":"https:\/\/cvinoticias.com\/v3\/wp-json\/wp\/v2\/categories?post=26785"},{"taxonomy":"post_tag","embeddable":true,"href":"https:\/\/cvinoticias.com\/v3\/wp-json\/wp\/v2\/tags?post=26785"}],"curies":[{"name":"wp","href":"https:\/\/api.w.org\/{rel}","templated":true}]}}