{"id":26599,"date":"2023-07-27T12:41:41","date_gmt":"2023-07-27T12:41:41","guid":{"rendered":"https:\/\/cvinoticias.com\/v3\/?p=26599"},"modified":"2023-07-27T12:41:41","modified_gmt":"2023-07-27T12:41:41","slug":"la-afa-presentara-un-proyecto-deportivo-en-estados-unidos","status":"publish","type":"post","link":"https:\/\/cvinoticias.com\/v3\/la-afa-presentara-un-proyecto-deportivo-en-estados-unidos\/","title":{"rendered":"La AFA presentar\u00e1 un proyecto deportivo en Estados Unidos"},"content":{"rendered":"\n<p><strong><em>Claudio Tapia y Lionel Scaloni estar\u00e1n el 15 de agosto en Miami, donde la AFA construir\u00e1 un Complejo Deportivo de Alto Rendimiento para las Selecciones Nacionales.<\/em><\/strong><\/p>\n\n\n\n<p>La Asociaci\u00f3n del F\u00fatbol Argentino (AFA) confirm\u00f3 que el pr\u00f3ximo 15 de agosto presentar\u00e1 su proyecto deportivo y comercial a largo plazo en Estados Unidos, espec\u00edficamente en la ciudad de Miami, donde se encuentra brillando Lionel Messi. El dirigente Claudio Tapia y el entrenador Lionel Scaloni participar\u00e1n del evento.<\/p>\n\n\n\n<p>El plan, que comenz\u00f3 en 2022 en la localidad de Hialeah, incluye un Complejo Deportivo de Alto Rendimiento que les sirva a las Selecciones Nacionales de cara a la Copa Am\u00e9rica 2024 y el Mundial 2026, si Argentina se clasifica. Ser\u00e1 una sede de captaci\u00f3n, de base para juveniles, para los trabajos de la Scaloneta y para que utilicen los jugadores que participen en la MLS y ligas de los pa\u00edses cercanos (como M\u00e9xico o algunos de Centroam\u00e9rica). Adem\u00e1s, se crear\u00e1n all\u00ed escuelas de f\u00fatbol para ni\u00f1os, para la numerosa cantidad de ciudadanos argentinos que viven en todo el estado de Florida.<\/p>\n\n\n\n<p>\u00abEstamos muy contentos e ilusionados con el proyecto de AFA en Estados Unidos, sabiendo la importancia de este mercado por su potencial econ\u00f3mico y por la cercan\u00eda de la Copa Am\u00e9rica y del pr\u00f3ximo mundial en este pa\u00eds. Al inicio de nuestra gesti\u00f3n nos enfocamos fuertemente en expandir nuestra marca en mercados estrat\u00e9gicos como Asia y Medio Oriente, donde sab\u00edamos que hab\u00eda miles de fan\u00e1ticos de Argentina y muchas compa\u00f1\u00edas interesadas en trabajar con nosotros\u00bb, declar\u00f3 Tapia al sitio oficial de la entidad.<\/p>\n\n\n\n<p>Y agreg\u00f3: \u00abLa \u00faltima gira evidenci\u00f3 lo que significa la Selecci\u00f3n all\u00ed, donde tenemos muchos acuerdos de patrocinio y un posicionamiento de marca importante. Desde el a\u00f1o pasado comenzamos a trabajar un proyecto similar en Estados Unidos, donde adem\u00e1s tendremos centros de alto rendimiento y oficinas institucionales, lo que marcar\u00e1 una presencia permanente de AFA en este pa\u00eds\u00bb.<\/p>\n\n\n\n<p>Este es el segundo proyecto que la AFA lleva adelante en el exterior ya que desde 2018 existe un acuerdo con el Marbella Football Center de Espa\u00f1a, donde, el seleccionado argentino Sub 23 hizo la preparaci\u00f3n previa a los Juegos Ol\u00edmpicos de Tokio 2020.<\/p>\n","protected":false},"excerpt":{"rendered":"<p>Claudio Tapia y Lionel Scaloni estar\u00e1n el 15 de agosto en Miami, donde la AFA construir\u00e1 un Complejo Deportivo de Alto Rendimiento para las Selecciones Nacionales. La Asociaci\u00f3n del F\u00fatbol Argentino (AFA) confirm\u00f3 que el pr\u00f3ximo 15 de agosto presentar\u00e1 su proyecto deportivo y comercial a largo plazo en Estados Unidos, espec\u00edficamente en la ciudad [&hellip;]<\/p>\n","protected":false},"author":2,"featured_media":26600,"comment_status":"open","ping_status":"open","sticky":false,"template":"","format":"standard","meta":{"footnotes":""},"categories":[24],"tags":[],"class_list":["post-26599","post","type-post","status-publish","format-standard","has-post-thumbnail","hentry","category-deportes"],"yoast_head":"<!-- This site is optimized with the Yoast SEO plugin v27.5 - https:\/\/yoast.com\/product\/yoast-seo-wordpress\/ -->\n<title>La AFA presentar\u00e1 un proyecto deportivo en Estados Unidos | CVI NOTICIAS<\/title>\n<meta name=\"robots\" content=\"index, follow, max-snippet:-1, max-image-preview:large, max-video-preview:-1\" \/>\n<link rel=\"canonical\" href=\"https:\/\/cvinoticias.com\/v3\/la-afa-presentara-un-proyecto-deportivo-en-estados-unidos\/\" \/>\n<meta property=\"og:locale\" content=\"es_ES\" \/>\n<meta property=\"og:type\" content=\"article\" \/>\n<meta property=\"og:title\" content=\"La AFA presentar\u00e1 un proyecto deportivo en Estados Unidos | CVI NOTICIAS\" \/>\n<meta property=\"og:description\" content=\"Claudio Tapia y Lionel Scaloni estar\u00e1n el 15 de agosto en Miami, donde la AFA construir\u00e1 un Complejo Deportivo de Alto Rendimiento para las Selecciones Nacionales. La Asociaci\u00f3n del F\u00fatbol Argentino (AFA) confirm\u00f3 que el pr\u00f3ximo 15 de agosto presentar\u00e1 su proyecto deportivo y comercial a largo plazo en Estados Unidos, espec\u00edficamente en la ciudad [&hellip;]\" \/>\n<meta property=\"og:url\" content=\"https:\/\/cvinoticias.com\/v3\/la-afa-presentara-un-proyecto-deportivo-en-estados-unidos\/\" \/>\n<meta property=\"og:site_name\" content=\"CVI NOTICIAS\" \/>\n<meta property=\"article:publisher\" content=\"https:\/\/www.facebook.com\/cvinoticias\" \/>\n<meta property=\"article:published_time\" content=\"2023-07-27T12:41:41+00:00\" \/>\n<meta property=\"og:image\" content=\"https:\/\/cvinoticias.com\/wp-content\/uploads\/2023\/07\/Screenshot_20230727_094020_Facebook.jpg\" \/>\n\t<meta property=\"og:image:width\" content=\"1080\" \/>\n\t<meta property=\"og:image:height\" content=\"569\" \/>\n\t<meta property=\"og:image:type\" content=\"image\/jpeg\" \/>\n<meta name=\"author\" content=\"f1000024\" \/>\n<meta name=\"twitter:card\" content=\"summary_large_image\" \/>\n<meta name=\"twitter:label1\" content=\"Escrito por\" \/>\n\t<meta name=\"twitter:data1\" content=\"f1000024\" \/>\n\t<meta name=\"twitter:label2\" content=\"Tiempo de lectura\" \/>\n\t<meta name=\"twitter:data2\" content=\"2 minutos\" \/>\n<script type=\"application\/ld+json\" class=\"yoast-schema-graph\">{\"@context\":\"https:\\\/\\\/schema.org\",\"@graph\":[{\"@type\":\"Article\",\"@id\":\"https:\\\/\\\/cvinoticias.com\\\/v3\\\/la-afa-presentara-un-proyecto-deportivo-en-estados-unidos\\\/#article\",\"isPartOf\":{\"@id\":\"https:\\\/\\\/cvinoticias.com\\\/v3\\\/la-afa-presentara-un-proyecto-deportivo-en-estados-unidos\\\/\"},\"author\":{\"name\":\"f1000024\",\"@id\":\"https:\\\/\\\/cvinoticias.com\\\/v3\\\/#\\\/schema\\\/person\\\/2db77e3c6bc03c538495d7b2b8be9b66\"},\"headline\":\"La AFA presentar\u00e1 un proyecto deportivo en Estados Unidos\",\"datePublished\":\"2023-07-27T12:41:41+00:00\",\"mainEntityOfPage\":{\"@id\":\"https:\\\/\\\/cvinoticias.com\\\/v3\\\/la-afa-presentara-un-proyecto-deportivo-en-estados-unidos\\\/\"},\"wordCount\":396,\"commentCount\":0,\"publisher\":{\"@id\":\"https:\\\/\\\/cvinoticias.com\\\/v3\\\/#organization\"},\"image\":{\"@id\":\"https:\\\/\\\/cvinoticias.com\\\/v3\\\/la-afa-presentara-un-proyecto-deportivo-en-estados-unidos\\\/#primaryimage\"},\"thumbnailUrl\":\"https:\\\/\\\/cvinoticias.com\\\/wp-content\\\/uploads\\\/2023\\\/07\\\/Screenshot_20230727_094020_Facebook.jpg\",\"articleSection\":[\"Deportes\"],\"inLanguage\":\"es\",\"potentialAction\":[{\"@type\":\"CommentAction\",\"name\":\"Comment\",\"target\":[\"https:\\\/\\\/cvinoticias.com\\\/v3\\\/la-afa-presentara-un-proyecto-deportivo-en-estados-unidos\\\/#respond\"]}]},{\"@type\":\"WebPage\",\"@id\":\"https:\\\/\\\/cvinoticias.com\\\/v3\\\/la-afa-presentara-un-proyecto-deportivo-en-estados-unidos\\\/\",\"url\":\"https:\\\/\\\/cvinoticias.com\\\/v3\\\/la-afa-presentara-un-proyecto-deportivo-en-estados-unidos\\\/\",\"name\":\"La AFA presentar\u00e1 un proyecto deportivo en Estados Unidos | CVI NOTICIAS\",\"isPartOf\":{\"@id\":\"https:\\\/\\\/cvinoticias.com\\\/v3\\\/#website\"},\"primaryImageOfPage\":{\"@id\":\"https:\\\/\\\/cvinoticias.com\\\/v3\\\/la-afa-presentara-un-proyecto-deportivo-en-estados-unidos\\\/#primaryimage\"},\"image\":{\"@id\":\"https:\\\/\\\/cvinoticias.com\\\/v3\\\/la-afa-presentara-un-proyecto-deportivo-en-estados-unidos\\\/#primaryimage\"},\"thumbnailUrl\":\"https:\\\/\\\/cvinoticias.com\\\/wp-content\\\/uploads\\\/2023\\\/07\\\/Screenshot_20230727_094020_Facebook.jpg\",\"datePublished\":\"2023-07-27T12:41:41+00:00\",\"breadcrumb\":{\"@id\":\"https:\\\/\\\/cvinoticias.com\\\/v3\\\/la-afa-presentara-un-proyecto-deportivo-en-estados-unidos\\\/#breadcrumb\"},\"inLanguage\":\"es\",\"potentialAction\":[{\"@type\":\"ReadAction\",\"target\":[\"https:\\\/\\\/cvinoticias.com\\\/v3\\\/la-afa-presentara-un-proyecto-deportivo-en-estados-unidos\\\/\"]}]},{\"@type\":\"ImageObject\",\"inLanguage\":\"es\",\"@id\":\"https:\\\/\\\/cvinoticias.com\\\/v3\\\/la-afa-presentara-un-proyecto-deportivo-en-estados-unidos\\\/#primaryimage\",\"url\":\"https:\\\/\\\/cvinoticias.com\\\/wp-content\\\/uploads\\\/2023\\\/07\\\/Screenshot_20230727_094020_Facebook.jpg\",\"contentUrl\":\"https:\\\/\\\/cvinoticias.com\\\/wp-content\\\/uploads\\\/2023\\\/07\\\/Screenshot_20230727_094020_Facebook.jpg\",\"width\":1080,\"height\":569},{\"@type\":\"BreadcrumbList\",\"@id\":\"https:\\\/\\\/cvinoticias.com\\\/v3\\\/la-afa-presentara-un-proyecto-deportivo-en-estados-unidos\\\/#breadcrumb\",\"itemListElement\":[{\"@type\":\"ListItem\",\"position\":1,\"name\":\"Portada\",\"item\":\"https:\\\/\\\/cvinoticias.com\\\/v3\\\/\"},{\"@type\":\"ListItem\",\"position\":2,\"name\":\"La AFA presentar\u00e1 un proyecto deportivo en Estados Unidos\"}]},{\"@type\":\"WebSite\",\"@id\":\"https:\\\/\\\/cvinoticias.com\\\/v3\\\/#website\",\"url\":\"https:\\\/\\\/cvinoticias.com\\\/v3\\\/\",\"name\":\"CVI NOTICIAS\",\"description\":\"\",\"publisher\":{\"@id\":\"https:\\\/\\\/cvinoticias.com\\\/v3\\\/#organization\"},\"alternateName\":\"CVI\",\"potentialAction\":[{\"@type\":\"SearchAction\",\"target\":{\"@type\":\"EntryPoint\",\"urlTemplate\":\"https:\\\/\\\/cvinoticias.com\\\/v3\\\/?s={search_term_string}\"},\"query-input\":{\"@type\":\"PropertyValueSpecification\",\"valueRequired\":true,\"valueName\":\"search_term_string\"}}],\"inLanguage\":\"es\"},{\"@type\":\"Organization\",\"@id\":\"https:\\\/\\\/cvinoticias.com\\\/v3\\\/#organization\",\"name\":\"CVI NOTICIAS\",\"url\":\"https:\\\/\\\/cvinoticias.com\\\/v3\\\/\",\"logo\":{\"@type\":\"ImageObject\",\"inLanguage\":\"es\",\"@id\":\"https:\\\/\\\/cvinoticias.com\\\/v3\\\/#\\\/schema\\\/logo\\\/image\\\/\",\"url\":\"https:\\\/\\\/cvinoticias.com\\\/wp-content\\\/uploads\\\/2023\\\/04\\\/cropped-cropped-cropped-cropped-cropped-3-1.png\",\"contentUrl\":\"https:\\\/\\\/cvinoticias.com\\\/wp-content\\\/uploads\\\/2023\\\/04\\\/cropped-cropped-cropped-cropped-cropped-3-1.png\",\"width\":95,\"height\":122,\"caption\":\"CVI NOTICIAS\"},\"image\":{\"@id\":\"https:\\\/\\\/cvinoticias.com\\\/v3\\\/#\\\/schema\\\/logo\\\/image\\\/\"},\"sameAs\":[\"https:\\\/\\\/www.facebook.com\\\/cvinoticias\",\"https:\\\/\\\/www.instagram.com\\\/cvinoticias\\\/\",\"https:\\\/\\\/www.youtube.com\\\/@CVINOTICIAS\"]},{\"@type\":\"Person\",\"@id\":\"https:\\\/\\\/cvinoticias.com\\\/v3\\\/#\\\/schema\\\/person\\\/2db77e3c6bc03c538495d7b2b8be9b66\",\"name\":\"f1000024\",\"image\":{\"@type\":\"ImageObject\",\"inLanguage\":\"es\",\"@id\":\"https:\\\/\\\/secure.gravatar.com\\\/avatar\\\/d4fe7459cfc51ff5129ce1a732bbef5928568b8092d412ef95611616376bbeed?s=96&d=mm&r=g\",\"url\":\"https:\\\/\\\/secure.gravatar.com\\\/avatar\\\/d4fe7459cfc51ff5129ce1a732bbef5928568b8092d412ef95611616376bbeed?s=96&d=mm&r=g\",\"contentUrl\":\"https:\\\/\\\/secure.gravatar.com\\\/avatar\\\/d4fe7459cfc51ff5129ce1a732bbef5928568b8092d412ef95611616376bbeed?s=96&d=mm&r=g\",\"caption\":\"f1000024\"},\"url\":\"https:\\\/\\\/cvinoticias.com\\\/v3\\\/author\\\/f1000024\\\/\"}]}<\/script>\n<!-- \/ Yoast SEO plugin. -->","yoast_head_json":{"title":"La AFA presentar\u00e1 un proyecto deportivo en Estados Unidos | CVI NOTICIAS","robots":{"index":"index","follow":"follow","max-snippet":"max-snippet:-1","max-image-preview":"max-image-preview:large","max-video-preview":"max-video-preview:-1"},"canonical":"https:\/\/cvinoticias.com\/v3\/la-afa-presentara-un-proyecto-deportivo-en-estados-unidos\/","og_locale":"es_ES","og_type":"article","og_title":"La AFA presentar\u00e1 un proyecto deportivo en Estados Unidos | CVI NOTICIAS","og_description":"Claudio Tapia y Lionel Scaloni estar\u00e1n el 15 de agosto en Miami, donde la AFA construir\u00e1 un Complejo Deportivo de Alto Rendimiento para las Selecciones Nacionales. La Asociaci\u00f3n del F\u00fatbol Argentino (AFA) confirm\u00f3 que el pr\u00f3ximo 15 de agosto presentar\u00e1 su proyecto deportivo y comercial a largo plazo en Estados Unidos, espec\u00edficamente en la ciudad [&hellip;]","og_url":"https:\/\/cvinoticias.com\/v3\/la-afa-presentara-un-proyecto-deportivo-en-estados-unidos\/","og_site_name":"CVI NOTICIAS","article_publisher":"https:\/\/www.facebook.com\/cvinoticias","article_published_time":"2023-07-27T12:41:41+00:00","og_image":[{"width":1080,"height":569,"url":"https:\/\/cvinoticias.com\/wp-content\/uploads\/2023\/07\/Screenshot_20230727_094020_Facebook.jpg","type":"image\/jpeg"}],"author":"f1000024","twitter_card":"summary_large_image","twitter_misc":{"Escrito por":"f1000024","Tiempo de lectura":"2 minutos"},"schema":{"@context":"https:\/\/schema.org","@graph":[{"@type":"Article","@id":"https:\/\/cvinoticias.com\/v3\/la-afa-presentara-un-proyecto-deportivo-en-estados-unidos\/#article","isPartOf":{"@id":"https:\/\/cvinoticias.com\/v3\/la-afa-presentara-un-proyecto-deportivo-en-estados-unidos\/"},"author":{"name":"f1000024","@id":"https:\/\/cvinoticias.com\/v3\/#\/schema\/person\/2db77e3c6bc03c538495d7b2b8be9b66"},"headline":"La AFA presentar\u00e1 un proyecto deportivo en Estados Unidos","datePublished":"2023-07-27T12:41:41+00:00","mainEntityOfPage":{"@id":"https:\/\/cvinoticias.com\/v3\/la-afa-presentara-un-proyecto-deportivo-en-estados-unidos\/"},"wordCount":396,"commentCount":0,"publisher":{"@id":"https:\/\/cvinoticias.com\/v3\/#organization"},"image":{"@id":"https:\/\/cvinoticias.com\/v3\/la-afa-presentara-un-proyecto-deportivo-en-estados-unidos\/#primaryimage"},"thumbnailUrl":"https:\/\/cvinoticias.com\/wp-content\/uploads\/2023\/07\/Screenshot_20230727_094020_Facebook.jpg","articleSection":["Deportes"],"inLanguage":"es","potentialAction":[{"@type":"CommentAction","name":"Comment","target":["https:\/\/cvinoticias.com\/v3\/la-afa-presentara-un-proyecto-deportivo-en-estados-unidos\/#respond"]}]},{"@type":"WebPage","@id":"https:\/\/cvinoticias.com\/v3\/la-afa-presentara-un-proyecto-deportivo-en-estados-unidos\/","url":"https:\/\/cvinoticias.com\/v3\/la-afa-presentara-un-proyecto-deportivo-en-estados-unidos\/","name":"La AFA presentar\u00e1 un proyecto deportivo en Estados Unidos | CVI NOTICIAS","isPartOf":{"@id":"https:\/\/cvinoticias.com\/v3\/#website"},"primaryImageOfPage":{"@id":"https:\/\/cvinoticias.com\/v3\/la-afa-presentara-un-proyecto-deportivo-en-estados-unidos\/#primaryimage"},"image":{"@id":"https:\/\/cvinoticias.com\/v3\/la-afa-presentara-un-proyecto-deportivo-en-estados-unidos\/#primaryimage"},"thumbnailUrl":"https:\/\/cvinoticias.com\/wp-content\/uploads\/2023\/07\/Screenshot_20230727_094020_Facebook.jpg","datePublished":"2023-07-27T12:41:41+00:00","breadcrumb":{"@id":"https:\/\/cvinoticias.com\/v3\/la-afa-presentara-un-proyecto-deportivo-en-estados-unidos\/#breadcrumb"},"inLanguage":"es","potentialAction":[{"@type":"ReadAction","target":["https:\/\/cvinoticias.com\/v3\/la-afa-presentara-un-proyecto-deportivo-en-estados-unidos\/"]}]},{"@type":"ImageObject","inLanguage":"es","@id":"https:\/\/cvinoticias.com\/v3\/la-afa-presentara-un-proyecto-deportivo-en-estados-unidos\/#primaryimage","url":"https:\/\/cvinoticias.com\/wp-content\/uploads\/2023\/07\/Screenshot_20230727_094020_Facebook.jpg","contentUrl":"https:\/\/cvinoticias.com\/wp-content\/uploads\/2023\/07\/Screenshot_20230727_094020_Facebook.jpg","width":1080,"height":569},{"@type":"BreadcrumbList","@id":"https:\/\/cvinoticias.com\/v3\/la-afa-presentara-un-proyecto-deportivo-en-estados-unidos\/#breadcrumb","itemListElement":[{"@type":"ListItem","position":1,"name":"Portada","item":"https:\/\/cvinoticias.com\/v3\/"},{"@type":"ListItem","position":2,"name":"La AFA presentar\u00e1 un proyecto deportivo en Estados Unidos"}]},{"@type":"WebSite","@id":"https:\/\/cvinoticias.com\/v3\/#website","url":"https:\/\/cvinoticias.com\/v3\/","name":"CVI NOTICIAS","description":"","publisher":{"@id":"https:\/\/cvinoticias.com\/v3\/#organization"},"alternateName":"CVI","potentialAction":[{"@type":"SearchAction","target":{"@type":"EntryPoint","urlTemplate":"https:\/\/cvinoticias.com\/v3\/?s={search_term_string}"},"query-input":{"@type":"PropertyValueSpecification","valueRequired":true,"valueName":"search_term_string"}}],"inLanguage":"es"},{"@type":"Organization","@id":"https:\/\/cvinoticias.com\/v3\/#organization","name":"CVI NOTICIAS","url":"https:\/\/cvinoticias.com\/v3\/","logo":{"@type":"ImageObject","inLanguage":"es","@id":"https:\/\/cvinoticias.com\/v3\/#\/schema\/logo\/image\/","url":"https:\/\/cvinoticias.com\/wp-content\/uploads\/2023\/04\/cropped-cropped-cropped-cropped-cropped-3-1.png","contentUrl":"https:\/\/cvinoticias.com\/wp-content\/uploads\/2023\/04\/cropped-cropped-cropped-cropped-cropped-3-1.png","width":95,"height":122,"caption":"CVI NOTICIAS"},"image":{"@id":"https:\/\/cvinoticias.com\/v3\/#\/schema\/logo\/image\/"},"sameAs":["https:\/\/www.facebook.com\/cvinoticias","https:\/\/www.instagram.com\/cvinoticias\/","https:\/\/www.youtube.com\/@CVINOTICIAS"]},{"@type":"Person","@id":"https:\/\/cvinoticias.com\/v3\/#\/schema\/person\/2db77e3c6bc03c538495d7b2b8be9b66","name":"f1000024","image":{"@type":"ImageObject","inLanguage":"es","@id":"https:\/\/secure.gravatar.com\/avatar\/d4fe7459cfc51ff5129ce1a732bbef5928568b8092d412ef95611616376bbeed?s=96&d=mm&r=g","url":"https:\/\/secure.gravatar.com\/avatar\/d4fe7459cfc51ff5129ce1a732bbef5928568b8092d412ef95611616376bbeed?s=96&d=mm&r=g","contentUrl":"https:\/\/secure.gravatar.com\/avatar\/d4fe7459cfc51ff5129ce1a732bbef5928568b8092d412ef95611616376bbeed?s=96&d=mm&r=g","caption":"f1000024"},"url":"https:\/\/cvinoticias.com\/v3\/author\/f1000024\/"}]}},"_links":{"self":[{"href":"https:\/\/cvinoticias.com\/v3\/wp-json\/wp\/v2\/posts\/26599","targetHints":{"allow":["GET"]}}],"collection":[{"href":"https:\/\/cvinoticias.com\/v3\/wp-json\/wp\/v2\/posts"}],"about":[{"href":"https:\/\/cvinoticias.com\/v3\/wp-json\/wp\/v2\/types\/post"}],"author":[{"embeddable":true,"href":"https:\/\/cvinoticias.com\/v3\/wp-json\/wp\/v2\/users\/2"}],"replies":[{"embeddable":true,"href":"https:\/\/cvinoticias.com\/v3\/wp-json\/wp\/v2\/comments?post=26599"}],"version-history":[{"count":1,"href":"https:\/\/cvinoticias.com\/v3\/wp-json\/wp\/v2\/posts\/26599\/revisions"}],"predecessor-version":[{"id":26601,"href":"https:\/\/cvinoticias.com\/v3\/wp-json\/wp\/v2\/posts\/26599\/revisions\/26601"}],"wp:featuredmedia":[{"embeddable":true,"href":"https:\/\/cvinoticias.com\/v3\/wp-json\/wp\/v2\/media\/26600"}],"wp:attachment":[{"href":"https:\/\/cvinoticias.com\/v3\/wp-json\/wp\/v2\/media?parent=26599"}],"wp:term":[{"taxonomy":"category","embeddable":true,"href":"https:\/\/cvinoticias.com\/v3\/wp-json\/wp\/v2\/categories?post=26599"},{"taxonomy":"post_tag","embeddable":true,"href":"https:\/\/cvinoticias.com\/v3\/wp-json\/wp\/v2\/tags?post=26599"}],"curies":[{"name":"wp","href":"https:\/\/api.w.org\/{rel}","templated":true}]}}