{"id":26577,"date":"2023-07-26T20:49:16","date_gmt":"2023-07-26T20:49:16","guid":{"rendered":"https:\/\/cvinoticias.com\/v3\/?p=26577"},"modified":"2023-07-26T20:49:16","modified_gmt":"2023-07-26T20:49:16","slug":"murio-la-cantante-irlandesa-sinead-oconnor-a-los-56-anos","status":"publish","type":"post","link":"https:\/\/cvinoticias.com\/v3\/murio-la-cantante-irlandesa-sinead-oconnor-a-los-56-anos\/","title":{"rendered":"Muri\u00f3 la cantante irlandesa Sinead O&#8217;Connor a los 56 a\u00f1os"},"content":{"rendered":"\n<p><strong><em>La cantante irlandesa Sinead O&#8217;Connor, conocida por encabezar las listas de \u00e9xitos de todo el mundo en 1990 con la canci\u00f3n \u00abNothing Compares 2 U\u00bb, falleci\u00f3 a los 56 a\u00f1os, informaron el mi\u00e9rcoles su familia a la emisora nacional irlandesa RTE.<\/em><\/strong><\/p>\n\n\n\n<p>\u00abCon gran tristeza anunciamos el fallecimiento de nuestra querida Sinead. Su familia y amigos est\u00e1n desolados y han pedido privacidad en este momento tan dif\u00edcil\u00bb, dijo un comunicado de la familia de la cantante citado por RTE.<\/p>\n\n\n\n<p>O&#8217;Connor, atrevida y sin pelos en la lengua, cambi\u00f3 la imagen de la mujer en la m\u00fasica a principios de la d\u00e9cada de 1990 con su cabeza rapada, su expresi\u00f3n dolorida y su vestuario, desafiando las nociones de feminidad y sexualidad imperantes durante mucho tiempo en la cultura popular.<\/p>\n\n\n\n<p>La int\u00e9rprete irrumpi\u00f3 en la escena musical mundial con su fascinante versi\u00f3n de la canci\u00f3n escrita originalmente por Prince, mirando directamente a la c\u00e1mara en un video musical que ha sido visto casi 400 millones de veces en YouTube.<\/p>\n\n\n\n<p>El a\u00f1o pasado, su nombre hab\u00eda vuelto a los medios tras el suicidio de su hijo Shane de tan solo 17 a\u00f1os. A los pocos d\u00edas del tr\u00e1gico hecho, la cantante hab\u00eda sido internada porque sus allegados tem\u00edan que intentara, una vez m\u00e1s, quitarse la vida. O&#8217;Connor hab\u00eda publicado una foto de Shane y escribi\u00f3: \u00abDesde entonces, vivo como una criatura nocturna no muerta. Fue el amor de mi vida, la l\u00e1mpara de mi alma\u00bb.<\/p>\n\n\n\n<figure class=\"wp-block-image size-full\"><a href=\"https:\/\/cvinoticias.com\/wp-content\/uploads\/2023\/07\/f768x1-37542_37669_5050.jpg\"><img decoding=\"async\" width=\"768\" height=\"547\" data-src=\"https:\/\/cvinoticias.com\/wp-content\/uploads\/2023\/07\/f768x1-37542_37669_5050.jpg\" alt=\"\" class=\"wp-image-26579 lazyload\" data-srcset=\"https:\/\/cvinoticias.com\/wp-content\/uploads\/2023\/07\/f768x1-37542_37669_5050.jpg 768w, https:\/\/cvinoticias.com\/wp-content\/uploads\/2023\/07\/f768x1-37542_37669_5050-300x214.jpg 300w\" data-sizes=\"(max-width: 768px) 100vw, 768px\" src=\"data:image\/svg+xml;base64,PHN2ZyB3aWR0aD0iMSIgaGVpZ2h0PSIxIiB4bWxucz0iaHR0cDovL3d3dy53My5vcmcvMjAwMC9zdmciPjwvc3ZnPg==\" style=\"--smush-placeholder-width: 768px; --smush-placeholder-aspect-ratio: 768\/547;\" \/><\/a><\/figure>\n\n\n\n<p>Conocida tanto por sus opiniones contundentes sobre la religi\u00f3n, el sexo, el feminismo y la guerra como por su m\u00fasica, algunos la recuerdan por haber roto una foto del papa Juan Pablo II durante una aparici\u00f3n televisiva en \u00abSaturday Night Live\u00bb.<\/p>\n\n\n\n<p>\u00abTodo el mundo quiere a una estrella del pop\u00bb, escribi\u00f3 en sus memorias de 2021, \u00abRememberings\u00bb. \u00abPero yo soy una cantante de protesta. S\u00f3lo ten\u00eda cosas que sacar de mi pecho. No ten\u00eda ning\u00fan deseo de fama\u00bb.<\/p>\n\n\n\n<p>O&#8217;Connor se convirti\u00f3 al Islam en 2018 y cambi\u00f3 su nombre a Shuhada Sadaqat, aunque sigui\u00f3 actuando bajo el nombre de Sinead O&#8217;Connor.<\/p>\n\n\n\n<p>\u00abSu m\u00fasica era apreciada en todo el mundo y su talento era incomparable\u00bb, public\u00f3 el primer ministro irland\u00e9s, Leo Varadkar, en la red social X, antes conocida como Twitter, compartiendo sus condolencias con \u00abtodos los que amaban su m\u00fasica\u00bb.<\/p>\n","protected":false},"excerpt":{"rendered":"<p>La cantante irlandesa Sinead O&#8217;Connor, conocida por encabezar las listas de \u00e9xitos de todo el mundo en 1990 con la canci\u00f3n \u00abNothing Compares 2 U\u00bb, falleci\u00f3 a los 56 a\u00f1os, informaron el mi\u00e9rcoles su familia a la emisora nacional irlandesa RTE. \u00abCon gran tristeza anunciamos el fallecimiento de nuestra querida Sinead. Su familia y amigos [&hellip;]<\/p>\n","protected":false},"author":2,"featured_media":26578,"comment_status":"open","ping_status":"open","sticky":false,"template":"","format":"standard","meta":{"footnotes":""},"categories":[36],"tags":[],"class_list":["post-26577","post","type-post","status-publish","format-standard","has-post-thumbnail","hentry","category-internacionales"],"yoast_head":"<!-- This site is optimized with the Yoast SEO plugin v27.5 - https:\/\/yoast.com\/product\/yoast-seo-wordpress\/ -->\n<title>Muri\u00f3 la cantante irlandesa Sinead O&#039;Connor a los 56 a\u00f1os | CVI NOTICIAS<\/title>\n<meta name=\"robots\" content=\"index, follow, max-snippet:-1, max-image-preview:large, max-video-preview:-1\" \/>\n<link rel=\"canonical\" href=\"https:\/\/cvinoticias.com\/v3\/murio-la-cantante-irlandesa-sinead-oconnor-a-los-56-anos\/\" \/>\n<meta property=\"og:locale\" content=\"es_ES\" \/>\n<meta property=\"og:type\" content=\"article\" \/>\n<meta property=\"og:title\" content=\"Muri\u00f3 la cantante irlandesa Sinead O&#039;Connor a los 56 a\u00f1os | CVI NOTICIAS\" \/>\n<meta property=\"og:description\" content=\"La cantante irlandesa Sinead O&#8217;Connor, conocida por encabezar las listas de \u00e9xitos de todo el mundo en 1990 con la canci\u00f3n \u00abNothing Compares 2 U\u00bb, falleci\u00f3 a los 56 a\u00f1os, informaron el mi\u00e9rcoles su familia a la emisora nacional irlandesa RTE. \u00abCon gran tristeza anunciamos el fallecimiento de nuestra querida Sinead. Su familia y amigos [&hellip;]\" \/>\n<meta property=\"og:url\" content=\"https:\/\/cvinoticias.com\/v3\/murio-la-cantante-irlandesa-sinead-oconnor-a-los-56-anos\/\" \/>\n<meta property=\"og:site_name\" content=\"CVI NOTICIAS\" \/>\n<meta property=\"article:publisher\" content=\"https:\/\/www.facebook.com\/cvinoticias\" \/>\n<meta property=\"article:published_time\" content=\"2023-07-26T20:49:16+00:00\" \/>\n<meta property=\"og:image\" content=\"https:\/\/cvinoticias.com\/wp-content\/uploads\/2023\/07\/f768x1-37539_37666_5050.jpg\" \/>\n\t<meta property=\"og:image:width\" content=\"768\" \/>\n\t<meta property=\"og:image:height\" content=\"768\" \/>\n\t<meta property=\"og:image:type\" content=\"image\/jpeg\" \/>\n<meta name=\"author\" content=\"f1000024\" \/>\n<meta name=\"twitter:card\" content=\"summary_large_image\" \/>\n<meta name=\"twitter:label1\" content=\"Escrito por\" \/>\n\t<meta name=\"twitter:data1\" content=\"f1000024\" \/>\n\t<meta name=\"twitter:label2\" content=\"Tiempo de lectura\" \/>\n\t<meta name=\"twitter:data2\" content=\"2 minutos\" \/>\n<script type=\"application\/ld+json\" class=\"yoast-schema-graph\">{\"@context\":\"https:\\\/\\\/schema.org\",\"@graph\":[{\"@type\":\"Article\",\"@id\":\"https:\\\/\\\/cvinoticias.com\\\/v3\\\/murio-la-cantante-irlandesa-sinead-oconnor-a-los-56-anos\\\/#article\",\"isPartOf\":{\"@id\":\"https:\\\/\\\/cvinoticias.com\\\/v3\\\/murio-la-cantante-irlandesa-sinead-oconnor-a-los-56-anos\\\/\"},\"author\":{\"name\":\"f1000024\",\"@id\":\"https:\\\/\\\/cvinoticias.com\\\/v3\\\/#\\\/schema\\\/person\\\/2db77e3c6bc03c538495d7b2b8be9b66\"},\"headline\":\"Muri\u00f3 la cantante irlandesa Sinead O&#8217;Connor a los 56 a\u00f1os\",\"datePublished\":\"2023-07-26T20:49:16+00:00\",\"mainEntityOfPage\":{\"@id\":\"https:\\\/\\\/cvinoticias.com\\\/v3\\\/murio-la-cantante-irlandesa-sinead-oconnor-a-los-56-anos\\\/\"},\"wordCount\":415,\"commentCount\":0,\"publisher\":{\"@id\":\"https:\\\/\\\/cvinoticias.com\\\/v3\\\/#organization\"},\"image\":{\"@id\":\"https:\\\/\\\/cvinoticias.com\\\/v3\\\/murio-la-cantante-irlandesa-sinead-oconnor-a-los-56-anos\\\/#primaryimage\"},\"thumbnailUrl\":\"https:\\\/\\\/cvinoticias.com\\\/wp-content\\\/uploads\\\/2023\\\/07\\\/f768x1-37539_37666_5050.jpg\",\"articleSection\":[\"Internacionales\"],\"inLanguage\":\"es\",\"potentialAction\":[{\"@type\":\"CommentAction\",\"name\":\"Comment\",\"target\":[\"https:\\\/\\\/cvinoticias.com\\\/v3\\\/murio-la-cantante-irlandesa-sinead-oconnor-a-los-56-anos\\\/#respond\"]}]},{\"@type\":\"WebPage\",\"@id\":\"https:\\\/\\\/cvinoticias.com\\\/v3\\\/murio-la-cantante-irlandesa-sinead-oconnor-a-los-56-anos\\\/\",\"url\":\"https:\\\/\\\/cvinoticias.com\\\/v3\\\/murio-la-cantante-irlandesa-sinead-oconnor-a-los-56-anos\\\/\",\"name\":\"Muri\u00f3 la cantante irlandesa Sinead O'Connor a los 56 a\u00f1os | CVI NOTICIAS\",\"isPartOf\":{\"@id\":\"https:\\\/\\\/cvinoticias.com\\\/v3\\\/#website\"},\"primaryImageOfPage\":{\"@id\":\"https:\\\/\\\/cvinoticias.com\\\/v3\\\/murio-la-cantante-irlandesa-sinead-oconnor-a-los-56-anos\\\/#primaryimage\"},\"image\":{\"@id\":\"https:\\\/\\\/cvinoticias.com\\\/v3\\\/murio-la-cantante-irlandesa-sinead-oconnor-a-los-56-anos\\\/#primaryimage\"},\"thumbnailUrl\":\"https:\\\/\\\/cvinoticias.com\\\/wp-content\\\/uploads\\\/2023\\\/07\\\/f768x1-37539_37666_5050.jpg\",\"datePublished\":\"2023-07-26T20:49:16+00:00\",\"breadcrumb\":{\"@id\":\"https:\\\/\\\/cvinoticias.com\\\/v3\\\/murio-la-cantante-irlandesa-sinead-oconnor-a-los-56-anos\\\/#breadcrumb\"},\"inLanguage\":\"es\",\"potentialAction\":[{\"@type\":\"ReadAction\",\"target\":[\"https:\\\/\\\/cvinoticias.com\\\/v3\\\/murio-la-cantante-irlandesa-sinead-oconnor-a-los-56-anos\\\/\"]}]},{\"@type\":\"ImageObject\",\"inLanguage\":\"es\",\"@id\":\"https:\\\/\\\/cvinoticias.com\\\/v3\\\/murio-la-cantante-irlandesa-sinead-oconnor-a-los-56-anos\\\/#primaryimage\",\"url\":\"https:\\\/\\\/cvinoticias.com\\\/wp-content\\\/uploads\\\/2023\\\/07\\\/f768x1-37539_37666_5050.jpg\",\"contentUrl\":\"https:\\\/\\\/cvinoticias.com\\\/wp-content\\\/uploads\\\/2023\\\/07\\\/f768x1-37539_37666_5050.jpg\",\"width\":768,\"height\":768},{\"@type\":\"BreadcrumbList\",\"@id\":\"https:\\\/\\\/cvinoticias.com\\\/v3\\\/murio-la-cantante-irlandesa-sinead-oconnor-a-los-56-anos\\\/#breadcrumb\",\"itemListElement\":[{\"@type\":\"ListItem\",\"position\":1,\"name\":\"Portada\",\"item\":\"https:\\\/\\\/cvinoticias.com\\\/v3\\\/\"},{\"@type\":\"ListItem\",\"position\":2,\"name\":\"Muri\u00f3 la cantante irlandesa Sinead O&#8217;Connor a los 56 a\u00f1os\"}]},{\"@type\":\"WebSite\",\"@id\":\"https:\\\/\\\/cvinoticias.com\\\/v3\\\/#website\",\"url\":\"https:\\\/\\\/cvinoticias.com\\\/v3\\\/\",\"name\":\"CVI NOTICIAS\",\"description\":\"\",\"publisher\":{\"@id\":\"https:\\\/\\\/cvinoticias.com\\\/v3\\\/#organization\"},\"alternateName\":\"CVI\",\"potentialAction\":[{\"@type\":\"SearchAction\",\"target\":{\"@type\":\"EntryPoint\",\"urlTemplate\":\"https:\\\/\\\/cvinoticias.com\\\/v3\\\/?s={search_term_string}\"},\"query-input\":{\"@type\":\"PropertyValueSpecification\",\"valueRequired\":true,\"valueName\":\"search_term_string\"}}],\"inLanguage\":\"es\"},{\"@type\":\"Organization\",\"@id\":\"https:\\\/\\\/cvinoticias.com\\\/v3\\\/#organization\",\"name\":\"CVI NOTICIAS\",\"url\":\"https:\\\/\\\/cvinoticias.com\\\/v3\\\/\",\"logo\":{\"@type\":\"ImageObject\",\"inLanguage\":\"es\",\"@id\":\"https:\\\/\\\/cvinoticias.com\\\/v3\\\/#\\\/schema\\\/logo\\\/image\\\/\",\"url\":\"https:\\\/\\\/cvinoticias.com\\\/wp-content\\\/uploads\\\/2023\\\/04\\\/cropped-cropped-cropped-cropped-cropped-3-1.png\",\"contentUrl\":\"https:\\\/\\\/cvinoticias.com\\\/wp-content\\\/uploads\\\/2023\\\/04\\\/cropped-cropped-cropped-cropped-cropped-3-1.png\",\"width\":95,\"height\":122,\"caption\":\"CVI NOTICIAS\"},\"image\":{\"@id\":\"https:\\\/\\\/cvinoticias.com\\\/v3\\\/#\\\/schema\\\/logo\\\/image\\\/\"},\"sameAs\":[\"https:\\\/\\\/www.facebook.com\\\/cvinoticias\",\"https:\\\/\\\/www.instagram.com\\\/cvinoticias\\\/\",\"https:\\\/\\\/www.youtube.com\\\/@CVINOTICIAS\"]},{\"@type\":\"Person\",\"@id\":\"https:\\\/\\\/cvinoticias.com\\\/v3\\\/#\\\/schema\\\/person\\\/2db77e3c6bc03c538495d7b2b8be9b66\",\"name\":\"f1000024\",\"image\":{\"@type\":\"ImageObject\",\"inLanguage\":\"es\",\"@id\":\"https:\\\/\\\/secure.gravatar.com\\\/avatar\\\/d4fe7459cfc51ff5129ce1a732bbef5928568b8092d412ef95611616376bbeed?s=96&d=mm&r=g\",\"url\":\"https:\\\/\\\/secure.gravatar.com\\\/avatar\\\/d4fe7459cfc51ff5129ce1a732bbef5928568b8092d412ef95611616376bbeed?s=96&d=mm&r=g\",\"contentUrl\":\"https:\\\/\\\/secure.gravatar.com\\\/avatar\\\/d4fe7459cfc51ff5129ce1a732bbef5928568b8092d412ef95611616376bbeed?s=96&d=mm&r=g\",\"caption\":\"f1000024\"},\"url\":\"https:\\\/\\\/cvinoticias.com\\\/v3\\\/author\\\/f1000024\\\/\"}]}<\/script>\n<!-- \/ Yoast SEO plugin. -->","yoast_head_json":{"title":"Muri\u00f3 la cantante irlandesa Sinead O'Connor a los 56 a\u00f1os | CVI NOTICIAS","robots":{"index":"index","follow":"follow","max-snippet":"max-snippet:-1","max-image-preview":"max-image-preview:large","max-video-preview":"max-video-preview:-1"},"canonical":"https:\/\/cvinoticias.com\/v3\/murio-la-cantante-irlandesa-sinead-oconnor-a-los-56-anos\/","og_locale":"es_ES","og_type":"article","og_title":"Muri\u00f3 la cantante irlandesa Sinead O'Connor a los 56 a\u00f1os | CVI NOTICIAS","og_description":"La cantante irlandesa Sinead O&#8217;Connor, conocida por encabezar las listas de \u00e9xitos de todo el mundo en 1990 con la canci\u00f3n \u00abNothing Compares 2 U\u00bb, falleci\u00f3 a los 56 a\u00f1os, informaron el mi\u00e9rcoles su familia a la emisora nacional irlandesa RTE. \u00abCon gran tristeza anunciamos el fallecimiento de nuestra querida Sinead. Su familia y amigos [&hellip;]","og_url":"https:\/\/cvinoticias.com\/v3\/murio-la-cantante-irlandesa-sinead-oconnor-a-los-56-anos\/","og_site_name":"CVI NOTICIAS","article_publisher":"https:\/\/www.facebook.com\/cvinoticias","article_published_time":"2023-07-26T20:49:16+00:00","og_image":[{"width":768,"height":768,"url":"https:\/\/cvinoticias.com\/wp-content\/uploads\/2023\/07\/f768x1-37539_37666_5050.jpg","type":"image\/jpeg"}],"author":"f1000024","twitter_card":"summary_large_image","twitter_misc":{"Escrito por":"f1000024","Tiempo de lectura":"2 minutos"},"schema":{"@context":"https:\/\/schema.org","@graph":[{"@type":"Article","@id":"https:\/\/cvinoticias.com\/v3\/murio-la-cantante-irlandesa-sinead-oconnor-a-los-56-anos\/#article","isPartOf":{"@id":"https:\/\/cvinoticias.com\/v3\/murio-la-cantante-irlandesa-sinead-oconnor-a-los-56-anos\/"},"author":{"name":"f1000024","@id":"https:\/\/cvinoticias.com\/v3\/#\/schema\/person\/2db77e3c6bc03c538495d7b2b8be9b66"},"headline":"Muri\u00f3 la cantante irlandesa Sinead O&#8217;Connor a los 56 a\u00f1os","datePublished":"2023-07-26T20:49:16+00:00","mainEntityOfPage":{"@id":"https:\/\/cvinoticias.com\/v3\/murio-la-cantante-irlandesa-sinead-oconnor-a-los-56-anos\/"},"wordCount":415,"commentCount":0,"publisher":{"@id":"https:\/\/cvinoticias.com\/v3\/#organization"},"image":{"@id":"https:\/\/cvinoticias.com\/v3\/murio-la-cantante-irlandesa-sinead-oconnor-a-los-56-anos\/#primaryimage"},"thumbnailUrl":"https:\/\/cvinoticias.com\/wp-content\/uploads\/2023\/07\/f768x1-37539_37666_5050.jpg","articleSection":["Internacionales"],"inLanguage":"es","potentialAction":[{"@type":"CommentAction","name":"Comment","target":["https:\/\/cvinoticias.com\/v3\/murio-la-cantante-irlandesa-sinead-oconnor-a-los-56-anos\/#respond"]}]},{"@type":"WebPage","@id":"https:\/\/cvinoticias.com\/v3\/murio-la-cantante-irlandesa-sinead-oconnor-a-los-56-anos\/","url":"https:\/\/cvinoticias.com\/v3\/murio-la-cantante-irlandesa-sinead-oconnor-a-los-56-anos\/","name":"Muri\u00f3 la cantante irlandesa Sinead O'Connor a los 56 a\u00f1os | CVI NOTICIAS","isPartOf":{"@id":"https:\/\/cvinoticias.com\/v3\/#website"},"primaryImageOfPage":{"@id":"https:\/\/cvinoticias.com\/v3\/murio-la-cantante-irlandesa-sinead-oconnor-a-los-56-anos\/#primaryimage"},"image":{"@id":"https:\/\/cvinoticias.com\/v3\/murio-la-cantante-irlandesa-sinead-oconnor-a-los-56-anos\/#primaryimage"},"thumbnailUrl":"https:\/\/cvinoticias.com\/wp-content\/uploads\/2023\/07\/f768x1-37539_37666_5050.jpg","datePublished":"2023-07-26T20:49:16+00:00","breadcrumb":{"@id":"https:\/\/cvinoticias.com\/v3\/murio-la-cantante-irlandesa-sinead-oconnor-a-los-56-anos\/#breadcrumb"},"inLanguage":"es","potentialAction":[{"@type":"ReadAction","target":["https:\/\/cvinoticias.com\/v3\/murio-la-cantante-irlandesa-sinead-oconnor-a-los-56-anos\/"]}]},{"@type":"ImageObject","inLanguage":"es","@id":"https:\/\/cvinoticias.com\/v3\/murio-la-cantante-irlandesa-sinead-oconnor-a-los-56-anos\/#primaryimage","url":"https:\/\/cvinoticias.com\/wp-content\/uploads\/2023\/07\/f768x1-37539_37666_5050.jpg","contentUrl":"https:\/\/cvinoticias.com\/wp-content\/uploads\/2023\/07\/f768x1-37539_37666_5050.jpg","width":768,"height":768},{"@type":"BreadcrumbList","@id":"https:\/\/cvinoticias.com\/v3\/murio-la-cantante-irlandesa-sinead-oconnor-a-los-56-anos\/#breadcrumb","itemListElement":[{"@type":"ListItem","position":1,"name":"Portada","item":"https:\/\/cvinoticias.com\/v3\/"},{"@type":"ListItem","position":2,"name":"Muri\u00f3 la cantante irlandesa Sinead O&#8217;Connor a los 56 a\u00f1os"}]},{"@type":"WebSite","@id":"https:\/\/cvinoticias.com\/v3\/#website","url":"https:\/\/cvinoticias.com\/v3\/","name":"CVI NOTICIAS","description":"","publisher":{"@id":"https:\/\/cvinoticias.com\/v3\/#organization"},"alternateName":"CVI","potentialAction":[{"@type":"SearchAction","target":{"@type":"EntryPoint","urlTemplate":"https:\/\/cvinoticias.com\/v3\/?s={search_term_string}"},"query-input":{"@type":"PropertyValueSpecification","valueRequired":true,"valueName":"search_term_string"}}],"inLanguage":"es"},{"@type":"Organization","@id":"https:\/\/cvinoticias.com\/v3\/#organization","name":"CVI NOTICIAS","url":"https:\/\/cvinoticias.com\/v3\/","logo":{"@type":"ImageObject","inLanguage":"es","@id":"https:\/\/cvinoticias.com\/v3\/#\/schema\/logo\/image\/","url":"https:\/\/cvinoticias.com\/wp-content\/uploads\/2023\/04\/cropped-cropped-cropped-cropped-cropped-3-1.png","contentUrl":"https:\/\/cvinoticias.com\/wp-content\/uploads\/2023\/04\/cropped-cropped-cropped-cropped-cropped-3-1.png","width":95,"height":122,"caption":"CVI NOTICIAS"},"image":{"@id":"https:\/\/cvinoticias.com\/v3\/#\/schema\/logo\/image\/"},"sameAs":["https:\/\/www.facebook.com\/cvinoticias","https:\/\/www.instagram.com\/cvinoticias\/","https:\/\/www.youtube.com\/@CVINOTICIAS"]},{"@type":"Person","@id":"https:\/\/cvinoticias.com\/v3\/#\/schema\/person\/2db77e3c6bc03c538495d7b2b8be9b66","name":"f1000024","image":{"@type":"ImageObject","inLanguage":"es","@id":"https:\/\/secure.gravatar.com\/avatar\/d4fe7459cfc51ff5129ce1a732bbef5928568b8092d412ef95611616376bbeed?s=96&d=mm&r=g","url":"https:\/\/secure.gravatar.com\/avatar\/d4fe7459cfc51ff5129ce1a732bbef5928568b8092d412ef95611616376bbeed?s=96&d=mm&r=g","contentUrl":"https:\/\/secure.gravatar.com\/avatar\/d4fe7459cfc51ff5129ce1a732bbef5928568b8092d412ef95611616376bbeed?s=96&d=mm&r=g","caption":"f1000024"},"url":"https:\/\/cvinoticias.com\/v3\/author\/f1000024\/"}]}},"_links":{"self":[{"href":"https:\/\/cvinoticias.com\/v3\/wp-json\/wp\/v2\/posts\/26577","targetHints":{"allow":["GET"]}}],"collection":[{"href":"https:\/\/cvinoticias.com\/v3\/wp-json\/wp\/v2\/posts"}],"about":[{"href":"https:\/\/cvinoticias.com\/v3\/wp-json\/wp\/v2\/types\/post"}],"author":[{"embeddable":true,"href":"https:\/\/cvinoticias.com\/v3\/wp-json\/wp\/v2\/users\/2"}],"replies":[{"embeddable":true,"href":"https:\/\/cvinoticias.com\/v3\/wp-json\/wp\/v2\/comments?post=26577"}],"version-history":[{"count":1,"href":"https:\/\/cvinoticias.com\/v3\/wp-json\/wp\/v2\/posts\/26577\/revisions"}],"predecessor-version":[{"id":26580,"href":"https:\/\/cvinoticias.com\/v3\/wp-json\/wp\/v2\/posts\/26577\/revisions\/26580"}],"wp:featuredmedia":[{"embeddable":true,"href":"https:\/\/cvinoticias.com\/v3\/wp-json\/wp\/v2\/media\/26578"}],"wp:attachment":[{"href":"https:\/\/cvinoticias.com\/v3\/wp-json\/wp\/v2\/media?parent=26577"}],"wp:term":[{"taxonomy":"category","embeddable":true,"href":"https:\/\/cvinoticias.com\/v3\/wp-json\/wp\/v2\/categories?post=26577"},{"taxonomy":"post_tag","embeddable":true,"href":"https:\/\/cvinoticias.com\/v3\/wp-json\/wp\/v2\/tags?post=26577"}],"curies":[{"name":"wp","href":"https:\/\/api.w.org\/{rel}","templated":true}]}}