{"id":26505,"date":"2023-07-24T12:21:47","date_gmt":"2023-07-24T12:21:47","guid":{"rendered":"https:\/\/cvinoticias.com\/v3\/?p=26505"},"modified":"2023-07-24T12:26:00","modified_gmt":"2023-07-24T12:26:00","slug":"arboles-artificiales-para-atrapar-el-co2-de-las-ciudades","status":"publish","type":"post","link":"https:\/\/cvinoticias.com\/v3\/arboles-artificiales-para-atrapar-el-co2-de-las-ciudades\/","title":{"rendered":"\u00c1rboles artificiales para atrapar el CO2 de las ciudades"},"content":{"rendered":"\n<p><strong><em>No es seguro que algunas de las tecnolog\u00edas que tratan de luchar contra el cambio clim\u00e1tico, en concreto, las m\u00e1s alejadas de la naturaleza, sean las mejores para combatir el problema. Pero ah\u00ed est\u00e1n.<\/em><\/strong><\/p>\n\n\n\n<p>Por ejemplo, la pol\u00e9mica idea de captar el di\u00f3xido de carbono de la atm\u00f3sfera y enterrarlo. \u00bfEs una soluci\u00f3n o es aplazar el problema? En esta l\u00ednea, un grupo de investigadores est\u00e1n desarrollando una suerte de \u00e1rboles artificiales que puedan absorber CO2 y luchar as\u00ed contra los efectos devastadores del cambio clim\u00e1tico y consiguir, adem\u00e1s, un ambiente m\u00e1s saludable.<\/p>\n\n\n\n<p>El dispositivo ha sido bautizado como Treepod y son unos extra\u00f1os \u00e1rboles artificiales que est\u00e1n alimentados con paneles solares fotovoltaicos y energ\u00eda cin\u00e9tica. As\u00ed que, para empezar, producen energ\u00eda limpia. Pero eso no es todo. Hemos llegado a un punto en que hay que ofrecer algo m\u00e1s. En este caso, el extra se encuentra en que filtran el aire de la atm\u00f3sfera y eliminan el di\u00f3xido de carbono. En realidad, hacen, pues, la misma funci\u00f3n que los \u00e1rboles naturales. De ah\u00ed el peligro de este tipo de inventos, que se cree la opini\u00f3n de que se puede sustituir la naturaleza por tecnolog\u00eda humana.<\/p>\n\n\n\n<p>Sea como sea, no se puede negar que los Treepods pueden ser una buena ayuda para combatir el cambio clim\u00e1tico, sobre todo, en las ciudades. De momento, tienen una tremenda ventaja frente a los \u00e1rboles naturales: no hay que esperar a que crezcan, se instalan y ya est\u00e1.<\/p>\n\n\n\n<figure class=\"wp-block-image size-full\"><a href=\"https:\/\/cvinoticias.com\/wp-content\/uploads\/2023\/07\/Arboles-artificiales-para-atrapar-el-CO2-de-las-ciudades2.jpg\"><img decoding=\"async\" width=\"660\" height=\"518\" data-src=\"https:\/\/cvinoticias.com\/wp-content\/uploads\/2023\/07\/Arboles-artificiales-para-atrapar-el-CO2-de-las-ciudades2.jpg\" alt=\"\" class=\"wp-image-26507 lazyload\" data-srcset=\"https:\/\/cvinoticias.com\/wp-content\/uploads\/2023\/07\/Arboles-artificiales-para-atrapar-el-CO2-de-las-ciudades2.jpg 660w, https:\/\/cvinoticias.com\/wp-content\/uploads\/2023\/07\/Arboles-artificiales-para-atrapar-el-CO2-de-las-ciudades2-300x235.jpg 300w\" data-sizes=\"(max-width: 660px) 100vw, 660px\" src=\"data:image\/svg+xml;base64,PHN2ZyB3aWR0aD0iMSIgaGVpZ2h0PSIxIiB4bWxucz0iaHR0cDovL3d3dy53My5vcmcvMjAwMC9zdmciPjwvc3ZnPg==\" style=\"--smush-placeholder-width: 660px; --smush-placeholder-aspect-ratio: 660\/518;\" \/><\/a><\/figure>\n\n\n\n<p>Sus dise\u00f1adores son Mario C\u00e1ceres y Cristian Can\u00f3nico, que han presentado el proyecto al concurso SHIFTboston Urban Intervention Contest. Adem\u00e1s de los beneficios medioambientales, estos \u00e1rboles futuristas ofrecen la posibilidad de iluminar las calles con bellas luces de colores.<\/p>\n\n\n\n<p>Para completar los criterios ecol\u00f3gicos, est\u00e1n fabricados con materiales reciclados y reciclables, como botellas de pl\u00e1stico. El dise\u00f1o est\u00e1 claramente inspirado en los \u00e1rboles conocidos como dragos.<\/p>\n\n\n\n<p><\/p>\n\n\n\n<p>Fuente: Cambio Clim\u00e1tico <\/p>\n","protected":false},"excerpt":{"rendered":"<p>No es seguro que algunas de las tecnolog\u00edas que tratan de luchar contra el cambio clim\u00e1tico, en concreto, las m\u00e1s alejadas de la naturaleza, sean las mejores para combatir el problema. Pero ah\u00ed est\u00e1n. Por ejemplo, la pol\u00e9mica idea de captar el di\u00f3xido de carbono de la atm\u00f3sfera y enterrarlo. \u00bfEs una soluci\u00f3n o es [&hellip;]<\/p>\n","protected":false},"author":2,"featured_media":26506,"comment_status":"open","ping_status":"open","sticky":false,"template":"","format":"standard","meta":{"footnotes":""},"categories":[424],"tags":[],"class_list":["post-26505","post","type-post","status-publish","format-standard","has-post-thumbnail","hentry","category-tecnologia"],"yoast_head":"<!-- This site is optimized with the Yoast SEO plugin v27.5 - https:\/\/yoast.com\/product\/yoast-seo-wordpress\/ -->\n<title>\u00c1rboles artificiales para atrapar el CO2 de las ciudades | CVI NOTICIAS<\/title>\n<meta name=\"robots\" content=\"index, follow, max-snippet:-1, max-image-preview:large, max-video-preview:-1\" \/>\n<link rel=\"canonical\" href=\"https:\/\/cvinoticias.com\/v3\/arboles-artificiales-para-atrapar-el-co2-de-las-ciudades\/\" \/>\n<meta property=\"og:locale\" content=\"es_ES\" \/>\n<meta property=\"og:type\" content=\"article\" \/>\n<meta property=\"og:title\" content=\"\u00c1rboles artificiales para atrapar el CO2 de las ciudades | CVI NOTICIAS\" \/>\n<meta property=\"og:description\" content=\"No es seguro que algunas de las tecnolog\u00edas que tratan de luchar contra el cambio clim\u00e1tico, en concreto, las m\u00e1s alejadas de la naturaleza, sean las mejores para combatir el problema. Pero ah\u00ed est\u00e1n. Por ejemplo, la pol\u00e9mica idea de captar el di\u00f3xido de carbono de la atm\u00f3sfera y enterrarlo. \u00bfEs una soluci\u00f3n o es [&hellip;]\" \/>\n<meta property=\"og:url\" content=\"https:\/\/cvinoticias.com\/v3\/arboles-artificiales-para-atrapar-el-co2-de-las-ciudades\/\" \/>\n<meta property=\"og:site_name\" content=\"CVI NOTICIAS\" \/>\n<meta property=\"article:publisher\" content=\"https:\/\/www.facebook.com\/cvinoticias\" \/>\n<meta property=\"article:published_time\" content=\"2023-07-24T12:21:47+00:00\" \/>\n<meta property=\"article:modified_time\" content=\"2023-07-24T12:26:00+00:00\" \/>\n<meta property=\"og:image\" content=\"https:\/\/cvinoticias.com\/wp-content\/uploads\/2023\/07\/Arboles-artificiales-para-atrapar-el-CO2-de-las-ciudades1.jpg\" \/>\n\t<meta property=\"og:image:width\" content=\"660\" \/>\n\t<meta property=\"og:image:height\" content=\"403\" \/>\n\t<meta property=\"og:image:type\" content=\"image\/jpeg\" \/>\n<meta name=\"author\" content=\"f1000024\" \/>\n<meta name=\"twitter:card\" content=\"summary_large_image\" \/>\n<meta name=\"twitter:label1\" content=\"Escrito por\" \/>\n\t<meta name=\"twitter:data1\" content=\"f1000024\" \/>\n\t<meta name=\"twitter:label2\" content=\"Tiempo de lectura\" \/>\n\t<meta name=\"twitter:data2\" content=\"2 minutos\" \/>\n<script type=\"application\/ld+json\" class=\"yoast-schema-graph\">{\"@context\":\"https:\\\/\\\/schema.org\",\"@graph\":[{\"@type\":\"Article\",\"@id\":\"https:\\\/\\\/cvinoticias.com\\\/v3\\\/arboles-artificiales-para-atrapar-el-co2-de-las-ciudades\\\/#article\",\"isPartOf\":{\"@id\":\"https:\\\/\\\/cvinoticias.com\\\/v3\\\/arboles-artificiales-para-atrapar-el-co2-de-las-ciudades\\\/\"},\"author\":{\"name\":\"f1000024\",\"@id\":\"https:\\\/\\\/cvinoticias.com\\\/v3\\\/#\\\/schema\\\/person\\\/2db77e3c6bc03c538495d7b2b8be9b66\"},\"headline\":\"\u00c1rboles artificiales para atrapar el CO2 de las ciudades\",\"datePublished\":\"2023-07-24T12:21:47+00:00\",\"dateModified\":\"2023-07-24T12:26:00+00:00\",\"mainEntityOfPage\":{\"@id\":\"https:\\\/\\\/cvinoticias.com\\\/v3\\\/arboles-artificiales-para-atrapar-el-co2-de-las-ciudades\\\/\"},\"wordCount\":356,\"commentCount\":0,\"publisher\":{\"@id\":\"https:\\\/\\\/cvinoticias.com\\\/v3\\\/#organization\"},\"image\":{\"@id\":\"https:\\\/\\\/cvinoticias.com\\\/v3\\\/arboles-artificiales-para-atrapar-el-co2-de-las-ciudades\\\/#primaryimage\"},\"thumbnailUrl\":\"https:\\\/\\\/cvinoticias.com\\\/wp-content\\\/uploads\\\/2023\\\/07\\\/Arboles-artificiales-para-atrapar-el-CO2-de-las-ciudades1.jpg\",\"articleSection\":[\"Tecnolog\u00eda\"],\"inLanguage\":\"es\",\"potentialAction\":[{\"@type\":\"CommentAction\",\"name\":\"Comment\",\"target\":[\"https:\\\/\\\/cvinoticias.com\\\/v3\\\/arboles-artificiales-para-atrapar-el-co2-de-las-ciudades\\\/#respond\"]}]},{\"@type\":\"WebPage\",\"@id\":\"https:\\\/\\\/cvinoticias.com\\\/v3\\\/arboles-artificiales-para-atrapar-el-co2-de-las-ciudades\\\/\",\"url\":\"https:\\\/\\\/cvinoticias.com\\\/v3\\\/arboles-artificiales-para-atrapar-el-co2-de-las-ciudades\\\/\",\"name\":\"\u00c1rboles artificiales para atrapar el CO2 de las ciudades | CVI NOTICIAS\",\"isPartOf\":{\"@id\":\"https:\\\/\\\/cvinoticias.com\\\/v3\\\/#website\"},\"primaryImageOfPage\":{\"@id\":\"https:\\\/\\\/cvinoticias.com\\\/v3\\\/arboles-artificiales-para-atrapar-el-co2-de-las-ciudades\\\/#primaryimage\"},\"image\":{\"@id\":\"https:\\\/\\\/cvinoticias.com\\\/v3\\\/arboles-artificiales-para-atrapar-el-co2-de-las-ciudades\\\/#primaryimage\"},\"thumbnailUrl\":\"https:\\\/\\\/cvinoticias.com\\\/wp-content\\\/uploads\\\/2023\\\/07\\\/Arboles-artificiales-para-atrapar-el-CO2-de-las-ciudades1.jpg\",\"datePublished\":\"2023-07-24T12:21:47+00:00\",\"dateModified\":\"2023-07-24T12:26:00+00:00\",\"breadcrumb\":{\"@id\":\"https:\\\/\\\/cvinoticias.com\\\/v3\\\/arboles-artificiales-para-atrapar-el-co2-de-las-ciudades\\\/#breadcrumb\"},\"inLanguage\":\"es\",\"potentialAction\":[{\"@type\":\"ReadAction\",\"target\":[\"https:\\\/\\\/cvinoticias.com\\\/v3\\\/arboles-artificiales-para-atrapar-el-co2-de-las-ciudades\\\/\"]}]},{\"@type\":\"ImageObject\",\"inLanguage\":\"es\",\"@id\":\"https:\\\/\\\/cvinoticias.com\\\/v3\\\/arboles-artificiales-para-atrapar-el-co2-de-las-ciudades\\\/#primaryimage\",\"url\":\"https:\\\/\\\/cvinoticias.com\\\/wp-content\\\/uploads\\\/2023\\\/07\\\/Arboles-artificiales-para-atrapar-el-CO2-de-las-ciudades1.jpg\",\"contentUrl\":\"https:\\\/\\\/cvinoticias.com\\\/wp-content\\\/uploads\\\/2023\\\/07\\\/Arboles-artificiales-para-atrapar-el-CO2-de-las-ciudades1.jpg\",\"width\":660,\"height\":403},{\"@type\":\"BreadcrumbList\",\"@id\":\"https:\\\/\\\/cvinoticias.com\\\/v3\\\/arboles-artificiales-para-atrapar-el-co2-de-las-ciudades\\\/#breadcrumb\",\"itemListElement\":[{\"@type\":\"ListItem\",\"position\":1,\"name\":\"Portada\",\"item\":\"https:\\\/\\\/cvinoticias.com\\\/v3\\\/\"},{\"@type\":\"ListItem\",\"position\":2,\"name\":\"\u00c1rboles artificiales para atrapar el CO2 de las ciudades\"}]},{\"@type\":\"WebSite\",\"@id\":\"https:\\\/\\\/cvinoticias.com\\\/v3\\\/#website\",\"url\":\"https:\\\/\\\/cvinoticias.com\\\/v3\\\/\",\"name\":\"CVI NOTICIAS\",\"description\":\"\",\"publisher\":{\"@id\":\"https:\\\/\\\/cvinoticias.com\\\/v3\\\/#organization\"},\"alternateName\":\"CVI\",\"potentialAction\":[{\"@type\":\"SearchAction\",\"target\":{\"@type\":\"EntryPoint\",\"urlTemplate\":\"https:\\\/\\\/cvinoticias.com\\\/v3\\\/?s={search_term_string}\"},\"query-input\":{\"@type\":\"PropertyValueSpecification\",\"valueRequired\":true,\"valueName\":\"search_term_string\"}}],\"inLanguage\":\"es\"},{\"@type\":\"Organization\",\"@id\":\"https:\\\/\\\/cvinoticias.com\\\/v3\\\/#organization\",\"name\":\"CVI NOTICIAS\",\"url\":\"https:\\\/\\\/cvinoticias.com\\\/v3\\\/\",\"logo\":{\"@type\":\"ImageObject\",\"inLanguage\":\"es\",\"@id\":\"https:\\\/\\\/cvinoticias.com\\\/v3\\\/#\\\/schema\\\/logo\\\/image\\\/\",\"url\":\"https:\\\/\\\/cvinoticias.com\\\/wp-content\\\/uploads\\\/2023\\\/04\\\/cropped-cropped-cropped-cropped-cropped-3-1.png\",\"contentUrl\":\"https:\\\/\\\/cvinoticias.com\\\/wp-content\\\/uploads\\\/2023\\\/04\\\/cropped-cropped-cropped-cropped-cropped-3-1.png\",\"width\":95,\"height\":122,\"caption\":\"CVI NOTICIAS\"},\"image\":{\"@id\":\"https:\\\/\\\/cvinoticias.com\\\/v3\\\/#\\\/schema\\\/logo\\\/image\\\/\"},\"sameAs\":[\"https:\\\/\\\/www.facebook.com\\\/cvinoticias\",\"https:\\\/\\\/www.instagram.com\\\/cvinoticias\\\/\",\"https:\\\/\\\/www.youtube.com\\\/@CVINOTICIAS\"]},{\"@type\":\"Person\",\"@id\":\"https:\\\/\\\/cvinoticias.com\\\/v3\\\/#\\\/schema\\\/person\\\/2db77e3c6bc03c538495d7b2b8be9b66\",\"name\":\"f1000024\",\"image\":{\"@type\":\"ImageObject\",\"inLanguage\":\"es\",\"@id\":\"https:\\\/\\\/secure.gravatar.com\\\/avatar\\\/d4fe7459cfc51ff5129ce1a732bbef5928568b8092d412ef95611616376bbeed?s=96&d=mm&r=g\",\"url\":\"https:\\\/\\\/secure.gravatar.com\\\/avatar\\\/d4fe7459cfc51ff5129ce1a732bbef5928568b8092d412ef95611616376bbeed?s=96&d=mm&r=g\",\"contentUrl\":\"https:\\\/\\\/secure.gravatar.com\\\/avatar\\\/d4fe7459cfc51ff5129ce1a732bbef5928568b8092d412ef95611616376bbeed?s=96&d=mm&r=g\",\"caption\":\"f1000024\"},\"url\":\"https:\\\/\\\/cvinoticias.com\\\/v3\\\/author\\\/f1000024\\\/\"}]}<\/script>\n<!-- \/ Yoast SEO plugin. -->","yoast_head_json":{"title":"\u00c1rboles artificiales para atrapar el CO2 de las ciudades | CVI NOTICIAS","robots":{"index":"index","follow":"follow","max-snippet":"max-snippet:-1","max-image-preview":"max-image-preview:large","max-video-preview":"max-video-preview:-1"},"canonical":"https:\/\/cvinoticias.com\/v3\/arboles-artificiales-para-atrapar-el-co2-de-las-ciudades\/","og_locale":"es_ES","og_type":"article","og_title":"\u00c1rboles artificiales para atrapar el CO2 de las ciudades | CVI NOTICIAS","og_description":"No es seguro que algunas de las tecnolog\u00edas que tratan de luchar contra el cambio clim\u00e1tico, en concreto, las m\u00e1s alejadas de la naturaleza, sean las mejores para combatir el problema. Pero ah\u00ed est\u00e1n. Por ejemplo, la pol\u00e9mica idea de captar el di\u00f3xido de carbono de la atm\u00f3sfera y enterrarlo. \u00bfEs una soluci\u00f3n o es [&hellip;]","og_url":"https:\/\/cvinoticias.com\/v3\/arboles-artificiales-para-atrapar-el-co2-de-las-ciudades\/","og_site_name":"CVI NOTICIAS","article_publisher":"https:\/\/www.facebook.com\/cvinoticias","article_published_time":"2023-07-24T12:21:47+00:00","article_modified_time":"2023-07-24T12:26:00+00:00","og_image":[{"width":660,"height":403,"url":"https:\/\/cvinoticias.com\/wp-content\/uploads\/2023\/07\/Arboles-artificiales-para-atrapar-el-CO2-de-las-ciudades1.jpg","type":"image\/jpeg"}],"author":"f1000024","twitter_card":"summary_large_image","twitter_misc":{"Escrito por":"f1000024","Tiempo de lectura":"2 minutos"},"schema":{"@context":"https:\/\/schema.org","@graph":[{"@type":"Article","@id":"https:\/\/cvinoticias.com\/v3\/arboles-artificiales-para-atrapar-el-co2-de-las-ciudades\/#article","isPartOf":{"@id":"https:\/\/cvinoticias.com\/v3\/arboles-artificiales-para-atrapar-el-co2-de-las-ciudades\/"},"author":{"name":"f1000024","@id":"https:\/\/cvinoticias.com\/v3\/#\/schema\/person\/2db77e3c6bc03c538495d7b2b8be9b66"},"headline":"\u00c1rboles artificiales para atrapar el CO2 de las ciudades","datePublished":"2023-07-24T12:21:47+00:00","dateModified":"2023-07-24T12:26:00+00:00","mainEntityOfPage":{"@id":"https:\/\/cvinoticias.com\/v3\/arboles-artificiales-para-atrapar-el-co2-de-las-ciudades\/"},"wordCount":356,"commentCount":0,"publisher":{"@id":"https:\/\/cvinoticias.com\/v3\/#organization"},"image":{"@id":"https:\/\/cvinoticias.com\/v3\/arboles-artificiales-para-atrapar-el-co2-de-las-ciudades\/#primaryimage"},"thumbnailUrl":"https:\/\/cvinoticias.com\/wp-content\/uploads\/2023\/07\/Arboles-artificiales-para-atrapar-el-CO2-de-las-ciudades1.jpg","articleSection":["Tecnolog\u00eda"],"inLanguage":"es","potentialAction":[{"@type":"CommentAction","name":"Comment","target":["https:\/\/cvinoticias.com\/v3\/arboles-artificiales-para-atrapar-el-co2-de-las-ciudades\/#respond"]}]},{"@type":"WebPage","@id":"https:\/\/cvinoticias.com\/v3\/arboles-artificiales-para-atrapar-el-co2-de-las-ciudades\/","url":"https:\/\/cvinoticias.com\/v3\/arboles-artificiales-para-atrapar-el-co2-de-las-ciudades\/","name":"\u00c1rboles artificiales para atrapar el CO2 de las ciudades | CVI NOTICIAS","isPartOf":{"@id":"https:\/\/cvinoticias.com\/v3\/#website"},"primaryImageOfPage":{"@id":"https:\/\/cvinoticias.com\/v3\/arboles-artificiales-para-atrapar-el-co2-de-las-ciudades\/#primaryimage"},"image":{"@id":"https:\/\/cvinoticias.com\/v3\/arboles-artificiales-para-atrapar-el-co2-de-las-ciudades\/#primaryimage"},"thumbnailUrl":"https:\/\/cvinoticias.com\/wp-content\/uploads\/2023\/07\/Arboles-artificiales-para-atrapar-el-CO2-de-las-ciudades1.jpg","datePublished":"2023-07-24T12:21:47+00:00","dateModified":"2023-07-24T12:26:00+00:00","breadcrumb":{"@id":"https:\/\/cvinoticias.com\/v3\/arboles-artificiales-para-atrapar-el-co2-de-las-ciudades\/#breadcrumb"},"inLanguage":"es","potentialAction":[{"@type":"ReadAction","target":["https:\/\/cvinoticias.com\/v3\/arboles-artificiales-para-atrapar-el-co2-de-las-ciudades\/"]}]},{"@type":"ImageObject","inLanguage":"es","@id":"https:\/\/cvinoticias.com\/v3\/arboles-artificiales-para-atrapar-el-co2-de-las-ciudades\/#primaryimage","url":"https:\/\/cvinoticias.com\/wp-content\/uploads\/2023\/07\/Arboles-artificiales-para-atrapar-el-CO2-de-las-ciudades1.jpg","contentUrl":"https:\/\/cvinoticias.com\/wp-content\/uploads\/2023\/07\/Arboles-artificiales-para-atrapar-el-CO2-de-las-ciudades1.jpg","width":660,"height":403},{"@type":"BreadcrumbList","@id":"https:\/\/cvinoticias.com\/v3\/arboles-artificiales-para-atrapar-el-co2-de-las-ciudades\/#breadcrumb","itemListElement":[{"@type":"ListItem","position":1,"name":"Portada","item":"https:\/\/cvinoticias.com\/v3\/"},{"@type":"ListItem","position":2,"name":"\u00c1rboles artificiales para atrapar el CO2 de las ciudades"}]},{"@type":"WebSite","@id":"https:\/\/cvinoticias.com\/v3\/#website","url":"https:\/\/cvinoticias.com\/v3\/","name":"CVI NOTICIAS","description":"","publisher":{"@id":"https:\/\/cvinoticias.com\/v3\/#organization"},"alternateName":"CVI","potentialAction":[{"@type":"SearchAction","target":{"@type":"EntryPoint","urlTemplate":"https:\/\/cvinoticias.com\/v3\/?s={search_term_string}"},"query-input":{"@type":"PropertyValueSpecification","valueRequired":true,"valueName":"search_term_string"}}],"inLanguage":"es"},{"@type":"Organization","@id":"https:\/\/cvinoticias.com\/v3\/#organization","name":"CVI NOTICIAS","url":"https:\/\/cvinoticias.com\/v3\/","logo":{"@type":"ImageObject","inLanguage":"es","@id":"https:\/\/cvinoticias.com\/v3\/#\/schema\/logo\/image\/","url":"https:\/\/cvinoticias.com\/wp-content\/uploads\/2023\/04\/cropped-cropped-cropped-cropped-cropped-3-1.png","contentUrl":"https:\/\/cvinoticias.com\/wp-content\/uploads\/2023\/04\/cropped-cropped-cropped-cropped-cropped-3-1.png","width":95,"height":122,"caption":"CVI NOTICIAS"},"image":{"@id":"https:\/\/cvinoticias.com\/v3\/#\/schema\/logo\/image\/"},"sameAs":["https:\/\/www.facebook.com\/cvinoticias","https:\/\/www.instagram.com\/cvinoticias\/","https:\/\/www.youtube.com\/@CVINOTICIAS"]},{"@type":"Person","@id":"https:\/\/cvinoticias.com\/v3\/#\/schema\/person\/2db77e3c6bc03c538495d7b2b8be9b66","name":"f1000024","image":{"@type":"ImageObject","inLanguage":"es","@id":"https:\/\/secure.gravatar.com\/avatar\/d4fe7459cfc51ff5129ce1a732bbef5928568b8092d412ef95611616376bbeed?s=96&d=mm&r=g","url":"https:\/\/secure.gravatar.com\/avatar\/d4fe7459cfc51ff5129ce1a732bbef5928568b8092d412ef95611616376bbeed?s=96&d=mm&r=g","contentUrl":"https:\/\/secure.gravatar.com\/avatar\/d4fe7459cfc51ff5129ce1a732bbef5928568b8092d412ef95611616376bbeed?s=96&d=mm&r=g","caption":"f1000024"},"url":"https:\/\/cvinoticias.com\/v3\/author\/f1000024\/"}]}},"_links":{"self":[{"href":"https:\/\/cvinoticias.com\/v3\/wp-json\/wp\/v2\/posts\/26505","targetHints":{"allow":["GET"]}}],"collection":[{"href":"https:\/\/cvinoticias.com\/v3\/wp-json\/wp\/v2\/posts"}],"about":[{"href":"https:\/\/cvinoticias.com\/v3\/wp-json\/wp\/v2\/types\/post"}],"author":[{"embeddable":true,"href":"https:\/\/cvinoticias.com\/v3\/wp-json\/wp\/v2\/users\/2"}],"replies":[{"embeddable":true,"href":"https:\/\/cvinoticias.com\/v3\/wp-json\/wp\/v2\/comments?post=26505"}],"version-history":[{"count":2,"href":"https:\/\/cvinoticias.com\/v3\/wp-json\/wp\/v2\/posts\/26505\/revisions"}],"predecessor-version":[{"id":26509,"href":"https:\/\/cvinoticias.com\/v3\/wp-json\/wp\/v2\/posts\/26505\/revisions\/26509"}],"wp:featuredmedia":[{"embeddable":true,"href":"https:\/\/cvinoticias.com\/v3\/wp-json\/wp\/v2\/media\/26506"}],"wp:attachment":[{"href":"https:\/\/cvinoticias.com\/v3\/wp-json\/wp\/v2\/media?parent=26505"}],"wp:term":[{"taxonomy":"category","embeddable":true,"href":"https:\/\/cvinoticias.com\/v3\/wp-json\/wp\/v2\/categories?post=26505"},{"taxonomy":"post_tag","embeddable":true,"href":"https:\/\/cvinoticias.com\/v3\/wp-json\/wp\/v2\/tags?post=26505"}],"curies":[{"name":"wp","href":"https:\/\/api.w.org\/{rel}","templated":true}]}}