{"id":26492,"date":"2023-07-24T10:56:57","date_gmt":"2023-07-24T10:56:57","guid":{"rendered":"https:\/\/cvinoticias.com\/v3\/?p=26492"},"modified":"2023-07-24T10:56:57","modified_gmt":"2023-07-24T10:56:57","slug":"cordoba-una-vivienda-exploto-con-una-madre-y-sus-tres-hijos-adentro","status":"publish","type":"post","link":"https:\/\/cvinoticias.com\/v3\/cordoba-una-vivienda-exploto-con-una-madre-y-sus-tres-hijos-adentro\/","title":{"rendered":"C\u00f3rdoba: Una vivienda explot\u00f3 con una madre y sus tres hijos adentro"},"content":{"rendered":"\n<p><strong><em>La mujer de 26 a\u00f1os y los tres menores se encontraban en el interior de la casa y tuvieron que ser rescatados por los Bomberos.<\/em><\/strong><\/p>\n\n\n\n<p>Una madre y sus tres hijos fueron internados en grave estado debido a la explosi\u00f3n de su casa. Los cuatro se encontraban en el interior de la vivienda cuando, por motivos que a\u00fan no est\u00e1n claros, se produjo el accidente. Sucedi\u00f3 el viernes a la tarde en la esquina de calles Mitre y Santiago Beanne en la localidad de Oliva, C\u00f3rdoba.<\/p>\n\n\n\n<p>De acuerdo con lo informado por los medios locales, los bomberos y m\u00e9dicos llegaron de urgencia al lugar tras ser llamados por los vecinos.<\/p>\n\n\n\n<p>El hecho qued\u00f3 grabado en una c\u00e1mara de seguridad de la cuadra, en la que se puede ver el momento exacto en que se produjo la explosi\u00f3n, que en solo un segundo derrumb\u00f3 la vivienda por completo y cuya potencia esparci\u00f3 sus escombros por la calle y hasta la vereda de enfrente.<\/p>\n\n\n\n<p>Daniel Duveaux, jefe de Bomberos Voluntarios, cont\u00f3 que una mujer de 26 a\u00f1os y sus tres hijos de 9, 8 y 3 a\u00f1os fueron rescatados y trasladados de urgencia a distintos hospitales, donde quedaron internados en grave estado. Los rescatistas tuvieron que ingresar a la casa para salvarlos.<\/p>\n\n\n\n<p>Si bien hasta el momento no est\u00e1 claro el motivo de la explosi\u00f3n, se cree que podr\u00eda haberse tratado de una fuga de gas.<\/p>\n\n\n\n<p><strong>C\u00f3mo est\u00e1 la familia tras la explosi\u00f3n de la casa<\/strong><\/p>\n\n\n\n<p>El medio CBA24 inform\u00f3 que la mujer fue llevada al Instituto del Quemado, mientras que los tres menores se encuentran en el Hospital de Ni\u00f1os. Ella sufri\u00f3 quemaduras de un 25% de su superficie corporal, que le afectaron principalmente la cara, los brazos, piernas y las v\u00edas a\u00e9reas, mientras que ellos se encuentran en peor estado.<\/p>\n\n\n\n<p>La m\u00e9dica pediatra del Hospital de Ni\u00f1os Ver\u00f3nica Petri se\u00f1al\u00f3 a Cadena 3 que \u201cse encuentran internados en la Unidad de Terapia Intensiva con pron\u00f3stico reservado y en estado cr\u00edtico\u201d.<\/p>\n\n\n\n<p>En tanto que el jefe de la Unidad de Terapia Intensiva del Instituto del Quemado, Jorge Leiva, revel\u00f3 que la madre no sufri\u00f3 lesiones en los \u00f3rganos vitales: \u201cSolamente peque\u00f1as contusiones pulmonares. El resto estaba bien. Antes de iniciar la sedaci\u00f3n profunda, estaba neurol\u00f3gicamente estable\u201d.<\/p>\n","protected":false},"excerpt":{"rendered":"<p>La mujer de 26 a\u00f1os y los tres menores se encontraban en el interior de la casa y tuvieron que ser rescatados por los Bomberos. Una madre y sus tres hijos fueron internados en grave estado debido a la explosi\u00f3n de su casa. Los cuatro se encontraban en el interior de la vivienda cuando, por [&hellip;]<\/p>\n","protected":false},"author":2,"featured_media":26493,"comment_status":"open","ping_status":"open","sticky":false,"template":"","format":"standard","meta":{"footnotes":""},"categories":[39],"tags":[],"class_list":["post-26492","post","type-post","status-publish","format-standard","has-post-thumbnail","hentry","category-nacionales"],"yoast_head":"<!-- This site is optimized with the Yoast SEO plugin v27.4 - https:\/\/yoast.com\/product\/yoast-seo-wordpress\/ -->\n<title>C\u00f3rdoba: Una vivienda explot\u00f3 con una madre y sus tres hijos adentro | CVI NOTICIAS<\/title>\n<meta name=\"robots\" content=\"index, follow, max-snippet:-1, max-image-preview:large, max-video-preview:-1\" \/>\n<link rel=\"canonical\" href=\"https:\/\/cvinoticias.com\/v3\/cordoba-una-vivienda-exploto-con-una-madre-y-sus-tres-hijos-adentro\/\" \/>\n<meta property=\"og:locale\" content=\"es_ES\" \/>\n<meta property=\"og:type\" content=\"article\" \/>\n<meta property=\"og:title\" content=\"C\u00f3rdoba: Una vivienda explot\u00f3 con una madre y sus tres hijos adentro | CVI NOTICIAS\" \/>\n<meta property=\"og:description\" content=\"La mujer de 26 a\u00f1os y los tres menores se encontraban en el interior de la casa y tuvieron que ser rescatados por los Bomberos. Una madre y sus tres hijos fueron internados en grave estado debido a la explosi\u00f3n de su casa. Los cuatro se encontraban en el interior de la vivienda cuando, por [&hellip;]\" \/>\n<meta property=\"og:url\" content=\"https:\/\/cvinoticias.com\/v3\/cordoba-una-vivienda-exploto-con-una-madre-y-sus-tres-hijos-adentro\/\" \/>\n<meta property=\"og:site_name\" content=\"CVI NOTICIAS\" \/>\n<meta property=\"article:publisher\" content=\"https:\/\/www.facebook.com\/cvinoticias\" \/>\n<meta property=\"article:published_time\" content=\"2023-07-24T10:56:57+00:00\" \/>\n<meta property=\"og:image\" content=\"https:\/\/cvinoticias.com\/wp-content\/uploads\/2023\/07\/714681.jpg_nota.jpg\" \/>\n\t<meta property=\"og:image:width\" content=\"700\" \/>\n\t<meta property=\"og:image:height\" content=\"350\" \/>\n\t<meta property=\"og:image:type\" content=\"image\/jpeg\" \/>\n<meta name=\"author\" content=\"f1000024\" \/>\n<meta name=\"twitter:card\" content=\"summary_large_image\" \/>\n<meta name=\"twitter:label1\" content=\"Escrito por\" \/>\n\t<meta name=\"twitter:data1\" content=\"f1000024\" \/>\n\t<meta name=\"twitter:label2\" content=\"Tiempo de lectura\" \/>\n\t<meta name=\"twitter:data2\" content=\"2 minutos\" \/>\n<script type=\"application\/ld+json\" class=\"yoast-schema-graph\">{\"@context\":\"https:\\\/\\\/schema.org\",\"@graph\":[{\"@type\":\"Article\",\"@id\":\"https:\\\/\\\/cvinoticias.com\\\/v3\\\/cordoba-una-vivienda-exploto-con-una-madre-y-sus-tres-hijos-adentro\\\/#article\",\"isPartOf\":{\"@id\":\"https:\\\/\\\/cvinoticias.com\\\/v3\\\/cordoba-una-vivienda-exploto-con-una-madre-y-sus-tres-hijos-adentro\\\/\"},\"author\":{\"name\":\"f1000024\",\"@id\":\"https:\\\/\\\/cvinoticias.com\\\/v3\\\/#\\\/schema\\\/person\\\/2db77e3c6bc03c538495d7b2b8be9b66\"},\"headline\":\"C\u00f3rdoba: Una vivienda explot\u00f3 con una madre y sus tres hijos adentro\",\"datePublished\":\"2023-07-24T10:56:57+00:00\",\"mainEntityOfPage\":{\"@id\":\"https:\\\/\\\/cvinoticias.com\\\/v3\\\/cordoba-una-vivienda-exploto-con-una-madre-y-sus-tres-hijos-adentro\\\/\"},\"wordCount\":407,\"commentCount\":0,\"publisher\":{\"@id\":\"https:\\\/\\\/cvinoticias.com\\\/v3\\\/#organization\"},\"image\":{\"@id\":\"https:\\\/\\\/cvinoticias.com\\\/v3\\\/cordoba-una-vivienda-exploto-con-una-madre-y-sus-tres-hijos-adentro\\\/#primaryimage\"},\"thumbnailUrl\":\"https:\\\/\\\/cvinoticias.com\\\/wp-content\\\/uploads\\\/2023\\\/07\\\/714681.jpg_nota.jpg\",\"articleSection\":[\"Nacionales\"],\"inLanguage\":\"es\",\"potentialAction\":[{\"@type\":\"CommentAction\",\"name\":\"Comment\",\"target\":[\"https:\\\/\\\/cvinoticias.com\\\/v3\\\/cordoba-una-vivienda-exploto-con-una-madre-y-sus-tres-hijos-adentro\\\/#respond\"]}]},{\"@type\":\"WebPage\",\"@id\":\"https:\\\/\\\/cvinoticias.com\\\/v3\\\/cordoba-una-vivienda-exploto-con-una-madre-y-sus-tres-hijos-adentro\\\/\",\"url\":\"https:\\\/\\\/cvinoticias.com\\\/v3\\\/cordoba-una-vivienda-exploto-con-una-madre-y-sus-tres-hijos-adentro\\\/\",\"name\":\"C\u00f3rdoba: Una vivienda explot\u00f3 con una madre y sus tres hijos adentro | CVI NOTICIAS\",\"isPartOf\":{\"@id\":\"https:\\\/\\\/cvinoticias.com\\\/v3\\\/#website\"},\"primaryImageOfPage\":{\"@id\":\"https:\\\/\\\/cvinoticias.com\\\/v3\\\/cordoba-una-vivienda-exploto-con-una-madre-y-sus-tres-hijos-adentro\\\/#primaryimage\"},\"image\":{\"@id\":\"https:\\\/\\\/cvinoticias.com\\\/v3\\\/cordoba-una-vivienda-exploto-con-una-madre-y-sus-tres-hijos-adentro\\\/#primaryimage\"},\"thumbnailUrl\":\"https:\\\/\\\/cvinoticias.com\\\/wp-content\\\/uploads\\\/2023\\\/07\\\/714681.jpg_nota.jpg\",\"datePublished\":\"2023-07-24T10:56:57+00:00\",\"breadcrumb\":{\"@id\":\"https:\\\/\\\/cvinoticias.com\\\/v3\\\/cordoba-una-vivienda-exploto-con-una-madre-y-sus-tres-hijos-adentro\\\/#breadcrumb\"},\"inLanguage\":\"es\",\"potentialAction\":[{\"@type\":\"ReadAction\",\"target\":[\"https:\\\/\\\/cvinoticias.com\\\/v3\\\/cordoba-una-vivienda-exploto-con-una-madre-y-sus-tres-hijos-adentro\\\/\"]}]},{\"@type\":\"ImageObject\",\"inLanguage\":\"es\",\"@id\":\"https:\\\/\\\/cvinoticias.com\\\/v3\\\/cordoba-una-vivienda-exploto-con-una-madre-y-sus-tres-hijos-adentro\\\/#primaryimage\",\"url\":\"https:\\\/\\\/cvinoticias.com\\\/wp-content\\\/uploads\\\/2023\\\/07\\\/714681.jpg_nota.jpg\",\"contentUrl\":\"https:\\\/\\\/cvinoticias.com\\\/wp-content\\\/uploads\\\/2023\\\/07\\\/714681.jpg_nota.jpg\",\"width\":700,\"height\":350},{\"@type\":\"BreadcrumbList\",\"@id\":\"https:\\\/\\\/cvinoticias.com\\\/v3\\\/cordoba-una-vivienda-exploto-con-una-madre-y-sus-tres-hijos-adentro\\\/#breadcrumb\",\"itemListElement\":[{\"@type\":\"ListItem\",\"position\":1,\"name\":\"Portada\",\"item\":\"https:\\\/\\\/cvinoticias.com\\\/v3\\\/\"},{\"@type\":\"ListItem\",\"position\":2,\"name\":\"C\u00f3rdoba: Una vivienda explot\u00f3 con una madre y sus tres hijos adentro\"}]},{\"@type\":\"WebSite\",\"@id\":\"https:\\\/\\\/cvinoticias.com\\\/v3\\\/#website\",\"url\":\"https:\\\/\\\/cvinoticias.com\\\/v3\\\/\",\"name\":\"CVI NOTICIAS\",\"description\":\"\",\"publisher\":{\"@id\":\"https:\\\/\\\/cvinoticias.com\\\/v3\\\/#organization\"},\"alternateName\":\"CVI\",\"potentialAction\":[{\"@type\":\"SearchAction\",\"target\":{\"@type\":\"EntryPoint\",\"urlTemplate\":\"https:\\\/\\\/cvinoticias.com\\\/v3\\\/?s={search_term_string}\"},\"query-input\":{\"@type\":\"PropertyValueSpecification\",\"valueRequired\":true,\"valueName\":\"search_term_string\"}}],\"inLanguage\":\"es\"},{\"@type\":\"Organization\",\"@id\":\"https:\\\/\\\/cvinoticias.com\\\/v3\\\/#organization\",\"name\":\"CVI NOTICIAS\",\"url\":\"https:\\\/\\\/cvinoticias.com\\\/v3\\\/\",\"logo\":{\"@type\":\"ImageObject\",\"inLanguage\":\"es\",\"@id\":\"https:\\\/\\\/cvinoticias.com\\\/v3\\\/#\\\/schema\\\/logo\\\/image\\\/\",\"url\":\"https:\\\/\\\/cvinoticias.com\\\/wp-content\\\/uploads\\\/2023\\\/04\\\/cropped-cropped-cropped-cropped-cropped-3-1.png\",\"contentUrl\":\"https:\\\/\\\/cvinoticias.com\\\/wp-content\\\/uploads\\\/2023\\\/04\\\/cropped-cropped-cropped-cropped-cropped-3-1.png\",\"width\":95,\"height\":122,\"caption\":\"CVI NOTICIAS\"},\"image\":{\"@id\":\"https:\\\/\\\/cvinoticias.com\\\/v3\\\/#\\\/schema\\\/logo\\\/image\\\/\"},\"sameAs\":[\"https:\\\/\\\/www.facebook.com\\\/cvinoticias\",\"https:\\\/\\\/www.instagram.com\\\/cvinoticias\\\/\",\"https:\\\/\\\/www.youtube.com\\\/@CVINOTICIAS\"]},{\"@type\":\"Person\",\"@id\":\"https:\\\/\\\/cvinoticias.com\\\/v3\\\/#\\\/schema\\\/person\\\/2db77e3c6bc03c538495d7b2b8be9b66\",\"name\":\"f1000024\",\"image\":{\"@type\":\"ImageObject\",\"inLanguage\":\"es\",\"@id\":\"https:\\\/\\\/secure.gravatar.com\\\/avatar\\\/d4fe7459cfc51ff5129ce1a732bbef5928568b8092d412ef95611616376bbeed?s=96&d=mm&r=g\",\"url\":\"https:\\\/\\\/secure.gravatar.com\\\/avatar\\\/d4fe7459cfc51ff5129ce1a732bbef5928568b8092d412ef95611616376bbeed?s=96&d=mm&r=g\",\"contentUrl\":\"https:\\\/\\\/secure.gravatar.com\\\/avatar\\\/d4fe7459cfc51ff5129ce1a732bbef5928568b8092d412ef95611616376bbeed?s=96&d=mm&r=g\",\"caption\":\"f1000024\"},\"url\":\"https:\\\/\\\/cvinoticias.com\\\/v3\\\/author\\\/f1000024\\\/\"}]}<\/script>\n<!-- \/ Yoast SEO plugin. -->","yoast_head_json":{"title":"C\u00f3rdoba: Una vivienda explot\u00f3 con una madre y sus tres hijos adentro | CVI NOTICIAS","robots":{"index":"index","follow":"follow","max-snippet":"max-snippet:-1","max-image-preview":"max-image-preview:large","max-video-preview":"max-video-preview:-1"},"canonical":"https:\/\/cvinoticias.com\/v3\/cordoba-una-vivienda-exploto-con-una-madre-y-sus-tres-hijos-adentro\/","og_locale":"es_ES","og_type":"article","og_title":"C\u00f3rdoba: Una vivienda explot\u00f3 con una madre y sus tres hijos adentro | CVI NOTICIAS","og_description":"La mujer de 26 a\u00f1os y los tres menores se encontraban en el interior de la casa y tuvieron que ser rescatados por los Bomberos. Una madre y sus tres hijos fueron internados en grave estado debido a la explosi\u00f3n de su casa. Los cuatro se encontraban en el interior de la vivienda cuando, por [&hellip;]","og_url":"https:\/\/cvinoticias.com\/v3\/cordoba-una-vivienda-exploto-con-una-madre-y-sus-tres-hijos-adentro\/","og_site_name":"CVI NOTICIAS","article_publisher":"https:\/\/www.facebook.com\/cvinoticias","article_published_time":"2023-07-24T10:56:57+00:00","og_image":[{"width":700,"height":350,"url":"https:\/\/cvinoticias.com\/wp-content\/uploads\/2023\/07\/714681.jpg_nota.jpg","type":"image\/jpeg"}],"author":"f1000024","twitter_card":"summary_large_image","twitter_misc":{"Escrito por":"f1000024","Tiempo de lectura":"2 minutos"},"schema":{"@context":"https:\/\/schema.org","@graph":[{"@type":"Article","@id":"https:\/\/cvinoticias.com\/v3\/cordoba-una-vivienda-exploto-con-una-madre-y-sus-tres-hijos-adentro\/#article","isPartOf":{"@id":"https:\/\/cvinoticias.com\/v3\/cordoba-una-vivienda-exploto-con-una-madre-y-sus-tres-hijos-adentro\/"},"author":{"name":"f1000024","@id":"https:\/\/cvinoticias.com\/v3\/#\/schema\/person\/2db77e3c6bc03c538495d7b2b8be9b66"},"headline":"C\u00f3rdoba: Una vivienda explot\u00f3 con una madre y sus tres hijos adentro","datePublished":"2023-07-24T10:56:57+00:00","mainEntityOfPage":{"@id":"https:\/\/cvinoticias.com\/v3\/cordoba-una-vivienda-exploto-con-una-madre-y-sus-tres-hijos-adentro\/"},"wordCount":407,"commentCount":0,"publisher":{"@id":"https:\/\/cvinoticias.com\/v3\/#organization"},"image":{"@id":"https:\/\/cvinoticias.com\/v3\/cordoba-una-vivienda-exploto-con-una-madre-y-sus-tres-hijos-adentro\/#primaryimage"},"thumbnailUrl":"https:\/\/cvinoticias.com\/wp-content\/uploads\/2023\/07\/714681.jpg_nota.jpg","articleSection":["Nacionales"],"inLanguage":"es","potentialAction":[{"@type":"CommentAction","name":"Comment","target":["https:\/\/cvinoticias.com\/v3\/cordoba-una-vivienda-exploto-con-una-madre-y-sus-tres-hijos-adentro\/#respond"]}]},{"@type":"WebPage","@id":"https:\/\/cvinoticias.com\/v3\/cordoba-una-vivienda-exploto-con-una-madre-y-sus-tres-hijos-adentro\/","url":"https:\/\/cvinoticias.com\/v3\/cordoba-una-vivienda-exploto-con-una-madre-y-sus-tres-hijos-adentro\/","name":"C\u00f3rdoba: Una vivienda explot\u00f3 con una madre y sus tres hijos adentro | CVI NOTICIAS","isPartOf":{"@id":"https:\/\/cvinoticias.com\/v3\/#website"},"primaryImageOfPage":{"@id":"https:\/\/cvinoticias.com\/v3\/cordoba-una-vivienda-exploto-con-una-madre-y-sus-tres-hijos-adentro\/#primaryimage"},"image":{"@id":"https:\/\/cvinoticias.com\/v3\/cordoba-una-vivienda-exploto-con-una-madre-y-sus-tres-hijos-adentro\/#primaryimage"},"thumbnailUrl":"https:\/\/cvinoticias.com\/wp-content\/uploads\/2023\/07\/714681.jpg_nota.jpg","datePublished":"2023-07-24T10:56:57+00:00","breadcrumb":{"@id":"https:\/\/cvinoticias.com\/v3\/cordoba-una-vivienda-exploto-con-una-madre-y-sus-tres-hijos-adentro\/#breadcrumb"},"inLanguage":"es","potentialAction":[{"@type":"ReadAction","target":["https:\/\/cvinoticias.com\/v3\/cordoba-una-vivienda-exploto-con-una-madre-y-sus-tres-hijos-adentro\/"]}]},{"@type":"ImageObject","inLanguage":"es","@id":"https:\/\/cvinoticias.com\/v3\/cordoba-una-vivienda-exploto-con-una-madre-y-sus-tres-hijos-adentro\/#primaryimage","url":"https:\/\/cvinoticias.com\/wp-content\/uploads\/2023\/07\/714681.jpg_nota.jpg","contentUrl":"https:\/\/cvinoticias.com\/wp-content\/uploads\/2023\/07\/714681.jpg_nota.jpg","width":700,"height":350},{"@type":"BreadcrumbList","@id":"https:\/\/cvinoticias.com\/v3\/cordoba-una-vivienda-exploto-con-una-madre-y-sus-tres-hijos-adentro\/#breadcrumb","itemListElement":[{"@type":"ListItem","position":1,"name":"Portada","item":"https:\/\/cvinoticias.com\/v3\/"},{"@type":"ListItem","position":2,"name":"C\u00f3rdoba: Una vivienda explot\u00f3 con una madre y sus tres hijos adentro"}]},{"@type":"WebSite","@id":"https:\/\/cvinoticias.com\/v3\/#website","url":"https:\/\/cvinoticias.com\/v3\/","name":"CVI NOTICIAS","description":"","publisher":{"@id":"https:\/\/cvinoticias.com\/v3\/#organization"},"alternateName":"CVI","potentialAction":[{"@type":"SearchAction","target":{"@type":"EntryPoint","urlTemplate":"https:\/\/cvinoticias.com\/v3\/?s={search_term_string}"},"query-input":{"@type":"PropertyValueSpecification","valueRequired":true,"valueName":"search_term_string"}}],"inLanguage":"es"},{"@type":"Organization","@id":"https:\/\/cvinoticias.com\/v3\/#organization","name":"CVI NOTICIAS","url":"https:\/\/cvinoticias.com\/v3\/","logo":{"@type":"ImageObject","inLanguage":"es","@id":"https:\/\/cvinoticias.com\/v3\/#\/schema\/logo\/image\/","url":"https:\/\/cvinoticias.com\/wp-content\/uploads\/2023\/04\/cropped-cropped-cropped-cropped-cropped-3-1.png","contentUrl":"https:\/\/cvinoticias.com\/wp-content\/uploads\/2023\/04\/cropped-cropped-cropped-cropped-cropped-3-1.png","width":95,"height":122,"caption":"CVI NOTICIAS"},"image":{"@id":"https:\/\/cvinoticias.com\/v3\/#\/schema\/logo\/image\/"},"sameAs":["https:\/\/www.facebook.com\/cvinoticias","https:\/\/www.instagram.com\/cvinoticias\/","https:\/\/www.youtube.com\/@CVINOTICIAS"]},{"@type":"Person","@id":"https:\/\/cvinoticias.com\/v3\/#\/schema\/person\/2db77e3c6bc03c538495d7b2b8be9b66","name":"f1000024","image":{"@type":"ImageObject","inLanguage":"es","@id":"https:\/\/secure.gravatar.com\/avatar\/d4fe7459cfc51ff5129ce1a732bbef5928568b8092d412ef95611616376bbeed?s=96&d=mm&r=g","url":"https:\/\/secure.gravatar.com\/avatar\/d4fe7459cfc51ff5129ce1a732bbef5928568b8092d412ef95611616376bbeed?s=96&d=mm&r=g","contentUrl":"https:\/\/secure.gravatar.com\/avatar\/d4fe7459cfc51ff5129ce1a732bbef5928568b8092d412ef95611616376bbeed?s=96&d=mm&r=g","caption":"f1000024"},"url":"https:\/\/cvinoticias.com\/v3\/author\/f1000024\/"}]}},"_links":{"self":[{"href":"https:\/\/cvinoticias.com\/v3\/wp-json\/wp\/v2\/posts\/26492","targetHints":{"allow":["GET"]}}],"collection":[{"href":"https:\/\/cvinoticias.com\/v3\/wp-json\/wp\/v2\/posts"}],"about":[{"href":"https:\/\/cvinoticias.com\/v3\/wp-json\/wp\/v2\/types\/post"}],"author":[{"embeddable":true,"href":"https:\/\/cvinoticias.com\/v3\/wp-json\/wp\/v2\/users\/2"}],"replies":[{"embeddable":true,"href":"https:\/\/cvinoticias.com\/v3\/wp-json\/wp\/v2\/comments?post=26492"}],"version-history":[{"count":1,"href":"https:\/\/cvinoticias.com\/v3\/wp-json\/wp\/v2\/posts\/26492\/revisions"}],"predecessor-version":[{"id":26494,"href":"https:\/\/cvinoticias.com\/v3\/wp-json\/wp\/v2\/posts\/26492\/revisions\/26494"}],"wp:featuredmedia":[{"embeddable":true,"href":"https:\/\/cvinoticias.com\/v3\/wp-json\/wp\/v2\/media\/26493"}],"wp:attachment":[{"href":"https:\/\/cvinoticias.com\/v3\/wp-json\/wp\/v2\/media?parent=26492"}],"wp:term":[{"taxonomy":"category","embeddable":true,"href":"https:\/\/cvinoticias.com\/v3\/wp-json\/wp\/v2\/categories?post=26492"},{"taxonomy":"post_tag","embeddable":true,"href":"https:\/\/cvinoticias.com\/v3\/wp-json\/wp\/v2\/tags?post=26492"}],"curies":[{"name":"wp","href":"https:\/\/api.w.org\/{rel}","templated":true}]}}