{"id":26433,"date":"2023-07-20T15:08:54","date_gmt":"2023-07-20T15:08:54","guid":{"rendered":"https:\/\/cvinoticias.com\/v3\/?p=26433"},"modified":"2023-07-20T15:08:54","modified_gmt":"2023-07-20T15:08:54","slug":"identificaron-los-restos-de-una-joven-desaparecida-en-la-dictadura-militar","status":"publish","type":"post","link":"https:\/\/cvinoticias.com\/v3\/identificaron-los-restos-de-una-joven-desaparecida-en-la-dictadura-militar\/","title":{"rendered":"Identificaron los restos de una joven desaparecida en la dictadura militar"},"content":{"rendered":"\n<p><strong><em>Rosa Rina Alarc\u00f3n ten\u00eda 27 a\u00f1os cuando la secuestraron. Los restos fueron restituidos a su familia en Catamarca.<\/em><\/strong><\/p>\n\n\n\n<p>Rosa Rina Alarc\u00f3n Robin ten\u00eda 27 a\u00f1os cuando fue secuestrada por los militares el 25 de octubre de 1976. Era madre y trabajaba en una \u00f3ptica en la localidad de Concepci\u00f3n de Tucum\u00e1n. Fue vista con vida por \u00faltima vez en el Arsenal Miguel de azcu\u00e9naga. El 6 de marzo luego de 47 a\u00f1os sus restos fueron identificados en Pozo de Vargas y restituidos a su familia en Catamarca.<\/p>\n\n\n\n<p>El d\u00eda en que Rina fue secuestrada iba en el auto junto al due\u00f1o de la \u00f3ptica en donde trabajaba, quien la estaba llevando a su domicilio. Cuando llegaron al puente sobre el r\u00edo Gastona, varios veh\u00edculos interceptaron el autom\u00f3vil y dos sujetos la bajaron y la cargaron. Desde ah\u00ed fue llevada al Arsenal Miguel de azcu\u00e9naga donde fue vista e identificada por dos detenidos de apellidos Augier y Barrionuevo. En ese lugar seg\u00fan recuerdan los testigos fue obligada a repartir comida entre los detenidos y permaneci\u00f3 hasta marzo de 1977 cuando se la llevaron para asesinarla.<\/p>\n\n\n\n<figure class=\"wp-block-image size-large\"><a href=\"https:\/\/cvinoticias.com\/wp-content\/uploads\/2023\/07\/0000141023.jpg\"><img decoding=\"async\" width=\"1024\" height=\"594\" data-src=\"https:\/\/cvinoticias.com\/wp-content\/uploads\/2023\/07\/0000141023-1024x594.jpg\" alt=\"\" class=\"wp-image-26434 lazyload\" data-srcset=\"https:\/\/cvinoticias.com\/wp-content\/uploads\/2023\/07\/0000141023-1024x594.jpg 1024w, https:\/\/cvinoticias.com\/wp-content\/uploads\/2023\/07\/0000141023-300x174.jpg 300w, https:\/\/cvinoticias.com\/wp-content\/uploads\/2023\/07\/0000141023-768x445.jpg 768w, https:\/\/cvinoticias.com\/wp-content\/uploads\/2023\/07\/0000141023.jpg 1500w\" data-sizes=\"(max-width: 1024px) 100vw, 1024px\" src=\"data:image\/svg+xml;base64,PHN2ZyB3aWR0aD0iMSIgaGVpZ2h0PSIxIiB4bWxucz0iaHR0cDovL3d3dy53My5vcmcvMjAwMC9zdmciPjwvc3ZnPg==\" style=\"--smush-placeholder-width: 1024px; --smush-placeholder-aspect-ratio: 1024\/594;\" \/><\/a><\/figure>\n\n\n\n<p>47 a\u00f1os despu\u00e9s, y tras los trabajos que realizan en pozo de Varga los profesionales del Colectivo Arqueolog\u00eda Memoria e Identidad de Tucum\u00e1n (CAMIT), los restos de Rina fueron identificados y finalmente entregados a su familia para que lo sepulten.<\/p>\n\n\n\n<p>Organismos de derechos humanos de catamarca comunicaron la novedad y acompa\u00f1aron el acto de restituci\u00f3n y responso en la capilla San Cayetano de la localidad de Concepci\u00f3n. Anteriormente la hija y nieta de Rina primas y familiares acompa\u00f1aron el traslado de sus restos al cementerio de Puerta Grande, ubicado en el municipio catamarque\u00f1o de Los Altos.<\/p>\n\n\n\n<p>\u00abRosa volvi\u00f3 con su familia\u00bb, se\u00f1alaron desde la Casa de la Memoria en Catamarca, quienes conocen el dolor de la incertidumbre y la lucha de las familias y a\u00fan esperan que sus familiares secuestrados durante la dictadura vuelvan.<\/p>\n\n\n\n<p>El pozo de Vargas, est\u00e1 ubicado a 10 km del centro de Tucum\u00e1n, es una construcci\u00f3n subterr\u00e1nea de fines del siglo XIX que fue utilizada durante la \u00faltima dictadura c\u00edvico militar eclesi\u00e1stica como sitio de inhumaci\u00f3n clandestina. Gracias a los trabajos del CAMIT se ha logrado identificar a m\u00e1s de 115 personas provenientes de distintas provincias entre ellas Tucum\u00e1n, Jujuy, Salta, Mendoza y Catamarca.Fue descubierto en 2001 a partir de testimonios de detenidos quienes aseguraron que en la finca azucarera de Antonio Vargas exist\u00eda un pozo para ocultar los cuerpos de v\u00edctimas de cr\u00edmenes de lesa humanidad.<\/p>\n","protected":false},"excerpt":{"rendered":"<p>Rosa Rina Alarc\u00f3n ten\u00eda 27 a\u00f1os cuando la secuestraron. Los restos fueron restituidos a su familia en Catamarca. Rosa Rina Alarc\u00f3n Robin ten\u00eda 27 a\u00f1os cuando fue secuestrada por los militares el 25 de octubre de 1976. Era madre y trabajaba en una \u00f3ptica en la localidad de Concepci\u00f3n de Tucum\u00e1n. Fue vista con vida [&hellip;]<\/p>\n","protected":false},"author":2,"featured_media":26435,"comment_status":"open","ping_status":"open","sticky":false,"template":"","format":"standard","meta":{"footnotes":""},"categories":[39],"tags":[],"class_list":["post-26433","post","type-post","status-publish","format-standard","has-post-thumbnail","hentry","category-nacionales"],"yoast_head":"<!-- This site is optimized with the Yoast SEO plugin v27.5 - https:\/\/yoast.com\/product\/yoast-seo-wordpress\/ -->\n<title>Identificaron los restos de una joven desaparecida en la dictadura militar | CVI NOTICIAS<\/title>\n<meta name=\"robots\" content=\"index, follow, max-snippet:-1, max-image-preview:large, max-video-preview:-1\" \/>\n<link rel=\"canonical\" href=\"https:\/\/cvinoticias.com\/v3\/identificaron-los-restos-de-una-joven-desaparecida-en-la-dictadura-militar\/\" \/>\n<meta property=\"og:locale\" content=\"es_ES\" \/>\n<meta property=\"og:type\" content=\"article\" \/>\n<meta property=\"og:title\" content=\"Identificaron los restos de una joven desaparecida en la dictadura militar | CVI NOTICIAS\" \/>\n<meta property=\"og:description\" content=\"Rosa Rina Alarc\u00f3n ten\u00eda 27 a\u00f1os cuando la secuestraron. Los restos fueron restituidos a su familia en Catamarca. Rosa Rina Alarc\u00f3n Robin ten\u00eda 27 a\u00f1os cuando fue secuestrada por los militares el 25 de octubre de 1976. Era madre y trabajaba en una \u00f3ptica en la localidad de Concepci\u00f3n de Tucum\u00e1n. Fue vista con vida [&hellip;]\" \/>\n<meta property=\"og:url\" content=\"https:\/\/cvinoticias.com\/v3\/identificaron-los-restos-de-una-joven-desaparecida-en-la-dictadura-militar\/\" \/>\n<meta property=\"og:site_name\" content=\"CVI NOTICIAS\" \/>\n<meta property=\"article:publisher\" content=\"https:\/\/www.facebook.com\/cvinoticias\" \/>\n<meta property=\"article:published_time\" content=\"2023-07-20T15:08:54+00:00\" \/>\n<meta property=\"og:image\" content=\"https:\/\/cvinoticias.com\/wp-content\/uploads\/2023\/07\/707876-whatsapp-20image-202023-03-18-20at-2022-29-17.jpeg\" \/>\n\t<meta property=\"og:image:width\" content=\"1200\" \/>\n\t<meta property=\"og:image:height\" content=\"800\" \/>\n\t<meta property=\"og:image:type\" content=\"image\/jpeg\" \/>\n<meta name=\"author\" content=\"f1000024\" \/>\n<meta name=\"twitter:card\" content=\"summary_large_image\" \/>\n<meta name=\"twitter:label1\" content=\"Escrito por\" \/>\n\t<meta name=\"twitter:data1\" content=\"f1000024\" \/>\n\t<meta name=\"twitter:label2\" content=\"Tiempo de lectura\" \/>\n\t<meta name=\"twitter:data2\" content=\"2 minutos\" \/>\n<script type=\"application\/ld+json\" class=\"yoast-schema-graph\">{\"@context\":\"https:\\\/\\\/schema.org\",\"@graph\":[{\"@type\":\"Article\",\"@id\":\"https:\\\/\\\/cvinoticias.com\\\/v3\\\/identificaron-los-restos-de-una-joven-desaparecida-en-la-dictadura-militar\\\/#article\",\"isPartOf\":{\"@id\":\"https:\\\/\\\/cvinoticias.com\\\/v3\\\/identificaron-los-restos-de-una-joven-desaparecida-en-la-dictadura-militar\\\/\"},\"author\":{\"name\":\"f1000024\",\"@id\":\"https:\\\/\\\/cvinoticias.com\\\/v3\\\/#\\\/schema\\\/person\\\/2db77e3c6bc03c538495d7b2b8be9b66\"},\"headline\":\"Identificaron los restos de una joven desaparecida en la dictadura militar\",\"datePublished\":\"2023-07-20T15:08:54+00:00\",\"mainEntityOfPage\":{\"@id\":\"https:\\\/\\\/cvinoticias.com\\\/v3\\\/identificaron-los-restos-de-una-joven-desaparecida-en-la-dictadura-militar\\\/\"},\"wordCount\":455,\"commentCount\":0,\"publisher\":{\"@id\":\"https:\\\/\\\/cvinoticias.com\\\/v3\\\/#organization\"},\"image\":{\"@id\":\"https:\\\/\\\/cvinoticias.com\\\/v3\\\/identificaron-los-restos-de-una-joven-desaparecida-en-la-dictadura-militar\\\/#primaryimage\"},\"thumbnailUrl\":\"https:\\\/\\\/cvinoticias.com\\\/wp-content\\\/uploads\\\/2023\\\/07\\\/707876-whatsapp-20image-202023-03-18-20at-2022-29-17.jpeg\",\"articleSection\":[\"Nacionales\"],\"inLanguage\":\"es\",\"potentialAction\":[{\"@type\":\"CommentAction\",\"name\":\"Comment\",\"target\":[\"https:\\\/\\\/cvinoticias.com\\\/v3\\\/identificaron-los-restos-de-una-joven-desaparecida-en-la-dictadura-militar\\\/#respond\"]}]},{\"@type\":\"WebPage\",\"@id\":\"https:\\\/\\\/cvinoticias.com\\\/v3\\\/identificaron-los-restos-de-una-joven-desaparecida-en-la-dictadura-militar\\\/\",\"url\":\"https:\\\/\\\/cvinoticias.com\\\/v3\\\/identificaron-los-restos-de-una-joven-desaparecida-en-la-dictadura-militar\\\/\",\"name\":\"Identificaron los restos de una joven desaparecida en la dictadura militar | CVI NOTICIAS\",\"isPartOf\":{\"@id\":\"https:\\\/\\\/cvinoticias.com\\\/v3\\\/#website\"},\"primaryImageOfPage\":{\"@id\":\"https:\\\/\\\/cvinoticias.com\\\/v3\\\/identificaron-los-restos-de-una-joven-desaparecida-en-la-dictadura-militar\\\/#primaryimage\"},\"image\":{\"@id\":\"https:\\\/\\\/cvinoticias.com\\\/v3\\\/identificaron-los-restos-de-una-joven-desaparecida-en-la-dictadura-militar\\\/#primaryimage\"},\"thumbnailUrl\":\"https:\\\/\\\/cvinoticias.com\\\/wp-content\\\/uploads\\\/2023\\\/07\\\/707876-whatsapp-20image-202023-03-18-20at-2022-29-17.jpeg\",\"datePublished\":\"2023-07-20T15:08:54+00:00\",\"breadcrumb\":{\"@id\":\"https:\\\/\\\/cvinoticias.com\\\/v3\\\/identificaron-los-restos-de-una-joven-desaparecida-en-la-dictadura-militar\\\/#breadcrumb\"},\"inLanguage\":\"es\",\"potentialAction\":[{\"@type\":\"ReadAction\",\"target\":[\"https:\\\/\\\/cvinoticias.com\\\/v3\\\/identificaron-los-restos-de-una-joven-desaparecida-en-la-dictadura-militar\\\/\"]}]},{\"@type\":\"ImageObject\",\"inLanguage\":\"es\",\"@id\":\"https:\\\/\\\/cvinoticias.com\\\/v3\\\/identificaron-los-restos-de-una-joven-desaparecida-en-la-dictadura-militar\\\/#primaryimage\",\"url\":\"https:\\\/\\\/cvinoticias.com\\\/wp-content\\\/uploads\\\/2023\\\/07\\\/707876-whatsapp-20image-202023-03-18-20at-2022-29-17.jpeg\",\"contentUrl\":\"https:\\\/\\\/cvinoticias.com\\\/wp-content\\\/uploads\\\/2023\\\/07\\\/707876-whatsapp-20image-202023-03-18-20at-2022-29-17.jpeg\",\"width\":1200,\"height\":800},{\"@type\":\"BreadcrumbList\",\"@id\":\"https:\\\/\\\/cvinoticias.com\\\/v3\\\/identificaron-los-restos-de-una-joven-desaparecida-en-la-dictadura-militar\\\/#breadcrumb\",\"itemListElement\":[{\"@type\":\"ListItem\",\"position\":1,\"name\":\"Portada\",\"item\":\"https:\\\/\\\/cvinoticias.com\\\/v3\\\/\"},{\"@type\":\"ListItem\",\"position\":2,\"name\":\"Identificaron los restos de una joven desaparecida en la dictadura militar\"}]},{\"@type\":\"WebSite\",\"@id\":\"https:\\\/\\\/cvinoticias.com\\\/v3\\\/#website\",\"url\":\"https:\\\/\\\/cvinoticias.com\\\/v3\\\/\",\"name\":\"CVI NOTICIAS\",\"description\":\"\",\"publisher\":{\"@id\":\"https:\\\/\\\/cvinoticias.com\\\/v3\\\/#organization\"},\"alternateName\":\"CVI\",\"potentialAction\":[{\"@type\":\"SearchAction\",\"target\":{\"@type\":\"EntryPoint\",\"urlTemplate\":\"https:\\\/\\\/cvinoticias.com\\\/v3\\\/?s={search_term_string}\"},\"query-input\":{\"@type\":\"PropertyValueSpecification\",\"valueRequired\":true,\"valueName\":\"search_term_string\"}}],\"inLanguage\":\"es\"},{\"@type\":\"Organization\",\"@id\":\"https:\\\/\\\/cvinoticias.com\\\/v3\\\/#organization\",\"name\":\"CVI NOTICIAS\",\"url\":\"https:\\\/\\\/cvinoticias.com\\\/v3\\\/\",\"logo\":{\"@type\":\"ImageObject\",\"inLanguage\":\"es\",\"@id\":\"https:\\\/\\\/cvinoticias.com\\\/v3\\\/#\\\/schema\\\/logo\\\/image\\\/\",\"url\":\"https:\\\/\\\/cvinoticias.com\\\/wp-content\\\/uploads\\\/2023\\\/04\\\/cropped-cropped-cropped-cropped-cropped-3-1.png\",\"contentUrl\":\"https:\\\/\\\/cvinoticias.com\\\/wp-content\\\/uploads\\\/2023\\\/04\\\/cropped-cropped-cropped-cropped-cropped-3-1.png\",\"width\":95,\"height\":122,\"caption\":\"CVI NOTICIAS\"},\"image\":{\"@id\":\"https:\\\/\\\/cvinoticias.com\\\/v3\\\/#\\\/schema\\\/logo\\\/image\\\/\"},\"sameAs\":[\"https:\\\/\\\/www.facebook.com\\\/cvinoticias\",\"https:\\\/\\\/www.instagram.com\\\/cvinoticias\\\/\",\"https:\\\/\\\/www.youtube.com\\\/@CVINOTICIAS\"]},{\"@type\":\"Person\",\"@id\":\"https:\\\/\\\/cvinoticias.com\\\/v3\\\/#\\\/schema\\\/person\\\/2db77e3c6bc03c538495d7b2b8be9b66\",\"name\":\"f1000024\",\"image\":{\"@type\":\"ImageObject\",\"inLanguage\":\"es\",\"@id\":\"https:\\\/\\\/secure.gravatar.com\\\/avatar\\\/d4fe7459cfc51ff5129ce1a732bbef5928568b8092d412ef95611616376bbeed?s=96&d=mm&r=g\",\"url\":\"https:\\\/\\\/secure.gravatar.com\\\/avatar\\\/d4fe7459cfc51ff5129ce1a732bbef5928568b8092d412ef95611616376bbeed?s=96&d=mm&r=g\",\"contentUrl\":\"https:\\\/\\\/secure.gravatar.com\\\/avatar\\\/d4fe7459cfc51ff5129ce1a732bbef5928568b8092d412ef95611616376bbeed?s=96&d=mm&r=g\",\"caption\":\"f1000024\"},\"url\":\"https:\\\/\\\/cvinoticias.com\\\/v3\\\/author\\\/f1000024\\\/\"}]}<\/script>\n<!-- \/ Yoast SEO plugin. -->","yoast_head_json":{"title":"Identificaron los restos de una joven desaparecida en la dictadura militar | CVI NOTICIAS","robots":{"index":"index","follow":"follow","max-snippet":"max-snippet:-1","max-image-preview":"max-image-preview:large","max-video-preview":"max-video-preview:-1"},"canonical":"https:\/\/cvinoticias.com\/v3\/identificaron-los-restos-de-una-joven-desaparecida-en-la-dictadura-militar\/","og_locale":"es_ES","og_type":"article","og_title":"Identificaron los restos de una joven desaparecida en la dictadura militar | CVI NOTICIAS","og_description":"Rosa Rina Alarc\u00f3n ten\u00eda 27 a\u00f1os cuando la secuestraron. Los restos fueron restituidos a su familia en Catamarca. Rosa Rina Alarc\u00f3n Robin ten\u00eda 27 a\u00f1os cuando fue secuestrada por los militares el 25 de octubre de 1976. Era madre y trabajaba en una \u00f3ptica en la localidad de Concepci\u00f3n de Tucum\u00e1n. Fue vista con vida [&hellip;]","og_url":"https:\/\/cvinoticias.com\/v3\/identificaron-los-restos-de-una-joven-desaparecida-en-la-dictadura-militar\/","og_site_name":"CVI NOTICIAS","article_publisher":"https:\/\/www.facebook.com\/cvinoticias","article_published_time":"2023-07-20T15:08:54+00:00","og_image":[{"width":1200,"height":800,"url":"https:\/\/cvinoticias.com\/wp-content\/uploads\/2023\/07\/707876-whatsapp-20image-202023-03-18-20at-2022-29-17.jpeg","type":"image\/jpeg"}],"author":"f1000024","twitter_card":"summary_large_image","twitter_misc":{"Escrito por":"f1000024","Tiempo de lectura":"2 minutos"},"schema":{"@context":"https:\/\/schema.org","@graph":[{"@type":"Article","@id":"https:\/\/cvinoticias.com\/v3\/identificaron-los-restos-de-una-joven-desaparecida-en-la-dictadura-militar\/#article","isPartOf":{"@id":"https:\/\/cvinoticias.com\/v3\/identificaron-los-restos-de-una-joven-desaparecida-en-la-dictadura-militar\/"},"author":{"name":"f1000024","@id":"https:\/\/cvinoticias.com\/v3\/#\/schema\/person\/2db77e3c6bc03c538495d7b2b8be9b66"},"headline":"Identificaron los restos de una joven desaparecida en la dictadura militar","datePublished":"2023-07-20T15:08:54+00:00","mainEntityOfPage":{"@id":"https:\/\/cvinoticias.com\/v3\/identificaron-los-restos-de-una-joven-desaparecida-en-la-dictadura-militar\/"},"wordCount":455,"commentCount":0,"publisher":{"@id":"https:\/\/cvinoticias.com\/v3\/#organization"},"image":{"@id":"https:\/\/cvinoticias.com\/v3\/identificaron-los-restos-de-una-joven-desaparecida-en-la-dictadura-militar\/#primaryimage"},"thumbnailUrl":"https:\/\/cvinoticias.com\/wp-content\/uploads\/2023\/07\/707876-whatsapp-20image-202023-03-18-20at-2022-29-17.jpeg","articleSection":["Nacionales"],"inLanguage":"es","potentialAction":[{"@type":"CommentAction","name":"Comment","target":["https:\/\/cvinoticias.com\/v3\/identificaron-los-restos-de-una-joven-desaparecida-en-la-dictadura-militar\/#respond"]}]},{"@type":"WebPage","@id":"https:\/\/cvinoticias.com\/v3\/identificaron-los-restos-de-una-joven-desaparecida-en-la-dictadura-militar\/","url":"https:\/\/cvinoticias.com\/v3\/identificaron-los-restos-de-una-joven-desaparecida-en-la-dictadura-militar\/","name":"Identificaron los restos de una joven desaparecida en la dictadura militar | CVI NOTICIAS","isPartOf":{"@id":"https:\/\/cvinoticias.com\/v3\/#website"},"primaryImageOfPage":{"@id":"https:\/\/cvinoticias.com\/v3\/identificaron-los-restos-de-una-joven-desaparecida-en-la-dictadura-militar\/#primaryimage"},"image":{"@id":"https:\/\/cvinoticias.com\/v3\/identificaron-los-restos-de-una-joven-desaparecida-en-la-dictadura-militar\/#primaryimage"},"thumbnailUrl":"https:\/\/cvinoticias.com\/wp-content\/uploads\/2023\/07\/707876-whatsapp-20image-202023-03-18-20at-2022-29-17.jpeg","datePublished":"2023-07-20T15:08:54+00:00","breadcrumb":{"@id":"https:\/\/cvinoticias.com\/v3\/identificaron-los-restos-de-una-joven-desaparecida-en-la-dictadura-militar\/#breadcrumb"},"inLanguage":"es","potentialAction":[{"@type":"ReadAction","target":["https:\/\/cvinoticias.com\/v3\/identificaron-los-restos-de-una-joven-desaparecida-en-la-dictadura-militar\/"]}]},{"@type":"ImageObject","inLanguage":"es","@id":"https:\/\/cvinoticias.com\/v3\/identificaron-los-restos-de-una-joven-desaparecida-en-la-dictadura-militar\/#primaryimage","url":"https:\/\/cvinoticias.com\/wp-content\/uploads\/2023\/07\/707876-whatsapp-20image-202023-03-18-20at-2022-29-17.jpeg","contentUrl":"https:\/\/cvinoticias.com\/wp-content\/uploads\/2023\/07\/707876-whatsapp-20image-202023-03-18-20at-2022-29-17.jpeg","width":1200,"height":800},{"@type":"BreadcrumbList","@id":"https:\/\/cvinoticias.com\/v3\/identificaron-los-restos-de-una-joven-desaparecida-en-la-dictadura-militar\/#breadcrumb","itemListElement":[{"@type":"ListItem","position":1,"name":"Portada","item":"https:\/\/cvinoticias.com\/v3\/"},{"@type":"ListItem","position":2,"name":"Identificaron los restos de una joven desaparecida en la dictadura militar"}]},{"@type":"WebSite","@id":"https:\/\/cvinoticias.com\/v3\/#website","url":"https:\/\/cvinoticias.com\/v3\/","name":"CVI NOTICIAS","description":"","publisher":{"@id":"https:\/\/cvinoticias.com\/v3\/#organization"},"alternateName":"CVI","potentialAction":[{"@type":"SearchAction","target":{"@type":"EntryPoint","urlTemplate":"https:\/\/cvinoticias.com\/v3\/?s={search_term_string}"},"query-input":{"@type":"PropertyValueSpecification","valueRequired":true,"valueName":"search_term_string"}}],"inLanguage":"es"},{"@type":"Organization","@id":"https:\/\/cvinoticias.com\/v3\/#organization","name":"CVI NOTICIAS","url":"https:\/\/cvinoticias.com\/v3\/","logo":{"@type":"ImageObject","inLanguage":"es","@id":"https:\/\/cvinoticias.com\/v3\/#\/schema\/logo\/image\/","url":"https:\/\/cvinoticias.com\/wp-content\/uploads\/2023\/04\/cropped-cropped-cropped-cropped-cropped-3-1.png","contentUrl":"https:\/\/cvinoticias.com\/wp-content\/uploads\/2023\/04\/cropped-cropped-cropped-cropped-cropped-3-1.png","width":95,"height":122,"caption":"CVI NOTICIAS"},"image":{"@id":"https:\/\/cvinoticias.com\/v3\/#\/schema\/logo\/image\/"},"sameAs":["https:\/\/www.facebook.com\/cvinoticias","https:\/\/www.instagram.com\/cvinoticias\/","https:\/\/www.youtube.com\/@CVINOTICIAS"]},{"@type":"Person","@id":"https:\/\/cvinoticias.com\/v3\/#\/schema\/person\/2db77e3c6bc03c538495d7b2b8be9b66","name":"f1000024","image":{"@type":"ImageObject","inLanguage":"es","@id":"https:\/\/secure.gravatar.com\/avatar\/d4fe7459cfc51ff5129ce1a732bbef5928568b8092d412ef95611616376bbeed?s=96&d=mm&r=g","url":"https:\/\/secure.gravatar.com\/avatar\/d4fe7459cfc51ff5129ce1a732bbef5928568b8092d412ef95611616376bbeed?s=96&d=mm&r=g","contentUrl":"https:\/\/secure.gravatar.com\/avatar\/d4fe7459cfc51ff5129ce1a732bbef5928568b8092d412ef95611616376bbeed?s=96&d=mm&r=g","caption":"f1000024"},"url":"https:\/\/cvinoticias.com\/v3\/author\/f1000024\/"}]}},"_links":{"self":[{"href":"https:\/\/cvinoticias.com\/v3\/wp-json\/wp\/v2\/posts\/26433","targetHints":{"allow":["GET"]}}],"collection":[{"href":"https:\/\/cvinoticias.com\/v3\/wp-json\/wp\/v2\/posts"}],"about":[{"href":"https:\/\/cvinoticias.com\/v3\/wp-json\/wp\/v2\/types\/post"}],"author":[{"embeddable":true,"href":"https:\/\/cvinoticias.com\/v3\/wp-json\/wp\/v2\/users\/2"}],"replies":[{"embeddable":true,"href":"https:\/\/cvinoticias.com\/v3\/wp-json\/wp\/v2\/comments?post=26433"}],"version-history":[{"count":1,"href":"https:\/\/cvinoticias.com\/v3\/wp-json\/wp\/v2\/posts\/26433\/revisions"}],"predecessor-version":[{"id":26436,"href":"https:\/\/cvinoticias.com\/v3\/wp-json\/wp\/v2\/posts\/26433\/revisions\/26436"}],"wp:featuredmedia":[{"embeddable":true,"href":"https:\/\/cvinoticias.com\/v3\/wp-json\/wp\/v2\/media\/26435"}],"wp:attachment":[{"href":"https:\/\/cvinoticias.com\/v3\/wp-json\/wp\/v2\/media?parent=26433"}],"wp:term":[{"taxonomy":"category","embeddable":true,"href":"https:\/\/cvinoticias.com\/v3\/wp-json\/wp\/v2\/categories?post=26433"},{"taxonomy":"post_tag","embeddable":true,"href":"https:\/\/cvinoticias.com\/v3\/wp-json\/wp\/v2\/tags?post=26433"}],"curies":[{"name":"wp","href":"https:\/\/api.w.org\/{rel}","templated":true}]}}