{"id":26423,"date":"2023-07-20T12:24:59","date_gmt":"2023-07-20T12:24:59","guid":{"rendered":"https:\/\/cvinoticias.com\/v3\/?p=26423"},"modified":"2023-07-20T12:24:59","modified_gmt":"2023-07-20T12:24:59","slug":"sergio-massa-recibio-el-apoyo-de-la-cgt-y-se-pronuncio-a-favor-de-revalorizar-el-salario","status":"publish","type":"post","link":"https:\/\/cvinoticias.com\/v3\/sergio-massa-recibio-el-apoyo-de-la-cgt-y-se-pronuncio-a-favor-de-revalorizar-el-salario\/","title":{"rendered":"Sergio Massa recibi\u00f3 el apoyo de la CGT y se pronunci\u00f3 a favor de revalorizar el salario"},"content":{"rendered":"\n<p><strong><em>El ministro de Econom\u00eda y precandidato presidencial por Uni\u00f3n por la Patria recibi\u00f3 el respaldo sindical para las pr\u00f3ximas elecciones en la sede de la central obrera junto a su compa\u00f1ero de f\u00f3rmula, Agust\u00edn Rossi.<\/em><\/strong><\/p>\n\n\n\n<p>El ministro de Econom\u00eda y precandidato presidencial por Uni\u00f3n por la Patria (UxP), Sergio Massa, asegur\u00f3 que \u00abdefender el trabajo es defender a la Patria\u00bb; afirm\u00f3 su deseo de que \u00abel 20 de diciembre pr\u00f3ximo todos los argentinos puedan mirar a la Casa Rosada y sentir que tienen a un presidente de los trabajadores\u00bb y se pronunci\u00f3 por revalorizar el salario.<\/p>\n\n\n\n<p>Massa formul\u00f3 esos conceptos al participar hoy junto con su compa\u00f1ero de f\u00f3rmula, Agust\u00edn Rossi, en un acto en el Sal\u00f3n Felipe Vallese de la CGT organizado por el movimiento obrero para respaldar al binomio del oficialismo en los pr\u00f3ximos comicios.<\/p>\n\n\n\n<p>El ministro adelant\u00f3 que la central obrera, que colideran H\u00e9ctor Daer, Carlos Acu\u00f1a y Pablo Moyano, se sumar\u00e1 a la campa\u00f1a de UxP y tendr\u00e1 representantes sindicales en la mesa de trabajo de la coalici\u00f3n oficialista.<\/p>\n\n\n\n<p>Ante un colmado Felipe Vallese, en Azopardo al 800 de la ciudad de Buenos Aires, Massa asever\u00f3 que \u00abel primer desaf\u00edo ser\u00e1 defender el salario en la puja distributiva y alcanzar otra vez el 50 por ciento que alguna vez tuvieron los trabajadores\u00bb.<\/p>\n\n\n\n<p>Sostuvo que el Estado debe ser \u00abregulador de las relaciones sociales\u00bb y enfatiz\u00f3 que la defensa del ingreso y la lucha contra la inflaci\u00f3n tienen que ser encaradas de forma conjunta.<\/p>\n\n\n\n<p>\u00abEs preciso continuar recorriendo un camino que, en silencio, elegimos en 2019. Nunca se prometi\u00f3 en campa\u00f1a, como hicieron otros, eliminar el Impuesto a las Ganancias. El gobierno anterior comenz\u00f3 con 1.400.000 trabajadores pag\u00e1ndolo, y termin\u00f3 con 2.700.000\u00bb, sostuvo, y defendi\u00f3 la pol\u00edtica de subsidios.<\/p>\n","protected":false},"excerpt":{"rendered":"<p>El ministro de Econom\u00eda y precandidato presidencial por Uni\u00f3n por la Patria recibi\u00f3 el respaldo sindical para las pr\u00f3ximas elecciones en la sede de la central obrera junto a su compa\u00f1ero de f\u00f3rmula, Agust\u00edn Rossi. El ministro de Econom\u00eda y precandidato presidencial por Uni\u00f3n por la Patria (UxP), Sergio Massa, asegur\u00f3 que \u00abdefender el trabajo [&hellip;]<\/p>\n","protected":false},"author":2,"featured_media":26424,"comment_status":"open","ping_status":"open","sticky":false,"template":"","format":"standard","meta":{"footnotes":""},"categories":[39],"tags":[],"class_list":["post-26423","post","type-post","status-publish","format-standard","has-post-thumbnail","hentry","category-nacionales"],"yoast_head":"<!-- This site is optimized with the Yoast SEO plugin v27.5 - https:\/\/yoast.com\/product\/yoast-seo-wordpress\/ -->\n<title>Sergio Massa recibi\u00f3 el apoyo de la CGT y se pronunci\u00f3 a favor de revalorizar el salario | CVI NOTICIAS<\/title>\n<meta name=\"robots\" content=\"index, follow, max-snippet:-1, max-image-preview:large, max-video-preview:-1\" \/>\n<link rel=\"canonical\" href=\"https:\/\/cvinoticias.com\/v3\/sergio-massa-recibio-el-apoyo-de-la-cgt-y-se-pronuncio-a-favor-de-revalorizar-el-salario\/\" \/>\n<meta property=\"og:locale\" content=\"es_ES\" \/>\n<meta property=\"og:type\" content=\"article\" \/>\n<meta property=\"og:title\" content=\"Sergio Massa recibi\u00f3 el apoyo de la CGT y se pronunci\u00f3 a favor de revalorizar el salario | CVI NOTICIAS\" \/>\n<meta property=\"og:description\" content=\"El ministro de Econom\u00eda y precandidato presidencial por Uni\u00f3n por la Patria recibi\u00f3 el respaldo sindical para las pr\u00f3ximas elecciones en la sede de la central obrera junto a su compa\u00f1ero de f\u00f3rmula, Agust\u00edn Rossi. El ministro de Econom\u00eda y precandidato presidencial por Uni\u00f3n por la Patria (UxP), Sergio Massa, asegur\u00f3 que \u00abdefender el trabajo [&hellip;]\" \/>\n<meta property=\"og:url\" content=\"https:\/\/cvinoticias.com\/v3\/sergio-massa-recibio-el-apoyo-de-la-cgt-y-se-pronuncio-a-favor-de-revalorizar-el-salario\/\" \/>\n<meta property=\"og:site_name\" content=\"CVI NOTICIAS\" \/>\n<meta property=\"article:publisher\" content=\"https:\/\/www.facebook.com\/cvinoticias\" \/>\n<meta property=\"article:published_time\" content=\"2023-07-20T12:24:59+00:00\" \/>\n<meta property=\"og:image\" content=\"https:\/\/cvinoticias.com\/wp-content\/uploads\/2023\/07\/cgt_massa.jpg_529145118.jpg\" \/>\n\t<meta property=\"og:image:width\" content=\"368\" \/>\n\t<meta property=\"og:image:height\" content=\"207\" \/>\n\t<meta property=\"og:image:type\" content=\"image\/jpeg\" \/>\n<meta name=\"author\" content=\"f1000024\" \/>\n<meta name=\"twitter:card\" content=\"summary_large_image\" \/>\n<meta name=\"twitter:label1\" content=\"Escrito por\" \/>\n\t<meta name=\"twitter:data1\" content=\"f1000024\" \/>\n\t<meta name=\"twitter:label2\" content=\"Tiempo de lectura\" \/>\n\t<meta name=\"twitter:data2\" content=\"2 minutos\" \/>\n<script type=\"application\/ld+json\" class=\"yoast-schema-graph\">{\"@context\":\"https:\\\/\\\/schema.org\",\"@graph\":[{\"@type\":\"Article\",\"@id\":\"https:\\\/\\\/cvinoticias.com\\\/v3\\\/sergio-massa-recibio-el-apoyo-de-la-cgt-y-se-pronuncio-a-favor-de-revalorizar-el-salario\\\/#article\",\"isPartOf\":{\"@id\":\"https:\\\/\\\/cvinoticias.com\\\/v3\\\/sergio-massa-recibio-el-apoyo-de-la-cgt-y-se-pronuncio-a-favor-de-revalorizar-el-salario\\\/\"},\"author\":{\"name\":\"f1000024\",\"@id\":\"https:\\\/\\\/cvinoticias.com\\\/v3\\\/#\\\/schema\\\/person\\\/2db77e3c6bc03c538495d7b2b8be9b66\"},\"headline\":\"Sergio Massa recibi\u00f3 el apoyo de la CGT y se pronunci\u00f3 a favor de revalorizar el salario\",\"datePublished\":\"2023-07-20T12:24:59+00:00\",\"mainEntityOfPage\":{\"@id\":\"https:\\\/\\\/cvinoticias.com\\\/v3\\\/sergio-massa-recibio-el-apoyo-de-la-cgt-y-se-pronuncio-a-favor-de-revalorizar-el-salario\\\/\"},\"wordCount\":326,\"commentCount\":0,\"publisher\":{\"@id\":\"https:\\\/\\\/cvinoticias.com\\\/v3\\\/#organization\"},\"image\":{\"@id\":\"https:\\\/\\\/cvinoticias.com\\\/v3\\\/sergio-massa-recibio-el-apoyo-de-la-cgt-y-se-pronuncio-a-favor-de-revalorizar-el-salario\\\/#primaryimage\"},\"thumbnailUrl\":\"https:\\\/\\\/cvinoticias.com\\\/wp-content\\\/uploads\\\/2023\\\/07\\\/cgt_massa.jpg_529145118.jpg\",\"articleSection\":[\"Nacionales\"],\"inLanguage\":\"es\",\"potentialAction\":[{\"@type\":\"CommentAction\",\"name\":\"Comment\",\"target\":[\"https:\\\/\\\/cvinoticias.com\\\/v3\\\/sergio-massa-recibio-el-apoyo-de-la-cgt-y-se-pronuncio-a-favor-de-revalorizar-el-salario\\\/#respond\"]}]},{\"@type\":\"WebPage\",\"@id\":\"https:\\\/\\\/cvinoticias.com\\\/v3\\\/sergio-massa-recibio-el-apoyo-de-la-cgt-y-se-pronuncio-a-favor-de-revalorizar-el-salario\\\/\",\"url\":\"https:\\\/\\\/cvinoticias.com\\\/v3\\\/sergio-massa-recibio-el-apoyo-de-la-cgt-y-se-pronuncio-a-favor-de-revalorizar-el-salario\\\/\",\"name\":\"Sergio Massa recibi\u00f3 el apoyo de la CGT y se pronunci\u00f3 a favor de revalorizar el salario | CVI NOTICIAS\",\"isPartOf\":{\"@id\":\"https:\\\/\\\/cvinoticias.com\\\/v3\\\/#website\"},\"primaryImageOfPage\":{\"@id\":\"https:\\\/\\\/cvinoticias.com\\\/v3\\\/sergio-massa-recibio-el-apoyo-de-la-cgt-y-se-pronuncio-a-favor-de-revalorizar-el-salario\\\/#primaryimage\"},\"image\":{\"@id\":\"https:\\\/\\\/cvinoticias.com\\\/v3\\\/sergio-massa-recibio-el-apoyo-de-la-cgt-y-se-pronuncio-a-favor-de-revalorizar-el-salario\\\/#primaryimage\"},\"thumbnailUrl\":\"https:\\\/\\\/cvinoticias.com\\\/wp-content\\\/uploads\\\/2023\\\/07\\\/cgt_massa.jpg_529145118.jpg\",\"datePublished\":\"2023-07-20T12:24:59+00:00\",\"breadcrumb\":{\"@id\":\"https:\\\/\\\/cvinoticias.com\\\/v3\\\/sergio-massa-recibio-el-apoyo-de-la-cgt-y-se-pronuncio-a-favor-de-revalorizar-el-salario\\\/#breadcrumb\"},\"inLanguage\":\"es\",\"potentialAction\":[{\"@type\":\"ReadAction\",\"target\":[\"https:\\\/\\\/cvinoticias.com\\\/v3\\\/sergio-massa-recibio-el-apoyo-de-la-cgt-y-se-pronuncio-a-favor-de-revalorizar-el-salario\\\/\"]}]},{\"@type\":\"ImageObject\",\"inLanguage\":\"es\",\"@id\":\"https:\\\/\\\/cvinoticias.com\\\/v3\\\/sergio-massa-recibio-el-apoyo-de-la-cgt-y-se-pronuncio-a-favor-de-revalorizar-el-salario\\\/#primaryimage\",\"url\":\"https:\\\/\\\/cvinoticias.com\\\/wp-content\\\/uploads\\\/2023\\\/07\\\/cgt_massa.jpg_529145118.jpg\",\"contentUrl\":\"https:\\\/\\\/cvinoticias.com\\\/wp-content\\\/uploads\\\/2023\\\/07\\\/cgt_massa.jpg_529145118.jpg\",\"width\":368,\"height\":207},{\"@type\":\"BreadcrumbList\",\"@id\":\"https:\\\/\\\/cvinoticias.com\\\/v3\\\/sergio-massa-recibio-el-apoyo-de-la-cgt-y-se-pronuncio-a-favor-de-revalorizar-el-salario\\\/#breadcrumb\",\"itemListElement\":[{\"@type\":\"ListItem\",\"position\":1,\"name\":\"Portada\",\"item\":\"https:\\\/\\\/cvinoticias.com\\\/v3\\\/\"},{\"@type\":\"ListItem\",\"position\":2,\"name\":\"Sergio Massa recibi\u00f3 el apoyo de la CGT y se pronunci\u00f3 a favor de revalorizar el salario\"}]},{\"@type\":\"WebSite\",\"@id\":\"https:\\\/\\\/cvinoticias.com\\\/v3\\\/#website\",\"url\":\"https:\\\/\\\/cvinoticias.com\\\/v3\\\/\",\"name\":\"CVI NOTICIAS\",\"description\":\"\",\"publisher\":{\"@id\":\"https:\\\/\\\/cvinoticias.com\\\/v3\\\/#organization\"},\"alternateName\":\"CVI\",\"potentialAction\":[{\"@type\":\"SearchAction\",\"target\":{\"@type\":\"EntryPoint\",\"urlTemplate\":\"https:\\\/\\\/cvinoticias.com\\\/v3\\\/?s={search_term_string}\"},\"query-input\":{\"@type\":\"PropertyValueSpecification\",\"valueRequired\":true,\"valueName\":\"search_term_string\"}}],\"inLanguage\":\"es\"},{\"@type\":\"Organization\",\"@id\":\"https:\\\/\\\/cvinoticias.com\\\/v3\\\/#organization\",\"name\":\"CVI NOTICIAS\",\"url\":\"https:\\\/\\\/cvinoticias.com\\\/v3\\\/\",\"logo\":{\"@type\":\"ImageObject\",\"inLanguage\":\"es\",\"@id\":\"https:\\\/\\\/cvinoticias.com\\\/v3\\\/#\\\/schema\\\/logo\\\/image\\\/\",\"url\":\"https:\\\/\\\/cvinoticias.com\\\/wp-content\\\/uploads\\\/2023\\\/04\\\/cropped-cropped-cropped-cropped-cropped-3-1.png\",\"contentUrl\":\"https:\\\/\\\/cvinoticias.com\\\/wp-content\\\/uploads\\\/2023\\\/04\\\/cropped-cropped-cropped-cropped-cropped-3-1.png\",\"width\":95,\"height\":122,\"caption\":\"CVI NOTICIAS\"},\"image\":{\"@id\":\"https:\\\/\\\/cvinoticias.com\\\/v3\\\/#\\\/schema\\\/logo\\\/image\\\/\"},\"sameAs\":[\"https:\\\/\\\/www.facebook.com\\\/cvinoticias\",\"https:\\\/\\\/www.instagram.com\\\/cvinoticias\\\/\",\"https:\\\/\\\/www.youtube.com\\\/@CVINOTICIAS\"]},{\"@type\":\"Person\",\"@id\":\"https:\\\/\\\/cvinoticias.com\\\/v3\\\/#\\\/schema\\\/person\\\/2db77e3c6bc03c538495d7b2b8be9b66\",\"name\":\"f1000024\",\"image\":{\"@type\":\"ImageObject\",\"inLanguage\":\"es\",\"@id\":\"https:\\\/\\\/secure.gravatar.com\\\/avatar\\\/d4fe7459cfc51ff5129ce1a732bbef5928568b8092d412ef95611616376bbeed?s=96&d=mm&r=g\",\"url\":\"https:\\\/\\\/secure.gravatar.com\\\/avatar\\\/d4fe7459cfc51ff5129ce1a732bbef5928568b8092d412ef95611616376bbeed?s=96&d=mm&r=g\",\"contentUrl\":\"https:\\\/\\\/secure.gravatar.com\\\/avatar\\\/d4fe7459cfc51ff5129ce1a732bbef5928568b8092d412ef95611616376bbeed?s=96&d=mm&r=g\",\"caption\":\"f1000024\"},\"url\":\"https:\\\/\\\/cvinoticias.com\\\/v3\\\/author\\\/f1000024\\\/\"}]}<\/script>\n<!-- \/ Yoast SEO plugin. -->","yoast_head_json":{"title":"Sergio Massa recibi\u00f3 el apoyo de la CGT y se pronunci\u00f3 a favor de revalorizar el salario | CVI NOTICIAS","robots":{"index":"index","follow":"follow","max-snippet":"max-snippet:-1","max-image-preview":"max-image-preview:large","max-video-preview":"max-video-preview:-1"},"canonical":"https:\/\/cvinoticias.com\/v3\/sergio-massa-recibio-el-apoyo-de-la-cgt-y-se-pronuncio-a-favor-de-revalorizar-el-salario\/","og_locale":"es_ES","og_type":"article","og_title":"Sergio Massa recibi\u00f3 el apoyo de la CGT y se pronunci\u00f3 a favor de revalorizar el salario | CVI NOTICIAS","og_description":"El ministro de Econom\u00eda y precandidato presidencial por Uni\u00f3n por la Patria recibi\u00f3 el respaldo sindical para las pr\u00f3ximas elecciones en la sede de la central obrera junto a su compa\u00f1ero de f\u00f3rmula, Agust\u00edn Rossi. El ministro de Econom\u00eda y precandidato presidencial por Uni\u00f3n por la Patria (UxP), Sergio Massa, asegur\u00f3 que \u00abdefender el trabajo [&hellip;]","og_url":"https:\/\/cvinoticias.com\/v3\/sergio-massa-recibio-el-apoyo-de-la-cgt-y-se-pronuncio-a-favor-de-revalorizar-el-salario\/","og_site_name":"CVI NOTICIAS","article_publisher":"https:\/\/www.facebook.com\/cvinoticias","article_published_time":"2023-07-20T12:24:59+00:00","og_image":[{"width":368,"height":207,"url":"https:\/\/cvinoticias.com\/wp-content\/uploads\/2023\/07\/cgt_massa.jpg_529145118.jpg","type":"image\/jpeg"}],"author":"f1000024","twitter_card":"summary_large_image","twitter_misc":{"Escrito por":"f1000024","Tiempo de lectura":"2 minutos"},"schema":{"@context":"https:\/\/schema.org","@graph":[{"@type":"Article","@id":"https:\/\/cvinoticias.com\/v3\/sergio-massa-recibio-el-apoyo-de-la-cgt-y-se-pronuncio-a-favor-de-revalorizar-el-salario\/#article","isPartOf":{"@id":"https:\/\/cvinoticias.com\/v3\/sergio-massa-recibio-el-apoyo-de-la-cgt-y-se-pronuncio-a-favor-de-revalorizar-el-salario\/"},"author":{"name":"f1000024","@id":"https:\/\/cvinoticias.com\/v3\/#\/schema\/person\/2db77e3c6bc03c538495d7b2b8be9b66"},"headline":"Sergio Massa recibi\u00f3 el apoyo de la CGT y se pronunci\u00f3 a favor de revalorizar el salario","datePublished":"2023-07-20T12:24:59+00:00","mainEntityOfPage":{"@id":"https:\/\/cvinoticias.com\/v3\/sergio-massa-recibio-el-apoyo-de-la-cgt-y-se-pronuncio-a-favor-de-revalorizar-el-salario\/"},"wordCount":326,"commentCount":0,"publisher":{"@id":"https:\/\/cvinoticias.com\/v3\/#organization"},"image":{"@id":"https:\/\/cvinoticias.com\/v3\/sergio-massa-recibio-el-apoyo-de-la-cgt-y-se-pronuncio-a-favor-de-revalorizar-el-salario\/#primaryimage"},"thumbnailUrl":"https:\/\/cvinoticias.com\/wp-content\/uploads\/2023\/07\/cgt_massa.jpg_529145118.jpg","articleSection":["Nacionales"],"inLanguage":"es","potentialAction":[{"@type":"CommentAction","name":"Comment","target":["https:\/\/cvinoticias.com\/v3\/sergio-massa-recibio-el-apoyo-de-la-cgt-y-se-pronuncio-a-favor-de-revalorizar-el-salario\/#respond"]}]},{"@type":"WebPage","@id":"https:\/\/cvinoticias.com\/v3\/sergio-massa-recibio-el-apoyo-de-la-cgt-y-se-pronuncio-a-favor-de-revalorizar-el-salario\/","url":"https:\/\/cvinoticias.com\/v3\/sergio-massa-recibio-el-apoyo-de-la-cgt-y-se-pronuncio-a-favor-de-revalorizar-el-salario\/","name":"Sergio Massa recibi\u00f3 el apoyo de la CGT y se pronunci\u00f3 a favor de revalorizar el salario | CVI NOTICIAS","isPartOf":{"@id":"https:\/\/cvinoticias.com\/v3\/#website"},"primaryImageOfPage":{"@id":"https:\/\/cvinoticias.com\/v3\/sergio-massa-recibio-el-apoyo-de-la-cgt-y-se-pronuncio-a-favor-de-revalorizar-el-salario\/#primaryimage"},"image":{"@id":"https:\/\/cvinoticias.com\/v3\/sergio-massa-recibio-el-apoyo-de-la-cgt-y-se-pronuncio-a-favor-de-revalorizar-el-salario\/#primaryimage"},"thumbnailUrl":"https:\/\/cvinoticias.com\/wp-content\/uploads\/2023\/07\/cgt_massa.jpg_529145118.jpg","datePublished":"2023-07-20T12:24:59+00:00","breadcrumb":{"@id":"https:\/\/cvinoticias.com\/v3\/sergio-massa-recibio-el-apoyo-de-la-cgt-y-se-pronuncio-a-favor-de-revalorizar-el-salario\/#breadcrumb"},"inLanguage":"es","potentialAction":[{"@type":"ReadAction","target":["https:\/\/cvinoticias.com\/v3\/sergio-massa-recibio-el-apoyo-de-la-cgt-y-se-pronuncio-a-favor-de-revalorizar-el-salario\/"]}]},{"@type":"ImageObject","inLanguage":"es","@id":"https:\/\/cvinoticias.com\/v3\/sergio-massa-recibio-el-apoyo-de-la-cgt-y-se-pronuncio-a-favor-de-revalorizar-el-salario\/#primaryimage","url":"https:\/\/cvinoticias.com\/wp-content\/uploads\/2023\/07\/cgt_massa.jpg_529145118.jpg","contentUrl":"https:\/\/cvinoticias.com\/wp-content\/uploads\/2023\/07\/cgt_massa.jpg_529145118.jpg","width":368,"height":207},{"@type":"BreadcrumbList","@id":"https:\/\/cvinoticias.com\/v3\/sergio-massa-recibio-el-apoyo-de-la-cgt-y-se-pronuncio-a-favor-de-revalorizar-el-salario\/#breadcrumb","itemListElement":[{"@type":"ListItem","position":1,"name":"Portada","item":"https:\/\/cvinoticias.com\/v3\/"},{"@type":"ListItem","position":2,"name":"Sergio Massa recibi\u00f3 el apoyo de la CGT y se pronunci\u00f3 a favor de revalorizar el salario"}]},{"@type":"WebSite","@id":"https:\/\/cvinoticias.com\/v3\/#website","url":"https:\/\/cvinoticias.com\/v3\/","name":"CVI NOTICIAS","description":"","publisher":{"@id":"https:\/\/cvinoticias.com\/v3\/#organization"},"alternateName":"CVI","potentialAction":[{"@type":"SearchAction","target":{"@type":"EntryPoint","urlTemplate":"https:\/\/cvinoticias.com\/v3\/?s={search_term_string}"},"query-input":{"@type":"PropertyValueSpecification","valueRequired":true,"valueName":"search_term_string"}}],"inLanguage":"es"},{"@type":"Organization","@id":"https:\/\/cvinoticias.com\/v3\/#organization","name":"CVI NOTICIAS","url":"https:\/\/cvinoticias.com\/v3\/","logo":{"@type":"ImageObject","inLanguage":"es","@id":"https:\/\/cvinoticias.com\/v3\/#\/schema\/logo\/image\/","url":"https:\/\/cvinoticias.com\/wp-content\/uploads\/2023\/04\/cropped-cropped-cropped-cropped-cropped-3-1.png","contentUrl":"https:\/\/cvinoticias.com\/wp-content\/uploads\/2023\/04\/cropped-cropped-cropped-cropped-cropped-3-1.png","width":95,"height":122,"caption":"CVI NOTICIAS"},"image":{"@id":"https:\/\/cvinoticias.com\/v3\/#\/schema\/logo\/image\/"},"sameAs":["https:\/\/www.facebook.com\/cvinoticias","https:\/\/www.instagram.com\/cvinoticias\/","https:\/\/www.youtube.com\/@CVINOTICIAS"]},{"@type":"Person","@id":"https:\/\/cvinoticias.com\/v3\/#\/schema\/person\/2db77e3c6bc03c538495d7b2b8be9b66","name":"f1000024","image":{"@type":"ImageObject","inLanguage":"es","@id":"https:\/\/secure.gravatar.com\/avatar\/d4fe7459cfc51ff5129ce1a732bbef5928568b8092d412ef95611616376bbeed?s=96&d=mm&r=g","url":"https:\/\/secure.gravatar.com\/avatar\/d4fe7459cfc51ff5129ce1a732bbef5928568b8092d412ef95611616376bbeed?s=96&d=mm&r=g","contentUrl":"https:\/\/secure.gravatar.com\/avatar\/d4fe7459cfc51ff5129ce1a732bbef5928568b8092d412ef95611616376bbeed?s=96&d=mm&r=g","caption":"f1000024"},"url":"https:\/\/cvinoticias.com\/v3\/author\/f1000024\/"}]}},"_links":{"self":[{"href":"https:\/\/cvinoticias.com\/v3\/wp-json\/wp\/v2\/posts\/26423","targetHints":{"allow":["GET"]}}],"collection":[{"href":"https:\/\/cvinoticias.com\/v3\/wp-json\/wp\/v2\/posts"}],"about":[{"href":"https:\/\/cvinoticias.com\/v3\/wp-json\/wp\/v2\/types\/post"}],"author":[{"embeddable":true,"href":"https:\/\/cvinoticias.com\/v3\/wp-json\/wp\/v2\/users\/2"}],"replies":[{"embeddable":true,"href":"https:\/\/cvinoticias.com\/v3\/wp-json\/wp\/v2\/comments?post=26423"}],"version-history":[{"count":1,"href":"https:\/\/cvinoticias.com\/v3\/wp-json\/wp\/v2\/posts\/26423\/revisions"}],"predecessor-version":[{"id":26425,"href":"https:\/\/cvinoticias.com\/v3\/wp-json\/wp\/v2\/posts\/26423\/revisions\/26425"}],"wp:featuredmedia":[{"embeddable":true,"href":"https:\/\/cvinoticias.com\/v3\/wp-json\/wp\/v2\/media\/26424"}],"wp:attachment":[{"href":"https:\/\/cvinoticias.com\/v3\/wp-json\/wp\/v2\/media?parent=26423"}],"wp:term":[{"taxonomy":"category","embeddable":true,"href":"https:\/\/cvinoticias.com\/v3\/wp-json\/wp\/v2\/categories?post=26423"},{"taxonomy":"post_tag","embeddable":true,"href":"https:\/\/cvinoticias.com\/v3\/wp-json\/wp\/v2\/tags?post=26423"}],"curies":[{"name":"wp","href":"https:\/\/api.w.org\/{rel}","templated":true}]}}